{"id":13074,"date":"2015-07-30T19:00:25","date_gmt":"2015-07-30T22:00:25","guid":{"rendered":"http:\/\/patagoniambiental.com.ar\/?p=13074"},"modified":"2015-07-30T19:00:25","modified_gmt":"2015-07-30T22:00:25","slug":"entrevista-para-mining-press-a-roberto-tronelli","status":"publish","type":"post","link":"https:\/\/patagoniambiental.com.ar\/info\/entrevista-para-mining-press-a-roberto-tronelli\/","title":{"rendered":"Entrevista para Mining Press a Roberto Tronelli"},"content":{"rendered":"<p>Por Mining Press.-Esta entrevista nos fue enviada por Roberto Tronelli, Delegado del Colegio Argentino de Ingenieros de Minas, en la Provincia de R\u00edo Negro. Fue realizada para Mining Press en el a\u00f1o 2012 pero mantiene vigencia en sus temas.<!--more--><\/p>\n<p><strong>1- Recientemente, en la provincia de R\u00edo Negro se elev\u00f3 un proyecto de ley para la prohibici\u00f3n de la actividad minera metal\u00edfera a cielo abierto que requiera la utilizaci\u00f3n de cianuro y\/o mercurio, para lo cual Ud. fue consultado. \u00bfCu\u00e1l es su opini\u00f3n al respecto? \u00bfConsidera que el informe presentado dar\u00e1 fin a este tipo de discusiones?<\/strong> Realmente, al leer el proyecto de ley que me remitiera las autoridades de la Legislatura de R\u00edo Negro para que emitiese opini\u00f3n como Delegado del CADIM en la provincia, el primer sentimiento fue de amargura, y no porque era un tema que pudiera afectar al sector minero sino por la desastrosa calidad de la t\u00e9cnica legislativa del proyecto, que hab\u00eda emanado de un oficialmente denominado \u201crepresentante del Pueblo\u201d. El articulado demostraba el total desconocimiento sobre lo que estaba legislando y las argumentaciones evidenciaban que fundamentalmente el problema no era el uso del cianuro sino una concepci\u00f3n pol\u00edtica sobre las regulaciones vigentes para el sector minero. Mi opini\u00f3n fue desarrollada en su momento en un expenso informe, avalado por las autoridades del CADIM, en el que trat\u00e9 de poner claramente de manifiesto que el tratamiento con cianuro era ambientalmente factible de utilizar, comenzando para una mayor claridad con una pregunta que dec\u00eda: \u201c\u00bfPuede usarse el cianuro y la lixiviaci\u00f3n de los minerales con cianuro en forma segura para el ambiente y las personas?\u201d Contestando seguidamente con:, \u201cS\u00ed, t\u00e9cnicamente hay maneras de utilizarlo en forma segura para el ambiente y las personas.\u201d En ello trat\u00e9 de resumir lo que la t\u00e9cnica y experiencia nos dicta a los Ingenieros de Minas sobre tal asunto. Dicha aseveraci\u00f3n fue apoyada a lo largo del informe por un desarrollo t\u00e9cnico sobre el cianuro y las t\u00e9cnicas de su uso en miner\u00eda. Un desarrollo minero en la \u00e9poca actual, en la cual surge con m\u00e1s fuerza la necesidad de una sociedad organizada y solidaria, debe estar basado en la existencia de objetivos comunes y nexo adecuado entre comunidad, empresa minera y autoridades. Y por otra parte es una falacia creer que por la negligencia y voracidad de algunos puede echar por tierra el desarrollo de una comunidad a trav\u00e9s de la actividad minera. Sobre ello cabe la frase del fil\u00f3sofo y estadista Tomas Moro: \u201c&#8230; pero el abuso no puede abolir el uso: Una conveniencia no debe ser evitada por los da\u00f1os que puedan surgir de ella (por la irresponsabilidad de los actores).\u201d Por \u00faltimo en el informe expresaba mis felicitaciones a la comisi\u00f3n de la legislatura por haber realizado el pedido de opini\u00f3n a nuestro colegio profesional, pues creo firmemente que una sociedad organizada echa mano a todos los recursos que forma y que necesariamente debe apoyarse en cada caso en la ciencia que trate la tem\u00e1tica atendida por las regulaciones proyectadas. Puesto que es necesaria la cuota de verdad que el conocimiento humano posee para ponerla a disposici\u00f3n de los que tienen la responsabilidad de legislar, para que la ley se base en el conocimiento m\u00e1s probable hasta ese momento y la regulaci\u00f3n sea la mejor posible a la fecha de legislar.<\/p>\n<p><strong>2- Si bien esta fue una buena medida del gobierno, de consultar a profesionales del \u00e1rea, \u00bfcree que es suficiente para despejar las dudas que tiene la comunidad?<\/strong> Lamentablemente debo decir que \u00a1en absoluto!. Pues si bien sirvi\u00f3 para que la legislatura encontrara suficientes argumentos como para desestimar y archivar el proyecto de ley, mis experiencias realizadas como consultor independiente contratado por las autoridades provinciales para dictar conferencias con debate, para esclarecer a los pobladores sobre esta tem\u00e1tica, en especial a los ganaderos, en la zona central de la provincia, en la que en la actualidad se est\u00e1n desarrollando exploraciones por oro, me demostr\u00f3 que el m\u00e1s grave problema con el que nos enfrentamos es el de la alt\u00edsima cuota de desconfianza hacia la capacidad de control ambiental que pueda ejercer el Estado sobre las exploraciones mineras que recupera sus contenidos valiosos con cianuro.<\/p>\n<p><strong>3- En el caso de Esquel, adem\u00e1s de un tema pol\u00edtico donde las autoridades se volcaron solo a escuchar a los del No, la falta de informaci\u00f3n fue un tema crucial. \u00bfCu\u00e1l es su opini\u00f3n al respecto?<\/strong> El hablar con los del NO o con los del SI, hace emerger otra actitud que a mi juicio est\u00e1 perjudicando la b\u00fasqueda de la verdad en este tema. Se ha ca\u00eddo en una actitud maniqu\u00e9a, el dios del mal contra el dios del bien, que no conduce a nada. Los que creemos que puede hacerse miner\u00eda compatibilizando su accionar con la sustentabilidad de las dem\u00e1s actividades y la vida, debemos comunicarlo desapasionadamente, mostrando la factibilidad t\u00e9cnica de realizarlo, los planes ambientales para conducirlo, la factibilidad de control y participaci\u00f3n, la existencia de planes de contingencia de riesgos con alertas tempranas, los planes de remediaci\u00f3n y de atenci\u00f3n al cierre de los emprendimientos mineros. Creo que la falta de toda esta informaci\u00f3n fue uno de los temas de gran importancia. El conocer y entender son elementos esenciales para relacionarse y desarrollar cualquier acci\u00f3n humana<\/p>\n<p><strong>4- \u00bfQu\u00e9 parte de responsabilidad tienen las empresas mineras, el Estado Nacional y las provincias?<\/strong> Lamentablemente creo que las empresas mineras poseen una carga de responsabilidad importante por la incomunicaci\u00f3n o comunicaci\u00f3n no adecuada con la comunidad. Una empresa minera en los actuales tiempos debe de transparentar sus acciones a la comunidad donde desarrolla sus tareas desde el momento que instala sus actividades, haciendo hincapi\u00e9 que su accionar, adem\u00e1s de tener un r\u00e9dito para ella tiene fuertes implicancias ben\u00e9ficas para la comunidad, y que su accionar contempla responsablemente el antes, el durante la explotaci\u00f3n y el despu\u00e9s del cierre. Aqu\u00ed aparece la importancia de lo qu\u00e9 se informa y de qui\u00e9n lo informa; esto \u00faltimo es de alt\u00edsima importancia. Un mal comunicador ha provocado y provoca da\u00f1os extremadamente dif\u00edciles de revertir. Estas actitudes de las empresas proveen de un valioso material a los que se muestran \u201cextremistas\u201d (por causas no siempre santas) contrarios a la actividad minera, que irresponsablemente, pues no se hacen cargo de asumir las consecuencias de sus dichos, conduce a personas mal informadas pero bien intencionadas a reaccionar cuasi hist\u00e9ricamente peticionando ante las autoridades para que prohiban la actividad. Con respeto a las autoridades, caemos en un hecho com\u00fan, que esperamos, deseamos y trabajamos para que revierta, no cumplen con sus obligaciones y con ser fiables para la comunidad. Se debe tomar como una Pol\u00edtica de Estado el hecho de formar dentro de las estructuras del estado cuadros profesionales capaces y cohesionados, financiados con fondos provenientes de las mismas empresas a las que se auditen, capaces de ejercer el control ambiental minero. Estas pocas palabras quieren poner en evidencia la falta de decisi\u00f3n pol\u00edtica que existen en los gobiernos tanto provinciales como en el nacional de ejercer la autoridad m\u00e1s all\u00e1 de las conveniencias pol\u00edticas del momento. Debe recuperarse el Estado en el que los t\u00e9cnicos de un \u00e1rea eran v\u00e1lidas contrapartes y a la vez estaban al servicio del desarrollo de la actividad privada.<\/p>\n<p><strong>5- La semana pasada, un informe poco inteligente del programa CQC se refiri\u00f3 a Jacobacci. \u00bfC\u00f3mo se contrarresta este peso en la informaci\u00f3n que se transmite por los medios masivos, ya que no solo se habla del cianuro y el efecto sobre el medio ambiente, sino de las empresas \u201cque vienen a llevarse las riquezas argentinas\u201d?<\/strong> El \u00fanico medio es la comunicaci\u00f3n desapasionada y veraz en los t\u00e9rminos que expuse en su tercer pregunta y que los estados provinciales y el nacional asuma plenamente su rol y tome acciones que reviertan su falta de credibilidad en el seno de las comunidades.<\/p>\n<p><strong>6- En pocas palabras, \u00bfpodr\u00eda explicar como trabaja la miner\u00eda moderna y el tratamiento con cianuro?<\/strong> Creo que en lugar de hablar de miner\u00eda moderna hay que hablar de miner\u00eda m\u00e1s adecuada, que es la que resguardando al hombre, el recurso y el ambiente es la m\u00e1s econ\u00f3mica. El cianuro es la sustancia qu\u00edmica m\u00e1s apta en la actualidad para la recuperaci\u00f3n del oro y la plata y la tecnolog\u00eda que se aplica es la m\u00e1s adecuada, por lo que su uso responsable y controlado cumple con las premisas vistas.<\/p>\n<p><strong>7- Entre otros argumentos, los autoconvocados mencionan que la miner\u00eda est\u00e1 prohibida en otras partes del mundo. \u00bfCu\u00e1les son estas zonas y por qu\u00e9?<\/strong> La miner\u00eda no est\u00e1 prohibida en ning\u00fan lugar del mundo, lo que se prohibe son las actividades sin la edecuada tecnolog\u00eda, sistematizaci\u00f3n y control. No es la actividad el problema sino los actores que forman parte de la obra.<\/p>\n<p>8- <strong>Para finalizar, \u00bfCu\u00e1l es su visi\u00f3n a futuro del desarrollo minero, no solo en la provincia, sino en todas las regiones mineras?<\/strong> Creo que la miner\u00eda aparece como un factor de desarrollo de actividades no tradicionales que potenciar\u00e1 las que ya de a\u00f1os desarrolla nuestro pa\u00eds en otros sectores, logrando aumentar la diversificaci\u00f3n de los recursos, aumentando la estabilidad del sistema econ\u00f3mico y la creaci\u00f3n de riqueza. Esto pondr\u00e1 en manos de los organismos de nuestra sociedad organizada, la responsabilidad de elaborar las regulaciones adecuadas para que la distribuci\u00f3n de ese aumento de la riqueza alcance a todos los habitantes de nuestro pa\u00eds. Deber\u00edamos agradecer a Dios el habernos dado un pa\u00eds con tantos recursos y rogarle para que dirija el criterio de todos a apoyar el bien com\u00fan.<\/p>\n<p>Fuente: Mining Press<\/p>\n","protected":false},"excerpt":{"rendered":"<p>Por Mining Press.-Esta entrevista nos fue enviada por Roberto Tronelli, Delegado del Colegio Argentino de Ingenieros de Minas, en la [&hellip;]<\/p>\n","protected":false},"author":2,"featured_media":10978,"comment_status":"closed","ping_status":"closed","sticky":false,"template":"","format":"standard","meta":{"site-sidebar-layout":"default","site-content-layout":"","ast-site-content-layout":"default","site-content-style":"default","site-sidebar-style":"default","ast-global-header-display":"","ast-banner-title-visibility":"","ast-main-header-display":"","ast-hfb-above-header-display":"","ast-hfb-below-header-display":"","ast-hfb-mobile-header-display":"","site-post-title":"","ast-breadcrumbs-content":"","ast-featured-img":"","footer-sml-layout":"","ast-disable-related-posts":"","theme-transparent-header-meta":"","adv-header-id-meta":"","stick-header-meta":"","header-above-stick-meta":"","header-main-stick-meta":"","header-below-stick-meta":"","astra-migrate-meta-layouts":"default","ast-page-background-enabled":"default","ast-page-background-meta":{"desktop":{"background-color":"var(--ast-global-color-5)","background-image":"","background-repeat":"repeat","background-position":"center center","background-size":"auto","background-attachment":"scroll","background-type":"","background-media":"","overlay-type":"","overlay-color":"","overlay-opacity":"","overlay-gradient":""},"tablet":{"background-color":"","background-image":"","background-repeat":"repeat","background-position":"center center","background-size":"auto","background-attachment":"scroll","background-type":"","background-media":"","overlay-type":"","overlay-color":"","overlay-opacity":"","overlay-gradient":""},"mobile":{"background-color":"","background-image":"","background-repeat":"repeat","background-position":"center center","background-size":"auto","background-attachment":"scroll","background-type":"","background-media":"","overlay-type":"","overlay-color":"","overlay-opacity":"","overlay-gradient":""}},"ast-content-background-meta":{"desktop":{"background-color":"var(--ast-global-color-4)","background-image":"","background-repeat":"repeat","background-position":"center center","background-size":"auto","background-attachment":"scroll","background-type":"","background-media":"","overlay-type":"","overlay-color":"","overlay-opacity":"","overlay-gradient":""},"tablet":{"background-color":"var(--ast-global-color-4)","background-image":"","background-repeat":"repeat","background-position":"center center","background-size":"auto","background-attachment":"scroll","background-type":"","background-media":"","overlay-type":"","overlay-color":"","overlay-opacity":"","overlay-gradient":""},"mobile":{"background-color":"var(--ast-global-color-4)","background-image":"","background-repeat":"repeat","background-position":"center center","background-size":"auto","background-attachment":"scroll","background-type":"","background-media":"","overlay-type":"","overlay-color":"","overlay-opacity":"","overlay-gradient":""}},"footnotes":""},"categories":[53,1],"tags":[],"class_list":["post-13074","post","type-post","status-publish","format-standard","has-post-thumbnail","hentry","category-general","category-noticias"],"yoast_head":"<!-- This site is optimized with the Yoast SEO Premium plugin v23.0 (Yoast SEO v27.4) - https:\/\/yoast.com\/product\/yoast-seo-premium-wordpress\/ -->\n<title>Entrevista para Mining Press a Roberto Tronelli<\/title>\n<meta name=\"robots\" content=\"index, follow, max-snippet:-1, max-image-preview:large, max-video-preview:-1\" \/>\n<link rel=\"canonical\" href=\"https:\/\/patagoniambiental.com.ar\/info\/entrevista-para-mining-press-a-roberto-tronelli\/\" \/>\n<meta property=\"og:locale\" content=\"es_ES\" \/>\n<meta property=\"og:type\" content=\"article\" \/>\n<meta property=\"og:title\" content=\"Entrevista para Mining Press a Roberto Tronelli\" \/>\n<meta property=\"og:description\" content=\"Por Mining Press.-Esta entrevista nos fue enviada por Roberto Tronelli, Delegado del Colegio Argentino de Ingenieros de Minas, en la [&hellip;]\" \/>\n<meta property=\"og:url\" content=\"https:\/\/patagoniambiental.com.ar\/info\/entrevista-para-mining-press-a-roberto-tronelli\/\" \/>\n<meta property=\"og:site_name\" content=\"Patagonia Ambiental\" \/>\n<meta property=\"article:publisher\" content=\"https:\/\/www.facebook.com\/patagonia.ambiental\" \/>\n<meta property=\"article:author\" content=\"https:\/\/www.facebook.com\/share\/1C1V8Gv9BX\/?mibextid=qi2Omg\" \/>\n<meta property=\"article:published_time\" content=\"2015-07-30T22:00:25+00:00\" \/>\n<meta name=\"author\" content=\"Patagonia Ambiental\" \/>\n<meta name=\"twitter:card\" content=\"summary_large_image\" \/>\n<meta name=\"twitter:creator\" content=\"@PatAmb\" \/>\n<meta name=\"twitter:site\" content=\"@PatAmb\" \/>\n<script type=\"application\/ld+json\" class=\"yoast-schema-graph\">{\"@context\":\"https:\\\/\\\/schema.org\",\"@graph\":[{\"@type\":\"Article\",\"@id\":\"https:\\\/\\\/patagoniambiental.com.ar\\\/info\\\/entrevista-para-mining-press-a-roberto-tronelli\\\/#article\",\"isPartOf\":{\"@id\":\"https:\\\/\\\/patagoniambiental.com.ar\\\/info\\\/entrevista-para-mining-press-a-roberto-tronelli\\\/\"},\"author\":{\"name\":\"Patagonia Ambiental\",\"@id\":\"https:\\\/\\\/patagoniambiental.com.ar\\\/info\\\/#\\\/schema\\\/person\\\/db12bff64bbcbf6a253710bf0ea37b5d\"},\"headline\":\"Entrevista para Mining Press a Roberto Tronelli\",\"datePublished\":\"2015-07-30T22:00:25+00:00\",\"mainEntityOfPage\":{\"@id\":\"https:\\\/\\\/patagoniambiental.com.ar\\\/info\\\/entrevista-para-mining-press-a-roberto-tronelli\\\/\"},\"wordCount\":1708,\"publisher\":{\"@id\":\"https:\\\/\\\/patagoniambiental.com.ar\\\/info\\\/#organization\"},\"image\":{\"@id\":\"https:\\\/\\\/patagoniambiental.com.ar\\\/info\\\/entrevista-para-mining-press-a-roberto-tronelli\\\/#primaryimage\"},\"thumbnailUrl\":\"\",\"articleSection\":[\"General\",\"Noticias\"],\"inLanguage\":\"es\"},{\"@type\":\"WebPage\",\"@id\":\"https:\\\/\\\/patagoniambiental.com.ar\\\/info\\\/entrevista-para-mining-press-a-roberto-tronelli\\\/\",\"url\":\"https:\\\/\\\/patagoniambiental.com.ar\\\/info\\\/entrevista-para-mining-press-a-roberto-tronelli\\\/\",\"name\":\"Entrevista para Mining Press a Roberto Tronelli\",\"isPartOf\":{\"@id\":\"https:\\\/\\\/patagoniambiental.com.ar\\\/info\\\/#website\"},\"primaryImageOfPage\":{\"@id\":\"https:\\\/\\\/patagoniambiental.com.ar\\\/info\\\/entrevista-para-mining-press-a-roberto-tronelli\\\/#primaryimage\"},\"image\":{\"@id\":\"https:\\\/\\\/patagoniambiental.com.ar\\\/info\\\/entrevista-para-mining-press-a-roberto-tronelli\\\/#primaryimage\"},\"thumbnailUrl\":\"\",\"datePublished\":\"2015-07-30T22:00:25+00:00\",\"breadcrumb\":{\"@id\":\"https:\\\/\\\/patagoniambiental.com.ar\\\/info\\\/entrevista-para-mining-press-a-roberto-tronelli\\\/#breadcrumb\"},\"inLanguage\":\"es\",\"potentialAction\":[{\"@type\":\"ReadAction\",\"target\":[\"https:\\\/\\\/patagoniambiental.com.ar\\\/info\\\/entrevista-para-mining-press-a-roberto-tronelli\\\/\"]}]},{\"@type\":\"ImageObject\",\"inLanguage\":\"es\",\"@id\":\"https:\\\/\\\/patagoniambiental.com.ar\\\/info\\\/entrevista-para-mining-press-a-roberto-tronelli\\\/#primaryimage\",\"url\":\"\",\"contentUrl\":\"\"},{\"@type\":\"BreadcrumbList\",\"@id\":\"https:\\\/\\\/patagoniambiental.com.ar\\\/info\\\/entrevista-para-mining-press-a-roberto-tronelli\\\/#breadcrumb\",\"itemListElement\":[{\"@type\":\"ListItem\",\"position\":1,\"name\":\"Inicio\",\"item\":\"https:\\\/\\\/patagoniambiental.com.ar\\\/info\\\/\"},{\"@type\":\"ListItem\",\"position\":2,\"name\":\"Entrevista para Mining Press a Roberto Tronelli\"}]},{\"@type\":\"WebSite\",\"@id\":\"https:\\\/\\\/patagoniambiental.com.ar\\\/info\\\/#website\",\"url\":\"https:\\\/\\\/patagoniambiental.com.ar\\\/info\\\/\",\"name\":\"Patagonia Ambiental\",\"description\":\"Monitoreo y an\u00e1lisis de la situaci\u00f3n geopol\u00edtica en el mundo y su implicancia en la Patagonia\",\"publisher\":{\"@id\":\"https:\\\/\\\/patagoniambiental.com.ar\\\/info\\\/#organization\"},\"potentialAction\":[{\"@type\":\"SearchAction\",\"target\":{\"@type\":\"EntryPoint\",\"urlTemplate\":\"https:\\\/\\\/patagoniambiental.com.ar\\\/info\\\/?s={search_term_string}\"},\"query-input\":{\"@type\":\"PropertyValueSpecification\",\"valueRequired\":true,\"valueName\":\"search_term_string\"}}],\"inLanguage\":\"es\"},{\"@type\":\"Organization\",\"@id\":\"https:\\\/\\\/patagoniambiental.com.ar\\\/info\\\/#organization\",\"name\":\"Patagonia Ambiental\",\"url\":\"https:\\\/\\\/patagoniambiental.com.ar\\\/info\\\/\",\"logo\":{\"@type\":\"ImageObject\",\"inLanguage\":\"es\",\"@id\":\"https:\\\/\\\/patagoniambiental.com.ar\\\/info\\\/#\\\/schema\\\/logo\\\/image\\\/\",\"url\":\"https:\\\/\\\/patagoniambiental.com.ar\\\/info\\\/wp-content\\\/uploads\\\/2025\\\/05\\\/LOGO-PATAGONIA-AMBIENTAL.png\",\"contentUrl\":\"https:\\\/\\\/patagoniambiental.com.ar\\\/info\\\/wp-content\\\/uploads\\\/2025\\\/05\\\/LOGO-PATAGONIA-AMBIENTAL.png\",\"width\":433,\"height\":250,\"caption\":\"Patagonia Ambiental\"},\"image\":{\"@id\":\"https:\\\/\\\/patagoniambiental.com.ar\\\/info\\\/#\\\/schema\\\/logo\\\/image\\\/\"},\"sameAs\":[\"https:\\\/\\\/www.facebook.com\\\/patagonia.ambiental\",\"https:\\\/\\\/x.com\\\/PatAmb\"]},{\"@type\":\"Person\",\"@id\":\"https:\\\/\\\/patagoniambiental.com.ar\\\/info\\\/#\\\/schema\\\/person\\\/db12bff64bbcbf6a253710bf0ea37b5d\",\"name\":\"Patagonia Ambiental\",\"description\":\"Andr\u00e9s Nievas T\u00e9cnico en manejo ambiental, consultor Ambiental y escritor para medios locales e internacionales sobre temas de geopolitica y medio ambiente.\",\"sameAs\":[\"http:\\\/\\\/www.patagoniambiental.com.ar\",\"https:\\\/\\\/www.facebook.com\\\/share\\\/1C1V8Gv9BX\\\/?mibextid=qi2Omg\",\"@patagoniambiental\",\"https:\\\/\\\/youtube.com\\\/@patagoniaambiental2023?si=BLt58t0wuXquxlYZ\"]}]}<\/script>\n<!-- \/ Yoast SEO Premium plugin. -->","yoast_head_json":{"title":"Entrevista para Mining Press a Roberto Tronelli","robots":{"index":"index","follow":"follow","max-snippet":"max-snippet:-1","max-image-preview":"max-image-preview:large","max-video-preview":"max-video-preview:-1"},"canonical":"https:\/\/patagoniambiental.com.ar\/info\/entrevista-para-mining-press-a-roberto-tronelli\/","og_locale":"es_ES","og_type":"article","og_title":"Entrevista para Mining Press a Roberto Tronelli","og_description":"Por Mining Press.-Esta entrevista nos fue enviada por Roberto Tronelli, Delegado del Colegio Argentino de Ingenieros de Minas, en la [&hellip;]","og_url":"https:\/\/patagoniambiental.com.ar\/info\/entrevista-para-mining-press-a-roberto-tronelli\/","og_site_name":"Patagonia Ambiental","article_publisher":"https:\/\/www.facebook.com\/patagonia.ambiental","article_author":"https:\/\/www.facebook.com\/share\/1C1V8Gv9BX\/?mibextid=qi2Omg","article_published_time":"2015-07-30T22:00:25+00:00","author":"Patagonia Ambiental","twitter_card":"summary_large_image","twitter_creator":"@PatAmb","twitter_site":"@PatAmb","schema":{"@context":"https:\/\/schema.org","@graph":[{"@type":"Article","@id":"https:\/\/patagoniambiental.com.ar\/info\/entrevista-para-mining-press-a-roberto-tronelli\/#article","isPartOf":{"@id":"https:\/\/patagoniambiental.com.ar\/info\/entrevista-para-mining-press-a-roberto-tronelli\/"},"author":{"name":"Patagonia Ambiental","@id":"https:\/\/patagoniambiental.com.ar\/info\/#\/schema\/person\/db12bff64bbcbf6a253710bf0ea37b5d"},"headline":"Entrevista para Mining Press a Roberto Tronelli","datePublished":"2015-07-30T22:00:25+00:00","mainEntityOfPage":{"@id":"https:\/\/patagoniambiental.com.ar\/info\/entrevista-para-mining-press-a-roberto-tronelli\/"},"wordCount":1708,"publisher":{"@id":"https:\/\/patagoniambiental.com.ar\/info\/#organization"},"image":{"@id":"https:\/\/patagoniambiental.com.ar\/info\/entrevista-para-mining-press-a-roberto-tronelli\/#primaryimage"},"thumbnailUrl":"","articleSection":["General","Noticias"],"inLanguage":"es"},{"@type":"WebPage","@id":"https:\/\/patagoniambiental.com.ar\/info\/entrevista-para-mining-press-a-roberto-tronelli\/","url":"https:\/\/patagoniambiental.com.ar\/info\/entrevista-para-mining-press-a-roberto-tronelli\/","name":"Entrevista para Mining Press a Roberto Tronelli","isPartOf":{"@id":"https:\/\/patagoniambiental.com.ar\/info\/#website"},"primaryImageOfPage":{"@id":"https:\/\/patagoniambiental.com.ar\/info\/entrevista-para-mining-press-a-roberto-tronelli\/#primaryimage"},"image":{"@id":"https:\/\/patagoniambiental.com.ar\/info\/entrevista-para-mining-press-a-roberto-tronelli\/#primaryimage"},"thumbnailUrl":"","datePublished":"2015-07-30T22:00:25+00:00","breadcrumb":{"@id":"https:\/\/patagoniambiental.com.ar\/info\/entrevista-para-mining-press-a-roberto-tronelli\/#breadcrumb"},"inLanguage":"es","potentialAction":[{"@type":"ReadAction","target":["https:\/\/patagoniambiental.com.ar\/info\/entrevista-para-mining-press-a-roberto-tronelli\/"]}]},{"@type":"ImageObject","inLanguage":"es","@id":"https:\/\/patagoniambiental.com.ar\/info\/entrevista-para-mining-press-a-roberto-tronelli\/#primaryimage","url":"","contentUrl":""},{"@type":"BreadcrumbList","@id":"https:\/\/patagoniambiental.com.ar\/info\/entrevista-para-mining-press-a-roberto-tronelli\/#breadcrumb","itemListElement":[{"@type":"ListItem","position":1,"name":"Inicio","item":"https:\/\/patagoniambiental.com.ar\/info\/"},{"@type":"ListItem","position":2,"name":"Entrevista para Mining Press a Roberto Tronelli"}]},{"@type":"WebSite","@id":"https:\/\/patagoniambiental.com.ar\/info\/#website","url":"https:\/\/patagoniambiental.com.ar\/info\/","name":"Patagonia Ambiental","description":"Monitoreo y an\u00e1lisis de la situaci\u00f3n geopol\u00edtica en el mundo y su implicancia en la Patagonia","publisher":{"@id":"https:\/\/patagoniambiental.com.ar\/info\/#organization"},"potentialAction":[{"@type":"SearchAction","target":{"@type":"EntryPoint","urlTemplate":"https:\/\/patagoniambiental.com.ar\/info\/?s={search_term_string}"},"query-input":{"@type":"PropertyValueSpecification","valueRequired":true,"valueName":"search_term_string"}}],"inLanguage":"es"},{"@type":"Organization","@id":"https:\/\/patagoniambiental.com.ar\/info\/#organization","name":"Patagonia Ambiental","url":"https:\/\/patagoniambiental.com.ar\/info\/","logo":{"@type":"ImageObject","inLanguage":"es","@id":"https:\/\/patagoniambiental.com.ar\/info\/#\/schema\/logo\/image\/","url":"https:\/\/patagoniambiental.com.ar\/info\/wp-content\/uploads\/2025\/05\/LOGO-PATAGONIA-AMBIENTAL.png","contentUrl":"https:\/\/patagoniambiental.com.ar\/info\/wp-content\/uploads\/2025\/05\/LOGO-PATAGONIA-AMBIENTAL.png","width":433,"height":250,"caption":"Patagonia Ambiental"},"image":{"@id":"https:\/\/patagoniambiental.com.ar\/info\/#\/schema\/logo\/image\/"},"sameAs":["https:\/\/www.facebook.com\/patagonia.ambiental","https:\/\/x.com\/PatAmb"]},{"@type":"Person","@id":"https:\/\/patagoniambiental.com.ar\/info\/#\/schema\/person\/db12bff64bbcbf6a253710bf0ea37b5d","name":"Patagonia Ambiental","description":"Andr\u00e9s Nievas T\u00e9cnico en manejo ambiental, consultor Ambiental y escritor para medios locales e internacionales sobre temas de geopolitica y medio ambiente.","sameAs":["http:\/\/www.patagoniambiental.com.ar","https:\/\/www.facebook.com\/share\/1C1V8Gv9BX\/?mibextid=qi2Omg","@patagoniambiental","https:\/\/youtube.com\/@patagoniaambiental2023?si=BLt58t0wuXquxlYZ"]}]}},"_links":{"self":[{"href":"https:\/\/patagoniambiental.com.ar\/info\/wp-json\/wp\/v2\/posts\/13074","targetHints":{"allow":["GET"]}}],"collection":[{"href":"https:\/\/patagoniambiental.com.ar\/info\/wp-json\/wp\/v2\/posts"}],"about":[{"href":"https:\/\/patagoniambiental.com.ar\/info\/wp-json\/wp\/v2\/types\/post"}],"author":[{"embeddable":true,"href":"https:\/\/patagoniambiental.com.ar\/info\/wp-json\/wp\/v2\/users\/2"}],"replies":[{"embeddable":true,"href":"https:\/\/patagoniambiental.com.ar\/info\/wp-json\/wp\/v2\/comments?post=13074"}],"version-history":[{"count":0,"href":"https:\/\/patagoniambiental.com.ar\/info\/wp-json\/wp\/v2\/posts\/13074\/revisions"}],"wp:featuredmedia":[{"embeddable":true,"href":"https:\/\/patagoniambiental.com.ar\/info\/wp-json\/"}],"wp:attachment":[{"href":"https:\/\/patagoniambiental.com.ar\/info\/wp-json\/wp\/v2\/media?parent=13074"}],"wp:term":[{"taxonomy":"category","embeddable":true,"href":"https:\/\/patagoniambiental.com.ar\/info\/wp-json\/wp\/v2\/categories?post=13074"},{"taxonomy":"post_tag","embeddable":true,"href":"https:\/\/patagoniambiental.com.ar\/info\/wp-json\/wp\/v2\/tags?post=13074"}],"curies":[{"name":"wp","href":"https:\/\/api.w.org\/{rel}","templated":true}]}}