{"id":13084,"date":"2015-07-30T19:00:54","date_gmt":"2015-07-30T22:00:54","guid":{"rendered":"http:\/\/patagoniambiental.com.ar\/?p=13084"},"modified":"2015-07-30T19:00:54","modified_gmt":"2015-07-30T22:00:54","slug":"el-bosque-nativo-como-motor-de-expresion-artistica","status":"publish","type":"post","link":"https:\/\/patagoniambiental.com.ar\/info\/el-bosque-nativo-como-motor-de-expresion-artistica\/","title":{"rendered":"El Bosque Nativo como motor de expresi\u00f3n art\u00edstica"},"content":{"rendered":"<p><span style=\"font-family: Arial;\"><strong>Neuqu\u00e9n.-La Direcci\u00f3n de Bosque Nativo de la Provincia lanza el <i>I Concurso de Fotograf\u00eda sobre los bosques nativos neuquinos \u00abEl bosque adentro\u00bb<\/i>. <\/strong><\/span><!--more--><\/p>\n<p class=\"western\" align=\"justify\"><span style=\"font-family: Arial, serif;\">La iniciativa busca <\/span><span style=\"color: #000000;\"><span style=\"font-family: Arial, serif;\">promover actitudes relacionadas con el cuidado del medio ambiente y la conservaci\u00f3n del bosque nativo, y <\/span><\/span><span style=\"color: #000000;\"><span style=\"font-family: Arial, serif;\">generar una mirada original y sensitiva que capte y exprese la diversidad y belleza de los bosques, y que documente la importancia social y ambiental que \u00e9stos significan para nuestra existencia. <\/span><\/span><\/p>\n<p class=\"western\" align=\"justify\"><span style=\"font-family: Arial, serif;\">La actividad se enmarca en la <\/span><span style=\"color: #000000;\"><span style=\"font-family: Arial, serif;\">conmemoraci\u00f3n del D\u00eda del \u00c1rbol, cuya fecha de celebraci\u00f3n es el 29 de agosto. El <\/span><\/span><span style=\"color: #000000;\"><span style=\"font-family: Arial, serif;\"><b>Primer concurso de fotograf\u00eda de los Bosques Nativos Neuquinos \u00abEl Bosque adentro\u00bb <\/b>es abierto y gratuito, <\/span><\/span><span style=\"color: #000000;\"><span style=\"font-family: Arial, serif;\">est\u00e1 dirigido a fot\u00f3grafos aficionados y\/o profesionales, mayores de 16 a\u00f1os con residencia en el pa\u00eds. Se premiaran tres obras (para consultar los premios remitirse a las bases).<\/span><\/span><\/p>\n<p class=\"western\" align=\"justify\"><span style=\"color: #000000;\"><span style=\"font-family: Arial, serif;\">El plazo de recepci\u00f3n de las obras se extiende del 1\u00b0 de agosta al 30 de septiembre. Las bases del concurso se encuentran disponibles en: <\/span><\/span><span style=\"color: #0000ff;\"><span lang=\"zxx\"><a href=\"http:\/\/www.desarrollandonqn.gob.ar\/Infop\u00fablica\/Licitacionesyconcursos\" target=\"_blank\" rel=\"noreferrer\"><span style=\"color: #000000;\"><span style=\"font-family: Arial, serif;\">www.desarrollandonqn.gob.ar\/Infop\u00fablica\/Licitacionesyconcursos<\/span><\/span><\/a><\/span><\/span><span style=\"color: #000000;\"><span style=\"font-family: Arial, serif;\">. Tambi\u00e9n se pueden solicitar por correo electr\u00f3nico escribiendo a:<\/span><\/span><span style=\"color: #0000ff;\"><span lang=\"zxx\"><span style=\"color: #000000;\"><span style=\"font-family: Arial, serif;\"><a href=\"mailto:dirbosquenativo@smandes.com.ar\" rel=\"noreferrer\">dirbosquenativo@smandes.com.ar<\/a>. Para mayor informaci\u00f3n<\/span><\/span><\/span><\/span><span style=\"color: #000000;\"><span style=\"font-family: Arial, serif;\">comunicarse telef\u00f3nicamente al (02972) 414-413. <\/span><\/span><\/p>\n<p class=\"western\" align=\"justify\">Bases y condiciones del concurso<\/p>\n<p class=\"western\" align=\"justify\"><span style=\"font-family: Arial;\"><strong><a href=\"http:\/\/patagoniambiental.com.ar\/wp-content\/uploads\/2015\/07\/BASES-concurso-de-fotograf\u00eda-DGBN-ok.pdf\">BASES concurso de fotograf\u00eda DGBN ok<\/a><\/strong><\/span><\/p>\n<p class=\"western\" align=\"justify\">Fuente: Direcci\u00f3n de Bosques de la Provincia de Neuqu\u00e9n<\/p>\n","protected":false},"excerpt":{"rendered":"<p>Neuqu\u00e9n.-La Direcci\u00f3n de Bosque Nativo de la Provincia lanza el I Concurso de Fotograf\u00eda sobre los bosques nativos neuquinos \u00abEl [&hellip;]<\/p>\n","protected":false},"author":2,"featured_media":13086,"comment_status":"closed","ping_status":"closed","sticky":false,"template":"","format":"standard","meta":{"site-sidebar-layout":"default","site-content-layout":"","ast-site-content-layout":"default","site-content-style":"default","site-sidebar-style":"default","ast-global-header-display":"","ast-banner-title-visibility":"","ast-main-header-display":"","ast-hfb-above-header-display":"","ast-hfb-below-header-display":"","ast-hfb-mobile-header-display":"","site-post-title":"","ast-breadcrumbs-content":"","ast-featured-img":"","footer-sml-layout":"","ast-disable-related-posts":"","theme-transparent-header-meta":"","adv-header-id-meta":"","stick-header-meta":"","header-above-stick-meta":"","header-main-stick-meta":"","header-below-stick-meta":"","astra-migrate-meta-layouts":"default","ast-page-background-enabled":"default","ast-page-background-meta":{"desktop":{"background-color":"var(--ast-global-color-5)","background-image":"","background-repeat":"repeat","background-position":"center center","background-size":"auto","background-attachment":"scroll","background-type":"","background-media":"","overlay-type":"","overlay-color":"","overlay-opacity":"","overlay-gradient":""},"tablet":{"background-color":"","background-image":"","background-repeat":"repeat","background-position":"center center","background-size":"auto","background-attachment":"scroll","background-type":"","background-media":"","overlay-type":"","overlay-color":"","overlay-opacity":"","overlay-gradient":""},"mobile":{"background-color":"","background-image":"","background-repeat":"repeat","background-position":"center center","background-size":"auto","background-attachment":"scroll","background-type":"","background-media":"","overlay-type":"","overlay-color":"","overlay-opacity":"","overlay-gradient":""}},"ast-content-background-meta":{"desktop":{"background-color":"var(--ast-global-color-4)","background-image":"","background-repeat":"repeat","background-position":"center center","background-size":"auto","background-attachment":"scroll","background-type":"","background-media":"","overlay-type":"","overlay-color":"","overlay-opacity":"","overlay-gradient":""},"tablet":{"background-color":"var(--ast-global-color-4)","background-image":"","background-repeat":"repeat","background-position":"center center","background-size":"auto","background-attachment":"scroll","background-type":"","background-media":"","overlay-type":"","overlay-color":"","overlay-opacity":"","overlay-gradient":""},"mobile":{"background-color":"var(--ast-global-color-4)","background-image":"","background-repeat":"repeat","background-position":"center center","background-size":"auto","background-attachment":"scroll","background-type":"","background-media":"","overlay-type":"","overlay-color":"","overlay-opacity":"","overlay-gradient":""}},"footnotes":""},"categories":[12,1],"tags":[],"class_list":["post-13084","post","type-post","status-publish","format-standard","has-post-thumbnail","hentry","category-agenda-ambiental","category-noticias"],"yoast_head":"<!-- This site is optimized with the Yoast SEO Premium plugin v23.0 (Yoast SEO v27.4) - https:\/\/yoast.com\/product\/yoast-seo-premium-wordpress\/ -->\n<title>El Bosque Nativo como motor de expresi\u00f3n art\u00edstica<\/title>\n<meta name=\"robots\" content=\"index, follow, max-snippet:-1, max-image-preview:large, max-video-preview:-1\" \/>\n<link rel=\"canonical\" href=\"https:\/\/patagoniambiental.com.ar\/info\/el-bosque-nativo-como-motor-de-expresion-artistica\/\" \/>\n<meta property=\"og:locale\" content=\"es_ES\" \/>\n<meta property=\"og:type\" content=\"article\" \/>\n<meta property=\"og:title\" content=\"El Bosque Nativo como motor de expresi\u00f3n art\u00edstica\" \/>\n<meta property=\"og:description\" content=\"Neuqu\u00e9n.-La Direcci\u00f3n de Bosque Nativo de la Provincia lanza el I Concurso de Fotograf\u00eda sobre los bosques nativos neuquinos \u00abEl [&hellip;]\" \/>\n<meta property=\"og:url\" content=\"https:\/\/patagoniambiental.com.ar\/info\/el-bosque-nativo-como-motor-de-expresion-artistica\/\" \/>\n<meta property=\"og:site_name\" content=\"Patagonia Ambiental\" \/>\n<meta property=\"article:publisher\" content=\"https:\/\/www.facebook.com\/patagonia.ambiental\" \/>\n<meta property=\"article:author\" content=\"https:\/\/www.facebook.com\/share\/1C1V8Gv9BX\/?mibextid=qi2Omg\" \/>\n<meta property=\"article:published_time\" content=\"2015-07-30T22:00:54+00:00\" \/>\n<meta name=\"author\" content=\"Patagonia Ambiental\" \/>\n<meta name=\"twitter:card\" content=\"summary_large_image\" \/>\n<meta name=\"twitter:creator\" content=\"@PatAmb\" \/>\n<meta name=\"twitter:site\" content=\"@PatAmb\" \/>\n<script type=\"application\/ld+json\" class=\"yoast-schema-graph\">{\"@context\":\"https:\\\/\\\/schema.org\",\"@graph\":[{\"@type\":\"Article\",\"@id\":\"https:\\\/\\\/patagoniambiental.com.ar\\\/info\\\/el-bosque-nativo-como-motor-de-expresion-artistica\\\/#article\",\"isPartOf\":{\"@id\":\"https:\\\/\\\/patagoniambiental.com.ar\\\/info\\\/el-bosque-nativo-como-motor-de-expresion-artistica\\\/\"},\"author\":{\"name\":\"Patagonia Ambiental\",\"@id\":\"https:\\\/\\\/patagoniambiental.com.ar\\\/info\\\/#\\\/schema\\\/person\\\/db12bff64bbcbf6a253710bf0ea37b5d\"},\"headline\":\"El Bosque Nativo como motor de expresi\u00f3n art\u00edstica\",\"datePublished\":\"2015-07-30T22:00:54+00:00\",\"mainEntityOfPage\":{\"@id\":\"https:\\\/\\\/patagoniambiental.com.ar\\\/info\\\/el-bosque-nativo-como-motor-de-expresion-artistica\\\/\"},\"wordCount\":236,\"publisher\":{\"@id\":\"https:\\\/\\\/patagoniambiental.com.ar\\\/info\\\/#organization\"},\"image\":{\"@id\":\"https:\\\/\\\/patagoniambiental.com.ar\\\/info\\\/el-bosque-nativo-como-motor-de-expresion-artistica\\\/#primaryimage\"},\"thumbnailUrl\":\"\",\"articleSection\":[\"Agenda Ambiental\",\"Noticias\"],\"inLanguage\":\"es\"},{\"@type\":\"WebPage\",\"@id\":\"https:\\\/\\\/patagoniambiental.com.ar\\\/info\\\/el-bosque-nativo-como-motor-de-expresion-artistica\\\/\",\"url\":\"https:\\\/\\\/patagoniambiental.com.ar\\\/info\\\/el-bosque-nativo-como-motor-de-expresion-artistica\\\/\",\"name\":\"El Bosque Nativo como motor de expresi\u00f3n art\u00edstica\",\"isPartOf\":{\"@id\":\"https:\\\/\\\/patagoniambiental.com.ar\\\/info\\\/#website\"},\"primaryImageOfPage\":{\"@id\":\"https:\\\/\\\/patagoniambiental.com.ar\\\/info\\\/el-bosque-nativo-como-motor-de-expresion-artistica\\\/#primaryimage\"},\"image\":{\"@id\":\"https:\\\/\\\/patagoniambiental.com.ar\\\/info\\\/el-bosque-nativo-como-motor-de-expresion-artistica\\\/#primaryimage\"},\"thumbnailUrl\":\"\",\"datePublished\":\"2015-07-30T22:00:54+00:00\",\"breadcrumb\":{\"@id\":\"https:\\\/\\\/patagoniambiental.com.ar\\\/info\\\/el-bosque-nativo-como-motor-de-expresion-artistica\\\/#breadcrumb\"},\"inLanguage\":\"es\",\"potentialAction\":[{\"@type\":\"ReadAction\",\"target\":[\"https:\\\/\\\/patagoniambiental.com.ar\\\/info\\\/el-bosque-nativo-como-motor-de-expresion-artistica\\\/\"]}]},{\"@type\":\"ImageObject\",\"inLanguage\":\"es\",\"@id\":\"https:\\\/\\\/patagoniambiental.com.ar\\\/info\\\/el-bosque-nativo-como-motor-de-expresion-artistica\\\/#primaryimage\",\"url\":\"\",\"contentUrl\":\"\"},{\"@type\":\"BreadcrumbList\",\"@id\":\"https:\\\/\\\/patagoniambiental.com.ar\\\/info\\\/el-bosque-nativo-como-motor-de-expresion-artistica\\\/#breadcrumb\",\"itemListElement\":[{\"@type\":\"ListItem\",\"position\":1,\"name\":\"Inicio\",\"item\":\"https:\\\/\\\/patagoniambiental.com.ar\\\/info\\\/\"},{\"@type\":\"ListItem\",\"position\":2,\"name\":\"El Bosque Nativo como motor de expresi\u00f3n art\u00edstica\"}]},{\"@type\":\"WebSite\",\"@id\":\"https:\\\/\\\/patagoniambiental.com.ar\\\/info\\\/#website\",\"url\":\"https:\\\/\\\/patagoniambiental.com.ar\\\/info\\\/\",\"name\":\"Patagonia Ambiental\",\"description\":\"Monitoreo y an\u00e1lisis de la situaci\u00f3n geopol\u00edtica en el mundo y su implicancia en la Patagonia\",\"publisher\":{\"@id\":\"https:\\\/\\\/patagoniambiental.com.ar\\\/info\\\/#organization\"},\"potentialAction\":[{\"@type\":\"SearchAction\",\"target\":{\"@type\":\"EntryPoint\",\"urlTemplate\":\"https:\\\/\\\/patagoniambiental.com.ar\\\/info\\\/?s={search_term_string}\"},\"query-input\":{\"@type\":\"PropertyValueSpecification\",\"valueRequired\":true,\"valueName\":\"search_term_string\"}}],\"inLanguage\":\"es\"},{\"@type\":\"Organization\",\"@id\":\"https:\\\/\\\/patagoniambiental.com.ar\\\/info\\\/#organization\",\"name\":\"Patagonia Ambiental\",\"url\":\"https:\\\/\\\/patagoniambiental.com.ar\\\/info\\\/\",\"logo\":{\"@type\":\"ImageObject\",\"inLanguage\":\"es\",\"@id\":\"https:\\\/\\\/patagoniambiental.com.ar\\\/info\\\/#\\\/schema\\\/logo\\\/image\\\/\",\"url\":\"https:\\\/\\\/patagoniambiental.com.ar\\\/info\\\/wp-content\\\/uploads\\\/2025\\\/05\\\/LOGO-PATAGONIA-AMBIENTAL.png\",\"contentUrl\":\"https:\\\/\\\/patagoniambiental.com.ar\\\/info\\\/wp-content\\\/uploads\\\/2025\\\/05\\\/LOGO-PATAGONIA-AMBIENTAL.png\",\"width\":433,\"height\":250,\"caption\":\"Patagonia Ambiental\"},\"image\":{\"@id\":\"https:\\\/\\\/patagoniambiental.com.ar\\\/info\\\/#\\\/schema\\\/logo\\\/image\\\/\"},\"sameAs\":[\"https:\\\/\\\/www.facebook.com\\\/patagonia.ambiental\",\"https:\\\/\\\/x.com\\\/PatAmb\"]},{\"@type\":\"Person\",\"@id\":\"https:\\\/\\\/patagoniambiental.com.ar\\\/info\\\/#\\\/schema\\\/person\\\/db12bff64bbcbf6a253710bf0ea37b5d\",\"name\":\"Patagonia Ambiental\",\"description\":\"Andr\u00e9s Nievas T\u00e9cnico en manejo ambiental, consultor Ambiental y escritor para medios locales e internacionales sobre temas de geopolitica y medio ambiente.\",\"sameAs\":[\"http:\\\/\\\/www.patagoniambiental.com.ar\",\"https:\\\/\\\/www.facebook.com\\\/share\\\/1C1V8Gv9BX\\\/?mibextid=qi2Omg\",\"@patagoniambiental\",\"https:\\\/\\\/youtube.com\\\/@patagoniaambiental2023?si=BLt58t0wuXquxlYZ\"]}]}<\/script>\n<!-- \/ Yoast SEO Premium plugin. -->","yoast_head_json":{"title":"El Bosque Nativo como motor de expresi\u00f3n art\u00edstica","robots":{"index":"index","follow":"follow","max-snippet":"max-snippet:-1","max-image-preview":"max-image-preview:large","max-video-preview":"max-video-preview:-1"},"canonical":"https:\/\/patagoniambiental.com.ar\/info\/el-bosque-nativo-como-motor-de-expresion-artistica\/","og_locale":"es_ES","og_type":"article","og_title":"El Bosque Nativo como motor de expresi\u00f3n art\u00edstica","og_description":"Neuqu\u00e9n.-La Direcci\u00f3n de Bosque Nativo de la Provincia lanza el I Concurso de Fotograf\u00eda sobre los bosques nativos neuquinos \u00abEl [&hellip;]","og_url":"https:\/\/patagoniambiental.com.ar\/info\/el-bosque-nativo-como-motor-de-expresion-artistica\/","og_site_name":"Patagonia Ambiental","article_publisher":"https:\/\/www.facebook.com\/patagonia.ambiental","article_author":"https:\/\/www.facebook.com\/share\/1C1V8Gv9BX\/?mibextid=qi2Omg","article_published_time":"2015-07-30T22:00:54+00:00","author":"Patagonia Ambiental","twitter_card":"summary_large_image","twitter_creator":"@PatAmb","twitter_site":"@PatAmb","schema":{"@context":"https:\/\/schema.org","@graph":[{"@type":"Article","@id":"https:\/\/patagoniambiental.com.ar\/info\/el-bosque-nativo-como-motor-de-expresion-artistica\/#article","isPartOf":{"@id":"https:\/\/patagoniambiental.com.ar\/info\/el-bosque-nativo-como-motor-de-expresion-artistica\/"},"author":{"name":"Patagonia Ambiental","@id":"https:\/\/patagoniambiental.com.ar\/info\/#\/schema\/person\/db12bff64bbcbf6a253710bf0ea37b5d"},"headline":"El Bosque Nativo como motor de expresi\u00f3n art\u00edstica","datePublished":"2015-07-30T22:00:54+00:00","mainEntityOfPage":{"@id":"https:\/\/patagoniambiental.com.ar\/info\/el-bosque-nativo-como-motor-de-expresion-artistica\/"},"wordCount":236,"publisher":{"@id":"https:\/\/patagoniambiental.com.ar\/info\/#organization"},"image":{"@id":"https:\/\/patagoniambiental.com.ar\/info\/el-bosque-nativo-como-motor-de-expresion-artistica\/#primaryimage"},"thumbnailUrl":"","articleSection":["Agenda Ambiental","Noticias"],"inLanguage":"es"},{"@type":"WebPage","@id":"https:\/\/patagoniambiental.com.ar\/info\/el-bosque-nativo-como-motor-de-expresion-artistica\/","url":"https:\/\/patagoniambiental.com.ar\/info\/el-bosque-nativo-como-motor-de-expresion-artistica\/","name":"El Bosque Nativo como motor de expresi\u00f3n art\u00edstica","isPartOf":{"@id":"https:\/\/patagoniambiental.com.ar\/info\/#website"},"primaryImageOfPage":{"@id":"https:\/\/patagoniambiental.com.ar\/info\/el-bosque-nativo-como-motor-de-expresion-artistica\/#primaryimage"},"image":{"@id":"https:\/\/patagoniambiental.com.ar\/info\/el-bosque-nativo-como-motor-de-expresion-artistica\/#primaryimage"},"thumbnailUrl":"","datePublished":"2015-07-30T22:00:54+00:00","breadcrumb":{"@id":"https:\/\/patagoniambiental.com.ar\/info\/el-bosque-nativo-como-motor-de-expresion-artistica\/#breadcrumb"},"inLanguage":"es","potentialAction":[{"@type":"ReadAction","target":["https:\/\/patagoniambiental.com.ar\/info\/el-bosque-nativo-como-motor-de-expresion-artistica\/"]}]},{"@type":"ImageObject","inLanguage":"es","@id":"https:\/\/patagoniambiental.com.ar\/info\/el-bosque-nativo-como-motor-de-expresion-artistica\/#primaryimage","url":"","contentUrl":""},{"@type":"BreadcrumbList","@id":"https:\/\/patagoniambiental.com.ar\/info\/el-bosque-nativo-como-motor-de-expresion-artistica\/#breadcrumb","itemListElement":[{"@type":"ListItem","position":1,"name":"Inicio","item":"https:\/\/patagoniambiental.com.ar\/info\/"},{"@type":"ListItem","position":2,"name":"El Bosque Nativo como motor de expresi\u00f3n art\u00edstica"}]},{"@type":"WebSite","@id":"https:\/\/patagoniambiental.com.ar\/info\/#website","url":"https:\/\/patagoniambiental.com.ar\/info\/","name":"Patagonia Ambiental","description":"Monitoreo y an\u00e1lisis de la situaci\u00f3n geopol\u00edtica en el mundo y su implicancia en la Patagonia","publisher":{"@id":"https:\/\/patagoniambiental.com.ar\/info\/#organization"},"potentialAction":[{"@type":"SearchAction","target":{"@type":"EntryPoint","urlTemplate":"https:\/\/patagoniambiental.com.ar\/info\/?s={search_term_string}"},"query-input":{"@type":"PropertyValueSpecification","valueRequired":true,"valueName":"search_term_string"}}],"inLanguage":"es"},{"@type":"Organization","@id":"https:\/\/patagoniambiental.com.ar\/info\/#organization","name":"Patagonia Ambiental","url":"https:\/\/patagoniambiental.com.ar\/info\/","logo":{"@type":"ImageObject","inLanguage":"es","@id":"https:\/\/patagoniambiental.com.ar\/info\/#\/schema\/logo\/image\/","url":"https:\/\/patagoniambiental.com.ar\/info\/wp-content\/uploads\/2025\/05\/LOGO-PATAGONIA-AMBIENTAL.png","contentUrl":"https:\/\/patagoniambiental.com.ar\/info\/wp-content\/uploads\/2025\/05\/LOGO-PATAGONIA-AMBIENTAL.png","width":433,"height":250,"caption":"Patagonia Ambiental"},"image":{"@id":"https:\/\/patagoniambiental.com.ar\/info\/#\/schema\/logo\/image\/"},"sameAs":["https:\/\/www.facebook.com\/patagonia.ambiental","https:\/\/x.com\/PatAmb"]},{"@type":"Person","@id":"https:\/\/patagoniambiental.com.ar\/info\/#\/schema\/person\/db12bff64bbcbf6a253710bf0ea37b5d","name":"Patagonia Ambiental","description":"Andr\u00e9s Nievas T\u00e9cnico en manejo ambiental, consultor Ambiental y escritor para medios locales e internacionales sobre temas de geopolitica y medio ambiente.","sameAs":["http:\/\/www.patagoniambiental.com.ar","https:\/\/www.facebook.com\/share\/1C1V8Gv9BX\/?mibextid=qi2Omg","@patagoniambiental","https:\/\/youtube.com\/@patagoniaambiental2023?si=BLt58t0wuXquxlYZ"]}]}},"_links":{"self":[{"href":"https:\/\/patagoniambiental.com.ar\/info\/wp-json\/wp\/v2\/posts\/13084","targetHints":{"allow":["GET"]}}],"collection":[{"href":"https:\/\/patagoniambiental.com.ar\/info\/wp-json\/wp\/v2\/posts"}],"about":[{"href":"https:\/\/patagoniambiental.com.ar\/info\/wp-json\/wp\/v2\/types\/post"}],"author":[{"embeddable":true,"href":"https:\/\/patagoniambiental.com.ar\/info\/wp-json\/wp\/v2\/users\/2"}],"replies":[{"embeddable":true,"href":"https:\/\/patagoniambiental.com.ar\/info\/wp-json\/wp\/v2\/comments?post=13084"}],"version-history":[{"count":0,"href":"https:\/\/patagoniambiental.com.ar\/info\/wp-json\/wp\/v2\/posts\/13084\/revisions"}],"wp:featuredmedia":[{"embeddable":true,"href":"https:\/\/patagoniambiental.com.ar\/info\/wp-json\/"}],"wp:attachment":[{"href":"https:\/\/patagoniambiental.com.ar\/info\/wp-json\/wp\/v2\/media?parent=13084"}],"wp:term":[{"taxonomy":"category","embeddable":true,"href":"https:\/\/patagoniambiental.com.ar\/info\/wp-json\/wp\/v2\/categories?post=13084"},{"taxonomy":"post_tag","embeddable":true,"href":"https:\/\/patagoniambiental.com.ar\/info\/wp-json\/wp\/v2\/tags?post=13084"}],"curies":[{"name":"wp","href":"https:\/\/api.w.org\/{rel}","templated":true}]}}