{"id":13096,"date":"2015-07-30T19:00:23","date_gmt":"2015-07-30T22:00:23","guid":{"rendered":"http:\/\/patagoniambiental.com.ar\/?p=13096"},"modified":"2015-07-30T19:00:23","modified_gmt":"2015-07-30T22:00:23","slug":"xii-curso-internacional-de-posgrado-evaluacion-de-impacto-ambiental-nuevo-programa","status":"publish","type":"post","link":"https:\/\/patagoniambiental.com.ar\/info\/xii-curso-internacional-de-posgrado-evaluacion-de-impacto-ambiental-nuevo-programa\/","title":{"rendered":"XII Curso Internacional de Posgrado: \u00abEvaluaci\u00f3n de Impacto Ambiental\u00bb (NUEVO PROGRAMA)"},"content":{"rendered":"<p><span class=\"news_title_grn\">Buenos Aires.-del 11 de agosto al 2 de octubre de 2015 se llevara a cabo el XII Curso Internacional de Posgrado: \u00abEvaluaci\u00f3n de Impacto Ambiental\u00bb en la modalidad a distancia.<\/span><!--more--><\/p>\n<p><span class=\"news_title_grn\">Modalidad: trimestral a distancia<\/span><\/p>\n<p><strong><span class=\"squares\">\u203a\u203a<\/span> <span class=\"news_title_grn\">PRESENTACION DEL CURSO<\/span><\/strong><\/p>\n<p>La EIA se ha convertido hoy en el principal instrumento de gesti\u00f3n ambiental en todos los pa\u00edses del mundo cualquiera sea el sistema econ\u00f3mico e institucional que rija.<\/p>\n<p>Esta XI edici\u00f3n del Curso de Evaluaci\u00f3n de Impacto Ambiental (EIA), revisada y actualizada, incorpora nuevas tem\u00e1ticas y docentes en una problem\u00e1tica que requiere una permanente adecuaci\u00f3n a las circunstancias cambiantes del mundo actual.<\/p>\n<p>En la EIA, en tanto instrumento metodol\u00f3gico interdisciplinario, se requiere el concurso de especialistas tanto de las ciencias b\u00e1sicas como aplicadas as\u00ed como tambi\u00e9n de las ciencias sociales y humanas. En particular, este Curso est\u00e1 dirigido a:<\/p>\n<ul>\n<li>profesionales dedicados o a dedicarse a la consultor\u00eda ambiental;<\/li>\n<li>funcionarios de entes reguladores de la problem\u00e1tica ambiental (Naci\u00f3n, Provincias, Municipios);<\/li>\n<li>profesionales de empresas u organismos con obras y proyectos con incidencia ambiental;<\/li>\n<li>docentes e investigadores en las diversas materias con problem\u00e1tica ambiental.<\/li>\n<\/ul>\n<p>Son especialmente bienvenidos aquellos profesionales que se desempe\u00f1en en la actividad docente y de investigaci\u00f3n, en entes p\u00fablicos o en empresas privadas y en ONGs, y que requieran actualizaci\u00f3n y\/o sistematizaci\u00f3n de sus conocimientos.<\/p>\n<p>El Curso presenta los enfoques y procedimientos que se utilizan para evaluar el impacto ambiental de acciones o proyectos en sus distintas etapas, desarrollados a trav\u00e9s de clases te\u00f3rico-conceptuales, de aplicaci\u00f3n metodol\u00f3gica y de discusi\u00f3n de casos.<\/p>\n<p>Para ello, se adopta un enfoque t\u00e9cnico-metodol\u00f3gico orientado a cualquiera de los actores que intervienen en una EIA: quienes tengan que ajustarse a la presentaci\u00f3n (empresas u organismos), quienes tengan que ejecutar (consultores ambientales) y quienes tengan que revisar EIAs (gobiernos, ONGs, pol\u00edticos, comunidad).<\/p>\n<p><strong><span class=\"squares\">\u203a\u203a<\/span> <span class=\"news_title_grn\">CONTENIDO<\/span><\/strong><\/p>\n<p>El Curso consta de 4 m\u00f3dulos estructurados en 18 clases. El primero de ellos, de car\u00e1cter introductorio, contiene los marcos conceptuales de la EIA y la regulaci\u00f3n de los procedimientos (marco normativo); el segundo, metodol\u00f3gico, contiene la metodolog\u00eda general y las t\u00e9cnicas para la realizaci\u00f3n de los estudios de impacto ambiental; en el tercero, se tratan cuestiones, si bien complementarias a la EIA, relevantes en s\u00ed mismas. Finalmente, en el cuarto m\u00f3dulo, casu\u00edstico, se exponen 4 casos concretos de EIA referidos a proyectos significativos de diferentes pa\u00edses.<\/p>\n<p><strong><span class=\"squares\">\u203a\u203a<\/span> <\/strong><span class=\"news_title_grn\"><strong>CARGA HORARIA:<\/strong> 100 horas, seg\u00fan criterio de las universidades de la Uni\u00f3n Europea, calificables para acreditar en universidades como cr\u00e9ditos en maestr\u00edas y doctorados:<\/span><\/p>\n<ul>\n<li>51 horas de c\u00e1tedra (equivalentes a 3 horas por clase; lectura y comprensi\u00f3n);<\/li>\n<li>20 horas por elaboraci\u00f3n de los res\u00famenes de clase (los estudios de casos no se resumen);<\/li>\n<li>9 horas por consultas a los profesores y participaci\u00f3n en discusi\u00f3n;<\/li>\n<li>20 horas por elaboraci\u00f3n del Trabajo Final.<\/li>\n<\/ul>\n<p><strong><span class=\"squares\">\u203a\u203a<\/span> <span class=\"news_title_grn\">PARTICIPANTES<\/span><\/strong><\/p>\n<p>El curso est\u00e1 dirigido a graduados interesados en un perfeccionamiento de posgrado en la problem\u00e1tica ambiental con un enfoque interdisciplinario. Son especialmente bienvenidos aquellos profesionales del \u00e1rea ambiental que se desempe\u00f1en en empresas privadas, actividad docente y de investigaci\u00f3n, oficinas gubernamentales y en ONGs, y que requieran actualizaci\u00f3n y\/o sistematizaci\u00f3n de sus conocimientos.<\/p>\n<p><strong><span class=\"squares\">\u203a\u203a<\/span> <span class=\"news_title_grn\">EQUIPO DOCENTE<\/span><\/strong><\/p>\n<ul id=\"list\">\n<li class=\"sub\">FAZIO Horacio (Director)Licenciado en Econom\u00eda (Econ\u00f3micas, UBA) y Doctor en Filosof\u00eda (Filosof\u00eda, UBA); tesis: \u201cRacionalidad econ\u00f3mica y ambiente: medios, fines y tiempo\u201d. Fue Coordinador del Programa Ambiente y Sociedad de FLACSO Argentina desde 1998 a 2004. Ha sido profesor de grado y postgrado en distintas universidades argentinas. Autor de diversas publicaciones en temas de \u00e9tica y econom\u00eda, racionalidad econ\u00f3mica y cambio clim\u00e1tico. Actualmente dicta el curso de doctorado \u201cCambio Clim\u00e1tico: econom\u00eda y mundo finito\u201d (Econ\u00f3micas, UBA).<\/li>\n<li class=\"sub\">FERNANDEZ RobertoArquitecto y Dr. en Arquitectura (Universidad de Bs. As.) Profesor de grado y postgrado en las Universidades de Bs. As. y Nacional de Mar del Plata. Ex-Director de la Maestr\u00eda en Gesti\u00f3n Ambiental Metropolitana de la Facultad de Arquitectura de la Universidad de Bs. As. Director del Centro de Investigaciones Ambientales de la Facultad de Arquitectura de la Universidad de Mar del Plata. Consultor de EIA y EAE.<\/li>\n<li class=\"sub\">FEVRE RobertoArquitecto y Magister (Universidad de Bs. As.), Especialista en Gesti\u00f3n Ambiental Metropolitana (Universidad de Bs. As. y Polit\u00e9cnico di Milano, Italia). Profesor Titular e Investigador en esta misma universidad. Autor, coautor y colaborador de varias publicaciones. Consultor de EIA y EAE. Dirige proyectos de investigaci\u00f3n y equipos multidisciplinarios especializados en problem\u00e1ticas urbanas y de sustentabilidad.<\/li>\n<li class=\"sub\">GAGGERO ElbaIngeniera Qu\u00edmica y Especialista en Diagn\u00f3stico y Evaluaci\u00f3n Ambiental (Universidad de Bs. As.). Profesora de posgrado en su especialidad de las Universidades de Bs. As. y Nordeste. Trabaj\u00f3 como Consultora Ambiental especializada en Pasivos Ambientales para diversas instituciones y empresas. Fue adem\u00e1s consultora y asesora ambiental en varios organismos p\u00fablicos (ORSNA, SAyDS, OPDS, entre otros). Actualmente es Especialista Ambiental Senior del Banco Mundial.<\/li>\n<li class=\"sub\">GALLOPIN GilbertoBi\u00f3logo (Universidad de Bs. As.), Dr. en Ecolog\u00eda (Universidad de Cornell). Co-autor del Modelo Mundial Latinoamericano (Modelo Bariloche) de la Fundaci\u00f3n Bariloche. Experto internacional en Desarrollo Sostenible. Investigador del Instituto Internacional de Desarrollo Sostenible. Ex-Asesor Regional de Pol\u00edtica Ambiental de la Comisi\u00f3n Econ\u00f3mica para Am\u00e9rica Latina (CEPAL). Autor de numerosas trabajos en diversos idiomas sobre temas ambientales, en especial, escenarios futuros de sostenibilidad ambiental. Investigador Principal de FUNDABAIRES.<\/li>\n<li class=\"sub\">G\u00d3MEZ OREA DomingoDoctor\/Ingeniero Agr\u00f3nomo (Universidad Polit\u00e9cnica de Madrid). Catedr\u00e1tico de Proyectos y Planificaci\u00f3n Rural de la Universidad Polit\u00e9cnica de Madrid y Jefe del Departamento de Planificaci\u00f3n Rural de dicha Universidad. Realiz\u00f3 m\u00e1s de 100 evaluaciones de Impacto Ambiental, en Espa\u00f1a, Europa y Am\u00e9rica Latina. Es autor del \u00abManual de Impacto Ambiental\u00bb y de \u00abEvaluaci\u00f3n Ambiental Estrat\u00e9gica\u00bb, libros de consulta obligada en estos temas en lengua espa\u00f1ola.<\/li>\n<li class=\"sub\">RODRIGUEZ Carlos AnibalDoctor en Derecho (UNNE). Master de Derecho Ambiental (Universidad del Pa\u00eds Vasco-Espa\u00f1a). Master en Derecho Fundiario y Empresa Agraria (UNNE). Especialista en Derecho Humanos (Universidad del Pa\u00eds Vasco-Espa\u00f1a). Magistrado de la Excma. C\u00e1mara Civil y Comercial de Corrientes- Argentina. Director de la Escuela de la Magistratura del Poder Judicial de Corrientes. Profesor de Derecho Ambiental y de los Recursos Naturales en diversas universidades argentinas y del exterior.<\/li>\n<\/ul>\n<p><span class=\"squares\">\u203a\u203a<\/span> <span class=\"news_title_grn\">CRONOGRAMA DE CLASES<\/span><\/p>\n<p>Las clases se publicar\u00e1n en el Campus Virtual los d\u00edas martes y viernes a las 8 horas de Buenos Aires \u2013o antes- comenzando con la clase 1 el d\u00eda martes 11 de agosto de 2015 y finalizando con la clase 18 el 2 de octubre de 2015.<\/p>\n<p><span class=\"squares\">\u203a\u203a<\/span> <span class=\"news_title_grn\">METODOLOG\u00cdA<\/span><\/p>\n<p>El curso se dicta a distancia por Internet a trav\u00e9s de nuestro propio <i>Campus Virtual<\/i> al que se podr\u00e1 acceder, una vez completada la inscripci\u00f3n, mediante usuario y contrase\u00f1a que se comunicar\u00e1n. El ingreso y navegaci\u00f3n en el Campus es muy sencillo e intuitivo y, adem\u00e1s, se dispondr\u00e1 de Atenci\u00f3n en L\u00ednea al Cursante. La diferencia fundamental con otros cursos a distancia viene dada por la implementaci\u00f3n de un foro de preguntas de los cursantes que ser\u00e1n respondidas en forma directa por cada uno de los profesores y\/o la Direcci\u00f3n del curso y no por tutores. Asimismo, habr\u00e1 un foro de discusi\u00f3n e intercambio entre los cursantes lo que permitir\u00e1 una fluida comunicaci\u00f3n personal\/profesional entre los mismos.<\/p>\n<p><span class=\"squares\">\u203a\u203a<\/span> <span class=\"news_title_grn\">EVALUACION<\/span><\/p>\n<p>Los cursantes deber\u00e1n elaborar los res\u00famenes de las clases (excepto los estudios de caso que no se resumen) en hasta 3 p\u00e1ginas, seg\u00fan instrucciones orientativas que se comunicar\u00e1n. El plazo de presentaci\u00f3n de cada resumen es de una semana a partir de la fecha de env\u00edo de cada clase; AL MOMENTO DE VENCER EL PLAZO PARA LA PRESENTACI\u00d3N DEL \u00daLTIMO RESUMEN DE CLASE SOLO SE PERMITIR\u00c1 EL ENV\u00cdO DE UN M\u00c1XIMO DE TRES RES\u00daMENES ADEUDADOS CON ANTERIORIDAD. Asimismo, deber\u00e1n resolver como Trabajo Final un caso pr\u00e1ctico de Evaluaci\u00f3n de Impacto Ambiental en base a datos e instructivo que les ser\u00e1n proporcionados. La presentaci\u00f3n de res\u00famenes de clase y del Trabajo Final -evaluables- no es obligatoria si no se requiere certificaci\u00f3n de cursado (solo res\u00famenes) o de aprobaci\u00f3n del curso (res\u00famenes y Trabajo Final). Tanto los res\u00famenes de clase como el Trabajo Final podr\u00e1n enviarse en castellano, franc\u00e9s, ingl\u00e9s, italiano o portugu\u00e9s.<\/p>\n<p><span class=\"squares\">\u203a\u203a<\/span> <span class=\"news_title_grn\">CERTIFICACION<\/span><\/p>\n<p><i>FUNDABAIRES<\/i> expedir\u00e1 los Certificados de Aprobaci\u00f3n del Curso de Postgrado con la firma de su Presidente y Director Ejecutivo a todos aquellos que cumplimenten los requisitos de evaluaci\u00f3n (aprobaci\u00f3n de res\u00famenes y trabajo final). Asimismo, y por separado, se expedir\u00e1 certificaci\u00f3n espec\u00edfica de nota de aprobaci\u00f3n y del programa del curso en los casos en que se requiera reconocimiento de cr\u00e9ditos para el cursado de maestr\u00edas o doctorados. Por \u00faltimo, se expedir\u00e1 constancia de cursado a todos aquellos que hayan presentado sin observaciones los res\u00famenes de clase. En todos los casos, la documentaci\u00f3n (junto a la factura) se enviar\u00e1n por Correo Argentino mediante \u201cCarta Plus\u201d con n\u00famero de seguimiento al interior de Argentina y mediante Carta Certificada al exterior.<\/p>\n<p><span class=\"squares\">\u203a\u203a<\/span> <span class=\"news_title_grn\">BECAS<\/span><\/p>\n<p>Al ser <i>FUNDABAIRES<\/i> una entidad sin fines de lucro, se ha fijado un costo del curso muy accesible en relaci\u00f3n a ofertas similares de igual nivel acad\u00e9mico. Pueden tramitarse becas directamente ante entes p\u00fablicos o privados, nacionales o internacionales ya que la actividad acad\u00e9mica del Programa Ambiente desde 1999 es suficientemente conocida y considerada, especialmente en los pa\u00edses latinoamericanos.<\/p>\n<p><span class=\"squares\">\u203a\u203a<\/span> <span class=\"news_title_grn\">MEDIAS BECAS &#8211; FUNDABAIRES<\/span><\/p>\n<p><i>FUNDABAIRES<\/i> FUNDABAIRES tiene un cupo previsto de medias becas exclusivamente para 1) Becarios de Doctorado del Consejo Nacional de Investigaciones Cient\u00edficas y T\u00e9cnicas (CONICET) o equivalentes en universidades o entes argentinos y 2) Graduados recientes (hasta 1 a\u00f1o seg\u00fan t\u00edtulo) con residencia argentina y sin ocupaci\u00f3n laboral. En ambos casos se deber\u00e1 solicitar la media beca al enviar el formulario de inscripci\u00f3n y presentar, seg\u00fan el caso, comprobante de beca o manifestaci\u00f3n en car\u00e1cter de declaraci\u00f3n jurada de no poseer ocupaci\u00f3n laboral.<\/p>\n<p><span class=\"squares\">\u203a\u203a<\/span> <span class=\"news_title_grn\">MEDIAS BECAS &#8211; INAP<\/span><\/p>\n<p>El <i>Instituto Nacional de la Administraci\u00f3n Publica de Argentina (INAP)<\/i> ofrece 2 medias becas para realizar este curso. Inscripci\u00f3n directa en el INAP que deber\u00e1 realizarse personalmente o enviar la documentaci\u00f3n impresa por correo postal.<\/p>\n<p>DOCUMENTACION SOLICITADA POR INAP:<\/p>\n<ol>\n<li>Formulario disponible en la p\u00e1gina WEB del INAP \u00abwww.inap.gov.ar\u00bb<\/li>\n<li>Curriculum Vitae<\/li>\n<li>Fotocopia del t\u00edtulo universitario<\/li>\n<li>Nota dirigida al DIRECTOR NACIONAL DEL INAP, firmada por el postulante y la autoridad inmediata superior con rango no inferior a Director\/a Nacional o equivalente. La misma deber\u00e1 describir el resultado que se espera del cursante en t\u00e9rminos de competencias para mejorar el desempe\u00f1o de su organismo.<\/li>\n<li>Acta Compromiso firmada por el postulante y por la autoridad inmediata superior con rango no inferior a Director\/a Nacional o equivalente. (p\u00e1gina WEB del INAP \u00abwww.inap.gov.ar\u00bb)<\/li>\n<\/ol>\n<p><span class=\"squares\">\u203a\u203a<\/span> <span class=\"news_title_grn\">ARANCELES<\/span><\/p>\n<p>COSTO<\/p>\n<p><i>Residentes en Argentina:<\/i> un pago de 3600 pesos o en 2 cuotas de 1900 pesos (la primera, antes del inicio del curso; la segunda, al mes de iniciado el curso).<\/p>\n<p>Pagos mediante:<\/p>\n<ul>\n<li>dep\u00f3sito o transferencia en cuenta bancaria (Santander R\u00edo) desde cualquier banco del pa\u00eds<\/li>\n<li>transferencia por Correo Argentino v\u00eda Western Union<\/li>\n<li>tarjeta de cr\u00e9dito (1 pago o en 3 o m\u00e1s cuotas)<\/li>\n<\/ul>\n<p><i>Residentes en otros pa\u00edses:<\/i> un pago de 400 d\u00f3lares.-<\/p>\n<p>Pagos mediante:<\/p>\n<ul>\n<li>Paypal (tarjeta de cr\u00e9dito v\u00eda Internet\/conexi\u00f3n segura\/comprobante instant\u00e1neo\/sin costos)<\/li>\n<li>transferencia v\u00eda Western Union<\/li>\n<li>transferencia bancaria internacional a cuenta del Banco Santander R\u00edo, Casa Central de Argentina, desde cualquier entidad bancaria<\/li>\n<\/ul>\n<p><span class=\"squares\">\u203a\u203a<\/span> <span class=\"news_title_grn\">REQUISITOS DE INSCRIPCION:<\/span><\/p>\n<p>1- Completar el formulario disponible <a href=\"http:\/\/www.programa-ambiente.com.ar\/formulario-eia.html\">aqu\u00ed<\/a><\/p>\n<p>2- Enviar escaneados t\u00edtulo universitario y documento de identidad<\/p>\n<p>3- Realizar el pago (las opciones de pago detalladas se env\u00edan una vez recibida y aceptada la solicitud de inscripci\u00f3n)<\/p>\n<p><i>La inscripci\u00f3n estar\u00e1 abierta hasta el <b>inicio del curso<\/b> o hasta completar el cupo previsto de participantes.<\/i><\/p>\n<p>&nbsp;<\/p>\n<p class=\"western\" align=\"justify\"><span style=\"color: #000000;\"><span style=\"font-family: Arial,          sans-serif;\"><b>M\u00c1S INFORMACI\u00d3N<\/b><\/span><\/span><span style=\"color: #000000;\"><span style=\"font-family: Arial, sans-serif;\"><span style=\"font-size: small;\"><b>:<\/b><\/span><\/span><\/span> <span style=\"color: #0000ff;\"><span style=\"font-family: Arial, sans-serif;\"><span style=\"font-size: small;\"><u><b><a class=\"moz-txt-link-abbreviated\" href=\"http:\/\/www.programa-ambiente.com.ar\/\" target=\"_blank\" rel=\"noreferrer\">www.programa-ambiente.com.ar<\/a><\/b><\/u><\/span><\/span><\/span><\/p>\n<p class=\"western\" align=\"justify\">Seguinos en<i><\/i><span style=\"color: #0000ff;\"><u><a href=\"https:\/\/www.facebook.com\/ambiente.fundabaires\" target=\"_blank\" rel=\"noreferrer\">https:\/\/www.facebook.com\/ambiente.fundabaires<\/a><\/u><\/span><\/p>\n<pre class=\"moz-signature\">-- \nSof\u00eda T Pozzoli\nAsistente de Direcci\u00f3n<\/pre>\n","protected":false},"excerpt":{"rendered":"<p>Buenos Aires.-del 11 de agosto al 2 de octubre de 2015 se llevara a cabo el XII Curso Internacional de [&hellip;]<\/p>\n","protected":false},"author":2,"featured_media":13098,"comment_status":"closed","ping_status":"closed","sticky":false,"template":"","format":"standard","meta":{"site-sidebar-layout":"default","site-content-layout":"","ast-site-content-layout":"default","site-content-style":"default","site-sidebar-style":"default","ast-global-header-display":"","ast-banner-title-visibility":"","ast-main-header-display":"","ast-hfb-above-header-display":"","ast-hfb-below-header-display":"","ast-hfb-mobile-header-display":"","site-post-title":"","ast-breadcrumbs-content":"","ast-featured-img":"","footer-sml-layout":"","ast-disable-related-posts":"","theme-transparent-header-meta":"","adv-header-id-meta":"","stick-header-meta":"","header-above-stick-meta":"","header-main-stick-meta":"","header-below-stick-meta":"","astra-migrate-meta-layouts":"default","ast-page-background-enabled":"default","ast-page-background-meta":{"desktop":{"background-color":"var(--ast-global-color-5)","background-image":"","background-repeat":"repeat","background-position":"center center","background-size":"auto","background-attachment":"scroll","background-type":"","background-media":"","overlay-type":"","overlay-color":"","overlay-opacity":"","overlay-gradient":""},"tablet":{"background-color":"","background-image":"","background-repeat":"repeat","background-position":"center center","background-size":"auto","background-attachment":"scroll","background-type":"","background-media":"","overlay-type":"","overlay-color":"","overlay-opacity":"","overlay-gradient":""},"mobile":{"background-color":"","background-image":"","background-repeat":"repeat","background-position":"center center","background-size":"auto","background-attachment":"scroll","background-type":"","background-media":"","overlay-type":"","overlay-color":"","overlay-opacity":"","overlay-gradient":""}},"ast-content-background-meta":{"desktop":{"background-color":"var(--ast-global-color-4)","background-image":"","background-repeat":"repeat","background-position":"center center","background-size":"auto","background-attachment":"scroll","background-type":"","background-media":"","overlay-type":"","overlay-color":"","overlay-opacity":"","overlay-gradient":""},"tablet":{"background-color":"var(--ast-global-color-4)","background-image":"","background-repeat":"repeat","background-position":"center center","background-size":"auto","background-attachment":"scroll","background-type":"","background-media":"","overlay-type":"","overlay-color":"","overlay-opacity":"","overlay-gradient":""},"mobile":{"background-color":"var(--ast-global-color-4)","background-image":"","background-repeat":"repeat","background-position":"center center","background-size":"auto","background-attachment":"scroll","background-type":"","background-media":"","overlay-type":"","overlay-color":"","overlay-opacity":"","overlay-gradient":""}},"footnotes":""},"categories":[12,1],"tags":[],"class_list":["post-13096","post","type-post","status-publish","format-standard","has-post-thumbnail","hentry","category-agenda-ambiental","category-noticias"],"yoast_head":"<!-- This site is optimized with the Yoast SEO Premium plugin v23.0 (Yoast SEO v27.4) - https:\/\/yoast.com\/product\/yoast-seo-premium-wordpress\/ -->\n<title>XII Curso Internacional de Posgrado: &quot;Evaluaci\u00f3n de Impacto Ambiental&quot; (NUEVO PROGRAMA)<\/title>\n<meta name=\"robots\" content=\"index, follow, max-snippet:-1, max-image-preview:large, max-video-preview:-1\" \/>\n<link rel=\"canonical\" href=\"https:\/\/patagoniambiental.com.ar\/info\/xii-curso-internacional-de-posgrado-evaluacion-de-impacto-ambiental-nuevo-programa\/\" \/>\n<meta property=\"og:locale\" content=\"es_ES\" \/>\n<meta property=\"og:type\" content=\"article\" \/>\n<meta property=\"og:title\" content=\"XII Curso Internacional de Posgrado: &quot;Evaluaci\u00f3n de Impacto Ambiental&quot; (NUEVO PROGRAMA)\" \/>\n<meta property=\"og:description\" content=\"Buenos Aires.-del 11 de agosto al 2 de octubre de 2015 se llevara a cabo el XII Curso Internacional de [&hellip;]\" \/>\n<meta property=\"og:url\" content=\"https:\/\/patagoniambiental.com.ar\/info\/xii-curso-internacional-de-posgrado-evaluacion-de-impacto-ambiental-nuevo-programa\/\" \/>\n<meta property=\"og:site_name\" content=\"Patagonia Ambiental\" \/>\n<meta property=\"article:publisher\" content=\"https:\/\/www.facebook.com\/patagonia.ambiental\" \/>\n<meta property=\"article:author\" content=\"https:\/\/www.facebook.com\/share\/1C1V8Gv9BX\/?mibextid=qi2Omg\" \/>\n<meta property=\"article:published_time\" content=\"2015-07-30T22:00:23+00:00\" \/>\n<meta name=\"author\" content=\"Patagonia Ambiental\" \/>\n<meta name=\"twitter:card\" content=\"summary_large_image\" \/>\n<meta name=\"twitter:creator\" content=\"@PatAmb\" \/>\n<meta name=\"twitter:site\" content=\"@PatAmb\" \/>\n<script type=\"application\/ld+json\" class=\"yoast-schema-graph\">{\"@context\":\"https:\\\/\\\/schema.org\",\"@graph\":[{\"@type\":\"Article\",\"@id\":\"https:\\\/\\\/patagoniambiental.com.ar\\\/info\\\/xii-curso-internacional-de-posgrado-evaluacion-de-impacto-ambiental-nuevo-programa\\\/#article\",\"isPartOf\":{\"@id\":\"https:\\\/\\\/patagoniambiental.com.ar\\\/info\\\/xii-curso-internacional-de-posgrado-evaluacion-de-impacto-ambiental-nuevo-programa\\\/\"},\"author\":{\"name\":\"Patagonia Ambiental\",\"@id\":\"https:\\\/\\\/patagoniambiental.com.ar\\\/info\\\/#\\\/schema\\\/person\\\/db12bff64bbcbf6a253710bf0ea37b5d\"},\"headline\":\"XII Curso Internacional de Posgrado: \u00abEvaluaci\u00f3n de Impacto Ambiental\u00bb (NUEVO PROGRAMA)\",\"datePublished\":\"2015-07-30T22:00:23+00:00\",\"mainEntityOfPage\":{\"@id\":\"https:\\\/\\\/patagoniambiental.com.ar\\\/info\\\/xii-curso-internacional-de-posgrado-evaluacion-de-impacto-ambiental-nuevo-programa\\\/\"},\"wordCount\":2071,\"publisher\":{\"@id\":\"https:\\\/\\\/patagoniambiental.com.ar\\\/info\\\/#organization\"},\"image\":{\"@id\":\"https:\\\/\\\/patagoniambiental.com.ar\\\/info\\\/xii-curso-internacional-de-posgrado-evaluacion-de-impacto-ambiental-nuevo-programa\\\/#primaryimage\"},\"thumbnailUrl\":\"\",\"articleSection\":[\"Agenda Ambiental\",\"Noticias\"],\"inLanguage\":\"es\"},{\"@type\":\"WebPage\",\"@id\":\"https:\\\/\\\/patagoniambiental.com.ar\\\/info\\\/xii-curso-internacional-de-posgrado-evaluacion-de-impacto-ambiental-nuevo-programa\\\/\",\"url\":\"https:\\\/\\\/patagoniambiental.com.ar\\\/info\\\/xii-curso-internacional-de-posgrado-evaluacion-de-impacto-ambiental-nuevo-programa\\\/\",\"name\":\"XII Curso Internacional de Posgrado: \\\"Evaluaci\u00f3n de Impacto Ambiental\\\" (NUEVO PROGRAMA)\",\"isPartOf\":{\"@id\":\"https:\\\/\\\/patagoniambiental.com.ar\\\/info\\\/#website\"},\"primaryImageOfPage\":{\"@id\":\"https:\\\/\\\/patagoniambiental.com.ar\\\/info\\\/xii-curso-internacional-de-posgrado-evaluacion-de-impacto-ambiental-nuevo-programa\\\/#primaryimage\"},\"image\":{\"@id\":\"https:\\\/\\\/patagoniambiental.com.ar\\\/info\\\/xii-curso-internacional-de-posgrado-evaluacion-de-impacto-ambiental-nuevo-programa\\\/#primaryimage\"},\"thumbnailUrl\":\"\",\"datePublished\":\"2015-07-30T22:00:23+00:00\",\"breadcrumb\":{\"@id\":\"https:\\\/\\\/patagoniambiental.com.ar\\\/info\\\/xii-curso-internacional-de-posgrado-evaluacion-de-impacto-ambiental-nuevo-programa\\\/#breadcrumb\"},\"inLanguage\":\"es\",\"potentialAction\":[{\"@type\":\"ReadAction\",\"target\":[\"https:\\\/\\\/patagoniambiental.com.ar\\\/info\\\/xii-curso-internacional-de-posgrado-evaluacion-de-impacto-ambiental-nuevo-programa\\\/\"]}]},{\"@type\":\"ImageObject\",\"inLanguage\":\"es\",\"@id\":\"https:\\\/\\\/patagoniambiental.com.ar\\\/info\\\/xii-curso-internacional-de-posgrado-evaluacion-de-impacto-ambiental-nuevo-programa\\\/#primaryimage\",\"url\":\"\",\"contentUrl\":\"\"},{\"@type\":\"BreadcrumbList\",\"@id\":\"https:\\\/\\\/patagoniambiental.com.ar\\\/info\\\/xii-curso-internacional-de-posgrado-evaluacion-de-impacto-ambiental-nuevo-programa\\\/#breadcrumb\",\"itemListElement\":[{\"@type\":\"ListItem\",\"position\":1,\"name\":\"Inicio\",\"item\":\"https:\\\/\\\/patagoniambiental.com.ar\\\/info\\\/\"},{\"@type\":\"ListItem\",\"position\":2,\"name\":\"XII Curso Internacional de Posgrado: \u00abEvaluaci\u00f3n de Impacto Ambiental\u00bb (NUEVO PROGRAMA)\"}]},{\"@type\":\"WebSite\",\"@id\":\"https:\\\/\\\/patagoniambiental.com.ar\\\/info\\\/#website\",\"url\":\"https:\\\/\\\/patagoniambiental.com.ar\\\/info\\\/\",\"name\":\"Patagonia Ambiental\",\"description\":\"Monitoreo y an\u00e1lisis de la situaci\u00f3n geopol\u00edtica en el mundo y su implicancia en la Patagonia\",\"publisher\":{\"@id\":\"https:\\\/\\\/patagoniambiental.com.ar\\\/info\\\/#organization\"},\"potentialAction\":[{\"@type\":\"SearchAction\",\"target\":{\"@type\":\"EntryPoint\",\"urlTemplate\":\"https:\\\/\\\/patagoniambiental.com.ar\\\/info\\\/?s={search_term_string}\"},\"query-input\":{\"@type\":\"PropertyValueSpecification\",\"valueRequired\":true,\"valueName\":\"search_term_string\"}}],\"inLanguage\":\"es\"},{\"@type\":\"Organization\",\"@id\":\"https:\\\/\\\/patagoniambiental.com.ar\\\/info\\\/#organization\",\"name\":\"Patagonia Ambiental\",\"url\":\"https:\\\/\\\/patagoniambiental.com.ar\\\/info\\\/\",\"logo\":{\"@type\":\"ImageObject\",\"inLanguage\":\"es\",\"@id\":\"https:\\\/\\\/patagoniambiental.com.ar\\\/info\\\/#\\\/schema\\\/logo\\\/image\\\/\",\"url\":\"https:\\\/\\\/patagoniambiental.com.ar\\\/info\\\/wp-content\\\/uploads\\\/2025\\\/05\\\/LOGO-PATAGONIA-AMBIENTAL.png\",\"contentUrl\":\"https:\\\/\\\/patagoniambiental.com.ar\\\/info\\\/wp-content\\\/uploads\\\/2025\\\/05\\\/LOGO-PATAGONIA-AMBIENTAL.png\",\"width\":433,\"height\":250,\"caption\":\"Patagonia Ambiental\"},\"image\":{\"@id\":\"https:\\\/\\\/patagoniambiental.com.ar\\\/info\\\/#\\\/schema\\\/logo\\\/image\\\/\"},\"sameAs\":[\"https:\\\/\\\/www.facebook.com\\\/patagonia.ambiental\",\"https:\\\/\\\/x.com\\\/PatAmb\"]},{\"@type\":\"Person\",\"@id\":\"https:\\\/\\\/patagoniambiental.com.ar\\\/info\\\/#\\\/schema\\\/person\\\/db12bff64bbcbf6a253710bf0ea37b5d\",\"name\":\"Patagonia Ambiental\",\"description\":\"Andr\u00e9s Nievas T\u00e9cnico en manejo ambiental, consultor Ambiental y escritor para medios locales e internacionales sobre temas de geopolitica y medio ambiente.\",\"sameAs\":[\"http:\\\/\\\/www.patagoniambiental.com.ar\",\"https:\\\/\\\/www.facebook.com\\\/share\\\/1C1V8Gv9BX\\\/?mibextid=qi2Omg\",\"@patagoniambiental\",\"https:\\\/\\\/youtube.com\\\/@patagoniaambiental2023?si=BLt58t0wuXquxlYZ\"]}]}<\/script>\n<!-- \/ Yoast SEO Premium plugin. -->","yoast_head_json":{"title":"XII Curso Internacional de Posgrado: \"Evaluaci\u00f3n de Impacto Ambiental\" (NUEVO PROGRAMA)","robots":{"index":"index","follow":"follow","max-snippet":"max-snippet:-1","max-image-preview":"max-image-preview:large","max-video-preview":"max-video-preview:-1"},"canonical":"https:\/\/patagoniambiental.com.ar\/info\/xii-curso-internacional-de-posgrado-evaluacion-de-impacto-ambiental-nuevo-programa\/","og_locale":"es_ES","og_type":"article","og_title":"XII Curso Internacional de Posgrado: \"Evaluaci\u00f3n de Impacto Ambiental\" (NUEVO PROGRAMA)","og_description":"Buenos Aires.-del 11 de agosto al 2 de octubre de 2015 se llevara a cabo el XII Curso Internacional de [&hellip;]","og_url":"https:\/\/patagoniambiental.com.ar\/info\/xii-curso-internacional-de-posgrado-evaluacion-de-impacto-ambiental-nuevo-programa\/","og_site_name":"Patagonia Ambiental","article_publisher":"https:\/\/www.facebook.com\/patagonia.ambiental","article_author":"https:\/\/www.facebook.com\/share\/1C1V8Gv9BX\/?mibextid=qi2Omg","article_published_time":"2015-07-30T22:00:23+00:00","author":"Patagonia Ambiental","twitter_card":"summary_large_image","twitter_creator":"@PatAmb","twitter_site":"@PatAmb","schema":{"@context":"https:\/\/schema.org","@graph":[{"@type":"Article","@id":"https:\/\/patagoniambiental.com.ar\/info\/xii-curso-internacional-de-posgrado-evaluacion-de-impacto-ambiental-nuevo-programa\/#article","isPartOf":{"@id":"https:\/\/patagoniambiental.com.ar\/info\/xii-curso-internacional-de-posgrado-evaluacion-de-impacto-ambiental-nuevo-programa\/"},"author":{"name":"Patagonia Ambiental","@id":"https:\/\/patagoniambiental.com.ar\/info\/#\/schema\/person\/db12bff64bbcbf6a253710bf0ea37b5d"},"headline":"XII Curso Internacional de Posgrado: \u00abEvaluaci\u00f3n de Impacto Ambiental\u00bb (NUEVO PROGRAMA)","datePublished":"2015-07-30T22:00:23+00:00","mainEntityOfPage":{"@id":"https:\/\/patagoniambiental.com.ar\/info\/xii-curso-internacional-de-posgrado-evaluacion-de-impacto-ambiental-nuevo-programa\/"},"wordCount":2071,"publisher":{"@id":"https:\/\/patagoniambiental.com.ar\/info\/#organization"},"image":{"@id":"https:\/\/patagoniambiental.com.ar\/info\/xii-curso-internacional-de-posgrado-evaluacion-de-impacto-ambiental-nuevo-programa\/#primaryimage"},"thumbnailUrl":"","articleSection":["Agenda Ambiental","Noticias"],"inLanguage":"es"},{"@type":"WebPage","@id":"https:\/\/patagoniambiental.com.ar\/info\/xii-curso-internacional-de-posgrado-evaluacion-de-impacto-ambiental-nuevo-programa\/","url":"https:\/\/patagoniambiental.com.ar\/info\/xii-curso-internacional-de-posgrado-evaluacion-de-impacto-ambiental-nuevo-programa\/","name":"XII Curso Internacional de Posgrado: \"Evaluaci\u00f3n de Impacto Ambiental\" (NUEVO PROGRAMA)","isPartOf":{"@id":"https:\/\/patagoniambiental.com.ar\/info\/#website"},"primaryImageOfPage":{"@id":"https:\/\/patagoniambiental.com.ar\/info\/xii-curso-internacional-de-posgrado-evaluacion-de-impacto-ambiental-nuevo-programa\/#primaryimage"},"image":{"@id":"https:\/\/patagoniambiental.com.ar\/info\/xii-curso-internacional-de-posgrado-evaluacion-de-impacto-ambiental-nuevo-programa\/#primaryimage"},"thumbnailUrl":"","datePublished":"2015-07-30T22:00:23+00:00","breadcrumb":{"@id":"https:\/\/patagoniambiental.com.ar\/info\/xii-curso-internacional-de-posgrado-evaluacion-de-impacto-ambiental-nuevo-programa\/#breadcrumb"},"inLanguage":"es","potentialAction":[{"@type":"ReadAction","target":["https:\/\/patagoniambiental.com.ar\/info\/xii-curso-internacional-de-posgrado-evaluacion-de-impacto-ambiental-nuevo-programa\/"]}]},{"@type":"ImageObject","inLanguage":"es","@id":"https:\/\/patagoniambiental.com.ar\/info\/xii-curso-internacional-de-posgrado-evaluacion-de-impacto-ambiental-nuevo-programa\/#primaryimage","url":"","contentUrl":""},{"@type":"BreadcrumbList","@id":"https:\/\/patagoniambiental.com.ar\/info\/xii-curso-internacional-de-posgrado-evaluacion-de-impacto-ambiental-nuevo-programa\/#breadcrumb","itemListElement":[{"@type":"ListItem","position":1,"name":"Inicio","item":"https:\/\/patagoniambiental.com.ar\/info\/"},{"@type":"ListItem","position":2,"name":"XII Curso Internacional de Posgrado: \u00abEvaluaci\u00f3n de Impacto Ambiental\u00bb (NUEVO PROGRAMA)"}]},{"@type":"WebSite","@id":"https:\/\/patagoniambiental.com.ar\/info\/#website","url":"https:\/\/patagoniambiental.com.ar\/info\/","name":"Patagonia Ambiental","description":"Monitoreo y an\u00e1lisis de la situaci\u00f3n geopol\u00edtica en el mundo y su implicancia en la Patagonia","publisher":{"@id":"https:\/\/patagoniambiental.com.ar\/info\/#organization"},"potentialAction":[{"@type":"SearchAction","target":{"@type":"EntryPoint","urlTemplate":"https:\/\/patagoniambiental.com.ar\/info\/?s={search_term_string}"},"query-input":{"@type":"PropertyValueSpecification","valueRequired":true,"valueName":"search_term_string"}}],"inLanguage":"es"},{"@type":"Organization","@id":"https:\/\/patagoniambiental.com.ar\/info\/#organization","name":"Patagonia Ambiental","url":"https:\/\/patagoniambiental.com.ar\/info\/","logo":{"@type":"ImageObject","inLanguage":"es","@id":"https:\/\/patagoniambiental.com.ar\/info\/#\/schema\/logo\/image\/","url":"https:\/\/patagoniambiental.com.ar\/info\/wp-content\/uploads\/2025\/05\/LOGO-PATAGONIA-AMBIENTAL.png","contentUrl":"https:\/\/patagoniambiental.com.ar\/info\/wp-content\/uploads\/2025\/05\/LOGO-PATAGONIA-AMBIENTAL.png","width":433,"height":250,"caption":"Patagonia Ambiental"},"image":{"@id":"https:\/\/patagoniambiental.com.ar\/info\/#\/schema\/logo\/image\/"},"sameAs":["https:\/\/www.facebook.com\/patagonia.ambiental","https:\/\/x.com\/PatAmb"]},{"@type":"Person","@id":"https:\/\/patagoniambiental.com.ar\/info\/#\/schema\/person\/db12bff64bbcbf6a253710bf0ea37b5d","name":"Patagonia Ambiental","description":"Andr\u00e9s Nievas T\u00e9cnico en manejo ambiental, consultor Ambiental y escritor para medios locales e internacionales sobre temas de geopolitica y medio ambiente.","sameAs":["http:\/\/www.patagoniambiental.com.ar","https:\/\/www.facebook.com\/share\/1C1V8Gv9BX\/?mibextid=qi2Omg","@patagoniambiental","https:\/\/youtube.com\/@patagoniaambiental2023?si=BLt58t0wuXquxlYZ"]}]}},"_links":{"self":[{"href":"https:\/\/patagoniambiental.com.ar\/info\/wp-json\/wp\/v2\/posts\/13096","targetHints":{"allow":["GET"]}}],"collection":[{"href":"https:\/\/patagoniambiental.com.ar\/info\/wp-json\/wp\/v2\/posts"}],"about":[{"href":"https:\/\/patagoniambiental.com.ar\/info\/wp-json\/wp\/v2\/types\/post"}],"author":[{"embeddable":true,"href":"https:\/\/patagoniambiental.com.ar\/info\/wp-json\/wp\/v2\/users\/2"}],"replies":[{"embeddable":true,"href":"https:\/\/patagoniambiental.com.ar\/info\/wp-json\/wp\/v2\/comments?post=13096"}],"version-history":[{"count":0,"href":"https:\/\/patagoniambiental.com.ar\/info\/wp-json\/wp\/v2\/posts\/13096\/revisions"}],"wp:featuredmedia":[{"embeddable":true,"href":"https:\/\/patagoniambiental.com.ar\/info\/wp-json\/"}],"wp:attachment":[{"href":"https:\/\/patagoniambiental.com.ar\/info\/wp-json\/wp\/v2\/media?parent=13096"}],"wp:term":[{"taxonomy":"category","embeddable":true,"href":"https:\/\/patagoniambiental.com.ar\/info\/wp-json\/wp\/v2\/categories?post=13096"},{"taxonomy":"post_tag","embeddable":true,"href":"https:\/\/patagoniambiental.com.ar\/info\/wp-json\/wp\/v2\/tags?post=13096"}],"curies":[{"name":"wp","href":"https:\/\/api.w.org\/{rel}","templated":true}]}}