{"id":13100,"date":"2015-07-30T19:00:02","date_gmt":"2015-07-30T22:00:02","guid":{"rendered":"http:\/\/patagoniambiental.com.ar\/?p=13100"},"modified":"2015-07-30T19:00:02","modified_gmt":"2015-07-30T22:00:02","slug":"diplomatura-de-generacion-eoloelectrica-modalidad-a-distancia","status":"publish","type":"post","link":"https:\/\/patagoniambiental.com.ar\/info\/diplomatura-de-generacion-eoloelectrica-modalidad-a-distancia\/","title":{"rendered":"Diplomatura de Generaci\u00f3n Eoloel\u00e9ctrica \/ Modalidad a Distancia"},"content":{"rendered":"<p>Flores.- El 17 de agosto dara comienzo la Diplomatura de Generaci\u00f3n Eoloel\u00e9ctrica en la modalidad a distancia a cargo de la Universidad de Flores. Oganizan el evento la Asociaci\u00f3n Argentina de Energ\u00eda E\u00f3lica, la Universidad de Flores\u00a0y el GIZ (Alemania).<br \/>\n<!--more--><\/p>\n<p><strong>Tipo de actividad: Actividades Extracurriculares<br \/>\n<\/strong><strong>Fecha inicio:<\/strong> 17\/08\/2015 00:00hs<br \/>\n<strong>Fecha final:<\/strong> 30\/06\/2016 00:00hs<br \/>\n<strong>Descripci\u00c3\u0192\u00c2\u00b3n:<\/strong>Fecha de Inicio: 17 de Agosto de 2015<\/p>\n<p><strong>Destinatarios:<\/strong><\/p>\n<p>Esta Diplomatura est\u00e1 programada para graduados de carreras t\u00e9cnicas vinculadas al \u00e1rea de la ingenier\u00eda en cualquiera de sus especialidades, particularmente aquellas afines con la ingenier\u00eda mec\u00e1nica, electromec\u00e1nica, el\u00e9ctrica, civil y de sistemas. Merced a los M\u00f3dulos I y II, se procura nivelar conocimientos b\u00e1sicos para permitir incorporar al curso tambi\u00e9n a graduados de otras carreras universitarias (\u00e1reas derecho, sociolog\u00eda, ambientales y otras)<\/p>\n<p><strong>Objetivos<\/strong><\/p>\n<ul>\n<li>Formar profesionales en el \u00e1rea del aprovechamiento de la energ\u00eda e\u00f3lica.<\/li>\n<li>\u201cAfianzar los conocimientos requeridos para operar en la conversi\u00f3n de la energ\u00eda Cin\u00e9tica del viento en energ\u00eda el\u00e9ctrica.\u201d<\/li>\n<li>Afianzar los conocimientos requeridos para entender el funcionamiento y los procedimientos propios para el dise\u00f1o de aerogeneradores y su instalaci\u00f3n en puntos aislados o en granjas conectadas a la red.<\/li>\n<li>Formar a los destinatarios para el desarrollo de un estudio de recurso e\u00f3lico.<\/li>\n<li>Capacitar al alumno para que pueda formular y evaluar proyectos de energ\u00eda e\u00f3lica.<\/li>\n<li>Dar a conocer los diferentes mecanismos legales, operacionales y procedimientos que han servido como factor de \u00e9xito o de fracaso a nivel mundial para el desarrollo en materia de energ\u00eda e\u00f3lica, reconociendo su importancia e implicaciones en la pr\u00e1ctica.<\/li>\n<li>Proponer el an\u00e1lisis de la factibilidad de los sistemas Viento \u2013 Hidr\u00f3geno.<\/li>\n<\/ul>\n<p><strong>Criterios de admisi\u00f3n<\/strong><\/p>\n<p><strong>Podr\u00e1n inscribirse en este curso:<\/strong><\/p>\n<ul>\n<li>Ingenieros graduados de Universidades reconocidas por el Ministerio de Educaci\u00f3n de la Rep\u00fablica Argentina.<\/li>\n<li>Ingenieros graduados en cualquier universidad del mundo cuyos t\u00edtulos sean v\u00e1lidos en la Rep\u00fablica Argentina.<\/li>\n<li>Graduados universitarios en otras carreras pero que demuestren los conocimientos t\u00e9cnicos requeridos para poder asimilar los contenidos del curso.<\/li>\n<li>Personal t\u00e9cnico que demuestre acreditaci\u00f3n equivalente por pr\u00e1cticas reconocidas.<\/li>\n<\/ul>\n<p><strong>Contenidos<\/strong><\/p>\n<p><strong>En contenido del curso de encuentra organizado en 8 m\u00f3dulos que contemplan los siguientes temas:<\/strong><\/p>\n<ul>\n<li><strong>M\u00f3dulo I:<\/strong> Recapitulaci\u00f3n de fundamentos de F\u00edsica, Termodin\u00e1mica y Electricidad.<\/li>\n<li><strong>M\u00f3dulo II:<\/strong> Recapitulaci\u00f3n de fundamentos de Matem\u00e1tica y Estad\u00edsticas<\/li>\n<li><strong>M\u00f3dulo III:<\/strong> Recapitulaci\u00f3n de los conceptos de Aerodin\u00e1mica requeridos para un adecuado conocimiento de la operatoria de las turbinas e\u00f3licas. Diferentes tecnolog\u00edas<\/li>\n<li><strong>M\u00f3dulo IV:<\/strong> M\u00e1quinas El\u00e9ctricas. Redes el\u00e9ctricas.<\/li>\n<li><strong>M\u00f3dulo V:<\/strong> Regulaci\u00f3n y Control.<\/li>\n<li><strong>M\u00f3dulo VI:<\/strong> La conversi\u00f3n de energ\u00eda eoloel\u00e9ctrica con diferentes tecnolog\u00edas. Energ\u00eda E\u00f3lica, desarrollo y perspectivas a nivel global, regional y en la Argentina.<\/li>\n<li><strong>Modulo VII:<\/strong> La legislaci\u00f3n de energ\u00edas renovables a nivel global, regional y en la Argentina, su regulaci\u00f3n y la gesti\u00f3n econ\u00f3mica &#8211; financiera de los proyectos. Recopilaci\u00f3n y utilizaci\u00f3n de software a fines existentes.<\/li>\n<li><strong>M\u00f3dulo VIII:<\/strong> Medici\u00f3n de vientos, an\u00e1lisis del recurso e\u00f3lico y predicci\u00f3n a corto plazo. Recopilaci\u00f3n y utilizaci\u00f3n de software a fines existentes.<\/li>\n<\/ul>\n<p><strong>Duraci\u00f3n de la Diplomatura<\/strong><\/p>\n<p>La Diplomatura es 100% virtual. La duraci\u00f3n est\u00e1 estipulada en 120 horas.<\/p>\n<p>La misma est\u00e1 dividida en 8 m\u00f3dulos. Cada m\u00f3dulo prev\u00e9 una duraci\u00f3n aproximada de 3 o 4 semanas. No obstante la informaci\u00f3n de los mismos permanece disponible durante toda la cursada para su consulta.<\/p>\n<p>Las \u00faltimas dos semanas forman parte del per\u00edodo de evaluaci\u00f3n final del curso. La Duraci\u00f3n estimada total de la Diplomatura es de un a\u00f1o.<\/p>\n<p><strong>Carga horaria prevista de estudio<\/strong><\/p>\n<p>La carga horaria prevista semanalmente para los alumnos es de 8hs. de estudio<br \/>\nindependiente reparti\u00e9ndose \u00e9stas entre el estudio de los m\u00f3dulos, la resoluci\u00f3n de la actividad prevista para cada m\u00f3dulo y las instancias de interactividad entre tutor &#8211; alumnos, y alumno alumno.-<\/p>\n<p><strong>Soporte tecnol\u00f3gico<\/strong><\/p>\n<p>El aprendizaje ser\u00e1 mediado a trav\u00e9s de la interfase tecnol\u00f3gica que ofrece la plataforma de educaci\u00f3n a distancia de la UFLO, con la utilizaci\u00f3n de aula virtual, foros de discusi\u00f3n, chat, correo electr\u00f3nico.<\/p>\n<p><strong>Materiales de estudio<\/strong><\/p>\n<p>Material digitalizado: el contenido de los materiales de estudio, calendario, evaluaci\u00f3n, lecturas y materiales complementarios estar\u00e1 disponible para los alumnos en la plataforma de educaci\u00f3n a distancia, a la que acceder\u00e1n con un usuario y clave.<\/p>\n<p><strong>Dise\u00f1o metodol\u00f3gico- formas de evaluaci\u00f3n<\/strong><\/p>\n<p>El contenido se dicta completamente a distancia, a trav\u00e9s de la plataforma de elearning que ofrece la Universidad de Flores para sus estudios con esta modalidad .<br \/>\nEl alumno acceder\u00e1 a los m\u00f3dulos a trav\u00e9s del campus virtual, y ser\u00e1 orientado de manera permanente por su tutor por medio del buz\u00f3n de mensajes de la plataforma.<br \/>\n<strong>Para el abordaje de cada uno de los m\u00f3dulos se prev\u00e9n las siguientes actividades por partedel alumno:<\/strong><\/p>\n<ul>\n<li>Lectura y an\u00e1lisis de los M\u00f3dulos ( documentos en pdf y en PowerPoint)<\/li>\n<li>Realizaci\u00f3n de actividades individuales y\/o grupales que ser\u00e1n corregidas por el docente a cargo. Consistir\u00e1n en una actividad final por M\u00f3dulo, en la que el cursante demostrar\u00e1 haber comprendido los temas desarrollados.<\/li>\n<li>Evaluaci\u00f3n final del curso: modalidad a distancia.<\/li>\n<\/ul>\n<p><strong>Cuerpo Acad\u00e9mico:<\/strong><\/p>\n<ul>\n<li>Profesores expertos en las disciplinas (docentes del \u00e1rea de matem\u00e1tica, f\u00edsica, ingenier\u00eda mec\u00e1nica, ingenier\u00eda el\u00e9ctrica, etc). Entre ellos mencionamos:<\/li>\n<\/ul>\n<p><strong>Aguirre, Juan Ingeniero Mec\u00e1nico<\/strong><br \/>\n<strong>Gil, Jorge Ingeniero Mec\u00e1nico Electricista<\/strong><br \/>\n<strong>Gonz\u00e1lez, Ariel T\u00e9cnico Terciario Superior<\/strong><br \/>\n<strong>Maislin, Jorge Ing.Electricista e Ing. Electr\u00f3nico<\/strong><br \/>\n<strong>Sainz, Cristian Dr. en Derecho<\/strong><br \/>\n<strong>Scarabino, Ana Dra. Ing. Aeron\u00e1utica<\/strong><br \/>\n<strong>Spinadel, Erico Ing. Industrial Doctor UBA<\/strong><br \/>\n<strong>Spinadel, Vera Martha W. de Dra. en Ciencias F\u00edsico-Matem\u00e1ticas<\/strong><br \/>\n<strong>Visintin, Arnaldo Dr. en Qu\u00edmica<\/strong><\/p>\n<ul>\n<li>Tutores<\/li>\n<\/ul>\n<p><strong>Ing. Aguirre, Juan<\/strong><br \/>\n<strong>Prof, Blumenfarb, Jorge<\/strong><br \/>\n<strong>Cont. P\u00fabl. Figueroa Diana<\/strong><br \/>\n<strong>Ing. Gamallo, Florencio<\/strong><br \/>\n<strong>Ing. Gil, Jorge<\/strong><br \/>\n<strong>Prof. Gogni, Valeria<\/strong><br \/>\n<strong>Prof. Gonzalez Ariel<\/strong><br \/>\n<strong>Prof. Dra. Ing. Scarabino, Ana<\/strong><br \/>\n<strong>Prof. Dr. Ing Spinadel, Erico<\/strong><br \/>\n<strong>Prof. Van Dam Esteban<\/strong><br \/>\n<strong>Dr. Visintin, Arnaldo<\/strong><\/p>\n<ul>\n<li>Tutor\u00edas<\/li>\n<\/ul>\n<p>La comunicaci\u00f3n del tutor con los estudiantes se realizar\u00e1 a trav\u00e9s del correo electr\u00f3nico, y del foro correspondiente al curso. Se incentivar\u00e1 la comunicaci\u00f3n de los alumnos entre s\u00ed y con su tutor discutiendo temas de inter\u00e9s com\u00fan a trav\u00e9s del foro. El objetivo de las tutor\u00edas es acompa\u00f1ar el aprendizaje y realizar la evaluaci\u00f3n constante del proceso de aprendizaje. La periodicidad de las consultas depender\u00e1 de los requerimientos de los alumnos.<\/p>\n<ul>\n<li><strong>Acreditaci\u00f3n<\/strong><\/li>\n<\/ul>\n<p>Se acreditar\u00e1 la totalidad de la Diplomatura se aprueben, dentro de los tiempos estipulados, las actividades correspondientes a los distintos m\u00f3dulos y luego de rendir y aprobar la evaluaci\u00f3n final.<\/p>\n<p>Al finalizar, la UFLO otorgar\u00e1 la certificaci\u00f3n correspondiente a la aprobaci\u00f3n, con el patrocinio de la Asociaci\u00f3n Argentina de Energ\u00eda E\u00f3lica y GIZ (Alemania).<br \/>\nSe podr\u00e1 solicitar la recomendaci\u00f3n para una beca de perfeccionamiento en Alemania.<\/p>\n<p>Consultas espec\u00edficas, aranceles, documentaci\u00f3n requerida para la inscripci\u00f3n o m\u00e1s informaci\u00f3n sobre la Diplomatura en Generaci\u00f3n Eoloel\u00e9ctrica a Distancia escribir a el <strong>Lic. Facundo Petit de Murat<\/strong><\/p>\n<p>e-mail:<strong> secretariadeposgrado@ uflo.edu.ar<\/strong><\/p>\n<p><a href=\"http:\/\/patagoniambiental.com.ar\/wp-content\/uploads\/2015\/07\/Info-General-Diplomatura-GEE-2015-2016.pdf\">Info General Diplomatura GEE 2015-2016<\/a><\/p>\n<p>Aranceles <a href=\"http:\/\/patagoniambiental.com.ar\/wp-content\/uploads\/2015\/07\/Curso-GEE-2015-2016.pdf\">Curso GEE 2015-2016<\/a><\/p>\n<p>Fuente: Universidad de Flores<\/p>\n<p>&nbsp;<\/p>\n","protected":false},"excerpt":{"rendered":"<p>Flores.- El 17 de agosto dara comienzo la Diplomatura de Generaci\u00f3n Eoloel\u00e9ctrica en la modalidad a distancia a cargo de [&hellip;]<\/p>\n","protected":false},"author":2,"featured_media":9717,"comment_status":"closed","ping_status":"closed","sticky":false,"template":"","format":"standard","meta":{"site-sidebar-layout":"default","site-content-layout":"","ast-site-content-layout":"default","site-content-style":"default","site-sidebar-style":"default","ast-global-header-display":"","ast-banner-title-visibility":"","ast-main-header-display":"","ast-hfb-above-header-display":"","ast-hfb-below-header-display":"","ast-hfb-mobile-header-display":"","site-post-title":"","ast-breadcrumbs-content":"","ast-featured-img":"","footer-sml-layout":"","ast-disable-related-posts":"","theme-transparent-header-meta":"","adv-header-id-meta":"","stick-header-meta":"","header-above-stick-meta":"","header-main-stick-meta":"","header-below-stick-meta":"","astra-migrate-meta-layouts":"default","ast-page-background-enabled":"default","ast-page-background-meta":{"desktop":{"background-color":"var(--ast-global-color-5)","background-image":"","background-repeat":"repeat","background-position":"center center","background-size":"auto","background-attachment":"scroll","background-type":"","background-media":"","overlay-type":"","overlay-color":"","overlay-opacity":"","overlay-gradient":""},"tablet":{"background-color":"","background-image":"","background-repeat":"repeat","background-position":"center center","background-size":"auto","background-attachment":"scroll","background-type":"","background-media":"","overlay-type":"","overlay-color":"","overlay-opacity":"","overlay-gradient":""},"mobile":{"background-color":"","background-image":"","background-repeat":"repeat","background-position":"center center","background-size":"auto","background-attachment":"scroll","background-type":"","background-media":"","overlay-type":"","overlay-color":"","overlay-opacity":"","overlay-gradient":""}},"ast-content-background-meta":{"desktop":{"background-color":"var(--ast-global-color-4)","background-image":"","background-repeat":"repeat","background-position":"center center","background-size":"auto","background-attachment":"scroll","background-type":"","background-media":"","overlay-type":"","overlay-color":"","overlay-opacity":"","overlay-gradient":""},"tablet":{"background-color":"var(--ast-global-color-4)","background-image":"","background-repeat":"repeat","background-position":"center center","background-size":"auto","background-attachment":"scroll","background-type":"","background-media":"","overlay-type":"","overlay-color":"","overlay-opacity":"","overlay-gradient":""},"mobile":{"background-color":"var(--ast-global-color-4)","background-image":"","background-repeat":"repeat","background-position":"center center","background-size":"auto","background-attachment":"scroll","background-type":"","background-media":"","overlay-type":"","overlay-color":"","overlay-opacity":"","overlay-gradient":""}},"footnotes":""},"categories":[12,1],"tags":[],"class_list":["post-13100","post","type-post","status-publish","format-standard","has-post-thumbnail","hentry","category-agenda-ambiental","category-noticias"],"yoast_head":"<!-- This site is optimized with the Yoast SEO Premium plugin v23.0 (Yoast SEO v27.4) - https:\/\/yoast.com\/product\/yoast-seo-premium-wordpress\/ -->\n<title>Diplomatura de Generaci\u00f3n Eoloel\u00e9ctrica \/ Modalidad a Distancia<\/title>\n<meta name=\"robots\" content=\"index, follow, max-snippet:-1, max-image-preview:large, max-video-preview:-1\" \/>\n<link rel=\"canonical\" href=\"https:\/\/patagoniambiental.com.ar\/info\/diplomatura-de-generacion-eoloelectrica-modalidad-a-distancia\/\" \/>\n<meta property=\"og:locale\" content=\"es_ES\" \/>\n<meta property=\"og:type\" content=\"article\" \/>\n<meta property=\"og:title\" content=\"Diplomatura de Generaci\u00f3n Eoloel\u00e9ctrica \/ Modalidad a Distancia\" \/>\n<meta property=\"og:description\" content=\"Flores.- El 17 de agosto dara comienzo la Diplomatura de Generaci\u00f3n Eoloel\u00e9ctrica en la modalidad a distancia a cargo de [&hellip;]\" \/>\n<meta property=\"og:url\" content=\"https:\/\/patagoniambiental.com.ar\/info\/diplomatura-de-generacion-eoloelectrica-modalidad-a-distancia\/\" \/>\n<meta property=\"og:site_name\" content=\"Patagonia Ambiental\" \/>\n<meta property=\"article:publisher\" content=\"https:\/\/www.facebook.com\/patagonia.ambiental\" \/>\n<meta property=\"article:author\" content=\"https:\/\/www.facebook.com\/share\/1C1V8Gv9BX\/?mibextid=qi2Omg\" \/>\n<meta property=\"article:published_time\" content=\"2015-07-30T22:00:02+00:00\" \/>\n<meta name=\"author\" content=\"Patagonia Ambiental\" \/>\n<meta name=\"twitter:card\" content=\"summary_large_image\" \/>\n<meta name=\"twitter:creator\" content=\"@PatAmb\" \/>\n<meta name=\"twitter:site\" content=\"@PatAmb\" \/>\n<script type=\"application\/ld+json\" class=\"yoast-schema-graph\">{\"@context\":\"https:\\\/\\\/schema.org\",\"@graph\":[{\"@type\":\"Article\",\"@id\":\"https:\\\/\\\/patagoniambiental.com.ar\\\/info\\\/diplomatura-de-generacion-eoloelectrica-modalidad-a-distancia\\\/#article\",\"isPartOf\":{\"@id\":\"https:\\\/\\\/patagoniambiental.com.ar\\\/info\\\/diplomatura-de-generacion-eoloelectrica-modalidad-a-distancia\\\/\"},\"author\":{\"name\":\"Patagonia Ambiental\",\"@id\":\"https:\\\/\\\/patagoniambiental.com.ar\\\/info\\\/#\\\/schema\\\/person\\\/db12bff64bbcbf6a253710bf0ea37b5d\"},\"headline\":\"Diplomatura de Generaci\u00f3n Eoloel\u00e9ctrica \\\/ Modalidad a Distancia\",\"datePublished\":\"2015-07-30T22:00:02+00:00\",\"mainEntityOfPage\":{\"@id\":\"https:\\\/\\\/patagoniambiental.com.ar\\\/info\\\/diplomatura-de-generacion-eoloelectrica-modalidad-a-distancia\\\/\"},\"wordCount\":1267,\"publisher\":{\"@id\":\"https:\\\/\\\/patagoniambiental.com.ar\\\/info\\\/#organization\"},\"image\":{\"@id\":\"https:\\\/\\\/patagoniambiental.com.ar\\\/info\\\/diplomatura-de-generacion-eoloelectrica-modalidad-a-distancia\\\/#primaryimage\"},\"thumbnailUrl\":\"\",\"articleSection\":[\"Agenda Ambiental\",\"Noticias\"],\"inLanguage\":\"es\"},{\"@type\":\"WebPage\",\"@id\":\"https:\\\/\\\/patagoniambiental.com.ar\\\/info\\\/diplomatura-de-generacion-eoloelectrica-modalidad-a-distancia\\\/\",\"url\":\"https:\\\/\\\/patagoniambiental.com.ar\\\/info\\\/diplomatura-de-generacion-eoloelectrica-modalidad-a-distancia\\\/\",\"name\":\"Diplomatura de Generaci\u00f3n Eoloel\u00e9ctrica \\\/ Modalidad a Distancia\",\"isPartOf\":{\"@id\":\"https:\\\/\\\/patagoniambiental.com.ar\\\/info\\\/#website\"},\"primaryImageOfPage\":{\"@id\":\"https:\\\/\\\/patagoniambiental.com.ar\\\/info\\\/diplomatura-de-generacion-eoloelectrica-modalidad-a-distancia\\\/#primaryimage\"},\"image\":{\"@id\":\"https:\\\/\\\/patagoniambiental.com.ar\\\/info\\\/diplomatura-de-generacion-eoloelectrica-modalidad-a-distancia\\\/#primaryimage\"},\"thumbnailUrl\":\"\",\"datePublished\":\"2015-07-30T22:00:02+00:00\",\"breadcrumb\":{\"@id\":\"https:\\\/\\\/patagoniambiental.com.ar\\\/info\\\/diplomatura-de-generacion-eoloelectrica-modalidad-a-distancia\\\/#breadcrumb\"},\"inLanguage\":\"es\",\"potentialAction\":[{\"@type\":\"ReadAction\",\"target\":[\"https:\\\/\\\/patagoniambiental.com.ar\\\/info\\\/diplomatura-de-generacion-eoloelectrica-modalidad-a-distancia\\\/\"]}]},{\"@type\":\"ImageObject\",\"inLanguage\":\"es\",\"@id\":\"https:\\\/\\\/patagoniambiental.com.ar\\\/info\\\/diplomatura-de-generacion-eoloelectrica-modalidad-a-distancia\\\/#primaryimage\",\"url\":\"\",\"contentUrl\":\"\"},{\"@type\":\"BreadcrumbList\",\"@id\":\"https:\\\/\\\/patagoniambiental.com.ar\\\/info\\\/diplomatura-de-generacion-eoloelectrica-modalidad-a-distancia\\\/#breadcrumb\",\"itemListElement\":[{\"@type\":\"ListItem\",\"position\":1,\"name\":\"Inicio\",\"item\":\"https:\\\/\\\/patagoniambiental.com.ar\\\/info\\\/\"},{\"@type\":\"ListItem\",\"position\":2,\"name\":\"Diplomatura de Generaci\u00f3n Eoloel\u00e9ctrica \\\/ Modalidad a Distancia\"}]},{\"@type\":\"WebSite\",\"@id\":\"https:\\\/\\\/patagoniambiental.com.ar\\\/info\\\/#website\",\"url\":\"https:\\\/\\\/patagoniambiental.com.ar\\\/info\\\/\",\"name\":\"Patagonia Ambiental\",\"description\":\"Monitoreo y an\u00e1lisis de la situaci\u00f3n geopol\u00edtica en el mundo y su implicancia en la Patagonia\",\"publisher\":{\"@id\":\"https:\\\/\\\/patagoniambiental.com.ar\\\/info\\\/#organization\"},\"potentialAction\":[{\"@type\":\"SearchAction\",\"target\":{\"@type\":\"EntryPoint\",\"urlTemplate\":\"https:\\\/\\\/patagoniambiental.com.ar\\\/info\\\/?s={search_term_string}\"},\"query-input\":{\"@type\":\"PropertyValueSpecification\",\"valueRequired\":true,\"valueName\":\"search_term_string\"}}],\"inLanguage\":\"es\"},{\"@type\":\"Organization\",\"@id\":\"https:\\\/\\\/patagoniambiental.com.ar\\\/info\\\/#organization\",\"name\":\"Patagonia Ambiental\",\"url\":\"https:\\\/\\\/patagoniambiental.com.ar\\\/info\\\/\",\"logo\":{\"@type\":\"ImageObject\",\"inLanguage\":\"es\",\"@id\":\"https:\\\/\\\/patagoniambiental.com.ar\\\/info\\\/#\\\/schema\\\/logo\\\/image\\\/\",\"url\":\"https:\\\/\\\/patagoniambiental.com.ar\\\/info\\\/wp-content\\\/uploads\\\/2025\\\/05\\\/LOGO-PATAGONIA-AMBIENTAL.png\",\"contentUrl\":\"https:\\\/\\\/patagoniambiental.com.ar\\\/info\\\/wp-content\\\/uploads\\\/2025\\\/05\\\/LOGO-PATAGONIA-AMBIENTAL.png\",\"width\":433,\"height\":250,\"caption\":\"Patagonia Ambiental\"},\"image\":{\"@id\":\"https:\\\/\\\/patagoniambiental.com.ar\\\/info\\\/#\\\/schema\\\/logo\\\/image\\\/\"},\"sameAs\":[\"https:\\\/\\\/www.facebook.com\\\/patagonia.ambiental\",\"https:\\\/\\\/x.com\\\/PatAmb\"]},{\"@type\":\"Person\",\"@id\":\"https:\\\/\\\/patagoniambiental.com.ar\\\/info\\\/#\\\/schema\\\/person\\\/db12bff64bbcbf6a253710bf0ea37b5d\",\"name\":\"Patagonia Ambiental\",\"description\":\"Andr\u00e9s Nievas T\u00e9cnico en manejo ambiental, consultor Ambiental y escritor para medios locales e internacionales sobre temas de geopolitica y medio ambiente.\",\"sameAs\":[\"http:\\\/\\\/www.patagoniambiental.com.ar\",\"https:\\\/\\\/www.facebook.com\\\/share\\\/1C1V8Gv9BX\\\/?mibextid=qi2Omg\",\"@patagoniambiental\",\"https:\\\/\\\/youtube.com\\\/@patagoniaambiental2023?si=BLt58t0wuXquxlYZ\"]}]}<\/script>\n<!-- \/ Yoast SEO Premium plugin. -->","yoast_head_json":{"title":"Diplomatura de Generaci\u00f3n Eoloel\u00e9ctrica \/ Modalidad a Distancia","robots":{"index":"index","follow":"follow","max-snippet":"max-snippet:-1","max-image-preview":"max-image-preview:large","max-video-preview":"max-video-preview:-1"},"canonical":"https:\/\/patagoniambiental.com.ar\/info\/diplomatura-de-generacion-eoloelectrica-modalidad-a-distancia\/","og_locale":"es_ES","og_type":"article","og_title":"Diplomatura de Generaci\u00f3n Eoloel\u00e9ctrica \/ Modalidad a Distancia","og_description":"Flores.- El 17 de agosto dara comienzo la Diplomatura de Generaci\u00f3n Eoloel\u00e9ctrica en la modalidad a distancia a cargo de [&hellip;]","og_url":"https:\/\/patagoniambiental.com.ar\/info\/diplomatura-de-generacion-eoloelectrica-modalidad-a-distancia\/","og_site_name":"Patagonia Ambiental","article_publisher":"https:\/\/www.facebook.com\/patagonia.ambiental","article_author":"https:\/\/www.facebook.com\/share\/1C1V8Gv9BX\/?mibextid=qi2Omg","article_published_time":"2015-07-30T22:00:02+00:00","author":"Patagonia Ambiental","twitter_card":"summary_large_image","twitter_creator":"@PatAmb","twitter_site":"@PatAmb","schema":{"@context":"https:\/\/schema.org","@graph":[{"@type":"Article","@id":"https:\/\/patagoniambiental.com.ar\/info\/diplomatura-de-generacion-eoloelectrica-modalidad-a-distancia\/#article","isPartOf":{"@id":"https:\/\/patagoniambiental.com.ar\/info\/diplomatura-de-generacion-eoloelectrica-modalidad-a-distancia\/"},"author":{"name":"Patagonia Ambiental","@id":"https:\/\/patagoniambiental.com.ar\/info\/#\/schema\/person\/db12bff64bbcbf6a253710bf0ea37b5d"},"headline":"Diplomatura de Generaci\u00f3n Eoloel\u00e9ctrica \/ Modalidad a Distancia","datePublished":"2015-07-30T22:00:02+00:00","mainEntityOfPage":{"@id":"https:\/\/patagoniambiental.com.ar\/info\/diplomatura-de-generacion-eoloelectrica-modalidad-a-distancia\/"},"wordCount":1267,"publisher":{"@id":"https:\/\/patagoniambiental.com.ar\/info\/#organization"},"image":{"@id":"https:\/\/patagoniambiental.com.ar\/info\/diplomatura-de-generacion-eoloelectrica-modalidad-a-distancia\/#primaryimage"},"thumbnailUrl":"","articleSection":["Agenda Ambiental","Noticias"],"inLanguage":"es"},{"@type":"WebPage","@id":"https:\/\/patagoniambiental.com.ar\/info\/diplomatura-de-generacion-eoloelectrica-modalidad-a-distancia\/","url":"https:\/\/patagoniambiental.com.ar\/info\/diplomatura-de-generacion-eoloelectrica-modalidad-a-distancia\/","name":"Diplomatura de Generaci\u00f3n Eoloel\u00e9ctrica \/ Modalidad a Distancia","isPartOf":{"@id":"https:\/\/patagoniambiental.com.ar\/info\/#website"},"primaryImageOfPage":{"@id":"https:\/\/patagoniambiental.com.ar\/info\/diplomatura-de-generacion-eoloelectrica-modalidad-a-distancia\/#primaryimage"},"image":{"@id":"https:\/\/patagoniambiental.com.ar\/info\/diplomatura-de-generacion-eoloelectrica-modalidad-a-distancia\/#primaryimage"},"thumbnailUrl":"","datePublished":"2015-07-30T22:00:02+00:00","breadcrumb":{"@id":"https:\/\/patagoniambiental.com.ar\/info\/diplomatura-de-generacion-eoloelectrica-modalidad-a-distancia\/#breadcrumb"},"inLanguage":"es","potentialAction":[{"@type":"ReadAction","target":["https:\/\/patagoniambiental.com.ar\/info\/diplomatura-de-generacion-eoloelectrica-modalidad-a-distancia\/"]}]},{"@type":"ImageObject","inLanguage":"es","@id":"https:\/\/patagoniambiental.com.ar\/info\/diplomatura-de-generacion-eoloelectrica-modalidad-a-distancia\/#primaryimage","url":"","contentUrl":""},{"@type":"BreadcrumbList","@id":"https:\/\/patagoniambiental.com.ar\/info\/diplomatura-de-generacion-eoloelectrica-modalidad-a-distancia\/#breadcrumb","itemListElement":[{"@type":"ListItem","position":1,"name":"Inicio","item":"https:\/\/patagoniambiental.com.ar\/info\/"},{"@type":"ListItem","position":2,"name":"Diplomatura de Generaci\u00f3n Eoloel\u00e9ctrica \/ Modalidad a Distancia"}]},{"@type":"WebSite","@id":"https:\/\/patagoniambiental.com.ar\/info\/#website","url":"https:\/\/patagoniambiental.com.ar\/info\/","name":"Patagonia Ambiental","description":"Monitoreo y an\u00e1lisis de la situaci\u00f3n geopol\u00edtica en el mundo y su implicancia en la Patagonia","publisher":{"@id":"https:\/\/patagoniambiental.com.ar\/info\/#organization"},"potentialAction":[{"@type":"SearchAction","target":{"@type":"EntryPoint","urlTemplate":"https:\/\/patagoniambiental.com.ar\/info\/?s={search_term_string}"},"query-input":{"@type":"PropertyValueSpecification","valueRequired":true,"valueName":"search_term_string"}}],"inLanguage":"es"},{"@type":"Organization","@id":"https:\/\/patagoniambiental.com.ar\/info\/#organization","name":"Patagonia Ambiental","url":"https:\/\/patagoniambiental.com.ar\/info\/","logo":{"@type":"ImageObject","inLanguage":"es","@id":"https:\/\/patagoniambiental.com.ar\/info\/#\/schema\/logo\/image\/","url":"https:\/\/patagoniambiental.com.ar\/info\/wp-content\/uploads\/2025\/05\/LOGO-PATAGONIA-AMBIENTAL.png","contentUrl":"https:\/\/patagoniambiental.com.ar\/info\/wp-content\/uploads\/2025\/05\/LOGO-PATAGONIA-AMBIENTAL.png","width":433,"height":250,"caption":"Patagonia Ambiental"},"image":{"@id":"https:\/\/patagoniambiental.com.ar\/info\/#\/schema\/logo\/image\/"},"sameAs":["https:\/\/www.facebook.com\/patagonia.ambiental","https:\/\/x.com\/PatAmb"]},{"@type":"Person","@id":"https:\/\/patagoniambiental.com.ar\/info\/#\/schema\/person\/db12bff64bbcbf6a253710bf0ea37b5d","name":"Patagonia Ambiental","description":"Andr\u00e9s Nievas T\u00e9cnico en manejo ambiental, consultor Ambiental y escritor para medios locales e internacionales sobre temas de geopolitica y medio ambiente.","sameAs":["http:\/\/www.patagoniambiental.com.ar","https:\/\/www.facebook.com\/share\/1C1V8Gv9BX\/?mibextid=qi2Omg","@patagoniambiental","https:\/\/youtube.com\/@patagoniaambiental2023?si=BLt58t0wuXquxlYZ"]}]}},"_links":{"self":[{"href":"https:\/\/patagoniambiental.com.ar\/info\/wp-json\/wp\/v2\/posts\/13100","targetHints":{"allow":["GET"]}}],"collection":[{"href":"https:\/\/patagoniambiental.com.ar\/info\/wp-json\/wp\/v2\/posts"}],"about":[{"href":"https:\/\/patagoniambiental.com.ar\/info\/wp-json\/wp\/v2\/types\/post"}],"author":[{"embeddable":true,"href":"https:\/\/patagoniambiental.com.ar\/info\/wp-json\/wp\/v2\/users\/2"}],"replies":[{"embeddable":true,"href":"https:\/\/patagoniambiental.com.ar\/info\/wp-json\/wp\/v2\/comments?post=13100"}],"version-history":[{"count":0,"href":"https:\/\/patagoniambiental.com.ar\/info\/wp-json\/wp\/v2\/posts\/13100\/revisions"}],"wp:featuredmedia":[{"embeddable":true,"href":"https:\/\/patagoniambiental.com.ar\/info\/wp-json\/"}],"wp:attachment":[{"href":"https:\/\/patagoniambiental.com.ar\/info\/wp-json\/wp\/v2\/media?parent=13100"}],"wp:term":[{"taxonomy":"category","embeddable":true,"href":"https:\/\/patagoniambiental.com.ar\/info\/wp-json\/wp\/v2\/categories?post=13100"},{"taxonomy":"post_tag","embeddable":true,"href":"https:\/\/patagoniambiental.com.ar\/info\/wp-json\/wp\/v2\/tags?post=13100"}],"curies":[{"name":"wp","href":"https:\/\/api.w.org\/{rel}","templated":true}]}}