{"id":13114,"date":"2015-07-30T19:00:48","date_gmt":"2015-07-30T22:00:48","guid":{"rendered":"http:\/\/patagoniambiental.com.ar\/?p=13114"},"modified":"2015-07-30T19:00:48","modified_gmt":"2015-07-30T22:00:48","slug":"promueven-la-construccion-de-un-parque-de-energia-solar-en-chos-malal","status":"publish","type":"post","link":"https:\/\/patagoniambiental.com.ar\/info\/promueven-la-construccion-de-un-parque-de-energia-solar-en-chos-malal\/","title":{"rendered":"Promueven la construcci\u00f3n de un parque de energ\u00eda solar en Chos Malal"},"content":{"rendered":"<p>Chos Malal.-Este mediod\u00eda se present\u00f3 el proyecto del parque fotovoltaico Antu Newen I, que se emplazar\u00e1 en Chos Malal para el aporte de 20 MW de potencia a partir de energ\u00eda solar.<!--more--> La iniciativa ser\u00e1 analizada por expertos del Ente Provincial de Energ\u00eda del Neuqu\u00e9n (EPEN) y luego ser\u00e1 elevada a la secretar\u00eda de Energ\u00eda de Naci\u00f3n para su aprobaci\u00f3n ejecutiva.<\/p>\n<div><\/div>\n<div>La propuesta permitir\u00e1 el suministro de 20 MW de potencia al sistema del Norte neuquino a partir de energ\u00eda renovable y amigable con el ambiente.<\/div>\n<div><\/div>\n<div>En la exposici\u00f3n se mencionaron las caracter\u00edsticas ideales de la radiaci\u00f3n solar en el Norte neuquino \u201cpara el desarrollo de este proyecto \u00fanico del cual no existe ninguno en funcionamiento en el pa\u00eds\u201d, coment\u00f3 el ministro de Energ\u00eda y Servicios P\u00fablicos, Alejandro Nicola.<\/div>\n<div><\/div>\n<div>\u201cNeuqu\u00e9n es una provincia netamente energ\u00e9tica y venimos trabajando en las energ\u00edas renovables pero en soluciones puntuales\u201d, se\u00f1al\u00f3 e inform\u00f3 que la energ\u00eda producida ser\u00e1 comprada por la Compa\u00f1\u00eda Administradora del Mercado Mayorista El\u00e9ctrico (Cammesa).<\/div>\n<div><\/div>\n<div>Por su parte, el intendente de Chos Malal, Rolando Figueroa, manifest\u00f3 que \u201cel proyecto es absolutamente beneficioso para la localidad porque es una propuesta que surge a partir de las energ\u00edas limpias\u201d. El parque Antu Newen I \u201cpermitir\u00e1 cerrar el anillo energ\u00e9tico del Norte neuquino que estaba requiriendo esta reserva fr\u00eda\u201d, expres\u00f3 y sum\u00f3 en este sentido la puesta en funcionamiento de la microcentral de Nahueve.<\/div>\n<div><\/div>\n<div>El parque solar fotovoltaico estar\u00e1 ubicado sobre tierras fiscales aportadas por el gobierno provincial, cercanas al punto de inyecci\u00f3n de la estaci\u00f3n transformadora Chos Malal, propiedad del EPEN. Se trata de un parque de producci\u00f3n de energ\u00eda fotovoltaica que funcionar\u00e1 con 66.880 paneles, con una capacidad instalada superior a los 3.000 MW por mes.<\/div>\n<div><\/div>\n<div>De esta forma, se estima abastecer a 12 mil familias cuyo consumo domiciliario promedio oscila en los 250 kW de potencia por mes. La inversi\u00f3n que demandar\u00e1 la obra se calcula en US$ 54 millones y tendr\u00e1 un plazo de desarrollo de 15 a\u00f1os.<\/div>\n<div><\/div>\n<div>El proyecto contribuir\u00e1 a los esfuerzos globales para la disminuci\u00f3n de emisiones de gases de efecto invernadero y demandar\u00e1 s\u00f3lo un a\u00f1o de construcci\u00f3n, seg\u00fan especificaron los desarrolladores.<\/div>\n<div><\/div>\n<div>Del acto participaron el titular del EPEN, Carlos Aguilar, el presidente de la Agencia para la Promoci\u00f3n y Desarrollo de Inversiones del Neuqu\u00e9n, Pedro Salvatori, y t\u00e9cnicos del organismo energ\u00e9tico provincial.<\/div>\n<div><\/div>\n<div><\/div>\n<div>Fuente: <a href=\"http:\/\/matrizenergetica.com.ar\/noticia.php?noticia_categoriaID=6&amp;noticiaID=8886\">http:\/\/matrizenergetica.com.ar<\/a><\/div>\n<p>&nbsp;<\/p>\n","protected":false},"excerpt":{"rendered":"<p>Chos Malal.-Este mediod\u00eda se present\u00f3 el proyecto del parque fotovoltaico Antu Newen I, que se emplazar\u00e1 en Chos Malal para [&hellip;]<\/p>\n","protected":false},"author":2,"featured_media":1839,"comment_status":"closed","ping_status":"closed","sticky":false,"template":"","format":"standard","meta":{"site-sidebar-layout":"default","site-content-layout":"","ast-site-content-layout":"default","site-content-style":"default","site-sidebar-style":"default","ast-global-header-display":"","ast-banner-title-visibility":"","ast-main-header-display":"","ast-hfb-above-header-display":"","ast-hfb-below-header-display":"","ast-hfb-mobile-header-display":"","site-post-title":"","ast-breadcrumbs-content":"","ast-featured-img":"","footer-sml-layout":"","ast-disable-related-posts":"","theme-transparent-header-meta":"","adv-header-id-meta":"","stick-header-meta":"","header-above-stick-meta":"","header-main-stick-meta":"","header-below-stick-meta":"","astra-migrate-meta-layouts":"default","ast-page-background-enabled":"default","ast-page-background-meta":{"desktop":{"background-color":"var(--ast-global-color-5)","background-image":"","background-repeat":"repeat","background-position":"center center","background-size":"auto","background-attachment":"scroll","background-type":"","background-media":"","overlay-type":"","overlay-color":"","overlay-opacity":"","overlay-gradient":""},"tablet":{"background-color":"","background-image":"","background-repeat":"repeat","background-position":"center center","background-size":"auto","background-attachment":"scroll","background-type":"","background-media":"","overlay-type":"","overlay-color":"","overlay-opacity":"","overlay-gradient":""},"mobile":{"background-color":"","background-image":"","background-repeat":"repeat","background-position":"center center","background-size":"auto","background-attachment":"scroll","background-type":"","background-media":"","overlay-type":"","overlay-color":"","overlay-opacity":"","overlay-gradient":""}},"ast-content-background-meta":{"desktop":{"background-color":"var(--ast-global-color-4)","background-image":"","background-repeat":"repeat","background-position":"center center","background-size":"auto","background-attachment":"scroll","background-type":"","background-media":"","overlay-type":"","overlay-color":"","overlay-opacity":"","overlay-gradient":""},"tablet":{"background-color":"var(--ast-global-color-4)","background-image":"","background-repeat":"repeat","background-position":"center center","background-size":"auto","background-attachment":"scroll","background-type":"","background-media":"","overlay-type":"","overlay-color":"","overlay-opacity":"","overlay-gradient":""},"mobile":{"background-color":"var(--ast-global-color-4)","background-image":"","background-repeat":"repeat","background-position":"center center","background-size":"auto","background-attachment":"scroll","background-type":"","background-media":"","overlay-type":"","overlay-color":"","overlay-opacity":"","overlay-gradient":""}},"footnotes":""},"categories":[18,1,13],"tags":[],"class_list":["post-13114","post","type-post","status-publish","format-standard","has-post-thumbnail","hentry","category-neuquen","category-noticias","category-provinciales"],"yoast_head":"<!-- This site is optimized with the Yoast SEO Premium plugin v23.0 (Yoast SEO v27.4) - https:\/\/yoast.com\/product\/yoast-seo-premium-wordpress\/ -->\n<title>Promueven la construcci\u00f3n de un parque de energ\u00eda solar en Chos Malal<\/title>\n<meta name=\"robots\" content=\"index, follow, max-snippet:-1, max-image-preview:large, max-video-preview:-1\" \/>\n<link rel=\"canonical\" href=\"https:\/\/patagoniambiental.com.ar\/info\/promueven-la-construccion-de-un-parque-de-energia-solar-en-chos-malal\/\" \/>\n<meta property=\"og:locale\" content=\"es_ES\" \/>\n<meta property=\"og:type\" content=\"article\" \/>\n<meta property=\"og:title\" content=\"Promueven la construcci\u00f3n de un parque de energ\u00eda solar en Chos Malal\" \/>\n<meta property=\"og:description\" content=\"Chos Malal.-Este mediod\u00eda se present\u00f3 el proyecto del parque fotovoltaico Antu Newen I, que se emplazar\u00e1 en Chos Malal para [&hellip;]\" \/>\n<meta property=\"og:url\" content=\"https:\/\/patagoniambiental.com.ar\/info\/promueven-la-construccion-de-un-parque-de-energia-solar-en-chos-malal\/\" \/>\n<meta property=\"og:site_name\" content=\"Patagonia Ambiental\" \/>\n<meta property=\"article:publisher\" content=\"https:\/\/www.facebook.com\/patagonia.ambiental\" \/>\n<meta property=\"article:author\" content=\"https:\/\/www.facebook.com\/share\/1C1V8Gv9BX\/?mibextid=qi2Omg\" \/>\n<meta property=\"article:published_time\" content=\"2015-07-30T22:00:48+00:00\" \/>\n<meta name=\"author\" content=\"Patagonia Ambiental\" \/>\n<meta name=\"twitter:card\" content=\"summary_large_image\" \/>\n<meta name=\"twitter:creator\" content=\"@PatAmb\" \/>\n<meta name=\"twitter:site\" content=\"@PatAmb\" \/>\n<script type=\"application\/ld+json\" class=\"yoast-schema-graph\">{\"@context\":\"https:\\\/\\\/schema.org\",\"@graph\":[{\"@type\":\"Article\",\"@id\":\"https:\\\/\\\/patagoniambiental.com.ar\\\/info\\\/promueven-la-construccion-de-un-parque-de-energia-solar-en-chos-malal\\\/#article\",\"isPartOf\":{\"@id\":\"https:\\\/\\\/patagoniambiental.com.ar\\\/info\\\/promueven-la-construccion-de-un-parque-de-energia-solar-en-chos-malal\\\/\"},\"author\":{\"name\":\"Patagonia Ambiental\",\"@id\":\"https:\\\/\\\/patagoniambiental.com.ar\\\/info\\\/#\\\/schema\\\/person\\\/db12bff64bbcbf6a253710bf0ea37b5d\"},\"headline\":\"Promueven la construcci\u00f3n de un parque de energ\u00eda solar en Chos Malal\",\"datePublished\":\"2015-07-30T22:00:48+00:00\",\"mainEntityOfPage\":{\"@id\":\"https:\\\/\\\/patagoniambiental.com.ar\\\/info\\\/promueven-la-construccion-de-un-parque-de-energia-solar-en-chos-malal\\\/\"},\"wordCount\":440,\"publisher\":{\"@id\":\"https:\\\/\\\/patagoniambiental.com.ar\\\/info\\\/#organization\"},\"image\":{\"@id\":\"https:\\\/\\\/patagoniambiental.com.ar\\\/info\\\/promueven-la-construccion-de-un-parque-de-energia-solar-en-chos-malal\\\/#primaryimage\"},\"thumbnailUrl\":\"\",\"articleSection\":[\"Neuqu\u00e9n\",\"Noticias\",\"Provinciales\"],\"inLanguage\":\"es\"},{\"@type\":\"WebPage\",\"@id\":\"https:\\\/\\\/patagoniambiental.com.ar\\\/info\\\/promueven-la-construccion-de-un-parque-de-energia-solar-en-chos-malal\\\/\",\"url\":\"https:\\\/\\\/patagoniambiental.com.ar\\\/info\\\/promueven-la-construccion-de-un-parque-de-energia-solar-en-chos-malal\\\/\",\"name\":\"Promueven la construcci\u00f3n de un parque de energ\u00eda solar en Chos Malal\",\"isPartOf\":{\"@id\":\"https:\\\/\\\/patagoniambiental.com.ar\\\/info\\\/#website\"},\"primaryImageOfPage\":{\"@id\":\"https:\\\/\\\/patagoniambiental.com.ar\\\/info\\\/promueven-la-construccion-de-un-parque-de-energia-solar-en-chos-malal\\\/#primaryimage\"},\"image\":{\"@id\":\"https:\\\/\\\/patagoniambiental.com.ar\\\/info\\\/promueven-la-construccion-de-un-parque-de-energia-solar-en-chos-malal\\\/#primaryimage\"},\"thumbnailUrl\":\"\",\"datePublished\":\"2015-07-30T22:00:48+00:00\",\"breadcrumb\":{\"@id\":\"https:\\\/\\\/patagoniambiental.com.ar\\\/info\\\/promueven-la-construccion-de-un-parque-de-energia-solar-en-chos-malal\\\/#breadcrumb\"},\"inLanguage\":\"es\",\"potentialAction\":[{\"@type\":\"ReadAction\",\"target\":[\"https:\\\/\\\/patagoniambiental.com.ar\\\/info\\\/promueven-la-construccion-de-un-parque-de-energia-solar-en-chos-malal\\\/\"]}]},{\"@type\":\"ImageObject\",\"inLanguage\":\"es\",\"@id\":\"https:\\\/\\\/patagoniambiental.com.ar\\\/info\\\/promueven-la-construccion-de-un-parque-de-energia-solar-en-chos-malal\\\/#primaryimage\",\"url\":\"\",\"contentUrl\":\"\"},{\"@type\":\"BreadcrumbList\",\"@id\":\"https:\\\/\\\/patagoniambiental.com.ar\\\/info\\\/promueven-la-construccion-de-un-parque-de-energia-solar-en-chos-malal\\\/#breadcrumb\",\"itemListElement\":[{\"@type\":\"ListItem\",\"position\":1,\"name\":\"Inicio\",\"item\":\"https:\\\/\\\/patagoniambiental.com.ar\\\/info\\\/\"},{\"@type\":\"ListItem\",\"position\":2,\"name\":\"Promueven la construcci\u00f3n de un parque de energ\u00eda solar en Chos Malal\"}]},{\"@type\":\"WebSite\",\"@id\":\"https:\\\/\\\/patagoniambiental.com.ar\\\/info\\\/#website\",\"url\":\"https:\\\/\\\/patagoniambiental.com.ar\\\/info\\\/\",\"name\":\"Patagonia Ambiental\",\"description\":\"Monitoreo y an\u00e1lisis de la situaci\u00f3n geopol\u00edtica en el mundo y su implicancia en la Patagonia\",\"publisher\":{\"@id\":\"https:\\\/\\\/patagoniambiental.com.ar\\\/info\\\/#organization\"},\"potentialAction\":[{\"@type\":\"SearchAction\",\"target\":{\"@type\":\"EntryPoint\",\"urlTemplate\":\"https:\\\/\\\/patagoniambiental.com.ar\\\/info\\\/?s={search_term_string}\"},\"query-input\":{\"@type\":\"PropertyValueSpecification\",\"valueRequired\":true,\"valueName\":\"search_term_string\"}}],\"inLanguage\":\"es\"},{\"@type\":\"Organization\",\"@id\":\"https:\\\/\\\/patagoniambiental.com.ar\\\/info\\\/#organization\",\"name\":\"Patagonia Ambiental\",\"url\":\"https:\\\/\\\/patagoniambiental.com.ar\\\/info\\\/\",\"logo\":{\"@type\":\"ImageObject\",\"inLanguage\":\"es\",\"@id\":\"https:\\\/\\\/patagoniambiental.com.ar\\\/info\\\/#\\\/schema\\\/logo\\\/image\\\/\",\"url\":\"https:\\\/\\\/patagoniambiental.com.ar\\\/info\\\/wp-content\\\/uploads\\\/2025\\\/05\\\/LOGO-PATAGONIA-AMBIENTAL.png\",\"contentUrl\":\"https:\\\/\\\/patagoniambiental.com.ar\\\/info\\\/wp-content\\\/uploads\\\/2025\\\/05\\\/LOGO-PATAGONIA-AMBIENTAL.png\",\"width\":433,\"height\":250,\"caption\":\"Patagonia Ambiental\"},\"image\":{\"@id\":\"https:\\\/\\\/patagoniambiental.com.ar\\\/info\\\/#\\\/schema\\\/logo\\\/image\\\/\"},\"sameAs\":[\"https:\\\/\\\/www.facebook.com\\\/patagonia.ambiental\",\"https:\\\/\\\/x.com\\\/PatAmb\"]},{\"@type\":\"Person\",\"@id\":\"https:\\\/\\\/patagoniambiental.com.ar\\\/info\\\/#\\\/schema\\\/person\\\/db12bff64bbcbf6a253710bf0ea37b5d\",\"name\":\"Patagonia Ambiental\",\"description\":\"Andr\u00e9s Nievas T\u00e9cnico en manejo ambiental, consultor Ambiental y escritor para medios locales e internacionales sobre temas de geopolitica y medio ambiente.\",\"sameAs\":[\"http:\\\/\\\/www.patagoniambiental.com.ar\",\"https:\\\/\\\/www.facebook.com\\\/share\\\/1C1V8Gv9BX\\\/?mibextid=qi2Omg\",\"@patagoniambiental\",\"https:\\\/\\\/youtube.com\\\/@patagoniaambiental2023?si=BLt58t0wuXquxlYZ\"]}]}<\/script>\n<!-- \/ Yoast SEO Premium plugin. -->","yoast_head_json":{"title":"Promueven la construcci\u00f3n de un parque de energ\u00eda solar en Chos Malal","robots":{"index":"index","follow":"follow","max-snippet":"max-snippet:-1","max-image-preview":"max-image-preview:large","max-video-preview":"max-video-preview:-1"},"canonical":"https:\/\/patagoniambiental.com.ar\/info\/promueven-la-construccion-de-un-parque-de-energia-solar-en-chos-malal\/","og_locale":"es_ES","og_type":"article","og_title":"Promueven la construcci\u00f3n de un parque de energ\u00eda solar en Chos Malal","og_description":"Chos Malal.-Este mediod\u00eda se present\u00f3 el proyecto del parque fotovoltaico Antu Newen I, que se emplazar\u00e1 en Chos Malal para [&hellip;]","og_url":"https:\/\/patagoniambiental.com.ar\/info\/promueven-la-construccion-de-un-parque-de-energia-solar-en-chos-malal\/","og_site_name":"Patagonia Ambiental","article_publisher":"https:\/\/www.facebook.com\/patagonia.ambiental","article_author":"https:\/\/www.facebook.com\/share\/1C1V8Gv9BX\/?mibextid=qi2Omg","article_published_time":"2015-07-30T22:00:48+00:00","author":"Patagonia Ambiental","twitter_card":"summary_large_image","twitter_creator":"@PatAmb","twitter_site":"@PatAmb","schema":{"@context":"https:\/\/schema.org","@graph":[{"@type":"Article","@id":"https:\/\/patagoniambiental.com.ar\/info\/promueven-la-construccion-de-un-parque-de-energia-solar-en-chos-malal\/#article","isPartOf":{"@id":"https:\/\/patagoniambiental.com.ar\/info\/promueven-la-construccion-de-un-parque-de-energia-solar-en-chos-malal\/"},"author":{"name":"Patagonia Ambiental","@id":"https:\/\/patagoniambiental.com.ar\/info\/#\/schema\/person\/db12bff64bbcbf6a253710bf0ea37b5d"},"headline":"Promueven la construcci\u00f3n de un parque de energ\u00eda solar en Chos Malal","datePublished":"2015-07-30T22:00:48+00:00","mainEntityOfPage":{"@id":"https:\/\/patagoniambiental.com.ar\/info\/promueven-la-construccion-de-un-parque-de-energia-solar-en-chos-malal\/"},"wordCount":440,"publisher":{"@id":"https:\/\/patagoniambiental.com.ar\/info\/#organization"},"image":{"@id":"https:\/\/patagoniambiental.com.ar\/info\/promueven-la-construccion-de-un-parque-de-energia-solar-en-chos-malal\/#primaryimage"},"thumbnailUrl":"","articleSection":["Neuqu\u00e9n","Noticias","Provinciales"],"inLanguage":"es"},{"@type":"WebPage","@id":"https:\/\/patagoniambiental.com.ar\/info\/promueven-la-construccion-de-un-parque-de-energia-solar-en-chos-malal\/","url":"https:\/\/patagoniambiental.com.ar\/info\/promueven-la-construccion-de-un-parque-de-energia-solar-en-chos-malal\/","name":"Promueven la construcci\u00f3n de un parque de energ\u00eda solar en Chos Malal","isPartOf":{"@id":"https:\/\/patagoniambiental.com.ar\/info\/#website"},"primaryImageOfPage":{"@id":"https:\/\/patagoniambiental.com.ar\/info\/promueven-la-construccion-de-un-parque-de-energia-solar-en-chos-malal\/#primaryimage"},"image":{"@id":"https:\/\/patagoniambiental.com.ar\/info\/promueven-la-construccion-de-un-parque-de-energia-solar-en-chos-malal\/#primaryimage"},"thumbnailUrl":"","datePublished":"2015-07-30T22:00:48+00:00","breadcrumb":{"@id":"https:\/\/patagoniambiental.com.ar\/info\/promueven-la-construccion-de-un-parque-de-energia-solar-en-chos-malal\/#breadcrumb"},"inLanguage":"es","potentialAction":[{"@type":"ReadAction","target":["https:\/\/patagoniambiental.com.ar\/info\/promueven-la-construccion-de-un-parque-de-energia-solar-en-chos-malal\/"]}]},{"@type":"ImageObject","inLanguage":"es","@id":"https:\/\/patagoniambiental.com.ar\/info\/promueven-la-construccion-de-un-parque-de-energia-solar-en-chos-malal\/#primaryimage","url":"","contentUrl":""},{"@type":"BreadcrumbList","@id":"https:\/\/patagoniambiental.com.ar\/info\/promueven-la-construccion-de-un-parque-de-energia-solar-en-chos-malal\/#breadcrumb","itemListElement":[{"@type":"ListItem","position":1,"name":"Inicio","item":"https:\/\/patagoniambiental.com.ar\/info\/"},{"@type":"ListItem","position":2,"name":"Promueven la construcci\u00f3n de un parque de energ\u00eda solar en Chos Malal"}]},{"@type":"WebSite","@id":"https:\/\/patagoniambiental.com.ar\/info\/#website","url":"https:\/\/patagoniambiental.com.ar\/info\/","name":"Patagonia Ambiental","description":"Monitoreo y an\u00e1lisis de la situaci\u00f3n geopol\u00edtica en el mundo y su implicancia en la Patagonia","publisher":{"@id":"https:\/\/patagoniambiental.com.ar\/info\/#organization"},"potentialAction":[{"@type":"SearchAction","target":{"@type":"EntryPoint","urlTemplate":"https:\/\/patagoniambiental.com.ar\/info\/?s={search_term_string}"},"query-input":{"@type":"PropertyValueSpecification","valueRequired":true,"valueName":"search_term_string"}}],"inLanguage":"es"},{"@type":"Organization","@id":"https:\/\/patagoniambiental.com.ar\/info\/#organization","name":"Patagonia Ambiental","url":"https:\/\/patagoniambiental.com.ar\/info\/","logo":{"@type":"ImageObject","inLanguage":"es","@id":"https:\/\/patagoniambiental.com.ar\/info\/#\/schema\/logo\/image\/","url":"https:\/\/patagoniambiental.com.ar\/info\/wp-content\/uploads\/2025\/05\/LOGO-PATAGONIA-AMBIENTAL.png","contentUrl":"https:\/\/patagoniambiental.com.ar\/info\/wp-content\/uploads\/2025\/05\/LOGO-PATAGONIA-AMBIENTAL.png","width":433,"height":250,"caption":"Patagonia Ambiental"},"image":{"@id":"https:\/\/patagoniambiental.com.ar\/info\/#\/schema\/logo\/image\/"},"sameAs":["https:\/\/www.facebook.com\/patagonia.ambiental","https:\/\/x.com\/PatAmb"]},{"@type":"Person","@id":"https:\/\/patagoniambiental.com.ar\/info\/#\/schema\/person\/db12bff64bbcbf6a253710bf0ea37b5d","name":"Patagonia Ambiental","description":"Andr\u00e9s Nievas T\u00e9cnico en manejo ambiental, consultor Ambiental y escritor para medios locales e internacionales sobre temas de geopolitica y medio ambiente.","sameAs":["http:\/\/www.patagoniambiental.com.ar","https:\/\/www.facebook.com\/share\/1C1V8Gv9BX\/?mibextid=qi2Omg","@patagoniambiental","https:\/\/youtube.com\/@patagoniaambiental2023?si=BLt58t0wuXquxlYZ"]}]}},"_links":{"self":[{"href":"https:\/\/patagoniambiental.com.ar\/info\/wp-json\/wp\/v2\/posts\/13114","targetHints":{"allow":["GET"]}}],"collection":[{"href":"https:\/\/patagoniambiental.com.ar\/info\/wp-json\/wp\/v2\/posts"}],"about":[{"href":"https:\/\/patagoniambiental.com.ar\/info\/wp-json\/wp\/v2\/types\/post"}],"author":[{"embeddable":true,"href":"https:\/\/patagoniambiental.com.ar\/info\/wp-json\/wp\/v2\/users\/2"}],"replies":[{"embeddable":true,"href":"https:\/\/patagoniambiental.com.ar\/info\/wp-json\/wp\/v2\/comments?post=13114"}],"version-history":[{"count":0,"href":"https:\/\/patagoniambiental.com.ar\/info\/wp-json\/wp\/v2\/posts\/13114\/revisions"}],"wp:featuredmedia":[{"embeddable":true,"href":"https:\/\/patagoniambiental.com.ar\/info\/wp-json\/"}],"wp:attachment":[{"href":"https:\/\/patagoniambiental.com.ar\/info\/wp-json\/wp\/v2\/media?parent=13114"}],"wp:term":[{"taxonomy":"category","embeddable":true,"href":"https:\/\/patagoniambiental.com.ar\/info\/wp-json\/wp\/v2\/categories?post=13114"},{"taxonomy":"post_tag","embeddable":true,"href":"https:\/\/patagoniambiental.com.ar\/info\/wp-json\/wp\/v2\/tags?post=13114"}],"curies":[{"name":"wp","href":"https:\/\/api.w.org\/{rel}","templated":true}]}}