{"id":13146,"date":"2015-08-01T09:00:27","date_gmt":"2015-08-01T12:00:27","guid":{"rendered":"http:\/\/patagoniambiental.com.ar\/?p=13146"},"modified":"2015-08-01T09:00:27","modified_gmt":"2015-08-01T12:00:27","slug":"lanzan-capacitacion-sobre-conceptos-basicos-y-avanzados-sobre-energia-eolica","status":"publish","type":"post","link":"https:\/\/patagoniambiental.com.ar\/info\/lanzan-capacitacion-sobre-conceptos-basicos-y-avanzados-sobre-energia-eolica\/","title":{"rendered":"Lanzan capacitaci\u00f3n sobre conceptos b\u00e1sicos y avanzados sobre energ\u00eda e\u00f3lica."},"content":{"rendered":"<p>Buenos Aires.-El curso para principiantes, se desarrollar\u00e1 en dos jornadas, los d\u00edas 18 y 19 de agosto, en Capital Federal.<!--more--> El que apunta a gente que ya trabaja en la industria o tiene mayores conocimientos sobre el tema est\u00e1 previsto para el 20 y 21. Ambos son de 9 a 17 horas. Todos los detalles en esta nota.<\/p>\n<div>\u201cEvaluaci\u00f3n de recurso e\u00f3lico y producci\u00f3n de energ\u00eda\u201d, es el t\u00edtulo de la capacitaci\u00f3n que ense\u00f1a con un alto grado de detalle las tareas necesarias para la evaluaci\u00f3n del recurso e\u00f3lico y la factibilidad t\u00e9cnica y econ\u00f3mica de un proyecto de energ\u00eda e\u00f3lica.<\/div>\n<div><\/div>\n<div>Seg\u00fan cuentan los organizadores, en el curso b\u00e1sico \u201cse explican en ejemplos pr\u00e1cticos y casos reales, el an\u00e1lisis de datos de viento, la correlaci\u00f3n a largo plazo y creaci\u00f3n de estad\u00edsticas de viento, la modelaci\u00f3n del flujo en WAsP, la creaci\u00f3n de mapas de recursos, la optimizaci\u00f3n del lay-out del parque y los c\u00e1lculos de producci\u00f3n energ\u00e9tica de un parque e\u00f3lico\u201d.<\/div>\n<div><\/div>\n<div>En el avanzado, en cambio, se versar\u00e1 sobre an\u00e1lisis de vientos con modelaci\u00f3n meso escalar y CFD, evaluaci\u00f3n de las incertidumbres, comprobaci\u00f3n de la idoneidad t\u00e9cnica y clase IEC del sitio, an\u00e1lisis del recurso en las cargas estructurales y de desempe\u00f1o de parques e\u00f3licos en operaci\u00f3n. La capacitaci\u00f3n estar\u00e1 a cargo de Mathias Thamhaim, socio fundador de EAPC Sur.<\/div>\n<div><\/div>\n<div>Curso b\u00e1sico<\/div>\n<div><\/div>\n<div>Este curso explica los m\u00e1s importantes m\u00f3dulos de windPRO paso a paso en el ejemplo de un proyecto concreto. Se ense\u00f1a con un alto grado de detalle el an\u00e1lisis de datos de viento, la correlaci\u00f3n a largo plazo y creaci\u00f3n de estad\u00edsticas de viento, la modelaci\u00f3n del flujo en WAsP y la creaci\u00f3n de mapas de recursos, la optimizaci\u00f3n del lay-out del parque y los c\u00e1lculos de producci\u00f3n energ\u00e9tica y de impacto ambiental de un parque e\u00f3lico. Adem\u00e1s se ense\u00f1an los m\u00f3dulos de visualizaci\u00f3n confeccionando fotomontajes. El curso va a ser conducido por un experto de EAPC en windPRO y se desarrolla en espa\u00f1ol.<\/div>\n<div><\/div>\n<div>D\u00eda 1: Fundamentos y an\u00e1lisis de datos de viento<\/div>\n<div><\/div>\n<div>El prop\u00f3sito del primer d\u00eda del curso es introducir al usuario principiante en el programa y facilitar una comprensi\u00f3n b\u00e1sica del programa windPRO, y refrescar al usuario m\u00e1s experimentado sus conocimientos y habilidades, adem\u00e1s de revisar las \u00faltimas mejoras realizadas en windPRO. Para todos los participantes este d\u00eda es una oportunidad \u00fanica de explorar lo \u00faltimo en el dise\u00f1o de proyectos e\u00f3licos, en ejercicios pr\u00e1cticos usando el m\u00f3dulo BASIS de windPRO en un proyecto concreto (importaci\u00f3n de datos de viento, curvas de nivel, etc. sistemas de coordenadas y mapas, cat\u00e1logo de aerogeneradores, configuraci\u00f3n de informes y otros)<\/div>\n<div><\/div>\n<div>D\u00eda 2: C\u00e1lculos de energ\u00eda modelaci\u00f3n de recurso en WAsP<\/div>\n<div><\/div>\n<div>En el segundo d\u00eda se confeccionan c\u00e1lculos de producci\u00f3n basados directamente en los datos de viento medidos, importados y analizados el d\u00eda anterior. M\u00e1s adelante introduciremos el uso de WAsP, que es actualmente el motor de c\u00e1lculo mejor documentado y m\u00e1s ampliamente usado para la realizaci\u00f3n de c\u00e1lculos de energ\u00eda e\u00f3lica. Elaboraremos los par\u00e1metros para ser utilizados en el c\u00e1lculo de windPRO\/WAsP, como rugosidad del terreno, obst\u00e1culos y modelo orogr\u00e1fi co del terreno e investigaremos sobre las ventajas y limitaciones del uso de WAsP.<\/div>\n<div><\/div>\n<div>Finalmente revisaremos prestaciones m\u00e1s avanzadas de windPRO como la correlaci\u00f3n a largo plazo, mapas del recurso e\u00f3lico y optimizaciones del dise\u00f1o del parque.<\/div>\n<div><\/div>\n<div>D\u00eda 3: Medio Ambiente<\/div>\n<div><\/div>\n<div>El tercer d\u00eda tiene por objeto familiarizarse con la documentaci\u00f3n medioambiental habitualmente solicitada por las autoridades locales para dar los permisos necesarios. El programa de este d\u00eda alternar\u00e1 entre las explicaciones te\u00f3ricas de los diversos impactos medioambientales y ejercicios pr\u00e1cticos sobre c\u00f3mo calcular y documentar con windPRO dichos impactos.<\/div>\n<div><\/div>\n<div>Destacamos que no es un requisito esencial poseer experiencia previa en el uso de windPRO o una licencia del software para asistir al curso. En el curso se dar\u00e1 una introducci\u00f3n completa al uso de windPRO, y todos los asistentes al mismo recibir\u00e1n una licencia temporal de windPRO. El asistente al curso deber\u00e1 llevar su propio port\u00e1til Windows con conexi\u00f3n inal\u00e1mbrica, y debe poseer derechos de administraci\u00f3n en Windows.<\/div>\n<div><\/div>\n<div>El software quedar\u00e1 instalado con una licencia temporal en su equipo. Se le entrega al participante documentaci\u00f3n del curso, parcialmente en ingl\u00e9s: un manual del curso que resume todos los pasos llevados a cabo y diversas presentaciones. Adem\u00e1s, forma parte de la capacitaci\u00f3n una licencia temporal de windPRO, WAsP con WAsP-CFD.<\/div>\n<div><\/div>\n<div>Curso avanzado<\/div>\n<div><\/div>\n<div>El curso avanzado fue dise\u00f1ado para el usuario experimentado en windPRO, que quiere profundizar sus capacidades en el an\u00e1lisis de recurso, estimaci\u00f3n de producci\u00f3n energ\u00e9tica y clasifi caci\u00f3n de sitios, y aprender funciones avanzadas de windPRO. El curso ofrece un espacio para resolver preguntas sobre el uso del software, y brinda tambi\u00e9n una buena oportunidad para introducirse en las nuevas caracter\u00edsticas de<\/div>\n<div><\/div>\n<div>windPRO 3.0. El curso va a ser conducido por un experto de EAPC en windPRO y se desarrolla en espa\u00f1ol.<\/div>\n<div><\/div>\n<div>D\u00eda 1: M\u00e9todos avanzados de an\u00e1lisis de datos de viento y modelaciones<\/div>\n<div><\/div>\n<div>El modelo de viento es uno de los elementos m\u00e1s cr\u00edticos de un proyecto e\u00f3lico y tambi\u00e9n uno de los elementos m\u00e1s complejos. Se utilizan herramientas avanzados de los m\u00f3dulos MCP y METEO y del METEO ANALYZER para analizar los registros de viento, sustituir datos err\u00f3neos y correlacionarlos a largo plazo, y para validar el modelo de viento, incluyendo la correlaci\u00f3n cruzada entre distintos m\u00e1stiles de medici\u00f3n. A su vez, se identifican las limitaciones del modelo lineal WASP y se introduce el m\u00e9todo RIX, que corrige estas limitaciones. Las modelaciones en WAsP se comparan con modelos de fl ujo m\u00e1s complejos, como WAsP-CFD y modelaciones meso escalares (WRF).<\/div>\n<div><\/div>\n<div>Desde windPRO 3.0 existe la posibilidad de llevar a cabo estimaciones de producci\u00f3n directamente desde series de tiempo, en lugar de tomar el desv\u00edo a trav\u00e9s de la creaci\u00f3n de una estad\u00edstica de viento. El instrumento clave de esta metodolog\u00eda es el \u201cscaler\u201d, que se presenta en esta secci\u00f3n del curso.<\/div>\n<div><\/div>\n<div>D\u00eda 2: Clasificaci\u00f3n IEC del sitio, producci\u00f3n P90 y an\u00e1lisis de desempe\u00f1o<\/div>\n<div><\/div>\n<div>Este d\u00eda se reparte en tres grandes temas:<\/div>\n<div><\/div>\n<div>Determinamos con el m\u00f3dulo SITE SUITABILTY si un sitio es compatible con los requisitos de la IEC 61400-1 para la velocidad de viento extrema y la intensidad de turbulencia efectiva, que son los dos par\u00e1metros que defi nen la clase IEC del modelo de aerogenerador. Adicionalmente, se analizar\u00e1n otros requisitos de la norma, y \u2013 utilizando el m\u00f3dulo LOAD RESPONSE \u2013 la implicaci\u00f3n en la vida \u00fatil de los componentes del aerogenerador<\/div>\n<div>Partiendo de las estimaciones de producci\u00f3n energ\u00e9tica que se alcanzan con una probabilidad de 50% (P90), se analizan las p\u00e9rdidas e incertidumbres del proceso de medici\u00f3n y modelaci\u00f3n de recurso y de la conversi\u00f3n en energ\u00eda, para determinar la producci\u00f3n energ\u00e9tica que se supera con una probabilidad mayor a 50% (P75, P90, etc.)<\/div>\n<div>Utilizando el m\u00f3dulo PERFORMANCE CHECK, se analizan datos de operaci\u00f3n para validar el desempe\u00f1o real de los aerogeneradores. Los asistentes al curso recibir\u00e1n una licencia temporal de windPRO. El asistente al curso deber\u00e1 llevar su propio port\u00e1til Windows con conexi\u00f3n inal\u00e1mbrica, y debe poseer derechos de administraci\u00f3n en Windows. El software quedar\u00e1 instalado con una licencia temporal en su equipo.<\/div>\n<div>Se le entrega al participante documentaci\u00f3n del curso, parcialmente en ingl\u00e9s: un manual del curso que resume todos los pasos llevados a cabo y diversas presentaciones.<\/div>\n<div><\/div>\n<div>Contacto<\/div>\n<div><\/div>\n<div>Los interesados pueden obtener m\u00e1s informaci\u00f3n en: http:\/\/www.eapcsur.com o en http:\/\/www.emd.dk\/windpro\/<\/div>\n<div><\/div>\n<div><\/div>\n<div>Fuente: <a href=\"http:\/\/www.energiaestrategica.com\/lanzan-capacitacion-sobre-conceptos-basicos-y-avanzadas-sobre-sobre-energia-eolica\/\">http:\/\/www.energiaestrategica.com\/lanzan-capacitacion-sobre-conceptos-basicos-y-avanzadas-sobre-sobre-energia-eolica\/<\/a><\/div>\n<p>&nbsp;<\/p>\n","protected":false},"excerpt":{"rendered":"<p>Buenos Aires.-El curso para principiantes, se desarrollar\u00e1 en dos jornadas, los d\u00edas 18 y 19 de agosto, en Capital Federal.<\/p>\n","protected":false},"author":2,"featured_media":6334,"comment_status":"closed","ping_status":"closed","sticky":false,"template":"","format":"standard","meta":{"site-sidebar-layout":"default","site-content-layout":"","ast-site-content-layout":"default","site-content-style":"default","site-sidebar-style":"default","ast-global-header-display":"","ast-banner-title-visibility":"","ast-main-header-display":"","ast-hfb-above-header-display":"","ast-hfb-below-header-display":"","ast-hfb-mobile-header-display":"","site-post-title":"","ast-breadcrumbs-content":"","ast-featured-img":"","footer-sml-layout":"","ast-disable-related-posts":"","theme-transparent-header-meta":"","adv-header-id-meta":"","stick-header-meta":"","header-above-stick-meta":"","header-main-stick-meta":"","header-below-stick-meta":"","astra-migrate-meta-layouts":"default","ast-page-background-enabled":"default","ast-page-background-meta":{"desktop":{"background-color":"var(--ast-global-color-5)","background-image":"","background-repeat":"repeat","background-position":"center center","background-size":"auto","background-attachment":"scroll","background-type":"","background-media":"","overlay-type":"","overlay-color":"","overlay-opacity":"","overlay-gradient":""},"tablet":{"background-color":"","background-image":"","background-repeat":"repeat","background-position":"center center","background-size":"auto","background-attachment":"scroll","background-type":"","background-media":"","overlay-type":"","overlay-color":"","overlay-opacity":"","overlay-gradient":""},"mobile":{"background-color":"","background-image":"","background-repeat":"repeat","background-position":"center center","background-size":"auto","background-attachment":"scroll","background-type":"","background-media":"","overlay-type":"","overlay-color":"","overlay-opacity":"","overlay-gradient":""}},"ast-content-background-meta":{"desktop":{"background-color":"var(--ast-global-color-4)","background-image":"","background-repeat":"repeat","background-position":"center center","background-size":"auto","background-attachment":"scroll","background-type":"","background-media":"","overlay-type":"","overlay-color":"","overlay-opacity":"","overlay-gradient":""},"tablet":{"background-color":"var(--ast-global-color-4)","background-image":"","background-repeat":"repeat","background-position":"center center","background-size":"auto","background-attachment":"scroll","background-type":"","background-media":"","overlay-type":"","overlay-color":"","overlay-opacity":"","overlay-gradient":""},"mobile":{"background-color":"var(--ast-global-color-4)","background-image":"","background-repeat":"repeat","background-position":"center center","background-size":"auto","background-attachment":"scroll","background-type":"","background-media":"","overlay-type":"","overlay-color":"","overlay-opacity":"","overlay-gradient":""}},"footnotes":""},"categories":[12,1],"tags":[],"class_list":["post-13146","post","type-post","status-publish","format-standard","has-post-thumbnail","hentry","category-agenda-ambiental","category-noticias"],"yoast_head":"<!-- This site is optimized with the Yoast SEO Premium plugin v23.0 (Yoast SEO v27.4) - https:\/\/yoast.com\/product\/yoast-seo-premium-wordpress\/ -->\n<title>Lanzan capacitaci\u00f3n sobre conceptos b\u00e1sicos y avanzados sobre energ\u00eda e\u00f3lica.<\/title>\n<meta name=\"robots\" content=\"index, follow, max-snippet:-1, max-image-preview:large, max-video-preview:-1\" \/>\n<link rel=\"canonical\" href=\"https:\/\/patagoniambiental.com.ar\/info\/lanzan-capacitacion-sobre-conceptos-basicos-y-avanzados-sobre-energia-eolica\/\" \/>\n<meta property=\"og:locale\" content=\"es_ES\" \/>\n<meta property=\"og:type\" content=\"article\" \/>\n<meta property=\"og:title\" content=\"Lanzan capacitaci\u00f3n sobre conceptos b\u00e1sicos y avanzados sobre energ\u00eda e\u00f3lica.\" \/>\n<meta property=\"og:description\" content=\"Buenos Aires.-El curso para principiantes, se desarrollar\u00e1 en dos jornadas, los d\u00edas 18 y 19 de agosto, en Capital Federal.\" \/>\n<meta property=\"og:url\" content=\"https:\/\/patagoniambiental.com.ar\/info\/lanzan-capacitacion-sobre-conceptos-basicos-y-avanzados-sobre-energia-eolica\/\" \/>\n<meta property=\"og:site_name\" content=\"Patagonia Ambiental\" \/>\n<meta property=\"article:publisher\" content=\"https:\/\/www.facebook.com\/patagonia.ambiental\" \/>\n<meta property=\"article:author\" content=\"https:\/\/www.facebook.com\/share\/1C1V8Gv9BX\/?mibextid=qi2Omg\" \/>\n<meta property=\"article:published_time\" content=\"2015-08-01T12:00:27+00:00\" \/>\n<meta name=\"author\" content=\"Patagonia Ambiental\" \/>\n<meta name=\"twitter:card\" content=\"summary_large_image\" \/>\n<meta name=\"twitter:creator\" content=\"@PatAmb\" \/>\n<meta name=\"twitter:site\" content=\"@PatAmb\" \/>\n<script type=\"application\/ld+json\" class=\"yoast-schema-graph\">{\"@context\":\"https:\\\/\\\/schema.org\",\"@graph\":[{\"@type\":\"Article\",\"@id\":\"https:\\\/\\\/patagoniambiental.com.ar\\\/info\\\/lanzan-capacitacion-sobre-conceptos-basicos-y-avanzados-sobre-energia-eolica\\\/#article\",\"isPartOf\":{\"@id\":\"https:\\\/\\\/patagoniambiental.com.ar\\\/info\\\/lanzan-capacitacion-sobre-conceptos-basicos-y-avanzados-sobre-energia-eolica\\\/\"},\"author\":{\"name\":\"Patagonia Ambiental\",\"@id\":\"https:\\\/\\\/patagoniambiental.com.ar\\\/info\\\/#\\\/schema\\\/person\\\/db12bff64bbcbf6a253710bf0ea37b5d\"},\"headline\":\"Lanzan capacitaci\u00f3n sobre conceptos b\u00e1sicos y avanzados sobre energ\u00eda e\u00f3lica.\",\"datePublished\":\"2015-08-01T12:00:27+00:00\",\"mainEntityOfPage\":{\"@id\":\"https:\\\/\\\/patagoniambiental.com.ar\\\/info\\\/lanzan-capacitacion-sobre-conceptos-basicos-y-avanzados-sobre-energia-eolica\\\/\"},\"wordCount\":1411,\"publisher\":{\"@id\":\"https:\\\/\\\/patagoniambiental.com.ar\\\/info\\\/#organization\"},\"image\":{\"@id\":\"https:\\\/\\\/patagoniambiental.com.ar\\\/info\\\/lanzan-capacitacion-sobre-conceptos-basicos-y-avanzados-sobre-energia-eolica\\\/#primaryimage\"},\"thumbnailUrl\":\"\",\"articleSection\":[\"Agenda Ambiental\",\"Noticias\"],\"inLanguage\":\"es\"},{\"@type\":\"WebPage\",\"@id\":\"https:\\\/\\\/patagoniambiental.com.ar\\\/info\\\/lanzan-capacitacion-sobre-conceptos-basicos-y-avanzados-sobre-energia-eolica\\\/\",\"url\":\"https:\\\/\\\/patagoniambiental.com.ar\\\/info\\\/lanzan-capacitacion-sobre-conceptos-basicos-y-avanzados-sobre-energia-eolica\\\/\",\"name\":\"Lanzan capacitaci\u00f3n sobre conceptos b\u00e1sicos y avanzados sobre energ\u00eda e\u00f3lica.\",\"isPartOf\":{\"@id\":\"https:\\\/\\\/patagoniambiental.com.ar\\\/info\\\/#website\"},\"primaryImageOfPage\":{\"@id\":\"https:\\\/\\\/patagoniambiental.com.ar\\\/info\\\/lanzan-capacitacion-sobre-conceptos-basicos-y-avanzados-sobre-energia-eolica\\\/#primaryimage\"},\"image\":{\"@id\":\"https:\\\/\\\/patagoniambiental.com.ar\\\/info\\\/lanzan-capacitacion-sobre-conceptos-basicos-y-avanzados-sobre-energia-eolica\\\/#primaryimage\"},\"thumbnailUrl\":\"\",\"datePublished\":\"2015-08-01T12:00:27+00:00\",\"breadcrumb\":{\"@id\":\"https:\\\/\\\/patagoniambiental.com.ar\\\/info\\\/lanzan-capacitacion-sobre-conceptos-basicos-y-avanzados-sobre-energia-eolica\\\/#breadcrumb\"},\"inLanguage\":\"es\",\"potentialAction\":[{\"@type\":\"ReadAction\",\"target\":[\"https:\\\/\\\/patagoniambiental.com.ar\\\/info\\\/lanzan-capacitacion-sobre-conceptos-basicos-y-avanzados-sobre-energia-eolica\\\/\"]}]},{\"@type\":\"ImageObject\",\"inLanguage\":\"es\",\"@id\":\"https:\\\/\\\/patagoniambiental.com.ar\\\/info\\\/lanzan-capacitacion-sobre-conceptos-basicos-y-avanzados-sobre-energia-eolica\\\/#primaryimage\",\"url\":\"\",\"contentUrl\":\"\"},{\"@type\":\"BreadcrumbList\",\"@id\":\"https:\\\/\\\/patagoniambiental.com.ar\\\/info\\\/lanzan-capacitacion-sobre-conceptos-basicos-y-avanzados-sobre-energia-eolica\\\/#breadcrumb\",\"itemListElement\":[{\"@type\":\"ListItem\",\"position\":1,\"name\":\"Inicio\",\"item\":\"https:\\\/\\\/patagoniambiental.com.ar\\\/info\\\/\"},{\"@type\":\"ListItem\",\"position\":2,\"name\":\"Lanzan capacitaci\u00f3n sobre conceptos b\u00e1sicos y avanzados sobre energ\u00eda e\u00f3lica.\"}]},{\"@type\":\"WebSite\",\"@id\":\"https:\\\/\\\/patagoniambiental.com.ar\\\/info\\\/#website\",\"url\":\"https:\\\/\\\/patagoniambiental.com.ar\\\/info\\\/\",\"name\":\"Patagonia Ambiental\",\"description\":\"Monitoreo y an\u00e1lisis de la situaci\u00f3n geopol\u00edtica en el mundo y su implicancia en la Patagonia\",\"publisher\":{\"@id\":\"https:\\\/\\\/patagoniambiental.com.ar\\\/info\\\/#organization\"},\"potentialAction\":[{\"@type\":\"SearchAction\",\"target\":{\"@type\":\"EntryPoint\",\"urlTemplate\":\"https:\\\/\\\/patagoniambiental.com.ar\\\/info\\\/?s={search_term_string}\"},\"query-input\":{\"@type\":\"PropertyValueSpecification\",\"valueRequired\":true,\"valueName\":\"search_term_string\"}}],\"inLanguage\":\"es\"},{\"@type\":\"Organization\",\"@id\":\"https:\\\/\\\/patagoniambiental.com.ar\\\/info\\\/#organization\",\"name\":\"Patagonia Ambiental\",\"url\":\"https:\\\/\\\/patagoniambiental.com.ar\\\/info\\\/\",\"logo\":{\"@type\":\"ImageObject\",\"inLanguage\":\"es\",\"@id\":\"https:\\\/\\\/patagoniambiental.com.ar\\\/info\\\/#\\\/schema\\\/logo\\\/image\\\/\",\"url\":\"https:\\\/\\\/patagoniambiental.com.ar\\\/info\\\/wp-content\\\/uploads\\\/2025\\\/05\\\/LOGO-PATAGONIA-AMBIENTAL.png\",\"contentUrl\":\"https:\\\/\\\/patagoniambiental.com.ar\\\/info\\\/wp-content\\\/uploads\\\/2025\\\/05\\\/LOGO-PATAGONIA-AMBIENTAL.png\",\"width\":433,\"height\":250,\"caption\":\"Patagonia Ambiental\"},\"image\":{\"@id\":\"https:\\\/\\\/patagoniambiental.com.ar\\\/info\\\/#\\\/schema\\\/logo\\\/image\\\/\"},\"sameAs\":[\"https:\\\/\\\/www.facebook.com\\\/patagonia.ambiental\",\"https:\\\/\\\/x.com\\\/PatAmb\"]},{\"@type\":\"Person\",\"@id\":\"https:\\\/\\\/patagoniambiental.com.ar\\\/info\\\/#\\\/schema\\\/person\\\/db12bff64bbcbf6a253710bf0ea37b5d\",\"name\":\"Patagonia Ambiental\",\"description\":\"Andr\u00e9s Nievas T\u00e9cnico en manejo ambiental, consultor Ambiental y escritor para medios locales e internacionales sobre temas de geopolitica y medio ambiente.\",\"sameAs\":[\"http:\\\/\\\/www.patagoniambiental.com.ar\",\"https:\\\/\\\/www.facebook.com\\\/share\\\/1C1V8Gv9BX\\\/?mibextid=qi2Omg\",\"@patagoniambiental\",\"https:\\\/\\\/youtube.com\\\/@patagoniaambiental2023?si=BLt58t0wuXquxlYZ\"]}]}<\/script>\n<!-- \/ Yoast SEO Premium plugin. -->","yoast_head_json":{"title":"Lanzan capacitaci\u00f3n sobre conceptos b\u00e1sicos y avanzados sobre energ\u00eda e\u00f3lica.","robots":{"index":"index","follow":"follow","max-snippet":"max-snippet:-1","max-image-preview":"max-image-preview:large","max-video-preview":"max-video-preview:-1"},"canonical":"https:\/\/patagoniambiental.com.ar\/info\/lanzan-capacitacion-sobre-conceptos-basicos-y-avanzados-sobre-energia-eolica\/","og_locale":"es_ES","og_type":"article","og_title":"Lanzan capacitaci\u00f3n sobre conceptos b\u00e1sicos y avanzados sobre energ\u00eda e\u00f3lica.","og_description":"Buenos Aires.-El curso para principiantes, se desarrollar\u00e1 en dos jornadas, los d\u00edas 18 y 19 de agosto, en Capital Federal.","og_url":"https:\/\/patagoniambiental.com.ar\/info\/lanzan-capacitacion-sobre-conceptos-basicos-y-avanzados-sobre-energia-eolica\/","og_site_name":"Patagonia Ambiental","article_publisher":"https:\/\/www.facebook.com\/patagonia.ambiental","article_author":"https:\/\/www.facebook.com\/share\/1C1V8Gv9BX\/?mibextid=qi2Omg","article_published_time":"2015-08-01T12:00:27+00:00","author":"Patagonia Ambiental","twitter_card":"summary_large_image","twitter_creator":"@PatAmb","twitter_site":"@PatAmb","schema":{"@context":"https:\/\/schema.org","@graph":[{"@type":"Article","@id":"https:\/\/patagoniambiental.com.ar\/info\/lanzan-capacitacion-sobre-conceptos-basicos-y-avanzados-sobre-energia-eolica\/#article","isPartOf":{"@id":"https:\/\/patagoniambiental.com.ar\/info\/lanzan-capacitacion-sobre-conceptos-basicos-y-avanzados-sobre-energia-eolica\/"},"author":{"name":"Patagonia Ambiental","@id":"https:\/\/patagoniambiental.com.ar\/info\/#\/schema\/person\/db12bff64bbcbf6a253710bf0ea37b5d"},"headline":"Lanzan capacitaci\u00f3n sobre conceptos b\u00e1sicos y avanzados sobre energ\u00eda e\u00f3lica.","datePublished":"2015-08-01T12:00:27+00:00","mainEntityOfPage":{"@id":"https:\/\/patagoniambiental.com.ar\/info\/lanzan-capacitacion-sobre-conceptos-basicos-y-avanzados-sobre-energia-eolica\/"},"wordCount":1411,"publisher":{"@id":"https:\/\/patagoniambiental.com.ar\/info\/#organization"},"image":{"@id":"https:\/\/patagoniambiental.com.ar\/info\/lanzan-capacitacion-sobre-conceptos-basicos-y-avanzados-sobre-energia-eolica\/#primaryimage"},"thumbnailUrl":"","articleSection":["Agenda Ambiental","Noticias"],"inLanguage":"es"},{"@type":"WebPage","@id":"https:\/\/patagoniambiental.com.ar\/info\/lanzan-capacitacion-sobre-conceptos-basicos-y-avanzados-sobre-energia-eolica\/","url":"https:\/\/patagoniambiental.com.ar\/info\/lanzan-capacitacion-sobre-conceptos-basicos-y-avanzados-sobre-energia-eolica\/","name":"Lanzan capacitaci\u00f3n sobre conceptos b\u00e1sicos y avanzados sobre energ\u00eda e\u00f3lica.","isPartOf":{"@id":"https:\/\/patagoniambiental.com.ar\/info\/#website"},"primaryImageOfPage":{"@id":"https:\/\/patagoniambiental.com.ar\/info\/lanzan-capacitacion-sobre-conceptos-basicos-y-avanzados-sobre-energia-eolica\/#primaryimage"},"image":{"@id":"https:\/\/patagoniambiental.com.ar\/info\/lanzan-capacitacion-sobre-conceptos-basicos-y-avanzados-sobre-energia-eolica\/#primaryimage"},"thumbnailUrl":"","datePublished":"2015-08-01T12:00:27+00:00","breadcrumb":{"@id":"https:\/\/patagoniambiental.com.ar\/info\/lanzan-capacitacion-sobre-conceptos-basicos-y-avanzados-sobre-energia-eolica\/#breadcrumb"},"inLanguage":"es","potentialAction":[{"@type":"ReadAction","target":["https:\/\/patagoniambiental.com.ar\/info\/lanzan-capacitacion-sobre-conceptos-basicos-y-avanzados-sobre-energia-eolica\/"]}]},{"@type":"ImageObject","inLanguage":"es","@id":"https:\/\/patagoniambiental.com.ar\/info\/lanzan-capacitacion-sobre-conceptos-basicos-y-avanzados-sobre-energia-eolica\/#primaryimage","url":"","contentUrl":""},{"@type":"BreadcrumbList","@id":"https:\/\/patagoniambiental.com.ar\/info\/lanzan-capacitacion-sobre-conceptos-basicos-y-avanzados-sobre-energia-eolica\/#breadcrumb","itemListElement":[{"@type":"ListItem","position":1,"name":"Inicio","item":"https:\/\/patagoniambiental.com.ar\/info\/"},{"@type":"ListItem","position":2,"name":"Lanzan capacitaci\u00f3n sobre conceptos b\u00e1sicos y avanzados sobre energ\u00eda e\u00f3lica."}]},{"@type":"WebSite","@id":"https:\/\/patagoniambiental.com.ar\/info\/#website","url":"https:\/\/patagoniambiental.com.ar\/info\/","name":"Patagonia Ambiental","description":"Monitoreo y an\u00e1lisis de la situaci\u00f3n geopol\u00edtica en el mundo y su implicancia en la Patagonia","publisher":{"@id":"https:\/\/patagoniambiental.com.ar\/info\/#organization"},"potentialAction":[{"@type":"SearchAction","target":{"@type":"EntryPoint","urlTemplate":"https:\/\/patagoniambiental.com.ar\/info\/?s={search_term_string}"},"query-input":{"@type":"PropertyValueSpecification","valueRequired":true,"valueName":"search_term_string"}}],"inLanguage":"es"},{"@type":"Organization","@id":"https:\/\/patagoniambiental.com.ar\/info\/#organization","name":"Patagonia Ambiental","url":"https:\/\/patagoniambiental.com.ar\/info\/","logo":{"@type":"ImageObject","inLanguage":"es","@id":"https:\/\/patagoniambiental.com.ar\/info\/#\/schema\/logo\/image\/","url":"https:\/\/patagoniambiental.com.ar\/info\/wp-content\/uploads\/2025\/05\/LOGO-PATAGONIA-AMBIENTAL.png","contentUrl":"https:\/\/patagoniambiental.com.ar\/info\/wp-content\/uploads\/2025\/05\/LOGO-PATAGONIA-AMBIENTAL.png","width":433,"height":250,"caption":"Patagonia Ambiental"},"image":{"@id":"https:\/\/patagoniambiental.com.ar\/info\/#\/schema\/logo\/image\/"},"sameAs":["https:\/\/www.facebook.com\/patagonia.ambiental","https:\/\/x.com\/PatAmb"]},{"@type":"Person","@id":"https:\/\/patagoniambiental.com.ar\/info\/#\/schema\/person\/db12bff64bbcbf6a253710bf0ea37b5d","name":"Patagonia Ambiental","description":"Andr\u00e9s Nievas T\u00e9cnico en manejo ambiental, consultor Ambiental y escritor para medios locales e internacionales sobre temas de geopolitica y medio ambiente.","sameAs":["http:\/\/www.patagoniambiental.com.ar","https:\/\/www.facebook.com\/share\/1C1V8Gv9BX\/?mibextid=qi2Omg","@patagoniambiental","https:\/\/youtube.com\/@patagoniaambiental2023?si=BLt58t0wuXquxlYZ"]}]}},"_links":{"self":[{"href":"https:\/\/patagoniambiental.com.ar\/info\/wp-json\/wp\/v2\/posts\/13146","targetHints":{"allow":["GET"]}}],"collection":[{"href":"https:\/\/patagoniambiental.com.ar\/info\/wp-json\/wp\/v2\/posts"}],"about":[{"href":"https:\/\/patagoniambiental.com.ar\/info\/wp-json\/wp\/v2\/types\/post"}],"author":[{"embeddable":true,"href":"https:\/\/patagoniambiental.com.ar\/info\/wp-json\/wp\/v2\/users\/2"}],"replies":[{"embeddable":true,"href":"https:\/\/patagoniambiental.com.ar\/info\/wp-json\/wp\/v2\/comments?post=13146"}],"version-history":[{"count":0,"href":"https:\/\/patagoniambiental.com.ar\/info\/wp-json\/wp\/v2\/posts\/13146\/revisions"}],"wp:featuredmedia":[{"embeddable":true,"href":"https:\/\/patagoniambiental.com.ar\/info\/wp-json\/"}],"wp:attachment":[{"href":"https:\/\/patagoniambiental.com.ar\/info\/wp-json\/wp\/v2\/media?parent=13146"}],"wp:term":[{"taxonomy":"category","embeddable":true,"href":"https:\/\/patagoniambiental.com.ar\/info\/wp-json\/wp\/v2\/categories?post=13146"},{"taxonomy":"post_tag","embeddable":true,"href":"https:\/\/patagoniambiental.com.ar\/info\/wp-json\/wp\/v2\/tags?post=13146"}],"curies":[{"name":"wp","href":"https:\/\/api.w.org\/{rel}","templated":true}]}}