{"id":13182,"date":"2015-08-04T19:00:25","date_gmt":"2015-08-04T22:00:25","guid":{"rendered":"http:\/\/patagoniambiental.com.ar\/?p=13182"},"modified":"2019-02-27T10:59:13","modified_gmt":"2019-02-27T13:59:13","slug":"la-onu-resolvio-proteger-la-vida-silvestre","status":"publish","type":"post","link":"https:\/\/patagoniambiental.com.ar\/info\/la-onu-resolvio-proteger-la-vida-silvestre\/","title":{"rendered":"La ONU resolvi\u00f3 proteger la vida silvestre \/ Por Norberto Ovando"},"content":{"rendered":"<p>Por Prof. Norberto Ovando *. La Asamblea General de la ONU adopt\u00f3 una resoluci\u00f3n dirigida a proteger la vida silvestre en el planeta y enfrentar la caza furtiva y el comercio il\u00edcito de animales y plantas.<!--more--><br \/>\nLa explotaci\u00f3n, caza y comercio il\u00edcito de la vida silvestre pone a muchas especies en riesgo de extinci\u00f3n.<\/p>\n<p>Los bosques y la vida silvestre son parte de nuestro patrimonio com\u00fan, pero est\u00e1n desapareciendo a un paso alarmante.<\/p>\n<p>La iniciativa conjunta de Gab\u00f3n y Alemania implic\u00f3 m\u00e1s dos a\u00f1os de trabajo para la elaboraci\u00f3n del texto, obtener el co-patrocinio de m\u00e1s de 80 Estados miembros de Naciones Unidas y el respaldado der los 193 Estados miembros de la Organizaci\u00f3n.<\/p>\n<p>La Asamblea General de la ONU aprob\u00f3 durante la 69a Sesi\u00f3n, la Resoluci\u00f3n A \/ 69 \/ L.80 (\u201cTackling illicit trafficking in wildlife\u201d document A\/69\/L.80), que tiene por principal objetivo el de proteger la vida silvestre y eliminar la caza furtiva, la explotaci\u00f3n y el comercio il\u00edcito de plantas y animales.<\/p>\n<p>Despu\u00e9s de la aprobaci\u00f3n del documento, el Ministro de Asuntos Exteriores de Gab\u00f3n Emmanuel Issoze-Ngonget, destac\u00f3 la importancia que tendr\u00e1 su cumplimiento en t\u00e9rminos de salud y seguridad, recordando que, \u201cEl comercio il\u00edcito de especies amenazadas se ha convertido en la cuarta fuente de financiamiento de los grupos terroristas\u201d.<\/p>\n<p>&nbsp;<\/p>\n<p>\u201cEste es un d\u00eda mundialmente hist\u00f3rico ya que env\u00eda una se\u00f1al inequ\u00edvoca y colectiva en el nivel m\u00e1s alto para lograr el fin de los delitos de vida silvestre\u201d, dijo Steven Amplio, Director Ejecutivo de TRAFFIC.<\/p>\n<p>&nbsp;<\/p>\n<p>Por su parte, el embajador alem\u00e1n, Harald Braun, celebr\u00f3 el respaldo a la iniciativa y la importancia de la misma para enfrentar la caza y el comercio ilegales.<\/p>\n<p>La resoluci\u00f3n tambi\u00e9n reconoce los impactos m\u00e1s amplios de la delincuencia hacia la vida silvestre, formada por bandas criminales organizadas cuyas actividades socavan la seguridad nacional y los esfuerzos de desarrollo sostenible, amenazan algunas de las especies de fauna silvestre emblem\u00e1ticas del mundo y ponen en peligro la vida de los Guardaparques y de muchos otros.<\/p>\n<p>&nbsp;<\/p>\n<p>Los cr\u00edmenes contra la naturaleza generan cientos de miles de millones de d\u00f3lares en ganancias a las mafias transnacionales, seg\u00fan la Agencia de la ONU para las Drogas y el Delito (UNODC por sus siglas en ingl\u00e9s).<\/p>\n<p>&nbsp;<\/p>\n<p>La caza furtiva y la sobreexplotaci\u00f3n han colocado en peligro de extinci\u00f3n a decenas de especies, un problema que muchas naciones piden atender.<\/p>\n<p>&nbsp;<\/p>\n<p>Video &#8211; Yaguaret\u00e9 o Jaguar negro (Panthera onca), muerta a golpes en el estado de Mato Grosso mientras cruzaba un r\u00edo<\/p>\n<p><a href=\"https:\/\/www.youtube.com\/watch?v=g0z4lPjobJ4&amp;feature=player_embedded#t=3\">https:\/\/www.youtube.com\/watch?v=g0z4lPjobJ4&amp;feature=player_embedded#t=3<\/a><\/p>\n<p>Fuente ONU \/ AAPN<\/p>\n<p>* Presidente \/ Asociaci\u00f3n Amigos de los Parques Nacionales &#8211; AAPN &#8211;<\/p>\n<p>Experto Comisi\u00f3n Mundial de \u00c1reas Protegidas &#8211; WCPA &#8211; de la IUCN-<\/p>\n<p>Red Latinoamericana de \u00c1reas Protegidas &#8211; RELAP \u2013<\/p>\n<p>&nbsp;<\/p>\n<p>&nbsp;<\/p>\n","protected":false},"excerpt":{"rendered":"<p>Por Prof. Norberto Ovando *. La Asamblea General de la ONU adopt\u00f3 una resoluci\u00f3n dirigida a proteger la vida silvestre [&hellip;]<\/p>\n","protected":false},"author":2,"featured_media":59286,"comment_status":"closed","ping_status":"closed","sticky":false,"template":"","format":"standard","meta":{"site-sidebar-layout":"default","site-content-layout":"","ast-site-content-layout":"default","site-content-style":"default","site-sidebar-style":"default","ast-global-header-display":"","ast-banner-title-visibility":"","ast-main-header-display":"","ast-hfb-above-header-display":"","ast-hfb-below-header-display":"","ast-hfb-mobile-header-display":"","site-post-title":"","ast-breadcrumbs-content":"","ast-featured-img":"","footer-sml-layout":"","ast-disable-related-posts":"","theme-transparent-header-meta":"","adv-header-id-meta":"","stick-header-meta":"","header-above-stick-meta":"","header-main-stick-meta":"","header-below-stick-meta":"","astra-migrate-meta-layouts":"default","ast-page-background-enabled":"default","ast-page-background-meta":{"desktop":{"background-color":"var(--ast-global-color-5)","background-image":"","background-repeat":"repeat","background-position":"center center","background-size":"auto","background-attachment":"scroll","background-type":"","background-media":"","overlay-type":"","overlay-color":"","overlay-opacity":"","overlay-gradient":""},"tablet":{"background-color":"","background-image":"","background-repeat":"repeat","background-position":"center center","background-size":"auto","background-attachment":"scroll","background-type":"","background-media":"","overlay-type":"","overlay-color":"","overlay-opacity":"","overlay-gradient":""},"mobile":{"background-color":"","background-image":"","background-repeat":"repeat","background-position":"center center","background-size":"auto","background-attachment":"scroll","background-type":"","background-media":"","overlay-type":"","overlay-color":"","overlay-opacity":"","overlay-gradient":""}},"ast-content-background-meta":{"desktop":{"background-color":"var(--ast-global-color-4)","background-image":"","background-repeat":"repeat","background-position":"center center","background-size":"auto","background-attachment":"scroll","background-type":"","background-media":"","overlay-type":"","overlay-color":"","overlay-opacity":"","overlay-gradient":""},"tablet":{"background-color":"var(--ast-global-color-4)","background-image":"","background-repeat":"repeat","background-position":"center center","background-size":"auto","background-attachment":"scroll","background-type":"","background-media":"","overlay-type":"","overlay-color":"","overlay-opacity":"","overlay-gradient":""},"mobile":{"background-color":"var(--ast-global-color-4)","background-image":"","background-repeat":"repeat","background-position":"center center","background-size":"auto","background-attachment":"scroll","background-type":"","background-media":"","overlay-type":"","overlay-color":"","overlay-opacity":"","overlay-gradient":""}},"footnotes":""},"categories":[23,1],"tags":[],"class_list":["post-13182","post","type-post","status-publish","format-standard","has-post-thumbnail","hentry","category-internacionales","category-noticias"],"yoast_head":"<!-- This site is optimized with the Yoast SEO Premium plugin v23.0 (Yoast SEO v27.4) - https:\/\/yoast.com\/product\/yoast-seo-premium-wordpress\/ -->\n<title>La ONU resolvi\u00f3 proteger la vida silvestre \/ Por Norberto Ovando<\/title>\n<meta name=\"robots\" content=\"index, follow, max-snippet:-1, max-image-preview:large, max-video-preview:-1\" \/>\n<link rel=\"canonical\" href=\"https:\/\/patagoniambiental.com.ar\/info\/la-onu-resolvio-proteger-la-vida-silvestre\/\" \/>\n<meta property=\"og:locale\" content=\"es_ES\" \/>\n<meta property=\"og:type\" content=\"article\" \/>\n<meta property=\"og:title\" content=\"La ONU resolvi\u00f3 proteger la vida silvestre \/ Por Norberto Ovando\" \/>\n<meta property=\"og:description\" content=\"Por Prof. Norberto Ovando *. La Asamblea General de la ONU adopt\u00f3 una resoluci\u00f3n dirigida a proteger la vida silvestre [&hellip;]\" \/>\n<meta property=\"og:url\" content=\"https:\/\/patagoniambiental.com.ar\/info\/la-onu-resolvio-proteger-la-vida-silvestre\/\" \/>\n<meta property=\"og:site_name\" content=\"Patagonia Ambiental\" \/>\n<meta property=\"article:publisher\" content=\"https:\/\/www.facebook.com\/patagonia.ambiental\" \/>\n<meta property=\"article:author\" content=\"https:\/\/www.facebook.com\/share\/1C1V8Gv9BX\/?mibextid=qi2Omg\" \/>\n<meta property=\"article:published_time\" content=\"2015-08-04T22:00:25+00:00\" \/>\n<meta property=\"article:modified_time\" content=\"2019-02-27T13:59:13+00:00\" \/>\n<meta property=\"og:image\" content=\"https:\/\/patagoniambiental.com.ar\/info\/wp-content\/uploads\/2015\/08\/descarga.jpg\" \/>\n\t<meta property=\"og:image:width\" content=\"275\" \/>\n\t<meta property=\"og:image:height\" content=\"183\" \/>\n\t<meta property=\"og:image:type\" content=\"image\/jpeg\" \/>\n<meta name=\"author\" content=\"Patagonia Ambiental\" \/>\n<meta name=\"twitter:card\" content=\"summary_large_image\" \/>\n<meta name=\"twitter:creator\" content=\"@PatAmb\" \/>\n<meta name=\"twitter:site\" content=\"@PatAmb\" \/>\n<script type=\"application\/ld+json\" class=\"yoast-schema-graph\">{\"@context\":\"https:\\\/\\\/schema.org\",\"@graph\":[{\"@type\":\"Article\",\"@id\":\"https:\\\/\\\/patagoniambiental.com.ar\\\/info\\\/la-onu-resolvio-proteger-la-vida-silvestre\\\/#article\",\"isPartOf\":{\"@id\":\"https:\\\/\\\/patagoniambiental.com.ar\\\/info\\\/la-onu-resolvio-proteger-la-vida-silvestre\\\/\"},\"author\":{\"name\":\"Patagonia Ambiental\",\"@id\":\"https:\\\/\\\/patagoniambiental.com.ar\\\/info\\\/#\\\/schema\\\/person\\\/db12bff64bbcbf6a253710bf0ea37b5d\"},\"headline\":\"La ONU resolvi\u00f3 proteger la vida silvestre \\\/ Por Norberto Ovando\",\"datePublished\":\"2015-08-04T22:00:25+00:00\",\"dateModified\":\"2019-02-27T13:59:13+00:00\",\"mainEntityOfPage\":{\"@id\":\"https:\\\/\\\/patagoniambiental.com.ar\\\/info\\\/la-onu-resolvio-proteger-la-vida-silvestre\\\/\"},\"wordCount\":515,\"publisher\":{\"@id\":\"https:\\\/\\\/patagoniambiental.com.ar\\\/info\\\/#organization\"},\"image\":{\"@id\":\"https:\\\/\\\/patagoniambiental.com.ar\\\/info\\\/la-onu-resolvio-proteger-la-vida-silvestre\\\/#primaryimage\"},\"thumbnailUrl\":\"https:\\\/\\\/patagoniambiental.com.ar\\\/info\\\/wp-content\\\/uploads\\\/2015\\\/08\\\/descarga.jpg\",\"articleSection\":[\"Internacionales\",\"Noticias\"],\"inLanguage\":\"es\"},{\"@type\":\"WebPage\",\"@id\":\"https:\\\/\\\/patagoniambiental.com.ar\\\/info\\\/la-onu-resolvio-proteger-la-vida-silvestre\\\/\",\"url\":\"https:\\\/\\\/patagoniambiental.com.ar\\\/info\\\/la-onu-resolvio-proteger-la-vida-silvestre\\\/\",\"name\":\"La ONU resolvi\u00f3 proteger la vida silvestre \\\/ Por Norberto Ovando\",\"isPartOf\":{\"@id\":\"https:\\\/\\\/patagoniambiental.com.ar\\\/info\\\/#website\"},\"primaryImageOfPage\":{\"@id\":\"https:\\\/\\\/patagoniambiental.com.ar\\\/info\\\/la-onu-resolvio-proteger-la-vida-silvestre\\\/#primaryimage\"},\"image\":{\"@id\":\"https:\\\/\\\/patagoniambiental.com.ar\\\/info\\\/la-onu-resolvio-proteger-la-vida-silvestre\\\/#primaryimage\"},\"thumbnailUrl\":\"https:\\\/\\\/patagoniambiental.com.ar\\\/info\\\/wp-content\\\/uploads\\\/2015\\\/08\\\/descarga.jpg\",\"datePublished\":\"2015-08-04T22:00:25+00:00\",\"dateModified\":\"2019-02-27T13:59:13+00:00\",\"breadcrumb\":{\"@id\":\"https:\\\/\\\/patagoniambiental.com.ar\\\/info\\\/la-onu-resolvio-proteger-la-vida-silvestre\\\/#breadcrumb\"},\"inLanguage\":\"es\",\"potentialAction\":[{\"@type\":\"ReadAction\",\"target\":[\"https:\\\/\\\/patagoniambiental.com.ar\\\/info\\\/la-onu-resolvio-proteger-la-vida-silvestre\\\/\"]}]},{\"@type\":\"ImageObject\",\"inLanguage\":\"es\",\"@id\":\"https:\\\/\\\/patagoniambiental.com.ar\\\/info\\\/la-onu-resolvio-proteger-la-vida-silvestre\\\/#primaryimage\",\"url\":\"https:\\\/\\\/patagoniambiental.com.ar\\\/info\\\/wp-content\\\/uploads\\\/2015\\\/08\\\/descarga.jpg\",\"contentUrl\":\"https:\\\/\\\/patagoniambiental.com.ar\\\/info\\\/wp-content\\\/uploads\\\/2015\\\/08\\\/descarga.jpg\",\"width\":275,\"height\":183},{\"@type\":\"BreadcrumbList\",\"@id\":\"https:\\\/\\\/patagoniambiental.com.ar\\\/info\\\/la-onu-resolvio-proteger-la-vida-silvestre\\\/#breadcrumb\",\"itemListElement\":[{\"@type\":\"ListItem\",\"position\":1,\"name\":\"Inicio\",\"item\":\"https:\\\/\\\/patagoniambiental.com.ar\\\/info\\\/\"},{\"@type\":\"ListItem\",\"position\":2,\"name\":\"La ONU resolvi\u00f3 proteger la vida silvestre \\\/ Por Norberto Ovando\"}]},{\"@type\":\"WebSite\",\"@id\":\"https:\\\/\\\/patagoniambiental.com.ar\\\/info\\\/#website\",\"url\":\"https:\\\/\\\/patagoniambiental.com.ar\\\/info\\\/\",\"name\":\"Patagonia Ambiental\",\"description\":\"Monitoreo y an\u00e1lisis de la situaci\u00f3n geopol\u00edtica en el mundo y su implicancia en la Patagonia\",\"publisher\":{\"@id\":\"https:\\\/\\\/patagoniambiental.com.ar\\\/info\\\/#organization\"},\"potentialAction\":[{\"@type\":\"SearchAction\",\"target\":{\"@type\":\"EntryPoint\",\"urlTemplate\":\"https:\\\/\\\/patagoniambiental.com.ar\\\/info\\\/?s={search_term_string}\"},\"query-input\":{\"@type\":\"PropertyValueSpecification\",\"valueRequired\":true,\"valueName\":\"search_term_string\"}}],\"inLanguage\":\"es\"},{\"@type\":\"Organization\",\"@id\":\"https:\\\/\\\/patagoniambiental.com.ar\\\/info\\\/#organization\",\"name\":\"Patagonia Ambiental\",\"url\":\"https:\\\/\\\/patagoniambiental.com.ar\\\/info\\\/\",\"logo\":{\"@type\":\"ImageObject\",\"inLanguage\":\"es\",\"@id\":\"https:\\\/\\\/patagoniambiental.com.ar\\\/info\\\/#\\\/schema\\\/logo\\\/image\\\/\",\"url\":\"https:\\\/\\\/patagoniambiental.com.ar\\\/info\\\/wp-content\\\/uploads\\\/2025\\\/05\\\/LOGO-PATAGONIA-AMBIENTAL.png\",\"contentUrl\":\"https:\\\/\\\/patagoniambiental.com.ar\\\/info\\\/wp-content\\\/uploads\\\/2025\\\/05\\\/LOGO-PATAGONIA-AMBIENTAL.png\",\"width\":433,\"height\":250,\"caption\":\"Patagonia Ambiental\"},\"image\":{\"@id\":\"https:\\\/\\\/patagoniambiental.com.ar\\\/info\\\/#\\\/schema\\\/logo\\\/image\\\/\"},\"sameAs\":[\"https:\\\/\\\/www.facebook.com\\\/patagonia.ambiental\",\"https:\\\/\\\/x.com\\\/PatAmb\"]},{\"@type\":\"Person\",\"@id\":\"https:\\\/\\\/patagoniambiental.com.ar\\\/info\\\/#\\\/schema\\\/person\\\/db12bff64bbcbf6a253710bf0ea37b5d\",\"name\":\"Patagonia Ambiental\",\"description\":\"Andr\u00e9s Nievas T\u00e9cnico en manejo ambiental, consultor Ambiental y escritor para medios locales e internacionales sobre temas de geopolitica y medio ambiente.\",\"sameAs\":[\"http:\\\/\\\/www.patagoniambiental.com.ar\",\"https:\\\/\\\/www.facebook.com\\\/share\\\/1C1V8Gv9BX\\\/?mibextid=qi2Omg\",\"@patagoniambiental\",\"https:\\\/\\\/youtube.com\\\/@patagoniaambiental2023?si=BLt58t0wuXquxlYZ\"]}]}<\/script>\n<!-- \/ Yoast SEO Premium plugin. -->","yoast_head_json":{"title":"La ONU resolvi\u00f3 proteger la vida silvestre \/ Por Norberto Ovando","robots":{"index":"index","follow":"follow","max-snippet":"max-snippet:-1","max-image-preview":"max-image-preview:large","max-video-preview":"max-video-preview:-1"},"canonical":"https:\/\/patagoniambiental.com.ar\/info\/la-onu-resolvio-proteger-la-vida-silvestre\/","og_locale":"es_ES","og_type":"article","og_title":"La ONU resolvi\u00f3 proteger la vida silvestre \/ Por Norberto Ovando","og_description":"Por Prof. Norberto Ovando *. La Asamblea General de la ONU adopt\u00f3 una resoluci\u00f3n dirigida a proteger la vida silvestre [&hellip;]","og_url":"https:\/\/patagoniambiental.com.ar\/info\/la-onu-resolvio-proteger-la-vida-silvestre\/","og_site_name":"Patagonia Ambiental","article_publisher":"https:\/\/www.facebook.com\/patagonia.ambiental","article_author":"https:\/\/www.facebook.com\/share\/1C1V8Gv9BX\/?mibextid=qi2Omg","article_published_time":"2015-08-04T22:00:25+00:00","article_modified_time":"2019-02-27T13:59:13+00:00","og_image":[{"width":275,"height":183,"url":"https:\/\/patagoniambiental.com.ar\/info\/wp-content\/uploads\/2015\/08\/descarga.jpg","type":"image\/jpeg"}],"author":"Patagonia Ambiental","twitter_card":"summary_large_image","twitter_creator":"@PatAmb","twitter_site":"@PatAmb","schema":{"@context":"https:\/\/schema.org","@graph":[{"@type":"Article","@id":"https:\/\/patagoniambiental.com.ar\/info\/la-onu-resolvio-proteger-la-vida-silvestre\/#article","isPartOf":{"@id":"https:\/\/patagoniambiental.com.ar\/info\/la-onu-resolvio-proteger-la-vida-silvestre\/"},"author":{"name":"Patagonia Ambiental","@id":"https:\/\/patagoniambiental.com.ar\/info\/#\/schema\/person\/db12bff64bbcbf6a253710bf0ea37b5d"},"headline":"La ONU resolvi\u00f3 proteger la vida silvestre \/ Por Norberto Ovando","datePublished":"2015-08-04T22:00:25+00:00","dateModified":"2019-02-27T13:59:13+00:00","mainEntityOfPage":{"@id":"https:\/\/patagoniambiental.com.ar\/info\/la-onu-resolvio-proteger-la-vida-silvestre\/"},"wordCount":515,"publisher":{"@id":"https:\/\/patagoniambiental.com.ar\/info\/#organization"},"image":{"@id":"https:\/\/patagoniambiental.com.ar\/info\/la-onu-resolvio-proteger-la-vida-silvestre\/#primaryimage"},"thumbnailUrl":"https:\/\/patagoniambiental.com.ar\/info\/wp-content\/uploads\/2015\/08\/descarga.jpg","articleSection":["Internacionales","Noticias"],"inLanguage":"es"},{"@type":"WebPage","@id":"https:\/\/patagoniambiental.com.ar\/info\/la-onu-resolvio-proteger-la-vida-silvestre\/","url":"https:\/\/patagoniambiental.com.ar\/info\/la-onu-resolvio-proteger-la-vida-silvestre\/","name":"La ONU resolvi\u00f3 proteger la vida silvestre \/ Por Norberto Ovando","isPartOf":{"@id":"https:\/\/patagoniambiental.com.ar\/info\/#website"},"primaryImageOfPage":{"@id":"https:\/\/patagoniambiental.com.ar\/info\/la-onu-resolvio-proteger-la-vida-silvestre\/#primaryimage"},"image":{"@id":"https:\/\/patagoniambiental.com.ar\/info\/la-onu-resolvio-proteger-la-vida-silvestre\/#primaryimage"},"thumbnailUrl":"https:\/\/patagoniambiental.com.ar\/info\/wp-content\/uploads\/2015\/08\/descarga.jpg","datePublished":"2015-08-04T22:00:25+00:00","dateModified":"2019-02-27T13:59:13+00:00","breadcrumb":{"@id":"https:\/\/patagoniambiental.com.ar\/info\/la-onu-resolvio-proteger-la-vida-silvestre\/#breadcrumb"},"inLanguage":"es","potentialAction":[{"@type":"ReadAction","target":["https:\/\/patagoniambiental.com.ar\/info\/la-onu-resolvio-proteger-la-vida-silvestre\/"]}]},{"@type":"ImageObject","inLanguage":"es","@id":"https:\/\/patagoniambiental.com.ar\/info\/la-onu-resolvio-proteger-la-vida-silvestre\/#primaryimage","url":"https:\/\/patagoniambiental.com.ar\/info\/wp-content\/uploads\/2015\/08\/descarga.jpg","contentUrl":"https:\/\/patagoniambiental.com.ar\/info\/wp-content\/uploads\/2015\/08\/descarga.jpg","width":275,"height":183},{"@type":"BreadcrumbList","@id":"https:\/\/patagoniambiental.com.ar\/info\/la-onu-resolvio-proteger-la-vida-silvestre\/#breadcrumb","itemListElement":[{"@type":"ListItem","position":1,"name":"Inicio","item":"https:\/\/patagoniambiental.com.ar\/info\/"},{"@type":"ListItem","position":2,"name":"La ONU resolvi\u00f3 proteger la vida silvestre \/ Por Norberto Ovando"}]},{"@type":"WebSite","@id":"https:\/\/patagoniambiental.com.ar\/info\/#website","url":"https:\/\/patagoniambiental.com.ar\/info\/","name":"Patagonia Ambiental","description":"Monitoreo y an\u00e1lisis de la situaci\u00f3n geopol\u00edtica en el mundo y su implicancia en la Patagonia","publisher":{"@id":"https:\/\/patagoniambiental.com.ar\/info\/#organization"},"potentialAction":[{"@type":"SearchAction","target":{"@type":"EntryPoint","urlTemplate":"https:\/\/patagoniambiental.com.ar\/info\/?s={search_term_string}"},"query-input":{"@type":"PropertyValueSpecification","valueRequired":true,"valueName":"search_term_string"}}],"inLanguage":"es"},{"@type":"Organization","@id":"https:\/\/patagoniambiental.com.ar\/info\/#organization","name":"Patagonia Ambiental","url":"https:\/\/patagoniambiental.com.ar\/info\/","logo":{"@type":"ImageObject","inLanguage":"es","@id":"https:\/\/patagoniambiental.com.ar\/info\/#\/schema\/logo\/image\/","url":"https:\/\/patagoniambiental.com.ar\/info\/wp-content\/uploads\/2025\/05\/LOGO-PATAGONIA-AMBIENTAL.png","contentUrl":"https:\/\/patagoniambiental.com.ar\/info\/wp-content\/uploads\/2025\/05\/LOGO-PATAGONIA-AMBIENTAL.png","width":433,"height":250,"caption":"Patagonia Ambiental"},"image":{"@id":"https:\/\/patagoniambiental.com.ar\/info\/#\/schema\/logo\/image\/"},"sameAs":["https:\/\/www.facebook.com\/patagonia.ambiental","https:\/\/x.com\/PatAmb"]},{"@type":"Person","@id":"https:\/\/patagoniambiental.com.ar\/info\/#\/schema\/person\/db12bff64bbcbf6a253710bf0ea37b5d","name":"Patagonia Ambiental","description":"Andr\u00e9s Nievas T\u00e9cnico en manejo ambiental, consultor Ambiental y escritor para medios locales e internacionales sobre temas de geopolitica y medio ambiente.","sameAs":["http:\/\/www.patagoniambiental.com.ar","https:\/\/www.facebook.com\/share\/1C1V8Gv9BX\/?mibextid=qi2Omg","@patagoniambiental","https:\/\/youtube.com\/@patagoniaambiental2023?si=BLt58t0wuXquxlYZ"]}]}},"_links":{"self":[{"href":"https:\/\/patagoniambiental.com.ar\/info\/wp-json\/wp\/v2\/posts\/13182","targetHints":{"allow":["GET"]}}],"collection":[{"href":"https:\/\/patagoniambiental.com.ar\/info\/wp-json\/wp\/v2\/posts"}],"about":[{"href":"https:\/\/patagoniambiental.com.ar\/info\/wp-json\/wp\/v2\/types\/post"}],"author":[{"embeddable":true,"href":"https:\/\/patagoniambiental.com.ar\/info\/wp-json\/wp\/v2\/users\/2"}],"replies":[{"embeddable":true,"href":"https:\/\/patagoniambiental.com.ar\/info\/wp-json\/wp\/v2\/comments?post=13182"}],"version-history":[{"count":0,"href":"https:\/\/patagoniambiental.com.ar\/info\/wp-json\/wp\/v2\/posts\/13182\/revisions"}],"wp:featuredmedia":[{"embeddable":true,"href":"https:\/\/patagoniambiental.com.ar\/info\/wp-json\/wp\/v2\/media\/59286"}],"wp:attachment":[{"href":"https:\/\/patagoniambiental.com.ar\/info\/wp-json\/wp\/v2\/media?parent=13182"}],"wp:term":[{"taxonomy":"category","embeddable":true,"href":"https:\/\/patagoniambiental.com.ar\/info\/wp-json\/wp\/v2\/categories?post=13182"},{"taxonomy":"post_tag","embeddable":true,"href":"https:\/\/patagoniambiental.com.ar\/info\/wp-json\/wp\/v2\/tags?post=13182"}],"curies":[{"name":"wp","href":"https:\/\/api.w.org\/{rel}","templated":true}]}}