{"id":13259,"date":"2015-08-07T19:00:38","date_gmt":"2015-08-07T22:00:38","guid":{"rendered":"http:\/\/patagoniambiental.com.ar\/?p=13259"},"modified":"2015-08-07T19:00:38","modified_gmt":"2015-08-07T22:00:38","slug":"en-septiembre-se-desarrollara-la-3ra-jornada-de-desarrollo-local-e-inclusion-social-energias-renovables","status":"publish","type":"post","link":"https:\/\/patagoniambiental.com.ar\/info\/en-septiembre-se-desarrollara-la-3ra-jornada-de-desarrollo-local-e-inclusion-social-energias-renovables\/","title":{"rendered":"En septiembre se desarrollar\u00e1 la 3ra Jornada de Desarrollo Local e Inclusi\u00f3n Social, Energ\u00edas Renovables"},"content":{"rendered":"<p>Cipolletti.-La Universidad de Flores celebra sus 20 a\u00f1os y organiza un nuevo encuentro que tiene por objetivo conocer y debatir sobre<!--more--> las experiencias regionales de investigaci\u00f3n aplicada y emprendimientos en torno a las energ\u00edas renovables y las nuevas formas de producci\u00f3n energ\u00e9tica no contaminante, a nivel local y nacional.<i> <\/i><\/p>\n<p>La Universidad de Flores organiza por tercera vez consecutiva la jornada de Desarrollo Local e Inclusi\u00f3n Social, focalizando este a\u00f1o el eje en Energ\u00edas Renovables. La actividad, que convoca a varios expertos en la tem\u00e1tica se desarrollar\u00e1 el 1 de septiembre en la sede Regional Comahue, ubicada en Av Mengelle 8 de la ciudad de Cipolletti.<\/p>\n<p>El debate interdisciplinario y la participaci\u00f3n activa en el desarrollo econ\u00f3mico, social y ambiental de las provincias de R\u00edo Negro y Neuqu\u00e9n constituyen junto con el di\u00e1logo los pilares fundamentales de la instituci\u00f3n educativa, que en esta oportunidad organiza una serie de actividades vinculadas a la celebraci\u00f3n de sus 20 a\u00f1os de creaci\u00f3n.<\/p>\n<p><b>Temas de debate<\/b><\/p>\n<p>En las mesas y conferencias que se llevar\u00e1n a cabo durante la jornada se debatir\u00e1 sobre algunos temas que son centrales al t\u00edtulo que da nombre a la actividad. Estos son:<b> <\/b>Pol\u00edticas de incorporaci\u00f3n de energ\u00edas renovables en la matriz energ\u00e9tica nacional. Otro de los temas ser\u00e1: Opiniones, inversiones y la investigaci\u00f3n en fabricaci\u00f3n sobre este campo. Y por \u00faltimo, El desarrollo acad\u00e9mico del \u00e1rea mencionada.<\/p>\n<p>La apertura, a cargo del Rector de la Universidad de Flores, N\u00e9stor Blanco, iniciar\u00e1 a las 9 de la ma\u00f1ana y luego, continuar\u00e1 con distintas mesas y conferencias. Tambi\u00e9n habr\u00e1 un espacio de reconocimiento por la labor y el desempe\u00f1o de algunos referentes vinculados al tema. Para m\u00e1s informaci\u00f3n e inscripciones se puede consultar a trav\u00e9s del siguiente mail y tel\u00e9fono: <a href=\"mailto:ufloexte@uflo.edu.ar\" target=\"_blank\"><b><span style=\"color: #0072c6;\">ufloexte@uflo.edu.ar<\/span><\/b><\/a><b> y Tel 0299-4771587-int13<\/b><\/p>\n<p>Fuente: Universidad de Flores<\/p>\n","protected":false},"excerpt":{"rendered":"<p>Cipolletti.-La Universidad de Flores celebra sus 20 a\u00f1os y organiza un nuevo encuentro que tiene por objetivo conocer y debatir [&hellip;]<\/p>\n","protected":false},"author":2,"featured_media":9717,"comment_status":"closed","ping_status":"closed","sticky":false,"template":"","format":"standard","meta":{"site-sidebar-layout":"default","site-content-layout":"","ast-site-content-layout":"default","site-content-style":"default","site-sidebar-style":"default","ast-global-header-display":"","ast-banner-title-visibility":"","ast-main-header-display":"","ast-hfb-above-header-display":"","ast-hfb-below-header-display":"","ast-hfb-mobile-header-display":"","site-post-title":"","ast-breadcrumbs-content":"","ast-featured-img":"","footer-sml-layout":"","ast-disable-related-posts":"","theme-transparent-header-meta":"","adv-header-id-meta":"","stick-header-meta":"","header-above-stick-meta":"","header-main-stick-meta":"","header-below-stick-meta":"","astra-migrate-meta-layouts":"default","ast-page-background-enabled":"default","ast-page-background-meta":{"desktop":{"background-color":"var(--ast-global-color-5)","background-image":"","background-repeat":"repeat","background-position":"center center","background-size":"auto","background-attachment":"scroll","background-type":"","background-media":"","overlay-type":"","overlay-color":"","overlay-opacity":"","overlay-gradient":""},"tablet":{"background-color":"","background-image":"","background-repeat":"repeat","background-position":"center center","background-size":"auto","background-attachment":"scroll","background-type":"","background-media":"","overlay-type":"","overlay-color":"","overlay-opacity":"","overlay-gradient":""},"mobile":{"background-color":"","background-image":"","background-repeat":"repeat","background-position":"center center","background-size":"auto","background-attachment":"scroll","background-type":"","background-media":"","overlay-type":"","overlay-color":"","overlay-opacity":"","overlay-gradient":""}},"ast-content-background-meta":{"desktop":{"background-color":"var(--ast-global-color-4)","background-image":"","background-repeat":"repeat","background-position":"center center","background-size":"auto","background-attachment":"scroll","background-type":"","background-media":"","overlay-type":"","overlay-color":"","overlay-opacity":"","overlay-gradient":""},"tablet":{"background-color":"var(--ast-global-color-4)","background-image":"","background-repeat":"repeat","background-position":"center center","background-size":"auto","background-attachment":"scroll","background-type":"","background-media":"","overlay-type":"","overlay-color":"","overlay-opacity":"","overlay-gradient":""},"mobile":{"background-color":"var(--ast-global-color-4)","background-image":"","background-repeat":"repeat","background-position":"center center","background-size":"auto","background-attachment":"scroll","background-type":"","background-media":"","overlay-type":"","overlay-color":"","overlay-opacity":"","overlay-gradient":""}},"footnotes":""},"categories":[12,1],"tags":[],"class_list":["post-13259","post","type-post","status-publish","format-standard","has-post-thumbnail","hentry","category-agenda-ambiental","category-noticias"],"yoast_head":"<!-- This site is optimized with the Yoast SEO Premium plugin v23.0 (Yoast SEO v27.4) - https:\/\/yoast.com\/product\/yoast-seo-premium-wordpress\/ -->\n<title>En septiembre se desarrollar\u00e1 la 3ra Jornada de Desarrollo Local e Inclusi\u00f3n Social, Energ\u00edas Renovables<\/title>\n<meta name=\"robots\" content=\"index, follow, max-snippet:-1, max-image-preview:large, max-video-preview:-1\" \/>\n<link rel=\"canonical\" href=\"https:\/\/patagoniambiental.com.ar\/info\/en-septiembre-se-desarrollara-la-3ra-jornada-de-desarrollo-local-e-inclusion-social-energias-renovables\/\" \/>\n<meta property=\"og:locale\" content=\"es_ES\" \/>\n<meta property=\"og:type\" content=\"article\" \/>\n<meta property=\"og:title\" content=\"En septiembre se desarrollar\u00e1 la 3ra Jornada de Desarrollo Local e Inclusi\u00f3n Social, Energ\u00edas Renovables\" \/>\n<meta property=\"og:description\" content=\"Cipolletti.-La Universidad de Flores celebra sus 20 a\u00f1os y organiza un nuevo encuentro que tiene por objetivo conocer y debatir [&hellip;]\" \/>\n<meta property=\"og:url\" content=\"https:\/\/patagoniambiental.com.ar\/info\/en-septiembre-se-desarrollara-la-3ra-jornada-de-desarrollo-local-e-inclusion-social-energias-renovables\/\" \/>\n<meta property=\"og:site_name\" content=\"Patagonia Ambiental\" \/>\n<meta property=\"article:publisher\" content=\"https:\/\/www.facebook.com\/patagonia.ambiental\" \/>\n<meta property=\"article:author\" content=\"https:\/\/www.facebook.com\/share\/1C1V8Gv9BX\/?mibextid=qi2Omg\" \/>\n<meta property=\"article:published_time\" content=\"2015-08-07T22:00:38+00:00\" \/>\n<meta name=\"author\" content=\"Patagonia Ambiental\" \/>\n<meta name=\"twitter:card\" content=\"summary_large_image\" \/>\n<meta name=\"twitter:creator\" content=\"@PatAmb\" \/>\n<meta name=\"twitter:site\" content=\"@PatAmb\" \/>\n<script type=\"application\/ld+json\" class=\"yoast-schema-graph\">{\"@context\":\"https:\\\/\\\/schema.org\",\"@graph\":[{\"@type\":\"Article\",\"@id\":\"https:\\\/\\\/patagoniambiental.com.ar\\\/info\\\/en-septiembre-se-desarrollara-la-3ra-jornada-de-desarrollo-local-e-inclusion-social-energias-renovables\\\/#article\",\"isPartOf\":{\"@id\":\"https:\\\/\\\/patagoniambiental.com.ar\\\/info\\\/en-septiembre-se-desarrollara-la-3ra-jornada-de-desarrollo-local-e-inclusion-social-energias-renovables\\\/\"},\"author\":{\"name\":\"Patagonia Ambiental\",\"@id\":\"https:\\\/\\\/patagoniambiental.com.ar\\\/info\\\/#\\\/schema\\\/person\\\/db12bff64bbcbf6a253710bf0ea37b5d\"},\"headline\":\"En septiembre se desarrollar\u00e1 la 3ra Jornada de Desarrollo Local e Inclusi\u00f3n Social, Energ\u00edas Renovables\",\"datePublished\":\"2015-08-07T22:00:38+00:00\",\"mainEntityOfPage\":{\"@id\":\"https:\\\/\\\/patagoniambiental.com.ar\\\/info\\\/en-septiembre-se-desarrollara-la-3ra-jornada-de-desarrollo-local-e-inclusion-social-energias-renovables\\\/\"},\"wordCount\":348,\"publisher\":{\"@id\":\"https:\\\/\\\/patagoniambiental.com.ar\\\/info\\\/#organization\"},\"image\":{\"@id\":\"https:\\\/\\\/patagoniambiental.com.ar\\\/info\\\/en-septiembre-se-desarrollara-la-3ra-jornada-de-desarrollo-local-e-inclusion-social-energias-renovables\\\/#primaryimage\"},\"thumbnailUrl\":\"\",\"articleSection\":[\"Agenda Ambiental\",\"Noticias\"],\"inLanguage\":\"es\"},{\"@type\":\"WebPage\",\"@id\":\"https:\\\/\\\/patagoniambiental.com.ar\\\/info\\\/en-septiembre-se-desarrollara-la-3ra-jornada-de-desarrollo-local-e-inclusion-social-energias-renovables\\\/\",\"url\":\"https:\\\/\\\/patagoniambiental.com.ar\\\/info\\\/en-septiembre-se-desarrollara-la-3ra-jornada-de-desarrollo-local-e-inclusion-social-energias-renovables\\\/\",\"name\":\"En septiembre se desarrollar\u00e1 la 3ra Jornada de Desarrollo Local e Inclusi\u00f3n Social, Energ\u00edas Renovables\",\"isPartOf\":{\"@id\":\"https:\\\/\\\/patagoniambiental.com.ar\\\/info\\\/#website\"},\"primaryImageOfPage\":{\"@id\":\"https:\\\/\\\/patagoniambiental.com.ar\\\/info\\\/en-septiembre-se-desarrollara-la-3ra-jornada-de-desarrollo-local-e-inclusion-social-energias-renovables\\\/#primaryimage\"},\"image\":{\"@id\":\"https:\\\/\\\/patagoniambiental.com.ar\\\/info\\\/en-septiembre-se-desarrollara-la-3ra-jornada-de-desarrollo-local-e-inclusion-social-energias-renovables\\\/#primaryimage\"},\"thumbnailUrl\":\"\",\"datePublished\":\"2015-08-07T22:00:38+00:00\",\"breadcrumb\":{\"@id\":\"https:\\\/\\\/patagoniambiental.com.ar\\\/info\\\/en-septiembre-se-desarrollara-la-3ra-jornada-de-desarrollo-local-e-inclusion-social-energias-renovables\\\/#breadcrumb\"},\"inLanguage\":\"es\",\"potentialAction\":[{\"@type\":\"ReadAction\",\"target\":[\"https:\\\/\\\/patagoniambiental.com.ar\\\/info\\\/en-septiembre-se-desarrollara-la-3ra-jornada-de-desarrollo-local-e-inclusion-social-energias-renovables\\\/\"]}]},{\"@type\":\"ImageObject\",\"inLanguage\":\"es\",\"@id\":\"https:\\\/\\\/patagoniambiental.com.ar\\\/info\\\/en-septiembre-se-desarrollara-la-3ra-jornada-de-desarrollo-local-e-inclusion-social-energias-renovables\\\/#primaryimage\",\"url\":\"\",\"contentUrl\":\"\"},{\"@type\":\"BreadcrumbList\",\"@id\":\"https:\\\/\\\/patagoniambiental.com.ar\\\/info\\\/en-septiembre-se-desarrollara-la-3ra-jornada-de-desarrollo-local-e-inclusion-social-energias-renovables\\\/#breadcrumb\",\"itemListElement\":[{\"@type\":\"ListItem\",\"position\":1,\"name\":\"Inicio\",\"item\":\"https:\\\/\\\/patagoniambiental.com.ar\\\/info\\\/\"},{\"@type\":\"ListItem\",\"position\":2,\"name\":\"En septiembre se desarrollar\u00e1 la 3ra Jornada de Desarrollo Local e Inclusi\u00f3n Social, Energ\u00edas Renovables\"}]},{\"@type\":\"WebSite\",\"@id\":\"https:\\\/\\\/patagoniambiental.com.ar\\\/info\\\/#website\",\"url\":\"https:\\\/\\\/patagoniambiental.com.ar\\\/info\\\/\",\"name\":\"Patagonia Ambiental\",\"description\":\"Monitoreo y an\u00e1lisis de la situaci\u00f3n geopol\u00edtica en el mundo y su implicancia en la Patagonia\",\"publisher\":{\"@id\":\"https:\\\/\\\/patagoniambiental.com.ar\\\/info\\\/#organization\"},\"potentialAction\":[{\"@type\":\"SearchAction\",\"target\":{\"@type\":\"EntryPoint\",\"urlTemplate\":\"https:\\\/\\\/patagoniambiental.com.ar\\\/info\\\/?s={search_term_string}\"},\"query-input\":{\"@type\":\"PropertyValueSpecification\",\"valueRequired\":true,\"valueName\":\"search_term_string\"}}],\"inLanguage\":\"es\"},{\"@type\":\"Organization\",\"@id\":\"https:\\\/\\\/patagoniambiental.com.ar\\\/info\\\/#organization\",\"name\":\"Patagonia Ambiental\",\"url\":\"https:\\\/\\\/patagoniambiental.com.ar\\\/info\\\/\",\"logo\":{\"@type\":\"ImageObject\",\"inLanguage\":\"es\",\"@id\":\"https:\\\/\\\/patagoniambiental.com.ar\\\/info\\\/#\\\/schema\\\/logo\\\/image\\\/\",\"url\":\"https:\\\/\\\/patagoniambiental.com.ar\\\/info\\\/wp-content\\\/uploads\\\/2025\\\/05\\\/LOGO-PATAGONIA-AMBIENTAL.png\",\"contentUrl\":\"https:\\\/\\\/patagoniambiental.com.ar\\\/info\\\/wp-content\\\/uploads\\\/2025\\\/05\\\/LOGO-PATAGONIA-AMBIENTAL.png\",\"width\":433,\"height\":250,\"caption\":\"Patagonia Ambiental\"},\"image\":{\"@id\":\"https:\\\/\\\/patagoniambiental.com.ar\\\/info\\\/#\\\/schema\\\/logo\\\/image\\\/\"},\"sameAs\":[\"https:\\\/\\\/www.facebook.com\\\/patagonia.ambiental\",\"https:\\\/\\\/x.com\\\/PatAmb\"]},{\"@type\":\"Person\",\"@id\":\"https:\\\/\\\/patagoniambiental.com.ar\\\/info\\\/#\\\/schema\\\/person\\\/db12bff64bbcbf6a253710bf0ea37b5d\",\"name\":\"Patagonia Ambiental\",\"description\":\"Andr\u00e9s Nievas T\u00e9cnico en manejo ambiental, consultor Ambiental y escritor para medios locales e internacionales sobre temas de geopolitica y medio ambiente.\",\"sameAs\":[\"http:\\\/\\\/www.patagoniambiental.com.ar\",\"https:\\\/\\\/www.facebook.com\\\/share\\\/1C1V8Gv9BX\\\/?mibextid=qi2Omg\",\"@patagoniambiental\",\"https:\\\/\\\/youtube.com\\\/@patagoniaambiental2023?si=BLt58t0wuXquxlYZ\"]}]}<\/script>\n<!-- \/ Yoast SEO Premium plugin. -->","yoast_head_json":{"title":"En septiembre se desarrollar\u00e1 la 3ra Jornada de Desarrollo Local e Inclusi\u00f3n Social, Energ\u00edas Renovables","robots":{"index":"index","follow":"follow","max-snippet":"max-snippet:-1","max-image-preview":"max-image-preview:large","max-video-preview":"max-video-preview:-1"},"canonical":"https:\/\/patagoniambiental.com.ar\/info\/en-septiembre-se-desarrollara-la-3ra-jornada-de-desarrollo-local-e-inclusion-social-energias-renovables\/","og_locale":"es_ES","og_type":"article","og_title":"En septiembre se desarrollar\u00e1 la 3ra Jornada de Desarrollo Local e Inclusi\u00f3n Social, Energ\u00edas Renovables","og_description":"Cipolletti.-La Universidad de Flores celebra sus 20 a\u00f1os y organiza un nuevo encuentro que tiene por objetivo conocer y debatir [&hellip;]","og_url":"https:\/\/patagoniambiental.com.ar\/info\/en-septiembre-se-desarrollara-la-3ra-jornada-de-desarrollo-local-e-inclusion-social-energias-renovables\/","og_site_name":"Patagonia Ambiental","article_publisher":"https:\/\/www.facebook.com\/patagonia.ambiental","article_author":"https:\/\/www.facebook.com\/share\/1C1V8Gv9BX\/?mibextid=qi2Omg","article_published_time":"2015-08-07T22:00:38+00:00","author":"Patagonia Ambiental","twitter_card":"summary_large_image","twitter_creator":"@PatAmb","twitter_site":"@PatAmb","schema":{"@context":"https:\/\/schema.org","@graph":[{"@type":"Article","@id":"https:\/\/patagoniambiental.com.ar\/info\/en-septiembre-se-desarrollara-la-3ra-jornada-de-desarrollo-local-e-inclusion-social-energias-renovables\/#article","isPartOf":{"@id":"https:\/\/patagoniambiental.com.ar\/info\/en-septiembre-se-desarrollara-la-3ra-jornada-de-desarrollo-local-e-inclusion-social-energias-renovables\/"},"author":{"name":"Patagonia Ambiental","@id":"https:\/\/patagoniambiental.com.ar\/info\/#\/schema\/person\/db12bff64bbcbf6a253710bf0ea37b5d"},"headline":"En septiembre se desarrollar\u00e1 la 3ra Jornada de Desarrollo Local e Inclusi\u00f3n Social, Energ\u00edas Renovables","datePublished":"2015-08-07T22:00:38+00:00","mainEntityOfPage":{"@id":"https:\/\/patagoniambiental.com.ar\/info\/en-septiembre-se-desarrollara-la-3ra-jornada-de-desarrollo-local-e-inclusion-social-energias-renovables\/"},"wordCount":348,"publisher":{"@id":"https:\/\/patagoniambiental.com.ar\/info\/#organization"},"image":{"@id":"https:\/\/patagoniambiental.com.ar\/info\/en-septiembre-se-desarrollara-la-3ra-jornada-de-desarrollo-local-e-inclusion-social-energias-renovables\/#primaryimage"},"thumbnailUrl":"","articleSection":["Agenda Ambiental","Noticias"],"inLanguage":"es"},{"@type":"WebPage","@id":"https:\/\/patagoniambiental.com.ar\/info\/en-septiembre-se-desarrollara-la-3ra-jornada-de-desarrollo-local-e-inclusion-social-energias-renovables\/","url":"https:\/\/patagoniambiental.com.ar\/info\/en-septiembre-se-desarrollara-la-3ra-jornada-de-desarrollo-local-e-inclusion-social-energias-renovables\/","name":"En septiembre se desarrollar\u00e1 la 3ra Jornada de Desarrollo Local e Inclusi\u00f3n Social, Energ\u00edas Renovables","isPartOf":{"@id":"https:\/\/patagoniambiental.com.ar\/info\/#website"},"primaryImageOfPage":{"@id":"https:\/\/patagoniambiental.com.ar\/info\/en-septiembre-se-desarrollara-la-3ra-jornada-de-desarrollo-local-e-inclusion-social-energias-renovables\/#primaryimage"},"image":{"@id":"https:\/\/patagoniambiental.com.ar\/info\/en-septiembre-se-desarrollara-la-3ra-jornada-de-desarrollo-local-e-inclusion-social-energias-renovables\/#primaryimage"},"thumbnailUrl":"","datePublished":"2015-08-07T22:00:38+00:00","breadcrumb":{"@id":"https:\/\/patagoniambiental.com.ar\/info\/en-septiembre-se-desarrollara-la-3ra-jornada-de-desarrollo-local-e-inclusion-social-energias-renovables\/#breadcrumb"},"inLanguage":"es","potentialAction":[{"@type":"ReadAction","target":["https:\/\/patagoniambiental.com.ar\/info\/en-septiembre-se-desarrollara-la-3ra-jornada-de-desarrollo-local-e-inclusion-social-energias-renovables\/"]}]},{"@type":"ImageObject","inLanguage":"es","@id":"https:\/\/patagoniambiental.com.ar\/info\/en-septiembre-se-desarrollara-la-3ra-jornada-de-desarrollo-local-e-inclusion-social-energias-renovables\/#primaryimage","url":"","contentUrl":""},{"@type":"BreadcrumbList","@id":"https:\/\/patagoniambiental.com.ar\/info\/en-septiembre-se-desarrollara-la-3ra-jornada-de-desarrollo-local-e-inclusion-social-energias-renovables\/#breadcrumb","itemListElement":[{"@type":"ListItem","position":1,"name":"Inicio","item":"https:\/\/patagoniambiental.com.ar\/info\/"},{"@type":"ListItem","position":2,"name":"En septiembre se desarrollar\u00e1 la 3ra Jornada de Desarrollo Local e Inclusi\u00f3n Social, Energ\u00edas Renovables"}]},{"@type":"WebSite","@id":"https:\/\/patagoniambiental.com.ar\/info\/#website","url":"https:\/\/patagoniambiental.com.ar\/info\/","name":"Patagonia Ambiental","description":"Monitoreo y an\u00e1lisis de la situaci\u00f3n geopol\u00edtica en el mundo y su implicancia en la Patagonia","publisher":{"@id":"https:\/\/patagoniambiental.com.ar\/info\/#organization"},"potentialAction":[{"@type":"SearchAction","target":{"@type":"EntryPoint","urlTemplate":"https:\/\/patagoniambiental.com.ar\/info\/?s={search_term_string}"},"query-input":{"@type":"PropertyValueSpecification","valueRequired":true,"valueName":"search_term_string"}}],"inLanguage":"es"},{"@type":"Organization","@id":"https:\/\/patagoniambiental.com.ar\/info\/#organization","name":"Patagonia Ambiental","url":"https:\/\/patagoniambiental.com.ar\/info\/","logo":{"@type":"ImageObject","inLanguage":"es","@id":"https:\/\/patagoniambiental.com.ar\/info\/#\/schema\/logo\/image\/","url":"https:\/\/patagoniambiental.com.ar\/info\/wp-content\/uploads\/2025\/05\/LOGO-PATAGONIA-AMBIENTAL.png","contentUrl":"https:\/\/patagoniambiental.com.ar\/info\/wp-content\/uploads\/2025\/05\/LOGO-PATAGONIA-AMBIENTAL.png","width":433,"height":250,"caption":"Patagonia Ambiental"},"image":{"@id":"https:\/\/patagoniambiental.com.ar\/info\/#\/schema\/logo\/image\/"},"sameAs":["https:\/\/www.facebook.com\/patagonia.ambiental","https:\/\/x.com\/PatAmb"]},{"@type":"Person","@id":"https:\/\/patagoniambiental.com.ar\/info\/#\/schema\/person\/db12bff64bbcbf6a253710bf0ea37b5d","name":"Patagonia Ambiental","description":"Andr\u00e9s Nievas T\u00e9cnico en manejo ambiental, consultor Ambiental y escritor para medios locales e internacionales sobre temas de geopolitica y medio ambiente.","sameAs":["http:\/\/www.patagoniambiental.com.ar","https:\/\/www.facebook.com\/share\/1C1V8Gv9BX\/?mibextid=qi2Omg","@patagoniambiental","https:\/\/youtube.com\/@patagoniaambiental2023?si=BLt58t0wuXquxlYZ"]}]}},"_links":{"self":[{"href":"https:\/\/patagoniambiental.com.ar\/info\/wp-json\/wp\/v2\/posts\/13259","targetHints":{"allow":["GET"]}}],"collection":[{"href":"https:\/\/patagoniambiental.com.ar\/info\/wp-json\/wp\/v2\/posts"}],"about":[{"href":"https:\/\/patagoniambiental.com.ar\/info\/wp-json\/wp\/v2\/types\/post"}],"author":[{"embeddable":true,"href":"https:\/\/patagoniambiental.com.ar\/info\/wp-json\/wp\/v2\/users\/2"}],"replies":[{"embeddable":true,"href":"https:\/\/patagoniambiental.com.ar\/info\/wp-json\/wp\/v2\/comments?post=13259"}],"version-history":[{"count":0,"href":"https:\/\/patagoniambiental.com.ar\/info\/wp-json\/wp\/v2\/posts\/13259\/revisions"}],"wp:featuredmedia":[{"embeddable":true,"href":"https:\/\/patagoniambiental.com.ar\/info\/wp-json\/"}],"wp:attachment":[{"href":"https:\/\/patagoniambiental.com.ar\/info\/wp-json\/wp\/v2\/media?parent=13259"}],"wp:term":[{"taxonomy":"category","embeddable":true,"href":"https:\/\/patagoniambiental.com.ar\/info\/wp-json\/wp\/v2\/categories?post=13259"},{"taxonomy":"post_tag","embeddable":true,"href":"https:\/\/patagoniambiental.com.ar\/info\/wp-json\/wp\/v2\/tags?post=13259"}],"curies":[{"name":"wp","href":"https:\/\/api.w.org\/{rel}","templated":true}]}}