{"id":13273,"date":"2015-08-07T19:00:47","date_gmt":"2015-08-07T22:00:47","guid":{"rendered":"http:\/\/patagoniambiental.com.ar\/?p=13273"},"modified":"2015-08-07T19:00:47","modified_gmt":"2015-08-07T22:00:47","slug":"prorroga-de-inscripcion-para-la-iiio-semana-del-emprendedor-tecnologico-rionegrino-2015","status":"publish","type":"post","link":"https:\/\/patagoniambiental.com.ar\/info\/prorroga-de-inscripcion-para-la-iiio-semana-del-emprendedor-tecnologico-rionegrino-2015\/","title":{"rendered":"Pr\u00f3rroga de inscripci\u00f3n para la III\u00ba Semana del Emprendedor Tecnol\u00f3gico Rionegrino 2015"},"content":{"rendered":"<p lang=\"es-ES\" align=\"JUSTIFY\"><span style=\"font-family: Asap;\"><span style=\"color: #0072c6; font-size: large;\">San Carlos de Bariloche.-La Secretar\u00eda de Ciencia, Tecnolog\u00eda y Desarrollo para la Producci\u00f3n de la Provincia realiz\u00f3 una pr\u00f3rroga en la inscripci\u00f3n para participar de la III\u00ba Semana del Emprendedor Tecnol\u00f3gico Rionegrino 2015, hasta el 15 de agosto.<\/span><\/span><!--more--><\/p>\n<div>Cabe se\u00f1alar que por tercer a\u00f1o consecutivo se realizar\u00e1 esta muestra que busca: dar a conocer en la sociedad diversos emprendimientos tecnol\u00f3gicos, todos ellos realizados por emprendedores, estudiantes, dise\u00f1adores, empresas, universidades o instituciones del Sistema de Ciencia y Tecnolog\u00eda de nuestra provincia y de la regi\u00f3n.<\/div>\n<div>De esta forma se promueven las producciones de los emprendedores, para impulsar la innovaci\u00f3n y el desarrollo de nuevas empresas, contribuyendo a diversificar la matriz productiva, fortaleciendo y agreg\u00e1ndole valor a las cadenas productivas.<\/div>\n<div>La intenci\u00f3n es generar un espacio de intercambio, en donde se estimule la vocaci\u00f3n emprendedora y se puedan identificar oportunidades de negocios tecnol\u00f3gicos, mejorando la capacidad de gesti\u00f3n de emprendimientos que realicen un uso intensivo en conocimiento cient\u00edfico y tecnol\u00f3gico.<\/div>\n<div>Por este motivo, R\u00edo Negro contin\u00faa incentivando la participaci\u00f3n de los emprendedores, invit\u00e1ndolos a acercar propuestas que se destaquen por su tecnolog\u00eda, innovaci\u00f3n, dise\u00f1o y originalidad.<\/div>\n<div>Los proyectos seleccionados ser\u00e1n expuestos en la muestra que se realizar\u00e1 en San Carlos de Bariloche durante los d\u00edas 16, 17 y 18 de septiembre en las instalaciones de Bariloche Evento y Convenciones, ubicado en calle Espa\u00f1a 415 de la ciudad lacustre.<\/div>\n<div>Para inscripciones comunicarse v\u00eda correo electr\u00f3nico a cienciatecnologiayproduccion@gmail.com hasta el 15 de agosto. O consultar la p\u00e1gina web: <a href=\"http:\/\/www.cienciaytecnologia.rionegro.gov.ar\/index.php?catID=88\">www.cienciaytecnologia.rionegro.gov.ar<\/a><\/div>\n<div><\/div>\n<div>Fuente:<\/div>\n<div><\/div>\n","protected":false},"excerpt":{"rendered":"<p>San Carlos de Bariloche.-La Secretar\u00eda de Ciencia, Tecnolog\u00eda y Desarrollo para la Producci\u00f3n de la Provincia realiz\u00f3 una pr\u00f3rroga en [&hellip;]<\/p>\n","protected":false},"author":2,"featured_media":10001,"comment_status":"closed","ping_status":"closed","sticky":false,"template":"","format":"standard","meta":{"site-sidebar-layout":"default","site-content-layout":"","ast-site-content-layout":"default","site-content-style":"default","site-sidebar-style":"default","ast-global-header-display":"","ast-banner-title-visibility":"","ast-main-header-display":"","ast-hfb-above-header-display":"","ast-hfb-below-header-display":"","ast-hfb-mobile-header-display":"","site-post-title":"","ast-breadcrumbs-content":"","ast-featured-img":"","footer-sml-layout":"","ast-disable-related-posts":"","theme-transparent-header-meta":"","adv-header-id-meta":"","stick-header-meta":"","header-above-stick-meta":"","header-main-stick-meta":"","header-below-stick-meta":"","astra-migrate-meta-layouts":"default","ast-page-background-enabled":"default","ast-page-background-meta":{"desktop":{"background-color":"var(--ast-global-color-5)","background-image":"","background-repeat":"repeat","background-position":"center center","background-size":"auto","background-attachment":"scroll","background-type":"","background-media":"","overlay-type":"","overlay-color":"","overlay-opacity":"","overlay-gradient":""},"tablet":{"background-color":"","background-image":"","background-repeat":"repeat","background-position":"center center","background-size":"auto","background-attachment":"scroll","background-type":"","background-media":"","overlay-type":"","overlay-color":"","overlay-opacity":"","overlay-gradient":""},"mobile":{"background-color":"","background-image":"","background-repeat":"repeat","background-position":"center center","background-size":"auto","background-attachment":"scroll","background-type":"","background-media":"","overlay-type":"","overlay-color":"","overlay-opacity":"","overlay-gradient":""}},"ast-content-background-meta":{"desktop":{"background-color":"var(--ast-global-color-4)","background-image":"","background-repeat":"repeat","background-position":"center center","background-size":"auto","background-attachment":"scroll","background-type":"","background-media":"","overlay-type":"","overlay-color":"","overlay-opacity":"","overlay-gradient":""},"tablet":{"background-color":"var(--ast-global-color-4)","background-image":"","background-repeat":"repeat","background-position":"center center","background-size":"auto","background-attachment":"scroll","background-type":"","background-media":"","overlay-type":"","overlay-color":"","overlay-opacity":"","overlay-gradient":""},"mobile":{"background-color":"var(--ast-global-color-4)","background-image":"","background-repeat":"repeat","background-position":"center center","background-size":"auto","background-attachment":"scroll","background-type":"","background-media":"","overlay-type":"","overlay-color":"","overlay-opacity":"","overlay-gradient":""}},"footnotes":""},"categories":[12,1],"tags":[],"class_list":["post-13273","post","type-post","status-publish","format-standard","has-post-thumbnail","hentry","category-agenda-ambiental","category-noticias"],"yoast_head":"<!-- This site is optimized with the Yoast SEO Premium plugin v23.0 (Yoast SEO v27.4) - https:\/\/yoast.com\/product\/yoast-seo-premium-wordpress\/ -->\n<title>Pr\u00f3rroga de inscripci\u00f3n para la III\u00ba Semana del Emprendedor Tecnol\u00f3gico Rionegrino 2015<\/title>\n<meta name=\"robots\" content=\"index, follow, max-snippet:-1, max-image-preview:large, max-video-preview:-1\" \/>\n<link rel=\"canonical\" href=\"https:\/\/patagoniambiental.com.ar\/info\/prorroga-de-inscripcion-para-la-iiio-semana-del-emprendedor-tecnologico-rionegrino-2015\/\" \/>\n<meta property=\"og:locale\" content=\"es_ES\" \/>\n<meta property=\"og:type\" content=\"article\" \/>\n<meta property=\"og:title\" content=\"Pr\u00f3rroga de inscripci\u00f3n para la III\u00ba Semana del Emprendedor Tecnol\u00f3gico Rionegrino 2015\" \/>\n<meta property=\"og:description\" content=\"San Carlos de Bariloche.-La Secretar\u00eda de Ciencia, Tecnolog\u00eda y Desarrollo para la Producci\u00f3n de la Provincia realiz\u00f3 una pr\u00f3rroga en [&hellip;]\" \/>\n<meta property=\"og:url\" content=\"https:\/\/patagoniambiental.com.ar\/info\/prorroga-de-inscripcion-para-la-iiio-semana-del-emprendedor-tecnologico-rionegrino-2015\/\" \/>\n<meta property=\"og:site_name\" content=\"Patagonia Ambiental\" \/>\n<meta property=\"article:publisher\" content=\"https:\/\/www.facebook.com\/patagonia.ambiental\" \/>\n<meta property=\"article:author\" content=\"https:\/\/www.facebook.com\/share\/1C1V8Gv9BX\/?mibextid=qi2Omg\" \/>\n<meta property=\"article:published_time\" content=\"2015-08-07T22:00:47+00:00\" \/>\n<meta name=\"author\" content=\"Patagonia Ambiental\" \/>\n<meta name=\"twitter:card\" content=\"summary_large_image\" \/>\n<meta name=\"twitter:creator\" content=\"@PatAmb\" \/>\n<meta name=\"twitter:site\" content=\"@PatAmb\" \/>\n<script type=\"application\/ld+json\" class=\"yoast-schema-graph\">{\"@context\":\"https:\\\/\\\/schema.org\",\"@graph\":[{\"@type\":\"Article\",\"@id\":\"https:\\\/\\\/patagoniambiental.com.ar\\\/info\\\/prorroga-de-inscripcion-para-la-iiio-semana-del-emprendedor-tecnologico-rionegrino-2015\\\/#article\",\"isPartOf\":{\"@id\":\"https:\\\/\\\/patagoniambiental.com.ar\\\/info\\\/prorroga-de-inscripcion-para-la-iiio-semana-del-emprendedor-tecnologico-rionegrino-2015\\\/\"},\"author\":{\"name\":\"Patagonia Ambiental\",\"@id\":\"https:\\\/\\\/patagoniambiental.com.ar\\\/info\\\/#\\\/schema\\\/person\\\/db12bff64bbcbf6a253710bf0ea37b5d\"},\"headline\":\"Pr\u00f3rroga de inscripci\u00f3n para la III\u00ba Semana del Emprendedor Tecnol\u00f3gico Rionegrino 2015\",\"datePublished\":\"2015-08-07T22:00:47+00:00\",\"mainEntityOfPage\":{\"@id\":\"https:\\\/\\\/patagoniambiental.com.ar\\\/info\\\/prorroga-de-inscripcion-para-la-iiio-semana-del-emprendedor-tecnologico-rionegrino-2015\\\/\"},\"wordCount\":293,\"publisher\":{\"@id\":\"https:\\\/\\\/patagoniambiental.com.ar\\\/info\\\/#organization\"},\"image\":{\"@id\":\"https:\\\/\\\/patagoniambiental.com.ar\\\/info\\\/prorroga-de-inscripcion-para-la-iiio-semana-del-emprendedor-tecnologico-rionegrino-2015\\\/#primaryimage\"},\"thumbnailUrl\":\"\",\"articleSection\":[\"Agenda Ambiental\",\"Noticias\"],\"inLanguage\":\"es\"},{\"@type\":\"WebPage\",\"@id\":\"https:\\\/\\\/patagoniambiental.com.ar\\\/info\\\/prorroga-de-inscripcion-para-la-iiio-semana-del-emprendedor-tecnologico-rionegrino-2015\\\/\",\"url\":\"https:\\\/\\\/patagoniambiental.com.ar\\\/info\\\/prorroga-de-inscripcion-para-la-iiio-semana-del-emprendedor-tecnologico-rionegrino-2015\\\/\",\"name\":\"Pr\u00f3rroga de inscripci\u00f3n para la III\u00ba Semana del Emprendedor Tecnol\u00f3gico Rionegrino 2015\",\"isPartOf\":{\"@id\":\"https:\\\/\\\/patagoniambiental.com.ar\\\/info\\\/#website\"},\"primaryImageOfPage\":{\"@id\":\"https:\\\/\\\/patagoniambiental.com.ar\\\/info\\\/prorroga-de-inscripcion-para-la-iiio-semana-del-emprendedor-tecnologico-rionegrino-2015\\\/#primaryimage\"},\"image\":{\"@id\":\"https:\\\/\\\/patagoniambiental.com.ar\\\/info\\\/prorroga-de-inscripcion-para-la-iiio-semana-del-emprendedor-tecnologico-rionegrino-2015\\\/#primaryimage\"},\"thumbnailUrl\":\"\",\"datePublished\":\"2015-08-07T22:00:47+00:00\",\"breadcrumb\":{\"@id\":\"https:\\\/\\\/patagoniambiental.com.ar\\\/info\\\/prorroga-de-inscripcion-para-la-iiio-semana-del-emprendedor-tecnologico-rionegrino-2015\\\/#breadcrumb\"},\"inLanguage\":\"es\",\"potentialAction\":[{\"@type\":\"ReadAction\",\"target\":[\"https:\\\/\\\/patagoniambiental.com.ar\\\/info\\\/prorroga-de-inscripcion-para-la-iiio-semana-del-emprendedor-tecnologico-rionegrino-2015\\\/\"]}]},{\"@type\":\"ImageObject\",\"inLanguage\":\"es\",\"@id\":\"https:\\\/\\\/patagoniambiental.com.ar\\\/info\\\/prorroga-de-inscripcion-para-la-iiio-semana-del-emprendedor-tecnologico-rionegrino-2015\\\/#primaryimage\",\"url\":\"\",\"contentUrl\":\"\"},{\"@type\":\"BreadcrumbList\",\"@id\":\"https:\\\/\\\/patagoniambiental.com.ar\\\/info\\\/prorroga-de-inscripcion-para-la-iiio-semana-del-emprendedor-tecnologico-rionegrino-2015\\\/#breadcrumb\",\"itemListElement\":[{\"@type\":\"ListItem\",\"position\":1,\"name\":\"Inicio\",\"item\":\"https:\\\/\\\/patagoniambiental.com.ar\\\/info\\\/\"},{\"@type\":\"ListItem\",\"position\":2,\"name\":\"Pr\u00f3rroga de inscripci\u00f3n para la III\u00ba Semana del Emprendedor Tecnol\u00f3gico Rionegrino 2015\"}]},{\"@type\":\"WebSite\",\"@id\":\"https:\\\/\\\/patagoniambiental.com.ar\\\/info\\\/#website\",\"url\":\"https:\\\/\\\/patagoniambiental.com.ar\\\/info\\\/\",\"name\":\"Patagonia Ambiental\",\"description\":\"Monitoreo y an\u00e1lisis de la situaci\u00f3n geopol\u00edtica en el mundo y su implicancia en la Patagonia\",\"publisher\":{\"@id\":\"https:\\\/\\\/patagoniambiental.com.ar\\\/info\\\/#organization\"},\"potentialAction\":[{\"@type\":\"SearchAction\",\"target\":{\"@type\":\"EntryPoint\",\"urlTemplate\":\"https:\\\/\\\/patagoniambiental.com.ar\\\/info\\\/?s={search_term_string}\"},\"query-input\":{\"@type\":\"PropertyValueSpecification\",\"valueRequired\":true,\"valueName\":\"search_term_string\"}}],\"inLanguage\":\"es\"},{\"@type\":\"Organization\",\"@id\":\"https:\\\/\\\/patagoniambiental.com.ar\\\/info\\\/#organization\",\"name\":\"Patagonia Ambiental\",\"url\":\"https:\\\/\\\/patagoniambiental.com.ar\\\/info\\\/\",\"logo\":{\"@type\":\"ImageObject\",\"inLanguage\":\"es\",\"@id\":\"https:\\\/\\\/patagoniambiental.com.ar\\\/info\\\/#\\\/schema\\\/logo\\\/image\\\/\",\"url\":\"https:\\\/\\\/patagoniambiental.com.ar\\\/info\\\/wp-content\\\/uploads\\\/2025\\\/05\\\/LOGO-PATAGONIA-AMBIENTAL.png\",\"contentUrl\":\"https:\\\/\\\/patagoniambiental.com.ar\\\/info\\\/wp-content\\\/uploads\\\/2025\\\/05\\\/LOGO-PATAGONIA-AMBIENTAL.png\",\"width\":433,\"height\":250,\"caption\":\"Patagonia Ambiental\"},\"image\":{\"@id\":\"https:\\\/\\\/patagoniambiental.com.ar\\\/info\\\/#\\\/schema\\\/logo\\\/image\\\/\"},\"sameAs\":[\"https:\\\/\\\/www.facebook.com\\\/patagonia.ambiental\",\"https:\\\/\\\/x.com\\\/PatAmb\"]},{\"@type\":\"Person\",\"@id\":\"https:\\\/\\\/patagoniambiental.com.ar\\\/info\\\/#\\\/schema\\\/person\\\/db12bff64bbcbf6a253710bf0ea37b5d\",\"name\":\"Patagonia Ambiental\",\"description\":\"Andr\u00e9s Nievas T\u00e9cnico en manejo ambiental, consultor Ambiental y escritor para medios locales e internacionales sobre temas de geopolitica y medio ambiente.\",\"sameAs\":[\"http:\\\/\\\/www.patagoniambiental.com.ar\",\"https:\\\/\\\/www.facebook.com\\\/share\\\/1C1V8Gv9BX\\\/?mibextid=qi2Omg\",\"@patagoniambiental\",\"https:\\\/\\\/youtube.com\\\/@patagoniaambiental2023?si=BLt58t0wuXquxlYZ\"]}]}<\/script>\n<!-- \/ Yoast SEO Premium plugin. -->","yoast_head_json":{"title":"Pr\u00f3rroga de inscripci\u00f3n para la III\u00ba Semana del Emprendedor Tecnol\u00f3gico Rionegrino 2015","robots":{"index":"index","follow":"follow","max-snippet":"max-snippet:-1","max-image-preview":"max-image-preview:large","max-video-preview":"max-video-preview:-1"},"canonical":"https:\/\/patagoniambiental.com.ar\/info\/prorroga-de-inscripcion-para-la-iiio-semana-del-emprendedor-tecnologico-rionegrino-2015\/","og_locale":"es_ES","og_type":"article","og_title":"Pr\u00f3rroga de inscripci\u00f3n para la III\u00ba Semana del Emprendedor Tecnol\u00f3gico Rionegrino 2015","og_description":"San Carlos de Bariloche.-La Secretar\u00eda de Ciencia, Tecnolog\u00eda y Desarrollo para la Producci\u00f3n de la Provincia realiz\u00f3 una pr\u00f3rroga en [&hellip;]","og_url":"https:\/\/patagoniambiental.com.ar\/info\/prorroga-de-inscripcion-para-la-iiio-semana-del-emprendedor-tecnologico-rionegrino-2015\/","og_site_name":"Patagonia Ambiental","article_publisher":"https:\/\/www.facebook.com\/patagonia.ambiental","article_author":"https:\/\/www.facebook.com\/share\/1C1V8Gv9BX\/?mibextid=qi2Omg","article_published_time":"2015-08-07T22:00:47+00:00","author":"Patagonia Ambiental","twitter_card":"summary_large_image","twitter_creator":"@PatAmb","twitter_site":"@PatAmb","schema":{"@context":"https:\/\/schema.org","@graph":[{"@type":"Article","@id":"https:\/\/patagoniambiental.com.ar\/info\/prorroga-de-inscripcion-para-la-iiio-semana-del-emprendedor-tecnologico-rionegrino-2015\/#article","isPartOf":{"@id":"https:\/\/patagoniambiental.com.ar\/info\/prorroga-de-inscripcion-para-la-iiio-semana-del-emprendedor-tecnologico-rionegrino-2015\/"},"author":{"name":"Patagonia Ambiental","@id":"https:\/\/patagoniambiental.com.ar\/info\/#\/schema\/person\/db12bff64bbcbf6a253710bf0ea37b5d"},"headline":"Pr\u00f3rroga de inscripci\u00f3n para la III\u00ba Semana del Emprendedor Tecnol\u00f3gico Rionegrino 2015","datePublished":"2015-08-07T22:00:47+00:00","mainEntityOfPage":{"@id":"https:\/\/patagoniambiental.com.ar\/info\/prorroga-de-inscripcion-para-la-iiio-semana-del-emprendedor-tecnologico-rionegrino-2015\/"},"wordCount":293,"publisher":{"@id":"https:\/\/patagoniambiental.com.ar\/info\/#organization"},"image":{"@id":"https:\/\/patagoniambiental.com.ar\/info\/prorroga-de-inscripcion-para-la-iiio-semana-del-emprendedor-tecnologico-rionegrino-2015\/#primaryimage"},"thumbnailUrl":"","articleSection":["Agenda Ambiental","Noticias"],"inLanguage":"es"},{"@type":"WebPage","@id":"https:\/\/patagoniambiental.com.ar\/info\/prorroga-de-inscripcion-para-la-iiio-semana-del-emprendedor-tecnologico-rionegrino-2015\/","url":"https:\/\/patagoniambiental.com.ar\/info\/prorroga-de-inscripcion-para-la-iiio-semana-del-emprendedor-tecnologico-rionegrino-2015\/","name":"Pr\u00f3rroga de inscripci\u00f3n para la III\u00ba Semana del Emprendedor Tecnol\u00f3gico Rionegrino 2015","isPartOf":{"@id":"https:\/\/patagoniambiental.com.ar\/info\/#website"},"primaryImageOfPage":{"@id":"https:\/\/patagoniambiental.com.ar\/info\/prorroga-de-inscripcion-para-la-iiio-semana-del-emprendedor-tecnologico-rionegrino-2015\/#primaryimage"},"image":{"@id":"https:\/\/patagoniambiental.com.ar\/info\/prorroga-de-inscripcion-para-la-iiio-semana-del-emprendedor-tecnologico-rionegrino-2015\/#primaryimage"},"thumbnailUrl":"","datePublished":"2015-08-07T22:00:47+00:00","breadcrumb":{"@id":"https:\/\/patagoniambiental.com.ar\/info\/prorroga-de-inscripcion-para-la-iiio-semana-del-emprendedor-tecnologico-rionegrino-2015\/#breadcrumb"},"inLanguage":"es","potentialAction":[{"@type":"ReadAction","target":["https:\/\/patagoniambiental.com.ar\/info\/prorroga-de-inscripcion-para-la-iiio-semana-del-emprendedor-tecnologico-rionegrino-2015\/"]}]},{"@type":"ImageObject","inLanguage":"es","@id":"https:\/\/patagoniambiental.com.ar\/info\/prorroga-de-inscripcion-para-la-iiio-semana-del-emprendedor-tecnologico-rionegrino-2015\/#primaryimage","url":"","contentUrl":""},{"@type":"BreadcrumbList","@id":"https:\/\/patagoniambiental.com.ar\/info\/prorroga-de-inscripcion-para-la-iiio-semana-del-emprendedor-tecnologico-rionegrino-2015\/#breadcrumb","itemListElement":[{"@type":"ListItem","position":1,"name":"Inicio","item":"https:\/\/patagoniambiental.com.ar\/info\/"},{"@type":"ListItem","position":2,"name":"Pr\u00f3rroga de inscripci\u00f3n para la III\u00ba Semana del Emprendedor Tecnol\u00f3gico Rionegrino 2015"}]},{"@type":"WebSite","@id":"https:\/\/patagoniambiental.com.ar\/info\/#website","url":"https:\/\/patagoniambiental.com.ar\/info\/","name":"Patagonia Ambiental","description":"Monitoreo y an\u00e1lisis de la situaci\u00f3n geopol\u00edtica en el mundo y su implicancia en la Patagonia","publisher":{"@id":"https:\/\/patagoniambiental.com.ar\/info\/#organization"},"potentialAction":[{"@type":"SearchAction","target":{"@type":"EntryPoint","urlTemplate":"https:\/\/patagoniambiental.com.ar\/info\/?s={search_term_string}"},"query-input":{"@type":"PropertyValueSpecification","valueRequired":true,"valueName":"search_term_string"}}],"inLanguage":"es"},{"@type":"Organization","@id":"https:\/\/patagoniambiental.com.ar\/info\/#organization","name":"Patagonia Ambiental","url":"https:\/\/patagoniambiental.com.ar\/info\/","logo":{"@type":"ImageObject","inLanguage":"es","@id":"https:\/\/patagoniambiental.com.ar\/info\/#\/schema\/logo\/image\/","url":"https:\/\/patagoniambiental.com.ar\/info\/wp-content\/uploads\/2025\/05\/LOGO-PATAGONIA-AMBIENTAL.png","contentUrl":"https:\/\/patagoniambiental.com.ar\/info\/wp-content\/uploads\/2025\/05\/LOGO-PATAGONIA-AMBIENTAL.png","width":433,"height":250,"caption":"Patagonia Ambiental"},"image":{"@id":"https:\/\/patagoniambiental.com.ar\/info\/#\/schema\/logo\/image\/"},"sameAs":["https:\/\/www.facebook.com\/patagonia.ambiental","https:\/\/x.com\/PatAmb"]},{"@type":"Person","@id":"https:\/\/patagoniambiental.com.ar\/info\/#\/schema\/person\/db12bff64bbcbf6a253710bf0ea37b5d","name":"Patagonia Ambiental","description":"Andr\u00e9s Nievas T\u00e9cnico en manejo ambiental, consultor Ambiental y escritor para medios locales e internacionales sobre temas de geopolitica y medio ambiente.","sameAs":["http:\/\/www.patagoniambiental.com.ar","https:\/\/www.facebook.com\/share\/1C1V8Gv9BX\/?mibextid=qi2Omg","@patagoniambiental","https:\/\/youtube.com\/@patagoniaambiental2023?si=BLt58t0wuXquxlYZ"]}]}},"_links":{"self":[{"href":"https:\/\/patagoniambiental.com.ar\/info\/wp-json\/wp\/v2\/posts\/13273","targetHints":{"allow":["GET"]}}],"collection":[{"href":"https:\/\/patagoniambiental.com.ar\/info\/wp-json\/wp\/v2\/posts"}],"about":[{"href":"https:\/\/patagoniambiental.com.ar\/info\/wp-json\/wp\/v2\/types\/post"}],"author":[{"embeddable":true,"href":"https:\/\/patagoniambiental.com.ar\/info\/wp-json\/wp\/v2\/users\/2"}],"replies":[{"embeddable":true,"href":"https:\/\/patagoniambiental.com.ar\/info\/wp-json\/wp\/v2\/comments?post=13273"}],"version-history":[{"count":0,"href":"https:\/\/patagoniambiental.com.ar\/info\/wp-json\/wp\/v2\/posts\/13273\/revisions"}],"wp:featuredmedia":[{"embeddable":true,"href":"https:\/\/patagoniambiental.com.ar\/info\/wp-json\/"}],"wp:attachment":[{"href":"https:\/\/patagoniambiental.com.ar\/info\/wp-json\/wp\/v2\/media?parent=13273"}],"wp:term":[{"taxonomy":"category","embeddable":true,"href":"https:\/\/patagoniambiental.com.ar\/info\/wp-json\/wp\/v2\/categories?post=13273"},{"taxonomy":"post_tag","embeddable":true,"href":"https:\/\/patagoniambiental.com.ar\/info\/wp-json\/wp\/v2\/tags?post=13273"}],"curies":[{"name":"wp","href":"https:\/\/api.w.org\/{rel}","templated":true}]}}