{"id":13337,"date":"2015-08-11T09:00:42","date_gmt":"2015-08-11T12:00:42","guid":{"rendered":"http:\/\/patagoniambiental.com.ar\/?p=13337"},"modified":"2015-08-11T09:00:42","modified_gmt":"2015-08-11T12:00:42","slug":"el-papa-francisco-establece-el-dia-mundial-de-oracion-por-el-medio-ambiente","status":"publish","type":"post","link":"https:\/\/patagoniambiental.com.ar\/info\/el-papa-francisco-establece-el-dia-mundial-de-oracion-por-el-medio-ambiente\/","title":{"rendered":"El papa Francisco establece el d\u00eda mundial de oraci\u00f3n por el medio ambiente"},"content":{"rendered":"<p>CIUDAD DEL VATICANO.- El <a class=\"tag persona papa-francisco\" title=\"Ver todas las notas de Papa Francisco\" href=\"http:\/\/www.lanacion.com.ar\/papa-francisco-t49139\">Papa Francisco<\/a> estableci\u00f3 hoy que a partir de este a\u00f1o, los 1\u00b0 de septiembre se celebrar\u00e1 la \u00abJornada Mundial de Oraci\u00f3n por el Cuidado de la Creaci\u00f3n\u00bb<!--more--> para llamar la atenci\u00f3n sobre los problemas medioambientales del planeta, aprovechando la reacci\u00f3n mayormente positiva a su enc\u00edclica sobre ecolog\u00eda <a class=\"link\" href=\"http:\/\/www.lanacion.com.ar\/1802779-se-difunde-laudato-si-la-enciclica-del-papa-francisco-sobre-el-medio-ambiente\" target=\"_blank\">Laudato si. <\/a><\/p>\n<p>El Vaticano inform\u00f3 hoy que el pont\u00edfice, tras aceptar una sugerencia de los dignatarios ortodoxos, instituy\u00f3 para los cat\u00f3licos \u00abun d\u00eda de plegarias por el cuidado de la Creaci\u00f3n\u00bb para el 1\u00b0 de septiembre a partir de este a\u00f1o.<\/p>\n<p>Ese d\u00eda tambi\u00e9n es la fecha en que la Iglesia Ortodoxa conmemora su d\u00eda de protecci\u00f3n del medioambiente, lo que da al gesto papal un simbolismo adicional en las relaciones entre las ramas de la Cristiandad oriental y occidental.<\/p>\n<p>La decisi\u00f3n es la m\u00e1s reciente acci\u00f3n del Papa para destacar las preocupaciones medioambientales antes de una cumbre crucial de la ONU sobre cambio clim\u00e1tico que tendr\u00e1 lugar en Par\u00eds en diciembre.<\/p>\n<p>\u00abComo cristianos, queremos ofrecer nuestra contribuci\u00f3n para superar la crisis ecol\u00f3gica que est\u00e1 viviendo la humanidad\u00bb, declar\u00f3 Francisco en una carta a dos cardenales del Vaticano cuyos departamentos est\u00e1n involucrados en temas de justicia, paz y promoci\u00f3n de la unidad de los cristianos.<\/p>\n<p>El Sumo Pont\u00edfice dijo que el d\u00eda, que ser\u00e1 conmemorado en todas las di\u00f3cesis cat\u00f3licas del mundo, \u00abofrecer\u00e1 a cada creyente y a las comunidades una valiosa oportunidad de renovar la adhesi\u00f3n personal a la propia vocaci\u00f3n de custodios de la creaci\u00f3n\u00bb.<\/p>\n<p>Francisco tambi\u00e9n se\u00f1al\u00f3 que ser\u00eda una oportunidad para \u00abelevar a Dios una acci\u00f3n de gracias por la maravillosa obra que \u00c9l ha confiado a nuestro cuidado, invocando su ayuda para la protecci\u00f3n de la creaci\u00f3n y su misericordia por los pecados cometidos contra el mundo en el que vivimos\u00bb.<\/p>\n<p>En junio, el Papa emiti\u00f3 <a class=\"link\" href=\"http:\/\/www.lanacion.com.ar\/1803173-los-10-consejos-del-papa-francisco-para-cuidar-el-medio-ambiente\" target=\"_blank\">una enc\u00edclica<\/a> sobre cambio clim\u00e1tico, la primera dedicada al medioambiente, en la que propone una \u00abrevoluci\u00f3n valiente\u00bb para salvar la Tierra del consumismo, el calentamiento clim\u00e1tico y la destrucci\u00f3n.<\/p>\n<p><i>Laudato si<\/i> identifica a <a class=\"link\" href=\"http:\/\/www.lanacion.com.ar\/1802782-laudato-si-en-defensa-de-los-aborigenes-y-del-acceso-al-trabajo\" target=\"_blank\">los m\u00e1s d\u00e9biles<\/a> como las principales v\u00edctimas del cambio clim\u00e1tico y llama a cambiar de estilo de vida.<\/p>\n<p>Para el pont\u00edfice latinoamericano, que se inspir\u00f3 en San Francisco de As\u00eds, el santo defensor de la naturaleza y los pobres, la mala gesti\u00f3n del agua, la p\u00e9rdida de la biodiversidad o la desigualdad entre regiones ricas y pobres figuran entre los mayores desaf\u00edos que tiene la humanidad.<\/p>\n<p>El Papa ha dicho que quiere que la enc\u00edclica y otras iniciativas de la Iglesia influyan en la cumbre de la ONU en Par\u00eds en diciembre, cuyo prop\u00f3sito es llegar a un acuerdo global para combatir el cambio clim\u00e1tico tras fracasos anteriores.<\/p>\n<p>El mes pasado, en una conferencia patrocinada por el Vaticano entre alcaldes y gobernadores de grandes ciudades del mundo, Francisco inst\u00f3 a Naciones Unidas a adoptar una \u00abposici\u00f3n muy fuerte\u00bb sobre el cambio clim\u00e1tico en la cumbre.<\/p>\n<p><b>Fuente: Agencias Reuters, AP y AFP<\/b><span class=\"fin\">.<\/span><\/p>\n","protected":false},"excerpt":{"rendered":"<p>CIUDAD DEL VATICANO.- El Papa Francisco estableci\u00f3 hoy que a partir de este a\u00f1o, los 1\u00b0 de septiembre se celebrar\u00e1 [&hellip;]<\/p>\n","protected":false},"author":2,"featured_media":3678,"comment_status":"closed","ping_status":"closed","sticky":false,"template":"","format":"standard","meta":{"site-sidebar-layout":"default","site-content-layout":"","ast-site-content-layout":"default","site-content-style":"default","site-sidebar-style":"default","ast-global-header-display":"","ast-banner-title-visibility":"","ast-main-header-display":"","ast-hfb-above-header-display":"","ast-hfb-below-header-display":"","ast-hfb-mobile-header-display":"","site-post-title":"","ast-breadcrumbs-content":"","ast-featured-img":"","footer-sml-layout":"","ast-disable-related-posts":"","theme-transparent-header-meta":"","adv-header-id-meta":"","stick-header-meta":"","header-above-stick-meta":"","header-main-stick-meta":"","header-below-stick-meta":"","astra-migrate-meta-layouts":"default","ast-page-background-enabled":"default","ast-page-background-meta":{"desktop":{"background-color":"var(--ast-global-color-5)","background-image":"","background-repeat":"repeat","background-position":"center center","background-size":"auto","background-attachment":"scroll","background-type":"","background-media":"","overlay-type":"","overlay-color":"","overlay-opacity":"","overlay-gradient":""},"tablet":{"background-color":"","background-image":"","background-repeat":"repeat","background-position":"center center","background-size":"auto","background-attachment":"scroll","background-type":"","background-media":"","overlay-type":"","overlay-color":"","overlay-opacity":"","overlay-gradient":""},"mobile":{"background-color":"","background-image":"","background-repeat":"repeat","background-position":"center center","background-size":"auto","background-attachment":"scroll","background-type":"","background-media":"","overlay-type":"","overlay-color":"","overlay-opacity":"","overlay-gradient":""}},"ast-content-background-meta":{"desktop":{"background-color":"var(--ast-global-color-4)","background-image":"","background-repeat":"repeat","background-position":"center center","background-size":"auto","background-attachment":"scroll","background-type":"","background-media":"","overlay-type":"","overlay-color":"","overlay-opacity":"","overlay-gradient":""},"tablet":{"background-color":"var(--ast-global-color-4)","background-image":"","background-repeat":"repeat","background-position":"center center","background-size":"auto","background-attachment":"scroll","background-type":"","background-media":"","overlay-type":"","overlay-color":"","overlay-opacity":"","overlay-gradient":""},"mobile":{"background-color":"var(--ast-global-color-4)","background-image":"","background-repeat":"repeat","background-position":"center center","background-size":"auto","background-attachment":"scroll","background-type":"","background-media":"","overlay-type":"","overlay-color":"","overlay-opacity":"","overlay-gradient":""}},"footnotes":""},"categories":[23,1],"tags":[],"class_list":["post-13337","post","type-post","status-publish","format-standard","has-post-thumbnail","hentry","category-internacionales","category-noticias"],"yoast_head":"<!-- This site is optimized with the Yoast SEO Premium plugin v23.0 (Yoast SEO v27.4) - https:\/\/yoast.com\/product\/yoast-seo-premium-wordpress\/ -->\n<title>El papa Francisco establece el d\u00eda mundial de oraci\u00f3n por el medio ambiente<\/title>\n<meta name=\"robots\" content=\"index, follow, max-snippet:-1, max-image-preview:large, max-video-preview:-1\" \/>\n<link rel=\"canonical\" href=\"https:\/\/patagoniambiental.com.ar\/info\/el-papa-francisco-establece-el-dia-mundial-de-oracion-por-el-medio-ambiente\/\" \/>\n<meta property=\"og:locale\" content=\"es_ES\" \/>\n<meta property=\"og:type\" content=\"article\" \/>\n<meta property=\"og:title\" content=\"El papa Francisco establece el d\u00eda mundial de oraci\u00f3n por el medio ambiente\" \/>\n<meta property=\"og:description\" content=\"CIUDAD DEL VATICANO.- El Papa Francisco estableci\u00f3 hoy que a partir de este a\u00f1o, los 1\u00b0 de septiembre se celebrar\u00e1 [&hellip;]\" \/>\n<meta property=\"og:url\" content=\"https:\/\/patagoniambiental.com.ar\/info\/el-papa-francisco-establece-el-dia-mundial-de-oracion-por-el-medio-ambiente\/\" \/>\n<meta property=\"og:site_name\" content=\"Patagonia Ambiental\" \/>\n<meta property=\"article:publisher\" content=\"https:\/\/www.facebook.com\/patagonia.ambiental\" \/>\n<meta property=\"article:author\" content=\"https:\/\/www.facebook.com\/share\/1C1V8Gv9BX\/?mibextid=qi2Omg\" \/>\n<meta property=\"article:published_time\" content=\"2015-08-11T12:00:42+00:00\" \/>\n<meta name=\"author\" content=\"Patagonia Ambiental\" \/>\n<meta name=\"twitter:card\" content=\"summary_large_image\" \/>\n<meta name=\"twitter:creator\" content=\"@PatAmb\" \/>\n<meta name=\"twitter:site\" content=\"@PatAmb\" \/>\n<script type=\"application\/ld+json\" class=\"yoast-schema-graph\">{\"@context\":\"https:\\\/\\\/schema.org\",\"@graph\":[{\"@type\":\"Article\",\"@id\":\"https:\\\/\\\/patagoniambiental.com.ar\\\/info\\\/el-papa-francisco-establece-el-dia-mundial-de-oracion-por-el-medio-ambiente\\\/#article\",\"isPartOf\":{\"@id\":\"https:\\\/\\\/patagoniambiental.com.ar\\\/info\\\/el-papa-francisco-establece-el-dia-mundial-de-oracion-por-el-medio-ambiente\\\/\"},\"author\":{\"name\":\"Patagonia Ambiental\",\"@id\":\"https:\\\/\\\/patagoniambiental.com.ar\\\/info\\\/#\\\/schema\\\/person\\\/db12bff64bbcbf6a253710bf0ea37b5d\"},\"headline\":\"El papa Francisco establece el d\u00eda mundial de oraci\u00f3n por el medio ambiente\",\"datePublished\":\"2015-08-11T12:00:42+00:00\",\"mainEntityOfPage\":{\"@id\":\"https:\\\/\\\/patagoniambiental.com.ar\\\/info\\\/el-papa-francisco-establece-el-dia-mundial-de-oracion-por-el-medio-ambiente\\\/\"},\"wordCount\":558,\"publisher\":{\"@id\":\"https:\\\/\\\/patagoniambiental.com.ar\\\/info\\\/#organization\"},\"image\":{\"@id\":\"https:\\\/\\\/patagoniambiental.com.ar\\\/info\\\/el-papa-francisco-establece-el-dia-mundial-de-oracion-por-el-medio-ambiente\\\/#primaryimage\"},\"thumbnailUrl\":\"\",\"articleSection\":[\"Internacionales\",\"Noticias\"],\"inLanguage\":\"es\"},{\"@type\":\"WebPage\",\"@id\":\"https:\\\/\\\/patagoniambiental.com.ar\\\/info\\\/el-papa-francisco-establece-el-dia-mundial-de-oracion-por-el-medio-ambiente\\\/\",\"url\":\"https:\\\/\\\/patagoniambiental.com.ar\\\/info\\\/el-papa-francisco-establece-el-dia-mundial-de-oracion-por-el-medio-ambiente\\\/\",\"name\":\"El papa Francisco establece el d\u00eda mundial de oraci\u00f3n por el medio ambiente\",\"isPartOf\":{\"@id\":\"https:\\\/\\\/patagoniambiental.com.ar\\\/info\\\/#website\"},\"primaryImageOfPage\":{\"@id\":\"https:\\\/\\\/patagoniambiental.com.ar\\\/info\\\/el-papa-francisco-establece-el-dia-mundial-de-oracion-por-el-medio-ambiente\\\/#primaryimage\"},\"image\":{\"@id\":\"https:\\\/\\\/patagoniambiental.com.ar\\\/info\\\/el-papa-francisco-establece-el-dia-mundial-de-oracion-por-el-medio-ambiente\\\/#primaryimage\"},\"thumbnailUrl\":\"\",\"datePublished\":\"2015-08-11T12:00:42+00:00\",\"breadcrumb\":{\"@id\":\"https:\\\/\\\/patagoniambiental.com.ar\\\/info\\\/el-papa-francisco-establece-el-dia-mundial-de-oracion-por-el-medio-ambiente\\\/#breadcrumb\"},\"inLanguage\":\"es\",\"potentialAction\":[{\"@type\":\"ReadAction\",\"target\":[\"https:\\\/\\\/patagoniambiental.com.ar\\\/info\\\/el-papa-francisco-establece-el-dia-mundial-de-oracion-por-el-medio-ambiente\\\/\"]}]},{\"@type\":\"ImageObject\",\"inLanguage\":\"es\",\"@id\":\"https:\\\/\\\/patagoniambiental.com.ar\\\/info\\\/el-papa-francisco-establece-el-dia-mundial-de-oracion-por-el-medio-ambiente\\\/#primaryimage\",\"url\":\"\",\"contentUrl\":\"\"},{\"@type\":\"BreadcrumbList\",\"@id\":\"https:\\\/\\\/patagoniambiental.com.ar\\\/info\\\/el-papa-francisco-establece-el-dia-mundial-de-oracion-por-el-medio-ambiente\\\/#breadcrumb\",\"itemListElement\":[{\"@type\":\"ListItem\",\"position\":1,\"name\":\"Inicio\",\"item\":\"https:\\\/\\\/patagoniambiental.com.ar\\\/info\\\/\"},{\"@type\":\"ListItem\",\"position\":2,\"name\":\"El papa Francisco establece el d\u00eda mundial de oraci\u00f3n por el medio ambiente\"}]},{\"@type\":\"WebSite\",\"@id\":\"https:\\\/\\\/patagoniambiental.com.ar\\\/info\\\/#website\",\"url\":\"https:\\\/\\\/patagoniambiental.com.ar\\\/info\\\/\",\"name\":\"Patagonia Ambiental\",\"description\":\"Monitoreo y an\u00e1lisis de la situaci\u00f3n geopol\u00edtica en el mundo y su implicancia en la Patagonia\",\"publisher\":{\"@id\":\"https:\\\/\\\/patagoniambiental.com.ar\\\/info\\\/#organization\"},\"potentialAction\":[{\"@type\":\"SearchAction\",\"target\":{\"@type\":\"EntryPoint\",\"urlTemplate\":\"https:\\\/\\\/patagoniambiental.com.ar\\\/info\\\/?s={search_term_string}\"},\"query-input\":{\"@type\":\"PropertyValueSpecification\",\"valueRequired\":true,\"valueName\":\"search_term_string\"}}],\"inLanguage\":\"es\"},{\"@type\":\"Organization\",\"@id\":\"https:\\\/\\\/patagoniambiental.com.ar\\\/info\\\/#organization\",\"name\":\"Patagonia Ambiental\",\"url\":\"https:\\\/\\\/patagoniambiental.com.ar\\\/info\\\/\",\"logo\":{\"@type\":\"ImageObject\",\"inLanguage\":\"es\",\"@id\":\"https:\\\/\\\/patagoniambiental.com.ar\\\/info\\\/#\\\/schema\\\/logo\\\/image\\\/\",\"url\":\"https:\\\/\\\/patagoniambiental.com.ar\\\/info\\\/wp-content\\\/uploads\\\/2025\\\/05\\\/LOGO-PATAGONIA-AMBIENTAL.png\",\"contentUrl\":\"https:\\\/\\\/patagoniambiental.com.ar\\\/info\\\/wp-content\\\/uploads\\\/2025\\\/05\\\/LOGO-PATAGONIA-AMBIENTAL.png\",\"width\":433,\"height\":250,\"caption\":\"Patagonia Ambiental\"},\"image\":{\"@id\":\"https:\\\/\\\/patagoniambiental.com.ar\\\/info\\\/#\\\/schema\\\/logo\\\/image\\\/\"},\"sameAs\":[\"https:\\\/\\\/www.facebook.com\\\/patagonia.ambiental\",\"https:\\\/\\\/x.com\\\/PatAmb\"]},{\"@type\":\"Person\",\"@id\":\"https:\\\/\\\/patagoniambiental.com.ar\\\/info\\\/#\\\/schema\\\/person\\\/db12bff64bbcbf6a253710bf0ea37b5d\",\"name\":\"Patagonia Ambiental\",\"description\":\"Andr\u00e9s Nievas T\u00e9cnico en manejo ambiental, consultor Ambiental y escritor para medios locales e internacionales sobre temas de geopolitica y medio ambiente.\",\"sameAs\":[\"http:\\\/\\\/www.patagoniambiental.com.ar\",\"https:\\\/\\\/www.facebook.com\\\/share\\\/1C1V8Gv9BX\\\/?mibextid=qi2Omg\",\"@patagoniambiental\",\"https:\\\/\\\/youtube.com\\\/@patagoniaambiental2023?si=BLt58t0wuXquxlYZ\"]}]}<\/script>\n<!-- \/ Yoast SEO Premium plugin. -->","yoast_head_json":{"title":"El papa Francisco establece el d\u00eda mundial de oraci\u00f3n por el medio ambiente","robots":{"index":"index","follow":"follow","max-snippet":"max-snippet:-1","max-image-preview":"max-image-preview:large","max-video-preview":"max-video-preview:-1"},"canonical":"https:\/\/patagoniambiental.com.ar\/info\/el-papa-francisco-establece-el-dia-mundial-de-oracion-por-el-medio-ambiente\/","og_locale":"es_ES","og_type":"article","og_title":"El papa Francisco establece el d\u00eda mundial de oraci\u00f3n por el medio ambiente","og_description":"CIUDAD DEL VATICANO.- El Papa Francisco estableci\u00f3 hoy que a partir de este a\u00f1o, los 1\u00b0 de septiembre se celebrar\u00e1 [&hellip;]","og_url":"https:\/\/patagoniambiental.com.ar\/info\/el-papa-francisco-establece-el-dia-mundial-de-oracion-por-el-medio-ambiente\/","og_site_name":"Patagonia Ambiental","article_publisher":"https:\/\/www.facebook.com\/patagonia.ambiental","article_author":"https:\/\/www.facebook.com\/share\/1C1V8Gv9BX\/?mibextid=qi2Omg","article_published_time":"2015-08-11T12:00:42+00:00","author":"Patagonia Ambiental","twitter_card":"summary_large_image","twitter_creator":"@PatAmb","twitter_site":"@PatAmb","schema":{"@context":"https:\/\/schema.org","@graph":[{"@type":"Article","@id":"https:\/\/patagoniambiental.com.ar\/info\/el-papa-francisco-establece-el-dia-mundial-de-oracion-por-el-medio-ambiente\/#article","isPartOf":{"@id":"https:\/\/patagoniambiental.com.ar\/info\/el-papa-francisco-establece-el-dia-mundial-de-oracion-por-el-medio-ambiente\/"},"author":{"name":"Patagonia Ambiental","@id":"https:\/\/patagoniambiental.com.ar\/info\/#\/schema\/person\/db12bff64bbcbf6a253710bf0ea37b5d"},"headline":"El papa Francisco establece el d\u00eda mundial de oraci\u00f3n por el medio ambiente","datePublished":"2015-08-11T12:00:42+00:00","mainEntityOfPage":{"@id":"https:\/\/patagoniambiental.com.ar\/info\/el-papa-francisco-establece-el-dia-mundial-de-oracion-por-el-medio-ambiente\/"},"wordCount":558,"publisher":{"@id":"https:\/\/patagoniambiental.com.ar\/info\/#organization"},"image":{"@id":"https:\/\/patagoniambiental.com.ar\/info\/el-papa-francisco-establece-el-dia-mundial-de-oracion-por-el-medio-ambiente\/#primaryimage"},"thumbnailUrl":"","articleSection":["Internacionales","Noticias"],"inLanguage":"es"},{"@type":"WebPage","@id":"https:\/\/patagoniambiental.com.ar\/info\/el-papa-francisco-establece-el-dia-mundial-de-oracion-por-el-medio-ambiente\/","url":"https:\/\/patagoniambiental.com.ar\/info\/el-papa-francisco-establece-el-dia-mundial-de-oracion-por-el-medio-ambiente\/","name":"El papa Francisco establece el d\u00eda mundial de oraci\u00f3n por el medio ambiente","isPartOf":{"@id":"https:\/\/patagoniambiental.com.ar\/info\/#website"},"primaryImageOfPage":{"@id":"https:\/\/patagoniambiental.com.ar\/info\/el-papa-francisco-establece-el-dia-mundial-de-oracion-por-el-medio-ambiente\/#primaryimage"},"image":{"@id":"https:\/\/patagoniambiental.com.ar\/info\/el-papa-francisco-establece-el-dia-mundial-de-oracion-por-el-medio-ambiente\/#primaryimage"},"thumbnailUrl":"","datePublished":"2015-08-11T12:00:42+00:00","breadcrumb":{"@id":"https:\/\/patagoniambiental.com.ar\/info\/el-papa-francisco-establece-el-dia-mundial-de-oracion-por-el-medio-ambiente\/#breadcrumb"},"inLanguage":"es","potentialAction":[{"@type":"ReadAction","target":["https:\/\/patagoniambiental.com.ar\/info\/el-papa-francisco-establece-el-dia-mundial-de-oracion-por-el-medio-ambiente\/"]}]},{"@type":"ImageObject","inLanguage":"es","@id":"https:\/\/patagoniambiental.com.ar\/info\/el-papa-francisco-establece-el-dia-mundial-de-oracion-por-el-medio-ambiente\/#primaryimage","url":"","contentUrl":""},{"@type":"BreadcrumbList","@id":"https:\/\/patagoniambiental.com.ar\/info\/el-papa-francisco-establece-el-dia-mundial-de-oracion-por-el-medio-ambiente\/#breadcrumb","itemListElement":[{"@type":"ListItem","position":1,"name":"Inicio","item":"https:\/\/patagoniambiental.com.ar\/info\/"},{"@type":"ListItem","position":2,"name":"El papa Francisco establece el d\u00eda mundial de oraci\u00f3n por el medio ambiente"}]},{"@type":"WebSite","@id":"https:\/\/patagoniambiental.com.ar\/info\/#website","url":"https:\/\/patagoniambiental.com.ar\/info\/","name":"Patagonia Ambiental","description":"Monitoreo y an\u00e1lisis de la situaci\u00f3n geopol\u00edtica en el mundo y su implicancia en la Patagonia","publisher":{"@id":"https:\/\/patagoniambiental.com.ar\/info\/#organization"},"potentialAction":[{"@type":"SearchAction","target":{"@type":"EntryPoint","urlTemplate":"https:\/\/patagoniambiental.com.ar\/info\/?s={search_term_string}"},"query-input":{"@type":"PropertyValueSpecification","valueRequired":true,"valueName":"search_term_string"}}],"inLanguage":"es"},{"@type":"Organization","@id":"https:\/\/patagoniambiental.com.ar\/info\/#organization","name":"Patagonia Ambiental","url":"https:\/\/patagoniambiental.com.ar\/info\/","logo":{"@type":"ImageObject","inLanguage":"es","@id":"https:\/\/patagoniambiental.com.ar\/info\/#\/schema\/logo\/image\/","url":"https:\/\/patagoniambiental.com.ar\/info\/wp-content\/uploads\/2025\/05\/LOGO-PATAGONIA-AMBIENTAL.png","contentUrl":"https:\/\/patagoniambiental.com.ar\/info\/wp-content\/uploads\/2025\/05\/LOGO-PATAGONIA-AMBIENTAL.png","width":433,"height":250,"caption":"Patagonia Ambiental"},"image":{"@id":"https:\/\/patagoniambiental.com.ar\/info\/#\/schema\/logo\/image\/"},"sameAs":["https:\/\/www.facebook.com\/patagonia.ambiental","https:\/\/x.com\/PatAmb"]},{"@type":"Person","@id":"https:\/\/patagoniambiental.com.ar\/info\/#\/schema\/person\/db12bff64bbcbf6a253710bf0ea37b5d","name":"Patagonia Ambiental","description":"Andr\u00e9s Nievas T\u00e9cnico en manejo ambiental, consultor Ambiental y escritor para medios locales e internacionales sobre temas de geopolitica y medio ambiente.","sameAs":["http:\/\/www.patagoniambiental.com.ar","https:\/\/www.facebook.com\/share\/1C1V8Gv9BX\/?mibextid=qi2Omg","@patagoniambiental","https:\/\/youtube.com\/@patagoniaambiental2023?si=BLt58t0wuXquxlYZ"]}]}},"_links":{"self":[{"href":"https:\/\/patagoniambiental.com.ar\/info\/wp-json\/wp\/v2\/posts\/13337","targetHints":{"allow":["GET"]}}],"collection":[{"href":"https:\/\/patagoniambiental.com.ar\/info\/wp-json\/wp\/v2\/posts"}],"about":[{"href":"https:\/\/patagoniambiental.com.ar\/info\/wp-json\/wp\/v2\/types\/post"}],"author":[{"embeddable":true,"href":"https:\/\/patagoniambiental.com.ar\/info\/wp-json\/wp\/v2\/users\/2"}],"replies":[{"embeddable":true,"href":"https:\/\/patagoniambiental.com.ar\/info\/wp-json\/wp\/v2\/comments?post=13337"}],"version-history":[{"count":0,"href":"https:\/\/patagoniambiental.com.ar\/info\/wp-json\/wp\/v2\/posts\/13337\/revisions"}],"wp:featuredmedia":[{"embeddable":true,"href":"https:\/\/patagoniambiental.com.ar\/info\/wp-json\/"}],"wp:attachment":[{"href":"https:\/\/patagoniambiental.com.ar\/info\/wp-json\/wp\/v2\/media?parent=13337"}],"wp:term":[{"taxonomy":"category","embeddable":true,"href":"https:\/\/patagoniambiental.com.ar\/info\/wp-json\/wp\/v2\/categories?post=13337"},{"taxonomy":"post_tag","embeddable":true,"href":"https:\/\/patagoniambiental.com.ar\/info\/wp-json\/wp\/v2\/tags?post=13337"}],"curies":[{"name":"wp","href":"https:\/\/api.w.org\/{rel}","templated":true}]}}