{"id":13343,"date":"2015-08-11T09:00:15","date_gmt":"2015-08-11T12:00:15","guid":{"rendered":"http:\/\/patagoniambiental.com.ar\/?p=13343"},"modified":"2015-08-11T09:00:15","modified_gmt":"2015-08-11T12:00:15","slug":"un-plesiosaurio-en-las-costas-neuquinas","status":"publish","type":"post","link":"https:\/\/patagoniambiental.com.ar\/info\/un-plesiosaurio-en-las-costas-neuquinas\/","title":{"rendered":"Un plesiosaurio en las costas neuquinas"},"content":{"rendered":"<p>Neuqu\u00e9n.-Hace unos 130 millones de a\u00f1os, la actual provincia deNeuqu\u00e9n ten\u00eda salida al Pac\u00edfico, pues los Andes, tal cual los conocemos, a\u00fan no hab\u00edan emergido.<!--more--> En el \u00e1rea cercana a la costa, en aguas poco profundas, chapoteaban los animales acu\u00e1ticos m\u00e1s corpulentos de la \u00e9poca: los plesiosaurios, reptiles marinos cuyas patas se hab\u00edan convertido en aletas, por lo cual s\u00f3lo nadaban, y ya no se desplazaban por la tierra firme. Eran animales de cuello largo y cr\u00e1neo peque\u00f1o, que no frecuentaban aguas oce\u00e1nicas sino que prefer\u00edan moverse cerca de la costa. Estos datos surgen delhallazgo, en esa regi\u00f3n, de los restos f\u00f3siles de un plesiosaurio elasmos\u00e1urido, y de su estudio, que combina el an\u00e1lisis de las caracter\u00edsticas del f\u00f3sil junto con el examen detallado de la capa de sedimentos donde fue encontrado.<\/p>\n<p>\u00abGracias a este estudio empezamos a entender c\u00f3mo se produjo el registro f\u00f3sil de estos animales, proceso que se vincula a la formaci\u00f3n de las capas sedimentarias\u201d, explica Dar\u00edo Lazo, investigador del Instituto de Estudios Andinos \u00abDon Pablo Groeber\u201d, de la Facultad de Ciencias Exactas y Naturales de la UBA. Los investigadores determinaron que los esqueletos mejor preservados, aunque no est\u00e9n completos, son aquellos que llegaron al fondo del mar y se cubrieron r\u00e1pidamente de sedimentos. En cambio, los restos que tardaron en depositarse se encuentran m\u00e1s fragmentados; quedan s\u00f3lo vertebras o restos aislados. Posiblemente, las carcasas estuvieron mucho tiempo dando vueltas, sujetos a la acci\u00f3n de carro\u00f1eros y del embate de las olas. As\u00ed, los huesos se fueron desarticulando, hasta desintegrarse y astillarse casi por completo.<br \/>\n<strong>Mar poco profundo<br \/>\n<\/strong>Los restos hallados tambi\u00e9n dan cuenta de las caracter\u00edsticas del mar que en aquel entonces cubr\u00eda casi toda la provincia de Neuqu\u00e9n y parte de Mendoza, previo a la elevaci\u00f3n de los Andes. \u00abEra un mar somero y, hasta ahora, no estaba tan claro cu\u00e1n profundas eran las aguas en esa \u00e1rea\u201d, se\u00f1ala Lazo, y agrega: \u00abEste hallazgo es importante, porque la morfolog\u00eda del esqueleto sugiere que se trataba de un animal costero. Ejemplares similares, hallados en otras regiones del planeta, se asocian a zonas costeras\u201d.<\/p>\n<p>Los f\u00f3siles en cuesti\u00f3n fueron encontrados en un \u00e1rea denominada \u00abSalado Sur\u201d en la cordillera del Salado, provincia de Neuqu\u00e9n, regi\u00f3n ubicada en el centro y norte de la provincia, entre las ciudades de Zapala y Chos Malal. La unidad geol\u00f3gica se denomina Formaci\u00f3n Agrio, y los restos fueron datados en 129 millones de a\u00f1os, en funci\u00f3n de las especies de amonites que se ubican en la misma capa, y que contaban con fechados precisos.<\/p>\n<p>Poco, pero bien preservado<\/p>\n<p>Por su parte, el primer autor del trabajo publicado en Cretaceous Research, Jos\u00e9 Patricio O\u2019Gorman, paleont\u00f3logo de la Facultad de Ciencias Naturales y Museo, de la Universidad Nacional de La Plata, estudi\u00f3 en detalle las caracter\u00edsticas de los restos. \u00abNuestro trabajo consisti\u00f3 en la descripci\u00f3n de v\u00e9rtebras y partes de la cintura escapular, adem\u00e1s de un h\u00famero, correspondiente a varios ejemplares de plesiosaurios\u201d, relata, y prosigue: \u00abLamentablemente no se lleg\u00f3 a determinar la especie, debido a la escasez de materiales, solo se pudo establecer la familia a la que pertenece: la de los elasmos\u00e1uridos\u201d. Sin embargo, el investigador destaca que \u00abel material tiene una gran relevancia, pues, por un lado, completa el registro de plesiosaurios de la Formaci\u00f3n Agrio, y sugiere que habr\u00eda dos especies diferentes en la misma formaci\u00f3n. Esto \u00faltimo es relevante, porque la \u00e9poca corresponde al primer momento del desarrollo de los elasmos\u00e1uridos, en el Cret\u00e1cico Temprano. Estos luego ser\u00edan dominantes en la fauna del Cret\u00e1cico Tard\u00edo\u201d.<\/p>\n<p>Previo a este hallazgo, los investigadores hab\u00edan encontrado restos de la misma familia en distintas capas, pero mal preservados. \u00abEste hallazgo permite entender m\u00e1s acerca de la anatom\u00eda del animal, a pesar de que no encontramos el cr\u00e1neo, que sigue brillando por su ausencia\u201d, comenta Lazo. En el cr\u00e1neo hay muchos caracteres definitorios. Cuando el animal muere, la carcasa flota durante un tiempo, y as\u00ed empieza a desmembrarse. Cuanto m\u00e1s flote, m\u00e1s se segmenta. El cr\u00e1neo, que es pesado, suele desprenderse del resto del cuerpo, y sigue su propio camino de fosilizaci\u00f3n.<\/p>\n<p>Costeros y oce\u00e1nicos<\/p>\n<p>El animal hallado, de cuello largo y cr\u00e1neo peque\u00f1o, era costero. En cambio, los plesiosaurios de cuello corto y cabeza grande se mov\u00edan en aguas profundas, y se trasladaban posiblemente de un continente a otro. Ambos grupos eran carn\u00edvoros, pero con estrategias de caza diferentes: los de cuello largo empleaban la emboscada, se escond\u00edan y su cuello largo les permit\u00eda atrapar las presas. En cambio, se estima que los de aguas profundas eran perseguidores y nadadores m\u00e1s activos.<\/p>\n<p>En la formaci\u00f3n Vaca Muerta, que se encuentra en la misma zona, pero es m\u00e1s antigua, se encontraron plesiosaurios de cuello corto y cabeza grande, y tambi\u00e9n ictiosaurios y cocodrilos marinos. \u00abEs una fauna de reptiles marinos de costa afuera\u201d, subraya Lazo. En la unidad Vaca Muerta, el mar era m\u00e1s profundo, y ten\u00eda mayor conexi\u00f3n con el Pac\u00edfico. En cambio, la Formaci\u00f3n de Agrio ten\u00eda un mar somero y m\u00e1s restringido en cuanto a su conexi\u00f3n con el pac\u00edfico. \u00abPuede haber sido como un golfo cerrado\u201d, opina.<\/p>\n<p>Antes de este estudio, los investigadores cre\u00edan que, en los per\u00edodos correspondientes a capas donde hab\u00eda muy pocos restos de plesiosaurios, estos animales hab\u00edan estado ausentes. En cambio, ahora saben que no es que no los hubiera, sino que no se preservaron. Ahora lograron dilucidar los mecanismos de fosilizaci\u00f3n. \u00abVimos que los restos m\u00e1s completos est\u00e1n en cierto tipo de capas, y los m\u00e1s dispersos est\u00e1n en otro tipo, y eso ayuda a futuras prospecciones\u201d, concluye Lazo. O\u2019Gorman destaca la importancia de recolectar los materiales, incluso aquellos que no parecen \u00abespectaculares\u201d. \u00abEn este caso, con dedicaci\u00f3n, se pudo hacer un aporte con un registro muy escaso. Adem\u00e1s abri\u00f3 la expectativa de nuevas campa\u00f1as para recolectar materiales\u201d, subraya.<\/p>\n<p><a href=\"http:\/\/nexciencia.exactas.uba.ar\/\" target=\"_blank\">Fuente: NEX Ciencia, UBA Exactas.<\/a><!--VIVO--><!--\/VIVO--><\/p>\n<p>Fuente: Tiempo Patag\u00f3nico<\/p>\n","protected":false},"excerpt":{"rendered":"<p>Neuqu\u00e9n.-Hace unos 130 millones de a\u00f1os, la actual provincia deNeuqu\u00e9n ten\u00eda salida al Pac\u00edfico, pues los Andes, tal cual los [&hellip;]<\/p>\n","protected":false},"author":2,"featured_media":13345,"comment_status":"closed","ping_status":"closed","sticky":false,"template":"","format":"standard","meta":{"site-sidebar-layout":"default","site-content-layout":"","ast-site-content-layout":"default","site-content-style":"default","site-sidebar-style":"default","ast-global-header-display":"","ast-banner-title-visibility":"","ast-main-header-display":"","ast-hfb-above-header-display":"","ast-hfb-below-header-display":"","ast-hfb-mobile-header-display":"","site-post-title":"","ast-breadcrumbs-content":"","ast-featured-img":"","footer-sml-layout":"","ast-disable-related-posts":"","theme-transparent-header-meta":"","adv-header-id-meta":"","stick-header-meta":"","header-above-stick-meta":"","header-main-stick-meta":"","header-below-stick-meta":"","astra-migrate-meta-layouts":"default","ast-page-background-enabled":"default","ast-page-background-meta":{"desktop":{"background-color":"var(--ast-global-color-5)","background-image":"","background-repeat":"repeat","background-position":"center center","background-size":"auto","background-attachment":"scroll","background-type":"","background-media":"","overlay-type":"","overlay-color":"","overlay-opacity":"","overlay-gradient":""},"tablet":{"background-color":"","background-image":"","background-repeat":"repeat","background-position":"center center","background-size":"auto","background-attachment":"scroll","background-type":"","background-media":"","overlay-type":"","overlay-color":"","overlay-opacity":"","overlay-gradient":""},"mobile":{"background-color":"","background-image":"","background-repeat":"repeat","background-position":"center center","background-size":"auto","background-attachment":"scroll","background-type":"","background-media":"","overlay-type":"","overlay-color":"","overlay-opacity":"","overlay-gradient":""}},"ast-content-background-meta":{"desktop":{"background-color":"var(--ast-global-color-4)","background-image":"","background-repeat":"repeat","background-position":"center center","background-size":"auto","background-attachment":"scroll","background-type":"","background-media":"","overlay-type":"","overlay-color":"","overlay-opacity":"","overlay-gradient":""},"tablet":{"background-color":"var(--ast-global-color-4)","background-image":"","background-repeat":"repeat","background-position":"center center","background-size":"auto","background-attachment":"scroll","background-type":"","background-media":"","overlay-type":"","overlay-color":"","overlay-opacity":"","overlay-gradient":""},"mobile":{"background-color":"var(--ast-global-color-4)","background-image":"","background-repeat":"repeat","background-position":"center center","background-size":"auto","background-attachment":"scroll","background-type":"","background-media":"","overlay-type":"","overlay-color":"","overlay-opacity":"","overlay-gradient":""}},"footnotes":""},"categories":[18,1,13],"tags":[],"class_list":["post-13343","post","type-post","status-publish","format-standard","has-post-thumbnail","hentry","category-neuquen","category-noticias","category-provinciales"],"yoast_head":"<!-- This site is optimized with the Yoast SEO Premium plugin v23.0 (Yoast SEO v27.4) - https:\/\/yoast.com\/product\/yoast-seo-premium-wordpress\/ -->\n<title>Un plesiosaurio en las costas neuquinas<\/title>\n<meta name=\"robots\" content=\"index, follow, max-snippet:-1, max-image-preview:large, max-video-preview:-1\" \/>\n<link rel=\"canonical\" href=\"https:\/\/patagoniambiental.com.ar\/info\/un-plesiosaurio-en-las-costas-neuquinas\/\" \/>\n<meta property=\"og:locale\" content=\"es_ES\" \/>\n<meta property=\"og:type\" content=\"article\" \/>\n<meta property=\"og:title\" content=\"Un plesiosaurio en las costas neuquinas\" \/>\n<meta property=\"og:description\" content=\"Neuqu\u00e9n.-Hace unos 130 millones de a\u00f1os, la actual provincia deNeuqu\u00e9n ten\u00eda salida al Pac\u00edfico, pues los Andes, tal cual los [&hellip;]\" \/>\n<meta property=\"og:url\" content=\"https:\/\/patagoniambiental.com.ar\/info\/un-plesiosaurio-en-las-costas-neuquinas\/\" \/>\n<meta property=\"og:site_name\" content=\"Patagonia Ambiental\" \/>\n<meta property=\"article:publisher\" content=\"https:\/\/www.facebook.com\/patagonia.ambiental\" \/>\n<meta property=\"article:author\" content=\"https:\/\/www.facebook.com\/share\/1C1V8Gv9BX\/?mibextid=qi2Omg\" \/>\n<meta property=\"article:published_time\" content=\"2015-08-11T12:00:15+00:00\" \/>\n<meta name=\"author\" content=\"Patagonia Ambiental\" \/>\n<meta name=\"twitter:card\" content=\"summary_large_image\" \/>\n<meta name=\"twitter:creator\" content=\"@PatAmb\" \/>\n<meta name=\"twitter:site\" content=\"@PatAmb\" \/>\n<script type=\"application\/ld+json\" class=\"yoast-schema-graph\">{\"@context\":\"https:\\\/\\\/schema.org\",\"@graph\":[{\"@type\":\"Article\",\"@id\":\"https:\\\/\\\/patagoniambiental.com.ar\\\/info\\\/un-plesiosaurio-en-las-costas-neuquinas\\\/#article\",\"isPartOf\":{\"@id\":\"https:\\\/\\\/patagoniambiental.com.ar\\\/info\\\/un-plesiosaurio-en-las-costas-neuquinas\\\/\"},\"author\":{\"name\":\"Patagonia Ambiental\",\"@id\":\"https:\\\/\\\/patagoniambiental.com.ar\\\/info\\\/#\\\/schema\\\/person\\\/db12bff64bbcbf6a253710bf0ea37b5d\"},\"headline\":\"Un plesiosaurio en las costas neuquinas\",\"datePublished\":\"2015-08-11T12:00:15+00:00\",\"mainEntityOfPage\":{\"@id\":\"https:\\\/\\\/patagoniambiental.com.ar\\\/info\\\/un-plesiosaurio-en-las-costas-neuquinas\\\/\"},\"wordCount\":1084,\"publisher\":{\"@id\":\"https:\\\/\\\/patagoniambiental.com.ar\\\/info\\\/#organization\"},\"image\":{\"@id\":\"https:\\\/\\\/patagoniambiental.com.ar\\\/info\\\/un-plesiosaurio-en-las-costas-neuquinas\\\/#primaryimage\"},\"thumbnailUrl\":\"\",\"articleSection\":[\"Neuqu\u00e9n\",\"Noticias\",\"Provinciales\"],\"inLanguage\":\"es\"},{\"@type\":\"WebPage\",\"@id\":\"https:\\\/\\\/patagoniambiental.com.ar\\\/info\\\/un-plesiosaurio-en-las-costas-neuquinas\\\/\",\"url\":\"https:\\\/\\\/patagoniambiental.com.ar\\\/info\\\/un-plesiosaurio-en-las-costas-neuquinas\\\/\",\"name\":\"Un plesiosaurio en las costas neuquinas\",\"isPartOf\":{\"@id\":\"https:\\\/\\\/patagoniambiental.com.ar\\\/info\\\/#website\"},\"primaryImageOfPage\":{\"@id\":\"https:\\\/\\\/patagoniambiental.com.ar\\\/info\\\/un-plesiosaurio-en-las-costas-neuquinas\\\/#primaryimage\"},\"image\":{\"@id\":\"https:\\\/\\\/patagoniambiental.com.ar\\\/info\\\/un-plesiosaurio-en-las-costas-neuquinas\\\/#primaryimage\"},\"thumbnailUrl\":\"\",\"datePublished\":\"2015-08-11T12:00:15+00:00\",\"breadcrumb\":{\"@id\":\"https:\\\/\\\/patagoniambiental.com.ar\\\/info\\\/un-plesiosaurio-en-las-costas-neuquinas\\\/#breadcrumb\"},\"inLanguage\":\"es\",\"potentialAction\":[{\"@type\":\"ReadAction\",\"target\":[\"https:\\\/\\\/patagoniambiental.com.ar\\\/info\\\/un-plesiosaurio-en-las-costas-neuquinas\\\/\"]}]},{\"@type\":\"ImageObject\",\"inLanguage\":\"es\",\"@id\":\"https:\\\/\\\/patagoniambiental.com.ar\\\/info\\\/un-plesiosaurio-en-las-costas-neuquinas\\\/#primaryimage\",\"url\":\"\",\"contentUrl\":\"\"},{\"@type\":\"BreadcrumbList\",\"@id\":\"https:\\\/\\\/patagoniambiental.com.ar\\\/info\\\/un-plesiosaurio-en-las-costas-neuquinas\\\/#breadcrumb\",\"itemListElement\":[{\"@type\":\"ListItem\",\"position\":1,\"name\":\"Inicio\",\"item\":\"https:\\\/\\\/patagoniambiental.com.ar\\\/info\\\/\"},{\"@type\":\"ListItem\",\"position\":2,\"name\":\"Un plesiosaurio en las costas neuquinas\"}]},{\"@type\":\"WebSite\",\"@id\":\"https:\\\/\\\/patagoniambiental.com.ar\\\/info\\\/#website\",\"url\":\"https:\\\/\\\/patagoniambiental.com.ar\\\/info\\\/\",\"name\":\"Patagonia Ambiental\",\"description\":\"Monitoreo y an\u00e1lisis de la situaci\u00f3n geopol\u00edtica en el mundo y su implicancia en la Patagonia\",\"publisher\":{\"@id\":\"https:\\\/\\\/patagoniambiental.com.ar\\\/info\\\/#organization\"},\"potentialAction\":[{\"@type\":\"SearchAction\",\"target\":{\"@type\":\"EntryPoint\",\"urlTemplate\":\"https:\\\/\\\/patagoniambiental.com.ar\\\/info\\\/?s={search_term_string}\"},\"query-input\":{\"@type\":\"PropertyValueSpecification\",\"valueRequired\":true,\"valueName\":\"search_term_string\"}}],\"inLanguage\":\"es\"},{\"@type\":\"Organization\",\"@id\":\"https:\\\/\\\/patagoniambiental.com.ar\\\/info\\\/#organization\",\"name\":\"Patagonia Ambiental\",\"url\":\"https:\\\/\\\/patagoniambiental.com.ar\\\/info\\\/\",\"logo\":{\"@type\":\"ImageObject\",\"inLanguage\":\"es\",\"@id\":\"https:\\\/\\\/patagoniambiental.com.ar\\\/info\\\/#\\\/schema\\\/logo\\\/image\\\/\",\"url\":\"https:\\\/\\\/patagoniambiental.com.ar\\\/info\\\/wp-content\\\/uploads\\\/2025\\\/05\\\/LOGO-PATAGONIA-AMBIENTAL.png\",\"contentUrl\":\"https:\\\/\\\/patagoniambiental.com.ar\\\/info\\\/wp-content\\\/uploads\\\/2025\\\/05\\\/LOGO-PATAGONIA-AMBIENTAL.png\",\"width\":433,\"height\":250,\"caption\":\"Patagonia Ambiental\"},\"image\":{\"@id\":\"https:\\\/\\\/patagoniambiental.com.ar\\\/info\\\/#\\\/schema\\\/logo\\\/image\\\/\"},\"sameAs\":[\"https:\\\/\\\/www.facebook.com\\\/patagonia.ambiental\",\"https:\\\/\\\/x.com\\\/PatAmb\"]},{\"@type\":\"Person\",\"@id\":\"https:\\\/\\\/patagoniambiental.com.ar\\\/info\\\/#\\\/schema\\\/person\\\/db12bff64bbcbf6a253710bf0ea37b5d\",\"name\":\"Patagonia Ambiental\",\"description\":\"Andr\u00e9s Nievas T\u00e9cnico en manejo ambiental, consultor Ambiental y escritor para medios locales e internacionales sobre temas de geopolitica y medio ambiente.\",\"sameAs\":[\"http:\\\/\\\/www.patagoniambiental.com.ar\",\"https:\\\/\\\/www.facebook.com\\\/share\\\/1C1V8Gv9BX\\\/?mibextid=qi2Omg\",\"@patagoniambiental\",\"https:\\\/\\\/youtube.com\\\/@patagoniaambiental2023?si=BLt58t0wuXquxlYZ\"]}]}<\/script>\n<!-- \/ Yoast SEO Premium plugin. -->","yoast_head_json":{"title":"Un plesiosaurio en las costas neuquinas","robots":{"index":"index","follow":"follow","max-snippet":"max-snippet:-1","max-image-preview":"max-image-preview:large","max-video-preview":"max-video-preview:-1"},"canonical":"https:\/\/patagoniambiental.com.ar\/info\/un-plesiosaurio-en-las-costas-neuquinas\/","og_locale":"es_ES","og_type":"article","og_title":"Un plesiosaurio en las costas neuquinas","og_description":"Neuqu\u00e9n.-Hace unos 130 millones de a\u00f1os, la actual provincia deNeuqu\u00e9n ten\u00eda salida al Pac\u00edfico, pues los Andes, tal cual los [&hellip;]","og_url":"https:\/\/patagoniambiental.com.ar\/info\/un-plesiosaurio-en-las-costas-neuquinas\/","og_site_name":"Patagonia Ambiental","article_publisher":"https:\/\/www.facebook.com\/patagonia.ambiental","article_author":"https:\/\/www.facebook.com\/share\/1C1V8Gv9BX\/?mibextid=qi2Omg","article_published_time":"2015-08-11T12:00:15+00:00","author":"Patagonia Ambiental","twitter_card":"summary_large_image","twitter_creator":"@PatAmb","twitter_site":"@PatAmb","schema":{"@context":"https:\/\/schema.org","@graph":[{"@type":"Article","@id":"https:\/\/patagoniambiental.com.ar\/info\/un-plesiosaurio-en-las-costas-neuquinas\/#article","isPartOf":{"@id":"https:\/\/patagoniambiental.com.ar\/info\/un-plesiosaurio-en-las-costas-neuquinas\/"},"author":{"name":"Patagonia Ambiental","@id":"https:\/\/patagoniambiental.com.ar\/info\/#\/schema\/person\/db12bff64bbcbf6a253710bf0ea37b5d"},"headline":"Un plesiosaurio en las costas neuquinas","datePublished":"2015-08-11T12:00:15+00:00","mainEntityOfPage":{"@id":"https:\/\/patagoniambiental.com.ar\/info\/un-plesiosaurio-en-las-costas-neuquinas\/"},"wordCount":1084,"publisher":{"@id":"https:\/\/patagoniambiental.com.ar\/info\/#organization"},"image":{"@id":"https:\/\/patagoniambiental.com.ar\/info\/un-plesiosaurio-en-las-costas-neuquinas\/#primaryimage"},"thumbnailUrl":"","articleSection":["Neuqu\u00e9n","Noticias","Provinciales"],"inLanguage":"es"},{"@type":"WebPage","@id":"https:\/\/patagoniambiental.com.ar\/info\/un-plesiosaurio-en-las-costas-neuquinas\/","url":"https:\/\/patagoniambiental.com.ar\/info\/un-plesiosaurio-en-las-costas-neuquinas\/","name":"Un plesiosaurio en las costas neuquinas","isPartOf":{"@id":"https:\/\/patagoniambiental.com.ar\/info\/#website"},"primaryImageOfPage":{"@id":"https:\/\/patagoniambiental.com.ar\/info\/un-plesiosaurio-en-las-costas-neuquinas\/#primaryimage"},"image":{"@id":"https:\/\/patagoniambiental.com.ar\/info\/un-plesiosaurio-en-las-costas-neuquinas\/#primaryimage"},"thumbnailUrl":"","datePublished":"2015-08-11T12:00:15+00:00","breadcrumb":{"@id":"https:\/\/patagoniambiental.com.ar\/info\/un-plesiosaurio-en-las-costas-neuquinas\/#breadcrumb"},"inLanguage":"es","potentialAction":[{"@type":"ReadAction","target":["https:\/\/patagoniambiental.com.ar\/info\/un-plesiosaurio-en-las-costas-neuquinas\/"]}]},{"@type":"ImageObject","inLanguage":"es","@id":"https:\/\/patagoniambiental.com.ar\/info\/un-plesiosaurio-en-las-costas-neuquinas\/#primaryimage","url":"","contentUrl":""},{"@type":"BreadcrumbList","@id":"https:\/\/patagoniambiental.com.ar\/info\/un-plesiosaurio-en-las-costas-neuquinas\/#breadcrumb","itemListElement":[{"@type":"ListItem","position":1,"name":"Inicio","item":"https:\/\/patagoniambiental.com.ar\/info\/"},{"@type":"ListItem","position":2,"name":"Un plesiosaurio en las costas neuquinas"}]},{"@type":"WebSite","@id":"https:\/\/patagoniambiental.com.ar\/info\/#website","url":"https:\/\/patagoniambiental.com.ar\/info\/","name":"Patagonia Ambiental","description":"Monitoreo y an\u00e1lisis de la situaci\u00f3n geopol\u00edtica en el mundo y su implicancia en la Patagonia","publisher":{"@id":"https:\/\/patagoniambiental.com.ar\/info\/#organization"},"potentialAction":[{"@type":"SearchAction","target":{"@type":"EntryPoint","urlTemplate":"https:\/\/patagoniambiental.com.ar\/info\/?s={search_term_string}"},"query-input":{"@type":"PropertyValueSpecification","valueRequired":true,"valueName":"search_term_string"}}],"inLanguage":"es"},{"@type":"Organization","@id":"https:\/\/patagoniambiental.com.ar\/info\/#organization","name":"Patagonia Ambiental","url":"https:\/\/patagoniambiental.com.ar\/info\/","logo":{"@type":"ImageObject","inLanguage":"es","@id":"https:\/\/patagoniambiental.com.ar\/info\/#\/schema\/logo\/image\/","url":"https:\/\/patagoniambiental.com.ar\/info\/wp-content\/uploads\/2025\/05\/LOGO-PATAGONIA-AMBIENTAL.png","contentUrl":"https:\/\/patagoniambiental.com.ar\/info\/wp-content\/uploads\/2025\/05\/LOGO-PATAGONIA-AMBIENTAL.png","width":433,"height":250,"caption":"Patagonia Ambiental"},"image":{"@id":"https:\/\/patagoniambiental.com.ar\/info\/#\/schema\/logo\/image\/"},"sameAs":["https:\/\/www.facebook.com\/patagonia.ambiental","https:\/\/x.com\/PatAmb"]},{"@type":"Person","@id":"https:\/\/patagoniambiental.com.ar\/info\/#\/schema\/person\/db12bff64bbcbf6a253710bf0ea37b5d","name":"Patagonia Ambiental","description":"Andr\u00e9s Nievas T\u00e9cnico en manejo ambiental, consultor Ambiental y escritor para medios locales e internacionales sobre temas de geopolitica y medio ambiente.","sameAs":["http:\/\/www.patagoniambiental.com.ar","https:\/\/www.facebook.com\/share\/1C1V8Gv9BX\/?mibextid=qi2Omg","@patagoniambiental","https:\/\/youtube.com\/@patagoniaambiental2023?si=BLt58t0wuXquxlYZ"]}]}},"_links":{"self":[{"href":"https:\/\/patagoniambiental.com.ar\/info\/wp-json\/wp\/v2\/posts\/13343","targetHints":{"allow":["GET"]}}],"collection":[{"href":"https:\/\/patagoniambiental.com.ar\/info\/wp-json\/wp\/v2\/posts"}],"about":[{"href":"https:\/\/patagoniambiental.com.ar\/info\/wp-json\/wp\/v2\/types\/post"}],"author":[{"embeddable":true,"href":"https:\/\/patagoniambiental.com.ar\/info\/wp-json\/wp\/v2\/users\/2"}],"replies":[{"embeddable":true,"href":"https:\/\/patagoniambiental.com.ar\/info\/wp-json\/wp\/v2\/comments?post=13343"}],"version-history":[{"count":0,"href":"https:\/\/patagoniambiental.com.ar\/info\/wp-json\/wp\/v2\/posts\/13343\/revisions"}],"wp:featuredmedia":[{"embeddable":true,"href":"https:\/\/patagoniambiental.com.ar\/info\/wp-json\/"}],"wp:attachment":[{"href":"https:\/\/patagoniambiental.com.ar\/info\/wp-json\/wp\/v2\/media?parent=13343"}],"wp:term":[{"taxonomy":"category","embeddable":true,"href":"https:\/\/patagoniambiental.com.ar\/info\/wp-json\/wp\/v2\/categories?post=13343"},{"taxonomy":"post_tag","embeddable":true,"href":"https:\/\/patagoniambiental.com.ar\/info\/wp-json\/wp\/v2\/tags?post=13343"}],"curies":[{"name":"wp","href":"https:\/\/api.w.org\/{rel}","templated":true}]}}