{"id":13358,"date":"2015-08-12T09:00:37","date_gmt":"2015-08-12T12:00:37","guid":{"rendered":"http:\/\/patagoniambiental.com.ar\/?p=13358"},"modified":"2015-08-12T09:00:37","modified_gmt":"2015-08-12T12:00:37","slug":"universidad-argentina-desarrollara-el-primer-atlas-tactil-de-las-islas-malvinas","status":"publish","type":"post","link":"https:\/\/patagoniambiental.com.ar\/info\/universidad-argentina-desarrollara-el-primer-atlas-tactil-de-las-islas-malvinas\/","title":{"rendered":"Universidad argentina desarrollar\u00e1 el primer atlas t\u00e1ctil de las Islas Malvinas"},"content":{"rendered":"<p>Santa Fe.-La iniciativa de la Universidad Nacional del Litoral beneficiar\u00e1 a disminuidos visuales. <!--more--><\/p>\n<p><a title=\"Santa Fe, una ciudad que invita a conocer y a disfrutar\" href=\"http:\/\/ar.blastingnews.com\/santa-fe\/2015\/06\/santa-fe-una-ciudad-que-invita-a-conocer-y-a-disfrutar-00436491.html\" target=\"_blank\">La santafesina Universidad Nacional del Litoral<\/a> tendr\u00e1 a su cargo la realizaci\u00f3n del primer atlas t\u00e1ctil <a title=\"Un d\u00eda la Argentina ejercer\u00e1 su soberan\u00eda sobre Malvinas\" href=\"http:\/\/ar.blastingnews.com\/mundo\/2015\/07\/un-dia-la-argentina-ejercera-su-soberania-sobre-malvinas-dijo-la-embajadora-en-londres-00490383.html\" target=\"_blank\">de las Islas Malvinas<\/a> que estar\u00e1 destinado a ser usado por personas con baja visi\u00f3n o no videntes. El proyecto, a cargo de la perito topocart\u00f3grafa Liian Coronel, result\u00f3 ganador de &#8216;Malvinas en la Universidad&#8217;, una convocatoria de los ministerios de Educaci\u00f3n y de Relaciones Exteriores de la Naci\u00f3n.El mapa, que seg\u00fan explic\u00f3 Coronel est\u00e1 hecho con precisi\u00f3n cient\u00edfica, le dar\u00e1 a las personas visualmente disminuidas las mismas condiciones que a los videntes para acceder a este tipo de conocimientos.<\/p>\n<p>Adem\u00e1s, mencion\u00f3 el doble prop\u00f3sito que el proyecto tiene: la inclusi\u00f3n de todas las personas al material cartogr\u00e1fico y la reivindicaci\u00f3n de los derechos de soberan\u00eda argentina sobre las Islas Malvinas. El atlas permitir\u00e1 que sus lectores conozcan divisi\u00f3n pol\u00edtica, poblaciones humanas, r\u00edos, clima, forma de utilizaci\u00f3n de la tierra, zonas de recursos naturales y coordenadas geogr\u00e1ficas, entre otros datos de importancia. Contar\u00e1 con el aval del Instituto Geogr\u00e1fico Nacional, por lo que su calidad y precisi\u00f3n ser\u00e1n iguales a las de cualquier otro mapa que pueda comprarse en las librer\u00edas del pa\u00eds.<\/p>\n<p>La experiencia de Coronel y su equipo en este tipo de trabajos tiene larga data y ya han elaborado mapas similares de las provincias de Entre R\u00edos y Santa Fe en a\u00f1os anteriores. Actualmente se encuentran trabajando en el &#8216;Paseo del Papa Francisco&#8217; para elaborar un plano del recorrido apto para no videntes.<\/p>\n<p>El proyecto &#8216;Malvinas en la Universidad&#8217; se realiza desde 2013 con motivo del recordatorio de los 180 a\u00f1os de la ocupaci\u00f3n brit\u00e1nica en las Malvinas e islas del Atl\u00e1ntico Sur, que comenz\u00f3 el 3 de enero de 1833 despu\u00e9s de que las autoridades argentinas fueran desalojadas por la fuerza. De la convocatoria participaron m\u00e1s de medio centenar de universidades nacionales, provinciales y privadas y se aprobaron 70 proyectos que ser\u00e1n llevados a cabo en un plazo de tiempo estipulado.<\/p>\n<p>Fuente: ar.blastingnews.com<\/p>\n<p>&nbsp;<\/p>\n<p>&nbsp;<\/p>\n","protected":false},"excerpt":{"rendered":"<p>Santa Fe.-La iniciativa de la Universidad Nacional del Litoral beneficiar\u00e1 a disminuidos visuales.<\/p>\n","protected":false},"author":2,"featured_media":9951,"comment_status":"closed","ping_status":"closed","sticky":false,"template":"","format":"standard","meta":{"site-sidebar-layout":"default","site-content-layout":"","ast-site-content-layout":"default","site-content-style":"default","site-sidebar-style":"default","ast-global-header-display":"","ast-banner-title-visibility":"","ast-main-header-display":"","ast-hfb-above-header-display":"","ast-hfb-below-header-display":"","ast-hfb-mobile-header-display":"","site-post-title":"","ast-breadcrumbs-content":"","ast-featured-img":"","footer-sml-layout":"","ast-disable-related-posts":"","theme-transparent-header-meta":"","adv-header-id-meta":"","stick-header-meta":"","header-above-stick-meta":"","header-main-stick-meta":"","header-below-stick-meta":"","astra-migrate-meta-layouts":"default","ast-page-background-enabled":"default","ast-page-background-meta":{"desktop":{"background-color":"var(--ast-global-color-5)","background-image":"","background-repeat":"repeat","background-position":"center center","background-size":"auto","background-attachment":"scroll","background-type":"","background-media":"","overlay-type":"","overlay-color":"","overlay-opacity":"","overlay-gradient":""},"tablet":{"background-color":"","background-image":"","background-repeat":"repeat","background-position":"center center","background-size":"auto","background-attachment":"scroll","background-type":"","background-media":"","overlay-type":"","overlay-color":"","overlay-opacity":"","overlay-gradient":""},"mobile":{"background-color":"","background-image":"","background-repeat":"repeat","background-position":"center center","background-size":"auto","background-attachment":"scroll","background-type":"","background-media":"","overlay-type":"","overlay-color":"","overlay-opacity":"","overlay-gradient":""}},"ast-content-background-meta":{"desktop":{"background-color":"var(--ast-global-color-4)","background-image":"","background-repeat":"repeat","background-position":"center center","background-size":"auto","background-attachment":"scroll","background-type":"","background-media":"","overlay-type":"","overlay-color":"","overlay-opacity":"","overlay-gradient":""},"tablet":{"background-color":"var(--ast-global-color-4)","background-image":"","background-repeat":"repeat","background-position":"center center","background-size":"auto","background-attachment":"scroll","background-type":"","background-media":"","overlay-type":"","overlay-color":"","overlay-opacity":"","overlay-gradient":""},"mobile":{"background-color":"var(--ast-global-color-4)","background-image":"","background-repeat":"repeat","background-position":"center center","background-size":"auto","background-attachment":"scroll","background-type":"","background-media":"","overlay-type":"","overlay-color":"","overlay-opacity":"","overlay-gradient":""}},"footnotes":""},"categories":[23,1],"tags":[],"class_list":["post-13358","post","type-post","status-publish","format-standard","has-post-thumbnail","hentry","category-internacionales","category-noticias"],"yoast_head":"<!-- This site is optimized with the Yoast SEO Premium plugin v23.0 (Yoast SEO v27.4) - https:\/\/yoast.com\/product\/yoast-seo-premium-wordpress\/ -->\n<title>Universidad argentina desarrollar\u00e1 el primer atlas t\u00e1ctil de las Islas Malvinas<\/title>\n<meta name=\"robots\" content=\"index, follow, max-snippet:-1, max-image-preview:large, max-video-preview:-1\" \/>\n<link rel=\"canonical\" href=\"https:\/\/patagoniambiental.com.ar\/info\/universidad-argentina-desarrollara-el-primer-atlas-tactil-de-las-islas-malvinas\/\" \/>\n<meta property=\"og:locale\" content=\"es_ES\" \/>\n<meta property=\"og:type\" content=\"article\" \/>\n<meta property=\"og:title\" content=\"Universidad argentina desarrollar\u00e1 el primer atlas t\u00e1ctil de las Islas Malvinas\" \/>\n<meta property=\"og:description\" content=\"Santa Fe.-La iniciativa de la Universidad Nacional del Litoral beneficiar\u00e1 a disminuidos visuales.\" \/>\n<meta property=\"og:url\" content=\"https:\/\/patagoniambiental.com.ar\/info\/universidad-argentina-desarrollara-el-primer-atlas-tactil-de-las-islas-malvinas\/\" \/>\n<meta property=\"og:site_name\" content=\"Patagonia Ambiental\" \/>\n<meta property=\"article:publisher\" content=\"https:\/\/www.facebook.com\/patagonia.ambiental\" \/>\n<meta property=\"article:author\" content=\"https:\/\/www.facebook.com\/share\/1C1V8Gv9BX\/?mibextid=qi2Omg\" \/>\n<meta property=\"article:published_time\" content=\"2015-08-12T12:00:37+00:00\" \/>\n<meta name=\"author\" content=\"Patagonia Ambiental\" \/>\n<meta name=\"twitter:card\" content=\"summary_large_image\" \/>\n<meta name=\"twitter:creator\" content=\"@PatAmb\" \/>\n<meta name=\"twitter:site\" content=\"@PatAmb\" \/>\n<script type=\"application\/ld+json\" class=\"yoast-schema-graph\">{\"@context\":\"https:\\\/\\\/schema.org\",\"@graph\":[{\"@type\":\"Article\",\"@id\":\"https:\\\/\\\/patagoniambiental.com.ar\\\/info\\\/universidad-argentina-desarrollara-el-primer-atlas-tactil-de-las-islas-malvinas\\\/#article\",\"isPartOf\":{\"@id\":\"https:\\\/\\\/patagoniambiental.com.ar\\\/info\\\/universidad-argentina-desarrollara-el-primer-atlas-tactil-de-las-islas-malvinas\\\/\"},\"author\":{\"name\":\"Patagonia Ambiental\",\"@id\":\"https:\\\/\\\/patagoniambiental.com.ar\\\/info\\\/#\\\/schema\\\/person\\\/db12bff64bbcbf6a253710bf0ea37b5d\"},\"headline\":\"Universidad argentina desarrollar\u00e1 el primer atlas t\u00e1ctil de las Islas Malvinas\",\"datePublished\":\"2015-08-12T12:00:37+00:00\",\"mainEntityOfPage\":{\"@id\":\"https:\\\/\\\/patagoniambiental.com.ar\\\/info\\\/universidad-argentina-desarrollara-el-primer-atlas-tactil-de-las-islas-malvinas\\\/\"},\"wordCount\":383,\"publisher\":{\"@id\":\"https:\\\/\\\/patagoniambiental.com.ar\\\/info\\\/#organization\"},\"image\":{\"@id\":\"https:\\\/\\\/patagoniambiental.com.ar\\\/info\\\/universidad-argentina-desarrollara-el-primer-atlas-tactil-de-las-islas-malvinas\\\/#primaryimage\"},\"thumbnailUrl\":\"\",\"articleSection\":[\"Internacionales\",\"Noticias\"],\"inLanguage\":\"es\"},{\"@type\":\"WebPage\",\"@id\":\"https:\\\/\\\/patagoniambiental.com.ar\\\/info\\\/universidad-argentina-desarrollara-el-primer-atlas-tactil-de-las-islas-malvinas\\\/\",\"url\":\"https:\\\/\\\/patagoniambiental.com.ar\\\/info\\\/universidad-argentina-desarrollara-el-primer-atlas-tactil-de-las-islas-malvinas\\\/\",\"name\":\"Universidad argentina desarrollar\u00e1 el primer atlas t\u00e1ctil de las Islas Malvinas\",\"isPartOf\":{\"@id\":\"https:\\\/\\\/patagoniambiental.com.ar\\\/info\\\/#website\"},\"primaryImageOfPage\":{\"@id\":\"https:\\\/\\\/patagoniambiental.com.ar\\\/info\\\/universidad-argentina-desarrollara-el-primer-atlas-tactil-de-las-islas-malvinas\\\/#primaryimage\"},\"image\":{\"@id\":\"https:\\\/\\\/patagoniambiental.com.ar\\\/info\\\/universidad-argentina-desarrollara-el-primer-atlas-tactil-de-las-islas-malvinas\\\/#primaryimage\"},\"thumbnailUrl\":\"\",\"datePublished\":\"2015-08-12T12:00:37+00:00\",\"breadcrumb\":{\"@id\":\"https:\\\/\\\/patagoniambiental.com.ar\\\/info\\\/universidad-argentina-desarrollara-el-primer-atlas-tactil-de-las-islas-malvinas\\\/#breadcrumb\"},\"inLanguage\":\"es\",\"potentialAction\":[{\"@type\":\"ReadAction\",\"target\":[\"https:\\\/\\\/patagoniambiental.com.ar\\\/info\\\/universidad-argentina-desarrollara-el-primer-atlas-tactil-de-las-islas-malvinas\\\/\"]}]},{\"@type\":\"ImageObject\",\"inLanguage\":\"es\",\"@id\":\"https:\\\/\\\/patagoniambiental.com.ar\\\/info\\\/universidad-argentina-desarrollara-el-primer-atlas-tactil-de-las-islas-malvinas\\\/#primaryimage\",\"url\":\"\",\"contentUrl\":\"\"},{\"@type\":\"BreadcrumbList\",\"@id\":\"https:\\\/\\\/patagoniambiental.com.ar\\\/info\\\/universidad-argentina-desarrollara-el-primer-atlas-tactil-de-las-islas-malvinas\\\/#breadcrumb\",\"itemListElement\":[{\"@type\":\"ListItem\",\"position\":1,\"name\":\"Inicio\",\"item\":\"https:\\\/\\\/patagoniambiental.com.ar\\\/info\\\/\"},{\"@type\":\"ListItem\",\"position\":2,\"name\":\"Universidad argentina desarrollar\u00e1 el primer atlas t\u00e1ctil de las Islas Malvinas\"}]},{\"@type\":\"WebSite\",\"@id\":\"https:\\\/\\\/patagoniambiental.com.ar\\\/info\\\/#website\",\"url\":\"https:\\\/\\\/patagoniambiental.com.ar\\\/info\\\/\",\"name\":\"Patagonia Ambiental\",\"description\":\"Monitoreo y an\u00e1lisis de la situaci\u00f3n geopol\u00edtica en el mundo y su implicancia en la Patagonia\",\"publisher\":{\"@id\":\"https:\\\/\\\/patagoniambiental.com.ar\\\/info\\\/#organization\"},\"potentialAction\":[{\"@type\":\"SearchAction\",\"target\":{\"@type\":\"EntryPoint\",\"urlTemplate\":\"https:\\\/\\\/patagoniambiental.com.ar\\\/info\\\/?s={search_term_string}\"},\"query-input\":{\"@type\":\"PropertyValueSpecification\",\"valueRequired\":true,\"valueName\":\"search_term_string\"}}],\"inLanguage\":\"es\"},{\"@type\":\"Organization\",\"@id\":\"https:\\\/\\\/patagoniambiental.com.ar\\\/info\\\/#organization\",\"name\":\"Patagonia Ambiental\",\"url\":\"https:\\\/\\\/patagoniambiental.com.ar\\\/info\\\/\",\"logo\":{\"@type\":\"ImageObject\",\"inLanguage\":\"es\",\"@id\":\"https:\\\/\\\/patagoniambiental.com.ar\\\/info\\\/#\\\/schema\\\/logo\\\/image\\\/\",\"url\":\"https:\\\/\\\/patagoniambiental.com.ar\\\/info\\\/wp-content\\\/uploads\\\/2025\\\/05\\\/LOGO-PATAGONIA-AMBIENTAL.png\",\"contentUrl\":\"https:\\\/\\\/patagoniambiental.com.ar\\\/info\\\/wp-content\\\/uploads\\\/2025\\\/05\\\/LOGO-PATAGONIA-AMBIENTAL.png\",\"width\":433,\"height\":250,\"caption\":\"Patagonia Ambiental\"},\"image\":{\"@id\":\"https:\\\/\\\/patagoniambiental.com.ar\\\/info\\\/#\\\/schema\\\/logo\\\/image\\\/\"},\"sameAs\":[\"https:\\\/\\\/www.facebook.com\\\/patagonia.ambiental\",\"https:\\\/\\\/x.com\\\/PatAmb\"]},{\"@type\":\"Person\",\"@id\":\"https:\\\/\\\/patagoniambiental.com.ar\\\/info\\\/#\\\/schema\\\/person\\\/db12bff64bbcbf6a253710bf0ea37b5d\",\"name\":\"Patagonia Ambiental\",\"description\":\"Andr\u00e9s Nievas T\u00e9cnico en manejo ambiental, consultor Ambiental y escritor para medios locales e internacionales sobre temas de geopolitica y medio ambiente.\",\"sameAs\":[\"http:\\\/\\\/www.patagoniambiental.com.ar\",\"https:\\\/\\\/www.facebook.com\\\/share\\\/1C1V8Gv9BX\\\/?mibextid=qi2Omg\",\"@patagoniambiental\",\"https:\\\/\\\/youtube.com\\\/@patagoniaambiental2023?si=BLt58t0wuXquxlYZ\"]}]}<\/script>\n<!-- \/ Yoast SEO Premium plugin. -->","yoast_head_json":{"title":"Universidad argentina desarrollar\u00e1 el primer atlas t\u00e1ctil de las Islas Malvinas","robots":{"index":"index","follow":"follow","max-snippet":"max-snippet:-1","max-image-preview":"max-image-preview:large","max-video-preview":"max-video-preview:-1"},"canonical":"https:\/\/patagoniambiental.com.ar\/info\/universidad-argentina-desarrollara-el-primer-atlas-tactil-de-las-islas-malvinas\/","og_locale":"es_ES","og_type":"article","og_title":"Universidad argentina desarrollar\u00e1 el primer atlas t\u00e1ctil de las Islas Malvinas","og_description":"Santa Fe.-La iniciativa de la Universidad Nacional del Litoral beneficiar\u00e1 a disminuidos visuales.","og_url":"https:\/\/patagoniambiental.com.ar\/info\/universidad-argentina-desarrollara-el-primer-atlas-tactil-de-las-islas-malvinas\/","og_site_name":"Patagonia Ambiental","article_publisher":"https:\/\/www.facebook.com\/patagonia.ambiental","article_author":"https:\/\/www.facebook.com\/share\/1C1V8Gv9BX\/?mibextid=qi2Omg","article_published_time":"2015-08-12T12:00:37+00:00","author":"Patagonia Ambiental","twitter_card":"summary_large_image","twitter_creator":"@PatAmb","twitter_site":"@PatAmb","schema":{"@context":"https:\/\/schema.org","@graph":[{"@type":"Article","@id":"https:\/\/patagoniambiental.com.ar\/info\/universidad-argentina-desarrollara-el-primer-atlas-tactil-de-las-islas-malvinas\/#article","isPartOf":{"@id":"https:\/\/patagoniambiental.com.ar\/info\/universidad-argentina-desarrollara-el-primer-atlas-tactil-de-las-islas-malvinas\/"},"author":{"name":"Patagonia Ambiental","@id":"https:\/\/patagoniambiental.com.ar\/info\/#\/schema\/person\/db12bff64bbcbf6a253710bf0ea37b5d"},"headline":"Universidad argentina desarrollar\u00e1 el primer atlas t\u00e1ctil de las Islas Malvinas","datePublished":"2015-08-12T12:00:37+00:00","mainEntityOfPage":{"@id":"https:\/\/patagoniambiental.com.ar\/info\/universidad-argentina-desarrollara-el-primer-atlas-tactil-de-las-islas-malvinas\/"},"wordCount":383,"publisher":{"@id":"https:\/\/patagoniambiental.com.ar\/info\/#organization"},"image":{"@id":"https:\/\/patagoniambiental.com.ar\/info\/universidad-argentina-desarrollara-el-primer-atlas-tactil-de-las-islas-malvinas\/#primaryimage"},"thumbnailUrl":"","articleSection":["Internacionales","Noticias"],"inLanguage":"es"},{"@type":"WebPage","@id":"https:\/\/patagoniambiental.com.ar\/info\/universidad-argentina-desarrollara-el-primer-atlas-tactil-de-las-islas-malvinas\/","url":"https:\/\/patagoniambiental.com.ar\/info\/universidad-argentina-desarrollara-el-primer-atlas-tactil-de-las-islas-malvinas\/","name":"Universidad argentina desarrollar\u00e1 el primer atlas t\u00e1ctil de las Islas Malvinas","isPartOf":{"@id":"https:\/\/patagoniambiental.com.ar\/info\/#website"},"primaryImageOfPage":{"@id":"https:\/\/patagoniambiental.com.ar\/info\/universidad-argentina-desarrollara-el-primer-atlas-tactil-de-las-islas-malvinas\/#primaryimage"},"image":{"@id":"https:\/\/patagoniambiental.com.ar\/info\/universidad-argentina-desarrollara-el-primer-atlas-tactil-de-las-islas-malvinas\/#primaryimage"},"thumbnailUrl":"","datePublished":"2015-08-12T12:00:37+00:00","breadcrumb":{"@id":"https:\/\/patagoniambiental.com.ar\/info\/universidad-argentina-desarrollara-el-primer-atlas-tactil-de-las-islas-malvinas\/#breadcrumb"},"inLanguage":"es","potentialAction":[{"@type":"ReadAction","target":["https:\/\/patagoniambiental.com.ar\/info\/universidad-argentina-desarrollara-el-primer-atlas-tactil-de-las-islas-malvinas\/"]}]},{"@type":"ImageObject","inLanguage":"es","@id":"https:\/\/patagoniambiental.com.ar\/info\/universidad-argentina-desarrollara-el-primer-atlas-tactil-de-las-islas-malvinas\/#primaryimage","url":"","contentUrl":""},{"@type":"BreadcrumbList","@id":"https:\/\/patagoniambiental.com.ar\/info\/universidad-argentina-desarrollara-el-primer-atlas-tactil-de-las-islas-malvinas\/#breadcrumb","itemListElement":[{"@type":"ListItem","position":1,"name":"Inicio","item":"https:\/\/patagoniambiental.com.ar\/info\/"},{"@type":"ListItem","position":2,"name":"Universidad argentina desarrollar\u00e1 el primer atlas t\u00e1ctil de las Islas Malvinas"}]},{"@type":"WebSite","@id":"https:\/\/patagoniambiental.com.ar\/info\/#website","url":"https:\/\/patagoniambiental.com.ar\/info\/","name":"Patagonia Ambiental","description":"Monitoreo y an\u00e1lisis de la situaci\u00f3n geopol\u00edtica en el mundo y su implicancia en la Patagonia","publisher":{"@id":"https:\/\/patagoniambiental.com.ar\/info\/#organization"},"potentialAction":[{"@type":"SearchAction","target":{"@type":"EntryPoint","urlTemplate":"https:\/\/patagoniambiental.com.ar\/info\/?s={search_term_string}"},"query-input":{"@type":"PropertyValueSpecification","valueRequired":true,"valueName":"search_term_string"}}],"inLanguage":"es"},{"@type":"Organization","@id":"https:\/\/patagoniambiental.com.ar\/info\/#organization","name":"Patagonia Ambiental","url":"https:\/\/patagoniambiental.com.ar\/info\/","logo":{"@type":"ImageObject","inLanguage":"es","@id":"https:\/\/patagoniambiental.com.ar\/info\/#\/schema\/logo\/image\/","url":"https:\/\/patagoniambiental.com.ar\/info\/wp-content\/uploads\/2025\/05\/LOGO-PATAGONIA-AMBIENTAL.png","contentUrl":"https:\/\/patagoniambiental.com.ar\/info\/wp-content\/uploads\/2025\/05\/LOGO-PATAGONIA-AMBIENTAL.png","width":433,"height":250,"caption":"Patagonia Ambiental"},"image":{"@id":"https:\/\/patagoniambiental.com.ar\/info\/#\/schema\/logo\/image\/"},"sameAs":["https:\/\/www.facebook.com\/patagonia.ambiental","https:\/\/x.com\/PatAmb"]},{"@type":"Person","@id":"https:\/\/patagoniambiental.com.ar\/info\/#\/schema\/person\/db12bff64bbcbf6a253710bf0ea37b5d","name":"Patagonia Ambiental","description":"Andr\u00e9s Nievas T\u00e9cnico en manejo ambiental, consultor Ambiental y escritor para medios locales e internacionales sobre temas de geopolitica y medio ambiente.","sameAs":["http:\/\/www.patagoniambiental.com.ar","https:\/\/www.facebook.com\/share\/1C1V8Gv9BX\/?mibextid=qi2Omg","@patagoniambiental","https:\/\/youtube.com\/@patagoniaambiental2023?si=BLt58t0wuXquxlYZ"]}]}},"_links":{"self":[{"href":"https:\/\/patagoniambiental.com.ar\/info\/wp-json\/wp\/v2\/posts\/13358","targetHints":{"allow":["GET"]}}],"collection":[{"href":"https:\/\/patagoniambiental.com.ar\/info\/wp-json\/wp\/v2\/posts"}],"about":[{"href":"https:\/\/patagoniambiental.com.ar\/info\/wp-json\/wp\/v2\/types\/post"}],"author":[{"embeddable":true,"href":"https:\/\/patagoniambiental.com.ar\/info\/wp-json\/wp\/v2\/users\/2"}],"replies":[{"embeddable":true,"href":"https:\/\/patagoniambiental.com.ar\/info\/wp-json\/wp\/v2\/comments?post=13358"}],"version-history":[{"count":0,"href":"https:\/\/patagoniambiental.com.ar\/info\/wp-json\/wp\/v2\/posts\/13358\/revisions"}],"wp:featuredmedia":[{"embeddable":true,"href":"https:\/\/patagoniambiental.com.ar\/info\/wp-json\/"}],"wp:attachment":[{"href":"https:\/\/patagoniambiental.com.ar\/info\/wp-json\/wp\/v2\/media?parent=13358"}],"wp:term":[{"taxonomy":"category","embeddable":true,"href":"https:\/\/patagoniambiental.com.ar\/info\/wp-json\/wp\/v2\/categories?post=13358"},{"taxonomy":"post_tag","embeddable":true,"href":"https:\/\/patagoniambiental.com.ar\/info\/wp-json\/wp\/v2\/tags?post=13358"}],"curies":[{"name":"wp","href":"https:\/\/api.w.org\/{rel}","templated":true}]}}