{"id":13378,"date":"2015-08-13T09:00:48","date_gmt":"2015-08-13T12:00:48","guid":{"rendered":"http:\/\/patagoniambiental.com.ar\/?p=13378"},"modified":"2015-08-13T09:00:48","modified_gmt":"2015-08-13T12:00:48","slug":"mientras-filma-en-ushuaia-di-caprio-se-entrevisto-con-cientificos-argentinos","status":"publish","type":"post","link":"https:\/\/patagoniambiental.com.ar\/info\/mientras-filma-en-ushuaia-di-caprio-se-entrevisto-con-cientificos-argentinos\/","title":{"rendered":"Mientras filma en Ushuaia, Di Caprio se entrevist\u00f3 con cient\u00edficos argentinos"},"content":{"rendered":"<p><strong>Ushuaia.-Cambio clim\u00e1tico. <\/strong>El actor estadounidense visit\u00f3 el Centro Austral de Investigaciones Cient\u00edficas (CADIC) del Conicet. \u00abNunca nos hizo sentir su condici\u00f3n de celebridad\u00bb, dijo uno de ellos.<!--more--><\/p>\n<p class=\"first-paragraph\">El actor estadounidense Leonardo DiCaprio entrevist\u00f3 durante cinco horas a cient\u00edficos argentinos en su reciente paso por la ciudad de Ushuaia, en Tierra del Fuego, donde se film\u00f3 la parte final de la pel\u00edcula \u00abThe Revenant\u00bb, dirigida por el cineasta mexicano Alejandro Gonz\u00e1lez I\u00f1\u00e1rritu.<\/p>\n<p>El protagonista de \u00abTitanic\u00bb aprovech\u00f3 su estad\u00eda en \u00abel Fin del Mundo\u00bb para grabar escenas de un documental sobre cambio clim\u00e1tico, que produce su fundaci\u00f3n, interesada en temas ambientales a escala global.<\/p>\n<p><a href=\"http:\/\/www.clarin.com\/extrashow\/fama\/DiCaprio-llego-Ushuaia-filmar-nieve_0_1403259830.html\">DiCaprio lleg\u00f3 a Ushuaia para filmar en la nieve<\/a><\/p>\n<p>DiCaprio hizo alquilar un catamar\u00e1n el pasado viernes 7 y mientras navegaba por el Canal Beagle, entre el mediod\u00eda y las cinco de la tarde, les realiz\u00f3 reportajes a por lo menos tres investigadores del Centro Austral de Investigaciones Cient\u00edficas (CADIC), dependiente del CONICET, confirmaron distintas fuentes allegadas al episodio.<\/p>\n<p>Uno de los cient\u00edficos entrevistados por el actor fue el propio director del CADIC, el ge\u00f3logo Jorge Rabassa, mientras que los otros fueron el bi\u00f3logo Adri\u00e1n Schiavini y la arque\u00f3loga M\u00f3nica Salemme.<\/p>\n<p>\u00abFueron cinco horas de entrevista, en varias tomas, y en un clima que en nada difiere del que se genera en cualquier nota period\u00edstica. Si hay algo para destacar es que nunca nos hizo sentir su condici\u00f3n de celebridad o de actor famoso\u00bb, remarc\u00f3 Schiavini.<\/p>\n<p>El doctor en biolog\u00eda e investigador principal del CONICET defini\u00f3 al reportaje como \u00abuna charla natural\u00bb, aunque precedida por \u00abuna serie de medidas de discreci\u00f3n, que se adoptaron por su caracter\u00edstica de persona tan reconocida\u00bb.<\/p>\n<p>El catamar\u00e1n que parti\u00f3 del puerto de Ushuaia recorri\u00f3 varios de los sitios caracter\u00edsticos de visita para los turistas que contratan la excursi\u00f3n en la ciudad.<\/p>\n<p>El equipo de producci\u00f3n aprovech\u00f3 para filmar en detalle las colonias de aves y animales mam\u00edferos de la zona, con la idea de \u00abmostrar los efectos del cambio clim\u00e1tico en el ambiente austral, tanto en la flora como en la fauna\u00bb, resumi\u00f3 Schiavini.<\/p>\n<p>\u00abComo \u00e9l ven\u00eda de estar en Canad\u00e1 y en el \u00c1rtico, la idea era contrastar esa experiencia con lo que ocurre en latitudes tan opuestas del mundo, aunque al final terminamos hablando de otros temas ambientales, como el monocultivo de soja o el fracking (la t\u00e9cnica para incrementar la extracci\u00f3n de gas y petr\u00f3leo)\u00bb, agreg\u00f3 el cient\u00edfico.<\/p>\n<p>Seg\u00fan los investigadores, Di Caprio no es ning\u00fan improvisado en asuntos ambientales y, por el contrario, cont\u00f3 que en otra etapa de su vida hab\u00eda querido ser bi\u00f3logo.<\/p>\n<p>\u00abConoc\u00eda muy bien temas como la evoluci\u00f3n de la fauna prehist\u00f3rica de Am\u00e9rica, y estaba muy al tanto de lo que preguntaba. Incluso sab\u00eda de cuestiones como el incremento de emisiones de metano en los oc\u00e9anos derivado de la temperatura. No se mostr\u00f3 de ning\u00fan modo como un analfabeto en cuestiones ambientales\u00bb, remarc\u00f3 el investigador del CADIC.<\/p>\n<p>La entrevista que realiz\u00f3 el actor sobre calentamiento de la Tierra incluy\u00f3 desde el derretimiento de los glaciares hasta el efecto del aumento de las temperaturas sobre la fauna de la zona, pasando por la interrelaci\u00f3n con el ambiente que mantuvieron los primitivos pobladores de Tierra del Fuego.<\/p>\n<p>\u00abEn general coincidimos con \u00e9l en que, aunque el cambio clim\u00e1tico se produzca por un efecto natural, y no por la actividad del hombre, es innegable que el hombre ha acelerado el proceso, con lo que no se pueden negar las responsabilidades humanas por la emisi\u00f3n de gases invernadero\u00bb, se\u00f1al\u00f3 el cient\u00edfico.<\/p>\n<p>La filmaci\u00f3n del documental de DiCaprio se hizo p\u00fablica luego de que circulara por Internet una foto suya en el catamar\u00e1n, en la que de fondo se ve\u00eda a uno de los investigadores argentinos.<\/p>\n<p>Schiavini dijo que en las horas que convivieron en la embarcaci\u00f3n \u00abs\u00f3lo se habl\u00f3 de ciencia\u00bb y que una vez regresados al puerto, el actor y los productores se dirigieron de inmediato al aeropuerto porque ten\u00edan que abordar el avi\u00f3n para dejar la ciudad.<\/p>\n<p>Di Caprio hab\u00eda llegado a Ushuaia el 31 de julio a bordo de un jet privado Bombardier Global Express (matr\u00edcula 9H VJA) en compa\u00f1\u00eda de otras cuatro personas, incluida su madre, precisaron fuentes aeroportuarias.<\/p>\n<p>La pel\u00edcula \u00abThe revenant\u00bb narra la historia de un hombre abandonado por un grupo de exploradores tras sufrir el ataque de un oso y est\u00e1 basada en un hecho real.<\/p>\n<p>El filme protagonizado por Di Caprio y Tom Hardy se rod\u00f3 casi en forma \u00edntegra en Canad\u00e1, pero la falta de nieve oblig\u00f3 a la producci\u00f3n a buscar paisajes similares y despu\u00e9s de varias posibilidades se opt\u00f3 por concluir el trabajo en el sur argentino.<\/p>\n<p>El gobierno fueguino, que declar\u00f3 a la filmaci\u00f3n \u00abde inter\u00e9s provincial\u00bb, colabor\u00f3 en la selecci\u00f3n de las locaciones y en la identificaci\u00f3n del sitio donde se rodaron las escenas principales, situado sobre una de las m\u00e1rgenes del R\u00edo Olivia, a pocos kil\u00f3metros de Ushuaia, sobre la ruta Nacional 3.<\/p>\n<p>Fuente: T\u00e9lam<\/p>\n<div class=\"clear\"><\/div>\n<p>&nbsp;<\/p>\n","protected":false},"excerpt":{"rendered":"<p>Ushuaia.-Cambio clim\u00e1tico. El actor estadounidense visit\u00f3 el Centro Austral de Investigaciones Cient\u00edficas (CADIC) del Conicet. \u00abNunca nos hizo sentir su [&hellip;]<\/p>\n","protected":false},"author":2,"featured_media":13379,"comment_status":"closed","ping_status":"closed","sticky":false,"template":"","format":"standard","meta":{"site-sidebar-layout":"default","site-content-layout":"","ast-site-content-layout":"default","site-content-style":"default","site-sidebar-style":"default","ast-global-header-display":"","ast-banner-title-visibility":"","ast-main-header-display":"","ast-hfb-above-header-display":"","ast-hfb-below-header-display":"","ast-hfb-mobile-header-display":"","site-post-title":"","ast-breadcrumbs-content":"","ast-featured-img":"","footer-sml-layout":"","ast-disable-related-posts":"","theme-transparent-header-meta":"","adv-header-id-meta":"","stick-header-meta":"","header-above-stick-meta":"","header-main-stick-meta":"","header-below-stick-meta":"","astra-migrate-meta-layouts":"default","ast-page-background-enabled":"default","ast-page-background-meta":{"desktop":{"background-color":"var(--ast-global-color-5)","background-image":"","background-repeat":"repeat","background-position":"center center","background-size":"auto","background-attachment":"scroll","background-type":"","background-media":"","overlay-type":"","overlay-color":"","overlay-opacity":"","overlay-gradient":""},"tablet":{"background-color":"","background-image":"","background-repeat":"repeat","background-position":"center center","background-size":"auto","background-attachment":"scroll","background-type":"","background-media":"","overlay-type":"","overlay-color":"","overlay-opacity":"","overlay-gradient":""},"mobile":{"background-color":"","background-image":"","background-repeat":"repeat","background-position":"center center","background-size":"auto","background-attachment":"scroll","background-type":"","background-media":"","overlay-type":"","overlay-color":"","overlay-opacity":"","overlay-gradient":""}},"ast-content-background-meta":{"desktop":{"background-color":"var(--ast-global-color-4)","background-image":"","background-repeat":"repeat","background-position":"center center","background-size":"auto","background-attachment":"scroll","background-type":"","background-media":"","overlay-type":"","overlay-color":"","overlay-opacity":"","overlay-gradient":""},"tablet":{"background-color":"var(--ast-global-color-4)","background-image":"","background-repeat":"repeat","background-position":"center center","background-size":"auto","background-attachment":"scroll","background-type":"","background-media":"","overlay-type":"","overlay-color":"","overlay-opacity":"","overlay-gradient":""},"mobile":{"background-color":"var(--ast-global-color-4)","background-image":"","background-repeat":"repeat","background-position":"center center","background-size":"auto","background-attachment":"scroll","background-type":"","background-media":"","overlay-type":"","overlay-color":"","overlay-opacity":"","overlay-gradient":""}},"footnotes":""},"categories":[1,13,25],"tags":[],"class_list":["post-13378","post","type-post","status-publish","format-standard","has-post-thumbnail","hentry","category-noticias","category-provinciales","category-tierra-del-fuego"],"yoast_head":"<!-- This site is optimized with the Yoast SEO Premium plugin v23.0 (Yoast SEO v27.4) - https:\/\/yoast.com\/product\/yoast-seo-premium-wordpress\/ -->\n<title>Mientras filma en Ushuaia, Di Caprio se entrevist\u00f3 con cient\u00edficos argentinos<\/title>\n<meta name=\"robots\" content=\"index, follow, max-snippet:-1, max-image-preview:large, max-video-preview:-1\" \/>\n<link rel=\"canonical\" href=\"https:\/\/patagoniambiental.com.ar\/info\/mientras-filma-en-ushuaia-di-caprio-se-entrevisto-con-cientificos-argentinos\/\" \/>\n<meta property=\"og:locale\" content=\"es_ES\" \/>\n<meta property=\"og:type\" content=\"article\" \/>\n<meta property=\"og:title\" content=\"Mientras filma en Ushuaia, Di Caprio se entrevist\u00f3 con cient\u00edficos argentinos\" \/>\n<meta property=\"og:description\" content=\"Ushuaia.-Cambio clim\u00e1tico. El actor estadounidense visit\u00f3 el Centro Austral de Investigaciones Cient\u00edficas (CADIC) del Conicet. \u00abNunca nos hizo sentir su [&hellip;]\" \/>\n<meta property=\"og:url\" content=\"https:\/\/patagoniambiental.com.ar\/info\/mientras-filma-en-ushuaia-di-caprio-se-entrevisto-con-cientificos-argentinos\/\" \/>\n<meta property=\"og:site_name\" content=\"Patagonia Ambiental\" \/>\n<meta property=\"article:publisher\" content=\"https:\/\/www.facebook.com\/patagonia.ambiental\" \/>\n<meta property=\"article:author\" content=\"https:\/\/www.facebook.com\/share\/1C1V8Gv9BX\/?mibextid=qi2Omg\" \/>\n<meta property=\"article:published_time\" content=\"2015-08-13T12:00:48+00:00\" \/>\n<meta name=\"author\" content=\"Patagonia Ambiental\" \/>\n<meta name=\"twitter:card\" content=\"summary_large_image\" \/>\n<meta name=\"twitter:creator\" content=\"@PatAmb\" \/>\n<meta name=\"twitter:site\" content=\"@PatAmb\" \/>\n<script type=\"application\/ld+json\" class=\"yoast-schema-graph\">{\"@context\":\"https:\\\/\\\/schema.org\",\"@graph\":[{\"@type\":\"Article\",\"@id\":\"https:\\\/\\\/patagoniambiental.com.ar\\\/info\\\/mientras-filma-en-ushuaia-di-caprio-se-entrevisto-con-cientificos-argentinos\\\/#article\",\"isPartOf\":{\"@id\":\"https:\\\/\\\/patagoniambiental.com.ar\\\/info\\\/mientras-filma-en-ushuaia-di-caprio-se-entrevisto-con-cientificos-argentinos\\\/\"},\"author\":{\"name\":\"Patagonia Ambiental\",\"@id\":\"https:\\\/\\\/patagoniambiental.com.ar\\\/info\\\/#\\\/schema\\\/person\\\/db12bff64bbcbf6a253710bf0ea37b5d\"},\"headline\":\"Mientras filma en Ushuaia, Di Caprio se entrevist\u00f3 con cient\u00edficos argentinos\",\"datePublished\":\"2015-08-13T12:00:48+00:00\",\"mainEntityOfPage\":{\"@id\":\"https:\\\/\\\/patagoniambiental.com.ar\\\/info\\\/mientras-filma-en-ushuaia-di-caprio-se-entrevisto-con-cientificos-argentinos\\\/\"},\"wordCount\":907,\"publisher\":{\"@id\":\"https:\\\/\\\/patagoniambiental.com.ar\\\/info\\\/#organization\"},\"image\":{\"@id\":\"https:\\\/\\\/patagoniambiental.com.ar\\\/info\\\/mientras-filma-en-ushuaia-di-caprio-se-entrevisto-con-cientificos-argentinos\\\/#primaryimage\"},\"thumbnailUrl\":\"\",\"articleSection\":[\"Noticias\",\"Provinciales\",\"Tierra del Fuego\"],\"inLanguage\":\"es\"},{\"@type\":\"WebPage\",\"@id\":\"https:\\\/\\\/patagoniambiental.com.ar\\\/info\\\/mientras-filma-en-ushuaia-di-caprio-se-entrevisto-con-cientificos-argentinos\\\/\",\"url\":\"https:\\\/\\\/patagoniambiental.com.ar\\\/info\\\/mientras-filma-en-ushuaia-di-caprio-se-entrevisto-con-cientificos-argentinos\\\/\",\"name\":\"Mientras filma en Ushuaia, Di Caprio se entrevist\u00f3 con cient\u00edficos argentinos\",\"isPartOf\":{\"@id\":\"https:\\\/\\\/patagoniambiental.com.ar\\\/info\\\/#website\"},\"primaryImageOfPage\":{\"@id\":\"https:\\\/\\\/patagoniambiental.com.ar\\\/info\\\/mientras-filma-en-ushuaia-di-caprio-se-entrevisto-con-cientificos-argentinos\\\/#primaryimage\"},\"image\":{\"@id\":\"https:\\\/\\\/patagoniambiental.com.ar\\\/info\\\/mientras-filma-en-ushuaia-di-caprio-se-entrevisto-con-cientificos-argentinos\\\/#primaryimage\"},\"thumbnailUrl\":\"\",\"datePublished\":\"2015-08-13T12:00:48+00:00\",\"breadcrumb\":{\"@id\":\"https:\\\/\\\/patagoniambiental.com.ar\\\/info\\\/mientras-filma-en-ushuaia-di-caprio-se-entrevisto-con-cientificos-argentinos\\\/#breadcrumb\"},\"inLanguage\":\"es\",\"potentialAction\":[{\"@type\":\"ReadAction\",\"target\":[\"https:\\\/\\\/patagoniambiental.com.ar\\\/info\\\/mientras-filma-en-ushuaia-di-caprio-se-entrevisto-con-cientificos-argentinos\\\/\"]}]},{\"@type\":\"ImageObject\",\"inLanguage\":\"es\",\"@id\":\"https:\\\/\\\/patagoniambiental.com.ar\\\/info\\\/mientras-filma-en-ushuaia-di-caprio-se-entrevisto-con-cientificos-argentinos\\\/#primaryimage\",\"url\":\"\",\"contentUrl\":\"\"},{\"@type\":\"BreadcrumbList\",\"@id\":\"https:\\\/\\\/patagoniambiental.com.ar\\\/info\\\/mientras-filma-en-ushuaia-di-caprio-se-entrevisto-con-cientificos-argentinos\\\/#breadcrumb\",\"itemListElement\":[{\"@type\":\"ListItem\",\"position\":1,\"name\":\"Inicio\",\"item\":\"https:\\\/\\\/patagoniambiental.com.ar\\\/info\\\/\"},{\"@type\":\"ListItem\",\"position\":2,\"name\":\"Mientras filma en Ushuaia, Di Caprio se entrevist\u00f3 con cient\u00edficos argentinos\"}]},{\"@type\":\"WebSite\",\"@id\":\"https:\\\/\\\/patagoniambiental.com.ar\\\/info\\\/#website\",\"url\":\"https:\\\/\\\/patagoniambiental.com.ar\\\/info\\\/\",\"name\":\"Patagonia Ambiental\",\"description\":\"Monitoreo y an\u00e1lisis de la situaci\u00f3n geopol\u00edtica en el mundo y su implicancia en la Patagonia\",\"publisher\":{\"@id\":\"https:\\\/\\\/patagoniambiental.com.ar\\\/info\\\/#organization\"},\"potentialAction\":[{\"@type\":\"SearchAction\",\"target\":{\"@type\":\"EntryPoint\",\"urlTemplate\":\"https:\\\/\\\/patagoniambiental.com.ar\\\/info\\\/?s={search_term_string}\"},\"query-input\":{\"@type\":\"PropertyValueSpecification\",\"valueRequired\":true,\"valueName\":\"search_term_string\"}}],\"inLanguage\":\"es\"},{\"@type\":\"Organization\",\"@id\":\"https:\\\/\\\/patagoniambiental.com.ar\\\/info\\\/#organization\",\"name\":\"Patagonia Ambiental\",\"url\":\"https:\\\/\\\/patagoniambiental.com.ar\\\/info\\\/\",\"logo\":{\"@type\":\"ImageObject\",\"inLanguage\":\"es\",\"@id\":\"https:\\\/\\\/patagoniambiental.com.ar\\\/info\\\/#\\\/schema\\\/logo\\\/image\\\/\",\"url\":\"https:\\\/\\\/patagoniambiental.com.ar\\\/info\\\/wp-content\\\/uploads\\\/2025\\\/05\\\/LOGO-PATAGONIA-AMBIENTAL.png\",\"contentUrl\":\"https:\\\/\\\/patagoniambiental.com.ar\\\/info\\\/wp-content\\\/uploads\\\/2025\\\/05\\\/LOGO-PATAGONIA-AMBIENTAL.png\",\"width\":433,\"height\":250,\"caption\":\"Patagonia Ambiental\"},\"image\":{\"@id\":\"https:\\\/\\\/patagoniambiental.com.ar\\\/info\\\/#\\\/schema\\\/logo\\\/image\\\/\"},\"sameAs\":[\"https:\\\/\\\/www.facebook.com\\\/patagonia.ambiental\",\"https:\\\/\\\/x.com\\\/PatAmb\"]},{\"@type\":\"Person\",\"@id\":\"https:\\\/\\\/patagoniambiental.com.ar\\\/info\\\/#\\\/schema\\\/person\\\/db12bff64bbcbf6a253710bf0ea37b5d\",\"name\":\"Patagonia Ambiental\",\"description\":\"Andr\u00e9s Nievas T\u00e9cnico en manejo ambiental, consultor Ambiental y escritor para medios locales e internacionales sobre temas de geopolitica y medio ambiente.\",\"sameAs\":[\"http:\\\/\\\/www.patagoniambiental.com.ar\",\"https:\\\/\\\/www.facebook.com\\\/share\\\/1C1V8Gv9BX\\\/?mibextid=qi2Omg\",\"@patagoniambiental\",\"https:\\\/\\\/youtube.com\\\/@patagoniaambiental2023?si=BLt58t0wuXquxlYZ\"]}]}<\/script>\n<!-- \/ Yoast SEO Premium plugin. -->","yoast_head_json":{"title":"Mientras filma en Ushuaia, Di Caprio se entrevist\u00f3 con cient\u00edficos argentinos","robots":{"index":"index","follow":"follow","max-snippet":"max-snippet:-1","max-image-preview":"max-image-preview:large","max-video-preview":"max-video-preview:-1"},"canonical":"https:\/\/patagoniambiental.com.ar\/info\/mientras-filma-en-ushuaia-di-caprio-se-entrevisto-con-cientificos-argentinos\/","og_locale":"es_ES","og_type":"article","og_title":"Mientras filma en Ushuaia, Di Caprio se entrevist\u00f3 con cient\u00edficos argentinos","og_description":"Ushuaia.-Cambio clim\u00e1tico. El actor estadounidense visit\u00f3 el Centro Austral de Investigaciones Cient\u00edficas (CADIC) del Conicet. \u00abNunca nos hizo sentir su [&hellip;]","og_url":"https:\/\/patagoniambiental.com.ar\/info\/mientras-filma-en-ushuaia-di-caprio-se-entrevisto-con-cientificos-argentinos\/","og_site_name":"Patagonia Ambiental","article_publisher":"https:\/\/www.facebook.com\/patagonia.ambiental","article_author":"https:\/\/www.facebook.com\/share\/1C1V8Gv9BX\/?mibextid=qi2Omg","article_published_time":"2015-08-13T12:00:48+00:00","author":"Patagonia Ambiental","twitter_card":"summary_large_image","twitter_creator":"@PatAmb","twitter_site":"@PatAmb","schema":{"@context":"https:\/\/schema.org","@graph":[{"@type":"Article","@id":"https:\/\/patagoniambiental.com.ar\/info\/mientras-filma-en-ushuaia-di-caprio-se-entrevisto-con-cientificos-argentinos\/#article","isPartOf":{"@id":"https:\/\/patagoniambiental.com.ar\/info\/mientras-filma-en-ushuaia-di-caprio-se-entrevisto-con-cientificos-argentinos\/"},"author":{"name":"Patagonia Ambiental","@id":"https:\/\/patagoniambiental.com.ar\/info\/#\/schema\/person\/db12bff64bbcbf6a253710bf0ea37b5d"},"headline":"Mientras filma en Ushuaia, Di Caprio se entrevist\u00f3 con cient\u00edficos argentinos","datePublished":"2015-08-13T12:00:48+00:00","mainEntityOfPage":{"@id":"https:\/\/patagoniambiental.com.ar\/info\/mientras-filma-en-ushuaia-di-caprio-se-entrevisto-con-cientificos-argentinos\/"},"wordCount":907,"publisher":{"@id":"https:\/\/patagoniambiental.com.ar\/info\/#organization"},"image":{"@id":"https:\/\/patagoniambiental.com.ar\/info\/mientras-filma-en-ushuaia-di-caprio-se-entrevisto-con-cientificos-argentinos\/#primaryimage"},"thumbnailUrl":"","articleSection":["Noticias","Provinciales","Tierra del Fuego"],"inLanguage":"es"},{"@type":"WebPage","@id":"https:\/\/patagoniambiental.com.ar\/info\/mientras-filma-en-ushuaia-di-caprio-se-entrevisto-con-cientificos-argentinos\/","url":"https:\/\/patagoniambiental.com.ar\/info\/mientras-filma-en-ushuaia-di-caprio-se-entrevisto-con-cientificos-argentinos\/","name":"Mientras filma en Ushuaia, Di Caprio se entrevist\u00f3 con cient\u00edficos argentinos","isPartOf":{"@id":"https:\/\/patagoniambiental.com.ar\/info\/#website"},"primaryImageOfPage":{"@id":"https:\/\/patagoniambiental.com.ar\/info\/mientras-filma-en-ushuaia-di-caprio-se-entrevisto-con-cientificos-argentinos\/#primaryimage"},"image":{"@id":"https:\/\/patagoniambiental.com.ar\/info\/mientras-filma-en-ushuaia-di-caprio-se-entrevisto-con-cientificos-argentinos\/#primaryimage"},"thumbnailUrl":"","datePublished":"2015-08-13T12:00:48+00:00","breadcrumb":{"@id":"https:\/\/patagoniambiental.com.ar\/info\/mientras-filma-en-ushuaia-di-caprio-se-entrevisto-con-cientificos-argentinos\/#breadcrumb"},"inLanguage":"es","potentialAction":[{"@type":"ReadAction","target":["https:\/\/patagoniambiental.com.ar\/info\/mientras-filma-en-ushuaia-di-caprio-se-entrevisto-con-cientificos-argentinos\/"]}]},{"@type":"ImageObject","inLanguage":"es","@id":"https:\/\/patagoniambiental.com.ar\/info\/mientras-filma-en-ushuaia-di-caprio-se-entrevisto-con-cientificos-argentinos\/#primaryimage","url":"","contentUrl":""},{"@type":"BreadcrumbList","@id":"https:\/\/patagoniambiental.com.ar\/info\/mientras-filma-en-ushuaia-di-caprio-se-entrevisto-con-cientificos-argentinos\/#breadcrumb","itemListElement":[{"@type":"ListItem","position":1,"name":"Inicio","item":"https:\/\/patagoniambiental.com.ar\/info\/"},{"@type":"ListItem","position":2,"name":"Mientras filma en Ushuaia, Di Caprio se entrevist\u00f3 con cient\u00edficos argentinos"}]},{"@type":"WebSite","@id":"https:\/\/patagoniambiental.com.ar\/info\/#website","url":"https:\/\/patagoniambiental.com.ar\/info\/","name":"Patagonia Ambiental","description":"Monitoreo y an\u00e1lisis de la situaci\u00f3n geopol\u00edtica en el mundo y su implicancia en la Patagonia","publisher":{"@id":"https:\/\/patagoniambiental.com.ar\/info\/#organization"},"potentialAction":[{"@type":"SearchAction","target":{"@type":"EntryPoint","urlTemplate":"https:\/\/patagoniambiental.com.ar\/info\/?s={search_term_string}"},"query-input":{"@type":"PropertyValueSpecification","valueRequired":true,"valueName":"search_term_string"}}],"inLanguage":"es"},{"@type":"Organization","@id":"https:\/\/patagoniambiental.com.ar\/info\/#organization","name":"Patagonia Ambiental","url":"https:\/\/patagoniambiental.com.ar\/info\/","logo":{"@type":"ImageObject","inLanguage":"es","@id":"https:\/\/patagoniambiental.com.ar\/info\/#\/schema\/logo\/image\/","url":"https:\/\/patagoniambiental.com.ar\/info\/wp-content\/uploads\/2025\/05\/LOGO-PATAGONIA-AMBIENTAL.png","contentUrl":"https:\/\/patagoniambiental.com.ar\/info\/wp-content\/uploads\/2025\/05\/LOGO-PATAGONIA-AMBIENTAL.png","width":433,"height":250,"caption":"Patagonia Ambiental"},"image":{"@id":"https:\/\/patagoniambiental.com.ar\/info\/#\/schema\/logo\/image\/"},"sameAs":["https:\/\/www.facebook.com\/patagonia.ambiental","https:\/\/x.com\/PatAmb"]},{"@type":"Person","@id":"https:\/\/patagoniambiental.com.ar\/info\/#\/schema\/person\/db12bff64bbcbf6a253710bf0ea37b5d","name":"Patagonia Ambiental","description":"Andr\u00e9s Nievas T\u00e9cnico en manejo ambiental, consultor Ambiental y escritor para medios locales e internacionales sobre temas de geopolitica y medio ambiente.","sameAs":["http:\/\/www.patagoniambiental.com.ar","https:\/\/www.facebook.com\/share\/1C1V8Gv9BX\/?mibextid=qi2Omg","@patagoniambiental","https:\/\/youtube.com\/@patagoniaambiental2023?si=BLt58t0wuXquxlYZ"]}]}},"_links":{"self":[{"href":"https:\/\/patagoniambiental.com.ar\/info\/wp-json\/wp\/v2\/posts\/13378","targetHints":{"allow":["GET"]}}],"collection":[{"href":"https:\/\/patagoniambiental.com.ar\/info\/wp-json\/wp\/v2\/posts"}],"about":[{"href":"https:\/\/patagoniambiental.com.ar\/info\/wp-json\/wp\/v2\/types\/post"}],"author":[{"embeddable":true,"href":"https:\/\/patagoniambiental.com.ar\/info\/wp-json\/wp\/v2\/users\/2"}],"replies":[{"embeddable":true,"href":"https:\/\/patagoniambiental.com.ar\/info\/wp-json\/wp\/v2\/comments?post=13378"}],"version-history":[{"count":0,"href":"https:\/\/patagoniambiental.com.ar\/info\/wp-json\/wp\/v2\/posts\/13378\/revisions"}],"wp:featuredmedia":[{"embeddable":true,"href":"https:\/\/patagoniambiental.com.ar\/info\/wp-json\/"}],"wp:attachment":[{"href":"https:\/\/patagoniambiental.com.ar\/info\/wp-json\/wp\/v2\/media?parent=13378"}],"wp:term":[{"taxonomy":"category","embeddable":true,"href":"https:\/\/patagoniambiental.com.ar\/info\/wp-json\/wp\/v2\/categories?post=13378"},{"taxonomy":"post_tag","embeddable":true,"href":"https:\/\/patagoniambiental.com.ar\/info\/wp-json\/wp\/v2\/tags?post=13378"}],"curies":[{"name":"wp","href":"https:\/\/api.w.org\/{rel}","templated":true}]}}