{"id":13414,"date":"2015-08-15T09:00:28","date_gmt":"2015-08-15T12:00:28","guid":{"rendered":"http:\/\/patagoniambiental.com.ar\/?p=13414"},"modified":"2015-08-15T09:00:28","modified_gmt":"2015-08-15T12:00:28","slug":"la-ministra-giachino-y-armando-capo-analizaron-politicas-turisticas-para-dina-huapi","status":"publish","type":"post","link":"https:\/\/patagoniambiental.com.ar\/info\/la-ministra-giachino-y-armando-capo-analizaron-politicas-turisticas-para-dina-huapi\/","title":{"rendered":"La ministra Giachino y Armando Cap\u00f3 analizaron pol\u00edticas tur\u00edsticas para Dina Huapi"},"content":{"rendered":"<p>Dina Huapi.-La ministra de Turismo, Cultura y Deporte, Mariana Giachino y el candidato a intendente por el MPDH Armando Cap\u00f3, se reunieron en Dina Huapi para evaluar distintos proyectos tur\u00edsticos, deportivos y culturales.<!--more--> Durante la visita Giachino acord\u00f3 acompa\u00f1ar a Cap\u00f3 durante su gesti\u00f3n en la promoci\u00f3n de Dina Huapi como destino tur\u00edstico.<\/p>\n<p>El encuentro se produjo en el local partidario que el Movimiento Popular Dina Huapi tiene en esa localidad, desde donde, adem\u00e1s, aprovecharon la oportunidad para recorrer las inmediaciones del Centro de Informes Tur\u00edsticos y otras \u00e1reas de inter\u00e9s de la ciudad.<\/p>\n<p>Dentro de las propuestas de Gobierno que lleva el Movimiento Popular Dina Huapi Cap\u00f3 transmiti\u00f3 su inter\u00e9s en poder generar proyectos tur\u00edsticos sustentables que incluyan a la poblaci\u00f3n local en las actividades econ\u00f3micas y que adem\u00e1s preserven los recursos naturales y culturales. \u00abDina Huapi tiene que ser el portal tur\u00edstico de la Provincia y la Regi\u00f3n de los lagos para que se aprovechen todos sus potenciales\u00bb, dijo Cap\u00f3.<\/p>\n<p>Por su parte, Giachino coincidi\u00f3 con Cap\u00f3 en que \u00ablas pol\u00edticas culturales y deportivas est\u00e1n en consonancia con el turismo, por lo que es importante tener ideas integradas\u00bb.<\/p>\n<p>Fuente: Ministerio de Turismo, Cultura y Deportes<\/p>\n","protected":false},"excerpt":{"rendered":"<p>Dina Huapi.-La ministra de Turismo, Cultura y Deporte, Mariana Giachino y el candidato a intendente por el MPDH Armando Cap\u00f3, [&hellip;]<\/p>\n","protected":false},"author":2,"featured_media":13415,"comment_status":"closed","ping_status":"closed","sticky":false,"template":"","format":"standard","meta":{"site-sidebar-layout":"default","site-content-layout":"","ast-site-content-layout":"default","site-content-style":"default","site-sidebar-style":"default","ast-global-header-display":"","ast-banner-title-visibility":"","ast-main-header-display":"","ast-hfb-above-header-display":"","ast-hfb-below-header-display":"","ast-hfb-mobile-header-display":"","site-post-title":"","ast-breadcrumbs-content":"","ast-featured-img":"","footer-sml-layout":"","ast-disable-related-posts":"","theme-transparent-header-meta":"","adv-header-id-meta":"","stick-header-meta":"","header-above-stick-meta":"","header-main-stick-meta":"","header-below-stick-meta":"","astra-migrate-meta-layouts":"default","ast-page-background-enabled":"default","ast-page-background-meta":{"desktop":{"background-color":"var(--ast-global-color-5)","background-image":"","background-repeat":"repeat","background-position":"center center","background-size":"auto","background-attachment":"scroll","background-type":"","background-media":"","overlay-type":"","overlay-color":"","overlay-opacity":"","overlay-gradient":""},"tablet":{"background-color":"","background-image":"","background-repeat":"repeat","background-position":"center center","background-size":"auto","background-attachment":"scroll","background-type":"","background-media":"","overlay-type":"","overlay-color":"","overlay-opacity":"","overlay-gradient":""},"mobile":{"background-color":"","background-image":"","background-repeat":"repeat","background-position":"center center","background-size":"auto","background-attachment":"scroll","background-type":"","background-media":"","overlay-type":"","overlay-color":"","overlay-opacity":"","overlay-gradient":""}},"ast-content-background-meta":{"desktop":{"background-color":"var(--ast-global-color-4)","background-image":"","background-repeat":"repeat","background-position":"center center","background-size":"auto","background-attachment":"scroll","background-type":"","background-media":"","overlay-type":"","overlay-color":"","overlay-opacity":"","overlay-gradient":""},"tablet":{"background-color":"var(--ast-global-color-4)","background-image":"","background-repeat":"repeat","background-position":"center center","background-size":"auto","background-attachment":"scroll","background-type":"","background-media":"","overlay-type":"","overlay-color":"","overlay-opacity":"","overlay-gradient":""},"mobile":{"background-color":"var(--ast-global-color-4)","background-image":"","background-repeat":"repeat","background-position":"center center","background-size":"auto","background-attachment":"scroll","background-type":"","background-media":"","overlay-type":"","overlay-color":"","overlay-opacity":"","overlay-gradient":""}},"footnotes":""},"categories":[1,13,14],"tags":[],"class_list":["post-13414","post","type-post","status-publish","format-standard","has-post-thumbnail","hentry","category-noticias","category-provinciales","category-rio-negro"],"yoast_head":"<!-- This site is optimized with the Yoast SEO Premium plugin v23.0 (Yoast SEO v27.4) - https:\/\/yoast.com\/product\/yoast-seo-premium-wordpress\/ -->\n<title>La ministra Giachino y Armando Cap\u00f3 analizaron pol\u00edticas tur\u00edsticas para Dina Huapi<\/title>\n<meta name=\"robots\" content=\"index, follow, max-snippet:-1, max-image-preview:large, max-video-preview:-1\" \/>\n<link rel=\"canonical\" href=\"https:\/\/patagoniambiental.com.ar\/info\/la-ministra-giachino-y-armando-capo-analizaron-politicas-turisticas-para-dina-huapi\/\" \/>\n<meta property=\"og:locale\" content=\"es_ES\" \/>\n<meta property=\"og:type\" content=\"article\" \/>\n<meta property=\"og:title\" content=\"La ministra Giachino y Armando Cap\u00f3 analizaron pol\u00edticas tur\u00edsticas para Dina Huapi\" \/>\n<meta property=\"og:description\" content=\"Dina Huapi.-La ministra de Turismo, Cultura y Deporte, Mariana Giachino y el candidato a intendente por el MPDH Armando Cap\u00f3, [&hellip;]\" \/>\n<meta property=\"og:url\" content=\"https:\/\/patagoniambiental.com.ar\/info\/la-ministra-giachino-y-armando-capo-analizaron-politicas-turisticas-para-dina-huapi\/\" \/>\n<meta property=\"og:site_name\" content=\"Patagonia Ambiental\" \/>\n<meta property=\"article:publisher\" content=\"https:\/\/www.facebook.com\/patagonia.ambiental\" \/>\n<meta property=\"article:author\" content=\"https:\/\/www.facebook.com\/share\/1C1V8Gv9BX\/?mibextid=qi2Omg\" \/>\n<meta property=\"article:published_time\" content=\"2015-08-15T12:00:28+00:00\" \/>\n<meta name=\"author\" content=\"Patagonia Ambiental\" \/>\n<meta name=\"twitter:card\" content=\"summary_large_image\" \/>\n<meta name=\"twitter:creator\" content=\"@PatAmb\" \/>\n<meta name=\"twitter:site\" content=\"@PatAmb\" \/>\n<script type=\"application\/ld+json\" class=\"yoast-schema-graph\">{\"@context\":\"https:\\\/\\\/schema.org\",\"@graph\":[{\"@type\":\"Article\",\"@id\":\"https:\\\/\\\/patagoniambiental.com.ar\\\/info\\\/la-ministra-giachino-y-armando-capo-analizaron-politicas-turisticas-para-dina-huapi\\\/#article\",\"isPartOf\":{\"@id\":\"https:\\\/\\\/patagoniambiental.com.ar\\\/info\\\/la-ministra-giachino-y-armando-capo-analizaron-politicas-turisticas-para-dina-huapi\\\/\"},\"author\":{\"name\":\"Patagonia Ambiental\",\"@id\":\"https:\\\/\\\/patagoniambiental.com.ar\\\/info\\\/#\\\/schema\\\/person\\\/db12bff64bbcbf6a253710bf0ea37b5d\"},\"headline\":\"La ministra Giachino y Armando Cap\u00f3 analizaron pol\u00edticas tur\u00edsticas para Dina Huapi\",\"datePublished\":\"2015-08-15T12:00:28+00:00\",\"mainEntityOfPage\":{\"@id\":\"https:\\\/\\\/patagoniambiental.com.ar\\\/info\\\/la-ministra-giachino-y-armando-capo-analizaron-politicas-turisticas-para-dina-huapi\\\/\"},\"wordCount\":229,\"publisher\":{\"@id\":\"https:\\\/\\\/patagoniambiental.com.ar\\\/info\\\/#organization\"},\"image\":{\"@id\":\"https:\\\/\\\/patagoniambiental.com.ar\\\/info\\\/la-ministra-giachino-y-armando-capo-analizaron-politicas-turisticas-para-dina-huapi\\\/#primaryimage\"},\"thumbnailUrl\":\"\",\"articleSection\":[\"Noticias\",\"Provinciales\",\"R\u00edo Negro\"],\"inLanguage\":\"es\"},{\"@type\":\"WebPage\",\"@id\":\"https:\\\/\\\/patagoniambiental.com.ar\\\/info\\\/la-ministra-giachino-y-armando-capo-analizaron-politicas-turisticas-para-dina-huapi\\\/\",\"url\":\"https:\\\/\\\/patagoniambiental.com.ar\\\/info\\\/la-ministra-giachino-y-armando-capo-analizaron-politicas-turisticas-para-dina-huapi\\\/\",\"name\":\"La ministra Giachino y Armando Cap\u00f3 analizaron pol\u00edticas tur\u00edsticas para Dina Huapi\",\"isPartOf\":{\"@id\":\"https:\\\/\\\/patagoniambiental.com.ar\\\/info\\\/#website\"},\"primaryImageOfPage\":{\"@id\":\"https:\\\/\\\/patagoniambiental.com.ar\\\/info\\\/la-ministra-giachino-y-armando-capo-analizaron-politicas-turisticas-para-dina-huapi\\\/#primaryimage\"},\"image\":{\"@id\":\"https:\\\/\\\/patagoniambiental.com.ar\\\/info\\\/la-ministra-giachino-y-armando-capo-analizaron-politicas-turisticas-para-dina-huapi\\\/#primaryimage\"},\"thumbnailUrl\":\"\",\"datePublished\":\"2015-08-15T12:00:28+00:00\",\"breadcrumb\":{\"@id\":\"https:\\\/\\\/patagoniambiental.com.ar\\\/info\\\/la-ministra-giachino-y-armando-capo-analizaron-politicas-turisticas-para-dina-huapi\\\/#breadcrumb\"},\"inLanguage\":\"es\",\"potentialAction\":[{\"@type\":\"ReadAction\",\"target\":[\"https:\\\/\\\/patagoniambiental.com.ar\\\/info\\\/la-ministra-giachino-y-armando-capo-analizaron-politicas-turisticas-para-dina-huapi\\\/\"]}]},{\"@type\":\"ImageObject\",\"inLanguage\":\"es\",\"@id\":\"https:\\\/\\\/patagoniambiental.com.ar\\\/info\\\/la-ministra-giachino-y-armando-capo-analizaron-politicas-turisticas-para-dina-huapi\\\/#primaryimage\",\"url\":\"\",\"contentUrl\":\"\"},{\"@type\":\"BreadcrumbList\",\"@id\":\"https:\\\/\\\/patagoniambiental.com.ar\\\/info\\\/la-ministra-giachino-y-armando-capo-analizaron-politicas-turisticas-para-dina-huapi\\\/#breadcrumb\",\"itemListElement\":[{\"@type\":\"ListItem\",\"position\":1,\"name\":\"Inicio\",\"item\":\"https:\\\/\\\/patagoniambiental.com.ar\\\/info\\\/\"},{\"@type\":\"ListItem\",\"position\":2,\"name\":\"La ministra Giachino y Armando Cap\u00f3 analizaron pol\u00edticas tur\u00edsticas para Dina Huapi\"}]},{\"@type\":\"WebSite\",\"@id\":\"https:\\\/\\\/patagoniambiental.com.ar\\\/info\\\/#website\",\"url\":\"https:\\\/\\\/patagoniambiental.com.ar\\\/info\\\/\",\"name\":\"Patagonia Ambiental\",\"description\":\"Monitoreo y an\u00e1lisis de la situaci\u00f3n geopol\u00edtica en el mundo y su implicancia en la Patagonia\",\"publisher\":{\"@id\":\"https:\\\/\\\/patagoniambiental.com.ar\\\/info\\\/#organization\"},\"potentialAction\":[{\"@type\":\"SearchAction\",\"target\":{\"@type\":\"EntryPoint\",\"urlTemplate\":\"https:\\\/\\\/patagoniambiental.com.ar\\\/info\\\/?s={search_term_string}\"},\"query-input\":{\"@type\":\"PropertyValueSpecification\",\"valueRequired\":true,\"valueName\":\"search_term_string\"}}],\"inLanguage\":\"es\"},{\"@type\":\"Organization\",\"@id\":\"https:\\\/\\\/patagoniambiental.com.ar\\\/info\\\/#organization\",\"name\":\"Patagonia Ambiental\",\"url\":\"https:\\\/\\\/patagoniambiental.com.ar\\\/info\\\/\",\"logo\":{\"@type\":\"ImageObject\",\"inLanguage\":\"es\",\"@id\":\"https:\\\/\\\/patagoniambiental.com.ar\\\/info\\\/#\\\/schema\\\/logo\\\/image\\\/\",\"url\":\"https:\\\/\\\/patagoniambiental.com.ar\\\/info\\\/wp-content\\\/uploads\\\/2025\\\/05\\\/LOGO-PATAGONIA-AMBIENTAL.png\",\"contentUrl\":\"https:\\\/\\\/patagoniambiental.com.ar\\\/info\\\/wp-content\\\/uploads\\\/2025\\\/05\\\/LOGO-PATAGONIA-AMBIENTAL.png\",\"width\":433,\"height\":250,\"caption\":\"Patagonia Ambiental\"},\"image\":{\"@id\":\"https:\\\/\\\/patagoniambiental.com.ar\\\/info\\\/#\\\/schema\\\/logo\\\/image\\\/\"},\"sameAs\":[\"https:\\\/\\\/www.facebook.com\\\/patagonia.ambiental\",\"https:\\\/\\\/x.com\\\/PatAmb\"]},{\"@type\":\"Person\",\"@id\":\"https:\\\/\\\/patagoniambiental.com.ar\\\/info\\\/#\\\/schema\\\/person\\\/db12bff64bbcbf6a253710bf0ea37b5d\",\"name\":\"Patagonia Ambiental\",\"description\":\"Andr\u00e9s Nievas T\u00e9cnico en manejo ambiental, consultor Ambiental y escritor para medios locales e internacionales sobre temas de geopolitica y medio ambiente.\",\"sameAs\":[\"http:\\\/\\\/www.patagoniambiental.com.ar\",\"https:\\\/\\\/www.facebook.com\\\/share\\\/1C1V8Gv9BX\\\/?mibextid=qi2Omg\",\"@patagoniambiental\",\"https:\\\/\\\/youtube.com\\\/@patagoniaambiental2023?si=BLt58t0wuXquxlYZ\"]}]}<\/script>\n<!-- \/ Yoast SEO Premium plugin. -->","yoast_head_json":{"title":"La ministra Giachino y Armando Cap\u00f3 analizaron pol\u00edticas tur\u00edsticas para Dina Huapi","robots":{"index":"index","follow":"follow","max-snippet":"max-snippet:-1","max-image-preview":"max-image-preview:large","max-video-preview":"max-video-preview:-1"},"canonical":"https:\/\/patagoniambiental.com.ar\/info\/la-ministra-giachino-y-armando-capo-analizaron-politicas-turisticas-para-dina-huapi\/","og_locale":"es_ES","og_type":"article","og_title":"La ministra Giachino y Armando Cap\u00f3 analizaron pol\u00edticas tur\u00edsticas para Dina Huapi","og_description":"Dina Huapi.-La ministra de Turismo, Cultura y Deporte, Mariana Giachino y el candidato a intendente por el MPDH Armando Cap\u00f3, [&hellip;]","og_url":"https:\/\/patagoniambiental.com.ar\/info\/la-ministra-giachino-y-armando-capo-analizaron-politicas-turisticas-para-dina-huapi\/","og_site_name":"Patagonia Ambiental","article_publisher":"https:\/\/www.facebook.com\/patagonia.ambiental","article_author":"https:\/\/www.facebook.com\/share\/1C1V8Gv9BX\/?mibextid=qi2Omg","article_published_time":"2015-08-15T12:00:28+00:00","author":"Patagonia Ambiental","twitter_card":"summary_large_image","twitter_creator":"@PatAmb","twitter_site":"@PatAmb","schema":{"@context":"https:\/\/schema.org","@graph":[{"@type":"Article","@id":"https:\/\/patagoniambiental.com.ar\/info\/la-ministra-giachino-y-armando-capo-analizaron-politicas-turisticas-para-dina-huapi\/#article","isPartOf":{"@id":"https:\/\/patagoniambiental.com.ar\/info\/la-ministra-giachino-y-armando-capo-analizaron-politicas-turisticas-para-dina-huapi\/"},"author":{"name":"Patagonia Ambiental","@id":"https:\/\/patagoniambiental.com.ar\/info\/#\/schema\/person\/db12bff64bbcbf6a253710bf0ea37b5d"},"headline":"La ministra Giachino y Armando Cap\u00f3 analizaron pol\u00edticas tur\u00edsticas para Dina Huapi","datePublished":"2015-08-15T12:00:28+00:00","mainEntityOfPage":{"@id":"https:\/\/patagoniambiental.com.ar\/info\/la-ministra-giachino-y-armando-capo-analizaron-politicas-turisticas-para-dina-huapi\/"},"wordCount":229,"publisher":{"@id":"https:\/\/patagoniambiental.com.ar\/info\/#organization"},"image":{"@id":"https:\/\/patagoniambiental.com.ar\/info\/la-ministra-giachino-y-armando-capo-analizaron-politicas-turisticas-para-dina-huapi\/#primaryimage"},"thumbnailUrl":"","articleSection":["Noticias","Provinciales","R\u00edo Negro"],"inLanguage":"es"},{"@type":"WebPage","@id":"https:\/\/patagoniambiental.com.ar\/info\/la-ministra-giachino-y-armando-capo-analizaron-politicas-turisticas-para-dina-huapi\/","url":"https:\/\/patagoniambiental.com.ar\/info\/la-ministra-giachino-y-armando-capo-analizaron-politicas-turisticas-para-dina-huapi\/","name":"La ministra Giachino y Armando Cap\u00f3 analizaron pol\u00edticas tur\u00edsticas para Dina Huapi","isPartOf":{"@id":"https:\/\/patagoniambiental.com.ar\/info\/#website"},"primaryImageOfPage":{"@id":"https:\/\/patagoniambiental.com.ar\/info\/la-ministra-giachino-y-armando-capo-analizaron-politicas-turisticas-para-dina-huapi\/#primaryimage"},"image":{"@id":"https:\/\/patagoniambiental.com.ar\/info\/la-ministra-giachino-y-armando-capo-analizaron-politicas-turisticas-para-dina-huapi\/#primaryimage"},"thumbnailUrl":"","datePublished":"2015-08-15T12:00:28+00:00","breadcrumb":{"@id":"https:\/\/patagoniambiental.com.ar\/info\/la-ministra-giachino-y-armando-capo-analizaron-politicas-turisticas-para-dina-huapi\/#breadcrumb"},"inLanguage":"es","potentialAction":[{"@type":"ReadAction","target":["https:\/\/patagoniambiental.com.ar\/info\/la-ministra-giachino-y-armando-capo-analizaron-politicas-turisticas-para-dina-huapi\/"]}]},{"@type":"ImageObject","inLanguage":"es","@id":"https:\/\/patagoniambiental.com.ar\/info\/la-ministra-giachino-y-armando-capo-analizaron-politicas-turisticas-para-dina-huapi\/#primaryimage","url":"","contentUrl":""},{"@type":"BreadcrumbList","@id":"https:\/\/patagoniambiental.com.ar\/info\/la-ministra-giachino-y-armando-capo-analizaron-politicas-turisticas-para-dina-huapi\/#breadcrumb","itemListElement":[{"@type":"ListItem","position":1,"name":"Inicio","item":"https:\/\/patagoniambiental.com.ar\/info\/"},{"@type":"ListItem","position":2,"name":"La ministra Giachino y Armando Cap\u00f3 analizaron pol\u00edticas tur\u00edsticas para Dina Huapi"}]},{"@type":"WebSite","@id":"https:\/\/patagoniambiental.com.ar\/info\/#website","url":"https:\/\/patagoniambiental.com.ar\/info\/","name":"Patagonia Ambiental","description":"Monitoreo y an\u00e1lisis de la situaci\u00f3n geopol\u00edtica en el mundo y su implicancia en la Patagonia","publisher":{"@id":"https:\/\/patagoniambiental.com.ar\/info\/#organization"},"potentialAction":[{"@type":"SearchAction","target":{"@type":"EntryPoint","urlTemplate":"https:\/\/patagoniambiental.com.ar\/info\/?s={search_term_string}"},"query-input":{"@type":"PropertyValueSpecification","valueRequired":true,"valueName":"search_term_string"}}],"inLanguage":"es"},{"@type":"Organization","@id":"https:\/\/patagoniambiental.com.ar\/info\/#organization","name":"Patagonia Ambiental","url":"https:\/\/patagoniambiental.com.ar\/info\/","logo":{"@type":"ImageObject","inLanguage":"es","@id":"https:\/\/patagoniambiental.com.ar\/info\/#\/schema\/logo\/image\/","url":"https:\/\/patagoniambiental.com.ar\/info\/wp-content\/uploads\/2025\/05\/LOGO-PATAGONIA-AMBIENTAL.png","contentUrl":"https:\/\/patagoniambiental.com.ar\/info\/wp-content\/uploads\/2025\/05\/LOGO-PATAGONIA-AMBIENTAL.png","width":433,"height":250,"caption":"Patagonia Ambiental"},"image":{"@id":"https:\/\/patagoniambiental.com.ar\/info\/#\/schema\/logo\/image\/"},"sameAs":["https:\/\/www.facebook.com\/patagonia.ambiental","https:\/\/x.com\/PatAmb"]},{"@type":"Person","@id":"https:\/\/patagoniambiental.com.ar\/info\/#\/schema\/person\/db12bff64bbcbf6a253710bf0ea37b5d","name":"Patagonia Ambiental","description":"Andr\u00e9s Nievas T\u00e9cnico en manejo ambiental, consultor Ambiental y escritor para medios locales e internacionales sobre temas de geopolitica y medio ambiente.","sameAs":["http:\/\/www.patagoniambiental.com.ar","https:\/\/www.facebook.com\/share\/1C1V8Gv9BX\/?mibextid=qi2Omg","@patagoniambiental","https:\/\/youtube.com\/@patagoniaambiental2023?si=BLt58t0wuXquxlYZ"]}]}},"_links":{"self":[{"href":"https:\/\/patagoniambiental.com.ar\/info\/wp-json\/wp\/v2\/posts\/13414","targetHints":{"allow":["GET"]}}],"collection":[{"href":"https:\/\/patagoniambiental.com.ar\/info\/wp-json\/wp\/v2\/posts"}],"about":[{"href":"https:\/\/patagoniambiental.com.ar\/info\/wp-json\/wp\/v2\/types\/post"}],"author":[{"embeddable":true,"href":"https:\/\/patagoniambiental.com.ar\/info\/wp-json\/wp\/v2\/users\/2"}],"replies":[{"embeddable":true,"href":"https:\/\/patagoniambiental.com.ar\/info\/wp-json\/wp\/v2\/comments?post=13414"}],"version-history":[{"count":0,"href":"https:\/\/patagoniambiental.com.ar\/info\/wp-json\/wp\/v2\/posts\/13414\/revisions"}],"wp:featuredmedia":[{"embeddable":true,"href":"https:\/\/patagoniambiental.com.ar\/info\/wp-json\/"}],"wp:attachment":[{"href":"https:\/\/patagoniambiental.com.ar\/info\/wp-json\/wp\/v2\/media?parent=13414"}],"wp:term":[{"taxonomy":"category","embeddable":true,"href":"https:\/\/patagoniambiental.com.ar\/info\/wp-json\/wp\/v2\/categories?post=13414"},{"taxonomy":"post_tag","embeddable":true,"href":"https:\/\/patagoniambiental.com.ar\/info\/wp-json\/wp\/v2\/tags?post=13414"}],"curies":[{"name":"wp","href":"https:\/\/api.w.org\/{rel}","templated":true}]}}