{"id":13451,"date":"2015-08-18T19:27:37","date_gmt":"2015-08-18T22:27:37","guid":{"rendered":"http:\/\/patagoniambiental.com.ar\/?p=13451"},"modified":"2025-09-03T16:48:31","modified_gmt":"2025-09-03T19:48:31","slug":"curso-posgrado-ecoproyectos-ciudades-sustentables","status":"publish","type":"post","link":"https:\/\/patagoniambiental.com.ar\/info\/curso-posgrado-ecoproyectos-ciudades-sustentables\/","title":{"rendered":"I Curso Internacional de Posgrado de Ecoproyectos y Ciudades Sustentables"},"content":{"rendered":"\n<!--more-->\n\n\n<p><span style=\"font-size: small;\"><strong>Buenos Aires,18 de agosto de 2015.-La Fundaci\u00f3n de Estudios Avanzados de Buenos Aires y el <\/strong><\/span><span style=\"font-size: small;\"><strong>PROGRAMA AMBIENTE, ECONOM\u00cdA Y SOCIEDAD llevaran a cabo el 1\u00b0 Curso Internacional de Posgrado de Ecoproyectos y <a href=\"https:\/\/patagoniambiental.com.ar\/info\/ciudades-sustentables-entornos-urbanos-equilibrio\/\">Ciudades Sustentables<\/a> en la modalidad <\/strong><\/span><span style=\"font-size: small;\"><strong>Trimestral a distancia del 8 de Septiembre al 9 de Noviembre de 2015.<\/strong><\/span><\/p>\n<p class=\"western\" lang=\"es-ES\"><span style=\"color: #000000;\"><span style=\"font-size: small;\"><span lang=\"es-AR\"><i>Auspician este Curso: <\/i><\/span><\/span><\/span><span style=\"color: #000000;\"><span style=\"font-size: small;\"><span lang=\"es-AR\"><i>la<\/i><\/span><\/span><\/span><span style=\"color: #000000;\"><span style=\"font-size: small;\"><span lang=\"es-AR\"><i>Sociedad Central de Arquitectos de Argentina y <\/i><\/span><\/span><\/span><span style=\"color: #000000;\"><span style=\"font-size: small;\"><span lang=\"es-AR\"><i>el<\/i><\/span><\/span><\/span><span style=\"color: #000000;\"><span style=\"font-size: small;\"><span lang=\"es-AR\"><i>Colegio de Arquitectos de la Provincia de Buenos Aires.<\/i><\/span><\/span><\/span><\/p>\n<p class=\"western\" lang=\"es-ES\"><span style=\"color: #000000;\"><span style=\"font-size: small;\"><span lang=\"es-AR\"><b>DIRIGIDO A<\/b><\/span><\/span><\/span><span style=\"color: #000000;\"><span style=\"font-size: small;\"><span lang=\"es-AR\">: graduados universitarios interesados en una capacitaci\u00f3n, especializaci\u00f3n o perfeccionamiento en metodolog\u00eda y pr\u00e1ctica del desarrollos de Proyectos Ambientales Urbanos (Ecoproyectos) en el contexto de optimizaci\u00f3n de la sustentabilidad urbana con un enfoque interdisciplinario y basado en la propuesta de un marco conceptual y metodol\u00f3gico general y el an\u00e1lisis de una amplia casu\u00edstica.<\/span><\/span><\/span><\/p>\n<p class=\"western\" lang=\"es-ES\"><span style=\"color: #000000;\"><span style=\"font-size: small;\"><span lang=\"es-AR\"><b>OBJETIVOS:<\/b><\/span><\/span><\/span><span style=\"color: #000000;\"><span style=\"font-size: small;\"><span lang=\"es-AR\">se espera que a la finalizaci\u00f3n del curso, los participantes est\u00e9n interiorizados del estado de desarrollo de proyectos ambientales urbanos conectados a estrategias de planificaci\u00f3n urbana sustentable con la adquisici\u00f3n de destrezas en analizar, programar y desarrollar tal clase de ecoproyectos.<\/span><\/span><\/span><\/p>\n<p class=\"western\" lang=\"es-ES\"><span style=\"color: #000000;\"><span style=\"font-size: small;\"><span lang=\"es-AR\"><b>DIRECTORES:<\/b><\/span><\/span><\/span><span style=\"color: #000000;\"><span style=\"font-size: small;\"><span lang=\"es-AR\">Horacio Fazio y Roberto Fern\u00e1ndez<\/span><\/span><\/span><\/p>\n<p class=\"western\" lang=\"es-ES\"><span style=\"color: #000000;\"><span style=\"font-size: small;\"><span lang=\"es-AR\"><b>EQUIPO DOCENTE:<\/b><\/span><\/span><\/span><span style=\"color: #000000;\"><span style=\"font-size: small;\"><span lang=\"es-AR\">FERN\u00c1NDEZ Roberto (Catedr\u00e1tico e Investigador de las Universidades de Buenos Aires y Mar del Plata, Director fundador y actual docente de las Maestr\u00edas en Gesti\u00f3n Ambiental Metropolitana- FADU, UBA- y en Gesti\u00f3n Ambiental del Desarrollo Urbano. FAUD, UNMdP, Director del IHAM- Instituto del H\u00e1bitat y el Ambiente, UNMdP). A trav\u00e9s de las clases del curso se trasmitir\u00e1n aportes y experiencias de numerosos expertos tem\u00e1ticos.<\/span><\/span><\/span><\/p>\n<p class=\"western\" lang=\"es-ES\"><a name=\"_GoBack\"><\/a><span style=\"color: #000000;\"><span style=\"font-size: small;\"><span lang=\"es-AR\"><b>PROGRAMA SINT\u00c9TICO: <\/b><\/span><\/span><\/span><span style=\"color: #000000;\"><span style=\"font-size: small;\"><span lang=\"es-AR\">1.<\/span><\/span><\/span><span style=\"font-size: small;\">La crisis ambiental y nuevas formas de entender el proyecto. 2.Crisis de sustentabilidad y deterioro irreversible de la calidad natural y social. 3.Derivas de la econom\u00eda contempor\u00e1nea y crisis de sustentabilidad. 4. Model\u00edsticas de ciudad por acci\u00f3n de operadores. 5. Alternativas proyectuales en la crisis de sustentabilidad. 6. Sustentabilidad social y participaci\u00f3n tecno-comunitaria.7.Pol\u00edticas Urbano-Territoriales revisadas seg\u00fan el paradigma de la sustentabilidad. 8. Modelos de gesti\u00f3n multisectorial. 9. Proyectos y condiciones de sustentabilidad en contextos urbano-territoriales. 10. Actuaciones hipot\u00e9ticas en condiciones de crisis de sustentabilidad.11.Instrumentos de Gesti\u00f3n: Ordenamiento Territorial, EIA, EAE. 12.La noci\u00f3n EIA: Evaluaci\u00f3n de Proyectos.13.Gesti\u00f3n Ambiental y Patrimonio Antr\u00f3pico. 14.Pasaje de la Gesti\u00f3n Ambiental al an\u00e1lisis cr\u00edtico y <\/span><span style=\"font-size: small;\"><i>empowerdment<\/i><\/span><span style=\"font-size: small;\">(empoderamiento). 15. Proyecto y Ecolog\u00eda en Am\u00e9rica Latina. 16. Arquitecturas vern\u00e1culas y bioclimatismos.17. Actuaciones vinculadas a la autoorganizaci\u00f3n comunitaria y el trabajo cooperativo. 18. Arquitecturas bio-experimentales. 19. Actuaciones en proyecto de paisaje. 20. Crisis de sustentabilidad, vigilancia ecosist\u00e9mica y eficiencia mat\u00e9rico-energ\u00e9tica.<\/span><\/p>\n<p class=\"western\" lang=\"es-ES\"><span style=\"color: #000000;\"><span style=\"font-size: small;\"><span lang=\"es-AR\"><b>METODOLOG\u00cdA:<\/b><\/span><\/span><\/span><span style=\"color: #000000;\"><span style=\"font-size: small;\"><span lang=\"es-AR\">El curso de 20 clases se dicta a distancia mediante nuestro Campus Virtual donde se ir\u00e1n incorporando 2 clases semanales.<\/span><\/span><\/span><\/p>\n<p class=\"western\" lang=\"es-ES\"><span style=\"color: #000000;\"><span style=\"font-size: small;\"><span lang=\"es-AR\"><b>EVALUACI\u00d3N:<\/b><\/span><\/span><\/span><span style=\"color: #000000;\"><span style=\"font-size: small;\"><span lang=\"es-AR\">1) deber\u00e1n presentarse los res\u00famenes de grupos de clases y 2)presentar el caso de un proyecto ambiental urbano mediante una metodolog\u00eda de an\u00e1lisis y evaluaci\u00f3n.<\/span><\/span><\/span><\/p>\n<p class=\"western\" lang=\"es-ES\"><span style=\"color: #000000;\"><span style=\"font-size: small;\"><span lang=\"es-AR\"><b>CERTIFICACI\u00d3N:<\/b><\/span><\/span><\/span><span style=\"color: #000000;\"><span style=\"font-size: small;\"><span lang=\"es-AR\">Se extender\u00e1 Certificado de Aprobaci\u00f3n a <\/span><\/span><\/span><span style=\"color: #000000;\"><span style=\"font-size: small;\"><span lang=\"es-AR\">los participantes que cumplimenten los puntos 1) y 2). Los participantes que solo cumplimenten el punto 1) recibir\u00e1n una Constancia de Cursado.<\/span><\/span><\/span><\/p>\n<p class=\"western\" lang=\"es-ES\"><span style=\"color: #000000;\"><span style=\"font-size: small;\"><span lang=\"es-AR\"><b>CARGA HORARIA:<\/b><\/span><\/span><\/span><span style=\"color: #000000;\"><span style=\"font-size: small;\"><span lang=\"es-AR\">100 horas calificables para acreditar en Universidades (maestr\u00edas, doctorados) y\/o en instancias propias de la Administraci\u00f3n P\u00fablica vinculadas a la planificaci\u00f3n urbana.<\/span><\/span><\/span><\/p>\n<p class=\"western\" lang=\"es-ES\"><span style=\"color: #000000;\"><span style=\"font-size: small;\"><b>CONVENIOS DE FUNDABAIRES: <\/b><\/span><\/span><span style=\"color: #000000;\"><span style=\"font-size: small;\">Istituto di Studi Politici, Economici e Sociali (EURISPES) y Federazione Italiana Agricoltura Biologica e Biodinamica (FEDERBIO), Roma, Italia; Programa de Naciones Unidas para el Medio Ambiente (PNUMA\/UNEP); Revista Cient\u00edfica Internacional Monfrag\u00fce Desarrollo Resiliente (<\/span><\/span><span style=\"color: #000000;\"><span style=\"font-size: small;\">Universidad de Extremadura, Universidad de Lisboa y Universidad Nacional Aut\u00f3noma de M\u00e9xico)<\/span><\/span><span style=\"color: #000000;\"><span style=\"font-size: small;\">.<\/span><\/span><\/p>\n<p class=\"western\" lang=\"es-ES\"><span style=\"color: #000000;\"><span style=\"font-size: small;\"><span lang=\"es-AR\"><b>INAP:<\/b><\/span><\/span><\/span><span style=\"color: #000000;\"><span style=\"font-size: small;\"><span lang=\"es-AR\">El Curso integra la Red de Posgrados del Instituto Nacional de la Administraci\u00f3n P\u00fablica Argentina. <\/span><\/span><\/span><\/p>\n<p class=\"western\" lang=\"es-ES\"><span style=\"color: #000000;\"><span style=\"font-size: small;\"><span lang=\"es-AR\"><b>COSTO<\/b><\/span><\/span><\/span><span style=\"color: #000000;\"><span style=\"font-size: small;\"><span lang=\"es-AR\">:<\/span><\/span><\/span><span style=\"color: #00b050;\"><span style=\"font-size: small;\"><span lang=\"es-AR\">Argentina: $2.500; otros pa\u00edses: 300 d\u00f3lares. <\/span><\/span><\/span><\/p>\n<p class=\"western\" lang=\"es-ES\"><span style=\"color: #000000;\"><span style=\"font-size: small;\"><span lang=\"es-AR\"><b>M\u00c1S INFORMACI\u00d3N: <\/b><\/span><\/span><\/span><span style=\"color: #0000ff;\"><u><a href=\"http:\/\/goto-2.net\/track\/click?u=23819&amp;p=35363538353a32323a31383a303a333a30&amp;s=d42be2a8246d5da50d50622b9f0155f4&amp;m=124341\" target=\"_blank\" rel=\"noopener noreferrer\"><span style=\"font-size: small;\"><span lang=\"es-AR\"><b>www.programa-ambiente.com.ar<\/b><\/span><\/span><\/a><\/u><\/span><\/p>\n<p><span style=\"color: #0000ff;\"><span style=\"font-size: small;\"><span lang=\"es-AR\"><b>SEGU\u00cdNOS EN FACEBOOK: <\/b><\/span><\/span><\/span><span style=\"color: #0000ff;\"><u><a href=\"http:\/\/goto-2.net\/track\/click?u=221703&amp;p=35363538353a32323a31383a303a343a30&amp;s=d42be2a8246d5da50d50622b9f0155f4&amp;m=124341\" target=\"_blank\" rel=\"noopener noreferrer\"><span style=\"color: #0000ff;\"><span style=\"font-size: small;\"><span lang=\"es-AR\">http:\/\/www.facebook.com\/ambiente.fundabaires?ref=hl<\/span><\/span><\/span><\/a><\/u><\/span><\/p>","protected":false},"excerpt":{"rendered":"","protected":false},"author":2,"featured_media":880,"comment_status":"closed","ping_status":"closed","sticky":false,"template":"","format":"standard","meta":{"site-sidebar-layout":"default","site-content-layout":"","ast-site-content-layout":"default","site-content-style":"default","site-sidebar-style":"default","ast-global-header-display":"","ast-banner-title-visibility":"","ast-main-header-display":"","ast-hfb-above-header-display":"","ast-hfb-below-header-display":"","ast-hfb-mobile-header-display":"","site-post-title":"","ast-breadcrumbs-content":"","ast-featured-img":"","footer-sml-layout":"","ast-disable-related-posts":"","theme-transparent-header-meta":"","adv-header-id-meta":"","stick-header-meta":"","header-above-stick-meta":"","header-main-stick-meta":"","header-below-stick-meta":"","astra-migrate-meta-layouts":"default","ast-page-background-enabled":"default","ast-page-background-meta":{"desktop":{"background-color":"var(--ast-global-color-5)","background-image":"","background-repeat":"repeat","background-position":"center center","background-size":"auto","background-attachment":"scroll","background-type":"","background-media":"","overlay-type":"","overlay-color":"","overlay-opacity":"","overlay-gradient":""},"tablet":{"background-color":"","background-image":"","background-repeat":"repeat","background-position":"center center","background-size":"auto","background-attachment":"scroll","background-type":"","background-media":"","overlay-type":"","overlay-color":"","overlay-opacity":"","overlay-gradient":""},"mobile":{"background-color":"","background-image":"","background-repeat":"repeat","background-position":"center center","background-size":"auto","background-attachment":"scroll","background-type":"","background-media":"","overlay-type":"","overlay-color":"","overlay-opacity":"","overlay-gradient":""}},"ast-content-background-meta":{"desktop":{"background-color":"var(--ast-global-color-4)","background-image":"","background-repeat":"repeat","background-position":"center center","background-size":"auto","background-attachment":"scroll","background-type":"","background-media":"","overlay-type":"","overlay-color":"","overlay-opacity":"","overlay-gradient":""},"tablet":{"background-color":"var(--ast-global-color-4)","background-image":"","background-repeat":"repeat","background-position":"center center","background-size":"auto","background-attachment":"scroll","background-type":"","background-media":"","overlay-type":"","overlay-color":"","overlay-opacity":"","overlay-gradient":""},"mobile":{"background-color":"var(--ast-global-color-4)","background-image":"","background-repeat":"repeat","background-position":"center center","background-size":"auto","background-attachment":"scroll","background-type":"","background-media":"","overlay-type":"","overlay-color":"","overlay-opacity":"","overlay-gradient":""}},"footnotes":""},"categories":[12,1],"tags":[],"class_list":["post-13451","post","type-post","status-publish","format-standard","has-post-thumbnail","hentry","category-agenda-ambiental","category-noticias"],"yoast_head":"<!-- This site is optimized with the Yoast SEO Premium plugin v23.0 (Yoast SEO v27.4) - https:\/\/yoast.com\/product\/yoast-seo-premium-wordpress\/ -->\n<title>I Curso Internacional de Posgrado de Ecoproyectos y Ciudades Sustentables La Fundaci\u00f3n de Estudios Avanzados y el PROGRAMA AMBIENTE, ECONOM\u00cdA Y SOCIEDAD llevaran a cabo el 1\u00b0 Curso Internacional de Posgrado de Ecoproyectos y Ciudades Sustentables<\/title>\n<meta name=\"description\" content=\"La Fundaci\u00f3n de Estudios Avanzados y el PROGRAMA AMBIENTE, ECONOM\u00cdA Y SOCIEDAD llevaran a cabo el 1\u00b0 Curso Internacional de Posgrado de Ecoproyectos y Ciudades Sustentables en la modalidad Trimestral\" \/>\n<meta name=\"robots\" content=\"index, follow, max-snippet:-1, max-image-preview:large, max-video-preview:-1\" \/>\n<link rel=\"canonical\" href=\"https:\/\/patagoniambiental.com.ar\/info\/curso-posgrado-ecoproyectos-ciudades-sustentables\/\" \/>\n<meta property=\"og:locale\" content=\"es_ES\" \/>\n<meta property=\"og:type\" content=\"article\" \/>\n<meta property=\"og:title\" content=\"I Curso Internacional de Posgrado de Ecoproyectos y Ciudades Sustentables\" \/>\n<meta property=\"og:description\" content=\"La Fundaci\u00f3n de Estudios Avanzados y el PROGRAMA AMBIENTE, ECONOM\u00cdA Y SOCIEDAD llevaran a cabo el 1\u00b0 Curso Internacional de Posgrado de Ecoproyectos y Ciudades Sustentables en la modalidad Trimestral\" \/>\n<meta property=\"og:url\" content=\"https:\/\/patagoniambiental.com.ar\/info\/curso-posgrado-ecoproyectos-ciudades-sustentables\/\" \/>\n<meta property=\"og:site_name\" content=\"Patagonia Ambiental\" \/>\n<meta property=\"article:publisher\" content=\"https:\/\/www.facebook.com\/patagonia.ambiental\" \/>\n<meta property=\"article:author\" content=\"https:\/\/www.facebook.com\/share\/1C1V8Gv9BX\/?mibextid=qi2Omg\" \/>\n<meta property=\"article:published_time\" content=\"2015-08-18T22:27:37+00:00\" \/>\n<meta property=\"article:modified_time\" content=\"2025-09-03T19:48:31+00:00\" \/>\n<meta name=\"author\" content=\"Patagonia Ambiental\" \/>\n<meta name=\"twitter:card\" content=\"summary_large_image\" \/>\n<meta name=\"twitter:creator\" content=\"@PatAmb\" \/>\n<meta name=\"twitter:site\" content=\"@PatAmb\" \/>\n<script type=\"application\/ld+json\" class=\"yoast-schema-graph\">{\"@context\":\"https:\\\/\\\/schema.org\",\"@graph\":[{\"@type\":\"Article\",\"@id\":\"https:\\\/\\\/patagoniambiental.com.ar\\\/info\\\/curso-posgrado-ecoproyectos-ciudades-sustentables\\\/#article\",\"isPartOf\":{\"@id\":\"https:\\\/\\\/patagoniambiental.com.ar\\\/info\\\/curso-posgrado-ecoproyectos-ciudades-sustentables\\\/\"},\"author\":{\"name\":\"Patagonia Ambiental\",\"@id\":\"https:\\\/\\\/patagoniambiental.com.ar\\\/info\\\/#\\\/schema\\\/person\\\/db12bff64bbcbf6a253710bf0ea37b5d\"},\"headline\":\"I Curso Internacional de Posgrado de Ecoproyectos y Ciudades Sustentables\",\"datePublished\":\"2015-08-18T22:27:37+00:00\",\"dateModified\":\"2025-09-03T19:48:31+00:00\",\"mainEntityOfPage\":{\"@id\":\"https:\\\/\\\/patagoniambiental.com.ar\\\/info\\\/curso-posgrado-ecoproyectos-ciudades-sustentables\\\/\"},\"wordCount\":646,\"publisher\":{\"@id\":\"https:\\\/\\\/patagoniambiental.com.ar\\\/info\\\/#organization\"},\"image\":{\"@id\":\"https:\\\/\\\/patagoniambiental.com.ar\\\/info\\\/curso-posgrado-ecoproyectos-ciudades-sustentables\\\/#primaryimage\"},\"thumbnailUrl\":\"\",\"articleSection\":[\"Agenda Ambiental\",\"Noticias\"],\"inLanguage\":\"es\"},{\"@type\":\"WebPage\",\"@id\":\"https:\\\/\\\/patagoniambiental.com.ar\\\/info\\\/curso-posgrado-ecoproyectos-ciudades-sustentables\\\/\",\"url\":\"https:\\\/\\\/patagoniambiental.com.ar\\\/info\\\/curso-posgrado-ecoproyectos-ciudades-sustentables\\\/\",\"name\":\"I Curso Internacional de Posgrado de Ecoproyectos y Ciudades Sustentables La Fundaci\u00f3n de Estudios Avanzados y el PROGRAMA AMBIENTE, ECONOM\u00cdA Y SOCIEDAD llevaran a cabo el 1\u00b0 Curso Internacional de Posgrado de Ecoproyectos y Ciudades Sustentables\",\"isPartOf\":{\"@id\":\"https:\\\/\\\/patagoniambiental.com.ar\\\/info\\\/#website\"},\"primaryImageOfPage\":{\"@id\":\"https:\\\/\\\/patagoniambiental.com.ar\\\/info\\\/curso-posgrado-ecoproyectos-ciudades-sustentables\\\/#primaryimage\"},\"image\":{\"@id\":\"https:\\\/\\\/patagoniambiental.com.ar\\\/info\\\/curso-posgrado-ecoproyectos-ciudades-sustentables\\\/#primaryimage\"},\"thumbnailUrl\":\"\",\"datePublished\":\"2015-08-18T22:27:37+00:00\",\"dateModified\":\"2025-09-03T19:48:31+00:00\",\"description\":\"La Fundaci\u00f3n de Estudios Avanzados y el PROGRAMA AMBIENTE, ECONOM\u00cdA Y SOCIEDAD llevaran a cabo el 1\u00b0 Curso Internacional de Posgrado de Ecoproyectos y Ciudades Sustentables en la modalidad Trimestral\",\"breadcrumb\":{\"@id\":\"https:\\\/\\\/patagoniambiental.com.ar\\\/info\\\/curso-posgrado-ecoproyectos-ciudades-sustentables\\\/#breadcrumb\"},\"inLanguage\":\"es\",\"potentialAction\":[{\"@type\":\"ReadAction\",\"target\":[\"https:\\\/\\\/patagoniambiental.com.ar\\\/info\\\/curso-posgrado-ecoproyectos-ciudades-sustentables\\\/\"]}]},{\"@type\":\"ImageObject\",\"inLanguage\":\"es\",\"@id\":\"https:\\\/\\\/patagoniambiental.com.ar\\\/info\\\/curso-posgrado-ecoproyectos-ciudades-sustentables\\\/#primaryimage\",\"url\":\"\",\"contentUrl\":\"\"},{\"@type\":\"BreadcrumbList\",\"@id\":\"https:\\\/\\\/patagoniambiental.com.ar\\\/info\\\/curso-posgrado-ecoproyectos-ciudades-sustentables\\\/#breadcrumb\",\"itemListElement\":[{\"@type\":\"ListItem\",\"position\":1,\"name\":\"Inicio\",\"item\":\"https:\\\/\\\/patagoniambiental.com.ar\\\/info\\\/\"},{\"@type\":\"ListItem\",\"position\":2,\"name\":\"I Curso Internacional de Posgrado de Ecoproyectos y Ciudades Sustentables\"}]},{\"@type\":\"WebSite\",\"@id\":\"https:\\\/\\\/patagoniambiental.com.ar\\\/info\\\/#website\",\"url\":\"https:\\\/\\\/patagoniambiental.com.ar\\\/info\\\/\",\"name\":\"Patagonia Ambiental\",\"description\":\"Monitoreo y an\u00e1lisis de la situaci\u00f3n geopol\u00edtica en el mundo y su implicancia en la Patagonia\",\"publisher\":{\"@id\":\"https:\\\/\\\/patagoniambiental.com.ar\\\/info\\\/#organization\"},\"potentialAction\":[{\"@type\":\"SearchAction\",\"target\":{\"@type\":\"EntryPoint\",\"urlTemplate\":\"https:\\\/\\\/patagoniambiental.com.ar\\\/info\\\/?s={search_term_string}\"},\"query-input\":{\"@type\":\"PropertyValueSpecification\",\"valueRequired\":true,\"valueName\":\"search_term_string\"}}],\"inLanguage\":\"es\"},{\"@type\":\"Organization\",\"@id\":\"https:\\\/\\\/patagoniambiental.com.ar\\\/info\\\/#organization\",\"name\":\"Patagonia Ambiental\",\"url\":\"https:\\\/\\\/patagoniambiental.com.ar\\\/info\\\/\",\"logo\":{\"@type\":\"ImageObject\",\"inLanguage\":\"es\",\"@id\":\"https:\\\/\\\/patagoniambiental.com.ar\\\/info\\\/#\\\/schema\\\/logo\\\/image\\\/\",\"url\":\"https:\\\/\\\/patagoniambiental.com.ar\\\/info\\\/wp-content\\\/uploads\\\/2025\\\/05\\\/LOGO-PATAGONIA-AMBIENTAL.png\",\"contentUrl\":\"https:\\\/\\\/patagoniambiental.com.ar\\\/info\\\/wp-content\\\/uploads\\\/2025\\\/05\\\/LOGO-PATAGONIA-AMBIENTAL.png\",\"width\":433,\"height\":250,\"caption\":\"Patagonia Ambiental\"},\"image\":{\"@id\":\"https:\\\/\\\/patagoniambiental.com.ar\\\/info\\\/#\\\/schema\\\/logo\\\/image\\\/\"},\"sameAs\":[\"https:\\\/\\\/www.facebook.com\\\/patagonia.ambiental\",\"https:\\\/\\\/x.com\\\/PatAmb\"]},{\"@type\":\"Person\",\"@id\":\"https:\\\/\\\/patagoniambiental.com.ar\\\/info\\\/#\\\/schema\\\/person\\\/db12bff64bbcbf6a253710bf0ea37b5d\",\"name\":\"Patagonia Ambiental\",\"description\":\"Andr\u00e9s Nievas T\u00e9cnico en manejo ambiental, consultor Ambiental y escritor para medios locales e internacionales sobre temas de geopolitica y medio ambiente.\",\"sameAs\":[\"http:\\\/\\\/www.patagoniambiental.com.ar\",\"https:\\\/\\\/www.facebook.com\\\/share\\\/1C1V8Gv9BX\\\/?mibextid=qi2Omg\",\"@patagoniambiental\",\"https:\\\/\\\/youtube.com\\\/@patagoniaambiental2023?si=BLt58t0wuXquxlYZ\"]}]}<\/script>\n<!-- \/ Yoast SEO Premium plugin. -->","yoast_head_json":{"title":"I Curso Internacional de Posgrado de Ecoproyectos y Ciudades Sustentables La Fundaci\u00f3n de Estudios Avanzados y el PROGRAMA AMBIENTE, ECONOM\u00cdA Y SOCIEDAD llevaran a cabo el 1\u00b0 Curso Internacional de Posgrado de Ecoproyectos y Ciudades Sustentables","description":"La Fundaci\u00f3n de Estudios Avanzados y el PROGRAMA AMBIENTE, ECONOM\u00cdA Y SOCIEDAD llevaran a cabo el 1\u00b0 Curso Internacional de Posgrado de Ecoproyectos y Ciudades Sustentables en la modalidad Trimestral","robots":{"index":"index","follow":"follow","max-snippet":"max-snippet:-1","max-image-preview":"max-image-preview:large","max-video-preview":"max-video-preview:-1"},"canonical":"https:\/\/patagoniambiental.com.ar\/info\/curso-posgrado-ecoproyectos-ciudades-sustentables\/","og_locale":"es_ES","og_type":"article","og_title":"I Curso Internacional de Posgrado de Ecoproyectos y Ciudades Sustentables","og_description":"La Fundaci\u00f3n de Estudios Avanzados y el PROGRAMA AMBIENTE, ECONOM\u00cdA Y SOCIEDAD llevaran a cabo el 1\u00b0 Curso Internacional de Posgrado de Ecoproyectos y Ciudades Sustentables en la modalidad Trimestral","og_url":"https:\/\/patagoniambiental.com.ar\/info\/curso-posgrado-ecoproyectos-ciudades-sustentables\/","og_site_name":"Patagonia Ambiental","article_publisher":"https:\/\/www.facebook.com\/patagonia.ambiental","article_author":"https:\/\/www.facebook.com\/share\/1C1V8Gv9BX\/?mibextid=qi2Omg","article_published_time":"2015-08-18T22:27:37+00:00","article_modified_time":"2025-09-03T19:48:31+00:00","author":"Patagonia Ambiental","twitter_card":"summary_large_image","twitter_creator":"@PatAmb","twitter_site":"@PatAmb","schema":{"@context":"https:\/\/schema.org","@graph":[{"@type":"Article","@id":"https:\/\/patagoniambiental.com.ar\/info\/curso-posgrado-ecoproyectos-ciudades-sustentables\/#article","isPartOf":{"@id":"https:\/\/patagoniambiental.com.ar\/info\/curso-posgrado-ecoproyectos-ciudades-sustentables\/"},"author":{"name":"Patagonia Ambiental","@id":"https:\/\/patagoniambiental.com.ar\/info\/#\/schema\/person\/db12bff64bbcbf6a253710bf0ea37b5d"},"headline":"I Curso Internacional de Posgrado de Ecoproyectos y Ciudades Sustentables","datePublished":"2015-08-18T22:27:37+00:00","dateModified":"2025-09-03T19:48:31+00:00","mainEntityOfPage":{"@id":"https:\/\/patagoniambiental.com.ar\/info\/curso-posgrado-ecoproyectos-ciudades-sustentables\/"},"wordCount":646,"publisher":{"@id":"https:\/\/patagoniambiental.com.ar\/info\/#organization"},"image":{"@id":"https:\/\/patagoniambiental.com.ar\/info\/curso-posgrado-ecoproyectos-ciudades-sustentables\/#primaryimage"},"thumbnailUrl":"","articleSection":["Agenda Ambiental","Noticias"],"inLanguage":"es"},{"@type":"WebPage","@id":"https:\/\/patagoniambiental.com.ar\/info\/curso-posgrado-ecoproyectos-ciudades-sustentables\/","url":"https:\/\/patagoniambiental.com.ar\/info\/curso-posgrado-ecoproyectos-ciudades-sustentables\/","name":"I Curso Internacional de Posgrado de Ecoproyectos y Ciudades Sustentables La Fundaci\u00f3n de Estudios Avanzados y el PROGRAMA AMBIENTE, ECONOM\u00cdA Y SOCIEDAD llevaran a cabo el 1\u00b0 Curso Internacional de Posgrado de Ecoproyectos y Ciudades Sustentables","isPartOf":{"@id":"https:\/\/patagoniambiental.com.ar\/info\/#website"},"primaryImageOfPage":{"@id":"https:\/\/patagoniambiental.com.ar\/info\/curso-posgrado-ecoproyectos-ciudades-sustentables\/#primaryimage"},"image":{"@id":"https:\/\/patagoniambiental.com.ar\/info\/curso-posgrado-ecoproyectos-ciudades-sustentables\/#primaryimage"},"thumbnailUrl":"","datePublished":"2015-08-18T22:27:37+00:00","dateModified":"2025-09-03T19:48:31+00:00","description":"La Fundaci\u00f3n de Estudios Avanzados y el PROGRAMA AMBIENTE, ECONOM\u00cdA Y SOCIEDAD llevaran a cabo el 1\u00b0 Curso Internacional de Posgrado de Ecoproyectos y Ciudades Sustentables en la modalidad Trimestral","breadcrumb":{"@id":"https:\/\/patagoniambiental.com.ar\/info\/curso-posgrado-ecoproyectos-ciudades-sustentables\/#breadcrumb"},"inLanguage":"es","potentialAction":[{"@type":"ReadAction","target":["https:\/\/patagoniambiental.com.ar\/info\/curso-posgrado-ecoproyectos-ciudades-sustentables\/"]}]},{"@type":"ImageObject","inLanguage":"es","@id":"https:\/\/patagoniambiental.com.ar\/info\/curso-posgrado-ecoproyectos-ciudades-sustentables\/#primaryimage","url":"","contentUrl":""},{"@type":"BreadcrumbList","@id":"https:\/\/patagoniambiental.com.ar\/info\/curso-posgrado-ecoproyectos-ciudades-sustentables\/#breadcrumb","itemListElement":[{"@type":"ListItem","position":1,"name":"Inicio","item":"https:\/\/patagoniambiental.com.ar\/info\/"},{"@type":"ListItem","position":2,"name":"I Curso Internacional de Posgrado de Ecoproyectos y Ciudades Sustentables"}]},{"@type":"WebSite","@id":"https:\/\/patagoniambiental.com.ar\/info\/#website","url":"https:\/\/patagoniambiental.com.ar\/info\/","name":"Patagonia Ambiental","description":"Monitoreo y an\u00e1lisis de la situaci\u00f3n geopol\u00edtica en el mundo y su implicancia en la Patagonia","publisher":{"@id":"https:\/\/patagoniambiental.com.ar\/info\/#organization"},"potentialAction":[{"@type":"SearchAction","target":{"@type":"EntryPoint","urlTemplate":"https:\/\/patagoniambiental.com.ar\/info\/?s={search_term_string}"},"query-input":{"@type":"PropertyValueSpecification","valueRequired":true,"valueName":"search_term_string"}}],"inLanguage":"es"},{"@type":"Organization","@id":"https:\/\/patagoniambiental.com.ar\/info\/#organization","name":"Patagonia Ambiental","url":"https:\/\/patagoniambiental.com.ar\/info\/","logo":{"@type":"ImageObject","inLanguage":"es","@id":"https:\/\/patagoniambiental.com.ar\/info\/#\/schema\/logo\/image\/","url":"https:\/\/patagoniambiental.com.ar\/info\/wp-content\/uploads\/2025\/05\/LOGO-PATAGONIA-AMBIENTAL.png","contentUrl":"https:\/\/patagoniambiental.com.ar\/info\/wp-content\/uploads\/2025\/05\/LOGO-PATAGONIA-AMBIENTAL.png","width":433,"height":250,"caption":"Patagonia Ambiental"},"image":{"@id":"https:\/\/patagoniambiental.com.ar\/info\/#\/schema\/logo\/image\/"},"sameAs":["https:\/\/www.facebook.com\/patagonia.ambiental","https:\/\/x.com\/PatAmb"]},{"@type":"Person","@id":"https:\/\/patagoniambiental.com.ar\/info\/#\/schema\/person\/db12bff64bbcbf6a253710bf0ea37b5d","name":"Patagonia Ambiental","description":"Andr\u00e9s Nievas T\u00e9cnico en manejo ambiental, consultor Ambiental y escritor para medios locales e internacionales sobre temas de geopolitica y medio ambiente.","sameAs":["http:\/\/www.patagoniambiental.com.ar","https:\/\/www.facebook.com\/share\/1C1V8Gv9BX\/?mibextid=qi2Omg","@patagoniambiental","https:\/\/youtube.com\/@patagoniaambiental2023?si=BLt58t0wuXquxlYZ"]}]}},"_links":{"self":[{"href":"https:\/\/patagoniambiental.com.ar\/info\/wp-json\/wp\/v2\/posts\/13451","targetHints":{"allow":["GET"]}}],"collection":[{"href":"https:\/\/patagoniambiental.com.ar\/info\/wp-json\/wp\/v2\/posts"}],"about":[{"href":"https:\/\/patagoniambiental.com.ar\/info\/wp-json\/wp\/v2\/types\/post"}],"author":[{"embeddable":true,"href":"https:\/\/patagoniambiental.com.ar\/info\/wp-json\/wp\/v2\/users\/2"}],"replies":[{"embeddable":true,"href":"https:\/\/patagoniambiental.com.ar\/info\/wp-json\/wp\/v2\/comments?post=13451"}],"version-history":[{"count":1,"href":"https:\/\/patagoniambiental.com.ar\/info\/wp-json\/wp\/v2\/posts\/13451\/revisions"}],"predecessor-version":[{"id":98797,"href":"https:\/\/patagoniambiental.com.ar\/info\/wp-json\/wp\/v2\/posts\/13451\/revisions\/98797"}],"wp:featuredmedia":[{"embeddable":true,"href":"https:\/\/patagoniambiental.com.ar\/info\/wp-json\/"}],"wp:attachment":[{"href":"https:\/\/patagoniambiental.com.ar\/info\/wp-json\/wp\/v2\/media?parent=13451"}],"wp:term":[{"taxonomy":"category","embeddable":true,"href":"https:\/\/patagoniambiental.com.ar\/info\/wp-json\/wp\/v2\/categories?post=13451"},{"taxonomy":"post_tag","embeddable":true,"href":"https:\/\/patagoniambiental.com.ar\/info\/wp-json\/wp\/v2\/tags?post=13451"}],"curies":[{"name":"wp","href":"https:\/\/api.w.org\/{rel}","templated":true}]}}