{"id":13477,"date":"2015-08-21T09:00:51","date_gmt":"2015-08-21T12:00:51","guid":{"rendered":"http:\/\/patagoniambiental.com.ar\/?p=13477"},"modified":"2015-08-21T09:00:51","modified_gmt":"2015-08-21T12:00:51","slug":"bolivia-convoca-a-segunda-conferencia-mundial-de-los-pueblos-sobre-cambio-climatico","status":"publish","type":"post","link":"https:\/\/patagoniambiental.com.ar\/info\/bolivia-convoca-a-segunda-conferencia-mundial-de-los-pueblos-sobre-cambio-climatico\/","title":{"rendered":"Bolivia convoca a segunda conferencia mundial de los pueblos sobre cambio clim\u00e1tico"},"content":{"rendered":"<p>La Paz.-El presidente Evo Morales oficializ\u00f3 el jueves la organizaci\u00f3n de la segunda cumbre mundial de los pueblos sobre el cambio clim\u00e1tico del 10 al 12 de octubre en la localidad de Tiquipaya, centro de Bolivia, con la participaci\u00f3n de movimientos sociales de los cinco continentes y organismos internacionales.<!--more--><\/p>\n<p>En conferencia de prensa, el Mandatario consider\u00f3 como una \u00abresponsabilidad\u00bb la protecci\u00f3n del planeta y destac\u00f3 la necesidad de generar propuestas frente a la crisis del cambio clim\u00e1tico que \u00abpone en riesgo nuestra propia existencia\u00bb. Estamos \u00abasumiendo esa responsabilidad por la vida, por la Madre Tierra\u00bb, dijo el anfitri\u00f3n de una reuni\u00f3n similar en 2010 en Tiquipaya, Cochabamba.<\/p>\n<p>Bolivia organiz\u00f3 la primera \u00abConferencia Mundial de los Pueblos sobre el Cambio Clim\u00e1tico y los Derechos de la Madre Tierra\u00bb, esto en respuesta a la Conferencia de Copenhague de 2009 que organiz\u00f3 las Naciones Unidas y que fue calificada de fracaso. Las conclusiones de la segunda \u00abConferencia Mundial por el Medio Ambiente y la Defensa de la Vida\u00bb ser\u00e1n expuestas en la pr\u00f3xima Conferencia de las Naciones Unidas sobre el cambio clim\u00e1tico en Paris, Francia, del 30 de noviembre al 11 de diciembre de 2015.<\/p>\n<p>Morales, que en 2006 se convirti\u00f3 en el primer presidente ind\u00edgena en la historia de Bolivia, asegur\u00f3 que para la organizaci\u00f3n de ese evento internacional cuenta con el respaldo de las principales fuerzas sociales del pa\u00eds y agrupadas en la Coordinadora Nacional por el Cambio.<\/p>\n<p>\u00abEl mundo precisa recuperar toda la seguridad milenaria y ancestral para devolver el equilibrio y la armon\u00eda a la Madre Tierra\u00bb, dijo Morales en una lectura de la convocatoria mundial y se\u00f1al\u00f3 que la segunda cumbre clim\u00e1tica que organiza Bolivia servir\u00e1 para evaluar los logros alcanzados en favor del planeta y articular la \u00ablucha por la defensa de la vida\u00bb. El Mandatario boliviano tambi\u00e9n destac\u00f3 la enc\u00edclica \u00abLaudato si\u00bb del papa Francisco que \u00abinspira a continuar promoviendo el cuidado de la casa com\u00fan a trav\u00e9s de la unidad de toda la familia humana y la b\u00fasqueda de un desarrollo sostenible e integral\u00bb.<\/p>\n<p>Fuente: Paginasiete<\/p>\n","protected":false},"excerpt":{"rendered":"<p>La Paz.-El presidente Evo Morales oficializ\u00f3 el jueves la organizaci\u00f3n de la segunda cumbre mundial de los pueblos sobre el [&hellip;]<\/p>\n","protected":false},"author":2,"featured_media":13478,"comment_status":"closed","ping_status":"closed","sticky":false,"template":"","format":"standard","meta":{"site-sidebar-layout":"default","site-content-layout":"","ast-site-content-layout":"default","site-content-style":"default","site-sidebar-style":"default","ast-global-header-display":"","ast-banner-title-visibility":"","ast-main-header-display":"","ast-hfb-above-header-display":"","ast-hfb-below-header-display":"","ast-hfb-mobile-header-display":"","site-post-title":"","ast-breadcrumbs-content":"","ast-featured-img":"","footer-sml-layout":"","ast-disable-related-posts":"","theme-transparent-header-meta":"","adv-header-id-meta":"","stick-header-meta":"","header-above-stick-meta":"","header-main-stick-meta":"","header-below-stick-meta":"","astra-migrate-meta-layouts":"default","ast-page-background-enabled":"default","ast-page-background-meta":{"desktop":{"background-color":"var(--ast-global-color-5)","background-image":"","background-repeat":"repeat","background-position":"center center","background-size":"auto","background-attachment":"scroll","background-type":"","background-media":"","overlay-type":"","overlay-color":"","overlay-opacity":"","overlay-gradient":""},"tablet":{"background-color":"","background-image":"","background-repeat":"repeat","background-position":"center center","background-size":"auto","background-attachment":"scroll","background-type":"","background-media":"","overlay-type":"","overlay-color":"","overlay-opacity":"","overlay-gradient":""},"mobile":{"background-color":"","background-image":"","background-repeat":"repeat","background-position":"center center","background-size":"auto","background-attachment":"scroll","background-type":"","background-media":"","overlay-type":"","overlay-color":"","overlay-opacity":"","overlay-gradient":""}},"ast-content-background-meta":{"desktop":{"background-color":"var(--ast-global-color-4)","background-image":"","background-repeat":"repeat","background-position":"center center","background-size":"auto","background-attachment":"scroll","background-type":"","background-media":"","overlay-type":"","overlay-color":"","overlay-opacity":"","overlay-gradient":""},"tablet":{"background-color":"var(--ast-global-color-4)","background-image":"","background-repeat":"repeat","background-position":"center center","background-size":"auto","background-attachment":"scroll","background-type":"","background-media":"","overlay-type":"","overlay-color":"","overlay-opacity":"","overlay-gradient":""},"mobile":{"background-color":"var(--ast-global-color-4)","background-image":"","background-repeat":"repeat","background-position":"center center","background-size":"auto","background-attachment":"scroll","background-type":"","background-media":"","overlay-type":"","overlay-color":"","overlay-opacity":"","overlay-gradient":""}},"footnotes":""},"categories":[12,1],"tags":[],"class_list":["post-13477","post","type-post","status-publish","format-standard","has-post-thumbnail","hentry","category-agenda-ambiental","category-noticias"],"yoast_head":"<!-- This site is optimized with the Yoast SEO Premium plugin v23.0 (Yoast SEO v27.4) - https:\/\/yoast.com\/product\/yoast-seo-premium-wordpress\/ -->\n<title>Bolivia convoca a segunda conferencia mundial de los pueblos sobre cambio clim\u00e1tico<\/title>\n<meta name=\"robots\" content=\"index, follow, max-snippet:-1, max-image-preview:large, max-video-preview:-1\" \/>\n<link rel=\"canonical\" href=\"https:\/\/patagoniambiental.com.ar\/info\/bolivia-convoca-a-segunda-conferencia-mundial-de-los-pueblos-sobre-cambio-climatico\/\" \/>\n<meta property=\"og:locale\" content=\"es_ES\" \/>\n<meta property=\"og:type\" content=\"article\" \/>\n<meta property=\"og:title\" content=\"Bolivia convoca a segunda conferencia mundial de los pueblos sobre cambio clim\u00e1tico\" \/>\n<meta property=\"og:description\" content=\"La Paz.-El presidente Evo Morales oficializ\u00f3 el jueves la organizaci\u00f3n de la segunda cumbre mundial de los pueblos sobre el [&hellip;]\" \/>\n<meta property=\"og:url\" content=\"https:\/\/patagoniambiental.com.ar\/info\/bolivia-convoca-a-segunda-conferencia-mundial-de-los-pueblos-sobre-cambio-climatico\/\" \/>\n<meta property=\"og:site_name\" content=\"Patagonia Ambiental\" \/>\n<meta property=\"article:publisher\" content=\"https:\/\/www.facebook.com\/patagonia.ambiental\" \/>\n<meta property=\"article:author\" content=\"https:\/\/www.facebook.com\/share\/1C1V8Gv9BX\/?mibextid=qi2Omg\" \/>\n<meta property=\"article:published_time\" content=\"2015-08-21T12:00:51+00:00\" \/>\n<meta name=\"author\" content=\"Patagonia Ambiental\" \/>\n<meta name=\"twitter:card\" content=\"summary_large_image\" \/>\n<meta name=\"twitter:creator\" content=\"@PatAmb\" \/>\n<meta name=\"twitter:site\" content=\"@PatAmb\" \/>\n<script type=\"application\/ld+json\" class=\"yoast-schema-graph\">{\"@context\":\"https:\\\/\\\/schema.org\",\"@graph\":[{\"@type\":\"Article\",\"@id\":\"https:\\\/\\\/patagoniambiental.com.ar\\\/info\\\/bolivia-convoca-a-segunda-conferencia-mundial-de-los-pueblos-sobre-cambio-climatico\\\/#article\",\"isPartOf\":{\"@id\":\"https:\\\/\\\/patagoniambiental.com.ar\\\/info\\\/bolivia-convoca-a-segunda-conferencia-mundial-de-los-pueblos-sobre-cambio-climatico\\\/\"},\"author\":{\"name\":\"Patagonia Ambiental\",\"@id\":\"https:\\\/\\\/patagoniambiental.com.ar\\\/info\\\/#\\\/schema\\\/person\\\/db12bff64bbcbf6a253710bf0ea37b5d\"},\"headline\":\"Bolivia convoca a segunda conferencia mundial de los pueblos sobre cambio clim\u00e1tico\",\"datePublished\":\"2015-08-21T12:00:51+00:00\",\"mainEntityOfPage\":{\"@id\":\"https:\\\/\\\/patagoniambiental.com.ar\\\/info\\\/bolivia-convoca-a-segunda-conferencia-mundial-de-los-pueblos-sobre-cambio-climatico\\\/\"},\"wordCount\":369,\"publisher\":{\"@id\":\"https:\\\/\\\/patagoniambiental.com.ar\\\/info\\\/#organization\"},\"image\":{\"@id\":\"https:\\\/\\\/patagoniambiental.com.ar\\\/info\\\/bolivia-convoca-a-segunda-conferencia-mundial-de-los-pueblos-sobre-cambio-climatico\\\/#primaryimage\"},\"thumbnailUrl\":\"\",\"articleSection\":[\"Agenda Ambiental\",\"Noticias\"],\"inLanguage\":\"es\"},{\"@type\":\"WebPage\",\"@id\":\"https:\\\/\\\/patagoniambiental.com.ar\\\/info\\\/bolivia-convoca-a-segunda-conferencia-mundial-de-los-pueblos-sobre-cambio-climatico\\\/\",\"url\":\"https:\\\/\\\/patagoniambiental.com.ar\\\/info\\\/bolivia-convoca-a-segunda-conferencia-mundial-de-los-pueblos-sobre-cambio-climatico\\\/\",\"name\":\"Bolivia convoca a segunda conferencia mundial de los pueblos sobre cambio clim\u00e1tico\",\"isPartOf\":{\"@id\":\"https:\\\/\\\/patagoniambiental.com.ar\\\/info\\\/#website\"},\"primaryImageOfPage\":{\"@id\":\"https:\\\/\\\/patagoniambiental.com.ar\\\/info\\\/bolivia-convoca-a-segunda-conferencia-mundial-de-los-pueblos-sobre-cambio-climatico\\\/#primaryimage\"},\"image\":{\"@id\":\"https:\\\/\\\/patagoniambiental.com.ar\\\/info\\\/bolivia-convoca-a-segunda-conferencia-mundial-de-los-pueblos-sobre-cambio-climatico\\\/#primaryimage\"},\"thumbnailUrl\":\"\",\"datePublished\":\"2015-08-21T12:00:51+00:00\",\"breadcrumb\":{\"@id\":\"https:\\\/\\\/patagoniambiental.com.ar\\\/info\\\/bolivia-convoca-a-segunda-conferencia-mundial-de-los-pueblos-sobre-cambio-climatico\\\/#breadcrumb\"},\"inLanguage\":\"es\",\"potentialAction\":[{\"@type\":\"ReadAction\",\"target\":[\"https:\\\/\\\/patagoniambiental.com.ar\\\/info\\\/bolivia-convoca-a-segunda-conferencia-mundial-de-los-pueblos-sobre-cambio-climatico\\\/\"]}]},{\"@type\":\"ImageObject\",\"inLanguage\":\"es\",\"@id\":\"https:\\\/\\\/patagoniambiental.com.ar\\\/info\\\/bolivia-convoca-a-segunda-conferencia-mundial-de-los-pueblos-sobre-cambio-climatico\\\/#primaryimage\",\"url\":\"\",\"contentUrl\":\"\"},{\"@type\":\"BreadcrumbList\",\"@id\":\"https:\\\/\\\/patagoniambiental.com.ar\\\/info\\\/bolivia-convoca-a-segunda-conferencia-mundial-de-los-pueblos-sobre-cambio-climatico\\\/#breadcrumb\",\"itemListElement\":[{\"@type\":\"ListItem\",\"position\":1,\"name\":\"Inicio\",\"item\":\"https:\\\/\\\/patagoniambiental.com.ar\\\/info\\\/\"},{\"@type\":\"ListItem\",\"position\":2,\"name\":\"Bolivia convoca a segunda conferencia mundial de los pueblos sobre cambio clim\u00e1tico\"}]},{\"@type\":\"WebSite\",\"@id\":\"https:\\\/\\\/patagoniambiental.com.ar\\\/info\\\/#website\",\"url\":\"https:\\\/\\\/patagoniambiental.com.ar\\\/info\\\/\",\"name\":\"Patagonia Ambiental\",\"description\":\"Monitoreo y an\u00e1lisis de la situaci\u00f3n geopol\u00edtica en el mundo y su implicancia en la Patagonia\",\"publisher\":{\"@id\":\"https:\\\/\\\/patagoniambiental.com.ar\\\/info\\\/#organization\"},\"potentialAction\":[{\"@type\":\"SearchAction\",\"target\":{\"@type\":\"EntryPoint\",\"urlTemplate\":\"https:\\\/\\\/patagoniambiental.com.ar\\\/info\\\/?s={search_term_string}\"},\"query-input\":{\"@type\":\"PropertyValueSpecification\",\"valueRequired\":true,\"valueName\":\"search_term_string\"}}],\"inLanguage\":\"es\"},{\"@type\":\"Organization\",\"@id\":\"https:\\\/\\\/patagoniambiental.com.ar\\\/info\\\/#organization\",\"name\":\"Patagonia Ambiental\",\"url\":\"https:\\\/\\\/patagoniambiental.com.ar\\\/info\\\/\",\"logo\":{\"@type\":\"ImageObject\",\"inLanguage\":\"es\",\"@id\":\"https:\\\/\\\/patagoniambiental.com.ar\\\/info\\\/#\\\/schema\\\/logo\\\/image\\\/\",\"url\":\"https:\\\/\\\/patagoniambiental.com.ar\\\/info\\\/wp-content\\\/uploads\\\/2025\\\/05\\\/LOGO-PATAGONIA-AMBIENTAL.png\",\"contentUrl\":\"https:\\\/\\\/patagoniambiental.com.ar\\\/info\\\/wp-content\\\/uploads\\\/2025\\\/05\\\/LOGO-PATAGONIA-AMBIENTAL.png\",\"width\":433,\"height\":250,\"caption\":\"Patagonia Ambiental\"},\"image\":{\"@id\":\"https:\\\/\\\/patagoniambiental.com.ar\\\/info\\\/#\\\/schema\\\/logo\\\/image\\\/\"},\"sameAs\":[\"https:\\\/\\\/www.facebook.com\\\/patagonia.ambiental\",\"https:\\\/\\\/x.com\\\/PatAmb\"]},{\"@type\":\"Person\",\"@id\":\"https:\\\/\\\/patagoniambiental.com.ar\\\/info\\\/#\\\/schema\\\/person\\\/db12bff64bbcbf6a253710bf0ea37b5d\",\"name\":\"Patagonia Ambiental\",\"description\":\"Andr\u00e9s Nievas T\u00e9cnico en manejo ambiental, consultor Ambiental y escritor para medios locales e internacionales sobre temas de geopolitica y medio ambiente.\",\"sameAs\":[\"http:\\\/\\\/www.patagoniambiental.com.ar\",\"https:\\\/\\\/www.facebook.com\\\/share\\\/1C1V8Gv9BX\\\/?mibextid=qi2Omg\",\"@patagoniambiental\",\"https:\\\/\\\/youtube.com\\\/@patagoniaambiental2023?si=BLt58t0wuXquxlYZ\"]}]}<\/script>\n<!-- \/ Yoast SEO Premium plugin. -->","yoast_head_json":{"title":"Bolivia convoca a segunda conferencia mundial de los pueblos sobre cambio clim\u00e1tico","robots":{"index":"index","follow":"follow","max-snippet":"max-snippet:-1","max-image-preview":"max-image-preview:large","max-video-preview":"max-video-preview:-1"},"canonical":"https:\/\/patagoniambiental.com.ar\/info\/bolivia-convoca-a-segunda-conferencia-mundial-de-los-pueblos-sobre-cambio-climatico\/","og_locale":"es_ES","og_type":"article","og_title":"Bolivia convoca a segunda conferencia mundial de los pueblos sobre cambio clim\u00e1tico","og_description":"La Paz.-El presidente Evo Morales oficializ\u00f3 el jueves la organizaci\u00f3n de la segunda cumbre mundial de los pueblos sobre el [&hellip;]","og_url":"https:\/\/patagoniambiental.com.ar\/info\/bolivia-convoca-a-segunda-conferencia-mundial-de-los-pueblos-sobre-cambio-climatico\/","og_site_name":"Patagonia Ambiental","article_publisher":"https:\/\/www.facebook.com\/patagonia.ambiental","article_author":"https:\/\/www.facebook.com\/share\/1C1V8Gv9BX\/?mibextid=qi2Omg","article_published_time":"2015-08-21T12:00:51+00:00","author":"Patagonia Ambiental","twitter_card":"summary_large_image","twitter_creator":"@PatAmb","twitter_site":"@PatAmb","schema":{"@context":"https:\/\/schema.org","@graph":[{"@type":"Article","@id":"https:\/\/patagoniambiental.com.ar\/info\/bolivia-convoca-a-segunda-conferencia-mundial-de-los-pueblos-sobre-cambio-climatico\/#article","isPartOf":{"@id":"https:\/\/patagoniambiental.com.ar\/info\/bolivia-convoca-a-segunda-conferencia-mundial-de-los-pueblos-sobre-cambio-climatico\/"},"author":{"name":"Patagonia Ambiental","@id":"https:\/\/patagoniambiental.com.ar\/info\/#\/schema\/person\/db12bff64bbcbf6a253710bf0ea37b5d"},"headline":"Bolivia convoca a segunda conferencia mundial de los pueblos sobre cambio clim\u00e1tico","datePublished":"2015-08-21T12:00:51+00:00","mainEntityOfPage":{"@id":"https:\/\/patagoniambiental.com.ar\/info\/bolivia-convoca-a-segunda-conferencia-mundial-de-los-pueblos-sobre-cambio-climatico\/"},"wordCount":369,"publisher":{"@id":"https:\/\/patagoniambiental.com.ar\/info\/#organization"},"image":{"@id":"https:\/\/patagoniambiental.com.ar\/info\/bolivia-convoca-a-segunda-conferencia-mundial-de-los-pueblos-sobre-cambio-climatico\/#primaryimage"},"thumbnailUrl":"","articleSection":["Agenda Ambiental","Noticias"],"inLanguage":"es"},{"@type":"WebPage","@id":"https:\/\/patagoniambiental.com.ar\/info\/bolivia-convoca-a-segunda-conferencia-mundial-de-los-pueblos-sobre-cambio-climatico\/","url":"https:\/\/patagoniambiental.com.ar\/info\/bolivia-convoca-a-segunda-conferencia-mundial-de-los-pueblos-sobre-cambio-climatico\/","name":"Bolivia convoca a segunda conferencia mundial de los pueblos sobre cambio clim\u00e1tico","isPartOf":{"@id":"https:\/\/patagoniambiental.com.ar\/info\/#website"},"primaryImageOfPage":{"@id":"https:\/\/patagoniambiental.com.ar\/info\/bolivia-convoca-a-segunda-conferencia-mundial-de-los-pueblos-sobre-cambio-climatico\/#primaryimage"},"image":{"@id":"https:\/\/patagoniambiental.com.ar\/info\/bolivia-convoca-a-segunda-conferencia-mundial-de-los-pueblos-sobre-cambio-climatico\/#primaryimage"},"thumbnailUrl":"","datePublished":"2015-08-21T12:00:51+00:00","breadcrumb":{"@id":"https:\/\/patagoniambiental.com.ar\/info\/bolivia-convoca-a-segunda-conferencia-mundial-de-los-pueblos-sobre-cambio-climatico\/#breadcrumb"},"inLanguage":"es","potentialAction":[{"@type":"ReadAction","target":["https:\/\/patagoniambiental.com.ar\/info\/bolivia-convoca-a-segunda-conferencia-mundial-de-los-pueblos-sobre-cambio-climatico\/"]}]},{"@type":"ImageObject","inLanguage":"es","@id":"https:\/\/patagoniambiental.com.ar\/info\/bolivia-convoca-a-segunda-conferencia-mundial-de-los-pueblos-sobre-cambio-climatico\/#primaryimage","url":"","contentUrl":""},{"@type":"BreadcrumbList","@id":"https:\/\/patagoniambiental.com.ar\/info\/bolivia-convoca-a-segunda-conferencia-mundial-de-los-pueblos-sobre-cambio-climatico\/#breadcrumb","itemListElement":[{"@type":"ListItem","position":1,"name":"Inicio","item":"https:\/\/patagoniambiental.com.ar\/info\/"},{"@type":"ListItem","position":2,"name":"Bolivia convoca a segunda conferencia mundial de los pueblos sobre cambio clim\u00e1tico"}]},{"@type":"WebSite","@id":"https:\/\/patagoniambiental.com.ar\/info\/#website","url":"https:\/\/patagoniambiental.com.ar\/info\/","name":"Patagonia Ambiental","description":"Monitoreo y an\u00e1lisis de la situaci\u00f3n geopol\u00edtica en el mundo y su implicancia en la Patagonia","publisher":{"@id":"https:\/\/patagoniambiental.com.ar\/info\/#organization"},"potentialAction":[{"@type":"SearchAction","target":{"@type":"EntryPoint","urlTemplate":"https:\/\/patagoniambiental.com.ar\/info\/?s={search_term_string}"},"query-input":{"@type":"PropertyValueSpecification","valueRequired":true,"valueName":"search_term_string"}}],"inLanguage":"es"},{"@type":"Organization","@id":"https:\/\/patagoniambiental.com.ar\/info\/#organization","name":"Patagonia Ambiental","url":"https:\/\/patagoniambiental.com.ar\/info\/","logo":{"@type":"ImageObject","inLanguage":"es","@id":"https:\/\/patagoniambiental.com.ar\/info\/#\/schema\/logo\/image\/","url":"https:\/\/patagoniambiental.com.ar\/info\/wp-content\/uploads\/2025\/05\/LOGO-PATAGONIA-AMBIENTAL.png","contentUrl":"https:\/\/patagoniambiental.com.ar\/info\/wp-content\/uploads\/2025\/05\/LOGO-PATAGONIA-AMBIENTAL.png","width":433,"height":250,"caption":"Patagonia Ambiental"},"image":{"@id":"https:\/\/patagoniambiental.com.ar\/info\/#\/schema\/logo\/image\/"},"sameAs":["https:\/\/www.facebook.com\/patagonia.ambiental","https:\/\/x.com\/PatAmb"]},{"@type":"Person","@id":"https:\/\/patagoniambiental.com.ar\/info\/#\/schema\/person\/db12bff64bbcbf6a253710bf0ea37b5d","name":"Patagonia Ambiental","description":"Andr\u00e9s Nievas T\u00e9cnico en manejo ambiental, consultor Ambiental y escritor para medios locales e internacionales sobre temas de geopolitica y medio ambiente.","sameAs":["http:\/\/www.patagoniambiental.com.ar","https:\/\/www.facebook.com\/share\/1C1V8Gv9BX\/?mibextid=qi2Omg","@patagoniambiental","https:\/\/youtube.com\/@patagoniaambiental2023?si=BLt58t0wuXquxlYZ"]}]}},"_links":{"self":[{"href":"https:\/\/patagoniambiental.com.ar\/info\/wp-json\/wp\/v2\/posts\/13477","targetHints":{"allow":["GET"]}}],"collection":[{"href":"https:\/\/patagoniambiental.com.ar\/info\/wp-json\/wp\/v2\/posts"}],"about":[{"href":"https:\/\/patagoniambiental.com.ar\/info\/wp-json\/wp\/v2\/types\/post"}],"author":[{"embeddable":true,"href":"https:\/\/patagoniambiental.com.ar\/info\/wp-json\/wp\/v2\/users\/2"}],"replies":[{"embeddable":true,"href":"https:\/\/patagoniambiental.com.ar\/info\/wp-json\/wp\/v2\/comments?post=13477"}],"version-history":[{"count":0,"href":"https:\/\/patagoniambiental.com.ar\/info\/wp-json\/wp\/v2\/posts\/13477\/revisions"}],"wp:featuredmedia":[{"embeddable":true,"href":"https:\/\/patagoniambiental.com.ar\/info\/wp-json\/"}],"wp:attachment":[{"href":"https:\/\/patagoniambiental.com.ar\/info\/wp-json\/wp\/v2\/media?parent=13477"}],"wp:term":[{"taxonomy":"category","embeddable":true,"href":"https:\/\/patagoniambiental.com.ar\/info\/wp-json\/wp\/v2\/categories?post=13477"},{"taxonomy":"post_tag","embeddable":true,"href":"https:\/\/patagoniambiental.com.ar\/info\/wp-json\/wp\/v2\/tags?post=13477"}],"curies":[{"name":"wp","href":"https:\/\/api.w.org\/{rel}","templated":true}]}}