{"id":13512,"date":"2015-08-22T19:00:40","date_gmt":"2015-08-22T22:00:40","guid":{"rendered":"http:\/\/patagoniambiental.com.ar\/?p=13512"},"modified":"2015-08-22T19:00:40","modified_gmt":"2015-08-22T22:00:40","slug":"nicola-visito-el-centro-de-investigaciones-en-energia-y-ambiente-en-austin","status":"publish","type":"post","link":"https:\/\/patagoniambiental.com.ar\/info\/nicola-visito-el-centro-de-investigaciones-en-energia-y-ambiente-en-austin\/","title":{"rendered":"Nicola visit\u00f3 el Centro de Investigaciones en Energ\u00eda y Ambiente en Austin"},"content":{"rendered":"<p>Texas.-La Universidad de Texas auspici\u00f3 una serie de encuentros entre el ministro de Energ\u00eda y su equipo de trabajocon ingenieros de distintos centros de investigaci\u00f3n sobre hidrocarburos y energ\u00eda en Estados Unidos.<!--more--><\/p>\n<p>En el marco de una serie de encuentros y visitas a distintas locaciones que el Ministro de Energ\u00eda neuquino, el equipo de hidrocarburos y Ambiente de la provincia mantienen desde el lunes en Texas, Estados Unidos, se destac\u00f3 la visita al Bureau de Geolog\u00eda Econ\u00f3mica (BEG) y al Centro de Investigaciones de Energ\u00eda y Ambiente (CEER J.J. Pickle), como tambi\u00e9n al Centro de Inform\u00e1tica Avanzada, donde se puso de manifiesto el avance sobre la materia y el tratamiento de temas relacionados con los hidrocarburos y la ciencia ambiental.<\/p>\n<p>El Bureau de Geolog\u00eda Econ\u00f3mica, perteneciente a la Universidad de Texas y con m\u00e1s de 100 a\u00f1os de investigaci\u00f3n en el \u00e1rea, conduce estudios e investigaciones sobre energ\u00eda y geociencia medioambiental, proveyendo un completoservicio de asesoramiento, e informaci\u00f3n t\u00e9cnica. Opera con un presupuesto de m\u00e1s de 300 millones de d\u00f3lares, que se obtienen en un 90 por ciento a partir de la participaci\u00f3n en programas de becas y obtenci\u00f3n de contratos con privados. El Centro posee adem\u00e1s el dep\u00f3sito o guarda de muestras de testigos de rocam\u00e1s grande del mundoobtenidas de los pozos petrol\u00edferos de Estados Unidos,los cuales someten a estudios de manera permanente.<\/p>\n<p>All\u00ed, en una presentaci\u00f3n realizada especialmente por sus ingenieros para la delegaci\u00f3n neuquina, se pusieron de manifiesto los grandes avances en el conocimiento sobre la estimulaci\u00f3n hidr\u00e1ulica, los distintos yacimientos en todo el territorio de Estados Unidos y sus particularidades. Nicola expres\u00f3 que \u201cpudimos apreciar aqu\u00ed, en la cuna de los no convencionales, la experiencia y el conocimiento puesto al servicio del desarrollo de la industria y la sociedad. Realmente es muy positivo el intercambio para poder entender el presente y vislumbrar el futuro de Neuqu\u00e9n en la materia\u201d<\/p>\n<p>La misi\u00f3n t\u00e9cnica neuquina visit\u00f3 luego el Centro de Investigaciones de Energ\u00eda y Ambiente, donde se realizaron presentaciones y se destacaron los proyectos de ingenier\u00eda de \u00faltima generaci\u00f3n aplicada al gas y petr\u00f3leo no convencionales.Tambi\u00e9n recorri\u00f3 el Centro de Inform\u00e1tica Avanzada, que cuenta con un desarrollo de investigaciones que se realiza de manera simult\u00e1nea gracias a que posee una computadora que por su tama\u00f1o y capacidad es la sexta m\u00e1s importante del mundo.<\/p>\n<p>En la oportunidad, Nicola propici\u00f3 la posibilidad de establecer un v\u00ednculo entre la Universidad de Texas y la Universidad Nacional del Comahue, con el objetivo del intercambio acad\u00e9mico y el desarrollo de programas de estudios. Destac\u00f3 las similitudes entre ambas casas de altos estudios, siendo la ciudad de Texas en Estados Unidos lo que Neuqu\u00e9n es a Argentina en cuanto a producci\u00f3n de energ\u00eda y potencial de desarrollo.\u201cComo egresado dela Universidad del Comahue aspiramos a firmar posibles convenios de cooperaci\u00f3n para tratar de establecer un lazo permanente entre ambas instituciones\u201d, sostuvo.<\/p>\n<p>Fuente: Neuqu\u00e9n Informa<\/p>\n","protected":false},"excerpt":{"rendered":"<p>Texas.-La Universidad de Texas auspici\u00f3 una serie de encuentros entre el ministro de Energ\u00eda y su equipo de trabajocon ingenieros [&hellip;]<\/p>\n","protected":false},"author":2,"featured_media":13513,"comment_status":"closed","ping_status":"closed","sticky":false,"template":"","format":"standard","meta":{"site-sidebar-layout":"default","site-content-layout":"","ast-site-content-layout":"default","site-content-style":"default","site-sidebar-style":"default","ast-global-header-display":"","ast-banner-title-visibility":"","ast-main-header-display":"","ast-hfb-above-header-display":"","ast-hfb-below-header-display":"","ast-hfb-mobile-header-display":"","site-post-title":"","ast-breadcrumbs-content":"","ast-featured-img":"","footer-sml-layout":"","ast-disable-related-posts":"","theme-transparent-header-meta":"","adv-header-id-meta":"","stick-header-meta":"","header-above-stick-meta":"","header-main-stick-meta":"","header-below-stick-meta":"","astra-migrate-meta-layouts":"default","ast-page-background-enabled":"default","ast-page-background-meta":{"desktop":{"background-color":"var(--ast-global-color-5)","background-image":"","background-repeat":"repeat","background-position":"center center","background-size":"auto","background-attachment":"scroll","background-type":"","background-media":"","overlay-type":"","overlay-color":"","overlay-opacity":"","overlay-gradient":""},"tablet":{"background-color":"","background-image":"","background-repeat":"repeat","background-position":"center center","background-size":"auto","background-attachment":"scroll","background-type":"","background-media":"","overlay-type":"","overlay-color":"","overlay-opacity":"","overlay-gradient":""},"mobile":{"background-color":"","background-image":"","background-repeat":"repeat","background-position":"center center","background-size":"auto","background-attachment":"scroll","background-type":"","background-media":"","overlay-type":"","overlay-color":"","overlay-opacity":"","overlay-gradient":""}},"ast-content-background-meta":{"desktop":{"background-color":"var(--ast-global-color-4)","background-image":"","background-repeat":"repeat","background-position":"center center","background-size":"auto","background-attachment":"scroll","background-type":"","background-media":"","overlay-type":"","overlay-color":"","overlay-opacity":"","overlay-gradient":""},"tablet":{"background-color":"var(--ast-global-color-4)","background-image":"","background-repeat":"repeat","background-position":"center center","background-size":"auto","background-attachment":"scroll","background-type":"","background-media":"","overlay-type":"","overlay-color":"","overlay-opacity":"","overlay-gradient":""},"mobile":{"background-color":"var(--ast-global-color-4)","background-image":"","background-repeat":"repeat","background-position":"center center","background-size":"auto","background-attachment":"scroll","background-type":"","background-media":"","overlay-type":"","overlay-color":"","overlay-opacity":"","overlay-gradient":""}},"footnotes":""},"categories":[23,1],"tags":[],"class_list":["post-13512","post","type-post","status-publish","format-standard","has-post-thumbnail","hentry","category-internacionales","category-noticias"],"yoast_head":"<!-- This site is optimized with the Yoast SEO Premium plugin v23.0 (Yoast SEO v27.4) - https:\/\/yoast.com\/product\/yoast-seo-premium-wordpress\/ -->\n<title>Nicola visit\u00f3 el Centro de Investigaciones en Energ\u00eda y Ambiente en Austin<\/title>\n<meta name=\"robots\" content=\"index, follow, max-snippet:-1, max-image-preview:large, max-video-preview:-1\" \/>\n<link rel=\"canonical\" href=\"https:\/\/patagoniambiental.com.ar\/info\/nicola-visito-el-centro-de-investigaciones-en-energia-y-ambiente-en-austin\/\" \/>\n<meta property=\"og:locale\" content=\"es_ES\" \/>\n<meta property=\"og:type\" content=\"article\" \/>\n<meta property=\"og:title\" content=\"Nicola visit\u00f3 el Centro de Investigaciones en Energ\u00eda y Ambiente en Austin\" \/>\n<meta property=\"og:description\" content=\"Texas.-La Universidad de Texas auspici\u00f3 una serie de encuentros entre el ministro de Energ\u00eda y su equipo de trabajocon ingenieros [&hellip;]\" \/>\n<meta property=\"og:url\" content=\"https:\/\/patagoniambiental.com.ar\/info\/nicola-visito-el-centro-de-investigaciones-en-energia-y-ambiente-en-austin\/\" \/>\n<meta property=\"og:site_name\" content=\"Patagonia Ambiental\" \/>\n<meta property=\"article:publisher\" content=\"https:\/\/www.facebook.com\/patagonia.ambiental\" \/>\n<meta property=\"article:author\" content=\"https:\/\/www.facebook.com\/share\/1C1V8Gv9BX\/?mibextid=qi2Omg\" \/>\n<meta property=\"article:published_time\" content=\"2015-08-22T22:00:40+00:00\" \/>\n<meta name=\"author\" content=\"Patagonia Ambiental\" \/>\n<meta name=\"twitter:card\" content=\"summary_large_image\" \/>\n<meta name=\"twitter:creator\" content=\"@PatAmb\" \/>\n<meta name=\"twitter:site\" content=\"@PatAmb\" \/>\n<script type=\"application\/ld+json\" class=\"yoast-schema-graph\">{\"@context\":\"https:\\\/\\\/schema.org\",\"@graph\":[{\"@type\":\"Article\",\"@id\":\"https:\\\/\\\/patagoniambiental.com.ar\\\/info\\\/nicola-visito-el-centro-de-investigaciones-en-energia-y-ambiente-en-austin\\\/#article\",\"isPartOf\":{\"@id\":\"https:\\\/\\\/patagoniambiental.com.ar\\\/info\\\/nicola-visito-el-centro-de-investigaciones-en-energia-y-ambiente-en-austin\\\/\"},\"author\":{\"name\":\"Patagonia Ambiental\",\"@id\":\"https:\\\/\\\/patagoniambiental.com.ar\\\/info\\\/#\\\/schema\\\/person\\\/db12bff64bbcbf6a253710bf0ea37b5d\"},\"headline\":\"Nicola visit\u00f3 el Centro de Investigaciones en Energ\u00eda y Ambiente en Austin\",\"datePublished\":\"2015-08-22T22:00:40+00:00\",\"mainEntityOfPage\":{\"@id\":\"https:\\\/\\\/patagoniambiental.com.ar\\\/info\\\/nicola-visito-el-centro-de-investigaciones-en-energia-y-ambiente-en-austin\\\/\"},\"wordCount\":543,\"publisher\":{\"@id\":\"https:\\\/\\\/patagoniambiental.com.ar\\\/info\\\/#organization\"},\"image\":{\"@id\":\"https:\\\/\\\/patagoniambiental.com.ar\\\/info\\\/nicola-visito-el-centro-de-investigaciones-en-energia-y-ambiente-en-austin\\\/#primaryimage\"},\"thumbnailUrl\":\"\",\"articleSection\":[\"Internacionales\",\"Noticias\"],\"inLanguage\":\"es\"},{\"@type\":\"WebPage\",\"@id\":\"https:\\\/\\\/patagoniambiental.com.ar\\\/info\\\/nicola-visito-el-centro-de-investigaciones-en-energia-y-ambiente-en-austin\\\/\",\"url\":\"https:\\\/\\\/patagoniambiental.com.ar\\\/info\\\/nicola-visito-el-centro-de-investigaciones-en-energia-y-ambiente-en-austin\\\/\",\"name\":\"Nicola visit\u00f3 el Centro de Investigaciones en Energ\u00eda y Ambiente en Austin\",\"isPartOf\":{\"@id\":\"https:\\\/\\\/patagoniambiental.com.ar\\\/info\\\/#website\"},\"primaryImageOfPage\":{\"@id\":\"https:\\\/\\\/patagoniambiental.com.ar\\\/info\\\/nicola-visito-el-centro-de-investigaciones-en-energia-y-ambiente-en-austin\\\/#primaryimage\"},\"image\":{\"@id\":\"https:\\\/\\\/patagoniambiental.com.ar\\\/info\\\/nicola-visito-el-centro-de-investigaciones-en-energia-y-ambiente-en-austin\\\/#primaryimage\"},\"thumbnailUrl\":\"\",\"datePublished\":\"2015-08-22T22:00:40+00:00\",\"breadcrumb\":{\"@id\":\"https:\\\/\\\/patagoniambiental.com.ar\\\/info\\\/nicola-visito-el-centro-de-investigaciones-en-energia-y-ambiente-en-austin\\\/#breadcrumb\"},\"inLanguage\":\"es\",\"potentialAction\":[{\"@type\":\"ReadAction\",\"target\":[\"https:\\\/\\\/patagoniambiental.com.ar\\\/info\\\/nicola-visito-el-centro-de-investigaciones-en-energia-y-ambiente-en-austin\\\/\"]}]},{\"@type\":\"ImageObject\",\"inLanguage\":\"es\",\"@id\":\"https:\\\/\\\/patagoniambiental.com.ar\\\/info\\\/nicola-visito-el-centro-de-investigaciones-en-energia-y-ambiente-en-austin\\\/#primaryimage\",\"url\":\"\",\"contentUrl\":\"\"},{\"@type\":\"BreadcrumbList\",\"@id\":\"https:\\\/\\\/patagoniambiental.com.ar\\\/info\\\/nicola-visito-el-centro-de-investigaciones-en-energia-y-ambiente-en-austin\\\/#breadcrumb\",\"itemListElement\":[{\"@type\":\"ListItem\",\"position\":1,\"name\":\"Inicio\",\"item\":\"https:\\\/\\\/patagoniambiental.com.ar\\\/info\\\/\"},{\"@type\":\"ListItem\",\"position\":2,\"name\":\"Nicola visit\u00f3 el Centro de Investigaciones en Energ\u00eda y Ambiente en Austin\"}]},{\"@type\":\"WebSite\",\"@id\":\"https:\\\/\\\/patagoniambiental.com.ar\\\/info\\\/#website\",\"url\":\"https:\\\/\\\/patagoniambiental.com.ar\\\/info\\\/\",\"name\":\"Patagonia Ambiental\",\"description\":\"Monitoreo y an\u00e1lisis de la situaci\u00f3n geopol\u00edtica en el mundo y su implicancia en la Patagonia\",\"publisher\":{\"@id\":\"https:\\\/\\\/patagoniambiental.com.ar\\\/info\\\/#organization\"},\"potentialAction\":[{\"@type\":\"SearchAction\",\"target\":{\"@type\":\"EntryPoint\",\"urlTemplate\":\"https:\\\/\\\/patagoniambiental.com.ar\\\/info\\\/?s={search_term_string}\"},\"query-input\":{\"@type\":\"PropertyValueSpecification\",\"valueRequired\":true,\"valueName\":\"search_term_string\"}}],\"inLanguage\":\"es\"},{\"@type\":\"Organization\",\"@id\":\"https:\\\/\\\/patagoniambiental.com.ar\\\/info\\\/#organization\",\"name\":\"Patagonia Ambiental\",\"url\":\"https:\\\/\\\/patagoniambiental.com.ar\\\/info\\\/\",\"logo\":{\"@type\":\"ImageObject\",\"inLanguage\":\"es\",\"@id\":\"https:\\\/\\\/patagoniambiental.com.ar\\\/info\\\/#\\\/schema\\\/logo\\\/image\\\/\",\"url\":\"https:\\\/\\\/patagoniambiental.com.ar\\\/info\\\/wp-content\\\/uploads\\\/2025\\\/05\\\/LOGO-PATAGONIA-AMBIENTAL.png\",\"contentUrl\":\"https:\\\/\\\/patagoniambiental.com.ar\\\/info\\\/wp-content\\\/uploads\\\/2025\\\/05\\\/LOGO-PATAGONIA-AMBIENTAL.png\",\"width\":433,\"height\":250,\"caption\":\"Patagonia Ambiental\"},\"image\":{\"@id\":\"https:\\\/\\\/patagoniambiental.com.ar\\\/info\\\/#\\\/schema\\\/logo\\\/image\\\/\"},\"sameAs\":[\"https:\\\/\\\/www.facebook.com\\\/patagonia.ambiental\",\"https:\\\/\\\/x.com\\\/PatAmb\"]},{\"@type\":\"Person\",\"@id\":\"https:\\\/\\\/patagoniambiental.com.ar\\\/info\\\/#\\\/schema\\\/person\\\/db12bff64bbcbf6a253710bf0ea37b5d\",\"name\":\"Patagonia Ambiental\",\"description\":\"Andr\u00e9s Nievas T\u00e9cnico en manejo ambiental, consultor Ambiental y escritor para medios locales e internacionales sobre temas de geopolitica y medio ambiente.\",\"sameAs\":[\"http:\\\/\\\/www.patagoniambiental.com.ar\",\"https:\\\/\\\/www.facebook.com\\\/share\\\/1C1V8Gv9BX\\\/?mibextid=qi2Omg\",\"@patagoniambiental\",\"https:\\\/\\\/youtube.com\\\/@patagoniaambiental2023?si=BLt58t0wuXquxlYZ\"]}]}<\/script>\n<!-- \/ Yoast SEO Premium plugin. -->","yoast_head_json":{"title":"Nicola visit\u00f3 el Centro de Investigaciones en Energ\u00eda y Ambiente en Austin","robots":{"index":"index","follow":"follow","max-snippet":"max-snippet:-1","max-image-preview":"max-image-preview:large","max-video-preview":"max-video-preview:-1"},"canonical":"https:\/\/patagoniambiental.com.ar\/info\/nicola-visito-el-centro-de-investigaciones-en-energia-y-ambiente-en-austin\/","og_locale":"es_ES","og_type":"article","og_title":"Nicola visit\u00f3 el Centro de Investigaciones en Energ\u00eda y Ambiente en Austin","og_description":"Texas.-La Universidad de Texas auspici\u00f3 una serie de encuentros entre el ministro de Energ\u00eda y su equipo de trabajocon ingenieros [&hellip;]","og_url":"https:\/\/patagoniambiental.com.ar\/info\/nicola-visito-el-centro-de-investigaciones-en-energia-y-ambiente-en-austin\/","og_site_name":"Patagonia Ambiental","article_publisher":"https:\/\/www.facebook.com\/patagonia.ambiental","article_author":"https:\/\/www.facebook.com\/share\/1C1V8Gv9BX\/?mibextid=qi2Omg","article_published_time":"2015-08-22T22:00:40+00:00","author":"Patagonia Ambiental","twitter_card":"summary_large_image","twitter_creator":"@PatAmb","twitter_site":"@PatAmb","schema":{"@context":"https:\/\/schema.org","@graph":[{"@type":"Article","@id":"https:\/\/patagoniambiental.com.ar\/info\/nicola-visito-el-centro-de-investigaciones-en-energia-y-ambiente-en-austin\/#article","isPartOf":{"@id":"https:\/\/patagoniambiental.com.ar\/info\/nicola-visito-el-centro-de-investigaciones-en-energia-y-ambiente-en-austin\/"},"author":{"name":"Patagonia Ambiental","@id":"https:\/\/patagoniambiental.com.ar\/info\/#\/schema\/person\/db12bff64bbcbf6a253710bf0ea37b5d"},"headline":"Nicola visit\u00f3 el Centro de Investigaciones en Energ\u00eda y Ambiente en Austin","datePublished":"2015-08-22T22:00:40+00:00","mainEntityOfPage":{"@id":"https:\/\/patagoniambiental.com.ar\/info\/nicola-visito-el-centro-de-investigaciones-en-energia-y-ambiente-en-austin\/"},"wordCount":543,"publisher":{"@id":"https:\/\/patagoniambiental.com.ar\/info\/#organization"},"image":{"@id":"https:\/\/patagoniambiental.com.ar\/info\/nicola-visito-el-centro-de-investigaciones-en-energia-y-ambiente-en-austin\/#primaryimage"},"thumbnailUrl":"","articleSection":["Internacionales","Noticias"],"inLanguage":"es"},{"@type":"WebPage","@id":"https:\/\/patagoniambiental.com.ar\/info\/nicola-visito-el-centro-de-investigaciones-en-energia-y-ambiente-en-austin\/","url":"https:\/\/patagoniambiental.com.ar\/info\/nicola-visito-el-centro-de-investigaciones-en-energia-y-ambiente-en-austin\/","name":"Nicola visit\u00f3 el Centro de Investigaciones en Energ\u00eda y Ambiente en Austin","isPartOf":{"@id":"https:\/\/patagoniambiental.com.ar\/info\/#website"},"primaryImageOfPage":{"@id":"https:\/\/patagoniambiental.com.ar\/info\/nicola-visito-el-centro-de-investigaciones-en-energia-y-ambiente-en-austin\/#primaryimage"},"image":{"@id":"https:\/\/patagoniambiental.com.ar\/info\/nicola-visito-el-centro-de-investigaciones-en-energia-y-ambiente-en-austin\/#primaryimage"},"thumbnailUrl":"","datePublished":"2015-08-22T22:00:40+00:00","breadcrumb":{"@id":"https:\/\/patagoniambiental.com.ar\/info\/nicola-visito-el-centro-de-investigaciones-en-energia-y-ambiente-en-austin\/#breadcrumb"},"inLanguage":"es","potentialAction":[{"@type":"ReadAction","target":["https:\/\/patagoniambiental.com.ar\/info\/nicola-visito-el-centro-de-investigaciones-en-energia-y-ambiente-en-austin\/"]}]},{"@type":"ImageObject","inLanguage":"es","@id":"https:\/\/patagoniambiental.com.ar\/info\/nicola-visito-el-centro-de-investigaciones-en-energia-y-ambiente-en-austin\/#primaryimage","url":"","contentUrl":""},{"@type":"BreadcrumbList","@id":"https:\/\/patagoniambiental.com.ar\/info\/nicola-visito-el-centro-de-investigaciones-en-energia-y-ambiente-en-austin\/#breadcrumb","itemListElement":[{"@type":"ListItem","position":1,"name":"Inicio","item":"https:\/\/patagoniambiental.com.ar\/info\/"},{"@type":"ListItem","position":2,"name":"Nicola visit\u00f3 el Centro de Investigaciones en Energ\u00eda y Ambiente en Austin"}]},{"@type":"WebSite","@id":"https:\/\/patagoniambiental.com.ar\/info\/#website","url":"https:\/\/patagoniambiental.com.ar\/info\/","name":"Patagonia Ambiental","description":"Monitoreo y an\u00e1lisis de la situaci\u00f3n geopol\u00edtica en el mundo y su implicancia en la Patagonia","publisher":{"@id":"https:\/\/patagoniambiental.com.ar\/info\/#organization"},"potentialAction":[{"@type":"SearchAction","target":{"@type":"EntryPoint","urlTemplate":"https:\/\/patagoniambiental.com.ar\/info\/?s={search_term_string}"},"query-input":{"@type":"PropertyValueSpecification","valueRequired":true,"valueName":"search_term_string"}}],"inLanguage":"es"},{"@type":"Organization","@id":"https:\/\/patagoniambiental.com.ar\/info\/#organization","name":"Patagonia Ambiental","url":"https:\/\/patagoniambiental.com.ar\/info\/","logo":{"@type":"ImageObject","inLanguage":"es","@id":"https:\/\/patagoniambiental.com.ar\/info\/#\/schema\/logo\/image\/","url":"https:\/\/patagoniambiental.com.ar\/info\/wp-content\/uploads\/2025\/05\/LOGO-PATAGONIA-AMBIENTAL.png","contentUrl":"https:\/\/patagoniambiental.com.ar\/info\/wp-content\/uploads\/2025\/05\/LOGO-PATAGONIA-AMBIENTAL.png","width":433,"height":250,"caption":"Patagonia Ambiental"},"image":{"@id":"https:\/\/patagoniambiental.com.ar\/info\/#\/schema\/logo\/image\/"},"sameAs":["https:\/\/www.facebook.com\/patagonia.ambiental","https:\/\/x.com\/PatAmb"]},{"@type":"Person","@id":"https:\/\/patagoniambiental.com.ar\/info\/#\/schema\/person\/db12bff64bbcbf6a253710bf0ea37b5d","name":"Patagonia Ambiental","description":"Andr\u00e9s Nievas T\u00e9cnico en manejo ambiental, consultor Ambiental y escritor para medios locales e internacionales sobre temas de geopolitica y medio ambiente.","sameAs":["http:\/\/www.patagoniambiental.com.ar","https:\/\/www.facebook.com\/share\/1C1V8Gv9BX\/?mibextid=qi2Omg","@patagoniambiental","https:\/\/youtube.com\/@patagoniaambiental2023?si=BLt58t0wuXquxlYZ"]}]}},"_links":{"self":[{"href":"https:\/\/patagoniambiental.com.ar\/info\/wp-json\/wp\/v2\/posts\/13512","targetHints":{"allow":["GET"]}}],"collection":[{"href":"https:\/\/patagoniambiental.com.ar\/info\/wp-json\/wp\/v2\/posts"}],"about":[{"href":"https:\/\/patagoniambiental.com.ar\/info\/wp-json\/wp\/v2\/types\/post"}],"author":[{"embeddable":true,"href":"https:\/\/patagoniambiental.com.ar\/info\/wp-json\/wp\/v2\/users\/2"}],"replies":[{"embeddable":true,"href":"https:\/\/patagoniambiental.com.ar\/info\/wp-json\/wp\/v2\/comments?post=13512"}],"version-history":[{"count":0,"href":"https:\/\/patagoniambiental.com.ar\/info\/wp-json\/wp\/v2\/posts\/13512\/revisions"}],"wp:featuredmedia":[{"embeddable":true,"href":"https:\/\/patagoniambiental.com.ar\/info\/wp-json\/"}],"wp:attachment":[{"href":"https:\/\/patagoniambiental.com.ar\/info\/wp-json\/wp\/v2\/media?parent=13512"}],"wp:term":[{"taxonomy":"category","embeddable":true,"href":"https:\/\/patagoniambiental.com.ar\/info\/wp-json\/wp\/v2\/categories?post=13512"},{"taxonomy":"post_tag","embeddable":true,"href":"https:\/\/patagoniambiental.com.ar\/info\/wp-json\/wp\/v2\/tags?post=13512"}],"curies":[{"name":"wp","href":"https:\/\/api.w.org\/{rel}","templated":true}]}}