{"id":13522,"date":"2015-08-24T10:00:04","date_gmt":"2015-08-24T13:00:04","guid":{"rendered":"http:\/\/patagoniambiental.com.ar\/?p=13522"},"modified":"2015-08-24T10:00:04","modified_gmt":"2015-08-24T13:00:04","slug":"aprosa-organiza-la-primera-jornada-de-salud-ambiental","status":"publish","type":"post","link":"https:\/\/patagoniambiental.com.ar\/info\/aprosa-organiza-la-primera-jornada-de-salud-ambiental\/","title":{"rendered":"Aprosa organiza la primera jornada de salud ambiental"},"content":{"rendered":"<div id=\"tituloPrincipal\">Caleta Olivia (Agencia).- El evento ser\u00e1 el pr\u00f3ximo veintinueve de agosto a las nueve horas en el centro cultural y contar\u00e1 con la presencia de reconocidos especialistas que participan en destacados congresos del pa\u00eds. El impacto del petr\u00f3leo y la miner\u00eda en la salud son los dos ejes principales del encuentro.<\/div>\n<p><!--more--><\/p>\n<div>La ciudad de Caleta Olivia ser\u00e1 sede de una propuesta enriquecedora que apuesta principalmente, a incorporar en la agenda social, dos tem\u00e1ticas relacionadas con dos recursos naturales que son preponderantes en nuestra econom\u00eda regional, de las cuales \u201cse habla demasiado pero con mucho desconocimiento sobre el impacto real en la salud de los habitantes de este suelo\u201d.<\/p>\n<p class=\"p1\">En esta oportunidad, la miner\u00eda y el petr\u00f3leo, son dos tem\u00e1ticas que ser\u00e1n puestas a consideraci\u00f3n, para escuchar a especialistas en la materia y para conocer realmente cu\u00e1les son los impactos de su actividad en nuestro medio ambiente.<\/p>\n<p class=\"p1\">Comprometidos con las reivindicaciones y los derechos laborales de los trabajadores y el mejoramiento del sistema de la salud p\u00fablica, APROSA ha decidido profundizar su tarea y dispuso para esta ocasi\u00f3n, la organizaci\u00f3n de una acci\u00f3n de responsabilidad social que apunta a generar conocimiento, pero principalmente, a concientizar en la poblaci\u00f3n acerca de los efectos que se generan a partir de la din\u00e1mica productiva de estas labores.<\/p>\n<p class=\"p1\">Desde la organizaci\u00f3n destacaron fundamentalmente, que no buscan \u201censuciar la noble tarea que desempe\u00f1an los miles de ciudadanos que se desempe\u00f1an\u201d activamente sino todo lo contrario, alertar sobre los cuidados y las distintas alternativas para comenzar a dimensionar la preservaci\u00f3n de nuestro medio ambiente pero fundamentalmente para proteger nuestra salud ante el alto impacto que presentan las mismas.<\/p>\n<p class=\"p1\">En este sentido, el evento se circunscribe a dos l\u00edneas que se abarcar\u00e1n y que se denominan la \u201cActividad Petrolera y los Efectos sobre la Salud\u201d y \u201cLa Mega miner\u00eda vs. El R\u00edo es nuestro alimento \u201cpara ser expuesto por los especialistas que provienen de las provincias de Chubut y de Neuqu\u00e9n respectivamente y con amplia trayectoria en congresos y simposios de esta magnitud.<\/p>\n<p class=\"p1\">Al respecto, Andrea P\u00e9rez calific\u00f3 la iniciativa como un espacio de reflexi\u00f3n y debate donde cada uno podr\u00e1 escuchar, de manera libre y gratuita, los alcances de las ponencias y adem\u00e1s intercambiar ideas sobre este interesante encuentro que est\u00e1 dirigido a toda la comunidad, ya que \u201cla miner\u00eda y el petr\u00f3leo\u201d son dos variables fundamentales en diferentes aspectos de la provincia de Santa Cruz y de las cuales necesitamos conocer en mayor detalle sus implicancias y los efectos directos e indirectos en la poblaci\u00f3n.<\/p>\n<p class=\"p2\"><b>Cronograma<\/b><\/p>\n<p class=\"p2\">29 de Agosto-Centro Cultural<\/p>\n<p class=\"p1\">09.00 HS. Acreditaci\u00f3n del Evento.<\/p>\n<p class=\"p1\">09.30 HS. Apertura.<\/p>\n<p class=\"p1\">10.00 HS. Exposici\u00f3n 1. \u201cMega miner\u00eda vs. El R\u00edo es Nuestro Alimento\u201d. Disertantes: Dra. Sandra Ferrero. Dr. Germ\u00e1n Z\u00fa\u00f1iga.<\/p>\n<p class=\"p1\">Temario: Aspectos Jur\u00eddicos y Sociales. Estrategias de Resistencia<\/p>\n<p class=\"p1\">11.30 HS. Break.<\/p>\n<p class=\"p1\">12.00 HS. Exposici\u00f3n 2. \u201cActividad Petrolera y Efectos sobre la Salud\u201d. Disertantes Dra. Celia Carrillo. Irma M\u00e9ndez e Ivana Estrazzalino<\/p>\n<p class=\"p1\">Temario: Definici\u00f3n de contaminantes.<\/p>\n<p class=\"p1\">Generalidades de la composici\u00f3n Qu\u00edmicas de los Hidrocarburos.<\/p>\n<p class=\"p1\">Cuencas de la Provincia de Santa Cruz y tipo de Hidrocarburos<\/p>\n<p class=\"p1\">Relaciones sugeridas entre la explotaci\u00f3n Petrolera y sus efectos sobre la salud.<\/p>\n<p class=\"p1\">Efectos confundidores de la condici\u00f3n socio-econ\u00f3micas.<\/p>\n<p class=\"p1\">Estudios e informes de Patolog\u00edas que se observan en la comunidad debido a la exposici\u00f3n de la actividad petrolera y otras actividades en general.<\/p>\n<p class=\"p1\">Incidencia de C\u00e1ncer y Leucemia relacionado con la actividad de las cuencas.<\/p>\n<p class=\"p1\">Metodolog\u00eda de Identificaci\u00f3n y Evaluaci\u00f3n de Riesgos para la salud en sitios contaminados. Introducci\u00f3n.<\/p>\n<p class=\"p1\">Antecedentes de Metodolog\u00eda similares.<\/p>\n<p class=\"p1\">Objetivos y Alcances.<\/p>\n<p class=\"p1\">Esquema de Metodolog\u00eda.<\/p>\n<p class=\"p1\">Biomarcadores de Exposici\u00f3n.<\/p>\n<p class=\"p2\"><b>Conclusi\u00f3n<\/b><\/p>\n<p class=\"p2\">13.30 HS. Debate.<\/p>\n<p class=\"p2\">14.00 HS. Cierre.<\/p>\n<p class=\"p2\">Fuente: Diario Jornada<\/p>\n<\/div>\n","protected":false},"excerpt":{"rendered":"<p>Caleta Olivia (Agencia).- El evento ser\u00e1 el pr\u00f3ximo veintinueve de agosto a las nueve horas en el centro cultural y [&hellip;]<\/p>\n","protected":false},"author":2,"featured_media":13524,"comment_status":"closed","ping_status":"closed","sticky":false,"template":"","format":"standard","meta":{"site-sidebar-layout":"default","site-content-layout":"","ast-site-content-layout":"default","site-content-style":"default","site-sidebar-style":"default","ast-global-header-display":"","ast-banner-title-visibility":"","ast-main-header-display":"","ast-hfb-above-header-display":"","ast-hfb-below-header-display":"","ast-hfb-mobile-header-display":"","site-post-title":"","ast-breadcrumbs-content":"","ast-featured-img":"","footer-sml-layout":"","ast-disable-related-posts":"","theme-transparent-header-meta":"","adv-header-id-meta":"","stick-header-meta":"","header-above-stick-meta":"","header-main-stick-meta":"","header-below-stick-meta":"","astra-migrate-meta-layouts":"default","ast-page-background-enabled":"default","ast-page-background-meta":{"desktop":{"background-color":"var(--ast-global-color-5)","background-image":"","background-repeat":"repeat","background-position":"center center","background-size":"auto","background-attachment":"scroll","background-type":"","background-media":"","overlay-type":"","overlay-color":"","overlay-opacity":"","overlay-gradient":""},"tablet":{"background-color":"","background-image":"","background-repeat":"repeat","background-position":"center center","background-size":"auto","background-attachment":"scroll","background-type":"","background-media":"","overlay-type":"","overlay-color":"","overlay-opacity":"","overlay-gradient":""},"mobile":{"background-color":"","background-image":"","background-repeat":"repeat","background-position":"center center","background-size":"auto","background-attachment":"scroll","background-type":"","background-media":"","overlay-type":"","overlay-color":"","overlay-opacity":"","overlay-gradient":""}},"ast-content-background-meta":{"desktop":{"background-color":"var(--ast-global-color-4)","background-image":"","background-repeat":"repeat","background-position":"center center","background-size":"auto","background-attachment":"scroll","background-type":"","background-media":"","overlay-type":"","overlay-color":"","overlay-opacity":"","overlay-gradient":""},"tablet":{"background-color":"var(--ast-global-color-4)","background-image":"","background-repeat":"repeat","background-position":"center center","background-size":"auto","background-attachment":"scroll","background-type":"","background-media":"","overlay-type":"","overlay-color":"","overlay-opacity":"","overlay-gradient":""},"mobile":{"background-color":"var(--ast-global-color-4)","background-image":"","background-repeat":"repeat","background-position":"center center","background-size":"auto","background-attachment":"scroll","background-type":"","background-media":"","overlay-type":"","overlay-color":"","overlay-opacity":"","overlay-gradient":""}},"footnotes":""},"categories":[12,1],"tags":[],"class_list":["post-13522","post","type-post","status-publish","format-standard","has-post-thumbnail","hentry","category-agenda-ambiental","category-noticias"],"yoast_head":"<!-- This site is optimized with the Yoast SEO Premium plugin v23.0 (Yoast SEO v27.4) - https:\/\/yoast.com\/product\/yoast-seo-premium-wordpress\/ -->\n<title>Aprosa organiza la primera jornada de salud ambiental<\/title>\n<meta name=\"robots\" content=\"index, follow, max-snippet:-1, max-image-preview:large, max-video-preview:-1\" \/>\n<link rel=\"canonical\" href=\"https:\/\/patagoniambiental.com.ar\/info\/aprosa-organiza-la-primera-jornada-de-salud-ambiental\/\" \/>\n<meta property=\"og:locale\" content=\"es_ES\" \/>\n<meta property=\"og:type\" content=\"article\" \/>\n<meta property=\"og:title\" content=\"Aprosa organiza la primera jornada de salud ambiental\" \/>\n<meta property=\"og:description\" content=\"Caleta Olivia (Agencia).- El evento ser\u00e1 el pr\u00f3ximo veintinueve de agosto a las nueve horas en el centro cultural y [&hellip;]\" \/>\n<meta property=\"og:url\" content=\"https:\/\/patagoniambiental.com.ar\/info\/aprosa-organiza-la-primera-jornada-de-salud-ambiental\/\" \/>\n<meta property=\"og:site_name\" content=\"Patagonia Ambiental\" \/>\n<meta property=\"article:publisher\" content=\"https:\/\/www.facebook.com\/patagonia.ambiental\" \/>\n<meta property=\"article:author\" content=\"https:\/\/www.facebook.com\/share\/1C1V8Gv9BX\/?mibextid=qi2Omg\" \/>\n<meta property=\"article:published_time\" content=\"2015-08-24T13:00:04+00:00\" \/>\n<meta name=\"author\" content=\"Patagonia Ambiental\" \/>\n<meta name=\"twitter:card\" content=\"summary_large_image\" \/>\n<meta name=\"twitter:creator\" content=\"@PatAmb\" \/>\n<meta name=\"twitter:site\" content=\"@PatAmb\" \/>\n<script type=\"application\/ld+json\" class=\"yoast-schema-graph\">{\"@context\":\"https:\\\/\\\/schema.org\",\"@graph\":[{\"@type\":\"Article\",\"@id\":\"https:\\\/\\\/patagoniambiental.com.ar\\\/info\\\/aprosa-organiza-la-primera-jornada-de-salud-ambiental\\\/#article\",\"isPartOf\":{\"@id\":\"https:\\\/\\\/patagoniambiental.com.ar\\\/info\\\/aprosa-organiza-la-primera-jornada-de-salud-ambiental\\\/\"},\"author\":{\"name\":\"Patagonia Ambiental\",\"@id\":\"https:\\\/\\\/patagoniambiental.com.ar\\\/info\\\/#\\\/schema\\\/person\\\/db12bff64bbcbf6a253710bf0ea37b5d\"},\"headline\":\"Aprosa organiza la primera jornada de salud ambiental\",\"datePublished\":\"2015-08-24T13:00:04+00:00\",\"mainEntityOfPage\":{\"@id\":\"https:\\\/\\\/patagoniambiental.com.ar\\\/info\\\/aprosa-organiza-la-primera-jornada-de-salud-ambiental\\\/\"},\"wordCount\":654,\"publisher\":{\"@id\":\"https:\\\/\\\/patagoniambiental.com.ar\\\/info\\\/#organization\"},\"image\":{\"@id\":\"https:\\\/\\\/patagoniambiental.com.ar\\\/info\\\/aprosa-organiza-la-primera-jornada-de-salud-ambiental\\\/#primaryimage\"},\"thumbnailUrl\":\"\",\"articleSection\":[\"Agenda Ambiental\",\"Noticias\"],\"inLanguage\":\"es\"},{\"@type\":\"WebPage\",\"@id\":\"https:\\\/\\\/patagoniambiental.com.ar\\\/info\\\/aprosa-organiza-la-primera-jornada-de-salud-ambiental\\\/\",\"url\":\"https:\\\/\\\/patagoniambiental.com.ar\\\/info\\\/aprosa-organiza-la-primera-jornada-de-salud-ambiental\\\/\",\"name\":\"Aprosa organiza la primera jornada de salud ambiental\",\"isPartOf\":{\"@id\":\"https:\\\/\\\/patagoniambiental.com.ar\\\/info\\\/#website\"},\"primaryImageOfPage\":{\"@id\":\"https:\\\/\\\/patagoniambiental.com.ar\\\/info\\\/aprosa-organiza-la-primera-jornada-de-salud-ambiental\\\/#primaryimage\"},\"image\":{\"@id\":\"https:\\\/\\\/patagoniambiental.com.ar\\\/info\\\/aprosa-organiza-la-primera-jornada-de-salud-ambiental\\\/#primaryimage\"},\"thumbnailUrl\":\"\",\"datePublished\":\"2015-08-24T13:00:04+00:00\",\"breadcrumb\":{\"@id\":\"https:\\\/\\\/patagoniambiental.com.ar\\\/info\\\/aprosa-organiza-la-primera-jornada-de-salud-ambiental\\\/#breadcrumb\"},\"inLanguage\":\"es\",\"potentialAction\":[{\"@type\":\"ReadAction\",\"target\":[\"https:\\\/\\\/patagoniambiental.com.ar\\\/info\\\/aprosa-organiza-la-primera-jornada-de-salud-ambiental\\\/\"]}]},{\"@type\":\"ImageObject\",\"inLanguage\":\"es\",\"@id\":\"https:\\\/\\\/patagoniambiental.com.ar\\\/info\\\/aprosa-organiza-la-primera-jornada-de-salud-ambiental\\\/#primaryimage\",\"url\":\"\",\"contentUrl\":\"\"},{\"@type\":\"BreadcrumbList\",\"@id\":\"https:\\\/\\\/patagoniambiental.com.ar\\\/info\\\/aprosa-organiza-la-primera-jornada-de-salud-ambiental\\\/#breadcrumb\",\"itemListElement\":[{\"@type\":\"ListItem\",\"position\":1,\"name\":\"Inicio\",\"item\":\"https:\\\/\\\/patagoniambiental.com.ar\\\/info\\\/\"},{\"@type\":\"ListItem\",\"position\":2,\"name\":\"Aprosa organiza la primera jornada de salud ambiental\"}]},{\"@type\":\"WebSite\",\"@id\":\"https:\\\/\\\/patagoniambiental.com.ar\\\/info\\\/#website\",\"url\":\"https:\\\/\\\/patagoniambiental.com.ar\\\/info\\\/\",\"name\":\"Patagonia Ambiental\",\"description\":\"Monitoreo y an\u00e1lisis de la situaci\u00f3n geopol\u00edtica en el mundo y su implicancia en la Patagonia\",\"publisher\":{\"@id\":\"https:\\\/\\\/patagoniambiental.com.ar\\\/info\\\/#organization\"},\"potentialAction\":[{\"@type\":\"SearchAction\",\"target\":{\"@type\":\"EntryPoint\",\"urlTemplate\":\"https:\\\/\\\/patagoniambiental.com.ar\\\/info\\\/?s={search_term_string}\"},\"query-input\":{\"@type\":\"PropertyValueSpecification\",\"valueRequired\":true,\"valueName\":\"search_term_string\"}}],\"inLanguage\":\"es\"},{\"@type\":\"Organization\",\"@id\":\"https:\\\/\\\/patagoniambiental.com.ar\\\/info\\\/#organization\",\"name\":\"Patagonia Ambiental\",\"url\":\"https:\\\/\\\/patagoniambiental.com.ar\\\/info\\\/\",\"logo\":{\"@type\":\"ImageObject\",\"inLanguage\":\"es\",\"@id\":\"https:\\\/\\\/patagoniambiental.com.ar\\\/info\\\/#\\\/schema\\\/logo\\\/image\\\/\",\"url\":\"https:\\\/\\\/patagoniambiental.com.ar\\\/info\\\/wp-content\\\/uploads\\\/2025\\\/05\\\/LOGO-PATAGONIA-AMBIENTAL.png\",\"contentUrl\":\"https:\\\/\\\/patagoniambiental.com.ar\\\/info\\\/wp-content\\\/uploads\\\/2025\\\/05\\\/LOGO-PATAGONIA-AMBIENTAL.png\",\"width\":433,\"height\":250,\"caption\":\"Patagonia Ambiental\"},\"image\":{\"@id\":\"https:\\\/\\\/patagoniambiental.com.ar\\\/info\\\/#\\\/schema\\\/logo\\\/image\\\/\"},\"sameAs\":[\"https:\\\/\\\/www.facebook.com\\\/patagonia.ambiental\",\"https:\\\/\\\/x.com\\\/PatAmb\"]},{\"@type\":\"Person\",\"@id\":\"https:\\\/\\\/patagoniambiental.com.ar\\\/info\\\/#\\\/schema\\\/person\\\/db12bff64bbcbf6a253710bf0ea37b5d\",\"name\":\"Patagonia Ambiental\",\"description\":\"Andr\u00e9s Nievas T\u00e9cnico en manejo ambiental, consultor Ambiental y escritor para medios locales e internacionales sobre temas de geopolitica y medio ambiente.\",\"sameAs\":[\"http:\\\/\\\/www.patagoniambiental.com.ar\",\"https:\\\/\\\/www.facebook.com\\\/share\\\/1C1V8Gv9BX\\\/?mibextid=qi2Omg\",\"@patagoniambiental\",\"https:\\\/\\\/youtube.com\\\/@patagoniaambiental2023?si=BLt58t0wuXquxlYZ\"]}]}<\/script>\n<!-- \/ Yoast SEO Premium plugin. -->","yoast_head_json":{"title":"Aprosa organiza la primera jornada de salud ambiental","robots":{"index":"index","follow":"follow","max-snippet":"max-snippet:-1","max-image-preview":"max-image-preview:large","max-video-preview":"max-video-preview:-1"},"canonical":"https:\/\/patagoniambiental.com.ar\/info\/aprosa-organiza-la-primera-jornada-de-salud-ambiental\/","og_locale":"es_ES","og_type":"article","og_title":"Aprosa organiza la primera jornada de salud ambiental","og_description":"Caleta Olivia (Agencia).- El evento ser\u00e1 el pr\u00f3ximo veintinueve de agosto a las nueve horas en el centro cultural y [&hellip;]","og_url":"https:\/\/patagoniambiental.com.ar\/info\/aprosa-organiza-la-primera-jornada-de-salud-ambiental\/","og_site_name":"Patagonia Ambiental","article_publisher":"https:\/\/www.facebook.com\/patagonia.ambiental","article_author":"https:\/\/www.facebook.com\/share\/1C1V8Gv9BX\/?mibextid=qi2Omg","article_published_time":"2015-08-24T13:00:04+00:00","author":"Patagonia Ambiental","twitter_card":"summary_large_image","twitter_creator":"@PatAmb","twitter_site":"@PatAmb","schema":{"@context":"https:\/\/schema.org","@graph":[{"@type":"Article","@id":"https:\/\/patagoniambiental.com.ar\/info\/aprosa-organiza-la-primera-jornada-de-salud-ambiental\/#article","isPartOf":{"@id":"https:\/\/patagoniambiental.com.ar\/info\/aprosa-organiza-la-primera-jornada-de-salud-ambiental\/"},"author":{"name":"Patagonia Ambiental","@id":"https:\/\/patagoniambiental.com.ar\/info\/#\/schema\/person\/db12bff64bbcbf6a253710bf0ea37b5d"},"headline":"Aprosa organiza la primera jornada de salud ambiental","datePublished":"2015-08-24T13:00:04+00:00","mainEntityOfPage":{"@id":"https:\/\/patagoniambiental.com.ar\/info\/aprosa-organiza-la-primera-jornada-de-salud-ambiental\/"},"wordCount":654,"publisher":{"@id":"https:\/\/patagoniambiental.com.ar\/info\/#organization"},"image":{"@id":"https:\/\/patagoniambiental.com.ar\/info\/aprosa-organiza-la-primera-jornada-de-salud-ambiental\/#primaryimage"},"thumbnailUrl":"","articleSection":["Agenda Ambiental","Noticias"],"inLanguage":"es"},{"@type":"WebPage","@id":"https:\/\/patagoniambiental.com.ar\/info\/aprosa-organiza-la-primera-jornada-de-salud-ambiental\/","url":"https:\/\/patagoniambiental.com.ar\/info\/aprosa-organiza-la-primera-jornada-de-salud-ambiental\/","name":"Aprosa organiza la primera jornada de salud ambiental","isPartOf":{"@id":"https:\/\/patagoniambiental.com.ar\/info\/#website"},"primaryImageOfPage":{"@id":"https:\/\/patagoniambiental.com.ar\/info\/aprosa-organiza-la-primera-jornada-de-salud-ambiental\/#primaryimage"},"image":{"@id":"https:\/\/patagoniambiental.com.ar\/info\/aprosa-organiza-la-primera-jornada-de-salud-ambiental\/#primaryimage"},"thumbnailUrl":"","datePublished":"2015-08-24T13:00:04+00:00","breadcrumb":{"@id":"https:\/\/patagoniambiental.com.ar\/info\/aprosa-organiza-la-primera-jornada-de-salud-ambiental\/#breadcrumb"},"inLanguage":"es","potentialAction":[{"@type":"ReadAction","target":["https:\/\/patagoniambiental.com.ar\/info\/aprosa-organiza-la-primera-jornada-de-salud-ambiental\/"]}]},{"@type":"ImageObject","inLanguage":"es","@id":"https:\/\/patagoniambiental.com.ar\/info\/aprosa-organiza-la-primera-jornada-de-salud-ambiental\/#primaryimage","url":"","contentUrl":""},{"@type":"BreadcrumbList","@id":"https:\/\/patagoniambiental.com.ar\/info\/aprosa-organiza-la-primera-jornada-de-salud-ambiental\/#breadcrumb","itemListElement":[{"@type":"ListItem","position":1,"name":"Inicio","item":"https:\/\/patagoniambiental.com.ar\/info\/"},{"@type":"ListItem","position":2,"name":"Aprosa organiza la primera jornada de salud ambiental"}]},{"@type":"WebSite","@id":"https:\/\/patagoniambiental.com.ar\/info\/#website","url":"https:\/\/patagoniambiental.com.ar\/info\/","name":"Patagonia Ambiental","description":"Monitoreo y an\u00e1lisis de la situaci\u00f3n geopol\u00edtica en el mundo y su implicancia en la Patagonia","publisher":{"@id":"https:\/\/patagoniambiental.com.ar\/info\/#organization"},"potentialAction":[{"@type":"SearchAction","target":{"@type":"EntryPoint","urlTemplate":"https:\/\/patagoniambiental.com.ar\/info\/?s={search_term_string}"},"query-input":{"@type":"PropertyValueSpecification","valueRequired":true,"valueName":"search_term_string"}}],"inLanguage":"es"},{"@type":"Organization","@id":"https:\/\/patagoniambiental.com.ar\/info\/#organization","name":"Patagonia Ambiental","url":"https:\/\/patagoniambiental.com.ar\/info\/","logo":{"@type":"ImageObject","inLanguage":"es","@id":"https:\/\/patagoniambiental.com.ar\/info\/#\/schema\/logo\/image\/","url":"https:\/\/patagoniambiental.com.ar\/info\/wp-content\/uploads\/2025\/05\/LOGO-PATAGONIA-AMBIENTAL.png","contentUrl":"https:\/\/patagoniambiental.com.ar\/info\/wp-content\/uploads\/2025\/05\/LOGO-PATAGONIA-AMBIENTAL.png","width":433,"height":250,"caption":"Patagonia Ambiental"},"image":{"@id":"https:\/\/patagoniambiental.com.ar\/info\/#\/schema\/logo\/image\/"},"sameAs":["https:\/\/www.facebook.com\/patagonia.ambiental","https:\/\/x.com\/PatAmb"]},{"@type":"Person","@id":"https:\/\/patagoniambiental.com.ar\/info\/#\/schema\/person\/db12bff64bbcbf6a253710bf0ea37b5d","name":"Patagonia Ambiental","description":"Andr\u00e9s Nievas T\u00e9cnico en manejo ambiental, consultor Ambiental y escritor para medios locales e internacionales sobre temas de geopolitica y medio ambiente.","sameAs":["http:\/\/www.patagoniambiental.com.ar","https:\/\/www.facebook.com\/share\/1C1V8Gv9BX\/?mibextid=qi2Omg","@patagoniambiental","https:\/\/youtube.com\/@patagoniaambiental2023?si=BLt58t0wuXquxlYZ"]}]}},"_links":{"self":[{"href":"https:\/\/patagoniambiental.com.ar\/info\/wp-json\/wp\/v2\/posts\/13522","targetHints":{"allow":["GET"]}}],"collection":[{"href":"https:\/\/patagoniambiental.com.ar\/info\/wp-json\/wp\/v2\/posts"}],"about":[{"href":"https:\/\/patagoniambiental.com.ar\/info\/wp-json\/wp\/v2\/types\/post"}],"author":[{"embeddable":true,"href":"https:\/\/patagoniambiental.com.ar\/info\/wp-json\/wp\/v2\/users\/2"}],"replies":[{"embeddable":true,"href":"https:\/\/patagoniambiental.com.ar\/info\/wp-json\/wp\/v2\/comments?post=13522"}],"version-history":[{"count":0,"href":"https:\/\/patagoniambiental.com.ar\/info\/wp-json\/wp\/v2\/posts\/13522\/revisions"}],"wp:featuredmedia":[{"embeddable":true,"href":"https:\/\/patagoniambiental.com.ar\/info\/wp-json\/"}],"wp:attachment":[{"href":"https:\/\/patagoniambiental.com.ar\/info\/wp-json\/wp\/v2\/media?parent=13522"}],"wp:term":[{"taxonomy":"category","embeddable":true,"href":"https:\/\/patagoniambiental.com.ar\/info\/wp-json\/wp\/v2\/categories?post=13522"},{"taxonomy":"post_tag","embeddable":true,"href":"https:\/\/patagoniambiental.com.ar\/info\/wp-json\/wp\/v2\/tags?post=13522"}],"curies":[{"name":"wp","href":"https:\/\/api.w.org\/{rel}","templated":true}]}}