{"id":13576,"date":"2015-08-26T09:00:27","date_gmt":"2015-08-26T12:00:27","guid":{"rendered":"http:\/\/patagoniambiental.com.ar\/?p=13576"},"modified":"2015-08-26T09:00:27","modified_gmt":"2015-08-26T12:00:27","slug":"a-fin-de-buscar-una-solucion-sustentable-gobierno-otorgo-120-dias-a-las-empresas-que-explotan-canteras-de-extraccion-de-aridos","status":"publish","type":"post","link":"https:\/\/patagoniambiental.com.ar\/info\/a-fin-de-buscar-una-solucion-sustentable-gobierno-otorgo-120-dias-a-las-empresas-que-explotan-canteras-de-extraccion-de-aridos\/","title":{"rendered":"A FIN DE BUSCAR UNA SOLUCI\u00d3N SUSTENTABLE Gobierno otorg\u00f3 120 d\u00edas a las empresas que explotan canteras de extracci\u00f3n de \u00e1ridos"},"content":{"rendered":"<p>Ushuaia.-El Secretario de Desarrollo Sustentable y Ambiente, Fabi\u00e1n Boyeras junto al Secretario de Coordinaci\u00f3n de Gabinete, Sergio Giad\u00e1s, recibieron este martes al mediod\u00eda, a las empresas que explotan las canteras de extracci\u00f3n de \u00e1ridos en esa ciudad.<!--more--> En la reuni\u00f3n llevada adelante en las instalaciones de la Sub Secretar\u00eda de Coordinaci\u00f3n de Gobierno de R\u00edo Grande, estuvo tambi\u00e9n presente la Sub Secretaria de la Producci\u00f3n del Municipio, Sonia Castiglione.<\/p>\n<p>El Secretario de Coordinaci\u00f3n de Gabinete, inform\u00f3 que se comunic\u00f3 la decisi\u00f3n del Estado Provincial de otorgar una pr\u00f3rroga de 120 d\u00edas a esa actividad, durante los cuales se espera mantener un cronograma de reuniones para buscar soluciones de fondo, que permitan operar las canteras de manera sustentable.<\/p>\n<p>Giad\u00e1s explic\u00f3 que \u201c<em id=\"yui_3_16_0_1_1440540706895_9884\">nos parece un tiempo razonable para que todos los sectores involucrados abordemos el problema, y lleguemos a un acuerdo que permita proveer a la industria de la construcci\u00f3n de la materia prima que requiere: sin afectar la obra p\u00fablica y privada, y al mismo tiempo respetando las necesidades medioambientales de la ciudad y la provincia\u201d.<\/em><\/p>\n<p>Por su parte, el Secretario de Desarrollo Sustentable y Ambiente, Fabi\u00e1n Boyeras, detall\u00f3 que<em id=\"yui_3_16_0_1_1440540706895_9950\">\u201cse trata de reconocer el problema de c\u00f3mo est\u00e1 afectando la extracci\u00f3n de \u00e1ridos de la playa al retroceso de la costa\u201d.<\/em> El funcionario manifest\u00f3 que <em>\u201cel municipio de R\u00edo Grande ha expresado su preocupaci\u00f3n al Gobierno de la Provincia respecto de esta situaci\u00f3n, que amenaza a los terrenos p\u00fablicos y privados de la ciudad. Todos sabemos que es una actividad necesaria, que las obras tanto p\u00fablicas como privadas necesitan de la extracci\u00f3n de \u00e1ridos pero no podemos soslayar el problema ambiental que se est\u00e1 produciendo\u201d.<\/em><\/p>\n<p><em>\u201cEs un tema complejo, con una dimensi\u00f3n econ\u00f3mica que afecta a muchas familias, pero tambi\u00e9n hay una dimensi\u00f3n social y una ambiental. Se trata de buscar un equilibrio entre estas dimensiones\u201d<\/em>, dijo el Secretario.<\/p>\n<p>Boyeras, reconoci\u00f3 que se debe establecer un proceso de reorientaci\u00f3n de la actividad, y que \u201c<em>existe la propuesta de tres estancias que han manifestado la voluntad de poner a disposici\u00f3n el material que hay en sus predios\u201d.<\/em><\/p>\n<p>Adem\u00e1s destac\u00f3 que \u201c<em id=\"yui_3_16_0_1_1440540706895_9971\">lo que tenemos que procurar es frenar la extracci\u00f3n de \u00e1ridos en la costa a la brevedad, porque hay estudios realizados por un reconocido ge\u00f3logo de la ciudad de Mar del Plata, quien el a\u00f1o pasado realiz\u00f3 un informe a pedido de la Municipalidad de R\u00edo Grande cuya conclusi\u00f3n es muy preocuante\u201d.<\/em><\/p>\n<p><em id=\"yui_3_16_0_1_1440540706895_9949\">\u201cHay alternativas que hay que trabajar y profundizar. Estamos en ese camino\u201d,<\/em> finaliz\u00f3.<\/p>\n<p>Fuente: Ushuia Noticias<\/p>\n","protected":false},"excerpt":{"rendered":"<p>Ushuaia.-El Secretario de Desarrollo Sustentable y Ambiente, Fabi\u00e1n Boyeras junto al Secretario de Coordinaci\u00f3n de Gabinete, Sergio Giad\u00e1s, recibieron este [&hellip;]<\/p>\n","protected":false},"author":2,"featured_media":13577,"comment_status":"closed","ping_status":"closed","sticky":false,"template":"","format":"standard","meta":{"site-sidebar-layout":"default","site-content-layout":"","ast-site-content-layout":"default","site-content-style":"default","site-sidebar-style":"default","ast-global-header-display":"","ast-banner-title-visibility":"","ast-main-header-display":"","ast-hfb-above-header-display":"","ast-hfb-below-header-display":"","ast-hfb-mobile-header-display":"","site-post-title":"","ast-breadcrumbs-content":"","ast-featured-img":"","footer-sml-layout":"","ast-disable-related-posts":"","theme-transparent-header-meta":"","adv-header-id-meta":"","stick-header-meta":"","header-above-stick-meta":"","header-main-stick-meta":"","header-below-stick-meta":"","astra-migrate-meta-layouts":"default","ast-page-background-enabled":"default","ast-page-background-meta":{"desktop":{"background-color":"var(--ast-global-color-5)","background-image":"","background-repeat":"repeat","background-position":"center center","background-size":"auto","background-attachment":"scroll","background-type":"","background-media":"","overlay-type":"","overlay-color":"","overlay-opacity":"","overlay-gradient":""},"tablet":{"background-color":"","background-image":"","background-repeat":"repeat","background-position":"center center","background-size":"auto","background-attachment":"scroll","background-type":"","background-media":"","overlay-type":"","overlay-color":"","overlay-opacity":"","overlay-gradient":""},"mobile":{"background-color":"","background-image":"","background-repeat":"repeat","background-position":"center center","background-size":"auto","background-attachment":"scroll","background-type":"","background-media":"","overlay-type":"","overlay-color":"","overlay-opacity":"","overlay-gradient":""}},"ast-content-background-meta":{"desktop":{"background-color":"var(--ast-global-color-4)","background-image":"","background-repeat":"repeat","background-position":"center center","background-size":"auto","background-attachment":"scroll","background-type":"","background-media":"","overlay-type":"","overlay-color":"","overlay-opacity":"","overlay-gradient":""},"tablet":{"background-color":"var(--ast-global-color-4)","background-image":"","background-repeat":"repeat","background-position":"center center","background-size":"auto","background-attachment":"scroll","background-type":"","background-media":"","overlay-type":"","overlay-color":"","overlay-opacity":"","overlay-gradient":""},"mobile":{"background-color":"var(--ast-global-color-4)","background-image":"","background-repeat":"repeat","background-position":"center center","background-size":"auto","background-attachment":"scroll","background-type":"","background-media":"","overlay-type":"","overlay-color":"","overlay-opacity":"","overlay-gradient":""}},"footnotes":""},"categories":[1,13,25],"tags":[],"class_list":["post-13576","post","type-post","status-publish","format-standard","has-post-thumbnail","hentry","category-noticias","category-provinciales","category-tierra-del-fuego"],"yoast_head":"<!-- This site is optimized with the Yoast SEO Premium plugin v23.0 (Yoast SEO v27.4) - https:\/\/yoast.com\/product\/yoast-seo-premium-wordpress\/ -->\n<title>A FIN DE BUSCAR UNA SOLUCI\u00d3N SUSTENTABLE Gobierno otorg\u00f3 120 d\u00edas a las empresas que explotan canteras de extracci\u00f3n de \u00e1ridos<\/title>\n<meta name=\"robots\" content=\"index, follow, max-snippet:-1, max-image-preview:large, max-video-preview:-1\" \/>\n<link rel=\"canonical\" href=\"https:\/\/patagoniambiental.com.ar\/info\/a-fin-de-buscar-una-solucion-sustentable-gobierno-otorgo-120-dias-a-las-empresas-que-explotan-canteras-de-extraccion-de-aridos\/\" \/>\n<meta property=\"og:locale\" content=\"es_ES\" \/>\n<meta property=\"og:type\" content=\"article\" \/>\n<meta property=\"og:title\" content=\"A FIN DE BUSCAR UNA SOLUCI\u00d3N SUSTENTABLE Gobierno otorg\u00f3 120 d\u00edas a las empresas que explotan canteras de extracci\u00f3n de \u00e1ridos\" \/>\n<meta property=\"og:description\" content=\"Ushuaia.-El Secretario de Desarrollo Sustentable y Ambiente, Fabi\u00e1n Boyeras junto al Secretario de Coordinaci\u00f3n de Gabinete, Sergio Giad\u00e1s, recibieron este [&hellip;]\" \/>\n<meta property=\"og:url\" content=\"https:\/\/patagoniambiental.com.ar\/info\/a-fin-de-buscar-una-solucion-sustentable-gobierno-otorgo-120-dias-a-las-empresas-que-explotan-canteras-de-extraccion-de-aridos\/\" \/>\n<meta property=\"og:site_name\" content=\"Patagonia Ambiental\" \/>\n<meta property=\"article:publisher\" content=\"https:\/\/www.facebook.com\/patagonia.ambiental\" \/>\n<meta property=\"article:author\" content=\"https:\/\/www.facebook.com\/share\/1C1V8Gv9BX\/?mibextid=qi2Omg\" \/>\n<meta property=\"article:published_time\" content=\"2015-08-26T12:00:27+00:00\" \/>\n<meta name=\"author\" content=\"Patagonia Ambiental\" \/>\n<meta name=\"twitter:card\" content=\"summary_large_image\" \/>\n<meta name=\"twitter:creator\" content=\"@PatAmb\" \/>\n<meta name=\"twitter:site\" content=\"@PatAmb\" \/>\n<script type=\"application\/ld+json\" class=\"yoast-schema-graph\">{\"@context\":\"https:\\\/\\\/schema.org\",\"@graph\":[{\"@type\":\"Article\",\"@id\":\"https:\\\/\\\/patagoniambiental.com.ar\\\/info\\\/a-fin-de-buscar-una-solucion-sustentable-gobierno-otorgo-120-dias-a-las-empresas-que-explotan-canteras-de-extraccion-de-aridos\\\/#article\",\"isPartOf\":{\"@id\":\"https:\\\/\\\/patagoniambiental.com.ar\\\/info\\\/a-fin-de-buscar-una-solucion-sustentable-gobierno-otorgo-120-dias-a-las-empresas-que-explotan-canteras-de-extraccion-de-aridos\\\/\"},\"author\":{\"name\":\"Patagonia Ambiental\",\"@id\":\"https:\\\/\\\/patagoniambiental.com.ar\\\/info\\\/#\\\/schema\\\/person\\\/db12bff64bbcbf6a253710bf0ea37b5d\"},\"headline\":\"A FIN DE BUSCAR UNA SOLUCI\u00d3N SUSTENTABLE Gobierno otorg\u00f3 120 d\u00edas a las empresas que explotan canteras de extracci\u00f3n de \u00e1ridos\",\"datePublished\":\"2015-08-26T12:00:27+00:00\",\"mainEntityOfPage\":{\"@id\":\"https:\\\/\\\/patagoniambiental.com.ar\\\/info\\\/a-fin-de-buscar-una-solucion-sustentable-gobierno-otorgo-120-dias-a-las-empresas-que-explotan-canteras-de-extraccion-de-aridos\\\/\"},\"wordCount\":479,\"publisher\":{\"@id\":\"https:\\\/\\\/patagoniambiental.com.ar\\\/info\\\/#organization\"},\"image\":{\"@id\":\"https:\\\/\\\/patagoniambiental.com.ar\\\/info\\\/a-fin-de-buscar-una-solucion-sustentable-gobierno-otorgo-120-dias-a-las-empresas-que-explotan-canteras-de-extraccion-de-aridos\\\/#primaryimage\"},\"thumbnailUrl\":\"\",\"articleSection\":[\"Noticias\",\"Provinciales\",\"Tierra del Fuego\"],\"inLanguage\":\"es\"},{\"@type\":\"WebPage\",\"@id\":\"https:\\\/\\\/patagoniambiental.com.ar\\\/info\\\/a-fin-de-buscar-una-solucion-sustentable-gobierno-otorgo-120-dias-a-las-empresas-que-explotan-canteras-de-extraccion-de-aridos\\\/\",\"url\":\"https:\\\/\\\/patagoniambiental.com.ar\\\/info\\\/a-fin-de-buscar-una-solucion-sustentable-gobierno-otorgo-120-dias-a-las-empresas-que-explotan-canteras-de-extraccion-de-aridos\\\/\",\"name\":\"A FIN DE BUSCAR UNA SOLUCI\u00d3N SUSTENTABLE Gobierno otorg\u00f3 120 d\u00edas a las empresas que explotan canteras de extracci\u00f3n de \u00e1ridos\",\"isPartOf\":{\"@id\":\"https:\\\/\\\/patagoniambiental.com.ar\\\/info\\\/#website\"},\"primaryImageOfPage\":{\"@id\":\"https:\\\/\\\/patagoniambiental.com.ar\\\/info\\\/a-fin-de-buscar-una-solucion-sustentable-gobierno-otorgo-120-dias-a-las-empresas-que-explotan-canteras-de-extraccion-de-aridos\\\/#primaryimage\"},\"image\":{\"@id\":\"https:\\\/\\\/patagoniambiental.com.ar\\\/info\\\/a-fin-de-buscar-una-solucion-sustentable-gobierno-otorgo-120-dias-a-las-empresas-que-explotan-canteras-de-extraccion-de-aridos\\\/#primaryimage\"},\"thumbnailUrl\":\"\",\"datePublished\":\"2015-08-26T12:00:27+00:00\",\"breadcrumb\":{\"@id\":\"https:\\\/\\\/patagoniambiental.com.ar\\\/info\\\/a-fin-de-buscar-una-solucion-sustentable-gobierno-otorgo-120-dias-a-las-empresas-que-explotan-canteras-de-extraccion-de-aridos\\\/#breadcrumb\"},\"inLanguage\":\"es\",\"potentialAction\":[{\"@type\":\"ReadAction\",\"target\":[\"https:\\\/\\\/patagoniambiental.com.ar\\\/info\\\/a-fin-de-buscar-una-solucion-sustentable-gobierno-otorgo-120-dias-a-las-empresas-que-explotan-canteras-de-extraccion-de-aridos\\\/\"]}]},{\"@type\":\"ImageObject\",\"inLanguage\":\"es\",\"@id\":\"https:\\\/\\\/patagoniambiental.com.ar\\\/info\\\/a-fin-de-buscar-una-solucion-sustentable-gobierno-otorgo-120-dias-a-las-empresas-que-explotan-canteras-de-extraccion-de-aridos\\\/#primaryimage\",\"url\":\"\",\"contentUrl\":\"\"},{\"@type\":\"BreadcrumbList\",\"@id\":\"https:\\\/\\\/patagoniambiental.com.ar\\\/info\\\/a-fin-de-buscar-una-solucion-sustentable-gobierno-otorgo-120-dias-a-las-empresas-que-explotan-canteras-de-extraccion-de-aridos\\\/#breadcrumb\",\"itemListElement\":[{\"@type\":\"ListItem\",\"position\":1,\"name\":\"Inicio\",\"item\":\"https:\\\/\\\/patagoniambiental.com.ar\\\/info\\\/\"},{\"@type\":\"ListItem\",\"position\":2,\"name\":\"A FIN DE BUSCAR UNA SOLUCI\u00d3N SUSTENTABLE Gobierno otorg\u00f3 120 d\u00edas a las empresas que explotan canteras de extracci\u00f3n de \u00e1ridos\"}]},{\"@type\":\"WebSite\",\"@id\":\"https:\\\/\\\/patagoniambiental.com.ar\\\/info\\\/#website\",\"url\":\"https:\\\/\\\/patagoniambiental.com.ar\\\/info\\\/\",\"name\":\"Patagonia Ambiental\",\"description\":\"Monitoreo y an\u00e1lisis de la situaci\u00f3n geopol\u00edtica en el mundo y su implicancia en la Patagonia\",\"publisher\":{\"@id\":\"https:\\\/\\\/patagoniambiental.com.ar\\\/info\\\/#organization\"},\"potentialAction\":[{\"@type\":\"SearchAction\",\"target\":{\"@type\":\"EntryPoint\",\"urlTemplate\":\"https:\\\/\\\/patagoniambiental.com.ar\\\/info\\\/?s={search_term_string}\"},\"query-input\":{\"@type\":\"PropertyValueSpecification\",\"valueRequired\":true,\"valueName\":\"search_term_string\"}}],\"inLanguage\":\"es\"},{\"@type\":\"Organization\",\"@id\":\"https:\\\/\\\/patagoniambiental.com.ar\\\/info\\\/#organization\",\"name\":\"Patagonia Ambiental\",\"url\":\"https:\\\/\\\/patagoniambiental.com.ar\\\/info\\\/\",\"logo\":{\"@type\":\"ImageObject\",\"inLanguage\":\"es\",\"@id\":\"https:\\\/\\\/patagoniambiental.com.ar\\\/info\\\/#\\\/schema\\\/logo\\\/image\\\/\",\"url\":\"https:\\\/\\\/patagoniambiental.com.ar\\\/info\\\/wp-content\\\/uploads\\\/2025\\\/05\\\/LOGO-PATAGONIA-AMBIENTAL.png\",\"contentUrl\":\"https:\\\/\\\/patagoniambiental.com.ar\\\/info\\\/wp-content\\\/uploads\\\/2025\\\/05\\\/LOGO-PATAGONIA-AMBIENTAL.png\",\"width\":433,\"height\":250,\"caption\":\"Patagonia Ambiental\"},\"image\":{\"@id\":\"https:\\\/\\\/patagoniambiental.com.ar\\\/info\\\/#\\\/schema\\\/logo\\\/image\\\/\"},\"sameAs\":[\"https:\\\/\\\/www.facebook.com\\\/patagonia.ambiental\",\"https:\\\/\\\/x.com\\\/PatAmb\"]},{\"@type\":\"Person\",\"@id\":\"https:\\\/\\\/patagoniambiental.com.ar\\\/info\\\/#\\\/schema\\\/person\\\/db12bff64bbcbf6a253710bf0ea37b5d\",\"name\":\"Patagonia Ambiental\",\"description\":\"Andr\u00e9s Nievas T\u00e9cnico en manejo ambiental, consultor Ambiental y escritor para medios locales e internacionales sobre temas de geopolitica y medio ambiente.\",\"sameAs\":[\"http:\\\/\\\/www.patagoniambiental.com.ar\",\"https:\\\/\\\/www.facebook.com\\\/share\\\/1C1V8Gv9BX\\\/?mibextid=qi2Omg\",\"@patagoniambiental\",\"https:\\\/\\\/youtube.com\\\/@patagoniaambiental2023?si=BLt58t0wuXquxlYZ\"]}]}<\/script>\n<!-- \/ Yoast SEO Premium plugin. -->","yoast_head_json":{"title":"A FIN DE BUSCAR UNA SOLUCI\u00d3N SUSTENTABLE Gobierno otorg\u00f3 120 d\u00edas a las empresas que explotan canteras de extracci\u00f3n de \u00e1ridos","robots":{"index":"index","follow":"follow","max-snippet":"max-snippet:-1","max-image-preview":"max-image-preview:large","max-video-preview":"max-video-preview:-1"},"canonical":"https:\/\/patagoniambiental.com.ar\/info\/a-fin-de-buscar-una-solucion-sustentable-gobierno-otorgo-120-dias-a-las-empresas-que-explotan-canteras-de-extraccion-de-aridos\/","og_locale":"es_ES","og_type":"article","og_title":"A FIN DE BUSCAR UNA SOLUCI\u00d3N SUSTENTABLE Gobierno otorg\u00f3 120 d\u00edas a las empresas que explotan canteras de extracci\u00f3n de \u00e1ridos","og_description":"Ushuaia.-El Secretario de Desarrollo Sustentable y Ambiente, Fabi\u00e1n Boyeras junto al Secretario de Coordinaci\u00f3n de Gabinete, Sergio Giad\u00e1s, recibieron este [&hellip;]","og_url":"https:\/\/patagoniambiental.com.ar\/info\/a-fin-de-buscar-una-solucion-sustentable-gobierno-otorgo-120-dias-a-las-empresas-que-explotan-canteras-de-extraccion-de-aridos\/","og_site_name":"Patagonia Ambiental","article_publisher":"https:\/\/www.facebook.com\/patagonia.ambiental","article_author":"https:\/\/www.facebook.com\/share\/1C1V8Gv9BX\/?mibextid=qi2Omg","article_published_time":"2015-08-26T12:00:27+00:00","author":"Patagonia Ambiental","twitter_card":"summary_large_image","twitter_creator":"@PatAmb","twitter_site":"@PatAmb","schema":{"@context":"https:\/\/schema.org","@graph":[{"@type":"Article","@id":"https:\/\/patagoniambiental.com.ar\/info\/a-fin-de-buscar-una-solucion-sustentable-gobierno-otorgo-120-dias-a-las-empresas-que-explotan-canteras-de-extraccion-de-aridos\/#article","isPartOf":{"@id":"https:\/\/patagoniambiental.com.ar\/info\/a-fin-de-buscar-una-solucion-sustentable-gobierno-otorgo-120-dias-a-las-empresas-que-explotan-canteras-de-extraccion-de-aridos\/"},"author":{"name":"Patagonia Ambiental","@id":"https:\/\/patagoniambiental.com.ar\/info\/#\/schema\/person\/db12bff64bbcbf6a253710bf0ea37b5d"},"headline":"A FIN DE BUSCAR UNA SOLUCI\u00d3N SUSTENTABLE Gobierno otorg\u00f3 120 d\u00edas a las empresas que explotan canteras de extracci\u00f3n de \u00e1ridos","datePublished":"2015-08-26T12:00:27+00:00","mainEntityOfPage":{"@id":"https:\/\/patagoniambiental.com.ar\/info\/a-fin-de-buscar-una-solucion-sustentable-gobierno-otorgo-120-dias-a-las-empresas-que-explotan-canteras-de-extraccion-de-aridos\/"},"wordCount":479,"publisher":{"@id":"https:\/\/patagoniambiental.com.ar\/info\/#organization"},"image":{"@id":"https:\/\/patagoniambiental.com.ar\/info\/a-fin-de-buscar-una-solucion-sustentable-gobierno-otorgo-120-dias-a-las-empresas-que-explotan-canteras-de-extraccion-de-aridos\/#primaryimage"},"thumbnailUrl":"","articleSection":["Noticias","Provinciales","Tierra del Fuego"],"inLanguage":"es"},{"@type":"WebPage","@id":"https:\/\/patagoniambiental.com.ar\/info\/a-fin-de-buscar-una-solucion-sustentable-gobierno-otorgo-120-dias-a-las-empresas-que-explotan-canteras-de-extraccion-de-aridos\/","url":"https:\/\/patagoniambiental.com.ar\/info\/a-fin-de-buscar-una-solucion-sustentable-gobierno-otorgo-120-dias-a-las-empresas-que-explotan-canteras-de-extraccion-de-aridos\/","name":"A FIN DE BUSCAR UNA SOLUCI\u00d3N SUSTENTABLE Gobierno otorg\u00f3 120 d\u00edas a las empresas que explotan canteras de extracci\u00f3n de \u00e1ridos","isPartOf":{"@id":"https:\/\/patagoniambiental.com.ar\/info\/#website"},"primaryImageOfPage":{"@id":"https:\/\/patagoniambiental.com.ar\/info\/a-fin-de-buscar-una-solucion-sustentable-gobierno-otorgo-120-dias-a-las-empresas-que-explotan-canteras-de-extraccion-de-aridos\/#primaryimage"},"image":{"@id":"https:\/\/patagoniambiental.com.ar\/info\/a-fin-de-buscar-una-solucion-sustentable-gobierno-otorgo-120-dias-a-las-empresas-que-explotan-canteras-de-extraccion-de-aridos\/#primaryimage"},"thumbnailUrl":"","datePublished":"2015-08-26T12:00:27+00:00","breadcrumb":{"@id":"https:\/\/patagoniambiental.com.ar\/info\/a-fin-de-buscar-una-solucion-sustentable-gobierno-otorgo-120-dias-a-las-empresas-que-explotan-canteras-de-extraccion-de-aridos\/#breadcrumb"},"inLanguage":"es","potentialAction":[{"@type":"ReadAction","target":["https:\/\/patagoniambiental.com.ar\/info\/a-fin-de-buscar-una-solucion-sustentable-gobierno-otorgo-120-dias-a-las-empresas-que-explotan-canteras-de-extraccion-de-aridos\/"]}]},{"@type":"ImageObject","inLanguage":"es","@id":"https:\/\/patagoniambiental.com.ar\/info\/a-fin-de-buscar-una-solucion-sustentable-gobierno-otorgo-120-dias-a-las-empresas-que-explotan-canteras-de-extraccion-de-aridos\/#primaryimage","url":"","contentUrl":""},{"@type":"BreadcrumbList","@id":"https:\/\/patagoniambiental.com.ar\/info\/a-fin-de-buscar-una-solucion-sustentable-gobierno-otorgo-120-dias-a-las-empresas-que-explotan-canteras-de-extraccion-de-aridos\/#breadcrumb","itemListElement":[{"@type":"ListItem","position":1,"name":"Inicio","item":"https:\/\/patagoniambiental.com.ar\/info\/"},{"@type":"ListItem","position":2,"name":"A FIN DE BUSCAR UNA SOLUCI\u00d3N SUSTENTABLE Gobierno otorg\u00f3 120 d\u00edas a las empresas que explotan canteras de extracci\u00f3n de \u00e1ridos"}]},{"@type":"WebSite","@id":"https:\/\/patagoniambiental.com.ar\/info\/#website","url":"https:\/\/patagoniambiental.com.ar\/info\/","name":"Patagonia Ambiental","description":"Monitoreo y an\u00e1lisis de la situaci\u00f3n geopol\u00edtica en el mundo y su implicancia en la Patagonia","publisher":{"@id":"https:\/\/patagoniambiental.com.ar\/info\/#organization"},"potentialAction":[{"@type":"SearchAction","target":{"@type":"EntryPoint","urlTemplate":"https:\/\/patagoniambiental.com.ar\/info\/?s={search_term_string}"},"query-input":{"@type":"PropertyValueSpecification","valueRequired":true,"valueName":"search_term_string"}}],"inLanguage":"es"},{"@type":"Organization","@id":"https:\/\/patagoniambiental.com.ar\/info\/#organization","name":"Patagonia Ambiental","url":"https:\/\/patagoniambiental.com.ar\/info\/","logo":{"@type":"ImageObject","inLanguage":"es","@id":"https:\/\/patagoniambiental.com.ar\/info\/#\/schema\/logo\/image\/","url":"https:\/\/patagoniambiental.com.ar\/info\/wp-content\/uploads\/2025\/05\/LOGO-PATAGONIA-AMBIENTAL.png","contentUrl":"https:\/\/patagoniambiental.com.ar\/info\/wp-content\/uploads\/2025\/05\/LOGO-PATAGONIA-AMBIENTAL.png","width":433,"height":250,"caption":"Patagonia Ambiental"},"image":{"@id":"https:\/\/patagoniambiental.com.ar\/info\/#\/schema\/logo\/image\/"},"sameAs":["https:\/\/www.facebook.com\/patagonia.ambiental","https:\/\/x.com\/PatAmb"]},{"@type":"Person","@id":"https:\/\/patagoniambiental.com.ar\/info\/#\/schema\/person\/db12bff64bbcbf6a253710bf0ea37b5d","name":"Patagonia Ambiental","description":"Andr\u00e9s Nievas T\u00e9cnico en manejo ambiental, consultor Ambiental y escritor para medios locales e internacionales sobre temas de geopolitica y medio ambiente.","sameAs":["http:\/\/www.patagoniambiental.com.ar","https:\/\/www.facebook.com\/share\/1C1V8Gv9BX\/?mibextid=qi2Omg","@patagoniambiental","https:\/\/youtube.com\/@patagoniaambiental2023?si=BLt58t0wuXquxlYZ"]}]}},"_links":{"self":[{"href":"https:\/\/patagoniambiental.com.ar\/info\/wp-json\/wp\/v2\/posts\/13576","targetHints":{"allow":["GET"]}}],"collection":[{"href":"https:\/\/patagoniambiental.com.ar\/info\/wp-json\/wp\/v2\/posts"}],"about":[{"href":"https:\/\/patagoniambiental.com.ar\/info\/wp-json\/wp\/v2\/types\/post"}],"author":[{"embeddable":true,"href":"https:\/\/patagoniambiental.com.ar\/info\/wp-json\/wp\/v2\/users\/2"}],"replies":[{"embeddable":true,"href":"https:\/\/patagoniambiental.com.ar\/info\/wp-json\/wp\/v2\/comments?post=13576"}],"version-history":[{"count":0,"href":"https:\/\/patagoniambiental.com.ar\/info\/wp-json\/wp\/v2\/posts\/13576\/revisions"}],"wp:featuredmedia":[{"embeddable":true,"href":"https:\/\/patagoniambiental.com.ar\/info\/wp-json\/"}],"wp:attachment":[{"href":"https:\/\/patagoniambiental.com.ar\/info\/wp-json\/wp\/v2\/media?parent=13576"}],"wp:term":[{"taxonomy":"category","embeddable":true,"href":"https:\/\/patagoniambiental.com.ar\/info\/wp-json\/wp\/v2\/categories?post=13576"},{"taxonomy":"post_tag","embeddable":true,"href":"https:\/\/patagoniambiental.com.ar\/info\/wp-json\/wp\/v2\/tags?post=13576"}],"curies":[{"name":"wp","href":"https:\/\/api.w.org\/{rel}","templated":true}]}}