{"id":13618,"date":"2015-08-27T19:00:07","date_gmt":"2015-08-27T22:00:07","guid":{"rendered":"http:\/\/patagoniambiental.com.ar\/?p=13618"},"modified":"2015-08-27T19:00:07","modified_gmt":"2015-08-27T22:00:07","slug":"manana-foro-permanente-sobre-identidad-y-cultura-en-la-patagonia-en-viedma","status":"publish","type":"post","link":"https:\/\/patagoniambiental.com.ar\/info\/manana-foro-permanente-sobre-identidad-y-cultura-en-la-patagonia-en-viedma\/","title":{"rendered":"Ma\u00f1ana Foro Permanente sobre Identidad y Cultura en la Patagonia en Viedma"},"content":{"rendered":"<p style=\"text-align: left;\" align=\"center\"><span lang=\"ES\"><strong>Viedma.-<\/strong>Ma\u00f1ana viernes 28 de agosto, a las 19, en el Segundo Centro Cultural de Viedma, de Mitre al 800, se realizar\u00e1 el Foro Permanente sobre Identidad y Cultura en la Patagonia (FOPICPA) <i>Ng\u00fctram, Wallmapu ka Kim\u00fcn Mapuche<\/i> \u201c<i>Historia, Territorio y Cosmovisi\u00f3n Mapuche\u201d.<\/i><\/span><!--more--><\/p>\n<p><span lang=\"ES-MX\">Participaran de la misma Claudia Curaqueo, Hugo Aranea, Taiana Quintero como integrantes del pueblo Mapuche de la Comarca.<\/span> <span lang=\"ES\">La entrada es libre y gratuita.<\/span><\/p>\n<p><span lang=\"ES\">Tambi\u00e9n habr\u00e1 muestra de m\u00fasica, plater\u00eda, telar, pinturas y fotograf\u00edas de las comunidadades.<\/span><\/p>\n<p><span lang=\"ES\">El Foro constituye un espacio plural de discusi\u00f3n y debate en torno a la tem\u00e1tica de la identidad y la cultura en la Patagonia que es, a su vez, convocante, integrador y articulador de las diferentes manifestaciones y espacios culturales presentes en la sociedad actual. <\/span><\/p>\n<p><span lang=\"ES\">Surge del creciente inter\u00e9s presente en distintos grupos y actores de la sociedad, de profundizar en la materia tanto a nivel local como regional. <\/span><\/p>\n<p><span lang=\"ES\">El Foro realiza reuniones peri\u00f3dicas en las que se invita a conferencistas destacados para abordar temas de relevancia vinculados a la problem\u00e1tica. Si bien su naturaleza es en primera instancia acad\u00e9mica, como espacio de reflexi\u00f3n-acci\u00f3n se propone la articulaci\u00f3n con los referentes de la actividad cultural, a la vez que busca la participaci\u00f3n amplia de la ciudadan\u00eda: se trata de reuniones y debates que cuentan con la participaci\u00f3n de artistas locales como generadores de identidad y practicantes de la cultura patag\u00f3nica, y se proponen abiertas al p\u00fablico en general donde se da lugar a todas las voces bajo el principio un\u00e1nime del respeto a las personas y sus ideas.<\/span><\/p>\n<p><span lang=\"ES\">Es producto de los trabajos de un grupo de personas interesadas en los problemas de identidad y cultura y es impulsado por la Universidad Nacional de R\u00edo Negro (Instituto de Investigaci\u00f3n en Pol\u00edticas P\u00fablicas y Gobierno, Sede Atl\u00e1ntica), la Universidad Nacional del Comahue (Secretar\u00eda de Extensi\u00f3n y Departamento de Estudios Pol\u00edticos, CURZA), el Museo Hist\u00f3rico Regional \u201cEmma Nozzi\u201d y la Asociaci\u00f3n \u201cAmigos de lo Nuestro\u201d.<\/span><\/p>\n<p>Fuente: Municipalidad de Viedma<\/p>\n","protected":false},"excerpt":{"rendered":"<p>Viedma.-Ma\u00f1ana viernes 28 de agosto, a las 19, en el Segundo Centro Cultural de Viedma, de Mitre al 800, se [&hellip;]<\/p>\n","protected":false},"author":2,"featured_media":13556,"comment_status":"closed","ping_status":"closed","sticky":false,"template":"","format":"standard","meta":{"site-sidebar-layout":"default","site-content-layout":"","ast-site-content-layout":"default","site-content-style":"default","site-sidebar-style":"default","ast-global-header-display":"","ast-banner-title-visibility":"","ast-main-header-display":"","ast-hfb-above-header-display":"","ast-hfb-below-header-display":"","ast-hfb-mobile-header-display":"","site-post-title":"","ast-breadcrumbs-content":"","ast-featured-img":"","footer-sml-layout":"","ast-disable-related-posts":"","theme-transparent-header-meta":"","adv-header-id-meta":"","stick-header-meta":"","header-above-stick-meta":"","header-main-stick-meta":"","header-below-stick-meta":"","astra-migrate-meta-layouts":"default","ast-page-background-enabled":"default","ast-page-background-meta":{"desktop":{"background-color":"var(--ast-global-color-5)","background-image":"","background-repeat":"repeat","background-position":"center center","background-size":"auto","background-attachment":"scroll","background-type":"","background-media":"","overlay-type":"","overlay-color":"","overlay-opacity":"","overlay-gradient":""},"tablet":{"background-color":"","background-image":"","background-repeat":"repeat","background-position":"center center","background-size":"auto","background-attachment":"scroll","background-type":"","background-media":"","overlay-type":"","overlay-color":"","overlay-opacity":"","overlay-gradient":""},"mobile":{"background-color":"","background-image":"","background-repeat":"repeat","background-position":"center center","background-size":"auto","background-attachment":"scroll","background-type":"","background-media":"","overlay-type":"","overlay-color":"","overlay-opacity":"","overlay-gradient":""}},"ast-content-background-meta":{"desktop":{"background-color":"var(--ast-global-color-4)","background-image":"","background-repeat":"repeat","background-position":"center center","background-size":"auto","background-attachment":"scroll","background-type":"","background-media":"","overlay-type":"","overlay-color":"","overlay-opacity":"","overlay-gradient":""},"tablet":{"background-color":"var(--ast-global-color-4)","background-image":"","background-repeat":"repeat","background-position":"center center","background-size":"auto","background-attachment":"scroll","background-type":"","background-media":"","overlay-type":"","overlay-color":"","overlay-opacity":"","overlay-gradient":""},"mobile":{"background-color":"var(--ast-global-color-4)","background-image":"","background-repeat":"repeat","background-position":"center center","background-size":"auto","background-attachment":"scroll","background-type":"","background-media":"","overlay-type":"","overlay-color":"","overlay-opacity":"","overlay-gradient":""}},"footnotes":""},"categories":[12,1],"tags":[],"class_list":["post-13618","post","type-post","status-publish","format-standard","has-post-thumbnail","hentry","category-agenda-ambiental","category-noticias"],"yoast_head":"<!-- This site is optimized with the Yoast SEO Premium plugin v23.0 (Yoast SEO v27.4) - https:\/\/yoast.com\/product\/yoast-seo-premium-wordpress\/ -->\n<title>Ma\u00f1ana Foro Permanente sobre Identidad y Cultura en la Patagonia en Viedma<\/title>\n<meta name=\"robots\" content=\"index, follow, max-snippet:-1, max-image-preview:large, max-video-preview:-1\" \/>\n<link rel=\"canonical\" href=\"https:\/\/patagoniambiental.com.ar\/info\/manana-foro-permanente-sobre-identidad-y-cultura-en-la-patagonia-en-viedma\/\" \/>\n<meta property=\"og:locale\" content=\"es_ES\" \/>\n<meta property=\"og:type\" content=\"article\" \/>\n<meta property=\"og:title\" content=\"Ma\u00f1ana Foro Permanente sobre Identidad y Cultura en la Patagonia en Viedma\" \/>\n<meta property=\"og:description\" content=\"Viedma.-Ma\u00f1ana viernes 28 de agosto, a las 19, en el Segundo Centro Cultural de Viedma, de Mitre al 800, se [&hellip;]\" \/>\n<meta property=\"og:url\" content=\"https:\/\/patagoniambiental.com.ar\/info\/manana-foro-permanente-sobre-identidad-y-cultura-en-la-patagonia-en-viedma\/\" \/>\n<meta property=\"og:site_name\" content=\"Patagonia Ambiental\" \/>\n<meta property=\"article:publisher\" content=\"https:\/\/www.facebook.com\/patagonia.ambiental\" \/>\n<meta property=\"article:author\" content=\"https:\/\/www.facebook.com\/share\/1C1V8Gv9BX\/?mibextid=qi2Omg\" \/>\n<meta property=\"article:published_time\" content=\"2015-08-27T22:00:07+00:00\" \/>\n<meta name=\"author\" content=\"Patagonia Ambiental\" \/>\n<meta name=\"twitter:card\" content=\"summary_large_image\" \/>\n<meta name=\"twitter:creator\" content=\"@PatAmb\" \/>\n<meta name=\"twitter:site\" content=\"@PatAmb\" \/>\n<script type=\"application\/ld+json\" class=\"yoast-schema-graph\">{\"@context\":\"https:\\\/\\\/schema.org\",\"@graph\":[{\"@type\":\"Article\",\"@id\":\"https:\\\/\\\/patagoniambiental.com.ar\\\/info\\\/manana-foro-permanente-sobre-identidad-y-cultura-en-la-patagonia-en-viedma\\\/#article\",\"isPartOf\":{\"@id\":\"https:\\\/\\\/patagoniambiental.com.ar\\\/info\\\/manana-foro-permanente-sobre-identidad-y-cultura-en-la-patagonia-en-viedma\\\/\"},\"author\":{\"name\":\"Patagonia Ambiental\",\"@id\":\"https:\\\/\\\/patagoniambiental.com.ar\\\/info\\\/#\\\/schema\\\/person\\\/db12bff64bbcbf6a253710bf0ea37b5d\"},\"headline\":\"Ma\u00f1ana Foro Permanente sobre Identidad y Cultura en la Patagonia en Viedma\",\"datePublished\":\"2015-08-27T22:00:07+00:00\",\"mainEntityOfPage\":{\"@id\":\"https:\\\/\\\/patagoniambiental.com.ar\\\/info\\\/manana-foro-permanente-sobre-identidad-y-cultura-en-la-patagonia-en-viedma\\\/\"},\"wordCount\":370,\"publisher\":{\"@id\":\"https:\\\/\\\/patagoniambiental.com.ar\\\/info\\\/#organization\"},\"image\":{\"@id\":\"https:\\\/\\\/patagoniambiental.com.ar\\\/info\\\/manana-foro-permanente-sobre-identidad-y-cultura-en-la-patagonia-en-viedma\\\/#primaryimage\"},\"thumbnailUrl\":\"\",\"articleSection\":[\"Agenda Ambiental\",\"Noticias\"],\"inLanguage\":\"es\"},{\"@type\":\"WebPage\",\"@id\":\"https:\\\/\\\/patagoniambiental.com.ar\\\/info\\\/manana-foro-permanente-sobre-identidad-y-cultura-en-la-patagonia-en-viedma\\\/\",\"url\":\"https:\\\/\\\/patagoniambiental.com.ar\\\/info\\\/manana-foro-permanente-sobre-identidad-y-cultura-en-la-patagonia-en-viedma\\\/\",\"name\":\"Ma\u00f1ana Foro Permanente sobre Identidad y Cultura en la Patagonia en Viedma\",\"isPartOf\":{\"@id\":\"https:\\\/\\\/patagoniambiental.com.ar\\\/info\\\/#website\"},\"primaryImageOfPage\":{\"@id\":\"https:\\\/\\\/patagoniambiental.com.ar\\\/info\\\/manana-foro-permanente-sobre-identidad-y-cultura-en-la-patagonia-en-viedma\\\/#primaryimage\"},\"image\":{\"@id\":\"https:\\\/\\\/patagoniambiental.com.ar\\\/info\\\/manana-foro-permanente-sobre-identidad-y-cultura-en-la-patagonia-en-viedma\\\/#primaryimage\"},\"thumbnailUrl\":\"\",\"datePublished\":\"2015-08-27T22:00:07+00:00\",\"breadcrumb\":{\"@id\":\"https:\\\/\\\/patagoniambiental.com.ar\\\/info\\\/manana-foro-permanente-sobre-identidad-y-cultura-en-la-patagonia-en-viedma\\\/#breadcrumb\"},\"inLanguage\":\"es\",\"potentialAction\":[{\"@type\":\"ReadAction\",\"target\":[\"https:\\\/\\\/patagoniambiental.com.ar\\\/info\\\/manana-foro-permanente-sobre-identidad-y-cultura-en-la-patagonia-en-viedma\\\/\"]}]},{\"@type\":\"ImageObject\",\"inLanguage\":\"es\",\"@id\":\"https:\\\/\\\/patagoniambiental.com.ar\\\/info\\\/manana-foro-permanente-sobre-identidad-y-cultura-en-la-patagonia-en-viedma\\\/#primaryimage\",\"url\":\"\",\"contentUrl\":\"\"},{\"@type\":\"BreadcrumbList\",\"@id\":\"https:\\\/\\\/patagoniambiental.com.ar\\\/info\\\/manana-foro-permanente-sobre-identidad-y-cultura-en-la-patagonia-en-viedma\\\/#breadcrumb\",\"itemListElement\":[{\"@type\":\"ListItem\",\"position\":1,\"name\":\"Inicio\",\"item\":\"https:\\\/\\\/patagoniambiental.com.ar\\\/info\\\/\"},{\"@type\":\"ListItem\",\"position\":2,\"name\":\"Ma\u00f1ana Foro Permanente sobre Identidad y Cultura en la Patagonia en Viedma\"}]},{\"@type\":\"WebSite\",\"@id\":\"https:\\\/\\\/patagoniambiental.com.ar\\\/info\\\/#website\",\"url\":\"https:\\\/\\\/patagoniambiental.com.ar\\\/info\\\/\",\"name\":\"Patagonia Ambiental\",\"description\":\"Monitoreo y an\u00e1lisis de la situaci\u00f3n geopol\u00edtica en el mundo y su implicancia en la Patagonia\",\"publisher\":{\"@id\":\"https:\\\/\\\/patagoniambiental.com.ar\\\/info\\\/#organization\"},\"potentialAction\":[{\"@type\":\"SearchAction\",\"target\":{\"@type\":\"EntryPoint\",\"urlTemplate\":\"https:\\\/\\\/patagoniambiental.com.ar\\\/info\\\/?s={search_term_string}\"},\"query-input\":{\"@type\":\"PropertyValueSpecification\",\"valueRequired\":true,\"valueName\":\"search_term_string\"}}],\"inLanguage\":\"es\"},{\"@type\":\"Organization\",\"@id\":\"https:\\\/\\\/patagoniambiental.com.ar\\\/info\\\/#organization\",\"name\":\"Patagonia Ambiental\",\"url\":\"https:\\\/\\\/patagoniambiental.com.ar\\\/info\\\/\",\"logo\":{\"@type\":\"ImageObject\",\"inLanguage\":\"es\",\"@id\":\"https:\\\/\\\/patagoniambiental.com.ar\\\/info\\\/#\\\/schema\\\/logo\\\/image\\\/\",\"url\":\"https:\\\/\\\/patagoniambiental.com.ar\\\/info\\\/wp-content\\\/uploads\\\/2025\\\/05\\\/LOGO-PATAGONIA-AMBIENTAL.png\",\"contentUrl\":\"https:\\\/\\\/patagoniambiental.com.ar\\\/info\\\/wp-content\\\/uploads\\\/2025\\\/05\\\/LOGO-PATAGONIA-AMBIENTAL.png\",\"width\":433,\"height\":250,\"caption\":\"Patagonia Ambiental\"},\"image\":{\"@id\":\"https:\\\/\\\/patagoniambiental.com.ar\\\/info\\\/#\\\/schema\\\/logo\\\/image\\\/\"},\"sameAs\":[\"https:\\\/\\\/www.facebook.com\\\/patagonia.ambiental\",\"https:\\\/\\\/x.com\\\/PatAmb\"]},{\"@type\":\"Person\",\"@id\":\"https:\\\/\\\/patagoniambiental.com.ar\\\/info\\\/#\\\/schema\\\/person\\\/db12bff64bbcbf6a253710bf0ea37b5d\",\"name\":\"Patagonia Ambiental\",\"description\":\"Andr\u00e9s Nievas T\u00e9cnico en manejo ambiental, consultor Ambiental y escritor para medios locales e internacionales sobre temas de geopolitica y medio ambiente.\",\"sameAs\":[\"http:\\\/\\\/www.patagoniambiental.com.ar\",\"https:\\\/\\\/www.facebook.com\\\/share\\\/1C1V8Gv9BX\\\/?mibextid=qi2Omg\",\"@patagoniambiental\",\"https:\\\/\\\/youtube.com\\\/@patagoniaambiental2023?si=BLt58t0wuXquxlYZ\"]}]}<\/script>\n<!-- \/ Yoast SEO Premium plugin. -->","yoast_head_json":{"title":"Ma\u00f1ana Foro Permanente sobre Identidad y Cultura en la Patagonia en Viedma","robots":{"index":"index","follow":"follow","max-snippet":"max-snippet:-1","max-image-preview":"max-image-preview:large","max-video-preview":"max-video-preview:-1"},"canonical":"https:\/\/patagoniambiental.com.ar\/info\/manana-foro-permanente-sobre-identidad-y-cultura-en-la-patagonia-en-viedma\/","og_locale":"es_ES","og_type":"article","og_title":"Ma\u00f1ana Foro Permanente sobre Identidad y Cultura en la Patagonia en Viedma","og_description":"Viedma.-Ma\u00f1ana viernes 28 de agosto, a las 19, en el Segundo Centro Cultural de Viedma, de Mitre al 800, se [&hellip;]","og_url":"https:\/\/patagoniambiental.com.ar\/info\/manana-foro-permanente-sobre-identidad-y-cultura-en-la-patagonia-en-viedma\/","og_site_name":"Patagonia Ambiental","article_publisher":"https:\/\/www.facebook.com\/patagonia.ambiental","article_author":"https:\/\/www.facebook.com\/share\/1C1V8Gv9BX\/?mibextid=qi2Omg","article_published_time":"2015-08-27T22:00:07+00:00","author":"Patagonia Ambiental","twitter_card":"summary_large_image","twitter_creator":"@PatAmb","twitter_site":"@PatAmb","schema":{"@context":"https:\/\/schema.org","@graph":[{"@type":"Article","@id":"https:\/\/patagoniambiental.com.ar\/info\/manana-foro-permanente-sobre-identidad-y-cultura-en-la-patagonia-en-viedma\/#article","isPartOf":{"@id":"https:\/\/patagoniambiental.com.ar\/info\/manana-foro-permanente-sobre-identidad-y-cultura-en-la-patagonia-en-viedma\/"},"author":{"name":"Patagonia Ambiental","@id":"https:\/\/patagoniambiental.com.ar\/info\/#\/schema\/person\/db12bff64bbcbf6a253710bf0ea37b5d"},"headline":"Ma\u00f1ana Foro Permanente sobre Identidad y Cultura en la Patagonia en Viedma","datePublished":"2015-08-27T22:00:07+00:00","mainEntityOfPage":{"@id":"https:\/\/patagoniambiental.com.ar\/info\/manana-foro-permanente-sobre-identidad-y-cultura-en-la-patagonia-en-viedma\/"},"wordCount":370,"publisher":{"@id":"https:\/\/patagoniambiental.com.ar\/info\/#organization"},"image":{"@id":"https:\/\/patagoniambiental.com.ar\/info\/manana-foro-permanente-sobre-identidad-y-cultura-en-la-patagonia-en-viedma\/#primaryimage"},"thumbnailUrl":"","articleSection":["Agenda Ambiental","Noticias"],"inLanguage":"es"},{"@type":"WebPage","@id":"https:\/\/patagoniambiental.com.ar\/info\/manana-foro-permanente-sobre-identidad-y-cultura-en-la-patagonia-en-viedma\/","url":"https:\/\/patagoniambiental.com.ar\/info\/manana-foro-permanente-sobre-identidad-y-cultura-en-la-patagonia-en-viedma\/","name":"Ma\u00f1ana Foro Permanente sobre Identidad y Cultura en la Patagonia en Viedma","isPartOf":{"@id":"https:\/\/patagoniambiental.com.ar\/info\/#website"},"primaryImageOfPage":{"@id":"https:\/\/patagoniambiental.com.ar\/info\/manana-foro-permanente-sobre-identidad-y-cultura-en-la-patagonia-en-viedma\/#primaryimage"},"image":{"@id":"https:\/\/patagoniambiental.com.ar\/info\/manana-foro-permanente-sobre-identidad-y-cultura-en-la-patagonia-en-viedma\/#primaryimage"},"thumbnailUrl":"","datePublished":"2015-08-27T22:00:07+00:00","breadcrumb":{"@id":"https:\/\/patagoniambiental.com.ar\/info\/manana-foro-permanente-sobre-identidad-y-cultura-en-la-patagonia-en-viedma\/#breadcrumb"},"inLanguage":"es","potentialAction":[{"@type":"ReadAction","target":["https:\/\/patagoniambiental.com.ar\/info\/manana-foro-permanente-sobre-identidad-y-cultura-en-la-patagonia-en-viedma\/"]}]},{"@type":"ImageObject","inLanguage":"es","@id":"https:\/\/patagoniambiental.com.ar\/info\/manana-foro-permanente-sobre-identidad-y-cultura-en-la-patagonia-en-viedma\/#primaryimage","url":"","contentUrl":""},{"@type":"BreadcrumbList","@id":"https:\/\/patagoniambiental.com.ar\/info\/manana-foro-permanente-sobre-identidad-y-cultura-en-la-patagonia-en-viedma\/#breadcrumb","itemListElement":[{"@type":"ListItem","position":1,"name":"Inicio","item":"https:\/\/patagoniambiental.com.ar\/info\/"},{"@type":"ListItem","position":2,"name":"Ma\u00f1ana Foro Permanente sobre Identidad y Cultura en la Patagonia en Viedma"}]},{"@type":"WebSite","@id":"https:\/\/patagoniambiental.com.ar\/info\/#website","url":"https:\/\/patagoniambiental.com.ar\/info\/","name":"Patagonia Ambiental","description":"Monitoreo y an\u00e1lisis de la situaci\u00f3n geopol\u00edtica en el mundo y su implicancia en la Patagonia","publisher":{"@id":"https:\/\/patagoniambiental.com.ar\/info\/#organization"},"potentialAction":[{"@type":"SearchAction","target":{"@type":"EntryPoint","urlTemplate":"https:\/\/patagoniambiental.com.ar\/info\/?s={search_term_string}"},"query-input":{"@type":"PropertyValueSpecification","valueRequired":true,"valueName":"search_term_string"}}],"inLanguage":"es"},{"@type":"Organization","@id":"https:\/\/patagoniambiental.com.ar\/info\/#organization","name":"Patagonia Ambiental","url":"https:\/\/patagoniambiental.com.ar\/info\/","logo":{"@type":"ImageObject","inLanguage":"es","@id":"https:\/\/patagoniambiental.com.ar\/info\/#\/schema\/logo\/image\/","url":"https:\/\/patagoniambiental.com.ar\/info\/wp-content\/uploads\/2025\/05\/LOGO-PATAGONIA-AMBIENTAL.png","contentUrl":"https:\/\/patagoniambiental.com.ar\/info\/wp-content\/uploads\/2025\/05\/LOGO-PATAGONIA-AMBIENTAL.png","width":433,"height":250,"caption":"Patagonia Ambiental"},"image":{"@id":"https:\/\/patagoniambiental.com.ar\/info\/#\/schema\/logo\/image\/"},"sameAs":["https:\/\/www.facebook.com\/patagonia.ambiental","https:\/\/x.com\/PatAmb"]},{"@type":"Person","@id":"https:\/\/patagoniambiental.com.ar\/info\/#\/schema\/person\/db12bff64bbcbf6a253710bf0ea37b5d","name":"Patagonia Ambiental","description":"Andr\u00e9s Nievas T\u00e9cnico en manejo ambiental, consultor Ambiental y escritor para medios locales e internacionales sobre temas de geopolitica y medio ambiente.","sameAs":["http:\/\/www.patagoniambiental.com.ar","https:\/\/www.facebook.com\/share\/1C1V8Gv9BX\/?mibextid=qi2Omg","@patagoniambiental","https:\/\/youtube.com\/@patagoniaambiental2023?si=BLt58t0wuXquxlYZ"]}]}},"_links":{"self":[{"href":"https:\/\/patagoniambiental.com.ar\/info\/wp-json\/wp\/v2\/posts\/13618","targetHints":{"allow":["GET"]}}],"collection":[{"href":"https:\/\/patagoniambiental.com.ar\/info\/wp-json\/wp\/v2\/posts"}],"about":[{"href":"https:\/\/patagoniambiental.com.ar\/info\/wp-json\/wp\/v2\/types\/post"}],"author":[{"embeddable":true,"href":"https:\/\/patagoniambiental.com.ar\/info\/wp-json\/wp\/v2\/users\/2"}],"replies":[{"embeddable":true,"href":"https:\/\/patagoniambiental.com.ar\/info\/wp-json\/wp\/v2\/comments?post=13618"}],"version-history":[{"count":0,"href":"https:\/\/patagoniambiental.com.ar\/info\/wp-json\/wp\/v2\/posts\/13618\/revisions"}],"wp:featuredmedia":[{"embeddable":true,"href":"https:\/\/patagoniambiental.com.ar\/info\/wp-json\/"}],"wp:attachment":[{"href":"https:\/\/patagoniambiental.com.ar\/info\/wp-json\/wp\/v2\/media?parent=13618"}],"wp:term":[{"taxonomy":"category","embeddable":true,"href":"https:\/\/patagoniambiental.com.ar\/info\/wp-json\/wp\/v2\/categories?post=13618"},{"taxonomy":"post_tag","embeddable":true,"href":"https:\/\/patagoniambiental.com.ar\/info\/wp-json\/wp\/v2\/tags?post=13618"}],"curies":[{"name":"wp","href":"https:\/\/api.w.org\/{rel}","templated":true}]}}