{"id":13648,"date":"2015-08-28T19:00:00","date_gmt":"2015-08-28T22:00:00","guid":{"rendered":"http:\/\/patagoniambiental.com.ar\/?p=13648"},"modified":"2015-08-28T19:00:00","modified_gmt":"2015-08-28T22:00:00","slug":"medio-ambiente-de-nacion-certifico-avances-de-obra-planta-de-tratamiento-de-rsu","status":"publish","type":"post","link":"https:\/\/patagoniambiental.com.ar\/info\/medio-ambiente-de-nacion-certifico-avances-de-obra-planta-de-tratamiento-de-rsu\/","title":{"rendered":"Medio ambiente de naci\u00f3n certific\u00f3 avances de obra planta de tratamiento de RSU"},"content":{"rendered":"<p>Rio Gallegos.-En horas de la ma\u00f1ana de este viernes, Francisco \u201cPancho\u201d Anglesio, acompa\u00f1\u00f3 a Rub\u00e9n Ybarra, t\u00e9cnico del Programa Nacional de Gesti\u00f3n Integral<!--more--><\/p>\n<p>Residuos S\u00f3lidos Urbanos de la Secretar\u00eda de Ambiente de la Naci\u00f3n, en su recorrida por la nueva Planta de Tratamiento de R\u00edo Gallegos, a los efectos de certificar avances de la obra de infraestructura que se encuentra ubicada a 20 kil\u00f3metros de la ciudad, sobre la ruta 40, camino a Punta Loyola.<\/p>\n<p>n horas de la ma\u00f1ana de este viernes, Francisco \u201cPancho\u201d Anglesio, acompa\u00f1\u00f3 a Rub\u00e9n Ybarra, t\u00e9cnico del Programa Nacional de Gesti\u00f3n Integral Residuos S\u00f3lidos Urbanos de la Secretar\u00eda de Ambiente de la Naci\u00f3n, en su recorrida por la nueva Planta de Tratamiento de R\u00edo Gallegos, a los efectos de certificar avances de la obra de infraestructura que se encuentra ubicada a 20 kil\u00f3metros de la ciudad, sobre la ruta 40, camino a Punta Loyola.<\/p>\n<p>En la oportunidad, se verific\u00f3 la inversi\u00f3n realizada por el Gobierno Nacional \u2013 de 25 millones de pesos \u2013 que fue destinada a la construcci\u00f3n de un camino pavimentado al ingreso del predio, un galp\u00f3n, el cercado perimetral, la perforaci\u00f3n para un pozo de agua, la colocaci\u00f3n de un tanque australiano, adem\u00e1s de la construcci\u00f3n de la c\u00e1mara de recolecci\u00f3n y bombeo de lixiviado, y de dos m\u00f3dulos de disposici\u00f3n, donde posteriormente se colocar\u00e1 la geo-membrana, que ya ha sido adquirida.<\/p>\n<p>Esta certificaci\u00f3n de obras, es un paso necesario para avanzar con el proceso de desembolso de recursos econ\u00f3micos para el avance de la construcci\u00f3n de la Planta de Tratamiento de Residuos S\u00f3lidos Urbanos de R\u00edo Gallegos, y comenzar con la segunda etapa \u2013 en la que se destinar\u00e1n 34 millones de pesos m\u00e1s \u2013 que constar\u00e1 de un nuevo galp\u00f3n para la separaci\u00f3n de residuos, una casilla de ingreso; el tendido de una l\u00ednea el\u00e9ctrica de media tensi\u00f3n, adem\u00e1s del arbolado perimetral.<\/p>\n<p>Cabe destacar que recorrieron las instalaciones junto a Jorge Cabezas, secretario de Gobierno de la Municipalidad local, el diputado Carlos Albrieu, Roberto Borselli, Paul Brunas \u2013 jefe de obra &#8211; Benjam\u00edn Tarelli y Eugenio P\u00e9rez de la Iglesia, especialistas en gesti\u00f3n de RSU que durante la tarde de este viernes analizar\u00e1n aspectos inherentes al emplazamiento del vaciadero municipal, sobre educaci\u00f3n ambiental, como as\u00ed tambi\u00e9n respecto del sistema de \u201cPuntos limpios\u201d en los barrios, en el marco del Foro \u201cR\u00edo Gallegos Entre Todos \u2013 Una ciudad m\u00e1s limpia\u201d, que organiza Anglesio.<\/p>\n<p>Fuente: Tiempo Sur<\/p>\n","protected":false},"excerpt":{"rendered":"<p>Rio Gallegos.-En horas de la ma\u00f1ana de este viernes, Francisco \u201cPancho\u201d Anglesio, acompa\u00f1\u00f3 a Rub\u00e9n Ybarra, t\u00e9cnico del Programa Nacional [&hellip;]<\/p>\n","protected":false},"author":2,"featured_media":13649,"comment_status":"closed","ping_status":"closed","sticky":false,"template":"","format":"standard","meta":{"site-sidebar-layout":"default","site-content-layout":"","ast-site-content-layout":"default","site-content-style":"default","site-sidebar-style":"default","ast-global-header-display":"","ast-banner-title-visibility":"","ast-main-header-display":"","ast-hfb-above-header-display":"","ast-hfb-below-header-display":"","ast-hfb-mobile-header-display":"","site-post-title":"","ast-breadcrumbs-content":"","ast-featured-img":"","footer-sml-layout":"","ast-disable-related-posts":"","theme-transparent-header-meta":"","adv-header-id-meta":"","stick-header-meta":"","header-above-stick-meta":"","header-main-stick-meta":"","header-below-stick-meta":"","astra-migrate-meta-layouts":"default","ast-page-background-enabled":"default","ast-page-background-meta":{"desktop":{"background-color":"var(--ast-global-color-5)","background-image":"","background-repeat":"repeat","background-position":"center center","background-size":"auto","background-attachment":"scroll","background-type":"","background-media":"","overlay-type":"","overlay-color":"","overlay-opacity":"","overlay-gradient":""},"tablet":{"background-color":"","background-image":"","background-repeat":"repeat","background-position":"center center","background-size":"auto","background-attachment":"scroll","background-type":"","background-media":"","overlay-type":"","overlay-color":"","overlay-opacity":"","overlay-gradient":""},"mobile":{"background-color":"","background-image":"","background-repeat":"repeat","background-position":"center center","background-size":"auto","background-attachment":"scroll","background-type":"","background-media":"","overlay-type":"","overlay-color":"","overlay-opacity":"","overlay-gradient":""}},"ast-content-background-meta":{"desktop":{"background-color":"var(--ast-global-color-4)","background-image":"","background-repeat":"repeat","background-position":"center center","background-size":"auto","background-attachment":"scroll","background-type":"","background-media":"","overlay-type":"","overlay-color":"","overlay-opacity":"","overlay-gradient":""},"tablet":{"background-color":"var(--ast-global-color-4)","background-image":"","background-repeat":"repeat","background-position":"center center","background-size":"auto","background-attachment":"scroll","background-type":"","background-media":"","overlay-type":"","overlay-color":"","overlay-opacity":"","overlay-gradient":""},"mobile":{"background-color":"var(--ast-global-color-4)","background-image":"","background-repeat":"repeat","background-position":"center center","background-size":"auto","background-attachment":"scroll","background-type":"","background-media":"","overlay-type":"","overlay-color":"","overlay-opacity":"","overlay-gradient":""}},"footnotes":""},"categories":[1,13,20],"tags":[],"class_list":["post-13648","post","type-post","status-publish","format-standard","has-post-thumbnail","hentry","category-noticias","category-provinciales","category-santa-cruz"],"yoast_head":"<!-- This site is optimized with the Yoast SEO Premium plugin v23.0 (Yoast SEO v27.4) - https:\/\/yoast.com\/product\/yoast-seo-premium-wordpress\/ -->\n<title>Medio ambiente de naci\u00f3n certific\u00f3 avances de obra planta de tratamiento de RSU<\/title>\n<meta name=\"robots\" content=\"index, follow, max-snippet:-1, max-image-preview:large, max-video-preview:-1\" \/>\n<link rel=\"canonical\" href=\"https:\/\/patagoniambiental.com.ar\/info\/medio-ambiente-de-nacion-certifico-avances-de-obra-planta-de-tratamiento-de-rsu\/\" \/>\n<meta property=\"og:locale\" content=\"es_ES\" \/>\n<meta property=\"og:type\" content=\"article\" \/>\n<meta property=\"og:title\" content=\"Medio ambiente de naci\u00f3n certific\u00f3 avances de obra planta de tratamiento de RSU\" \/>\n<meta property=\"og:description\" content=\"Rio Gallegos.-En horas de la ma\u00f1ana de este viernes, Francisco \u201cPancho\u201d Anglesio, acompa\u00f1\u00f3 a Rub\u00e9n Ybarra, t\u00e9cnico del Programa Nacional [&hellip;]\" \/>\n<meta property=\"og:url\" content=\"https:\/\/patagoniambiental.com.ar\/info\/medio-ambiente-de-nacion-certifico-avances-de-obra-planta-de-tratamiento-de-rsu\/\" \/>\n<meta property=\"og:site_name\" content=\"Patagonia Ambiental\" \/>\n<meta property=\"article:publisher\" content=\"https:\/\/www.facebook.com\/patagonia.ambiental\" \/>\n<meta property=\"article:author\" content=\"https:\/\/www.facebook.com\/share\/1C1V8Gv9BX\/?mibextid=qi2Omg\" \/>\n<meta property=\"article:published_time\" content=\"2015-08-28T22:00:00+00:00\" \/>\n<meta name=\"author\" content=\"Patagonia Ambiental\" \/>\n<meta name=\"twitter:card\" content=\"summary_large_image\" \/>\n<meta name=\"twitter:creator\" content=\"@PatAmb\" \/>\n<meta name=\"twitter:site\" content=\"@PatAmb\" \/>\n<script type=\"application\/ld+json\" class=\"yoast-schema-graph\">{\"@context\":\"https:\\\/\\\/schema.org\",\"@graph\":[{\"@type\":\"Article\",\"@id\":\"https:\\\/\\\/patagoniambiental.com.ar\\\/info\\\/medio-ambiente-de-nacion-certifico-avances-de-obra-planta-de-tratamiento-de-rsu\\\/#article\",\"isPartOf\":{\"@id\":\"https:\\\/\\\/patagoniambiental.com.ar\\\/info\\\/medio-ambiente-de-nacion-certifico-avances-de-obra-planta-de-tratamiento-de-rsu\\\/\"},\"author\":{\"name\":\"Patagonia Ambiental\",\"@id\":\"https:\\\/\\\/patagoniambiental.com.ar\\\/info\\\/#\\\/schema\\\/person\\\/db12bff64bbcbf6a253710bf0ea37b5d\"},\"headline\":\"Medio ambiente de naci\u00f3n certific\u00f3 avances de obra planta de tratamiento de RSU\",\"datePublished\":\"2015-08-28T22:00:00+00:00\",\"mainEntityOfPage\":{\"@id\":\"https:\\\/\\\/patagoniambiental.com.ar\\\/info\\\/medio-ambiente-de-nacion-certifico-avances-de-obra-planta-de-tratamiento-de-rsu\\\/\"},\"wordCount\":458,\"publisher\":{\"@id\":\"https:\\\/\\\/patagoniambiental.com.ar\\\/info\\\/#organization\"},\"image\":{\"@id\":\"https:\\\/\\\/patagoniambiental.com.ar\\\/info\\\/medio-ambiente-de-nacion-certifico-avances-de-obra-planta-de-tratamiento-de-rsu\\\/#primaryimage\"},\"thumbnailUrl\":\"\",\"articleSection\":[\"Noticias\",\"Provinciales\",\"Santa Cruz\"],\"inLanguage\":\"es\"},{\"@type\":\"WebPage\",\"@id\":\"https:\\\/\\\/patagoniambiental.com.ar\\\/info\\\/medio-ambiente-de-nacion-certifico-avances-de-obra-planta-de-tratamiento-de-rsu\\\/\",\"url\":\"https:\\\/\\\/patagoniambiental.com.ar\\\/info\\\/medio-ambiente-de-nacion-certifico-avances-de-obra-planta-de-tratamiento-de-rsu\\\/\",\"name\":\"Medio ambiente de naci\u00f3n certific\u00f3 avances de obra planta de tratamiento de RSU\",\"isPartOf\":{\"@id\":\"https:\\\/\\\/patagoniambiental.com.ar\\\/info\\\/#website\"},\"primaryImageOfPage\":{\"@id\":\"https:\\\/\\\/patagoniambiental.com.ar\\\/info\\\/medio-ambiente-de-nacion-certifico-avances-de-obra-planta-de-tratamiento-de-rsu\\\/#primaryimage\"},\"image\":{\"@id\":\"https:\\\/\\\/patagoniambiental.com.ar\\\/info\\\/medio-ambiente-de-nacion-certifico-avances-de-obra-planta-de-tratamiento-de-rsu\\\/#primaryimage\"},\"thumbnailUrl\":\"\",\"datePublished\":\"2015-08-28T22:00:00+00:00\",\"breadcrumb\":{\"@id\":\"https:\\\/\\\/patagoniambiental.com.ar\\\/info\\\/medio-ambiente-de-nacion-certifico-avances-de-obra-planta-de-tratamiento-de-rsu\\\/#breadcrumb\"},\"inLanguage\":\"es\",\"potentialAction\":[{\"@type\":\"ReadAction\",\"target\":[\"https:\\\/\\\/patagoniambiental.com.ar\\\/info\\\/medio-ambiente-de-nacion-certifico-avances-de-obra-planta-de-tratamiento-de-rsu\\\/\"]}]},{\"@type\":\"ImageObject\",\"inLanguage\":\"es\",\"@id\":\"https:\\\/\\\/patagoniambiental.com.ar\\\/info\\\/medio-ambiente-de-nacion-certifico-avances-de-obra-planta-de-tratamiento-de-rsu\\\/#primaryimage\",\"url\":\"\",\"contentUrl\":\"\"},{\"@type\":\"BreadcrumbList\",\"@id\":\"https:\\\/\\\/patagoniambiental.com.ar\\\/info\\\/medio-ambiente-de-nacion-certifico-avances-de-obra-planta-de-tratamiento-de-rsu\\\/#breadcrumb\",\"itemListElement\":[{\"@type\":\"ListItem\",\"position\":1,\"name\":\"Inicio\",\"item\":\"https:\\\/\\\/patagoniambiental.com.ar\\\/info\\\/\"},{\"@type\":\"ListItem\",\"position\":2,\"name\":\"Medio ambiente de naci\u00f3n certific\u00f3 avances de obra planta de tratamiento de RSU\"}]},{\"@type\":\"WebSite\",\"@id\":\"https:\\\/\\\/patagoniambiental.com.ar\\\/info\\\/#website\",\"url\":\"https:\\\/\\\/patagoniambiental.com.ar\\\/info\\\/\",\"name\":\"Patagonia Ambiental\",\"description\":\"Monitoreo y an\u00e1lisis de la situaci\u00f3n geopol\u00edtica en el mundo y su implicancia en la Patagonia\",\"publisher\":{\"@id\":\"https:\\\/\\\/patagoniambiental.com.ar\\\/info\\\/#organization\"},\"potentialAction\":[{\"@type\":\"SearchAction\",\"target\":{\"@type\":\"EntryPoint\",\"urlTemplate\":\"https:\\\/\\\/patagoniambiental.com.ar\\\/info\\\/?s={search_term_string}\"},\"query-input\":{\"@type\":\"PropertyValueSpecification\",\"valueRequired\":true,\"valueName\":\"search_term_string\"}}],\"inLanguage\":\"es\"},{\"@type\":\"Organization\",\"@id\":\"https:\\\/\\\/patagoniambiental.com.ar\\\/info\\\/#organization\",\"name\":\"Patagonia Ambiental\",\"url\":\"https:\\\/\\\/patagoniambiental.com.ar\\\/info\\\/\",\"logo\":{\"@type\":\"ImageObject\",\"inLanguage\":\"es\",\"@id\":\"https:\\\/\\\/patagoniambiental.com.ar\\\/info\\\/#\\\/schema\\\/logo\\\/image\\\/\",\"url\":\"https:\\\/\\\/patagoniambiental.com.ar\\\/info\\\/wp-content\\\/uploads\\\/2025\\\/05\\\/LOGO-PATAGONIA-AMBIENTAL.png\",\"contentUrl\":\"https:\\\/\\\/patagoniambiental.com.ar\\\/info\\\/wp-content\\\/uploads\\\/2025\\\/05\\\/LOGO-PATAGONIA-AMBIENTAL.png\",\"width\":433,\"height\":250,\"caption\":\"Patagonia Ambiental\"},\"image\":{\"@id\":\"https:\\\/\\\/patagoniambiental.com.ar\\\/info\\\/#\\\/schema\\\/logo\\\/image\\\/\"},\"sameAs\":[\"https:\\\/\\\/www.facebook.com\\\/patagonia.ambiental\",\"https:\\\/\\\/x.com\\\/PatAmb\"]},{\"@type\":\"Person\",\"@id\":\"https:\\\/\\\/patagoniambiental.com.ar\\\/info\\\/#\\\/schema\\\/person\\\/db12bff64bbcbf6a253710bf0ea37b5d\",\"name\":\"Patagonia Ambiental\",\"description\":\"Andr\u00e9s Nievas T\u00e9cnico en manejo ambiental, consultor Ambiental y escritor para medios locales e internacionales sobre temas de geopolitica y medio ambiente.\",\"sameAs\":[\"http:\\\/\\\/www.patagoniambiental.com.ar\",\"https:\\\/\\\/www.facebook.com\\\/share\\\/1C1V8Gv9BX\\\/?mibextid=qi2Omg\",\"@patagoniambiental\",\"https:\\\/\\\/youtube.com\\\/@patagoniaambiental2023?si=BLt58t0wuXquxlYZ\"]}]}<\/script>\n<!-- \/ Yoast SEO Premium plugin. -->","yoast_head_json":{"title":"Medio ambiente de naci\u00f3n certific\u00f3 avances de obra planta de tratamiento de RSU","robots":{"index":"index","follow":"follow","max-snippet":"max-snippet:-1","max-image-preview":"max-image-preview:large","max-video-preview":"max-video-preview:-1"},"canonical":"https:\/\/patagoniambiental.com.ar\/info\/medio-ambiente-de-nacion-certifico-avances-de-obra-planta-de-tratamiento-de-rsu\/","og_locale":"es_ES","og_type":"article","og_title":"Medio ambiente de naci\u00f3n certific\u00f3 avances de obra planta de tratamiento de RSU","og_description":"Rio Gallegos.-En horas de la ma\u00f1ana de este viernes, Francisco \u201cPancho\u201d Anglesio, acompa\u00f1\u00f3 a Rub\u00e9n Ybarra, t\u00e9cnico del Programa Nacional [&hellip;]","og_url":"https:\/\/patagoniambiental.com.ar\/info\/medio-ambiente-de-nacion-certifico-avances-de-obra-planta-de-tratamiento-de-rsu\/","og_site_name":"Patagonia Ambiental","article_publisher":"https:\/\/www.facebook.com\/patagonia.ambiental","article_author":"https:\/\/www.facebook.com\/share\/1C1V8Gv9BX\/?mibextid=qi2Omg","article_published_time":"2015-08-28T22:00:00+00:00","author":"Patagonia Ambiental","twitter_card":"summary_large_image","twitter_creator":"@PatAmb","twitter_site":"@PatAmb","schema":{"@context":"https:\/\/schema.org","@graph":[{"@type":"Article","@id":"https:\/\/patagoniambiental.com.ar\/info\/medio-ambiente-de-nacion-certifico-avances-de-obra-planta-de-tratamiento-de-rsu\/#article","isPartOf":{"@id":"https:\/\/patagoniambiental.com.ar\/info\/medio-ambiente-de-nacion-certifico-avances-de-obra-planta-de-tratamiento-de-rsu\/"},"author":{"name":"Patagonia Ambiental","@id":"https:\/\/patagoniambiental.com.ar\/info\/#\/schema\/person\/db12bff64bbcbf6a253710bf0ea37b5d"},"headline":"Medio ambiente de naci\u00f3n certific\u00f3 avances de obra planta de tratamiento de RSU","datePublished":"2015-08-28T22:00:00+00:00","mainEntityOfPage":{"@id":"https:\/\/patagoniambiental.com.ar\/info\/medio-ambiente-de-nacion-certifico-avances-de-obra-planta-de-tratamiento-de-rsu\/"},"wordCount":458,"publisher":{"@id":"https:\/\/patagoniambiental.com.ar\/info\/#organization"},"image":{"@id":"https:\/\/patagoniambiental.com.ar\/info\/medio-ambiente-de-nacion-certifico-avances-de-obra-planta-de-tratamiento-de-rsu\/#primaryimage"},"thumbnailUrl":"","articleSection":["Noticias","Provinciales","Santa Cruz"],"inLanguage":"es"},{"@type":"WebPage","@id":"https:\/\/patagoniambiental.com.ar\/info\/medio-ambiente-de-nacion-certifico-avances-de-obra-planta-de-tratamiento-de-rsu\/","url":"https:\/\/patagoniambiental.com.ar\/info\/medio-ambiente-de-nacion-certifico-avances-de-obra-planta-de-tratamiento-de-rsu\/","name":"Medio ambiente de naci\u00f3n certific\u00f3 avances de obra planta de tratamiento de RSU","isPartOf":{"@id":"https:\/\/patagoniambiental.com.ar\/info\/#website"},"primaryImageOfPage":{"@id":"https:\/\/patagoniambiental.com.ar\/info\/medio-ambiente-de-nacion-certifico-avances-de-obra-planta-de-tratamiento-de-rsu\/#primaryimage"},"image":{"@id":"https:\/\/patagoniambiental.com.ar\/info\/medio-ambiente-de-nacion-certifico-avances-de-obra-planta-de-tratamiento-de-rsu\/#primaryimage"},"thumbnailUrl":"","datePublished":"2015-08-28T22:00:00+00:00","breadcrumb":{"@id":"https:\/\/patagoniambiental.com.ar\/info\/medio-ambiente-de-nacion-certifico-avances-de-obra-planta-de-tratamiento-de-rsu\/#breadcrumb"},"inLanguage":"es","potentialAction":[{"@type":"ReadAction","target":["https:\/\/patagoniambiental.com.ar\/info\/medio-ambiente-de-nacion-certifico-avances-de-obra-planta-de-tratamiento-de-rsu\/"]}]},{"@type":"ImageObject","inLanguage":"es","@id":"https:\/\/patagoniambiental.com.ar\/info\/medio-ambiente-de-nacion-certifico-avances-de-obra-planta-de-tratamiento-de-rsu\/#primaryimage","url":"","contentUrl":""},{"@type":"BreadcrumbList","@id":"https:\/\/patagoniambiental.com.ar\/info\/medio-ambiente-de-nacion-certifico-avances-de-obra-planta-de-tratamiento-de-rsu\/#breadcrumb","itemListElement":[{"@type":"ListItem","position":1,"name":"Inicio","item":"https:\/\/patagoniambiental.com.ar\/info\/"},{"@type":"ListItem","position":2,"name":"Medio ambiente de naci\u00f3n certific\u00f3 avances de obra planta de tratamiento de RSU"}]},{"@type":"WebSite","@id":"https:\/\/patagoniambiental.com.ar\/info\/#website","url":"https:\/\/patagoniambiental.com.ar\/info\/","name":"Patagonia Ambiental","description":"Monitoreo y an\u00e1lisis de la situaci\u00f3n geopol\u00edtica en el mundo y su implicancia en la Patagonia","publisher":{"@id":"https:\/\/patagoniambiental.com.ar\/info\/#organization"},"potentialAction":[{"@type":"SearchAction","target":{"@type":"EntryPoint","urlTemplate":"https:\/\/patagoniambiental.com.ar\/info\/?s={search_term_string}"},"query-input":{"@type":"PropertyValueSpecification","valueRequired":true,"valueName":"search_term_string"}}],"inLanguage":"es"},{"@type":"Organization","@id":"https:\/\/patagoniambiental.com.ar\/info\/#organization","name":"Patagonia Ambiental","url":"https:\/\/patagoniambiental.com.ar\/info\/","logo":{"@type":"ImageObject","inLanguage":"es","@id":"https:\/\/patagoniambiental.com.ar\/info\/#\/schema\/logo\/image\/","url":"https:\/\/patagoniambiental.com.ar\/info\/wp-content\/uploads\/2025\/05\/LOGO-PATAGONIA-AMBIENTAL.png","contentUrl":"https:\/\/patagoniambiental.com.ar\/info\/wp-content\/uploads\/2025\/05\/LOGO-PATAGONIA-AMBIENTAL.png","width":433,"height":250,"caption":"Patagonia Ambiental"},"image":{"@id":"https:\/\/patagoniambiental.com.ar\/info\/#\/schema\/logo\/image\/"},"sameAs":["https:\/\/www.facebook.com\/patagonia.ambiental","https:\/\/x.com\/PatAmb"]},{"@type":"Person","@id":"https:\/\/patagoniambiental.com.ar\/info\/#\/schema\/person\/db12bff64bbcbf6a253710bf0ea37b5d","name":"Patagonia Ambiental","description":"Andr\u00e9s Nievas T\u00e9cnico en manejo ambiental, consultor Ambiental y escritor para medios locales e internacionales sobre temas de geopolitica y medio ambiente.","sameAs":["http:\/\/www.patagoniambiental.com.ar","https:\/\/www.facebook.com\/share\/1C1V8Gv9BX\/?mibextid=qi2Omg","@patagoniambiental","https:\/\/youtube.com\/@patagoniaambiental2023?si=BLt58t0wuXquxlYZ"]}]}},"_links":{"self":[{"href":"https:\/\/patagoniambiental.com.ar\/info\/wp-json\/wp\/v2\/posts\/13648","targetHints":{"allow":["GET"]}}],"collection":[{"href":"https:\/\/patagoniambiental.com.ar\/info\/wp-json\/wp\/v2\/posts"}],"about":[{"href":"https:\/\/patagoniambiental.com.ar\/info\/wp-json\/wp\/v2\/types\/post"}],"author":[{"embeddable":true,"href":"https:\/\/patagoniambiental.com.ar\/info\/wp-json\/wp\/v2\/users\/2"}],"replies":[{"embeddable":true,"href":"https:\/\/patagoniambiental.com.ar\/info\/wp-json\/wp\/v2\/comments?post=13648"}],"version-history":[{"count":0,"href":"https:\/\/patagoniambiental.com.ar\/info\/wp-json\/wp\/v2\/posts\/13648\/revisions"}],"wp:featuredmedia":[{"embeddable":true,"href":"https:\/\/patagoniambiental.com.ar\/info\/wp-json\/"}],"wp:attachment":[{"href":"https:\/\/patagoniambiental.com.ar\/info\/wp-json\/wp\/v2\/media?parent=13648"}],"wp:term":[{"taxonomy":"category","embeddable":true,"href":"https:\/\/patagoniambiental.com.ar\/info\/wp-json\/wp\/v2\/categories?post=13648"},{"taxonomy":"post_tag","embeddable":true,"href":"https:\/\/patagoniambiental.com.ar\/info\/wp-json\/wp\/v2\/tags?post=13648"}],"curies":[{"name":"wp","href":"https:\/\/api.w.org\/{rel}","templated":true}]}}