{"id":13664,"date":"2015-08-29T09:00:22","date_gmt":"2015-08-29T12:00:22","guid":{"rendered":"http:\/\/patagoniambiental.com.ar\/?p=13664"},"modified":"2015-08-29T09:00:22","modified_gmt":"2015-08-29T12:00:22","slug":"por-las-condiciones-del-terreno-se-suspendio-la-jornada-de-limpieza-del-beagle","status":"publish","type":"post","link":"https:\/\/patagoniambiental.com.ar\/info\/por-las-condiciones-del-terreno-se-suspendio-la-jornada-de-limpieza-del-beagle\/","title":{"rendered":"POR LAS CONDICIONES DEL TERRENO Se suspendi\u00f3 la jornada de limpieza del Beagle"},"content":{"rendered":"<p>Ushuaia.-La Secretar\u00eda de Desarrollo Sustentable y Ambiente comunic\u00f3 que la jornada de limpieza voluntaria, organizada con las instituciones y empresas miembro del Compromiso Onashaga, que fuera programada para\u00a0hoy s\u00e1bado 29 de agosto,<!--more--> ha sido pospuesta debido a la cantidad de hielo y nieve acumulada en las islas, y en la zona de la Reserva Playa Larga.<\/p>\n<p>Las condiciones clim\u00e1ticas actuales no permitir\u00edan recolectar eficientemente los residuos que se encuentren en el lugar por permanecer cubiertos de nieve, adem\u00e1s de no estar dadas las condiciones de seguridad necesarias para que el tr\u00e1nsito de las personas voluntarias que participen de la jornada sea conveniente.<\/p>\n<p>Durante la reuni\u00f3n realizada en el edificio de la C\u00e1mara de Comercio de Ushuaia el d\u00eda de ayer y de la que particip\u00f3 la Secretar\u00eda, entre los miembros del Compromiso Onahaga; se tom\u00f3 la decisi\u00f3n de posponer la jornada hasta el 10 de octubre pr\u00f3ximo, fecha en que se efectuar\u00e1 el trabajo de limpieza sobre la costa de la bah\u00eda de Ushuaia, bah\u00eda Golondrina y costas del canal Beagle.<\/p>\n<p>La limpieza de las islas del canal Beagle se ha diferido para realizarse en el mes de abril del 2016, una vez que culmine la etapa de reproducci\u00f3n de las aves que nidifican en las islas. Oportunamente se convocar\u00e1 a la comunidad a participar de las mismas.<\/p>\n<p>Fuente: Ushuaia Noticias<\/p>\n","protected":false},"excerpt":{"rendered":"<p>Ushuaia.-La Secretar\u00eda de Desarrollo Sustentable y Ambiente comunic\u00f3 que la jornada de limpieza voluntaria, organizada con las instituciones y empresas [&hellip;]<\/p>\n","protected":false},"author":2,"featured_media":13548,"comment_status":"closed","ping_status":"closed","sticky":false,"template":"","format":"standard","meta":{"site-sidebar-layout":"default","site-content-layout":"","ast-site-content-layout":"default","site-content-style":"default","site-sidebar-style":"default","ast-global-header-display":"","ast-banner-title-visibility":"","ast-main-header-display":"","ast-hfb-above-header-display":"","ast-hfb-below-header-display":"","ast-hfb-mobile-header-display":"","site-post-title":"","ast-breadcrumbs-content":"","ast-featured-img":"","footer-sml-layout":"","ast-disable-related-posts":"","theme-transparent-header-meta":"","adv-header-id-meta":"","stick-header-meta":"","header-above-stick-meta":"","header-main-stick-meta":"","header-below-stick-meta":"","astra-migrate-meta-layouts":"default","ast-page-background-enabled":"default","ast-page-background-meta":{"desktop":{"background-color":"var(--ast-global-color-5)","background-image":"","background-repeat":"repeat","background-position":"center center","background-size":"auto","background-attachment":"scroll","background-type":"","background-media":"","overlay-type":"","overlay-color":"","overlay-opacity":"","overlay-gradient":""},"tablet":{"background-color":"","background-image":"","background-repeat":"repeat","background-position":"center center","background-size":"auto","background-attachment":"scroll","background-type":"","background-media":"","overlay-type":"","overlay-color":"","overlay-opacity":"","overlay-gradient":""},"mobile":{"background-color":"","background-image":"","background-repeat":"repeat","background-position":"center center","background-size":"auto","background-attachment":"scroll","background-type":"","background-media":"","overlay-type":"","overlay-color":"","overlay-opacity":"","overlay-gradient":""}},"ast-content-background-meta":{"desktop":{"background-color":"var(--ast-global-color-4)","background-image":"","background-repeat":"repeat","background-position":"center center","background-size":"auto","background-attachment":"scroll","background-type":"","background-media":"","overlay-type":"","overlay-color":"","overlay-opacity":"","overlay-gradient":""},"tablet":{"background-color":"var(--ast-global-color-4)","background-image":"","background-repeat":"repeat","background-position":"center center","background-size":"auto","background-attachment":"scroll","background-type":"","background-media":"","overlay-type":"","overlay-color":"","overlay-opacity":"","overlay-gradient":""},"mobile":{"background-color":"var(--ast-global-color-4)","background-image":"","background-repeat":"repeat","background-position":"center center","background-size":"auto","background-attachment":"scroll","background-type":"","background-media":"","overlay-type":"","overlay-color":"","overlay-opacity":"","overlay-gradient":""}},"footnotes":""},"categories":[1,13,25],"tags":[],"class_list":["post-13664","post","type-post","status-publish","format-standard","has-post-thumbnail","hentry","category-noticias","category-provinciales","category-tierra-del-fuego"],"yoast_head":"<!-- This site is optimized with the Yoast SEO Premium plugin v23.0 (Yoast SEO v27.4) - https:\/\/yoast.com\/product\/yoast-seo-premium-wordpress\/ -->\n<title>POR LAS CONDICIONES DEL TERRENO Se suspendi\u00f3 la jornada de limpieza del Beagle<\/title>\n<meta name=\"robots\" content=\"index, follow, max-snippet:-1, max-image-preview:large, max-video-preview:-1\" \/>\n<link rel=\"canonical\" href=\"https:\/\/patagoniambiental.com.ar\/info\/por-las-condiciones-del-terreno-se-suspendio-la-jornada-de-limpieza-del-beagle\/\" \/>\n<meta property=\"og:locale\" content=\"es_ES\" \/>\n<meta property=\"og:type\" content=\"article\" \/>\n<meta property=\"og:title\" content=\"POR LAS CONDICIONES DEL TERRENO Se suspendi\u00f3 la jornada de limpieza del Beagle\" \/>\n<meta property=\"og:description\" content=\"Ushuaia.-La Secretar\u00eda de Desarrollo Sustentable y Ambiente comunic\u00f3 que la jornada de limpieza voluntaria, organizada con las instituciones y empresas [&hellip;]\" \/>\n<meta property=\"og:url\" content=\"https:\/\/patagoniambiental.com.ar\/info\/por-las-condiciones-del-terreno-se-suspendio-la-jornada-de-limpieza-del-beagle\/\" \/>\n<meta property=\"og:site_name\" content=\"Patagonia Ambiental\" \/>\n<meta property=\"article:publisher\" content=\"https:\/\/www.facebook.com\/patagonia.ambiental\" \/>\n<meta property=\"article:author\" content=\"https:\/\/www.facebook.com\/share\/1C1V8Gv9BX\/?mibextid=qi2Omg\" \/>\n<meta property=\"article:published_time\" content=\"2015-08-29T12:00:22+00:00\" \/>\n<meta name=\"author\" content=\"Patagonia Ambiental\" \/>\n<meta name=\"twitter:card\" content=\"summary_large_image\" \/>\n<meta name=\"twitter:creator\" content=\"@PatAmb\" \/>\n<meta name=\"twitter:site\" content=\"@PatAmb\" \/>\n<script type=\"application\/ld+json\" class=\"yoast-schema-graph\">{\"@context\":\"https:\\\/\\\/schema.org\",\"@graph\":[{\"@type\":\"Article\",\"@id\":\"https:\\\/\\\/patagoniambiental.com.ar\\\/info\\\/por-las-condiciones-del-terreno-se-suspendio-la-jornada-de-limpieza-del-beagle\\\/#article\",\"isPartOf\":{\"@id\":\"https:\\\/\\\/patagoniambiental.com.ar\\\/info\\\/por-las-condiciones-del-terreno-se-suspendio-la-jornada-de-limpieza-del-beagle\\\/\"},\"author\":{\"name\":\"Patagonia Ambiental\",\"@id\":\"https:\\\/\\\/patagoniambiental.com.ar\\\/info\\\/#\\\/schema\\\/person\\\/db12bff64bbcbf6a253710bf0ea37b5d\"},\"headline\":\"POR LAS CONDICIONES DEL TERRENO Se suspendi\u00f3 la jornada de limpieza del Beagle\",\"datePublished\":\"2015-08-29T12:00:22+00:00\",\"mainEntityOfPage\":{\"@id\":\"https:\\\/\\\/patagoniambiental.com.ar\\\/info\\\/por-las-condiciones-del-terreno-se-suspendio-la-jornada-de-limpieza-del-beagle\\\/\"},\"wordCount\":248,\"publisher\":{\"@id\":\"https:\\\/\\\/patagoniambiental.com.ar\\\/info\\\/#organization\"},\"image\":{\"@id\":\"https:\\\/\\\/patagoniambiental.com.ar\\\/info\\\/por-las-condiciones-del-terreno-se-suspendio-la-jornada-de-limpieza-del-beagle\\\/#primaryimage\"},\"thumbnailUrl\":\"\",\"articleSection\":[\"Noticias\",\"Provinciales\",\"Tierra del Fuego\"],\"inLanguage\":\"es\"},{\"@type\":\"WebPage\",\"@id\":\"https:\\\/\\\/patagoniambiental.com.ar\\\/info\\\/por-las-condiciones-del-terreno-se-suspendio-la-jornada-de-limpieza-del-beagle\\\/\",\"url\":\"https:\\\/\\\/patagoniambiental.com.ar\\\/info\\\/por-las-condiciones-del-terreno-se-suspendio-la-jornada-de-limpieza-del-beagle\\\/\",\"name\":\"POR LAS CONDICIONES DEL TERRENO Se suspendi\u00f3 la jornada de limpieza del Beagle\",\"isPartOf\":{\"@id\":\"https:\\\/\\\/patagoniambiental.com.ar\\\/info\\\/#website\"},\"primaryImageOfPage\":{\"@id\":\"https:\\\/\\\/patagoniambiental.com.ar\\\/info\\\/por-las-condiciones-del-terreno-se-suspendio-la-jornada-de-limpieza-del-beagle\\\/#primaryimage\"},\"image\":{\"@id\":\"https:\\\/\\\/patagoniambiental.com.ar\\\/info\\\/por-las-condiciones-del-terreno-se-suspendio-la-jornada-de-limpieza-del-beagle\\\/#primaryimage\"},\"thumbnailUrl\":\"\",\"datePublished\":\"2015-08-29T12:00:22+00:00\",\"breadcrumb\":{\"@id\":\"https:\\\/\\\/patagoniambiental.com.ar\\\/info\\\/por-las-condiciones-del-terreno-se-suspendio-la-jornada-de-limpieza-del-beagle\\\/#breadcrumb\"},\"inLanguage\":\"es\",\"potentialAction\":[{\"@type\":\"ReadAction\",\"target\":[\"https:\\\/\\\/patagoniambiental.com.ar\\\/info\\\/por-las-condiciones-del-terreno-se-suspendio-la-jornada-de-limpieza-del-beagle\\\/\"]}]},{\"@type\":\"ImageObject\",\"inLanguage\":\"es\",\"@id\":\"https:\\\/\\\/patagoniambiental.com.ar\\\/info\\\/por-las-condiciones-del-terreno-se-suspendio-la-jornada-de-limpieza-del-beagle\\\/#primaryimage\",\"url\":\"\",\"contentUrl\":\"\"},{\"@type\":\"BreadcrumbList\",\"@id\":\"https:\\\/\\\/patagoniambiental.com.ar\\\/info\\\/por-las-condiciones-del-terreno-se-suspendio-la-jornada-de-limpieza-del-beagle\\\/#breadcrumb\",\"itemListElement\":[{\"@type\":\"ListItem\",\"position\":1,\"name\":\"Inicio\",\"item\":\"https:\\\/\\\/patagoniambiental.com.ar\\\/info\\\/\"},{\"@type\":\"ListItem\",\"position\":2,\"name\":\"POR LAS CONDICIONES DEL TERRENO Se suspendi\u00f3 la jornada de limpieza del Beagle\"}]},{\"@type\":\"WebSite\",\"@id\":\"https:\\\/\\\/patagoniambiental.com.ar\\\/info\\\/#website\",\"url\":\"https:\\\/\\\/patagoniambiental.com.ar\\\/info\\\/\",\"name\":\"Patagonia Ambiental\",\"description\":\"Monitoreo y an\u00e1lisis de la situaci\u00f3n geopol\u00edtica en el mundo y su implicancia en la Patagonia\",\"publisher\":{\"@id\":\"https:\\\/\\\/patagoniambiental.com.ar\\\/info\\\/#organization\"},\"potentialAction\":[{\"@type\":\"SearchAction\",\"target\":{\"@type\":\"EntryPoint\",\"urlTemplate\":\"https:\\\/\\\/patagoniambiental.com.ar\\\/info\\\/?s={search_term_string}\"},\"query-input\":{\"@type\":\"PropertyValueSpecification\",\"valueRequired\":true,\"valueName\":\"search_term_string\"}}],\"inLanguage\":\"es\"},{\"@type\":\"Organization\",\"@id\":\"https:\\\/\\\/patagoniambiental.com.ar\\\/info\\\/#organization\",\"name\":\"Patagonia Ambiental\",\"url\":\"https:\\\/\\\/patagoniambiental.com.ar\\\/info\\\/\",\"logo\":{\"@type\":\"ImageObject\",\"inLanguage\":\"es\",\"@id\":\"https:\\\/\\\/patagoniambiental.com.ar\\\/info\\\/#\\\/schema\\\/logo\\\/image\\\/\",\"url\":\"https:\\\/\\\/patagoniambiental.com.ar\\\/info\\\/wp-content\\\/uploads\\\/2025\\\/05\\\/LOGO-PATAGONIA-AMBIENTAL.png\",\"contentUrl\":\"https:\\\/\\\/patagoniambiental.com.ar\\\/info\\\/wp-content\\\/uploads\\\/2025\\\/05\\\/LOGO-PATAGONIA-AMBIENTAL.png\",\"width\":433,\"height\":250,\"caption\":\"Patagonia Ambiental\"},\"image\":{\"@id\":\"https:\\\/\\\/patagoniambiental.com.ar\\\/info\\\/#\\\/schema\\\/logo\\\/image\\\/\"},\"sameAs\":[\"https:\\\/\\\/www.facebook.com\\\/patagonia.ambiental\",\"https:\\\/\\\/x.com\\\/PatAmb\"]},{\"@type\":\"Person\",\"@id\":\"https:\\\/\\\/patagoniambiental.com.ar\\\/info\\\/#\\\/schema\\\/person\\\/db12bff64bbcbf6a253710bf0ea37b5d\",\"name\":\"Patagonia Ambiental\",\"description\":\"Andr\u00e9s Nievas T\u00e9cnico en manejo ambiental, consultor Ambiental y escritor para medios locales e internacionales sobre temas de geopolitica y medio ambiente.\",\"sameAs\":[\"http:\\\/\\\/www.patagoniambiental.com.ar\",\"https:\\\/\\\/www.facebook.com\\\/share\\\/1C1V8Gv9BX\\\/?mibextid=qi2Omg\",\"@patagoniambiental\",\"https:\\\/\\\/youtube.com\\\/@patagoniaambiental2023?si=BLt58t0wuXquxlYZ\"]}]}<\/script>\n<!-- \/ Yoast SEO Premium plugin. -->","yoast_head_json":{"title":"POR LAS CONDICIONES DEL TERRENO Se suspendi\u00f3 la jornada de limpieza del Beagle","robots":{"index":"index","follow":"follow","max-snippet":"max-snippet:-1","max-image-preview":"max-image-preview:large","max-video-preview":"max-video-preview:-1"},"canonical":"https:\/\/patagoniambiental.com.ar\/info\/por-las-condiciones-del-terreno-se-suspendio-la-jornada-de-limpieza-del-beagle\/","og_locale":"es_ES","og_type":"article","og_title":"POR LAS CONDICIONES DEL TERRENO Se suspendi\u00f3 la jornada de limpieza del Beagle","og_description":"Ushuaia.-La Secretar\u00eda de Desarrollo Sustentable y Ambiente comunic\u00f3 que la jornada de limpieza voluntaria, organizada con las instituciones y empresas [&hellip;]","og_url":"https:\/\/patagoniambiental.com.ar\/info\/por-las-condiciones-del-terreno-se-suspendio-la-jornada-de-limpieza-del-beagle\/","og_site_name":"Patagonia Ambiental","article_publisher":"https:\/\/www.facebook.com\/patagonia.ambiental","article_author":"https:\/\/www.facebook.com\/share\/1C1V8Gv9BX\/?mibextid=qi2Omg","article_published_time":"2015-08-29T12:00:22+00:00","author":"Patagonia Ambiental","twitter_card":"summary_large_image","twitter_creator":"@PatAmb","twitter_site":"@PatAmb","schema":{"@context":"https:\/\/schema.org","@graph":[{"@type":"Article","@id":"https:\/\/patagoniambiental.com.ar\/info\/por-las-condiciones-del-terreno-se-suspendio-la-jornada-de-limpieza-del-beagle\/#article","isPartOf":{"@id":"https:\/\/patagoniambiental.com.ar\/info\/por-las-condiciones-del-terreno-se-suspendio-la-jornada-de-limpieza-del-beagle\/"},"author":{"name":"Patagonia Ambiental","@id":"https:\/\/patagoniambiental.com.ar\/info\/#\/schema\/person\/db12bff64bbcbf6a253710bf0ea37b5d"},"headline":"POR LAS CONDICIONES DEL TERRENO Se suspendi\u00f3 la jornada de limpieza del Beagle","datePublished":"2015-08-29T12:00:22+00:00","mainEntityOfPage":{"@id":"https:\/\/patagoniambiental.com.ar\/info\/por-las-condiciones-del-terreno-se-suspendio-la-jornada-de-limpieza-del-beagle\/"},"wordCount":248,"publisher":{"@id":"https:\/\/patagoniambiental.com.ar\/info\/#organization"},"image":{"@id":"https:\/\/patagoniambiental.com.ar\/info\/por-las-condiciones-del-terreno-se-suspendio-la-jornada-de-limpieza-del-beagle\/#primaryimage"},"thumbnailUrl":"","articleSection":["Noticias","Provinciales","Tierra del Fuego"],"inLanguage":"es"},{"@type":"WebPage","@id":"https:\/\/patagoniambiental.com.ar\/info\/por-las-condiciones-del-terreno-se-suspendio-la-jornada-de-limpieza-del-beagle\/","url":"https:\/\/patagoniambiental.com.ar\/info\/por-las-condiciones-del-terreno-se-suspendio-la-jornada-de-limpieza-del-beagle\/","name":"POR LAS CONDICIONES DEL TERRENO Se suspendi\u00f3 la jornada de limpieza del Beagle","isPartOf":{"@id":"https:\/\/patagoniambiental.com.ar\/info\/#website"},"primaryImageOfPage":{"@id":"https:\/\/patagoniambiental.com.ar\/info\/por-las-condiciones-del-terreno-se-suspendio-la-jornada-de-limpieza-del-beagle\/#primaryimage"},"image":{"@id":"https:\/\/patagoniambiental.com.ar\/info\/por-las-condiciones-del-terreno-se-suspendio-la-jornada-de-limpieza-del-beagle\/#primaryimage"},"thumbnailUrl":"","datePublished":"2015-08-29T12:00:22+00:00","breadcrumb":{"@id":"https:\/\/patagoniambiental.com.ar\/info\/por-las-condiciones-del-terreno-se-suspendio-la-jornada-de-limpieza-del-beagle\/#breadcrumb"},"inLanguage":"es","potentialAction":[{"@type":"ReadAction","target":["https:\/\/patagoniambiental.com.ar\/info\/por-las-condiciones-del-terreno-se-suspendio-la-jornada-de-limpieza-del-beagle\/"]}]},{"@type":"ImageObject","inLanguage":"es","@id":"https:\/\/patagoniambiental.com.ar\/info\/por-las-condiciones-del-terreno-se-suspendio-la-jornada-de-limpieza-del-beagle\/#primaryimage","url":"","contentUrl":""},{"@type":"BreadcrumbList","@id":"https:\/\/patagoniambiental.com.ar\/info\/por-las-condiciones-del-terreno-se-suspendio-la-jornada-de-limpieza-del-beagle\/#breadcrumb","itemListElement":[{"@type":"ListItem","position":1,"name":"Inicio","item":"https:\/\/patagoniambiental.com.ar\/info\/"},{"@type":"ListItem","position":2,"name":"POR LAS CONDICIONES DEL TERRENO Se suspendi\u00f3 la jornada de limpieza del Beagle"}]},{"@type":"WebSite","@id":"https:\/\/patagoniambiental.com.ar\/info\/#website","url":"https:\/\/patagoniambiental.com.ar\/info\/","name":"Patagonia Ambiental","description":"Monitoreo y an\u00e1lisis de la situaci\u00f3n geopol\u00edtica en el mundo y su implicancia en la Patagonia","publisher":{"@id":"https:\/\/patagoniambiental.com.ar\/info\/#organization"},"potentialAction":[{"@type":"SearchAction","target":{"@type":"EntryPoint","urlTemplate":"https:\/\/patagoniambiental.com.ar\/info\/?s={search_term_string}"},"query-input":{"@type":"PropertyValueSpecification","valueRequired":true,"valueName":"search_term_string"}}],"inLanguage":"es"},{"@type":"Organization","@id":"https:\/\/patagoniambiental.com.ar\/info\/#organization","name":"Patagonia Ambiental","url":"https:\/\/patagoniambiental.com.ar\/info\/","logo":{"@type":"ImageObject","inLanguage":"es","@id":"https:\/\/patagoniambiental.com.ar\/info\/#\/schema\/logo\/image\/","url":"https:\/\/patagoniambiental.com.ar\/info\/wp-content\/uploads\/2025\/05\/LOGO-PATAGONIA-AMBIENTAL.png","contentUrl":"https:\/\/patagoniambiental.com.ar\/info\/wp-content\/uploads\/2025\/05\/LOGO-PATAGONIA-AMBIENTAL.png","width":433,"height":250,"caption":"Patagonia Ambiental"},"image":{"@id":"https:\/\/patagoniambiental.com.ar\/info\/#\/schema\/logo\/image\/"},"sameAs":["https:\/\/www.facebook.com\/patagonia.ambiental","https:\/\/x.com\/PatAmb"]},{"@type":"Person","@id":"https:\/\/patagoniambiental.com.ar\/info\/#\/schema\/person\/db12bff64bbcbf6a253710bf0ea37b5d","name":"Patagonia Ambiental","description":"Andr\u00e9s Nievas T\u00e9cnico en manejo ambiental, consultor Ambiental y escritor para medios locales e internacionales sobre temas de geopolitica y medio ambiente.","sameAs":["http:\/\/www.patagoniambiental.com.ar","https:\/\/www.facebook.com\/share\/1C1V8Gv9BX\/?mibextid=qi2Omg","@patagoniambiental","https:\/\/youtube.com\/@patagoniaambiental2023?si=BLt58t0wuXquxlYZ"]}]}},"_links":{"self":[{"href":"https:\/\/patagoniambiental.com.ar\/info\/wp-json\/wp\/v2\/posts\/13664","targetHints":{"allow":["GET"]}}],"collection":[{"href":"https:\/\/patagoniambiental.com.ar\/info\/wp-json\/wp\/v2\/posts"}],"about":[{"href":"https:\/\/patagoniambiental.com.ar\/info\/wp-json\/wp\/v2\/types\/post"}],"author":[{"embeddable":true,"href":"https:\/\/patagoniambiental.com.ar\/info\/wp-json\/wp\/v2\/users\/2"}],"replies":[{"embeddable":true,"href":"https:\/\/patagoniambiental.com.ar\/info\/wp-json\/wp\/v2\/comments?post=13664"}],"version-history":[{"count":0,"href":"https:\/\/patagoniambiental.com.ar\/info\/wp-json\/wp\/v2\/posts\/13664\/revisions"}],"wp:featuredmedia":[{"embeddable":true,"href":"https:\/\/patagoniambiental.com.ar\/info\/wp-json\/"}],"wp:attachment":[{"href":"https:\/\/patagoniambiental.com.ar\/info\/wp-json\/wp\/v2\/media?parent=13664"}],"wp:term":[{"taxonomy":"category","embeddable":true,"href":"https:\/\/patagoniambiental.com.ar\/info\/wp-json\/wp\/v2\/categories?post=13664"},{"taxonomy":"post_tag","embeddable":true,"href":"https:\/\/patagoniambiental.com.ar\/info\/wp-json\/wp\/v2\/tags?post=13664"}],"curies":[{"name":"wp","href":"https:\/\/api.w.org\/{rel}","templated":true}]}}