{"id":13686,"date":"2015-08-31T09:00:13","date_gmt":"2015-08-31T12:00:13","guid":{"rendered":"http:\/\/patagoniambiental.com.ar\/?p=13686"},"modified":"2015-08-31T09:00:13","modified_gmt":"2015-08-31T12:00:13","slug":"cuidado-del-medio-ambiente-se-realizo-la-presentacion-del-sello-verde","status":"publish","type":"post","link":"https:\/\/patagoniambiental.com.ar\/info\/cuidado-del-medio-ambiente-se-realizo-la-presentacion-del-sello-verde\/","title":{"rendered":"CUIDADO DEL MEDIO AMBIENTE Se realiz\u00f3 la presentaci\u00f3n del \u201cSello Verde\u201d"},"content":{"rendered":"<p>Ushuaia.-Luego de meses de trabajo La Municipalidad de Ushuaia a trav\u00e9s del programa \u201cUshuaia Recicla\u201d realiz\u00f3 la presentaci\u00f3n de \u201cSello Verde\u201d, un programa ecol\u00f3gico de educaci\u00f3n ambiental que avala experiencias, procesos, ecosistemas y personas que aportan al equilibrio ambiental o a la vida<!--more--> en el planeta. Tambi\u00e9n es un espacio que pretende mostrar procesos para que puedan ser tomados como referencia.<\/p>\n<p>La presentaci\u00f3n se realiz\u00f3 el viernes desde las 16 horas en el sal\u00f3n del Hotel Cap Polonio y cont\u00f3 con la presencia del intendente, Federico Sciurano, la responsable del programa \u201cUshuaia Recicla\u201d y miembros de instituciones que participan de las medidas que lleva adelante la Municipalidad de Ushuaia para cuidar el medio ambiente. En la oportunidad se hizo entrega del \u201cSello Verde\u201d a los hoteles Cumbres del Martial y Cap Polonio por las tareas que llevaron adelante para colaborar con el cuidado del ambiente.<\/p>\n<p>Gabriela Sola, explic\u00f3 que \u201cconsiste en una ecoetiqueta que se otorga como distintivo a establecimientos, instituciones y organizaciones que demuestren cuidar al ambiente y desarrollan acciones concretas sostenidas en el tiempo\u201d.<\/p>\n<p>\u201cEn esta oportunidad le entregamos a dos empresas, Cumbres Del Martial y Cap Polonio\u201d puntualiz\u00f3 Sosa. En ese sentido especific\u00f3 que \u201cel sello es una herramienta de comunicaci\u00f3n visual que le sirve al usuario para identificar quienes llevan este tipo de acciones, lo que los beneficia ya que est\u00e1 comprobado que los turistas buscan este sello\u201d.<\/p>\n<p>\u201cEl objetivo principal es entregar este sello para motivar a mas instituciones y personas a sumarse para concientizar a la comunidad\u201d indic\u00f3 la responsable del Programa Ushuaia Recicla. En otro punto, Sosa, cont\u00f3 que \u201cesta iniciativa se viene gestando desde hace unos meses. Lo hemos consensuado con la Secretar\u00eda de Turismo; hace un mes hicimos la presentaci\u00f3n en la web municipal e inmediatamente nos contactamos con quienes ya ven\u00edan trabajando en el cuidado del ambiente\u201d. Para finalizar Sosa adelant\u00f3 que \u201cdentro de un mes haremos una nueva entrega de este sello a las instituciones que profundicen su trabajo\u201d.<\/p>\n<p>Fuente: Ushuaia Noticias<\/p>\n","protected":false},"excerpt":{"rendered":"<p>Ushuaia.-Luego de meses de trabajo La Municipalidad de Ushuaia a trav\u00e9s del programa \u201cUshuaia Recicla\u201d realiz\u00f3 la presentaci\u00f3n de \u201cSello [&hellip;]<\/p>\n","protected":false},"author":2,"featured_media":13687,"comment_status":"closed","ping_status":"closed","sticky":false,"template":"","format":"standard","meta":{"site-sidebar-layout":"default","site-content-layout":"","ast-site-content-layout":"default","site-content-style":"default","site-sidebar-style":"default","ast-global-header-display":"","ast-banner-title-visibility":"","ast-main-header-display":"","ast-hfb-above-header-display":"","ast-hfb-below-header-display":"","ast-hfb-mobile-header-display":"","site-post-title":"","ast-breadcrumbs-content":"","ast-featured-img":"","footer-sml-layout":"","ast-disable-related-posts":"","theme-transparent-header-meta":"","adv-header-id-meta":"","stick-header-meta":"","header-above-stick-meta":"","header-main-stick-meta":"","header-below-stick-meta":"","astra-migrate-meta-layouts":"default","ast-page-background-enabled":"default","ast-page-background-meta":{"desktop":{"background-color":"var(--ast-global-color-5)","background-image":"","background-repeat":"repeat","background-position":"center center","background-size":"auto","background-attachment":"scroll","background-type":"","background-media":"","overlay-type":"","overlay-color":"","overlay-opacity":"","overlay-gradient":""},"tablet":{"background-color":"","background-image":"","background-repeat":"repeat","background-position":"center center","background-size":"auto","background-attachment":"scroll","background-type":"","background-media":"","overlay-type":"","overlay-color":"","overlay-opacity":"","overlay-gradient":""},"mobile":{"background-color":"","background-image":"","background-repeat":"repeat","background-position":"center center","background-size":"auto","background-attachment":"scroll","background-type":"","background-media":"","overlay-type":"","overlay-color":"","overlay-opacity":"","overlay-gradient":""}},"ast-content-background-meta":{"desktop":{"background-color":"var(--ast-global-color-4)","background-image":"","background-repeat":"repeat","background-position":"center center","background-size":"auto","background-attachment":"scroll","background-type":"","background-media":"","overlay-type":"","overlay-color":"","overlay-opacity":"","overlay-gradient":""},"tablet":{"background-color":"var(--ast-global-color-4)","background-image":"","background-repeat":"repeat","background-position":"center center","background-size":"auto","background-attachment":"scroll","background-type":"","background-media":"","overlay-type":"","overlay-color":"","overlay-opacity":"","overlay-gradient":""},"mobile":{"background-color":"var(--ast-global-color-4)","background-image":"","background-repeat":"repeat","background-position":"center center","background-size":"auto","background-attachment":"scroll","background-type":"","background-media":"","overlay-type":"","overlay-color":"","overlay-opacity":"","overlay-gradient":""}},"footnotes":""},"categories":[1,13,25],"tags":[],"class_list":["post-13686","post","type-post","status-publish","format-standard","has-post-thumbnail","hentry","category-noticias","category-provinciales","category-tierra-del-fuego"],"yoast_head":"<!-- This site is optimized with the Yoast SEO Premium plugin v23.0 (Yoast SEO v27.4) - https:\/\/yoast.com\/product\/yoast-seo-premium-wordpress\/ -->\n<title>CUIDADO DEL MEDIO AMBIENTE Se realiz\u00f3 la presentaci\u00f3n del \u201cSello Verde\u201d<\/title>\n<meta name=\"robots\" content=\"index, follow, max-snippet:-1, max-image-preview:large, max-video-preview:-1\" \/>\n<link rel=\"canonical\" href=\"https:\/\/patagoniambiental.com.ar\/info\/cuidado-del-medio-ambiente-se-realizo-la-presentacion-del-sello-verde\/\" \/>\n<meta property=\"og:locale\" content=\"es_ES\" \/>\n<meta property=\"og:type\" content=\"article\" \/>\n<meta property=\"og:title\" content=\"CUIDADO DEL MEDIO AMBIENTE Se realiz\u00f3 la presentaci\u00f3n del \u201cSello Verde\u201d\" \/>\n<meta property=\"og:description\" content=\"Ushuaia.-Luego de meses de trabajo La Municipalidad de Ushuaia a trav\u00e9s del programa \u201cUshuaia Recicla\u201d realiz\u00f3 la presentaci\u00f3n de \u201cSello [&hellip;]\" \/>\n<meta property=\"og:url\" content=\"https:\/\/patagoniambiental.com.ar\/info\/cuidado-del-medio-ambiente-se-realizo-la-presentacion-del-sello-verde\/\" \/>\n<meta property=\"og:site_name\" content=\"Patagonia Ambiental\" \/>\n<meta property=\"article:publisher\" content=\"https:\/\/www.facebook.com\/patagonia.ambiental\" \/>\n<meta property=\"article:author\" content=\"https:\/\/www.facebook.com\/share\/1C1V8Gv9BX\/?mibextid=qi2Omg\" \/>\n<meta property=\"article:published_time\" content=\"2015-08-31T12:00:13+00:00\" \/>\n<meta name=\"author\" content=\"Patagonia Ambiental\" \/>\n<meta name=\"twitter:card\" content=\"summary_large_image\" \/>\n<meta name=\"twitter:creator\" content=\"@PatAmb\" \/>\n<meta name=\"twitter:site\" content=\"@PatAmb\" \/>\n<script type=\"application\/ld+json\" class=\"yoast-schema-graph\">{\"@context\":\"https:\\\/\\\/schema.org\",\"@graph\":[{\"@type\":\"Article\",\"@id\":\"https:\\\/\\\/patagoniambiental.com.ar\\\/info\\\/cuidado-del-medio-ambiente-se-realizo-la-presentacion-del-sello-verde\\\/#article\",\"isPartOf\":{\"@id\":\"https:\\\/\\\/patagoniambiental.com.ar\\\/info\\\/cuidado-del-medio-ambiente-se-realizo-la-presentacion-del-sello-verde\\\/\"},\"author\":{\"name\":\"Patagonia Ambiental\",\"@id\":\"https:\\\/\\\/patagoniambiental.com.ar\\\/info\\\/#\\\/schema\\\/person\\\/db12bff64bbcbf6a253710bf0ea37b5d\"},\"headline\":\"CUIDADO DEL MEDIO AMBIENTE Se realiz\u00f3 la presentaci\u00f3n del \u201cSello Verde\u201d\",\"datePublished\":\"2015-08-31T12:00:13+00:00\",\"mainEntityOfPage\":{\"@id\":\"https:\\\/\\\/patagoniambiental.com.ar\\\/info\\\/cuidado-del-medio-ambiente-se-realizo-la-presentacion-del-sello-verde\\\/\"},\"wordCount\":356,\"publisher\":{\"@id\":\"https:\\\/\\\/patagoniambiental.com.ar\\\/info\\\/#organization\"},\"image\":{\"@id\":\"https:\\\/\\\/patagoniambiental.com.ar\\\/info\\\/cuidado-del-medio-ambiente-se-realizo-la-presentacion-del-sello-verde\\\/#primaryimage\"},\"thumbnailUrl\":\"\",\"articleSection\":[\"Noticias\",\"Provinciales\",\"Tierra del Fuego\"],\"inLanguage\":\"es\"},{\"@type\":\"WebPage\",\"@id\":\"https:\\\/\\\/patagoniambiental.com.ar\\\/info\\\/cuidado-del-medio-ambiente-se-realizo-la-presentacion-del-sello-verde\\\/\",\"url\":\"https:\\\/\\\/patagoniambiental.com.ar\\\/info\\\/cuidado-del-medio-ambiente-se-realizo-la-presentacion-del-sello-verde\\\/\",\"name\":\"CUIDADO DEL MEDIO AMBIENTE Se realiz\u00f3 la presentaci\u00f3n del \u201cSello Verde\u201d\",\"isPartOf\":{\"@id\":\"https:\\\/\\\/patagoniambiental.com.ar\\\/info\\\/#website\"},\"primaryImageOfPage\":{\"@id\":\"https:\\\/\\\/patagoniambiental.com.ar\\\/info\\\/cuidado-del-medio-ambiente-se-realizo-la-presentacion-del-sello-verde\\\/#primaryimage\"},\"image\":{\"@id\":\"https:\\\/\\\/patagoniambiental.com.ar\\\/info\\\/cuidado-del-medio-ambiente-se-realizo-la-presentacion-del-sello-verde\\\/#primaryimage\"},\"thumbnailUrl\":\"\",\"datePublished\":\"2015-08-31T12:00:13+00:00\",\"breadcrumb\":{\"@id\":\"https:\\\/\\\/patagoniambiental.com.ar\\\/info\\\/cuidado-del-medio-ambiente-se-realizo-la-presentacion-del-sello-verde\\\/#breadcrumb\"},\"inLanguage\":\"es\",\"potentialAction\":[{\"@type\":\"ReadAction\",\"target\":[\"https:\\\/\\\/patagoniambiental.com.ar\\\/info\\\/cuidado-del-medio-ambiente-se-realizo-la-presentacion-del-sello-verde\\\/\"]}]},{\"@type\":\"ImageObject\",\"inLanguage\":\"es\",\"@id\":\"https:\\\/\\\/patagoniambiental.com.ar\\\/info\\\/cuidado-del-medio-ambiente-se-realizo-la-presentacion-del-sello-verde\\\/#primaryimage\",\"url\":\"\",\"contentUrl\":\"\"},{\"@type\":\"BreadcrumbList\",\"@id\":\"https:\\\/\\\/patagoniambiental.com.ar\\\/info\\\/cuidado-del-medio-ambiente-se-realizo-la-presentacion-del-sello-verde\\\/#breadcrumb\",\"itemListElement\":[{\"@type\":\"ListItem\",\"position\":1,\"name\":\"Inicio\",\"item\":\"https:\\\/\\\/patagoniambiental.com.ar\\\/info\\\/\"},{\"@type\":\"ListItem\",\"position\":2,\"name\":\"CUIDADO DEL MEDIO AMBIENTE Se realiz\u00f3 la presentaci\u00f3n del \u201cSello Verde\u201d\"}]},{\"@type\":\"WebSite\",\"@id\":\"https:\\\/\\\/patagoniambiental.com.ar\\\/info\\\/#website\",\"url\":\"https:\\\/\\\/patagoniambiental.com.ar\\\/info\\\/\",\"name\":\"Patagonia Ambiental\",\"description\":\"Monitoreo y an\u00e1lisis de la situaci\u00f3n geopol\u00edtica en el mundo y su implicancia en la Patagonia\",\"publisher\":{\"@id\":\"https:\\\/\\\/patagoniambiental.com.ar\\\/info\\\/#organization\"},\"potentialAction\":[{\"@type\":\"SearchAction\",\"target\":{\"@type\":\"EntryPoint\",\"urlTemplate\":\"https:\\\/\\\/patagoniambiental.com.ar\\\/info\\\/?s={search_term_string}\"},\"query-input\":{\"@type\":\"PropertyValueSpecification\",\"valueRequired\":true,\"valueName\":\"search_term_string\"}}],\"inLanguage\":\"es\"},{\"@type\":\"Organization\",\"@id\":\"https:\\\/\\\/patagoniambiental.com.ar\\\/info\\\/#organization\",\"name\":\"Patagonia Ambiental\",\"url\":\"https:\\\/\\\/patagoniambiental.com.ar\\\/info\\\/\",\"logo\":{\"@type\":\"ImageObject\",\"inLanguage\":\"es\",\"@id\":\"https:\\\/\\\/patagoniambiental.com.ar\\\/info\\\/#\\\/schema\\\/logo\\\/image\\\/\",\"url\":\"https:\\\/\\\/patagoniambiental.com.ar\\\/info\\\/wp-content\\\/uploads\\\/2025\\\/05\\\/LOGO-PATAGONIA-AMBIENTAL.png\",\"contentUrl\":\"https:\\\/\\\/patagoniambiental.com.ar\\\/info\\\/wp-content\\\/uploads\\\/2025\\\/05\\\/LOGO-PATAGONIA-AMBIENTAL.png\",\"width\":433,\"height\":250,\"caption\":\"Patagonia Ambiental\"},\"image\":{\"@id\":\"https:\\\/\\\/patagoniambiental.com.ar\\\/info\\\/#\\\/schema\\\/logo\\\/image\\\/\"},\"sameAs\":[\"https:\\\/\\\/www.facebook.com\\\/patagonia.ambiental\",\"https:\\\/\\\/x.com\\\/PatAmb\"]},{\"@type\":\"Person\",\"@id\":\"https:\\\/\\\/patagoniambiental.com.ar\\\/info\\\/#\\\/schema\\\/person\\\/db12bff64bbcbf6a253710bf0ea37b5d\",\"name\":\"Patagonia Ambiental\",\"description\":\"Andr\u00e9s Nievas T\u00e9cnico en manejo ambiental, consultor Ambiental y escritor para medios locales e internacionales sobre temas de geopolitica y medio ambiente.\",\"sameAs\":[\"http:\\\/\\\/www.patagoniambiental.com.ar\",\"https:\\\/\\\/www.facebook.com\\\/share\\\/1C1V8Gv9BX\\\/?mibextid=qi2Omg\",\"@patagoniambiental\",\"https:\\\/\\\/youtube.com\\\/@patagoniaambiental2023?si=BLt58t0wuXquxlYZ\"]}]}<\/script>\n<!-- \/ Yoast SEO Premium plugin. -->","yoast_head_json":{"title":"CUIDADO DEL MEDIO AMBIENTE Se realiz\u00f3 la presentaci\u00f3n del \u201cSello Verde\u201d","robots":{"index":"index","follow":"follow","max-snippet":"max-snippet:-1","max-image-preview":"max-image-preview:large","max-video-preview":"max-video-preview:-1"},"canonical":"https:\/\/patagoniambiental.com.ar\/info\/cuidado-del-medio-ambiente-se-realizo-la-presentacion-del-sello-verde\/","og_locale":"es_ES","og_type":"article","og_title":"CUIDADO DEL MEDIO AMBIENTE Se realiz\u00f3 la presentaci\u00f3n del \u201cSello Verde\u201d","og_description":"Ushuaia.-Luego de meses de trabajo La Municipalidad de Ushuaia a trav\u00e9s del programa \u201cUshuaia Recicla\u201d realiz\u00f3 la presentaci\u00f3n de \u201cSello [&hellip;]","og_url":"https:\/\/patagoniambiental.com.ar\/info\/cuidado-del-medio-ambiente-se-realizo-la-presentacion-del-sello-verde\/","og_site_name":"Patagonia Ambiental","article_publisher":"https:\/\/www.facebook.com\/patagonia.ambiental","article_author":"https:\/\/www.facebook.com\/share\/1C1V8Gv9BX\/?mibextid=qi2Omg","article_published_time":"2015-08-31T12:00:13+00:00","author":"Patagonia Ambiental","twitter_card":"summary_large_image","twitter_creator":"@PatAmb","twitter_site":"@PatAmb","schema":{"@context":"https:\/\/schema.org","@graph":[{"@type":"Article","@id":"https:\/\/patagoniambiental.com.ar\/info\/cuidado-del-medio-ambiente-se-realizo-la-presentacion-del-sello-verde\/#article","isPartOf":{"@id":"https:\/\/patagoniambiental.com.ar\/info\/cuidado-del-medio-ambiente-se-realizo-la-presentacion-del-sello-verde\/"},"author":{"name":"Patagonia Ambiental","@id":"https:\/\/patagoniambiental.com.ar\/info\/#\/schema\/person\/db12bff64bbcbf6a253710bf0ea37b5d"},"headline":"CUIDADO DEL MEDIO AMBIENTE Se realiz\u00f3 la presentaci\u00f3n del \u201cSello Verde\u201d","datePublished":"2015-08-31T12:00:13+00:00","mainEntityOfPage":{"@id":"https:\/\/patagoniambiental.com.ar\/info\/cuidado-del-medio-ambiente-se-realizo-la-presentacion-del-sello-verde\/"},"wordCount":356,"publisher":{"@id":"https:\/\/patagoniambiental.com.ar\/info\/#organization"},"image":{"@id":"https:\/\/patagoniambiental.com.ar\/info\/cuidado-del-medio-ambiente-se-realizo-la-presentacion-del-sello-verde\/#primaryimage"},"thumbnailUrl":"","articleSection":["Noticias","Provinciales","Tierra del Fuego"],"inLanguage":"es"},{"@type":"WebPage","@id":"https:\/\/patagoniambiental.com.ar\/info\/cuidado-del-medio-ambiente-se-realizo-la-presentacion-del-sello-verde\/","url":"https:\/\/patagoniambiental.com.ar\/info\/cuidado-del-medio-ambiente-se-realizo-la-presentacion-del-sello-verde\/","name":"CUIDADO DEL MEDIO AMBIENTE Se realiz\u00f3 la presentaci\u00f3n del \u201cSello Verde\u201d","isPartOf":{"@id":"https:\/\/patagoniambiental.com.ar\/info\/#website"},"primaryImageOfPage":{"@id":"https:\/\/patagoniambiental.com.ar\/info\/cuidado-del-medio-ambiente-se-realizo-la-presentacion-del-sello-verde\/#primaryimage"},"image":{"@id":"https:\/\/patagoniambiental.com.ar\/info\/cuidado-del-medio-ambiente-se-realizo-la-presentacion-del-sello-verde\/#primaryimage"},"thumbnailUrl":"","datePublished":"2015-08-31T12:00:13+00:00","breadcrumb":{"@id":"https:\/\/patagoniambiental.com.ar\/info\/cuidado-del-medio-ambiente-se-realizo-la-presentacion-del-sello-verde\/#breadcrumb"},"inLanguage":"es","potentialAction":[{"@type":"ReadAction","target":["https:\/\/patagoniambiental.com.ar\/info\/cuidado-del-medio-ambiente-se-realizo-la-presentacion-del-sello-verde\/"]}]},{"@type":"ImageObject","inLanguage":"es","@id":"https:\/\/patagoniambiental.com.ar\/info\/cuidado-del-medio-ambiente-se-realizo-la-presentacion-del-sello-verde\/#primaryimage","url":"","contentUrl":""},{"@type":"BreadcrumbList","@id":"https:\/\/patagoniambiental.com.ar\/info\/cuidado-del-medio-ambiente-se-realizo-la-presentacion-del-sello-verde\/#breadcrumb","itemListElement":[{"@type":"ListItem","position":1,"name":"Inicio","item":"https:\/\/patagoniambiental.com.ar\/info\/"},{"@type":"ListItem","position":2,"name":"CUIDADO DEL MEDIO AMBIENTE Se realiz\u00f3 la presentaci\u00f3n del \u201cSello Verde\u201d"}]},{"@type":"WebSite","@id":"https:\/\/patagoniambiental.com.ar\/info\/#website","url":"https:\/\/patagoniambiental.com.ar\/info\/","name":"Patagonia Ambiental","description":"Monitoreo y an\u00e1lisis de la situaci\u00f3n geopol\u00edtica en el mundo y su implicancia en la Patagonia","publisher":{"@id":"https:\/\/patagoniambiental.com.ar\/info\/#organization"},"potentialAction":[{"@type":"SearchAction","target":{"@type":"EntryPoint","urlTemplate":"https:\/\/patagoniambiental.com.ar\/info\/?s={search_term_string}"},"query-input":{"@type":"PropertyValueSpecification","valueRequired":true,"valueName":"search_term_string"}}],"inLanguage":"es"},{"@type":"Organization","@id":"https:\/\/patagoniambiental.com.ar\/info\/#organization","name":"Patagonia Ambiental","url":"https:\/\/patagoniambiental.com.ar\/info\/","logo":{"@type":"ImageObject","inLanguage":"es","@id":"https:\/\/patagoniambiental.com.ar\/info\/#\/schema\/logo\/image\/","url":"https:\/\/patagoniambiental.com.ar\/info\/wp-content\/uploads\/2025\/05\/LOGO-PATAGONIA-AMBIENTAL.png","contentUrl":"https:\/\/patagoniambiental.com.ar\/info\/wp-content\/uploads\/2025\/05\/LOGO-PATAGONIA-AMBIENTAL.png","width":433,"height":250,"caption":"Patagonia Ambiental"},"image":{"@id":"https:\/\/patagoniambiental.com.ar\/info\/#\/schema\/logo\/image\/"},"sameAs":["https:\/\/www.facebook.com\/patagonia.ambiental","https:\/\/x.com\/PatAmb"]},{"@type":"Person","@id":"https:\/\/patagoniambiental.com.ar\/info\/#\/schema\/person\/db12bff64bbcbf6a253710bf0ea37b5d","name":"Patagonia Ambiental","description":"Andr\u00e9s Nievas T\u00e9cnico en manejo ambiental, consultor Ambiental y escritor para medios locales e internacionales sobre temas de geopolitica y medio ambiente.","sameAs":["http:\/\/www.patagoniambiental.com.ar","https:\/\/www.facebook.com\/share\/1C1V8Gv9BX\/?mibextid=qi2Omg","@patagoniambiental","https:\/\/youtube.com\/@patagoniaambiental2023?si=BLt58t0wuXquxlYZ"]}]}},"_links":{"self":[{"href":"https:\/\/patagoniambiental.com.ar\/info\/wp-json\/wp\/v2\/posts\/13686","targetHints":{"allow":["GET"]}}],"collection":[{"href":"https:\/\/patagoniambiental.com.ar\/info\/wp-json\/wp\/v2\/posts"}],"about":[{"href":"https:\/\/patagoniambiental.com.ar\/info\/wp-json\/wp\/v2\/types\/post"}],"author":[{"embeddable":true,"href":"https:\/\/patagoniambiental.com.ar\/info\/wp-json\/wp\/v2\/users\/2"}],"replies":[{"embeddable":true,"href":"https:\/\/patagoniambiental.com.ar\/info\/wp-json\/wp\/v2\/comments?post=13686"}],"version-history":[{"count":0,"href":"https:\/\/patagoniambiental.com.ar\/info\/wp-json\/wp\/v2\/posts\/13686\/revisions"}],"wp:featuredmedia":[{"embeddable":true,"href":"https:\/\/patagoniambiental.com.ar\/info\/wp-json\/"}],"wp:attachment":[{"href":"https:\/\/patagoniambiental.com.ar\/info\/wp-json\/wp\/v2\/media?parent=13686"}],"wp:term":[{"taxonomy":"category","embeddable":true,"href":"https:\/\/patagoniambiental.com.ar\/info\/wp-json\/wp\/v2\/categories?post=13686"},{"taxonomy":"post_tag","embeddable":true,"href":"https:\/\/patagoniambiental.com.ar\/info\/wp-json\/wp\/v2\/tags?post=13686"}],"curies":[{"name":"wp","href":"https:\/\/api.w.org\/{rel}","templated":true}]}}