{"id":13692,"date":"2015-08-31T09:24:53","date_gmt":"2015-08-31T12:24:53","guid":{"rendered":"http:\/\/patagoniambiental.com.ar\/?p=13692"},"modified":"2015-08-31T09:24:53","modified_gmt":"2015-08-31T12:24:53","slug":"tras-alerta-de-impacto-ambiental-buscaran-nuevas-zonas-para-extraccion-de-aridos-en-rio-grande","status":"publish","type":"post","link":"https:\/\/patagoniambiental.com.ar\/info\/tras-alerta-de-impacto-ambiental-buscaran-nuevas-zonas-para-extraccion-de-aridos-en-rio-grande\/","title":{"rendered":"TRAS ALERTA DE IMPACTO AMBIENTAL Buscar\u00e1n nuevas zonas para extracci\u00f3n de \u00e1ridos en R\u00edo Grande"},"content":{"rendered":"<p>Ushuaia.-Funcionarios del gobierno de la provincia mantuvieron este viernes una nueva reuni\u00f3n con representantes de las empresas que explotan la extracci\u00f3n de \u00e1ridos en la ciudad de R\u00edo Grande.<!--more--><\/p>\n<p>El Secretario de Desarrollo Sustentable y Ambiente, Fabi\u00e1n Boyeras, inform\u00f3 que se logr\u00f3 avanzar con las canteras en cuanto a garantizar el abastecimiento de material indispensable para la obra tanto p\u00fablica como privada, al tiempo que \u201cse pudo consensuar la b\u00fasqueda de un mecanismo, a trav\u00e9s de la legislatura, para generar un marco que les permita desarrollar la actividad en una nueva \u00e1rea de extracci\u00f3n que tenga mayor grado de sustentabilidad desde el aspecto ambiental\u201d.<\/p>\n<p>Boyeras adelant\u00f3 que el Gobierno de la Provincia \u201cacompa\u00f1ar\u00e1 desde los aspectos t\u00e9cnicos, ya que se requerir\u00e1n nuevos estudios y monitoreos para garantizar que la actividad se desarrolle, y estaremos trabajando junto a los canteristas y a la legislatura para encontrar una soluci\u00f3n definitiva a este tema\u201d.<\/p>\n<p>Por su parte, el Secretario de Coordinaci\u00f3n de Gabinete, Sergio Giad\u00e1s, manifest\u00f3 que \u201cdesde el ejecutivo apostamos al di\u00e1logo para solucionar los problemas, y hoy hemos dado un paso importante para poner en com\u00fan las necesidades y los puntos de vista de los distintos actores involucrados. Nos hemos podido poner de acuerdo junto con el Municipio y las empresas en la necesidad de mantener la producci\u00f3n de \u00e1ridos, un elemento vital para la construcci\u00f3n en la Provincia, pero con el compromiso de seguir trabajando para encontrar en el menor tiempo posible lugares alternativos donde no se genere el impacto ambiental que est\u00e1 ocurriendo hoy\u201d.<\/p>\n<p>Finalmente, consultada sobre el resultado de la reuni\u00f3n, Mabel Carrillo, representante de la cantera Santa Rita, expres\u00f3 que \u201ceste es un problema social y ambiental complejo. Todos debemos ceder un poco para llegar a un resultado que beneficie a la comunidad en su conjunto. Se lleg\u00f3 a un consenso con Municipalidad y Gobierno para lograr una soluci\u00f3n para todos, y seguiremos trabajando en este camino\u201d.<\/p>\n<p>Fuente: Ushuaia Noticias<\/p>\n","protected":false},"excerpt":{"rendered":"<p>Ushuaia.-Funcionarios del gobierno de la provincia mantuvieron este viernes una nueva reuni\u00f3n con representantes de las empresas que explotan la [&hellip;]<\/p>\n","protected":false},"author":2,"featured_media":13693,"comment_status":"closed","ping_status":"closed","sticky":false,"template":"","format":"standard","meta":{"site-sidebar-layout":"default","site-content-layout":"","ast-site-content-layout":"default","site-content-style":"default","site-sidebar-style":"default","ast-global-header-display":"","ast-banner-title-visibility":"","ast-main-header-display":"","ast-hfb-above-header-display":"","ast-hfb-below-header-display":"","ast-hfb-mobile-header-display":"","site-post-title":"","ast-breadcrumbs-content":"","ast-featured-img":"","footer-sml-layout":"","ast-disable-related-posts":"","theme-transparent-header-meta":"","adv-header-id-meta":"","stick-header-meta":"","header-above-stick-meta":"","header-main-stick-meta":"","header-below-stick-meta":"","astra-migrate-meta-layouts":"default","ast-page-background-enabled":"default","ast-page-background-meta":{"desktop":{"background-color":"var(--ast-global-color-5)","background-image":"","background-repeat":"repeat","background-position":"center center","background-size":"auto","background-attachment":"scroll","background-type":"","background-media":"","overlay-type":"","overlay-color":"","overlay-opacity":"","overlay-gradient":""},"tablet":{"background-color":"","background-image":"","background-repeat":"repeat","background-position":"center center","background-size":"auto","background-attachment":"scroll","background-type":"","background-media":"","overlay-type":"","overlay-color":"","overlay-opacity":"","overlay-gradient":""},"mobile":{"background-color":"","background-image":"","background-repeat":"repeat","background-position":"center center","background-size":"auto","background-attachment":"scroll","background-type":"","background-media":"","overlay-type":"","overlay-color":"","overlay-opacity":"","overlay-gradient":""}},"ast-content-background-meta":{"desktop":{"background-color":"var(--ast-global-color-4)","background-image":"","background-repeat":"repeat","background-position":"center center","background-size":"auto","background-attachment":"scroll","background-type":"","background-media":"","overlay-type":"","overlay-color":"","overlay-opacity":"","overlay-gradient":""},"tablet":{"background-color":"var(--ast-global-color-4)","background-image":"","background-repeat":"repeat","background-position":"center center","background-size":"auto","background-attachment":"scroll","background-type":"","background-media":"","overlay-type":"","overlay-color":"","overlay-opacity":"","overlay-gradient":""},"mobile":{"background-color":"var(--ast-global-color-4)","background-image":"","background-repeat":"repeat","background-position":"center center","background-size":"auto","background-attachment":"scroll","background-type":"","background-media":"","overlay-type":"","overlay-color":"","overlay-opacity":"","overlay-gradient":""}},"footnotes":""},"categories":[1,13,25],"tags":[],"class_list":["post-13692","post","type-post","status-publish","format-standard","has-post-thumbnail","hentry","category-noticias","category-provinciales","category-tierra-del-fuego"],"yoast_head":"<!-- This site is optimized with the Yoast SEO Premium plugin v23.0 (Yoast SEO v27.4) - https:\/\/yoast.com\/product\/yoast-seo-premium-wordpress\/ -->\n<title>TRAS ALERTA DE IMPACTO AMBIENTAL Buscar\u00e1n nuevas zonas para extracci\u00f3n de \u00e1ridos en R\u00edo Grande<\/title>\n<meta name=\"robots\" content=\"index, follow, max-snippet:-1, max-image-preview:large, max-video-preview:-1\" \/>\n<link rel=\"canonical\" href=\"https:\/\/patagoniambiental.com.ar\/info\/tras-alerta-de-impacto-ambiental-buscaran-nuevas-zonas-para-extraccion-de-aridos-en-rio-grande\/\" \/>\n<meta property=\"og:locale\" content=\"es_ES\" \/>\n<meta property=\"og:type\" content=\"article\" \/>\n<meta property=\"og:title\" content=\"TRAS ALERTA DE IMPACTO AMBIENTAL Buscar\u00e1n nuevas zonas para extracci\u00f3n de \u00e1ridos en R\u00edo Grande\" \/>\n<meta property=\"og:description\" content=\"Ushuaia.-Funcionarios del gobierno de la provincia mantuvieron este viernes una nueva reuni\u00f3n con representantes de las empresas que explotan la [&hellip;]\" \/>\n<meta property=\"og:url\" content=\"https:\/\/patagoniambiental.com.ar\/info\/tras-alerta-de-impacto-ambiental-buscaran-nuevas-zonas-para-extraccion-de-aridos-en-rio-grande\/\" \/>\n<meta property=\"og:site_name\" content=\"Patagonia Ambiental\" \/>\n<meta property=\"article:publisher\" content=\"https:\/\/www.facebook.com\/patagonia.ambiental\" \/>\n<meta property=\"article:author\" content=\"https:\/\/www.facebook.com\/share\/1C1V8Gv9BX\/?mibextid=qi2Omg\" \/>\n<meta property=\"article:published_time\" content=\"2015-08-31T12:24:53+00:00\" \/>\n<meta name=\"author\" content=\"Patagonia Ambiental\" \/>\n<meta name=\"twitter:card\" content=\"summary_large_image\" \/>\n<meta name=\"twitter:creator\" content=\"@PatAmb\" \/>\n<meta name=\"twitter:site\" content=\"@PatAmb\" \/>\n<script type=\"application\/ld+json\" class=\"yoast-schema-graph\">{\"@context\":\"https:\\\/\\\/schema.org\",\"@graph\":[{\"@type\":\"Article\",\"@id\":\"https:\\\/\\\/patagoniambiental.com.ar\\\/info\\\/tras-alerta-de-impacto-ambiental-buscaran-nuevas-zonas-para-extraccion-de-aridos-en-rio-grande\\\/#article\",\"isPartOf\":{\"@id\":\"https:\\\/\\\/patagoniambiental.com.ar\\\/info\\\/tras-alerta-de-impacto-ambiental-buscaran-nuevas-zonas-para-extraccion-de-aridos-en-rio-grande\\\/\"},\"author\":{\"name\":\"Patagonia Ambiental\",\"@id\":\"https:\\\/\\\/patagoniambiental.com.ar\\\/info\\\/#\\\/schema\\\/person\\\/db12bff64bbcbf6a253710bf0ea37b5d\"},\"headline\":\"TRAS ALERTA DE IMPACTO AMBIENTAL Buscar\u00e1n nuevas zonas para extracci\u00f3n de \u00e1ridos en R\u00edo Grande\",\"datePublished\":\"2015-08-31T12:24:53+00:00\",\"mainEntityOfPage\":{\"@id\":\"https:\\\/\\\/patagoniambiental.com.ar\\\/info\\\/tras-alerta-de-impacto-ambiental-buscaran-nuevas-zonas-para-extraccion-de-aridos-en-rio-grande\\\/\"},\"wordCount\":362,\"publisher\":{\"@id\":\"https:\\\/\\\/patagoniambiental.com.ar\\\/info\\\/#organization\"},\"image\":{\"@id\":\"https:\\\/\\\/patagoniambiental.com.ar\\\/info\\\/tras-alerta-de-impacto-ambiental-buscaran-nuevas-zonas-para-extraccion-de-aridos-en-rio-grande\\\/#primaryimage\"},\"thumbnailUrl\":\"\",\"articleSection\":[\"Noticias\",\"Provinciales\",\"Tierra del Fuego\"],\"inLanguage\":\"es\"},{\"@type\":\"WebPage\",\"@id\":\"https:\\\/\\\/patagoniambiental.com.ar\\\/info\\\/tras-alerta-de-impacto-ambiental-buscaran-nuevas-zonas-para-extraccion-de-aridos-en-rio-grande\\\/\",\"url\":\"https:\\\/\\\/patagoniambiental.com.ar\\\/info\\\/tras-alerta-de-impacto-ambiental-buscaran-nuevas-zonas-para-extraccion-de-aridos-en-rio-grande\\\/\",\"name\":\"TRAS ALERTA DE IMPACTO AMBIENTAL Buscar\u00e1n nuevas zonas para extracci\u00f3n de \u00e1ridos en R\u00edo Grande\",\"isPartOf\":{\"@id\":\"https:\\\/\\\/patagoniambiental.com.ar\\\/info\\\/#website\"},\"primaryImageOfPage\":{\"@id\":\"https:\\\/\\\/patagoniambiental.com.ar\\\/info\\\/tras-alerta-de-impacto-ambiental-buscaran-nuevas-zonas-para-extraccion-de-aridos-en-rio-grande\\\/#primaryimage\"},\"image\":{\"@id\":\"https:\\\/\\\/patagoniambiental.com.ar\\\/info\\\/tras-alerta-de-impacto-ambiental-buscaran-nuevas-zonas-para-extraccion-de-aridos-en-rio-grande\\\/#primaryimage\"},\"thumbnailUrl\":\"\",\"datePublished\":\"2015-08-31T12:24:53+00:00\",\"breadcrumb\":{\"@id\":\"https:\\\/\\\/patagoniambiental.com.ar\\\/info\\\/tras-alerta-de-impacto-ambiental-buscaran-nuevas-zonas-para-extraccion-de-aridos-en-rio-grande\\\/#breadcrumb\"},\"inLanguage\":\"es\",\"potentialAction\":[{\"@type\":\"ReadAction\",\"target\":[\"https:\\\/\\\/patagoniambiental.com.ar\\\/info\\\/tras-alerta-de-impacto-ambiental-buscaran-nuevas-zonas-para-extraccion-de-aridos-en-rio-grande\\\/\"]}]},{\"@type\":\"ImageObject\",\"inLanguage\":\"es\",\"@id\":\"https:\\\/\\\/patagoniambiental.com.ar\\\/info\\\/tras-alerta-de-impacto-ambiental-buscaran-nuevas-zonas-para-extraccion-de-aridos-en-rio-grande\\\/#primaryimage\",\"url\":\"\",\"contentUrl\":\"\"},{\"@type\":\"BreadcrumbList\",\"@id\":\"https:\\\/\\\/patagoniambiental.com.ar\\\/info\\\/tras-alerta-de-impacto-ambiental-buscaran-nuevas-zonas-para-extraccion-de-aridos-en-rio-grande\\\/#breadcrumb\",\"itemListElement\":[{\"@type\":\"ListItem\",\"position\":1,\"name\":\"Inicio\",\"item\":\"https:\\\/\\\/patagoniambiental.com.ar\\\/info\\\/\"},{\"@type\":\"ListItem\",\"position\":2,\"name\":\"TRAS ALERTA DE IMPACTO AMBIENTAL Buscar\u00e1n nuevas zonas para extracci\u00f3n de \u00e1ridos en R\u00edo Grande\"}]},{\"@type\":\"WebSite\",\"@id\":\"https:\\\/\\\/patagoniambiental.com.ar\\\/info\\\/#website\",\"url\":\"https:\\\/\\\/patagoniambiental.com.ar\\\/info\\\/\",\"name\":\"Patagonia Ambiental\",\"description\":\"Monitoreo y an\u00e1lisis de la situaci\u00f3n geopol\u00edtica en el mundo y su implicancia en la Patagonia\",\"publisher\":{\"@id\":\"https:\\\/\\\/patagoniambiental.com.ar\\\/info\\\/#organization\"},\"potentialAction\":[{\"@type\":\"SearchAction\",\"target\":{\"@type\":\"EntryPoint\",\"urlTemplate\":\"https:\\\/\\\/patagoniambiental.com.ar\\\/info\\\/?s={search_term_string}\"},\"query-input\":{\"@type\":\"PropertyValueSpecification\",\"valueRequired\":true,\"valueName\":\"search_term_string\"}}],\"inLanguage\":\"es\"},{\"@type\":\"Organization\",\"@id\":\"https:\\\/\\\/patagoniambiental.com.ar\\\/info\\\/#organization\",\"name\":\"Patagonia Ambiental\",\"url\":\"https:\\\/\\\/patagoniambiental.com.ar\\\/info\\\/\",\"logo\":{\"@type\":\"ImageObject\",\"inLanguage\":\"es\",\"@id\":\"https:\\\/\\\/patagoniambiental.com.ar\\\/info\\\/#\\\/schema\\\/logo\\\/image\\\/\",\"url\":\"https:\\\/\\\/patagoniambiental.com.ar\\\/info\\\/wp-content\\\/uploads\\\/2025\\\/05\\\/LOGO-PATAGONIA-AMBIENTAL.png\",\"contentUrl\":\"https:\\\/\\\/patagoniambiental.com.ar\\\/info\\\/wp-content\\\/uploads\\\/2025\\\/05\\\/LOGO-PATAGONIA-AMBIENTAL.png\",\"width\":433,\"height\":250,\"caption\":\"Patagonia Ambiental\"},\"image\":{\"@id\":\"https:\\\/\\\/patagoniambiental.com.ar\\\/info\\\/#\\\/schema\\\/logo\\\/image\\\/\"},\"sameAs\":[\"https:\\\/\\\/www.facebook.com\\\/patagonia.ambiental\",\"https:\\\/\\\/x.com\\\/PatAmb\"]},{\"@type\":\"Person\",\"@id\":\"https:\\\/\\\/patagoniambiental.com.ar\\\/info\\\/#\\\/schema\\\/person\\\/db12bff64bbcbf6a253710bf0ea37b5d\",\"name\":\"Patagonia Ambiental\",\"description\":\"Andr\u00e9s Nievas T\u00e9cnico en manejo ambiental, consultor Ambiental y escritor para medios locales e internacionales sobre temas de geopolitica y medio ambiente.\",\"sameAs\":[\"http:\\\/\\\/www.patagoniambiental.com.ar\",\"https:\\\/\\\/www.facebook.com\\\/share\\\/1C1V8Gv9BX\\\/?mibextid=qi2Omg\",\"@patagoniambiental\",\"https:\\\/\\\/youtube.com\\\/@patagoniaambiental2023?si=BLt58t0wuXquxlYZ\"]}]}<\/script>\n<!-- \/ Yoast SEO Premium plugin. -->","yoast_head_json":{"title":"TRAS ALERTA DE IMPACTO AMBIENTAL Buscar\u00e1n nuevas zonas para extracci\u00f3n de \u00e1ridos en R\u00edo Grande","robots":{"index":"index","follow":"follow","max-snippet":"max-snippet:-1","max-image-preview":"max-image-preview:large","max-video-preview":"max-video-preview:-1"},"canonical":"https:\/\/patagoniambiental.com.ar\/info\/tras-alerta-de-impacto-ambiental-buscaran-nuevas-zonas-para-extraccion-de-aridos-en-rio-grande\/","og_locale":"es_ES","og_type":"article","og_title":"TRAS ALERTA DE IMPACTO AMBIENTAL Buscar\u00e1n nuevas zonas para extracci\u00f3n de \u00e1ridos en R\u00edo Grande","og_description":"Ushuaia.-Funcionarios del gobierno de la provincia mantuvieron este viernes una nueva reuni\u00f3n con representantes de las empresas que explotan la [&hellip;]","og_url":"https:\/\/patagoniambiental.com.ar\/info\/tras-alerta-de-impacto-ambiental-buscaran-nuevas-zonas-para-extraccion-de-aridos-en-rio-grande\/","og_site_name":"Patagonia Ambiental","article_publisher":"https:\/\/www.facebook.com\/patagonia.ambiental","article_author":"https:\/\/www.facebook.com\/share\/1C1V8Gv9BX\/?mibextid=qi2Omg","article_published_time":"2015-08-31T12:24:53+00:00","author":"Patagonia Ambiental","twitter_card":"summary_large_image","twitter_creator":"@PatAmb","twitter_site":"@PatAmb","schema":{"@context":"https:\/\/schema.org","@graph":[{"@type":"Article","@id":"https:\/\/patagoniambiental.com.ar\/info\/tras-alerta-de-impacto-ambiental-buscaran-nuevas-zonas-para-extraccion-de-aridos-en-rio-grande\/#article","isPartOf":{"@id":"https:\/\/patagoniambiental.com.ar\/info\/tras-alerta-de-impacto-ambiental-buscaran-nuevas-zonas-para-extraccion-de-aridos-en-rio-grande\/"},"author":{"name":"Patagonia Ambiental","@id":"https:\/\/patagoniambiental.com.ar\/info\/#\/schema\/person\/db12bff64bbcbf6a253710bf0ea37b5d"},"headline":"TRAS ALERTA DE IMPACTO AMBIENTAL Buscar\u00e1n nuevas zonas para extracci\u00f3n de \u00e1ridos en R\u00edo Grande","datePublished":"2015-08-31T12:24:53+00:00","mainEntityOfPage":{"@id":"https:\/\/patagoniambiental.com.ar\/info\/tras-alerta-de-impacto-ambiental-buscaran-nuevas-zonas-para-extraccion-de-aridos-en-rio-grande\/"},"wordCount":362,"publisher":{"@id":"https:\/\/patagoniambiental.com.ar\/info\/#organization"},"image":{"@id":"https:\/\/patagoniambiental.com.ar\/info\/tras-alerta-de-impacto-ambiental-buscaran-nuevas-zonas-para-extraccion-de-aridos-en-rio-grande\/#primaryimage"},"thumbnailUrl":"","articleSection":["Noticias","Provinciales","Tierra del Fuego"],"inLanguage":"es"},{"@type":"WebPage","@id":"https:\/\/patagoniambiental.com.ar\/info\/tras-alerta-de-impacto-ambiental-buscaran-nuevas-zonas-para-extraccion-de-aridos-en-rio-grande\/","url":"https:\/\/patagoniambiental.com.ar\/info\/tras-alerta-de-impacto-ambiental-buscaran-nuevas-zonas-para-extraccion-de-aridos-en-rio-grande\/","name":"TRAS ALERTA DE IMPACTO AMBIENTAL Buscar\u00e1n nuevas zonas para extracci\u00f3n de \u00e1ridos en R\u00edo Grande","isPartOf":{"@id":"https:\/\/patagoniambiental.com.ar\/info\/#website"},"primaryImageOfPage":{"@id":"https:\/\/patagoniambiental.com.ar\/info\/tras-alerta-de-impacto-ambiental-buscaran-nuevas-zonas-para-extraccion-de-aridos-en-rio-grande\/#primaryimage"},"image":{"@id":"https:\/\/patagoniambiental.com.ar\/info\/tras-alerta-de-impacto-ambiental-buscaran-nuevas-zonas-para-extraccion-de-aridos-en-rio-grande\/#primaryimage"},"thumbnailUrl":"","datePublished":"2015-08-31T12:24:53+00:00","breadcrumb":{"@id":"https:\/\/patagoniambiental.com.ar\/info\/tras-alerta-de-impacto-ambiental-buscaran-nuevas-zonas-para-extraccion-de-aridos-en-rio-grande\/#breadcrumb"},"inLanguage":"es","potentialAction":[{"@type":"ReadAction","target":["https:\/\/patagoniambiental.com.ar\/info\/tras-alerta-de-impacto-ambiental-buscaran-nuevas-zonas-para-extraccion-de-aridos-en-rio-grande\/"]}]},{"@type":"ImageObject","inLanguage":"es","@id":"https:\/\/patagoniambiental.com.ar\/info\/tras-alerta-de-impacto-ambiental-buscaran-nuevas-zonas-para-extraccion-de-aridos-en-rio-grande\/#primaryimage","url":"","contentUrl":""},{"@type":"BreadcrumbList","@id":"https:\/\/patagoniambiental.com.ar\/info\/tras-alerta-de-impacto-ambiental-buscaran-nuevas-zonas-para-extraccion-de-aridos-en-rio-grande\/#breadcrumb","itemListElement":[{"@type":"ListItem","position":1,"name":"Inicio","item":"https:\/\/patagoniambiental.com.ar\/info\/"},{"@type":"ListItem","position":2,"name":"TRAS ALERTA DE IMPACTO AMBIENTAL Buscar\u00e1n nuevas zonas para extracci\u00f3n de \u00e1ridos en R\u00edo Grande"}]},{"@type":"WebSite","@id":"https:\/\/patagoniambiental.com.ar\/info\/#website","url":"https:\/\/patagoniambiental.com.ar\/info\/","name":"Patagonia Ambiental","description":"Monitoreo y an\u00e1lisis de la situaci\u00f3n geopol\u00edtica en el mundo y su implicancia en la Patagonia","publisher":{"@id":"https:\/\/patagoniambiental.com.ar\/info\/#organization"},"potentialAction":[{"@type":"SearchAction","target":{"@type":"EntryPoint","urlTemplate":"https:\/\/patagoniambiental.com.ar\/info\/?s={search_term_string}"},"query-input":{"@type":"PropertyValueSpecification","valueRequired":true,"valueName":"search_term_string"}}],"inLanguage":"es"},{"@type":"Organization","@id":"https:\/\/patagoniambiental.com.ar\/info\/#organization","name":"Patagonia Ambiental","url":"https:\/\/patagoniambiental.com.ar\/info\/","logo":{"@type":"ImageObject","inLanguage":"es","@id":"https:\/\/patagoniambiental.com.ar\/info\/#\/schema\/logo\/image\/","url":"https:\/\/patagoniambiental.com.ar\/info\/wp-content\/uploads\/2025\/05\/LOGO-PATAGONIA-AMBIENTAL.png","contentUrl":"https:\/\/patagoniambiental.com.ar\/info\/wp-content\/uploads\/2025\/05\/LOGO-PATAGONIA-AMBIENTAL.png","width":433,"height":250,"caption":"Patagonia Ambiental"},"image":{"@id":"https:\/\/patagoniambiental.com.ar\/info\/#\/schema\/logo\/image\/"},"sameAs":["https:\/\/www.facebook.com\/patagonia.ambiental","https:\/\/x.com\/PatAmb"]},{"@type":"Person","@id":"https:\/\/patagoniambiental.com.ar\/info\/#\/schema\/person\/db12bff64bbcbf6a253710bf0ea37b5d","name":"Patagonia Ambiental","description":"Andr\u00e9s Nievas T\u00e9cnico en manejo ambiental, consultor Ambiental y escritor para medios locales e internacionales sobre temas de geopolitica y medio ambiente.","sameAs":["http:\/\/www.patagoniambiental.com.ar","https:\/\/www.facebook.com\/share\/1C1V8Gv9BX\/?mibextid=qi2Omg","@patagoniambiental","https:\/\/youtube.com\/@patagoniaambiental2023?si=BLt58t0wuXquxlYZ"]}]}},"_links":{"self":[{"href":"https:\/\/patagoniambiental.com.ar\/info\/wp-json\/wp\/v2\/posts\/13692","targetHints":{"allow":["GET"]}}],"collection":[{"href":"https:\/\/patagoniambiental.com.ar\/info\/wp-json\/wp\/v2\/posts"}],"about":[{"href":"https:\/\/patagoniambiental.com.ar\/info\/wp-json\/wp\/v2\/types\/post"}],"author":[{"embeddable":true,"href":"https:\/\/patagoniambiental.com.ar\/info\/wp-json\/wp\/v2\/users\/2"}],"replies":[{"embeddable":true,"href":"https:\/\/patagoniambiental.com.ar\/info\/wp-json\/wp\/v2\/comments?post=13692"}],"version-history":[{"count":0,"href":"https:\/\/patagoniambiental.com.ar\/info\/wp-json\/wp\/v2\/posts\/13692\/revisions"}],"wp:featuredmedia":[{"embeddable":true,"href":"https:\/\/patagoniambiental.com.ar\/info\/wp-json\/"}],"wp:attachment":[{"href":"https:\/\/patagoniambiental.com.ar\/info\/wp-json\/wp\/v2\/media?parent=13692"}],"wp:term":[{"taxonomy":"category","embeddable":true,"href":"https:\/\/patagoniambiental.com.ar\/info\/wp-json\/wp\/v2\/categories?post=13692"},{"taxonomy":"post_tag","embeddable":true,"href":"https:\/\/patagoniambiental.com.ar\/info\/wp-json\/wp\/v2\/tags?post=13692"}],"curies":[{"name":"wp","href":"https:\/\/api.w.org\/{rel}","templated":true}]}}