{"id":13704,"date":"2015-08-31T20:17:27","date_gmt":"2015-08-31T23:17:27","guid":{"rendered":"http:\/\/patagoniambiental.com.ar\/?p=13704"},"modified":"2015-08-31T20:17:27","modified_gmt":"2015-08-31T23:17:27","slug":"con-presencia-de-expertos-de-la-untdf-y-cadic-tierra-del-fuego-participara-una-evaluacion-sobre-biodiversidad-y-servicios-ecosistemicos-en-america","status":"publish","type":"post","link":"https:\/\/patagoniambiental.com.ar\/info\/con-presencia-de-expertos-de-la-untdf-y-cadic-tierra-del-fuego-participara-una-evaluacion-sobre-biodiversidad-y-servicios-ecosistemicos-en-america\/","title":{"rendered":"CON PRESENCIA DE EXPERTOS DE LA UNTDF Y CADIC Tierra del Fuego participar\u00e1 una evaluaci\u00f3n sobre biodiversidad y servicios ecosist\u00e9micos en Am\u00e9rica"},"content":{"rendered":"<p><span id=\"ctl00_ContentPlaceHolder1_lblCuerpo\" class=\"contenido_texto\">Tierra del Fuego.-M\u00e1s de 80 investigadores de todo el continente americano, entre ellos el Dr. Anderson de la UNTDF y CADIC, fueron convocados a una reuni\u00f3n en Bogot\u00e1, Colombia en julio pasado para iniciar un proceso que pretende trazar una hoja de ruta para las pol\u00edticas p\u00fablicas en materia ambiental.<\/span><!--more--><\/p>\n<p><span id=\"ctl00_ContentPlaceHolder1_lblCuerpo\" class=\"contenido_texto\"><br \/>\nDos metas de la Universidad Nacional de Tierra del Fuego es vincular la investigaci\u00f3n y la aplicaci\u00f3n para el desarrollo sustentable y tambi\u00e9n relacionar el trabajo realizado en la provincia con las escalas nacional e internacional. Es as\u00ed que cobra relevancia la reciente invitaci\u00f3n del Dr. Christopher Anderson, docente-investigador de la UNTDF e investigador del CADIC-CONICET, para integrar el equipo de trabajo que est\u00e1 liderando la preparaci\u00f3n de la Evaluaci\u00f3n Regional de las Am\u00e9ricas para la Plataforma Intergubernamental sobre Biodiversidad y Servicios Ecosist\u00e9micos (IPBES por sus siglas en ingl\u00e9s).<br \/>\nAnderson, perteneciente del Instituto de Ciencias Polares, Ambiente y Recursos Naturales (ICPA) y profesor a cargo de la materia Sociedad, Cultura y Ambiente, fue seleccionado junto con otros 7 cient\u00edficos nacionales de Salta, Buenos Aires y Mar del Plata para ser parte de la delegaci\u00f3n que representa a la Argentina en esta iniciativa de IPBES. Desde distintos campos disciplinares, los especialistas eval\u00faan el estado actual, las tendencias, las amenazas y los escenarios a futuro de la biodiversidad en la regi\u00f3n y su relaci\u00f3n con los servicios ecosist\u00e9micos.<br \/>\nEn di\u00e1logo con EDFM el doctor Anderson indic\u00f3 \u201cyo participo en la elaboraci\u00f3n de un cap\u00edtulo sobre la relaci\u00f3n entre los valores humanos y los beneficios que distintos actores sociales reciben de la biodiversidad, y posteriormente en la evaluaci\u00f3n del impacto de las especies ex\u00f3ticas invasoras. Lo que IPBES quiere lograr con este proceso es un documento s\u00f3lido al nivel cient\u00edfico pero tambi\u00e9n generar un aporte relevante al nivel pol\u00edtico. Y ah\u00ed es donde yo creo que tenemos una oportunidad interesante de poner nuestra investigaci\u00f3n y experiencia de Tierra del Fuego al servicio de la sociedad\u201d.<br \/>\nIPBES es un organismo multilateral fundado hace cuatro a\u00f1os y con su sede en Bonn, Alemania. Actualmente est\u00e1 conformado por 124 pa\u00edses miembros y opera bajo el alero de la ONU, con el apoyo de UNESCO, FAO, PNUMA y PNUD. Cada a\u00f1o se re\u00fanen los diplom\u00e1ticos y autoridades de los miembros en una reuni\u00f3n denominada \u201cplenaria\u201d. En dicho encuentro los representantes aprueban las evaluaciones preparadas por los especialistas y autorizan el pr\u00f3ximo plan de trabajo. En ese sentido, los informes generados llegan a ser relevantes para el desarrollo de pol\u00edticas p\u00fablicas, ya que en cada paso el proceso cient\u00edfico es apoyado y avalado por el proceso pol\u00edtico, tratando de esta forma de unir la brecha tradicional entre la generaci\u00f3n de informaci\u00f3n con base cient\u00edfica y su uso en la toma de decisiones.<br \/>\nEn el caso de la Evaluaci\u00f3n Regional para Am\u00e9rica, el plenario solicit\u00f3 el informe final en 3 a\u00f1os. En este mismo periodo, se realizar\u00e1n otros procesos sobre especies invasoras, polinizadoras, tierras degradadas y restauraci\u00f3n, uso sostenible, conocimientos ind\u00edgenas y locales, creaci\u00f3n de capacidad y herramientas de pol\u00edtica y estos en su conjunto servir\u00e1n como insumos para una s\u00edntesis global. En todos los casos el objetivo ser\u00e1 optimizar la conservaci\u00f3n y promover el buen uso de los recursos naturales a nivel local y global.<br \/>\nDe este modo, IPBES ser\u00e1 el encargado de alimentar las conversaciones y conclusiones acerca de la conservaci\u00f3n de la diversidad biol\u00f3gica y los servicios ecosist\u00e9micos, desde una perspectiva cient\u00edfica, con el fin de apoyar la toma de decisiones a nivel nacional e internacional. En este sentido, IPBES es similar al IPCC (el Panel Intergubernamental de Cambio Clim\u00e1tico que recibi\u00f3 el Premio Nobel de Paz en 2007), pero tambi\u00e9n ha introducido otra innovaci\u00f3n \u2013 la integraci\u00f3n del conocimiento y saberes tradicionales y locales. De esta forma,<br \/>\nIPBES har\u00e1 un esfuerzo novedoso para incluir a los actores sociales tradicionalmente marginalizados de la toma de decisiones.<br \/>\nDe este modo, y a pesar de ser una parte \u201cremota\u201d del continente, Tierra del Fuego tendr\u00e1 una fuerte representaci\u00f3n en esta plataforma. El Dr. Anderson destac\u00f3 \u201cpara m\u00ed es fundamental que se tome en cuenta lo que estamos haciendo ac\u00e1 en \u2018el fin del mundo\u2019 en estos foros. Son una buena oportunidad de articular el trabajo de la UNTDF y el CADIC con las personas e instituciones que tienen un inter\u00e9s en com\u00fan no solo de estudiar y entender el territorio sino tambi\u00e9n vincular nuestros conocimientos con su gesti\u00f3n y conservaci\u00f3n\u201d.<\/span><\/p>\n<p>Fuente: El Diario del Fin del Mundo<\/p>\n","protected":false},"excerpt":{"rendered":"<p>Tierra del Fuego.-M\u00e1s de 80 investigadores de todo el continente americano, entre ellos el Dr. Anderson de la UNTDF y [&hellip;]<\/p>\n","protected":false},"author":2,"featured_media":9135,"comment_status":"closed","ping_status":"closed","sticky":false,"template":"","format":"standard","meta":{"site-sidebar-layout":"default","site-content-layout":"","ast-site-content-layout":"default","site-content-style":"default","site-sidebar-style":"default","ast-global-header-display":"","ast-banner-title-visibility":"","ast-main-header-display":"","ast-hfb-above-header-display":"","ast-hfb-below-header-display":"","ast-hfb-mobile-header-display":"","site-post-title":"","ast-breadcrumbs-content":"","ast-featured-img":"","footer-sml-layout":"","ast-disable-related-posts":"","theme-transparent-header-meta":"","adv-header-id-meta":"","stick-header-meta":"","header-above-stick-meta":"","header-main-stick-meta":"","header-below-stick-meta":"","astra-migrate-meta-layouts":"default","ast-page-background-enabled":"default","ast-page-background-meta":{"desktop":{"background-color":"var(--ast-global-color-5)","background-image":"","background-repeat":"repeat","background-position":"center center","background-size":"auto","background-attachment":"scroll","background-type":"","background-media":"","overlay-type":"","overlay-color":"","overlay-opacity":"","overlay-gradient":""},"tablet":{"background-color":"","background-image":"","background-repeat":"repeat","background-position":"center center","background-size":"auto","background-attachment":"scroll","background-type":"","background-media":"","overlay-type":"","overlay-color":"","overlay-opacity":"","overlay-gradient":""},"mobile":{"background-color":"","background-image":"","background-repeat":"repeat","background-position":"center center","background-size":"auto","background-attachment":"scroll","background-type":"","background-media":"","overlay-type":"","overlay-color":"","overlay-opacity":"","overlay-gradient":""}},"ast-content-background-meta":{"desktop":{"background-color":"var(--ast-global-color-4)","background-image":"","background-repeat":"repeat","background-position":"center center","background-size":"auto","background-attachment":"scroll","background-type":"","background-media":"","overlay-type":"","overlay-color":"","overlay-opacity":"","overlay-gradient":""},"tablet":{"background-color":"var(--ast-global-color-4)","background-image":"","background-repeat":"repeat","background-position":"center center","background-size":"auto","background-attachment":"scroll","background-type":"","background-media":"","overlay-type":"","overlay-color":"","overlay-opacity":"","overlay-gradient":""},"mobile":{"background-color":"var(--ast-global-color-4)","background-image":"","background-repeat":"repeat","background-position":"center center","background-size":"auto","background-attachment":"scroll","background-type":"","background-media":"","overlay-type":"","overlay-color":"","overlay-opacity":"","overlay-gradient":""}},"footnotes":""},"categories":[23,1],"tags":[],"class_list":["post-13704","post","type-post","status-publish","format-standard","has-post-thumbnail","hentry","category-internacionales","category-noticias"],"yoast_head":"<!-- This site is optimized with the Yoast SEO Premium plugin v23.0 (Yoast SEO v27.4) - https:\/\/yoast.com\/product\/yoast-seo-premium-wordpress\/ -->\n<title>CON PRESENCIA DE EXPERTOS DE LA UNTDF Y CADIC Tierra del Fuego participar\u00e1 una evaluaci\u00f3n sobre biodiversidad y servicios ecosist\u00e9micos en Am\u00e9rica<\/title>\n<meta name=\"robots\" content=\"index, follow, max-snippet:-1, max-image-preview:large, max-video-preview:-1\" \/>\n<link rel=\"canonical\" href=\"https:\/\/patagoniambiental.com.ar\/info\/con-presencia-de-expertos-de-la-untdf-y-cadic-tierra-del-fuego-participara-una-evaluacion-sobre-biodiversidad-y-servicios-ecosistemicos-en-america\/\" \/>\n<meta property=\"og:locale\" content=\"es_ES\" \/>\n<meta property=\"og:type\" content=\"article\" \/>\n<meta property=\"og:title\" content=\"CON PRESENCIA DE EXPERTOS DE LA UNTDF Y CADIC Tierra del Fuego participar\u00e1 una evaluaci\u00f3n sobre biodiversidad y servicios ecosist\u00e9micos en Am\u00e9rica\" \/>\n<meta property=\"og:description\" content=\"Tierra del Fuego.-M\u00e1s de 80 investigadores de todo el continente americano, entre ellos el Dr. Anderson de la UNTDF y [&hellip;]\" \/>\n<meta property=\"og:url\" content=\"https:\/\/patagoniambiental.com.ar\/info\/con-presencia-de-expertos-de-la-untdf-y-cadic-tierra-del-fuego-participara-una-evaluacion-sobre-biodiversidad-y-servicios-ecosistemicos-en-america\/\" \/>\n<meta property=\"og:site_name\" content=\"Patagonia Ambiental\" \/>\n<meta property=\"article:publisher\" content=\"https:\/\/www.facebook.com\/patagonia.ambiental\" \/>\n<meta property=\"article:author\" content=\"https:\/\/www.facebook.com\/share\/1C1V8Gv9BX\/?mibextid=qi2Omg\" \/>\n<meta property=\"article:published_time\" content=\"2015-08-31T23:17:27+00:00\" \/>\n<meta name=\"author\" content=\"Patagonia Ambiental\" \/>\n<meta name=\"twitter:card\" content=\"summary_large_image\" \/>\n<meta name=\"twitter:creator\" content=\"@PatAmb\" \/>\n<meta name=\"twitter:site\" content=\"@PatAmb\" \/>\n<script type=\"application\/ld+json\" class=\"yoast-schema-graph\">{\"@context\":\"https:\\\/\\\/schema.org\",\"@graph\":[{\"@type\":\"Article\",\"@id\":\"https:\\\/\\\/patagoniambiental.com.ar\\\/info\\\/con-presencia-de-expertos-de-la-untdf-y-cadic-tierra-del-fuego-participara-una-evaluacion-sobre-biodiversidad-y-servicios-ecosistemicos-en-america\\\/#article\",\"isPartOf\":{\"@id\":\"https:\\\/\\\/patagoniambiental.com.ar\\\/info\\\/con-presencia-de-expertos-de-la-untdf-y-cadic-tierra-del-fuego-participara-una-evaluacion-sobre-biodiversidad-y-servicios-ecosistemicos-en-america\\\/\"},\"author\":{\"name\":\"Patagonia Ambiental\",\"@id\":\"https:\\\/\\\/patagoniambiental.com.ar\\\/info\\\/#\\\/schema\\\/person\\\/db12bff64bbcbf6a253710bf0ea37b5d\"},\"headline\":\"CON PRESENCIA DE EXPERTOS DE LA UNTDF Y CADIC Tierra del Fuego participar\u00e1 una evaluaci\u00f3n sobre biodiversidad y servicios ecosist\u00e9micos en Am\u00e9rica\",\"datePublished\":\"2015-08-31T23:17:27+00:00\",\"mainEntityOfPage\":{\"@id\":\"https:\\\/\\\/patagoniambiental.com.ar\\\/info\\\/con-presencia-de-expertos-de-la-untdf-y-cadic-tierra-del-fuego-participara-una-evaluacion-sobre-biodiversidad-y-servicios-ecosistemicos-en-america\\\/\"},\"wordCount\":828,\"publisher\":{\"@id\":\"https:\\\/\\\/patagoniambiental.com.ar\\\/info\\\/#organization\"},\"image\":{\"@id\":\"https:\\\/\\\/patagoniambiental.com.ar\\\/info\\\/con-presencia-de-expertos-de-la-untdf-y-cadic-tierra-del-fuego-participara-una-evaluacion-sobre-biodiversidad-y-servicios-ecosistemicos-en-america\\\/#primaryimage\"},\"thumbnailUrl\":\"\",\"articleSection\":[\"Internacionales\",\"Noticias\"],\"inLanguage\":\"es\"},{\"@type\":\"WebPage\",\"@id\":\"https:\\\/\\\/patagoniambiental.com.ar\\\/info\\\/con-presencia-de-expertos-de-la-untdf-y-cadic-tierra-del-fuego-participara-una-evaluacion-sobre-biodiversidad-y-servicios-ecosistemicos-en-america\\\/\",\"url\":\"https:\\\/\\\/patagoniambiental.com.ar\\\/info\\\/con-presencia-de-expertos-de-la-untdf-y-cadic-tierra-del-fuego-participara-una-evaluacion-sobre-biodiversidad-y-servicios-ecosistemicos-en-america\\\/\",\"name\":\"CON PRESENCIA DE EXPERTOS DE LA UNTDF Y CADIC Tierra del Fuego participar\u00e1 una evaluaci\u00f3n sobre biodiversidad y servicios ecosist\u00e9micos en Am\u00e9rica\",\"isPartOf\":{\"@id\":\"https:\\\/\\\/patagoniambiental.com.ar\\\/info\\\/#website\"},\"primaryImageOfPage\":{\"@id\":\"https:\\\/\\\/patagoniambiental.com.ar\\\/info\\\/con-presencia-de-expertos-de-la-untdf-y-cadic-tierra-del-fuego-participara-una-evaluacion-sobre-biodiversidad-y-servicios-ecosistemicos-en-america\\\/#primaryimage\"},\"image\":{\"@id\":\"https:\\\/\\\/patagoniambiental.com.ar\\\/info\\\/con-presencia-de-expertos-de-la-untdf-y-cadic-tierra-del-fuego-participara-una-evaluacion-sobre-biodiversidad-y-servicios-ecosistemicos-en-america\\\/#primaryimage\"},\"thumbnailUrl\":\"\",\"datePublished\":\"2015-08-31T23:17:27+00:00\",\"breadcrumb\":{\"@id\":\"https:\\\/\\\/patagoniambiental.com.ar\\\/info\\\/con-presencia-de-expertos-de-la-untdf-y-cadic-tierra-del-fuego-participara-una-evaluacion-sobre-biodiversidad-y-servicios-ecosistemicos-en-america\\\/#breadcrumb\"},\"inLanguage\":\"es\",\"potentialAction\":[{\"@type\":\"ReadAction\",\"target\":[\"https:\\\/\\\/patagoniambiental.com.ar\\\/info\\\/con-presencia-de-expertos-de-la-untdf-y-cadic-tierra-del-fuego-participara-una-evaluacion-sobre-biodiversidad-y-servicios-ecosistemicos-en-america\\\/\"]}]},{\"@type\":\"ImageObject\",\"inLanguage\":\"es\",\"@id\":\"https:\\\/\\\/patagoniambiental.com.ar\\\/info\\\/con-presencia-de-expertos-de-la-untdf-y-cadic-tierra-del-fuego-participara-una-evaluacion-sobre-biodiversidad-y-servicios-ecosistemicos-en-america\\\/#primaryimage\",\"url\":\"\",\"contentUrl\":\"\"},{\"@type\":\"BreadcrumbList\",\"@id\":\"https:\\\/\\\/patagoniambiental.com.ar\\\/info\\\/con-presencia-de-expertos-de-la-untdf-y-cadic-tierra-del-fuego-participara-una-evaluacion-sobre-biodiversidad-y-servicios-ecosistemicos-en-america\\\/#breadcrumb\",\"itemListElement\":[{\"@type\":\"ListItem\",\"position\":1,\"name\":\"Inicio\",\"item\":\"https:\\\/\\\/patagoniambiental.com.ar\\\/info\\\/\"},{\"@type\":\"ListItem\",\"position\":2,\"name\":\"CON PRESENCIA DE EXPERTOS DE LA UNTDF Y CADIC Tierra del Fuego participar\u00e1 una evaluaci\u00f3n sobre biodiversidad y servicios ecosist\u00e9micos en Am\u00e9rica\"}]},{\"@type\":\"WebSite\",\"@id\":\"https:\\\/\\\/patagoniambiental.com.ar\\\/info\\\/#website\",\"url\":\"https:\\\/\\\/patagoniambiental.com.ar\\\/info\\\/\",\"name\":\"Patagonia Ambiental\",\"description\":\"Monitoreo y an\u00e1lisis de la situaci\u00f3n geopol\u00edtica en el mundo y su implicancia en la Patagonia\",\"publisher\":{\"@id\":\"https:\\\/\\\/patagoniambiental.com.ar\\\/info\\\/#organization\"},\"potentialAction\":[{\"@type\":\"SearchAction\",\"target\":{\"@type\":\"EntryPoint\",\"urlTemplate\":\"https:\\\/\\\/patagoniambiental.com.ar\\\/info\\\/?s={search_term_string}\"},\"query-input\":{\"@type\":\"PropertyValueSpecification\",\"valueRequired\":true,\"valueName\":\"search_term_string\"}}],\"inLanguage\":\"es\"},{\"@type\":\"Organization\",\"@id\":\"https:\\\/\\\/patagoniambiental.com.ar\\\/info\\\/#organization\",\"name\":\"Patagonia Ambiental\",\"url\":\"https:\\\/\\\/patagoniambiental.com.ar\\\/info\\\/\",\"logo\":{\"@type\":\"ImageObject\",\"inLanguage\":\"es\",\"@id\":\"https:\\\/\\\/patagoniambiental.com.ar\\\/info\\\/#\\\/schema\\\/logo\\\/image\\\/\",\"url\":\"https:\\\/\\\/patagoniambiental.com.ar\\\/info\\\/wp-content\\\/uploads\\\/2025\\\/05\\\/LOGO-PATAGONIA-AMBIENTAL.png\",\"contentUrl\":\"https:\\\/\\\/patagoniambiental.com.ar\\\/info\\\/wp-content\\\/uploads\\\/2025\\\/05\\\/LOGO-PATAGONIA-AMBIENTAL.png\",\"width\":433,\"height\":250,\"caption\":\"Patagonia Ambiental\"},\"image\":{\"@id\":\"https:\\\/\\\/patagoniambiental.com.ar\\\/info\\\/#\\\/schema\\\/logo\\\/image\\\/\"},\"sameAs\":[\"https:\\\/\\\/www.facebook.com\\\/patagonia.ambiental\",\"https:\\\/\\\/x.com\\\/PatAmb\"]},{\"@type\":\"Person\",\"@id\":\"https:\\\/\\\/patagoniambiental.com.ar\\\/info\\\/#\\\/schema\\\/person\\\/db12bff64bbcbf6a253710bf0ea37b5d\",\"name\":\"Patagonia Ambiental\",\"description\":\"Andr\u00e9s Nievas T\u00e9cnico en manejo ambiental, consultor Ambiental y escritor para medios locales e internacionales sobre temas de geopolitica y medio ambiente.\",\"sameAs\":[\"http:\\\/\\\/www.patagoniambiental.com.ar\",\"https:\\\/\\\/www.facebook.com\\\/share\\\/1C1V8Gv9BX\\\/?mibextid=qi2Omg\",\"@patagoniambiental\",\"https:\\\/\\\/youtube.com\\\/@patagoniaambiental2023?si=BLt58t0wuXquxlYZ\"]}]}<\/script>\n<!-- \/ Yoast SEO Premium plugin. -->","yoast_head_json":{"title":"CON PRESENCIA DE EXPERTOS DE LA UNTDF Y CADIC Tierra del Fuego participar\u00e1 una evaluaci\u00f3n sobre biodiversidad y servicios ecosist\u00e9micos en Am\u00e9rica","robots":{"index":"index","follow":"follow","max-snippet":"max-snippet:-1","max-image-preview":"max-image-preview:large","max-video-preview":"max-video-preview:-1"},"canonical":"https:\/\/patagoniambiental.com.ar\/info\/con-presencia-de-expertos-de-la-untdf-y-cadic-tierra-del-fuego-participara-una-evaluacion-sobre-biodiversidad-y-servicios-ecosistemicos-en-america\/","og_locale":"es_ES","og_type":"article","og_title":"CON PRESENCIA DE EXPERTOS DE LA UNTDF Y CADIC Tierra del Fuego participar\u00e1 una evaluaci\u00f3n sobre biodiversidad y servicios ecosist\u00e9micos en Am\u00e9rica","og_description":"Tierra del Fuego.-M\u00e1s de 80 investigadores de todo el continente americano, entre ellos el Dr. Anderson de la UNTDF y [&hellip;]","og_url":"https:\/\/patagoniambiental.com.ar\/info\/con-presencia-de-expertos-de-la-untdf-y-cadic-tierra-del-fuego-participara-una-evaluacion-sobre-biodiversidad-y-servicios-ecosistemicos-en-america\/","og_site_name":"Patagonia Ambiental","article_publisher":"https:\/\/www.facebook.com\/patagonia.ambiental","article_author":"https:\/\/www.facebook.com\/share\/1C1V8Gv9BX\/?mibextid=qi2Omg","article_published_time":"2015-08-31T23:17:27+00:00","author":"Patagonia Ambiental","twitter_card":"summary_large_image","twitter_creator":"@PatAmb","twitter_site":"@PatAmb","schema":{"@context":"https:\/\/schema.org","@graph":[{"@type":"Article","@id":"https:\/\/patagoniambiental.com.ar\/info\/con-presencia-de-expertos-de-la-untdf-y-cadic-tierra-del-fuego-participara-una-evaluacion-sobre-biodiversidad-y-servicios-ecosistemicos-en-america\/#article","isPartOf":{"@id":"https:\/\/patagoniambiental.com.ar\/info\/con-presencia-de-expertos-de-la-untdf-y-cadic-tierra-del-fuego-participara-una-evaluacion-sobre-biodiversidad-y-servicios-ecosistemicos-en-america\/"},"author":{"name":"Patagonia Ambiental","@id":"https:\/\/patagoniambiental.com.ar\/info\/#\/schema\/person\/db12bff64bbcbf6a253710bf0ea37b5d"},"headline":"CON PRESENCIA DE EXPERTOS DE LA UNTDF Y CADIC Tierra del Fuego participar\u00e1 una evaluaci\u00f3n sobre biodiversidad y servicios ecosist\u00e9micos en Am\u00e9rica","datePublished":"2015-08-31T23:17:27+00:00","mainEntityOfPage":{"@id":"https:\/\/patagoniambiental.com.ar\/info\/con-presencia-de-expertos-de-la-untdf-y-cadic-tierra-del-fuego-participara-una-evaluacion-sobre-biodiversidad-y-servicios-ecosistemicos-en-america\/"},"wordCount":828,"publisher":{"@id":"https:\/\/patagoniambiental.com.ar\/info\/#organization"},"image":{"@id":"https:\/\/patagoniambiental.com.ar\/info\/con-presencia-de-expertos-de-la-untdf-y-cadic-tierra-del-fuego-participara-una-evaluacion-sobre-biodiversidad-y-servicios-ecosistemicos-en-america\/#primaryimage"},"thumbnailUrl":"","articleSection":["Internacionales","Noticias"],"inLanguage":"es"},{"@type":"WebPage","@id":"https:\/\/patagoniambiental.com.ar\/info\/con-presencia-de-expertos-de-la-untdf-y-cadic-tierra-del-fuego-participara-una-evaluacion-sobre-biodiversidad-y-servicios-ecosistemicos-en-america\/","url":"https:\/\/patagoniambiental.com.ar\/info\/con-presencia-de-expertos-de-la-untdf-y-cadic-tierra-del-fuego-participara-una-evaluacion-sobre-biodiversidad-y-servicios-ecosistemicos-en-america\/","name":"CON PRESENCIA DE EXPERTOS DE LA UNTDF Y CADIC Tierra del Fuego participar\u00e1 una evaluaci\u00f3n sobre biodiversidad y servicios ecosist\u00e9micos en Am\u00e9rica","isPartOf":{"@id":"https:\/\/patagoniambiental.com.ar\/info\/#website"},"primaryImageOfPage":{"@id":"https:\/\/patagoniambiental.com.ar\/info\/con-presencia-de-expertos-de-la-untdf-y-cadic-tierra-del-fuego-participara-una-evaluacion-sobre-biodiversidad-y-servicios-ecosistemicos-en-america\/#primaryimage"},"image":{"@id":"https:\/\/patagoniambiental.com.ar\/info\/con-presencia-de-expertos-de-la-untdf-y-cadic-tierra-del-fuego-participara-una-evaluacion-sobre-biodiversidad-y-servicios-ecosistemicos-en-america\/#primaryimage"},"thumbnailUrl":"","datePublished":"2015-08-31T23:17:27+00:00","breadcrumb":{"@id":"https:\/\/patagoniambiental.com.ar\/info\/con-presencia-de-expertos-de-la-untdf-y-cadic-tierra-del-fuego-participara-una-evaluacion-sobre-biodiversidad-y-servicios-ecosistemicos-en-america\/#breadcrumb"},"inLanguage":"es","potentialAction":[{"@type":"ReadAction","target":["https:\/\/patagoniambiental.com.ar\/info\/con-presencia-de-expertos-de-la-untdf-y-cadic-tierra-del-fuego-participara-una-evaluacion-sobre-biodiversidad-y-servicios-ecosistemicos-en-america\/"]}]},{"@type":"ImageObject","inLanguage":"es","@id":"https:\/\/patagoniambiental.com.ar\/info\/con-presencia-de-expertos-de-la-untdf-y-cadic-tierra-del-fuego-participara-una-evaluacion-sobre-biodiversidad-y-servicios-ecosistemicos-en-america\/#primaryimage","url":"","contentUrl":""},{"@type":"BreadcrumbList","@id":"https:\/\/patagoniambiental.com.ar\/info\/con-presencia-de-expertos-de-la-untdf-y-cadic-tierra-del-fuego-participara-una-evaluacion-sobre-biodiversidad-y-servicios-ecosistemicos-en-america\/#breadcrumb","itemListElement":[{"@type":"ListItem","position":1,"name":"Inicio","item":"https:\/\/patagoniambiental.com.ar\/info\/"},{"@type":"ListItem","position":2,"name":"CON PRESENCIA DE EXPERTOS DE LA UNTDF Y CADIC Tierra del Fuego participar\u00e1 una evaluaci\u00f3n sobre biodiversidad y servicios ecosist\u00e9micos en Am\u00e9rica"}]},{"@type":"WebSite","@id":"https:\/\/patagoniambiental.com.ar\/info\/#website","url":"https:\/\/patagoniambiental.com.ar\/info\/","name":"Patagonia Ambiental","description":"Monitoreo y an\u00e1lisis de la situaci\u00f3n geopol\u00edtica en el mundo y su implicancia en la Patagonia","publisher":{"@id":"https:\/\/patagoniambiental.com.ar\/info\/#organization"},"potentialAction":[{"@type":"SearchAction","target":{"@type":"EntryPoint","urlTemplate":"https:\/\/patagoniambiental.com.ar\/info\/?s={search_term_string}"},"query-input":{"@type":"PropertyValueSpecification","valueRequired":true,"valueName":"search_term_string"}}],"inLanguage":"es"},{"@type":"Organization","@id":"https:\/\/patagoniambiental.com.ar\/info\/#organization","name":"Patagonia Ambiental","url":"https:\/\/patagoniambiental.com.ar\/info\/","logo":{"@type":"ImageObject","inLanguage":"es","@id":"https:\/\/patagoniambiental.com.ar\/info\/#\/schema\/logo\/image\/","url":"https:\/\/patagoniambiental.com.ar\/info\/wp-content\/uploads\/2025\/05\/LOGO-PATAGONIA-AMBIENTAL.png","contentUrl":"https:\/\/patagoniambiental.com.ar\/info\/wp-content\/uploads\/2025\/05\/LOGO-PATAGONIA-AMBIENTAL.png","width":433,"height":250,"caption":"Patagonia Ambiental"},"image":{"@id":"https:\/\/patagoniambiental.com.ar\/info\/#\/schema\/logo\/image\/"},"sameAs":["https:\/\/www.facebook.com\/patagonia.ambiental","https:\/\/x.com\/PatAmb"]},{"@type":"Person","@id":"https:\/\/patagoniambiental.com.ar\/info\/#\/schema\/person\/db12bff64bbcbf6a253710bf0ea37b5d","name":"Patagonia Ambiental","description":"Andr\u00e9s Nievas T\u00e9cnico en manejo ambiental, consultor Ambiental y escritor para medios locales e internacionales sobre temas de geopolitica y medio ambiente.","sameAs":["http:\/\/www.patagoniambiental.com.ar","https:\/\/www.facebook.com\/share\/1C1V8Gv9BX\/?mibextid=qi2Omg","@patagoniambiental","https:\/\/youtube.com\/@patagoniaambiental2023?si=BLt58t0wuXquxlYZ"]}]}},"_links":{"self":[{"href":"https:\/\/patagoniambiental.com.ar\/info\/wp-json\/wp\/v2\/posts\/13704","targetHints":{"allow":["GET"]}}],"collection":[{"href":"https:\/\/patagoniambiental.com.ar\/info\/wp-json\/wp\/v2\/posts"}],"about":[{"href":"https:\/\/patagoniambiental.com.ar\/info\/wp-json\/wp\/v2\/types\/post"}],"author":[{"embeddable":true,"href":"https:\/\/patagoniambiental.com.ar\/info\/wp-json\/wp\/v2\/users\/2"}],"replies":[{"embeddable":true,"href":"https:\/\/patagoniambiental.com.ar\/info\/wp-json\/wp\/v2\/comments?post=13704"}],"version-history":[{"count":0,"href":"https:\/\/patagoniambiental.com.ar\/info\/wp-json\/wp\/v2\/posts\/13704\/revisions"}],"wp:featuredmedia":[{"embeddable":true,"href":"https:\/\/patagoniambiental.com.ar\/info\/wp-json\/"}],"wp:attachment":[{"href":"https:\/\/patagoniambiental.com.ar\/info\/wp-json\/wp\/v2\/media?parent=13704"}],"wp:term":[{"taxonomy":"category","embeddable":true,"href":"https:\/\/patagoniambiental.com.ar\/info\/wp-json\/wp\/v2\/categories?post=13704"},{"taxonomy":"post_tag","embeddable":true,"href":"https:\/\/patagoniambiental.com.ar\/info\/wp-json\/wp\/v2\/tags?post=13704"}],"curies":[{"name":"wp","href":"https:\/\/api.w.org\/{rel}","templated":true}]}}