{"id":13742,"date":"2015-09-02T09:11:28","date_gmt":"2015-09-02T12:11:28","guid":{"rendered":"http:\/\/patagoniambiental.com.ar\/?p=13742"},"modified":"2015-09-02T09:11:28","modified_gmt":"2015-09-02T12:11:28","slug":"el-polo-es-una-obra-que-entre-sus-premisas-tiene-el-cuidado-del-ambiente","status":"publish","type":"post","link":"https:\/\/patagoniambiental.com.ar\/info\/el-polo-es-una-obra-que-entre-sus-premisas-tiene-el-cuidado-del-ambiente\/","title":{"rendered":"\u201cEl Polo es una obra que entre sus premisas tiene el cuidado del ambiente.\u201d"},"content":{"rendered":"<p class=\"text intro\">Tierra del Fuego.-El d\u00eda viernes se inaugurar\u00e1 el Polo Deportivo y Cultural en un acto que tendr\u00e1 como invitados y protagonistas a chicos de las escuelas deportivas, Antiguos Pobladores, la escuela especial N\u00b01 Kayu<!--more--> Chenen, el CAAD, el Centro de Ex Combatientes de Malvinas y vecinos. Se rendir\u00e1 homenaje a personas e instituciones destacadas de la ciudad. Sciurano destac\u00f3 detalles del Polo que lo hacen una obra que tiene entre sus premisas el cuidado al ambiente.<\/p>\n<div id=\"bodytext\" class=\"text\">\n<p>Durante una recorrida en la obra del micro estadio realizada el d\u00eda martes el intendente Federico Sciurano coment\u00f3 que \u00ablos vecinos se van a sorprender con las reformas, ya que se ampli\u00f3 al doble la capacidad tanto del espacio de canchas como de las tribunas fijas. Es una obra impresionante en la que se tuvieron en cuenta muchos aspectos de cuidado del ambiente\u00bb.<\/p>\n<p>Tierra del Fuego.-Sciurano anunci\u00f3 que en la inauguraci\u00f3n del d\u00eda viernes \u00abestar\u00e1n presentes la mayor\u00eda de las instituciones culturales y deportivas con las que trabajamos, sumado a los alumnos de la Kay\u00fa<\/p>\n<\/div>\n<p><!--more--><\/p>\n<div class=\"text\">\n<p>Chenen, el CAAD, Centro de Ex Combatientes de Malvinas, Antiguos Pobladores e instituciones deportivas que van a estar mostrando lo que hacen en los talleres, adem\u00e1s de un espect\u00e1culo de tango y gimnasia\u00bb, expres\u00f3 el Jefe Capitalino.<\/p>\n<p>Respecto al cuidado ambiental del Polo Deportivo y Cultural el arquitecto Pablo Sanpietro remarc\u00f3 que el nuevo microestadio \u201ctiene la incorporaci\u00f3n de iluminaci\u00f3n led reduciendo el consumo energ\u00e9tico. Con respecto a las aguas pluviales el edificio capta las aguas que caen sobre el techo, se almacenan y se distribuyen en todo lo que son aguas sanitarias, reduciendo el consumo de la misma\u201d.<\/p>\n<p>En otro punto, Sanpietro especific\u00f3 que \u201cse buscaron materiales que requieren poco mantenimiento, lo que implica menos consumo de materiales contaminantes como la pintura\u201d. En cuanto al dise\u00f1o detall\u00f3 que \u201cse pensaron aventanamientos en las fachadas aprovechado la iluminaci\u00f3n natural\u201d. \u201cPara la construcci\u00f3n del edificio se reciclaron materiales del antiguo Chochocho Vargas\u201d dijo el arquitecto.<\/p>\n<p>Haciendo referencia al sistema de calefacci\u00f3n precis\u00f3 que \u201cse reemplaz\u00f3 en uno m\u00e1s eficiente en lo que se refiere al consumo de gas\u201d. Para finalizar dijo que \u201clas maderas del interior son de reforestaci\u00f3n y en el exterior se utiliz\u00f3 un sistema industrializado que simula madera\u201d.<\/p>\n<\/div>\n<div class=\"text\"><\/div>\n<div class=\"text\">Fuente: NotiTDF<\/div>\n","protected":false},"excerpt":{"rendered":"<p>Tierra del Fuego.-El d\u00eda viernes se inaugurar\u00e1 el Polo Deportivo y Cultural en un acto que tendr\u00e1 como invitados y [&hellip;]<\/p>\n","protected":false},"author":2,"featured_media":13743,"comment_status":"closed","ping_status":"closed","sticky":false,"template":"","format":"standard","meta":{"site-sidebar-layout":"default","site-content-layout":"","ast-site-content-layout":"default","site-content-style":"default","site-sidebar-style":"default","ast-global-header-display":"","ast-banner-title-visibility":"","ast-main-header-display":"","ast-hfb-above-header-display":"","ast-hfb-below-header-display":"","ast-hfb-mobile-header-display":"","site-post-title":"","ast-breadcrumbs-content":"","ast-featured-img":"","footer-sml-layout":"","ast-disable-related-posts":"","theme-transparent-header-meta":"","adv-header-id-meta":"","stick-header-meta":"","header-above-stick-meta":"","header-main-stick-meta":"","header-below-stick-meta":"","astra-migrate-meta-layouts":"default","ast-page-background-enabled":"default","ast-page-background-meta":{"desktop":{"background-color":"var(--ast-global-color-5)","background-image":"","background-repeat":"repeat","background-position":"center center","background-size":"auto","background-attachment":"scroll","background-type":"","background-media":"","overlay-type":"","overlay-color":"","overlay-opacity":"","overlay-gradient":""},"tablet":{"background-color":"","background-image":"","background-repeat":"repeat","background-position":"center center","background-size":"auto","background-attachment":"scroll","background-type":"","background-media":"","overlay-type":"","overlay-color":"","overlay-opacity":"","overlay-gradient":""},"mobile":{"background-color":"","background-image":"","background-repeat":"repeat","background-position":"center center","background-size":"auto","background-attachment":"scroll","background-type":"","background-media":"","overlay-type":"","overlay-color":"","overlay-opacity":"","overlay-gradient":""}},"ast-content-background-meta":{"desktop":{"background-color":"var(--ast-global-color-4)","background-image":"","background-repeat":"repeat","background-position":"center center","background-size":"auto","background-attachment":"scroll","background-type":"","background-media":"","overlay-type":"","overlay-color":"","overlay-opacity":"","overlay-gradient":""},"tablet":{"background-color":"var(--ast-global-color-4)","background-image":"","background-repeat":"repeat","background-position":"center center","background-size":"auto","background-attachment":"scroll","background-type":"","background-media":"","overlay-type":"","overlay-color":"","overlay-opacity":"","overlay-gradient":""},"mobile":{"background-color":"var(--ast-global-color-4)","background-image":"","background-repeat":"repeat","background-position":"center center","background-size":"auto","background-attachment":"scroll","background-type":"","background-media":"","overlay-type":"","overlay-color":"","overlay-opacity":"","overlay-gradient":""}},"footnotes":""},"categories":[1,13,25],"tags":[],"class_list":["post-13742","post","type-post","status-publish","format-standard","has-post-thumbnail","hentry","category-noticias","category-provinciales","category-tierra-del-fuego"],"yoast_head":"<!-- This site is optimized with the Yoast SEO Premium plugin v23.0 (Yoast SEO v27.4) - https:\/\/yoast.com\/product\/yoast-seo-premium-wordpress\/ -->\n<title>\u201cEl Polo es una obra que entre sus premisas tiene el cuidado del ambiente.\u201d<\/title>\n<meta name=\"robots\" content=\"index, follow, max-snippet:-1, max-image-preview:large, max-video-preview:-1\" \/>\n<link rel=\"canonical\" href=\"https:\/\/patagoniambiental.com.ar\/info\/el-polo-es-una-obra-que-entre-sus-premisas-tiene-el-cuidado-del-ambiente\/\" \/>\n<meta property=\"og:locale\" content=\"es_ES\" \/>\n<meta property=\"og:type\" content=\"article\" \/>\n<meta property=\"og:title\" content=\"\u201cEl Polo es una obra que entre sus premisas tiene el cuidado del ambiente.\u201d\" \/>\n<meta property=\"og:description\" content=\"Tierra del Fuego.-El d\u00eda viernes se inaugurar\u00e1 el Polo Deportivo y Cultural en un acto que tendr\u00e1 como invitados y [&hellip;]\" \/>\n<meta property=\"og:url\" content=\"https:\/\/patagoniambiental.com.ar\/info\/el-polo-es-una-obra-que-entre-sus-premisas-tiene-el-cuidado-del-ambiente\/\" \/>\n<meta property=\"og:site_name\" content=\"Patagonia Ambiental\" \/>\n<meta property=\"article:publisher\" content=\"https:\/\/www.facebook.com\/patagonia.ambiental\" \/>\n<meta property=\"article:author\" content=\"https:\/\/www.facebook.com\/share\/1C1V8Gv9BX\/?mibextid=qi2Omg\" \/>\n<meta property=\"article:published_time\" content=\"2015-09-02T12:11:28+00:00\" \/>\n<meta name=\"author\" content=\"Patagonia Ambiental\" \/>\n<meta name=\"twitter:card\" content=\"summary_large_image\" \/>\n<meta name=\"twitter:creator\" content=\"@PatAmb\" \/>\n<meta name=\"twitter:site\" content=\"@PatAmb\" \/>\n<script type=\"application\/ld+json\" class=\"yoast-schema-graph\">{\"@context\":\"https:\\\/\\\/schema.org\",\"@graph\":[{\"@type\":\"Article\",\"@id\":\"https:\\\/\\\/patagoniambiental.com.ar\\\/info\\\/el-polo-es-una-obra-que-entre-sus-premisas-tiene-el-cuidado-del-ambiente\\\/#article\",\"isPartOf\":{\"@id\":\"https:\\\/\\\/patagoniambiental.com.ar\\\/info\\\/el-polo-es-una-obra-que-entre-sus-premisas-tiene-el-cuidado-del-ambiente\\\/\"},\"author\":{\"name\":\"Patagonia Ambiental\",\"@id\":\"https:\\\/\\\/patagoniambiental.com.ar\\\/info\\\/#\\\/schema\\\/person\\\/db12bff64bbcbf6a253710bf0ea37b5d\"},\"headline\":\"\u201cEl Polo es una obra que entre sus premisas tiene el cuidado del ambiente.\u201d\",\"datePublished\":\"2015-09-02T12:11:28+00:00\",\"mainEntityOfPage\":{\"@id\":\"https:\\\/\\\/patagoniambiental.com.ar\\\/info\\\/el-polo-es-una-obra-que-entre-sus-premisas-tiene-el-cuidado-del-ambiente\\\/\"},\"wordCount\":406,\"publisher\":{\"@id\":\"https:\\\/\\\/patagoniambiental.com.ar\\\/info\\\/#organization\"},\"image\":{\"@id\":\"https:\\\/\\\/patagoniambiental.com.ar\\\/info\\\/el-polo-es-una-obra-que-entre-sus-premisas-tiene-el-cuidado-del-ambiente\\\/#primaryimage\"},\"thumbnailUrl\":\"\",\"articleSection\":[\"Noticias\",\"Provinciales\",\"Tierra del Fuego\"],\"inLanguage\":\"es\"},{\"@type\":\"WebPage\",\"@id\":\"https:\\\/\\\/patagoniambiental.com.ar\\\/info\\\/el-polo-es-una-obra-que-entre-sus-premisas-tiene-el-cuidado-del-ambiente\\\/\",\"url\":\"https:\\\/\\\/patagoniambiental.com.ar\\\/info\\\/el-polo-es-una-obra-que-entre-sus-premisas-tiene-el-cuidado-del-ambiente\\\/\",\"name\":\"\u201cEl Polo es una obra que entre sus premisas tiene el cuidado del ambiente.\u201d\",\"isPartOf\":{\"@id\":\"https:\\\/\\\/patagoniambiental.com.ar\\\/info\\\/#website\"},\"primaryImageOfPage\":{\"@id\":\"https:\\\/\\\/patagoniambiental.com.ar\\\/info\\\/el-polo-es-una-obra-que-entre-sus-premisas-tiene-el-cuidado-del-ambiente\\\/#primaryimage\"},\"image\":{\"@id\":\"https:\\\/\\\/patagoniambiental.com.ar\\\/info\\\/el-polo-es-una-obra-que-entre-sus-premisas-tiene-el-cuidado-del-ambiente\\\/#primaryimage\"},\"thumbnailUrl\":\"\",\"datePublished\":\"2015-09-02T12:11:28+00:00\",\"breadcrumb\":{\"@id\":\"https:\\\/\\\/patagoniambiental.com.ar\\\/info\\\/el-polo-es-una-obra-que-entre-sus-premisas-tiene-el-cuidado-del-ambiente\\\/#breadcrumb\"},\"inLanguage\":\"es\",\"potentialAction\":[{\"@type\":\"ReadAction\",\"target\":[\"https:\\\/\\\/patagoniambiental.com.ar\\\/info\\\/el-polo-es-una-obra-que-entre-sus-premisas-tiene-el-cuidado-del-ambiente\\\/\"]}]},{\"@type\":\"ImageObject\",\"inLanguage\":\"es\",\"@id\":\"https:\\\/\\\/patagoniambiental.com.ar\\\/info\\\/el-polo-es-una-obra-que-entre-sus-premisas-tiene-el-cuidado-del-ambiente\\\/#primaryimage\",\"url\":\"\",\"contentUrl\":\"\"},{\"@type\":\"BreadcrumbList\",\"@id\":\"https:\\\/\\\/patagoniambiental.com.ar\\\/info\\\/el-polo-es-una-obra-que-entre-sus-premisas-tiene-el-cuidado-del-ambiente\\\/#breadcrumb\",\"itemListElement\":[{\"@type\":\"ListItem\",\"position\":1,\"name\":\"Inicio\",\"item\":\"https:\\\/\\\/patagoniambiental.com.ar\\\/info\\\/\"},{\"@type\":\"ListItem\",\"position\":2,\"name\":\"\u201cEl Polo es una obra que entre sus premisas tiene el cuidado del ambiente.\u201d\"}]},{\"@type\":\"WebSite\",\"@id\":\"https:\\\/\\\/patagoniambiental.com.ar\\\/info\\\/#website\",\"url\":\"https:\\\/\\\/patagoniambiental.com.ar\\\/info\\\/\",\"name\":\"Patagonia Ambiental\",\"description\":\"Monitoreo y an\u00e1lisis de la situaci\u00f3n geopol\u00edtica en el mundo y su implicancia en la Patagonia\",\"publisher\":{\"@id\":\"https:\\\/\\\/patagoniambiental.com.ar\\\/info\\\/#organization\"},\"potentialAction\":[{\"@type\":\"SearchAction\",\"target\":{\"@type\":\"EntryPoint\",\"urlTemplate\":\"https:\\\/\\\/patagoniambiental.com.ar\\\/info\\\/?s={search_term_string}\"},\"query-input\":{\"@type\":\"PropertyValueSpecification\",\"valueRequired\":true,\"valueName\":\"search_term_string\"}}],\"inLanguage\":\"es\"},{\"@type\":\"Organization\",\"@id\":\"https:\\\/\\\/patagoniambiental.com.ar\\\/info\\\/#organization\",\"name\":\"Patagonia Ambiental\",\"url\":\"https:\\\/\\\/patagoniambiental.com.ar\\\/info\\\/\",\"logo\":{\"@type\":\"ImageObject\",\"inLanguage\":\"es\",\"@id\":\"https:\\\/\\\/patagoniambiental.com.ar\\\/info\\\/#\\\/schema\\\/logo\\\/image\\\/\",\"url\":\"https:\\\/\\\/patagoniambiental.com.ar\\\/info\\\/wp-content\\\/uploads\\\/2025\\\/05\\\/LOGO-PATAGONIA-AMBIENTAL.png\",\"contentUrl\":\"https:\\\/\\\/patagoniambiental.com.ar\\\/info\\\/wp-content\\\/uploads\\\/2025\\\/05\\\/LOGO-PATAGONIA-AMBIENTAL.png\",\"width\":433,\"height\":250,\"caption\":\"Patagonia Ambiental\"},\"image\":{\"@id\":\"https:\\\/\\\/patagoniambiental.com.ar\\\/info\\\/#\\\/schema\\\/logo\\\/image\\\/\"},\"sameAs\":[\"https:\\\/\\\/www.facebook.com\\\/patagonia.ambiental\",\"https:\\\/\\\/x.com\\\/PatAmb\"]},{\"@type\":\"Person\",\"@id\":\"https:\\\/\\\/patagoniambiental.com.ar\\\/info\\\/#\\\/schema\\\/person\\\/db12bff64bbcbf6a253710bf0ea37b5d\",\"name\":\"Patagonia Ambiental\",\"description\":\"Andr\u00e9s Nievas T\u00e9cnico en manejo ambiental, consultor Ambiental y escritor para medios locales e internacionales sobre temas de geopolitica y medio ambiente.\",\"sameAs\":[\"http:\\\/\\\/www.patagoniambiental.com.ar\",\"https:\\\/\\\/www.facebook.com\\\/share\\\/1C1V8Gv9BX\\\/?mibextid=qi2Omg\",\"@patagoniambiental\",\"https:\\\/\\\/youtube.com\\\/@patagoniaambiental2023?si=BLt58t0wuXquxlYZ\"]}]}<\/script>\n<!-- \/ Yoast SEO Premium plugin. -->","yoast_head_json":{"title":"\u201cEl Polo es una obra que entre sus premisas tiene el cuidado del ambiente.\u201d","robots":{"index":"index","follow":"follow","max-snippet":"max-snippet:-1","max-image-preview":"max-image-preview:large","max-video-preview":"max-video-preview:-1"},"canonical":"https:\/\/patagoniambiental.com.ar\/info\/el-polo-es-una-obra-que-entre-sus-premisas-tiene-el-cuidado-del-ambiente\/","og_locale":"es_ES","og_type":"article","og_title":"\u201cEl Polo es una obra que entre sus premisas tiene el cuidado del ambiente.\u201d","og_description":"Tierra del Fuego.-El d\u00eda viernes se inaugurar\u00e1 el Polo Deportivo y Cultural en un acto que tendr\u00e1 como invitados y [&hellip;]","og_url":"https:\/\/patagoniambiental.com.ar\/info\/el-polo-es-una-obra-que-entre-sus-premisas-tiene-el-cuidado-del-ambiente\/","og_site_name":"Patagonia Ambiental","article_publisher":"https:\/\/www.facebook.com\/patagonia.ambiental","article_author":"https:\/\/www.facebook.com\/share\/1C1V8Gv9BX\/?mibextid=qi2Omg","article_published_time":"2015-09-02T12:11:28+00:00","author":"Patagonia Ambiental","twitter_card":"summary_large_image","twitter_creator":"@PatAmb","twitter_site":"@PatAmb","schema":{"@context":"https:\/\/schema.org","@graph":[{"@type":"Article","@id":"https:\/\/patagoniambiental.com.ar\/info\/el-polo-es-una-obra-que-entre-sus-premisas-tiene-el-cuidado-del-ambiente\/#article","isPartOf":{"@id":"https:\/\/patagoniambiental.com.ar\/info\/el-polo-es-una-obra-que-entre-sus-premisas-tiene-el-cuidado-del-ambiente\/"},"author":{"name":"Patagonia Ambiental","@id":"https:\/\/patagoniambiental.com.ar\/info\/#\/schema\/person\/db12bff64bbcbf6a253710bf0ea37b5d"},"headline":"\u201cEl Polo es una obra que entre sus premisas tiene el cuidado del ambiente.\u201d","datePublished":"2015-09-02T12:11:28+00:00","mainEntityOfPage":{"@id":"https:\/\/patagoniambiental.com.ar\/info\/el-polo-es-una-obra-que-entre-sus-premisas-tiene-el-cuidado-del-ambiente\/"},"wordCount":406,"publisher":{"@id":"https:\/\/patagoniambiental.com.ar\/info\/#organization"},"image":{"@id":"https:\/\/patagoniambiental.com.ar\/info\/el-polo-es-una-obra-que-entre-sus-premisas-tiene-el-cuidado-del-ambiente\/#primaryimage"},"thumbnailUrl":"","articleSection":["Noticias","Provinciales","Tierra del Fuego"],"inLanguage":"es"},{"@type":"WebPage","@id":"https:\/\/patagoniambiental.com.ar\/info\/el-polo-es-una-obra-que-entre-sus-premisas-tiene-el-cuidado-del-ambiente\/","url":"https:\/\/patagoniambiental.com.ar\/info\/el-polo-es-una-obra-que-entre-sus-premisas-tiene-el-cuidado-del-ambiente\/","name":"\u201cEl Polo es una obra que entre sus premisas tiene el cuidado del ambiente.\u201d","isPartOf":{"@id":"https:\/\/patagoniambiental.com.ar\/info\/#website"},"primaryImageOfPage":{"@id":"https:\/\/patagoniambiental.com.ar\/info\/el-polo-es-una-obra-que-entre-sus-premisas-tiene-el-cuidado-del-ambiente\/#primaryimage"},"image":{"@id":"https:\/\/patagoniambiental.com.ar\/info\/el-polo-es-una-obra-que-entre-sus-premisas-tiene-el-cuidado-del-ambiente\/#primaryimage"},"thumbnailUrl":"","datePublished":"2015-09-02T12:11:28+00:00","breadcrumb":{"@id":"https:\/\/patagoniambiental.com.ar\/info\/el-polo-es-una-obra-que-entre-sus-premisas-tiene-el-cuidado-del-ambiente\/#breadcrumb"},"inLanguage":"es","potentialAction":[{"@type":"ReadAction","target":["https:\/\/patagoniambiental.com.ar\/info\/el-polo-es-una-obra-que-entre-sus-premisas-tiene-el-cuidado-del-ambiente\/"]}]},{"@type":"ImageObject","inLanguage":"es","@id":"https:\/\/patagoniambiental.com.ar\/info\/el-polo-es-una-obra-que-entre-sus-premisas-tiene-el-cuidado-del-ambiente\/#primaryimage","url":"","contentUrl":""},{"@type":"BreadcrumbList","@id":"https:\/\/patagoniambiental.com.ar\/info\/el-polo-es-una-obra-que-entre-sus-premisas-tiene-el-cuidado-del-ambiente\/#breadcrumb","itemListElement":[{"@type":"ListItem","position":1,"name":"Inicio","item":"https:\/\/patagoniambiental.com.ar\/info\/"},{"@type":"ListItem","position":2,"name":"\u201cEl Polo es una obra que entre sus premisas tiene el cuidado del ambiente.\u201d"}]},{"@type":"WebSite","@id":"https:\/\/patagoniambiental.com.ar\/info\/#website","url":"https:\/\/patagoniambiental.com.ar\/info\/","name":"Patagonia Ambiental","description":"Monitoreo y an\u00e1lisis de la situaci\u00f3n geopol\u00edtica en el mundo y su implicancia en la Patagonia","publisher":{"@id":"https:\/\/patagoniambiental.com.ar\/info\/#organization"},"potentialAction":[{"@type":"SearchAction","target":{"@type":"EntryPoint","urlTemplate":"https:\/\/patagoniambiental.com.ar\/info\/?s={search_term_string}"},"query-input":{"@type":"PropertyValueSpecification","valueRequired":true,"valueName":"search_term_string"}}],"inLanguage":"es"},{"@type":"Organization","@id":"https:\/\/patagoniambiental.com.ar\/info\/#organization","name":"Patagonia Ambiental","url":"https:\/\/patagoniambiental.com.ar\/info\/","logo":{"@type":"ImageObject","inLanguage":"es","@id":"https:\/\/patagoniambiental.com.ar\/info\/#\/schema\/logo\/image\/","url":"https:\/\/patagoniambiental.com.ar\/info\/wp-content\/uploads\/2025\/05\/LOGO-PATAGONIA-AMBIENTAL.png","contentUrl":"https:\/\/patagoniambiental.com.ar\/info\/wp-content\/uploads\/2025\/05\/LOGO-PATAGONIA-AMBIENTAL.png","width":433,"height":250,"caption":"Patagonia Ambiental"},"image":{"@id":"https:\/\/patagoniambiental.com.ar\/info\/#\/schema\/logo\/image\/"},"sameAs":["https:\/\/www.facebook.com\/patagonia.ambiental","https:\/\/x.com\/PatAmb"]},{"@type":"Person","@id":"https:\/\/patagoniambiental.com.ar\/info\/#\/schema\/person\/db12bff64bbcbf6a253710bf0ea37b5d","name":"Patagonia Ambiental","description":"Andr\u00e9s Nievas T\u00e9cnico en manejo ambiental, consultor Ambiental y escritor para medios locales e internacionales sobre temas de geopolitica y medio ambiente.","sameAs":["http:\/\/www.patagoniambiental.com.ar","https:\/\/www.facebook.com\/share\/1C1V8Gv9BX\/?mibextid=qi2Omg","@patagoniambiental","https:\/\/youtube.com\/@patagoniaambiental2023?si=BLt58t0wuXquxlYZ"]}]}},"_links":{"self":[{"href":"https:\/\/patagoniambiental.com.ar\/info\/wp-json\/wp\/v2\/posts\/13742","targetHints":{"allow":["GET"]}}],"collection":[{"href":"https:\/\/patagoniambiental.com.ar\/info\/wp-json\/wp\/v2\/posts"}],"about":[{"href":"https:\/\/patagoniambiental.com.ar\/info\/wp-json\/wp\/v2\/types\/post"}],"author":[{"embeddable":true,"href":"https:\/\/patagoniambiental.com.ar\/info\/wp-json\/wp\/v2\/users\/2"}],"replies":[{"embeddable":true,"href":"https:\/\/patagoniambiental.com.ar\/info\/wp-json\/wp\/v2\/comments?post=13742"}],"version-history":[{"count":0,"href":"https:\/\/patagoniambiental.com.ar\/info\/wp-json\/wp\/v2\/posts\/13742\/revisions"}],"wp:featuredmedia":[{"embeddable":true,"href":"https:\/\/patagoniambiental.com.ar\/info\/wp-json\/"}],"wp:attachment":[{"href":"https:\/\/patagoniambiental.com.ar\/info\/wp-json\/wp\/v2\/media?parent=13742"}],"wp:term":[{"taxonomy":"category","embeddable":true,"href":"https:\/\/patagoniambiental.com.ar\/info\/wp-json\/wp\/v2\/categories?post=13742"},{"taxonomy":"post_tag","embeddable":true,"href":"https:\/\/patagoniambiental.com.ar\/info\/wp-json\/wp\/v2\/tags?post=13742"}],"curies":[{"name":"wp","href":"https:\/\/api.w.org\/{rel}","templated":true}]}}