{"id":13788,"date":"2015-09-03T19:00:01","date_gmt":"2015-09-03T22:00:01","guid":{"rendered":"http:\/\/patagoniambiental.com.ar\/?p=13788"},"modified":"2015-09-03T19:00:01","modified_gmt":"2015-09-03T22:00:01","slug":"parque-nacional-tierra-del-fuego-presentaran-proyectos-sobre-desarrollo-de-actividades-sustentables","status":"publish","type":"post","link":"https:\/\/patagoniambiental.com.ar\/info\/parque-nacional-tierra-del-fuego-presentaran-proyectos-sobre-desarrollo-de-actividades-sustentables\/","title":{"rendered":"Parque Nacional Tierra del Fuego: presentar\u00e1n proyectos sobre Desarrollo de Actividades Sustentables"},"content":{"rendered":"<p>Ushuaia.-Ser\u00e1 entre el 14 y el 18 de este mes, en la Casa de la Cultura de Ushuaia. Actualmente se encuentran en ejecuci\u00f3n diez proyectos DAS desde 2013 y sus responsables son organizaciones no gubernamentales y distintas instituciones locales.<!--more--><br \/>\nEntre el 14 y el 18 de septiembre se presentar\u00e1n a la comunidad fueguina los resultados y productos generados por los proyectos sobre Desarrollo de Actividades Sustentables (DAS) en el Parque Nacional Tierra del Fuego.\u00a0 La muestra se realizar\u00e1 en la Sala Nin\u00ed Marshall de la Casa de la Cultura de Ushuaia, en el marco del mes aniversario del Parque Nacional Tierra del Fuego.<br \/>\nLa inauguraci\u00f3n contar\u00e1 con la presencia de las autoridades locales del Parque Nacional Tierra del Fuego y continuar\u00e1 con una capacitaci\u00f3n en Educaci\u00f3n Ambiental para los responsables de proyectos, docentes e interesados. Adem\u00e1s, entre el 15 al 18 de septiembre en el foyer de la Casa de la Cultura se ofrecer\u00e1n visitas guiadas orientadas especialmente\u00a0 a los estudiantes de 4\u00ba grado del EGB de todas las escuelas de la provincia, previa inscripci\u00f3n.<br \/>\nEsta instancia es la final de un proceso iniciado en septiembre de 2012 con el lanzamiento de ayuda econ\u00f3mica para proyectos en la comunidad de Ushuaia y con relaci\u00f3n al Parque Nacional Tierra del Fuego. Los mismos contemplan el Desarrollo de Actividades Sustentables (DAS) en el marco del Subcomponente \u201c\u00c1reas Protegidas y Corredores de Conservaci\u00f3n\u201d, financiado por el Banco Internacional de Reconstrucci\u00f3n y Fomento (BIRF) y con el fin de fortalecer las \u00e1reas protegidas en nuestro pa\u00eds.<br \/>\nEn ese marco se conform\u00f3 un Comit\u00e9 de Evaluaci\u00f3n y Seguimiento y se present\u00f3 un \u201cDiagn\u00f3stico Participativo\u201d que identific\u00f3 actores y las \u00e1reas en donde potencialmente pod\u00edan elaborarse proyectos. Para el caso del Parque Nacional Tierra del Fuego se encuentran en ejecuci\u00f3n diez proyectos DAS desde 2013 y sus responsables son organizaciones no gubernamentales y distintas instituciones locales.<br \/>\nEstos proyectos tienen por objeto contribuir a potenciar modelos de desarrollo que mejoren las condiciones de vida en las comunidades, y el mantenimiento de las condiciones ambientales en las \u00e1reas protegidas y en las zonas de amortiguamiento de los once parques nacionales seleccionados para implementar DAS en el pa\u00eds.<br \/>\nPor otro lado, y en virtud de que los proyectos tienen un alto componente en tem\u00e1ticas sobre Educaci\u00f3n Ambiental, el personal del Parque Nacional y los responsables de los proyectos se encuentran trabajando en la organizaci\u00f3n de una capacitaci\u00f3n -que se realizar\u00e1 luego de la presentaci\u00f3n el d\u00eda lunes 14 de septiembre-, dirigida a interesados y a docentes, especialmente a aquellos que acompa\u00f1ar\u00e1n a los distintos grupos. La misma ser\u00e1 llevada adelante por la especialista Daniela Garc\u00eda, con la cooperaci\u00f3n de la Secretar\u00eda de Ambiente y Desarrollo Sustentable de Naci\u00f3n, tendr\u00e1 el aval del Ministerio de Educaci\u00f3n de la provincia de Tierra del Fuego mediante resoluci\u00f3n\u00a0 N\u00ba 745\/14\u00a0 y tambi\u00e9n requerir\u00e1 de inscripci\u00f3n.<br \/>\nLas inscripciones tanto para las visitas guiadas destinadas a las escuelas como para la capacitaci\u00f3n se realizar\u00e1n en la Intendencia del Parque Nacional Tierra del Fuego hasta el 10 de septiembre, de 9.30\u00a0 a 15.<\/p>\n<p>Fuente: El Diario del Fin del Mundo<\/p>\n","protected":false},"excerpt":{"rendered":"<p>Ushuaia.-Ser\u00e1 entre el 14 y el 18 de este mes, en la Casa de la Cultura de Ushuaia. Actualmente se [&hellip;]<\/p>\n","protected":false},"author":2,"featured_media":10079,"comment_status":"closed","ping_status":"closed","sticky":false,"template":"","format":"standard","meta":{"site-sidebar-layout":"default","site-content-layout":"","ast-site-content-layout":"default","site-content-style":"default","site-sidebar-style":"default","ast-global-header-display":"","ast-banner-title-visibility":"","ast-main-header-display":"","ast-hfb-above-header-display":"","ast-hfb-below-header-display":"","ast-hfb-mobile-header-display":"","site-post-title":"","ast-breadcrumbs-content":"","ast-featured-img":"","footer-sml-layout":"","ast-disable-related-posts":"","theme-transparent-header-meta":"","adv-header-id-meta":"","stick-header-meta":"","header-above-stick-meta":"","header-main-stick-meta":"","header-below-stick-meta":"","astra-migrate-meta-layouts":"default","ast-page-background-enabled":"default","ast-page-background-meta":{"desktop":{"background-color":"var(--ast-global-color-5)","background-image":"","background-repeat":"repeat","background-position":"center center","background-size":"auto","background-attachment":"scroll","background-type":"","background-media":"","overlay-type":"","overlay-color":"","overlay-opacity":"","overlay-gradient":""},"tablet":{"background-color":"","background-image":"","background-repeat":"repeat","background-position":"center center","background-size":"auto","background-attachment":"scroll","background-type":"","background-media":"","overlay-type":"","overlay-color":"","overlay-opacity":"","overlay-gradient":""},"mobile":{"background-color":"","background-image":"","background-repeat":"repeat","background-position":"center center","background-size":"auto","background-attachment":"scroll","background-type":"","background-media":"","overlay-type":"","overlay-color":"","overlay-opacity":"","overlay-gradient":""}},"ast-content-background-meta":{"desktop":{"background-color":"var(--ast-global-color-4)","background-image":"","background-repeat":"repeat","background-position":"center center","background-size":"auto","background-attachment":"scroll","background-type":"","background-media":"","overlay-type":"","overlay-color":"","overlay-opacity":"","overlay-gradient":""},"tablet":{"background-color":"var(--ast-global-color-4)","background-image":"","background-repeat":"repeat","background-position":"center center","background-size":"auto","background-attachment":"scroll","background-type":"","background-media":"","overlay-type":"","overlay-color":"","overlay-opacity":"","overlay-gradient":""},"mobile":{"background-color":"var(--ast-global-color-4)","background-image":"","background-repeat":"repeat","background-position":"center center","background-size":"auto","background-attachment":"scroll","background-type":"","background-media":"","overlay-type":"","overlay-color":"","overlay-opacity":"","overlay-gradient":""}},"footnotes":""},"categories":[1,13,25],"tags":[],"class_list":["post-13788","post","type-post","status-publish","format-standard","has-post-thumbnail","hentry","category-noticias","category-provinciales","category-tierra-del-fuego"],"yoast_head":"<!-- This site is optimized with the Yoast SEO Premium plugin v23.0 (Yoast SEO v27.4) - https:\/\/yoast.com\/product\/yoast-seo-premium-wordpress\/ -->\n<title>Parque Nacional Tierra del Fuego: presentar\u00e1n proyectos sobre Desarrollo de Actividades Sustentables<\/title>\n<meta name=\"robots\" content=\"index, follow, max-snippet:-1, max-image-preview:large, max-video-preview:-1\" \/>\n<link rel=\"canonical\" href=\"https:\/\/patagoniambiental.com.ar\/info\/parque-nacional-tierra-del-fuego-presentaran-proyectos-sobre-desarrollo-de-actividades-sustentables\/\" \/>\n<meta property=\"og:locale\" content=\"es_ES\" \/>\n<meta property=\"og:type\" content=\"article\" \/>\n<meta property=\"og:title\" content=\"Parque Nacional Tierra del Fuego: presentar\u00e1n proyectos sobre Desarrollo de Actividades Sustentables\" \/>\n<meta property=\"og:description\" content=\"Ushuaia.-Ser\u00e1 entre el 14 y el 18 de este mes, en la Casa de la Cultura de Ushuaia. Actualmente se [&hellip;]\" \/>\n<meta property=\"og:url\" content=\"https:\/\/patagoniambiental.com.ar\/info\/parque-nacional-tierra-del-fuego-presentaran-proyectos-sobre-desarrollo-de-actividades-sustentables\/\" \/>\n<meta property=\"og:site_name\" content=\"Patagonia Ambiental\" \/>\n<meta property=\"article:publisher\" content=\"https:\/\/www.facebook.com\/patagonia.ambiental\" \/>\n<meta property=\"article:author\" content=\"https:\/\/www.facebook.com\/share\/1C1V8Gv9BX\/?mibextid=qi2Omg\" \/>\n<meta property=\"article:published_time\" content=\"2015-09-03T22:00:01+00:00\" \/>\n<meta name=\"author\" content=\"Patagonia Ambiental\" \/>\n<meta name=\"twitter:card\" content=\"summary_large_image\" \/>\n<meta name=\"twitter:creator\" content=\"@PatAmb\" \/>\n<meta name=\"twitter:site\" content=\"@PatAmb\" \/>\n<script type=\"application\/ld+json\" class=\"yoast-schema-graph\">{\"@context\":\"https:\\\/\\\/schema.org\",\"@graph\":[{\"@type\":\"Article\",\"@id\":\"https:\\\/\\\/patagoniambiental.com.ar\\\/info\\\/parque-nacional-tierra-del-fuego-presentaran-proyectos-sobre-desarrollo-de-actividades-sustentables\\\/#article\",\"isPartOf\":{\"@id\":\"https:\\\/\\\/patagoniambiental.com.ar\\\/info\\\/parque-nacional-tierra-del-fuego-presentaran-proyectos-sobre-desarrollo-de-actividades-sustentables\\\/\"},\"author\":{\"name\":\"Patagonia Ambiental\",\"@id\":\"https:\\\/\\\/patagoniambiental.com.ar\\\/info\\\/#\\\/schema\\\/person\\\/db12bff64bbcbf6a253710bf0ea37b5d\"},\"headline\":\"Parque Nacional Tierra del Fuego: presentar\u00e1n proyectos sobre Desarrollo de Actividades Sustentables\",\"datePublished\":\"2015-09-03T22:00:01+00:00\",\"mainEntityOfPage\":{\"@id\":\"https:\\\/\\\/patagoniambiental.com.ar\\\/info\\\/parque-nacional-tierra-del-fuego-presentaran-proyectos-sobre-desarrollo-de-actividades-sustentables\\\/\"},\"wordCount\":549,\"publisher\":{\"@id\":\"https:\\\/\\\/patagoniambiental.com.ar\\\/info\\\/#organization\"},\"image\":{\"@id\":\"https:\\\/\\\/patagoniambiental.com.ar\\\/info\\\/parque-nacional-tierra-del-fuego-presentaran-proyectos-sobre-desarrollo-de-actividades-sustentables\\\/#primaryimage\"},\"thumbnailUrl\":\"\",\"articleSection\":[\"Noticias\",\"Provinciales\",\"Tierra del Fuego\"],\"inLanguage\":\"es\"},{\"@type\":\"WebPage\",\"@id\":\"https:\\\/\\\/patagoniambiental.com.ar\\\/info\\\/parque-nacional-tierra-del-fuego-presentaran-proyectos-sobre-desarrollo-de-actividades-sustentables\\\/\",\"url\":\"https:\\\/\\\/patagoniambiental.com.ar\\\/info\\\/parque-nacional-tierra-del-fuego-presentaran-proyectos-sobre-desarrollo-de-actividades-sustentables\\\/\",\"name\":\"Parque Nacional Tierra del Fuego: presentar\u00e1n proyectos sobre Desarrollo de Actividades Sustentables\",\"isPartOf\":{\"@id\":\"https:\\\/\\\/patagoniambiental.com.ar\\\/info\\\/#website\"},\"primaryImageOfPage\":{\"@id\":\"https:\\\/\\\/patagoniambiental.com.ar\\\/info\\\/parque-nacional-tierra-del-fuego-presentaran-proyectos-sobre-desarrollo-de-actividades-sustentables\\\/#primaryimage\"},\"image\":{\"@id\":\"https:\\\/\\\/patagoniambiental.com.ar\\\/info\\\/parque-nacional-tierra-del-fuego-presentaran-proyectos-sobre-desarrollo-de-actividades-sustentables\\\/#primaryimage\"},\"thumbnailUrl\":\"\",\"datePublished\":\"2015-09-03T22:00:01+00:00\",\"breadcrumb\":{\"@id\":\"https:\\\/\\\/patagoniambiental.com.ar\\\/info\\\/parque-nacional-tierra-del-fuego-presentaran-proyectos-sobre-desarrollo-de-actividades-sustentables\\\/#breadcrumb\"},\"inLanguage\":\"es\",\"potentialAction\":[{\"@type\":\"ReadAction\",\"target\":[\"https:\\\/\\\/patagoniambiental.com.ar\\\/info\\\/parque-nacional-tierra-del-fuego-presentaran-proyectos-sobre-desarrollo-de-actividades-sustentables\\\/\"]}]},{\"@type\":\"ImageObject\",\"inLanguage\":\"es\",\"@id\":\"https:\\\/\\\/patagoniambiental.com.ar\\\/info\\\/parque-nacional-tierra-del-fuego-presentaran-proyectos-sobre-desarrollo-de-actividades-sustentables\\\/#primaryimage\",\"url\":\"\",\"contentUrl\":\"\"},{\"@type\":\"BreadcrumbList\",\"@id\":\"https:\\\/\\\/patagoniambiental.com.ar\\\/info\\\/parque-nacional-tierra-del-fuego-presentaran-proyectos-sobre-desarrollo-de-actividades-sustentables\\\/#breadcrumb\",\"itemListElement\":[{\"@type\":\"ListItem\",\"position\":1,\"name\":\"Inicio\",\"item\":\"https:\\\/\\\/patagoniambiental.com.ar\\\/info\\\/\"},{\"@type\":\"ListItem\",\"position\":2,\"name\":\"Parque Nacional Tierra del Fuego: presentar\u00e1n proyectos sobre Desarrollo de Actividades Sustentables\"}]},{\"@type\":\"WebSite\",\"@id\":\"https:\\\/\\\/patagoniambiental.com.ar\\\/info\\\/#website\",\"url\":\"https:\\\/\\\/patagoniambiental.com.ar\\\/info\\\/\",\"name\":\"Patagonia Ambiental\",\"description\":\"Monitoreo y an\u00e1lisis de la situaci\u00f3n geopol\u00edtica en el mundo y su implicancia en la Patagonia\",\"publisher\":{\"@id\":\"https:\\\/\\\/patagoniambiental.com.ar\\\/info\\\/#organization\"},\"potentialAction\":[{\"@type\":\"SearchAction\",\"target\":{\"@type\":\"EntryPoint\",\"urlTemplate\":\"https:\\\/\\\/patagoniambiental.com.ar\\\/info\\\/?s={search_term_string}\"},\"query-input\":{\"@type\":\"PropertyValueSpecification\",\"valueRequired\":true,\"valueName\":\"search_term_string\"}}],\"inLanguage\":\"es\"},{\"@type\":\"Organization\",\"@id\":\"https:\\\/\\\/patagoniambiental.com.ar\\\/info\\\/#organization\",\"name\":\"Patagonia Ambiental\",\"url\":\"https:\\\/\\\/patagoniambiental.com.ar\\\/info\\\/\",\"logo\":{\"@type\":\"ImageObject\",\"inLanguage\":\"es\",\"@id\":\"https:\\\/\\\/patagoniambiental.com.ar\\\/info\\\/#\\\/schema\\\/logo\\\/image\\\/\",\"url\":\"https:\\\/\\\/patagoniambiental.com.ar\\\/info\\\/wp-content\\\/uploads\\\/2025\\\/05\\\/LOGO-PATAGONIA-AMBIENTAL.png\",\"contentUrl\":\"https:\\\/\\\/patagoniambiental.com.ar\\\/info\\\/wp-content\\\/uploads\\\/2025\\\/05\\\/LOGO-PATAGONIA-AMBIENTAL.png\",\"width\":433,\"height\":250,\"caption\":\"Patagonia Ambiental\"},\"image\":{\"@id\":\"https:\\\/\\\/patagoniambiental.com.ar\\\/info\\\/#\\\/schema\\\/logo\\\/image\\\/\"},\"sameAs\":[\"https:\\\/\\\/www.facebook.com\\\/patagonia.ambiental\",\"https:\\\/\\\/x.com\\\/PatAmb\"]},{\"@type\":\"Person\",\"@id\":\"https:\\\/\\\/patagoniambiental.com.ar\\\/info\\\/#\\\/schema\\\/person\\\/db12bff64bbcbf6a253710bf0ea37b5d\",\"name\":\"Patagonia Ambiental\",\"description\":\"Andr\u00e9s Nievas T\u00e9cnico en manejo ambiental, consultor Ambiental y escritor para medios locales e internacionales sobre temas de geopolitica y medio ambiente.\",\"sameAs\":[\"http:\\\/\\\/www.patagoniambiental.com.ar\",\"https:\\\/\\\/www.facebook.com\\\/share\\\/1C1V8Gv9BX\\\/?mibextid=qi2Omg\",\"@patagoniambiental\",\"https:\\\/\\\/youtube.com\\\/@patagoniaambiental2023?si=BLt58t0wuXquxlYZ\"]}]}<\/script>\n<!-- \/ Yoast SEO Premium plugin. -->","yoast_head_json":{"title":"Parque Nacional Tierra del Fuego: presentar\u00e1n proyectos sobre Desarrollo de Actividades Sustentables","robots":{"index":"index","follow":"follow","max-snippet":"max-snippet:-1","max-image-preview":"max-image-preview:large","max-video-preview":"max-video-preview:-1"},"canonical":"https:\/\/patagoniambiental.com.ar\/info\/parque-nacional-tierra-del-fuego-presentaran-proyectos-sobre-desarrollo-de-actividades-sustentables\/","og_locale":"es_ES","og_type":"article","og_title":"Parque Nacional Tierra del Fuego: presentar\u00e1n proyectos sobre Desarrollo de Actividades Sustentables","og_description":"Ushuaia.-Ser\u00e1 entre el 14 y el 18 de este mes, en la Casa de la Cultura de Ushuaia. Actualmente se [&hellip;]","og_url":"https:\/\/patagoniambiental.com.ar\/info\/parque-nacional-tierra-del-fuego-presentaran-proyectos-sobre-desarrollo-de-actividades-sustentables\/","og_site_name":"Patagonia Ambiental","article_publisher":"https:\/\/www.facebook.com\/patagonia.ambiental","article_author":"https:\/\/www.facebook.com\/share\/1C1V8Gv9BX\/?mibextid=qi2Omg","article_published_time":"2015-09-03T22:00:01+00:00","author":"Patagonia Ambiental","twitter_card":"summary_large_image","twitter_creator":"@PatAmb","twitter_site":"@PatAmb","schema":{"@context":"https:\/\/schema.org","@graph":[{"@type":"Article","@id":"https:\/\/patagoniambiental.com.ar\/info\/parque-nacional-tierra-del-fuego-presentaran-proyectos-sobre-desarrollo-de-actividades-sustentables\/#article","isPartOf":{"@id":"https:\/\/patagoniambiental.com.ar\/info\/parque-nacional-tierra-del-fuego-presentaran-proyectos-sobre-desarrollo-de-actividades-sustentables\/"},"author":{"name":"Patagonia Ambiental","@id":"https:\/\/patagoniambiental.com.ar\/info\/#\/schema\/person\/db12bff64bbcbf6a253710bf0ea37b5d"},"headline":"Parque Nacional Tierra del Fuego: presentar\u00e1n proyectos sobre Desarrollo de Actividades Sustentables","datePublished":"2015-09-03T22:00:01+00:00","mainEntityOfPage":{"@id":"https:\/\/patagoniambiental.com.ar\/info\/parque-nacional-tierra-del-fuego-presentaran-proyectos-sobre-desarrollo-de-actividades-sustentables\/"},"wordCount":549,"publisher":{"@id":"https:\/\/patagoniambiental.com.ar\/info\/#organization"},"image":{"@id":"https:\/\/patagoniambiental.com.ar\/info\/parque-nacional-tierra-del-fuego-presentaran-proyectos-sobre-desarrollo-de-actividades-sustentables\/#primaryimage"},"thumbnailUrl":"","articleSection":["Noticias","Provinciales","Tierra del Fuego"],"inLanguage":"es"},{"@type":"WebPage","@id":"https:\/\/patagoniambiental.com.ar\/info\/parque-nacional-tierra-del-fuego-presentaran-proyectos-sobre-desarrollo-de-actividades-sustentables\/","url":"https:\/\/patagoniambiental.com.ar\/info\/parque-nacional-tierra-del-fuego-presentaran-proyectos-sobre-desarrollo-de-actividades-sustentables\/","name":"Parque Nacional Tierra del Fuego: presentar\u00e1n proyectos sobre Desarrollo de Actividades Sustentables","isPartOf":{"@id":"https:\/\/patagoniambiental.com.ar\/info\/#website"},"primaryImageOfPage":{"@id":"https:\/\/patagoniambiental.com.ar\/info\/parque-nacional-tierra-del-fuego-presentaran-proyectos-sobre-desarrollo-de-actividades-sustentables\/#primaryimage"},"image":{"@id":"https:\/\/patagoniambiental.com.ar\/info\/parque-nacional-tierra-del-fuego-presentaran-proyectos-sobre-desarrollo-de-actividades-sustentables\/#primaryimage"},"thumbnailUrl":"","datePublished":"2015-09-03T22:00:01+00:00","breadcrumb":{"@id":"https:\/\/patagoniambiental.com.ar\/info\/parque-nacional-tierra-del-fuego-presentaran-proyectos-sobre-desarrollo-de-actividades-sustentables\/#breadcrumb"},"inLanguage":"es","potentialAction":[{"@type":"ReadAction","target":["https:\/\/patagoniambiental.com.ar\/info\/parque-nacional-tierra-del-fuego-presentaran-proyectos-sobre-desarrollo-de-actividades-sustentables\/"]}]},{"@type":"ImageObject","inLanguage":"es","@id":"https:\/\/patagoniambiental.com.ar\/info\/parque-nacional-tierra-del-fuego-presentaran-proyectos-sobre-desarrollo-de-actividades-sustentables\/#primaryimage","url":"","contentUrl":""},{"@type":"BreadcrumbList","@id":"https:\/\/patagoniambiental.com.ar\/info\/parque-nacional-tierra-del-fuego-presentaran-proyectos-sobre-desarrollo-de-actividades-sustentables\/#breadcrumb","itemListElement":[{"@type":"ListItem","position":1,"name":"Inicio","item":"https:\/\/patagoniambiental.com.ar\/info\/"},{"@type":"ListItem","position":2,"name":"Parque Nacional Tierra del Fuego: presentar\u00e1n proyectos sobre Desarrollo de Actividades Sustentables"}]},{"@type":"WebSite","@id":"https:\/\/patagoniambiental.com.ar\/info\/#website","url":"https:\/\/patagoniambiental.com.ar\/info\/","name":"Patagonia Ambiental","description":"Monitoreo y an\u00e1lisis de la situaci\u00f3n geopol\u00edtica en el mundo y su implicancia en la Patagonia","publisher":{"@id":"https:\/\/patagoniambiental.com.ar\/info\/#organization"},"potentialAction":[{"@type":"SearchAction","target":{"@type":"EntryPoint","urlTemplate":"https:\/\/patagoniambiental.com.ar\/info\/?s={search_term_string}"},"query-input":{"@type":"PropertyValueSpecification","valueRequired":true,"valueName":"search_term_string"}}],"inLanguage":"es"},{"@type":"Organization","@id":"https:\/\/patagoniambiental.com.ar\/info\/#organization","name":"Patagonia Ambiental","url":"https:\/\/patagoniambiental.com.ar\/info\/","logo":{"@type":"ImageObject","inLanguage":"es","@id":"https:\/\/patagoniambiental.com.ar\/info\/#\/schema\/logo\/image\/","url":"https:\/\/patagoniambiental.com.ar\/info\/wp-content\/uploads\/2025\/05\/LOGO-PATAGONIA-AMBIENTAL.png","contentUrl":"https:\/\/patagoniambiental.com.ar\/info\/wp-content\/uploads\/2025\/05\/LOGO-PATAGONIA-AMBIENTAL.png","width":433,"height":250,"caption":"Patagonia Ambiental"},"image":{"@id":"https:\/\/patagoniambiental.com.ar\/info\/#\/schema\/logo\/image\/"},"sameAs":["https:\/\/www.facebook.com\/patagonia.ambiental","https:\/\/x.com\/PatAmb"]},{"@type":"Person","@id":"https:\/\/patagoniambiental.com.ar\/info\/#\/schema\/person\/db12bff64bbcbf6a253710bf0ea37b5d","name":"Patagonia Ambiental","description":"Andr\u00e9s Nievas T\u00e9cnico en manejo ambiental, consultor Ambiental y escritor para medios locales e internacionales sobre temas de geopolitica y medio ambiente.","sameAs":["http:\/\/www.patagoniambiental.com.ar","https:\/\/www.facebook.com\/share\/1C1V8Gv9BX\/?mibextid=qi2Omg","@patagoniambiental","https:\/\/youtube.com\/@patagoniaambiental2023?si=BLt58t0wuXquxlYZ"]}]}},"_links":{"self":[{"href":"https:\/\/patagoniambiental.com.ar\/info\/wp-json\/wp\/v2\/posts\/13788","targetHints":{"allow":["GET"]}}],"collection":[{"href":"https:\/\/patagoniambiental.com.ar\/info\/wp-json\/wp\/v2\/posts"}],"about":[{"href":"https:\/\/patagoniambiental.com.ar\/info\/wp-json\/wp\/v2\/types\/post"}],"author":[{"embeddable":true,"href":"https:\/\/patagoniambiental.com.ar\/info\/wp-json\/wp\/v2\/users\/2"}],"replies":[{"embeddable":true,"href":"https:\/\/patagoniambiental.com.ar\/info\/wp-json\/wp\/v2\/comments?post=13788"}],"version-history":[{"count":0,"href":"https:\/\/patagoniambiental.com.ar\/info\/wp-json\/wp\/v2\/posts\/13788\/revisions"}],"wp:featuredmedia":[{"embeddable":true,"href":"https:\/\/patagoniambiental.com.ar\/info\/wp-json\/"}],"wp:attachment":[{"href":"https:\/\/patagoniambiental.com.ar\/info\/wp-json\/wp\/v2\/media?parent=13788"}],"wp:term":[{"taxonomy":"category","embeddable":true,"href":"https:\/\/patagoniambiental.com.ar\/info\/wp-json\/wp\/v2\/categories?post=13788"},{"taxonomy":"post_tag","embeddable":true,"href":"https:\/\/patagoniambiental.com.ar\/info\/wp-json\/wp\/v2\/tags?post=13788"}],"curies":[{"name":"wp","href":"https:\/\/api.w.org\/{rel}","templated":true}]}}