{"id":13797,"date":"2015-09-04T09:00:33","date_gmt":"2015-09-04T12:00:33","guid":{"rendered":"http:\/\/patagoniambiental.com.ar\/?p=13797"},"modified":"2015-09-04T09:00:33","modified_gmt":"2015-09-04T12:00:33","slug":"como-es-la-competencia-automovilistica-desafio-eco","status":"publish","type":"post","link":"https:\/\/patagoniambiental.com.ar\/info\/como-es-la-competencia-automovilistica-desafio-eco\/","title":{"rendered":"\u00bfC\u00f3mo es la competencia automovil\u00edstica \u201cDesaf\u00edo Eco\u201d?"},"content":{"rendered":"<p class=\"SemEpigrafesBold\">La Pampa.-El equipo de la localidad de Macach\u00edn, que prepar\u00f3 el auto ecol\u00f3gico perteneciente a la escuela t\u00e9cnica EPET N\u00ba 5, gan\u00f3 la 2da fecha disputada el pasado domingo 30 de agosto, en la ciudad de Termas de R\u00edo Hondo, provincia de Santiago del Estero.<!--more--><\/p>\n<p><a href=\"http:\/\/patagoniambiental.com.ar\/wp-content\/uploads\/2015\/09\/1.jpg\"><img fetchpriority=\"high\" decoding=\"async\" class=\"alignnone size-medium wp-image-13798\" src=\"http:\/\/patagoniambiental.com.ar\/wp-content\/uploads\/2015\/09\/1-600x398.jpg\" alt=\"1\" width=\"600\" height=\"398\" \/><\/a><\/p>\n<p>&nbsp;<\/p>\n<p>&nbsp;<\/p>\n<p>Uno de los cinco equipos pampeanos que viajaron para competir en la 2da fecha de la carrera de autos ecol\u00f3gicos disputada el pasado domingo 30 de agosto, en la ciudad de Termas de R\u00edo Hondo, provincia de Santiago del Estero, fue ganador subiendo al lugar m\u00e1s alto del podio. Se trata del equipo de la localidad de Macach\u00edn, que prepar\u00f3 el auto ecol\u00f3gico perteneciente a la escuela t\u00e9cnica EPET N\u00ba 5. Los otros cuatro \u201cteams\u201d provinciales tambi\u00e9n obtuvieron muy buenas ubicaciones: la EPET N\u00ba 1 de Santa Rosa clasific\u00f3 7\u00aa; la EPET N\u00ba 2 de General Pico 11\u00aa; la EPET N\u00ba 9 de Jacinto Arauz 25\u00aa y la EPET N\u00ba 4 de General Acha lleg\u00f3 a clasificar en el 83er puesto, lugares destacables entre un total de 108 autos participantes.<\/p>\n<p><strong>3ra fecha en La Pampa<\/strong><br \/>\nLa competencia fue la antesala de la carrera a disputarse en La Pampa el pr\u00f3ximo fin de semana del 12 y 13 de septiembre, cuando los autos ecol\u00f3gicos competir\u00e1n por primera vez en la provincia.<\/p>\n<p><strong>C\u00f3mo es la competencia<\/strong><br \/>\nEl \u201cDesaf\u00edo Eco\u201d es una competencia automovil\u00edstica, llevada a cabo por estudiantes de escuelas secundarias t\u00e9cnicas de todo el pa\u00eds, en la que los participantes dise\u00f1an y construyen, con la gu\u00eda de sus profesores y la fiscalizaci\u00f3n de t\u00e9cnicos especializados, autom\u00f3viles ecol\u00f3gicos, alimentados por bater\u00edas el\u00e9ctricas, capaces de recorrer la mayor distancia posible en un tiempo m\u00e1ximo de dos horas.<br \/>\nEl objetivo del certamen es que los participantes adquieran un aprendizaje integral que promueva la toma de conciencia del cuidado del medio ambiente, el trabajo en equipo, y la realizaci\u00f3n de pr\u00e1cticas profesionalizantes, a trav\u00e9s de las cuales los estudiantes tendr\u00e1n un contacto directo con tecnolog\u00edas que ser\u00e1n determinantes en los medios de locomoci\u00f3n del futuro y en el desarrollo industrial automotriz del pa\u00eds.<\/p>\n<p><a href=\"http:\/\/patagoniambiental.com.ar\/wp-content\/uploads\/2015\/09\/2-2.jpg\"><img decoding=\"async\" class=\"alignnone size-medium wp-image-13799\" src=\"http:\/\/patagoniambiental.com.ar\/wp-content\/uploads\/2015\/09\/2-2-600x360.jpg\" alt=\"2 (2)\" width=\"600\" height=\"360\" \/><\/a><\/p>\n<p class=\"SemEpigrafesBold\">Largada preparada en Termas de R\u00edo Hondo. El fin de semana pr\u00f3ximo del 12 y 13 de septiembre, se repetir\u00e1 la escena, pero esta vez en el Aut\u00f3dromo provincial.<\/p>\n<p><strong>Equipos y organizaci\u00f3n<\/strong><br \/>\nUna vez construidos los prototipos los estudiantes compiten entre s\u00ed en dos series clasificatorias y una carrera final. Cada escuela conforma equipos de competici\u00f3n compuestos por ocho personas (dos coordinadores docentes y seis alumnos, entre los cuales, dos son pilotos y cuatro asisten en el soporte t\u00e9cnico durante la carrera).<br \/>\nLo novedoso de esta competencia es que ganar\u00e1n aquellos que administren mejor la energ\u00eda de sus veh\u00edculos ecol\u00f3gicos. En ese sentido, se espera despertar a trav\u00e9s de esta experiencia. el inter\u00e9s, la investigaci\u00f3n y el desarrollo en tecnolog\u00edas de transportes alternativos no contaminantes en estudiantes y docentes de la modalidad t\u00e9cnica<br \/>\nDesaf\u00edo Eco es una competencia automovil\u00edstica, organizada conjuntamente con la Fundaci\u00f3n Fangio y el Autom\u00f3vil Club Argentino. Desde el a\u00f1o 2014 participa en la organizaci\u00f3n el Ministerio de Educaci\u00f3n de la Naci\u00f3n a trav\u00e9s del INET, convocando a estudiantes de escuelas secundarias t\u00e9cnicas estatales, y financiando la entrega un kit de equipamiento y documentaci\u00f3n para el campeonato.<br \/>\nEste tipo de competici\u00f3n de automovilismo ecol\u00f3gico se realiza en diferentes partes del mundo, incentivada y avalada por la Federaci\u00f3n Internacional de Automovilismo (FIA). En Argentina, el certamen inici\u00f3 su actividad en el a\u00f1o 2012 y se encuentra incorporado al calendario anual de automovilismo oficial.<br \/>\nEl certamen est\u00e1 fiscalizado y homologado por la Comisi\u00f3n Deportiva Automovil\u00edstica (CDA) del Autom\u00f3vil Club Argentino, quien posee el poder deportivo nacional automovil\u00edstico delegado por la FIA, que la faculta a organizar y fiscalizar competencias nacionales e internacionales.<\/p>\n<p class=\"SemEpigrafesBold\">\n<p class=\"SemEpigrafesBold\">\n<p class=\"SemEpigrafesBold\"><a href=\"http:\/\/patagoniambiental.com.ar\/wp-content\/uploads\/2015\/09\/eco-equipo-epet-arauz.jpg\"><img decoding=\"async\" class=\"alignnone size-medium wp-image-13800\" src=\"http:\/\/patagoniambiental.com.ar\/wp-content\/uploads\/2015\/09\/eco-equipo-epet-arauz-600x398.jpg\" alt=\"eco-equipo-epet-arauz\" width=\"600\" height=\"398\" \/><\/a><\/p>\n<p class=\"SemEpigrafesBold\">Equipo de la EPET N\u00ba 1 de Santa Rosa. En Termas terminaron s\u00e9ptimos.<\/p>\n<p><strong>La carrera de Termas<\/strong><br \/>\nEn una disputa que se extendi\u00f3 por una hora y media, con cambio de piloto y entrada a boxes, el equipo de Macach\u00edn, La Pampa, obtuvo el triunfo con un tiempo de 1h 31 m 07s, sac\u00e1ndole una muy clara ventaja al resto, ya que el segundo auto de la Escuela 460 de Rafaela, Santa Fe, lleg\u00f3 4 minutos y medio despu\u00e9s.<\/p>\n<p><strong>Clasificaci\u00f3n:<\/strong><br \/>\n-1er Premio: EPET N\u00b05. Macach\u00edn, La Pampa (auto N\u00b065).<br \/>\n-2\u00b0 Premio: Escuela 460 \u201cGuillermo Lehmann\u201d. Rafaela, Santa Fe (auto N\u00b0111).<br \/>\n-3\u00b0 Premio: EPET N\u00b01 \u201cUnesco\u201d. Posadas, Misiones (auto N\u00b074).<\/p>\n<p><strong>Premios especiales:<\/strong><br \/>\n-Premio Eco Fan: Instituto Don Orione, Ciudad aut\u00f3noma de Buenos Aires (auto N\u00b024).<br \/>\n-Premio Eco Fan: EET N\u00b01 \u201cDr. Pedro Rad\u00edo\u201d. Victoria, entre R\u00edos (auto N\u00b053)<br \/>\n-Premio Eco Fan: Centro de educaci\u00f3n t\u00e9cnica N\u00b01 \u201cAntonio S\u00e1nchez platero\u201d, Gral. Roca, R\u00edo Negro (auto N\u00b085).<br \/>\n-1\u00b0 Premio al Mejor Dise\u00f1o Sustentable: EPET N\u00b05, Macach\u00edn, La Pampa (auto N\u00b065).<br \/>\n-2\u00b0 Premio al Mejor Dise\u00f1o Sustentable: Escuela T\u00e9cnica N\u00b03, Santa Cruz (auto N\u00b0122).<\/p>\n<p>Como responsable de la competencia automovil\u00edstica particip\u00f3 el ex piloto Rub\u00e9n Daray junto a otros prestigiosos pilotos de carrera, que fueron parte del Jurado de la competencia, y autoridades del Autom\u00f3vil Club Argentino (A.C.A.) y la Fundaci\u00f3n Fangio.<br \/>\nAcompa\u00f1aron los referentes t\u00e9cnico-pol\u00edticos de las provincias de Santiago del Estero, Jos\u00e9 Alejandro P\u00edccoli; de Tucum\u00e1n, Mario \u00c1vila; de La Pampa, Silvia D\u2019Amelio; y de Salta, Diego L\u00f3pez Morillo; junto a autoridades educativas locales.<br \/>\nEn esta edici\u00f3n 2015, el certamen incluye a representantes de las 24 jurisdicciones argentinas, y de Uruguay totalizando m\u00e1s de 120 escuelas, alcanzando as\u00ed a alrededor de 1000 participantes para las 4 carreras previstas.<\/p>\n<p>&nbsp;<\/p>\n<p>&nbsp;<\/p>\n<p><a href=\"http:\/\/patagoniambiental.com.ar\/wp-content\/uploads\/2015\/09\/eco-epet-acha.jpg\"><img loading=\"lazy\" decoding=\"async\" class=\"alignnone size-medium wp-image-13801\" src=\"http:\/\/patagoniambiental.com.ar\/wp-content\/uploads\/2015\/09\/eco-epet-acha-398x600.jpg\" alt=\"eco-epet-acha\" width=\"398\" height=\"600\" \/><\/a><\/p>\n<p class=\"SemEpigrafesBold\">Equipo EPET N\u00ba 4 de General Acha.<\/p>\n<p><strong>Tercera en La Pampa<\/strong><br \/>\nHasta el momento la cantidad de carreras anunciadas para este a\u00f1o 2015 son cuatro:<\/p>\n<p>-La primera fue en el aut\u00f3dromo porte\u00f1o \u201cOscar y Juan G\u00e1lvez\u201d donde La EPET N\u00ba 5 de Macach\u00edn logr\u00f3 clasificar en 5\u00ba lugar, la EPET N\u00ba 1 de Santa Rosa alcanz\u00f3 el 12\u00ba lugar, la EPET N\u00ba 9 de Jacinto Arauz clasific\u00f3 en el puesto 26\u00ba, la EPET N\u00ba4 de General Acha qued\u00f3 en la 50\u00ba posici\u00f3n y la EPET N\u00ba 2 de General Pico en 68\u00ba lugar. (ver REGION\u00ae N\u00ba 1191).<\/p>\n<p>-La segunda fecha fue el pasado domingo 30 de agosto en Termas de R\u00edo Hondo donde el equipo pampeano de Macach\u00edn fue el ganador.<\/p>\n<p>-Y ahora viene la 3ra fecha que ser\u00e1 en el Aut\u00f3dromo Provincia de La Pampa el pr\u00f3ximo fin de semana del 12 y 13 de septiembre.<\/p>\n<p>-La 4ta fecha del calendario est\u00e1 programada para el 4 de octubre en un circuito callejero de la ciudad de Balcarce en la provincia de Buenos Aires.<\/p>\n<p><a href=\"http:\/\/patagoniambiental.com.ar\/wp-content\/uploads\/2015\/09\/eco-equipo-epet-pico.jpg\"><img loading=\"lazy\" decoding=\"async\" class=\"alignnone size-medium wp-image-13802\" src=\"http:\/\/patagoniambiental.com.ar\/wp-content\/uploads\/2015\/09\/eco-equipo-epet-pico-399x600.jpg\" alt=\"eco-equipo-epet-pico\" width=\"399\" height=\"600\" \/><\/a><\/p>\n<p>Equipo EPET N\u00ba 2 de General Pico.<\/p>\n<p><a href=\"http:\/\/patagoniambiental.com.ar\/wp-content\/uploads\/2015\/09\/eco-equipo-epet-arauz1.jpg\"><img loading=\"lazy\" decoding=\"async\" class=\"alignnone size-medium wp-image-13803\" src=\"http:\/\/patagoniambiental.com.ar\/wp-content\/uploads\/2015\/09\/eco-equipo-epet-arauz1-600x398.jpg\" alt=\"eco-equipo-epet-arauz\" width=\"600\" height=\"398\" \/><\/a><\/p>\n<p><a href=\"http:\/\/patagoniambiental.com.ar\/wp-content\/uploads\/2015\/09\/eco-foto-institucional.jpg\"><img loading=\"lazy\" decoding=\"async\" class=\"alignnone size-medium wp-image-13804\" src=\"http:\/\/patagoniambiental.com.ar\/wp-content\/uploads\/2015\/09\/eco-foto-institucional-600x259.jpg\" alt=\"eco-foto-institucional\" width=\"600\" height=\"259\" \/><\/a><\/p>\n<p>Fuente: Region<\/p>\n<p>&nbsp;<\/p>\n","protected":false},"excerpt":{"rendered":"<p>La Pampa.-El equipo de la localidad de Macach\u00edn, que prepar\u00f3 el auto ecol\u00f3gico perteneciente a la escuela t\u00e9cnica EPET N\u00ba [&hellip;]<\/p>\n","protected":false},"author":2,"featured_media":13799,"comment_status":"closed","ping_status":"closed","sticky":false,"template":"","format":"standard","meta":{"site-sidebar-layout":"default","site-content-layout":"","ast-site-content-layout":"default","site-content-style":"default","site-sidebar-style":"default","ast-global-header-display":"","ast-banner-title-visibility":"","ast-main-header-display":"","ast-hfb-above-header-display":"","ast-hfb-below-header-display":"","ast-hfb-mobile-header-display":"","site-post-title":"","ast-breadcrumbs-content":"","ast-featured-img":"","footer-sml-layout":"","ast-disable-related-posts":"","theme-transparent-header-meta":"","adv-header-id-meta":"","stick-header-meta":"","header-above-stick-meta":"","header-main-stick-meta":"","header-below-stick-meta":"","astra-migrate-meta-layouts":"default","ast-page-background-enabled":"default","ast-page-background-meta":{"desktop":{"background-color":"var(--ast-global-color-5)","background-image":"","background-repeat":"repeat","background-position":"center center","background-size":"auto","background-attachment":"scroll","background-type":"","background-media":"","overlay-type":"","overlay-color":"","overlay-opacity":"","overlay-gradient":""},"tablet":{"background-color":"","background-image":"","background-repeat":"repeat","background-position":"center center","background-size":"auto","background-attachment":"scroll","background-type":"","background-media":"","overlay-type":"","overlay-color":"","overlay-opacity":"","overlay-gradient":""},"mobile":{"background-color":"","background-image":"","background-repeat":"repeat","background-position":"center center","background-size":"auto","background-attachment":"scroll","background-type":"","background-media":"","overlay-type":"","overlay-color":"","overlay-opacity":"","overlay-gradient":""}},"ast-content-background-meta":{"desktop":{"background-color":"var(--ast-global-color-4)","background-image":"","background-repeat":"repeat","background-position":"center center","background-size":"auto","background-attachment":"scroll","background-type":"","background-media":"","overlay-type":"","overlay-color":"","overlay-opacity":"","overlay-gradient":""},"tablet":{"background-color":"var(--ast-global-color-4)","background-image":"","background-repeat":"repeat","background-position":"center center","background-size":"auto","background-attachment":"scroll","background-type":"","background-media":"","overlay-type":"","overlay-color":"","overlay-opacity":"","overlay-gradient":""},"mobile":{"background-color":"var(--ast-global-color-4)","background-image":"","background-repeat":"repeat","background-position":"center center","background-size":"auto","background-attachment":"scroll","background-type":"","background-media":"","overlay-type":"","overlay-color":"","overlay-opacity":"","overlay-gradient":""}},"footnotes":""},"categories":[59,1,13],"tags":[],"class_list":["post-13797","post","type-post","status-publish","format-standard","has-post-thumbnail","hentry","category-la-pampa","category-noticias","category-provinciales"],"yoast_head":"<!-- This site is optimized with the Yoast SEO Premium plugin v23.0 (Yoast SEO v27.4) - https:\/\/yoast.com\/product\/yoast-seo-premium-wordpress\/ -->\n<title>\u00bfC\u00f3mo es la competencia automovil\u00edstica \u201cDesaf\u00edo Eco\u201d?<\/title>\n<meta name=\"robots\" content=\"index, follow, max-snippet:-1, max-image-preview:large, max-video-preview:-1\" \/>\n<link rel=\"canonical\" href=\"https:\/\/patagoniambiental.com.ar\/info\/como-es-la-competencia-automovilistica-desafio-eco\/\" \/>\n<meta property=\"og:locale\" content=\"es_ES\" \/>\n<meta property=\"og:type\" content=\"article\" \/>\n<meta property=\"og:title\" content=\"\u00bfC\u00f3mo es la competencia automovil\u00edstica \u201cDesaf\u00edo Eco\u201d?\" \/>\n<meta property=\"og:description\" content=\"La Pampa.-El equipo de la localidad de Macach\u00edn, que prepar\u00f3 el auto ecol\u00f3gico perteneciente a la escuela t\u00e9cnica EPET N\u00ba [&hellip;]\" \/>\n<meta property=\"og:url\" content=\"https:\/\/patagoniambiental.com.ar\/info\/como-es-la-competencia-automovilistica-desafio-eco\/\" \/>\n<meta property=\"og:site_name\" content=\"Patagonia Ambiental\" \/>\n<meta property=\"article:publisher\" content=\"https:\/\/www.facebook.com\/patagonia.ambiental\" \/>\n<meta property=\"article:author\" content=\"https:\/\/www.facebook.com\/share\/1C1V8Gv9BX\/?mibextid=qi2Omg\" \/>\n<meta property=\"article:published_time\" content=\"2015-09-04T12:00:33+00:00\" \/>\n<meta name=\"author\" content=\"Patagonia Ambiental\" \/>\n<meta name=\"twitter:card\" content=\"summary_large_image\" \/>\n<meta name=\"twitter:creator\" content=\"@PatAmb\" \/>\n<meta name=\"twitter:site\" content=\"@PatAmb\" \/>\n<script type=\"application\/ld+json\" class=\"yoast-schema-graph\">{\"@context\":\"https:\\\/\\\/schema.org\",\"@graph\":[{\"@type\":\"Article\",\"@id\":\"https:\\\/\\\/patagoniambiental.com.ar\\\/info\\\/como-es-la-competencia-automovilistica-desafio-eco\\\/#article\",\"isPartOf\":{\"@id\":\"https:\\\/\\\/patagoniambiental.com.ar\\\/info\\\/como-es-la-competencia-automovilistica-desafio-eco\\\/\"},\"author\":{\"name\":\"Patagonia Ambiental\",\"@id\":\"https:\\\/\\\/patagoniambiental.com.ar\\\/info\\\/#\\\/schema\\\/person\\\/db12bff64bbcbf6a253710bf0ea37b5d\"},\"headline\":\"\u00bfC\u00f3mo es la competencia automovil\u00edstica \u201cDesaf\u00edo Eco\u201d?\",\"datePublished\":\"2015-09-04T12:00:33+00:00\",\"mainEntityOfPage\":{\"@id\":\"https:\\\/\\\/patagoniambiental.com.ar\\\/info\\\/como-es-la-competencia-automovilistica-desafio-eco\\\/\"},\"wordCount\":1169,\"publisher\":{\"@id\":\"https:\\\/\\\/patagoniambiental.com.ar\\\/info\\\/#organization\"},\"image\":{\"@id\":\"https:\\\/\\\/patagoniambiental.com.ar\\\/info\\\/como-es-la-competencia-automovilistica-desafio-eco\\\/#primaryimage\"},\"thumbnailUrl\":\"\",\"articleSection\":[\"La Pampa\",\"Noticias\",\"Provinciales\"],\"inLanguage\":\"es\"},{\"@type\":\"WebPage\",\"@id\":\"https:\\\/\\\/patagoniambiental.com.ar\\\/info\\\/como-es-la-competencia-automovilistica-desafio-eco\\\/\",\"url\":\"https:\\\/\\\/patagoniambiental.com.ar\\\/info\\\/como-es-la-competencia-automovilistica-desafio-eco\\\/\",\"name\":\"\u00bfC\u00f3mo es la competencia automovil\u00edstica \u201cDesaf\u00edo Eco\u201d?\",\"isPartOf\":{\"@id\":\"https:\\\/\\\/patagoniambiental.com.ar\\\/info\\\/#website\"},\"primaryImageOfPage\":{\"@id\":\"https:\\\/\\\/patagoniambiental.com.ar\\\/info\\\/como-es-la-competencia-automovilistica-desafio-eco\\\/#primaryimage\"},\"image\":{\"@id\":\"https:\\\/\\\/patagoniambiental.com.ar\\\/info\\\/como-es-la-competencia-automovilistica-desafio-eco\\\/#primaryimage\"},\"thumbnailUrl\":\"\",\"datePublished\":\"2015-09-04T12:00:33+00:00\",\"breadcrumb\":{\"@id\":\"https:\\\/\\\/patagoniambiental.com.ar\\\/info\\\/como-es-la-competencia-automovilistica-desafio-eco\\\/#breadcrumb\"},\"inLanguage\":\"es\",\"potentialAction\":[{\"@type\":\"ReadAction\",\"target\":[\"https:\\\/\\\/patagoniambiental.com.ar\\\/info\\\/como-es-la-competencia-automovilistica-desafio-eco\\\/\"]}]},{\"@type\":\"ImageObject\",\"inLanguage\":\"es\",\"@id\":\"https:\\\/\\\/patagoniambiental.com.ar\\\/info\\\/como-es-la-competencia-automovilistica-desafio-eco\\\/#primaryimage\",\"url\":\"\",\"contentUrl\":\"\"},{\"@type\":\"BreadcrumbList\",\"@id\":\"https:\\\/\\\/patagoniambiental.com.ar\\\/info\\\/como-es-la-competencia-automovilistica-desafio-eco\\\/#breadcrumb\",\"itemListElement\":[{\"@type\":\"ListItem\",\"position\":1,\"name\":\"Inicio\",\"item\":\"https:\\\/\\\/patagoniambiental.com.ar\\\/info\\\/\"},{\"@type\":\"ListItem\",\"position\":2,\"name\":\"\u00bfC\u00f3mo es la competencia automovil\u00edstica \u201cDesaf\u00edo Eco\u201d?\"}]},{\"@type\":\"WebSite\",\"@id\":\"https:\\\/\\\/patagoniambiental.com.ar\\\/info\\\/#website\",\"url\":\"https:\\\/\\\/patagoniambiental.com.ar\\\/info\\\/\",\"name\":\"Patagonia Ambiental\",\"description\":\"Monitoreo y an\u00e1lisis de la situaci\u00f3n geopol\u00edtica en el mundo y su implicancia en la Patagonia\",\"publisher\":{\"@id\":\"https:\\\/\\\/patagoniambiental.com.ar\\\/info\\\/#organization\"},\"potentialAction\":[{\"@type\":\"SearchAction\",\"target\":{\"@type\":\"EntryPoint\",\"urlTemplate\":\"https:\\\/\\\/patagoniambiental.com.ar\\\/info\\\/?s={search_term_string}\"},\"query-input\":{\"@type\":\"PropertyValueSpecification\",\"valueRequired\":true,\"valueName\":\"search_term_string\"}}],\"inLanguage\":\"es\"},{\"@type\":\"Organization\",\"@id\":\"https:\\\/\\\/patagoniambiental.com.ar\\\/info\\\/#organization\",\"name\":\"Patagonia Ambiental\",\"url\":\"https:\\\/\\\/patagoniambiental.com.ar\\\/info\\\/\",\"logo\":{\"@type\":\"ImageObject\",\"inLanguage\":\"es\",\"@id\":\"https:\\\/\\\/patagoniambiental.com.ar\\\/info\\\/#\\\/schema\\\/logo\\\/image\\\/\",\"url\":\"https:\\\/\\\/patagoniambiental.com.ar\\\/info\\\/wp-content\\\/uploads\\\/2025\\\/05\\\/LOGO-PATAGONIA-AMBIENTAL.png\",\"contentUrl\":\"https:\\\/\\\/patagoniambiental.com.ar\\\/info\\\/wp-content\\\/uploads\\\/2025\\\/05\\\/LOGO-PATAGONIA-AMBIENTAL.png\",\"width\":433,\"height\":250,\"caption\":\"Patagonia Ambiental\"},\"image\":{\"@id\":\"https:\\\/\\\/patagoniambiental.com.ar\\\/info\\\/#\\\/schema\\\/logo\\\/image\\\/\"},\"sameAs\":[\"https:\\\/\\\/www.facebook.com\\\/patagonia.ambiental\",\"https:\\\/\\\/x.com\\\/PatAmb\"]},{\"@type\":\"Person\",\"@id\":\"https:\\\/\\\/patagoniambiental.com.ar\\\/info\\\/#\\\/schema\\\/person\\\/db12bff64bbcbf6a253710bf0ea37b5d\",\"name\":\"Patagonia Ambiental\",\"description\":\"Andr\u00e9s Nievas T\u00e9cnico en manejo ambiental, consultor Ambiental y escritor para medios locales e internacionales sobre temas de geopolitica y medio ambiente.\",\"sameAs\":[\"http:\\\/\\\/www.patagoniambiental.com.ar\",\"https:\\\/\\\/www.facebook.com\\\/share\\\/1C1V8Gv9BX\\\/?mibextid=qi2Omg\",\"@patagoniambiental\",\"https:\\\/\\\/youtube.com\\\/@patagoniaambiental2023?si=BLt58t0wuXquxlYZ\"]}]}<\/script>\n<!-- \/ Yoast SEO Premium plugin. -->","yoast_head_json":{"title":"\u00bfC\u00f3mo es la competencia automovil\u00edstica \u201cDesaf\u00edo Eco\u201d?","robots":{"index":"index","follow":"follow","max-snippet":"max-snippet:-1","max-image-preview":"max-image-preview:large","max-video-preview":"max-video-preview:-1"},"canonical":"https:\/\/patagoniambiental.com.ar\/info\/como-es-la-competencia-automovilistica-desafio-eco\/","og_locale":"es_ES","og_type":"article","og_title":"\u00bfC\u00f3mo es la competencia automovil\u00edstica \u201cDesaf\u00edo Eco\u201d?","og_description":"La Pampa.-El equipo de la localidad de Macach\u00edn, que prepar\u00f3 el auto ecol\u00f3gico perteneciente a la escuela t\u00e9cnica EPET N\u00ba [&hellip;]","og_url":"https:\/\/patagoniambiental.com.ar\/info\/como-es-la-competencia-automovilistica-desafio-eco\/","og_site_name":"Patagonia Ambiental","article_publisher":"https:\/\/www.facebook.com\/patagonia.ambiental","article_author":"https:\/\/www.facebook.com\/share\/1C1V8Gv9BX\/?mibextid=qi2Omg","article_published_time":"2015-09-04T12:00:33+00:00","author":"Patagonia Ambiental","twitter_card":"summary_large_image","twitter_creator":"@PatAmb","twitter_site":"@PatAmb","schema":{"@context":"https:\/\/schema.org","@graph":[{"@type":"Article","@id":"https:\/\/patagoniambiental.com.ar\/info\/como-es-la-competencia-automovilistica-desafio-eco\/#article","isPartOf":{"@id":"https:\/\/patagoniambiental.com.ar\/info\/como-es-la-competencia-automovilistica-desafio-eco\/"},"author":{"name":"Patagonia Ambiental","@id":"https:\/\/patagoniambiental.com.ar\/info\/#\/schema\/person\/db12bff64bbcbf6a253710bf0ea37b5d"},"headline":"\u00bfC\u00f3mo es la competencia automovil\u00edstica \u201cDesaf\u00edo Eco\u201d?","datePublished":"2015-09-04T12:00:33+00:00","mainEntityOfPage":{"@id":"https:\/\/patagoniambiental.com.ar\/info\/como-es-la-competencia-automovilistica-desafio-eco\/"},"wordCount":1169,"publisher":{"@id":"https:\/\/patagoniambiental.com.ar\/info\/#organization"},"image":{"@id":"https:\/\/patagoniambiental.com.ar\/info\/como-es-la-competencia-automovilistica-desafio-eco\/#primaryimage"},"thumbnailUrl":"","articleSection":["La Pampa","Noticias","Provinciales"],"inLanguage":"es"},{"@type":"WebPage","@id":"https:\/\/patagoniambiental.com.ar\/info\/como-es-la-competencia-automovilistica-desafio-eco\/","url":"https:\/\/patagoniambiental.com.ar\/info\/como-es-la-competencia-automovilistica-desafio-eco\/","name":"\u00bfC\u00f3mo es la competencia automovil\u00edstica \u201cDesaf\u00edo Eco\u201d?","isPartOf":{"@id":"https:\/\/patagoniambiental.com.ar\/info\/#website"},"primaryImageOfPage":{"@id":"https:\/\/patagoniambiental.com.ar\/info\/como-es-la-competencia-automovilistica-desafio-eco\/#primaryimage"},"image":{"@id":"https:\/\/patagoniambiental.com.ar\/info\/como-es-la-competencia-automovilistica-desafio-eco\/#primaryimage"},"thumbnailUrl":"","datePublished":"2015-09-04T12:00:33+00:00","breadcrumb":{"@id":"https:\/\/patagoniambiental.com.ar\/info\/como-es-la-competencia-automovilistica-desafio-eco\/#breadcrumb"},"inLanguage":"es","potentialAction":[{"@type":"ReadAction","target":["https:\/\/patagoniambiental.com.ar\/info\/como-es-la-competencia-automovilistica-desafio-eco\/"]}]},{"@type":"ImageObject","inLanguage":"es","@id":"https:\/\/patagoniambiental.com.ar\/info\/como-es-la-competencia-automovilistica-desafio-eco\/#primaryimage","url":"","contentUrl":""},{"@type":"BreadcrumbList","@id":"https:\/\/patagoniambiental.com.ar\/info\/como-es-la-competencia-automovilistica-desafio-eco\/#breadcrumb","itemListElement":[{"@type":"ListItem","position":1,"name":"Inicio","item":"https:\/\/patagoniambiental.com.ar\/info\/"},{"@type":"ListItem","position":2,"name":"\u00bfC\u00f3mo es la competencia automovil\u00edstica \u201cDesaf\u00edo Eco\u201d?"}]},{"@type":"WebSite","@id":"https:\/\/patagoniambiental.com.ar\/info\/#website","url":"https:\/\/patagoniambiental.com.ar\/info\/","name":"Patagonia Ambiental","description":"Monitoreo y an\u00e1lisis de la situaci\u00f3n geopol\u00edtica en el mundo y su implicancia en la Patagonia","publisher":{"@id":"https:\/\/patagoniambiental.com.ar\/info\/#organization"},"potentialAction":[{"@type":"SearchAction","target":{"@type":"EntryPoint","urlTemplate":"https:\/\/patagoniambiental.com.ar\/info\/?s={search_term_string}"},"query-input":{"@type":"PropertyValueSpecification","valueRequired":true,"valueName":"search_term_string"}}],"inLanguage":"es"},{"@type":"Organization","@id":"https:\/\/patagoniambiental.com.ar\/info\/#organization","name":"Patagonia Ambiental","url":"https:\/\/patagoniambiental.com.ar\/info\/","logo":{"@type":"ImageObject","inLanguage":"es","@id":"https:\/\/patagoniambiental.com.ar\/info\/#\/schema\/logo\/image\/","url":"https:\/\/patagoniambiental.com.ar\/info\/wp-content\/uploads\/2025\/05\/LOGO-PATAGONIA-AMBIENTAL.png","contentUrl":"https:\/\/patagoniambiental.com.ar\/info\/wp-content\/uploads\/2025\/05\/LOGO-PATAGONIA-AMBIENTAL.png","width":433,"height":250,"caption":"Patagonia Ambiental"},"image":{"@id":"https:\/\/patagoniambiental.com.ar\/info\/#\/schema\/logo\/image\/"},"sameAs":["https:\/\/www.facebook.com\/patagonia.ambiental","https:\/\/x.com\/PatAmb"]},{"@type":"Person","@id":"https:\/\/patagoniambiental.com.ar\/info\/#\/schema\/person\/db12bff64bbcbf6a253710bf0ea37b5d","name":"Patagonia Ambiental","description":"Andr\u00e9s Nievas T\u00e9cnico en manejo ambiental, consultor Ambiental y escritor para medios locales e internacionales sobre temas de geopolitica y medio ambiente.","sameAs":["http:\/\/www.patagoniambiental.com.ar","https:\/\/www.facebook.com\/share\/1C1V8Gv9BX\/?mibextid=qi2Omg","@patagoniambiental","https:\/\/youtube.com\/@patagoniaambiental2023?si=BLt58t0wuXquxlYZ"]}]}},"_links":{"self":[{"href":"https:\/\/patagoniambiental.com.ar\/info\/wp-json\/wp\/v2\/posts\/13797","targetHints":{"allow":["GET"]}}],"collection":[{"href":"https:\/\/patagoniambiental.com.ar\/info\/wp-json\/wp\/v2\/posts"}],"about":[{"href":"https:\/\/patagoniambiental.com.ar\/info\/wp-json\/wp\/v2\/types\/post"}],"author":[{"embeddable":true,"href":"https:\/\/patagoniambiental.com.ar\/info\/wp-json\/wp\/v2\/users\/2"}],"replies":[{"embeddable":true,"href":"https:\/\/patagoniambiental.com.ar\/info\/wp-json\/wp\/v2\/comments?post=13797"}],"version-history":[{"count":0,"href":"https:\/\/patagoniambiental.com.ar\/info\/wp-json\/wp\/v2\/posts\/13797\/revisions"}],"wp:featuredmedia":[{"embeddable":true,"href":"https:\/\/patagoniambiental.com.ar\/info\/wp-json\/"}],"wp:attachment":[{"href":"https:\/\/patagoniambiental.com.ar\/info\/wp-json\/wp\/v2\/media?parent=13797"}],"wp:term":[{"taxonomy":"category","embeddable":true,"href":"https:\/\/patagoniambiental.com.ar\/info\/wp-json\/wp\/v2\/categories?post=13797"},{"taxonomy":"post_tag","embeddable":true,"href":"https:\/\/patagoniambiental.com.ar\/info\/wp-json\/wp\/v2\/tags?post=13797"}],"curies":[{"name":"wp","href":"https:\/\/api.w.org\/{rel}","templated":true}]}}