{"id":13899,"date":"2015-09-10T09:00:43","date_gmt":"2015-09-10T12:00:43","guid":{"rendered":"http:\/\/patagoniambiental.com.ar\/?p=13899"},"modified":"2015-09-10T09:00:43","modified_gmt":"2015-09-10T12:00:43","slug":"la-tercera-carrera-de-desafio-eco-2015-sera-en-toay-la-pampa","status":"publish","type":"post","link":"https:\/\/patagoniambiental.com.ar\/info\/la-tercera-carrera-de-desafio-eco-2015-sera-en-toay-la-pampa\/","title":{"rendered":"La tercera carrera de Desaf\u00edo Eco 2015 ser\u00e1 en Toay, La Pampa"},"content":{"rendered":"<p>Toay.-El pr\u00f3ximo domingo 13 de septiembre se realizar\u00e1 la tercera carrera de la competencia de Desaf\u00edo Eco 2015 en la que participar\u00e1n m\u00e1s de 1.000 estudiantes y docentes de escuelas secundarias t\u00e9cnicas de todo el pa\u00eds.<!--more--><\/p>\n<p>El certamen tendr\u00e1 lugar en el Aut\u00f3dromo Provincial de Toay, en la provincia de La Pampa.<\/p>\n<p>La primera carrera de este a\u00f1o tuvo sede en el Aut\u00f3dromo \u00abOscar y Juan G\u00e1lvez\u00bb de la Ciudad Aut\u00f3noma de Buenos Aires; mientras que la segunda se corri\u00f3 en el \u00abCircuito Termas de R\u00edo Hondo\u00bb, en la provincia de Santiago del Estero. Cabe se\u00f1alar que, en ambas oportunidades R\u00edo Negro fue representado por los equipos de las escuelas CET N\u00ba 21, CET N\u00ba 6 y CET N\u00ba 1, de las localidades de Catriel, Viedma y General Roca respectivamente.<\/p>\n<p>Desaf\u00edo Eco es una competencia automovil\u00edstica en la que estudiantes de escuelas secundarias t\u00e9cnicas de todo el pa\u00eds dise\u00f1an y construyen, con la gu\u00eda de sus profesores y la fiscalizaci\u00f3n de t\u00e9cnicos especializados del A.C.A, autom\u00f3viles ecol\u00f3gicos, alimentados por bater\u00edas el\u00e9ctricas, capaces de recorrer la mayor distancia posible en un tiempo m\u00e1ximo de una hora y media. Una vez construidos los prototipos, los estudiantes compiten entre s\u00ed en tres series clasificatorias y una carrera final. Lo novedoso de este certamen es que ganan aquellos que administran mejor la energ\u00eda de sus veh\u00edculos ecol\u00f3gicos.<\/p>\n<p>Docentes y estudiantes han manifestado la importancia de participar en esta experiencia en la que pueden aplicar lo aprendido a lo largo del a\u00f1o en las escuelas t\u00e9cnicas y, a su vez, expresaron la satisfacci\u00f3n de poder desarrollar autom\u00f3viles que se acercan a la tecnolog\u00eda del futuro. Todos ellos se han mostrado entusiasmados por poder competir con estudiantes de todo el pa\u00eds.<\/p>\n<p>En esta edici\u00f3n 2015, el certamen incluye a representantes de las 24 jurisdicciones argentinas y de Uruguay, totalizando m\u00e1s de 120 escuelas, alcanzando as\u00ed a m\u00e1s de mil participantes para las cuatro carreras.<\/p>\n<p>Fuente: Gobierno de Rio Negro<\/p>\n","protected":false},"excerpt":{"rendered":"<p>Toay.-El pr\u00f3ximo domingo 13 de septiembre se realizar\u00e1 la tercera carrera de la competencia de Desaf\u00edo Eco 2015 en la [&hellip;]<\/p>\n","protected":false},"author":2,"featured_media":13900,"comment_status":"closed","ping_status":"closed","sticky":false,"template":"","format":"standard","meta":{"site-sidebar-layout":"default","site-content-layout":"","ast-site-content-layout":"default","site-content-style":"default","site-sidebar-style":"default","ast-global-header-display":"","ast-banner-title-visibility":"","ast-main-header-display":"","ast-hfb-above-header-display":"","ast-hfb-below-header-display":"","ast-hfb-mobile-header-display":"","site-post-title":"","ast-breadcrumbs-content":"","ast-featured-img":"","footer-sml-layout":"","ast-disable-related-posts":"","theme-transparent-header-meta":"","adv-header-id-meta":"","stick-header-meta":"","header-above-stick-meta":"","header-main-stick-meta":"","header-below-stick-meta":"","astra-migrate-meta-layouts":"default","ast-page-background-enabled":"default","ast-page-background-meta":{"desktop":{"background-color":"var(--ast-global-color-5)","background-image":"","background-repeat":"repeat","background-position":"center center","background-size":"auto","background-attachment":"scroll","background-type":"","background-media":"","overlay-type":"","overlay-color":"","overlay-opacity":"","overlay-gradient":""},"tablet":{"background-color":"","background-image":"","background-repeat":"repeat","background-position":"center center","background-size":"auto","background-attachment":"scroll","background-type":"","background-media":"","overlay-type":"","overlay-color":"","overlay-opacity":"","overlay-gradient":""},"mobile":{"background-color":"","background-image":"","background-repeat":"repeat","background-position":"center center","background-size":"auto","background-attachment":"scroll","background-type":"","background-media":"","overlay-type":"","overlay-color":"","overlay-opacity":"","overlay-gradient":""}},"ast-content-background-meta":{"desktop":{"background-color":"var(--ast-global-color-4)","background-image":"","background-repeat":"repeat","background-position":"center center","background-size":"auto","background-attachment":"scroll","background-type":"","background-media":"","overlay-type":"","overlay-color":"","overlay-opacity":"","overlay-gradient":""},"tablet":{"background-color":"var(--ast-global-color-4)","background-image":"","background-repeat":"repeat","background-position":"center center","background-size":"auto","background-attachment":"scroll","background-type":"","background-media":"","overlay-type":"","overlay-color":"","overlay-opacity":"","overlay-gradient":""},"mobile":{"background-color":"var(--ast-global-color-4)","background-image":"","background-repeat":"repeat","background-position":"center center","background-size":"auto","background-attachment":"scroll","background-type":"","background-media":"","overlay-type":"","overlay-color":"","overlay-opacity":"","overlay-gradient":""}},"footnotes":""},"categories":[59,1,13],"tags":[],"class_list":["post-13899","post","type-post","status-publish","format-standard","has-post-thumbnail","hentry","category-la-pampa","category-noticias","category-provinciales"],"yoast_head":"<!-- This site is optimized with the Yoast SEO Premium plugin v23.0 (Yoast SEO v27.4) - https:\/\/yoast.com\/product\/yoast-seo-premium-wordpress\/ -->\n<title>La tercera carrera de Desaf\u00edo Eco 2015 ser\u00e1 en Toay, La Pampa<\/title>\n<meta name=\"robots\" content=\"index, follow, max-snippet:-1, max-image-preview:large, max-video-preview:-1\" \/>\n<link rel=\"canonical\" href=\"https:\/\/patagoniambiental.com.ar\/info\/la-tercera-carrera-de-desafio-eco-2015-sera-en-toay-la-pampa\/\" \/>\n<meta property=\"og:locale\" content=\"es_ES\" \/>\n<meta property=\"og:type\" content=\"article\" \/>\n<meta property=\"og:title\" content=\"La tercera carrera de Desaf\u00edo Eco 2015 ser\u00e1 en Toay, La Pampa\" \/>\n<meta property=\"og:description\" content=\"Toay.-El pr\u00f3ximo domingo 13 de septiembre se realizar\u00e1 la tercera carrera de la competencia de Desaf\u00edo Eco 2015 en la [&hellip;]\" \/>\n<meta property=\"og:url\" content=\"https:\/\/patagoniambiental.com.ar\/info\/la-tercera-carrera-de-desafio-eco-2015-sera-en-toay-la-pampa\/\" \/>\n<meta property=\"og:site_name\" content=\"Patagonia Ambiental\" \/>\n<meta property=\"article:publisher\" content=\"https:\/\/www.facebook.com\/patagonia.ambiental\" \/>\n<meta property=\"article:author\" content=\"https:\/\/www.facebook.com\/share\/1C1V8Gv9BX\/?mibextid=qi2Omg\" \/>\n<meta property=\"article:published_time\" content=\"2015-09-10T12:00:43+00:00\" \/>\n<meta name=\"author\" content=\"Patagonia Ambiental\" \/>\n<meta name=\"twitter:card\" content=\"summary_large_image\" \/>\n<meta name=\"twitter:creator\" content=\"@PatAmb\" \/>\n<meta name=\"twitter:site\" content=\"@PatAmb\" \/>\n<script type=\"application\/ld+json\" class=\"yoast-schema-graph\">{\"@context\":\"https:\\\/\\\/schema.org\",\"@graph\":[{\"@type\":\"Article\",\"@id\":\"https:\\\/\\\/patagoniambiental.com.ar\\\/info\\\/la-tercera-carrera-de-desafio-eco-2015-sera-en-toay-la-pampa\\\/#article\",\"isPartOf\":{\"@id\":\"https:\\\/\\\/patagoniambiental.com.ar\\\/info\\\/la-tercera-carrera-de-desafio-eco-2015-sera-en-toay-la-pampa\\\/\"},\"author\":{\"name\":\"Patagonia Ambiental\",\"@id\":\"https:\\\/\\\/patagoniambiental.com.ar\\\/info\\\/#\\\/schema\\\/person\\\/db12bff64bbcbf6a253710bf0ea37b5d\"},\"headline\":\"La tercera carrera de Desaf\u00edo Eco 2015 ser\u00e1 en Toay, La Pampa\",\"datePublished\":\"2015-09-10T12:00:43+00:00\",\"mainEntityOfPage\":{\"@id\":\"https:\\\/\\\/patagoniambiental.com.ar\\\/info\\\/la-tercera-carrera-de-desafio-eco-2015-sera-en-toay-la-pampa\\\/\"},\"wordCount\":368,\"publisher\":{\"@id\":\"https:\\\/\\\/patagoniambiental.com.ar\\\/info\\\/#organization\"},\"image\":{\"@id\":\"https:\\\/\\\/patagoniambiental.com.ar\\\/info\\\/la-tercera-carrera-de-desafio-eco-2015-sera-en-toay-la-pampa\\\/#primaryimage\"},\"thumbnailUrl\":\"\",\"articleSection\":[\"La Pampa\",\"Noticias\",\"Provinciales\"],\"inLanguage\":\"es\"},{\"@type\":\"WebPage\",\"@id\":\"https:\\\/\\\/patagoniambiental.com.ar\\\/info\\\/la-tercera-carrera-de-desafio-eco-2015-sera-en-toay-la-pampa\\\/\",\"url\":\"https:\\\/\\\/patagoniambiental.com.ar\\\/info\\\/la-tercera-carrera-de-desafio-eco-2015-sera-en-toay-la-pampa\\\/\",\"name\":\"La tercera carrera de Desaf\u00edo Eco 2015 ser\u00e1 en Toay, La Pampa\",\"isPartOf\":{\"@id\":\"https:\\\/\\\/patagoniambiental.com.ar\\\/info\\\/#website\"},\"primaryImageOfPage\":{\"@id\":\"https:\\\/\\\/patagoniambiental.com.ar\\\/info\\\/la-tercera-carrera-de-desafio-eco-2015-sera-en-toay-la-pampa\\\/#primaryimage\"},\"image\":{\"@id\":\"https:\\\/\\\/patagoniambiental.com.ar\\\/info\\\/la-tercera-carrera-de-desafio-eco-2015-sera-en-toay-la-pampa\\\/#primaryimage\"},\"thumbnailUrl\":\"\",\"datePublished\":\"2015-09-10T12:00:43+00:00\",\"breadcrumb\":{\"@id\":\"https:\\\/\\\/patagoniambiental.com.ar\\\/info\\\/la-tercera-carrera-de-desafio-eco-2015-sera-en-toay-la-pampa\\\/#breadcrumb\"},\"inLanguage\":\"es\",\"potentialAction\":[{\"@type\":\"ReadAction\",\"target\":[\"https:\\\/\\\/patagoniambiental.com.ar\\\/info\\\/la-tercera-carrera-de-desafio-eco-2015-sera-en-toay-la-pampa\\\/\"]}]},{\"@type\":\"ImageObject\",\"inLanguage\":\"es\",\"@id\":\"https:\\\/\\\/patagoniambiental.com.ar\\\/info\\\/la-tercera-carrera-de-desafio-eco-2015-sera-en-toay-la-pampa\\\/#primaryimage\",\"url\":\"\",\"contentUrl\":\"\"},{\"@type\":\"BreadcrumbList\",\"@id\":\"https:\\\/\\\/patagoniambiental.com.ar\\\/info\\\/la-tercera-carrera-de-desafio-eco-2015-sera-en-toay-la-pampa\\\/#breadcrumb\",\"itemListElement\":[{\"@type\":\"ListItem\",\"position\":1,\"name\":\"Inicio\",\"item\":\"https:\\\/\\\/patagoniambiental.com.ar\\\/info\\\/\"},{\"@type\":\"ListItem\",\"position\":2,\"name\":\"La tercera carrera de Desaf\u00edo Eco 2015 ser\u00e1 en Toay, La Pampa\"}]},{\"@type\":\"WebSite\",\"@id\":\"https:\\\/\\\/patagoniambiental.com.ar\\\/info\\\/#website\",\"url\":\"https:\\\/\\\/patagoniambiental.com.ar\\\/info\\\/\",\"name\":\"Patagonia Ambiental\",\"description\":\"Monitoreo y an\u00e1lisis de la situaci\u00f3n geopol\u00edtica en el mundo y su implicancia en la Patagonia\",\"publisher\":{\"@id\":\"https:\\\/\\\/patagoniambiental.com.ar\\\/info\\\/#organization\"},\"potentialAction\":[{\"@type\":\"SearchAction\",\"target\":{\"@type\":\"EntryPoint\",\"urlTemplate\":\"https:\\\/\\\/patagoniambiental.com.ar\\\/info\\\/?s={search_term_string}\"},\"query-input\":{\"@type\":\"PropertyValueSpecification\",\"valueRequired\":true,\"valueName\":\"search_term_string\"}}],\"inLanguage\":\"es\"},{\"@type\":\"Organization\",\"@id\":\"https:\\\/\\\/patagoniambiental.com.ar\\\/info\\\/#organization\",\"name\":\"Patagonia Ambiental\",\"url\":\"https:\\\/\\\/patagoniambiental.com.ar\\\/info\\\/\",\"logo\":{\"@type\":\"ImageObject\",\"inLanguage\":\"es\",\"@id\":\"https:\\\/\\\/patagoniambiental.com.ar\\\/info\\\/#\\\/schema\\\/logo\\\/image\\\/\",\"url\":\"https:\\\/\\\/patagoniambiental.com.ar\\\/info\\\/wp-content\\\/uploads\\\/2025\\\/05\\\/LOGO-PATAGONIA-AMBIENTAL.png\",\"contentUrl\":\"https:\\\/\\\/patagoniambiental.com.ar\\\/info\\\/wp-content\\\/uploads\\\/2025\\\/05\\\/LOGO-PATAGONIA-AMBIENTAL.png\",\"width\":433,\"height\":250,\"caption\":\"Patagonia Ambiental\"},\"image\":{\"@id\":\"https:\\\/\\\/patagoniambiental.com.ar\\\/info\\\/#\\\/schema\\\/logo\\\/image\\\/\"},\"sameAs\":[\"https:\\\/\\\/www.facebook.com\\\/patagonia.ambiental\",\"https:\\\/\\\/x.com\\\/PatAmb\"]},{\"@type\":\"Person\",\"@id\":\"https:\\\/\\\/patagoniambiental.com.ar\\\/info\\\/#\\\/schema\\\/person\\\/db12bff64bbcbf6a253710bf0ea37b5d\",\"name\":\"Patagonia Ambiental\",\"description\":\"Andr\u00e9s Nievas T\u00e9cnico en manejo ambiental, consultor Ambiental y escritor para medios locales e internacionales sobre temas de geopolitica y medio ambiente.\",\"sameAs\":[\"http:\\\/\\\/www.patagoniambiental.com.ar\",\"https:\\\/\\\/www.facebook.com\\\/share\\\/1C1V8Gv9BX\\\/?mibextid=qi2Omg\",\"@patagoniambiental\",\"https:\\\/\\\/youtube.com\\\/@patagoniaambiental2023?si=BLt58t0wuXquxlYZ\"]}]}<\/script>\n<!-- \/ Yoast SEO Premium plugin. -->","yoast_head_json":{"title":"La tercera carrera de Desaf\u00edo Eco 2015 ser\u00e1 en Toay, La Pampa","robots":{"index":"index","follow":"follow","max-snippet":"max-snippet:-1","max-image-preview":"max-image-preview:large","max-video-preview":"max-video-preview:-1"},"canonical":"https:\/\/patagoniambiental.com.ar\/info\/la-tercera-carrera-de-desafio-eco-2015-sera-en-toay-la-pampa\/","og_locale":"es_ES","og_type":"article","og_title":"La tercera carrera de Desaf\u00edo Eco 2015 ser\u00e1 en Toay, La Pampa","og_description":"Toay.-El pr\u00f3ximo domingo 13 de septiembre se realizar\u00e1 la tercera carrera de la competencia de Desaf\u00edo Eco 2015 en la [&hellip;]","og_url":"https:\/\/patagoniambiental.com.ar\/info\/la-tercera-carrera-de-desafio-eco-2015-sera-en-toay-la-pampa\/","og_site_name":"Patagonia Ambiental","article_publisher":"https:\/\/www.facebook.com\/patagonia.ambiental","article_author":"https:\/\/www.facebook.com\/share\/1C1V8Gv9BX\/?mibextid=qi2Omg","article_published_time":"2015-09-10T12:00:43+00:00","author":"Patagonia Ambiental","twitter_card":"summary_large_image","twitter_creator":"@PatAmb","twitter_site":"@PatAmb","schema":{"@context":"https:\/\/schema.org","@graph":[{"@type":"Article","@id":"https:\/\/patagoniambiental.com.ar\/info\/la-tercera-carrera-de-desafio-eco-2015-sera-en-toay-la-pampa\/#article","isPartOf":{"@id":"https:\/\/patagoniambiental.com.ar\/info\/la-tercera-carrera-de-desafio-eco-2015-sera-en-toay-la-pampa\/"},"author":{"name":"Patagonia Ambiental","@id":"https:\/\/patagoniambiental.com.ar\/info\/#\/schema\/person\/db12bff64bbcbf6a253710bf0ea37b5d"},"headline":"La tercera carrera de Desaf\u00edo Eco 2015 ser\u00e1 en Toay, La Pampa","datePublished":"2015-09-10T12:00:43+00:00","mainEntityOfPage":{"@id":"https:\/\/patagoniambiental.com.ar\/info\/la-tercera-carrera-de-desafio-eco-2015-sera-en-toay-la-pampa\/"},"wordCount":368,"publisher":{"@id":"https:\/\/patagoniambiental.com.ar\/info\/#organization"},"image":{"@id":"https:\/\/patagoniambiental.com.ar\/info\/la-tercera-carrera-de-desafio-eco-2015-sera-en-toay-la-pampa\/#primaryimage"},"thumbnailUrl":"","articleSection":["La Pampa","Noticias","Provinciales"],"inLanguage":"es"},{"@type":"WebPage","@id":"https:\/\/patagoniambiental.com.ar\/info\/la-tercera-carrera-de-desafio-eco-2015-sera-en-toay-la-pampa\/","url":"https:\/\/patagoniambiental.com.ar\/info\/la-tercera-carrera-de-desafio-eco-2015-sera-en-toay-la-pampa\/","name":"La tercera carrera de Desaf\u00edo Eco 2015 ser\u00e1 en Toay, La Pampa","isPartOf":{"@id":"https:\/\/patagoniambiental.com.ar\/info\/#website"},"primaryImageOfPage":{"@id":"https:\/\/patagoniambiental.com.ar\/info\/la-tercera-carrera-de-desafio-eco-2015-sera-en-toay-la-pampa\/#primaryimage"},"image":{"@id":"https:\/\/patagoniambiental.com.ar\/info\/la-tercera-carrera-de-desafio-eco-2015-sera-en-toay-la-pampa\/#primaryimage"},"thumbnailUrl":"","datePublished":"2015-09-10T12:00:43+00:00","breadcrumb":{"@id":"https:\/\/patagoniambiental.com.ar\/info\/la-tercera-carrera-de-desafio-eco-2015-sera-en-toay-la-pampa\/#breadcrumb"},"inLanguage":"es","potentialAction":[{"@type":"ReadAction","target":["https:\/\/patagoniambiental.com.ar\/info\/la-tercera-carrera-de-desafio-eco-2015-sera-en-toay-la-pampa\/"]}]},{"@type":"ImageObject","inLanguage":"es","@id":"https:\/\/patagoniambiental.com.ar\/info\/la-tercera-carrera-de-desafio-eco-2015-sera-en-toay-la-pampa\/#primaryimage","url":"","contentUrl":""},{"@type":"BreadcrumbList","@id":"https:\/\/patagoniambiental.com.ar\/info\/la-tercera-carrera-de-desafio-eco-2015-sera-en-toay-la-pampa\/#breadcrumb","itemListElement":[{"@type":"ListItem","position":1,"name":"Inicio","item":"https:\/\/patagoniambiental.com.ar\/info\/"},{"@type":"ListItem","position":2,"name":"La tercera carrera de Desaf\u00edo Eco 2015 ser\u00e1 en Toay, La Pampa"}]},{"@type":"WebSite","@id":"https:\/\/patagoniambiental.com.ar\/info\/#website","url":"https:\/\/patagoniambiental.com.ar\/info\/","name":"Patagonia Ambiental","description":"Monitoreo y an\u00e1lisis de la situaci\u00f3n geopol\u00edtica en el mundo y su implicancia en la Patagonia","publisher":{"@id":"https:\/\/patagoniambiental.com.ar\/info\/#organization"},"potentialAction":[{"@type":"SearchAction","target":{"@type":"EntryPoint","urlTemplate":"https:\/\/patagoniambiental.com.ar\/info\/?s={search_term_string}"},"query-input":{"@type":"PropertyValueSpecification","valueRequired":true,"valueName":"search_term_string"}}],"inLanguage":"es"},{"@type":"Organization","@id":"https:\/\/patagoniambiental.com.ar\/info\/#organization","name":"Patagonia Ambiental","url":"https:\/\/patagoniambiental.com.ar\/info\/","logo":{"@type":"ImageObject","inLanguage":"es","@id":"https:\/\/patagoniambiental.com.ar\/info\/#\/schema\/logo\/image\/","url":"https:\/\/patagoniambiental.com.ar\/info\/wp-content\/uploads\/2025\/05\/LOGO-PATAGONIA-AMBIENTAL.png","contentUrl":"https:\/\/patagoniambiental.com.ar\/info\/wp-content\/uploads\/2025\/05\/LOGO-PATAGONIA-AMBIENTAL.png","width":433,"height":250,"caption":"Patagonia Ambiental"},"image":{"@id":"https:\/\/patagoniambiental.com.ar\/info\/#\/schema\/logo\/image\/"},"sameAs":["https:\/\/www.facebook.com\/patagonia.ambiental","https:\/\/x.com\/PatAmb"]},{"@type":"Person","@id":"https:\/\/patagoniambiental.com.ar\/info\/#\/schema\/person\/db12bff64bbcbf6a253710bf0ea37b5d","name":"Patagonia Ambiental","description":"Andr\u00e9s Nievas T\u00e9cnico en manejo ambiental, consultor Ambiental y escritor para medios locales e internacionales sobre temas de geopolitica y medio ambiente.","sameAs":["http:\/\/www.patagoniambiental.com.ar","https:\/\/www.facebook.com\/share\/1C1V8Gv9BX\/?mibextid=qi2Omg","@patagoniambiental","https:\/\/youtube.com\/@patagoniaambiental2023?si=BLt58t0wuXquxlYZ"]}]}},"_links":{"self":[{"href":"https:\/\/patagoniambiental.com.ar\/info\/wp-json\/wp\/v2\/posts\/13899","targetHints":{"allow":["GET"]}}],"collection":[{"href":"https:\/\/patagoniambiental.com.ar\/info\/wp-json\/wp\/v2\/posts"}],"about":[{"href":"https:\/\/patagoniambiental.com.ar\/info\/wp-json\/wp\/v2\/types\/post"}],"author":[{"embeddable":true,"href":"https:\/\/patagoniambiental.com.ar\/info\/wp-json\/wp\/v2\/users\/2"}],"replies":[{"embeddable":true,"href":"https:\/\/patagoniambiental.com.ar\/info\/wp-json\/wp\/v2\/comments?post=13899"}],"version-history":[{"count":0,"href":"https:\/\/patagoniambiental.com.ar\/info\/wp-json\/wp\/v2\/posts\/13899\/revisions"}],"wp:featuredmedia":[{"embeddable":true,"href":"https:\/\/patagoniambiental.com.ar\/info\/wp-json\/"}],"wp:attachment":[{"href":"https:\/\/patagoniambiental.com.ar\/info\/wp-json\/wp\/v2\/media?parent=13899"}],"wp:term":[{"taxonomy":"category","embeddable":true,"href":"https:\/\/patagoniambiental.com.ar\/info\/wp-json\/wp\/v2\/categories?post=13899"},{"taxonomy":"post_tag","embeddable":true,"href":"https:\/\/patagoniambiental.com.ar\/info\/wp-json\/wp\/v2\/tags?post=13899"}],"curies":[{"name":"wp","href":"https:\/\/api.w.org\/{rel}","templated":true}]}}