{"id":13944,"date":"2015-09-11T09:00:28","date_gmt":"2015-09-11T12:00:28","guid":{"rendered":"http:\/\/patagoniambiental.com.ar\/?p=13944"},"modified":"2015-09-11T09:00:28","modified_gmt":"2015-09-11T12:00:28","slug":"el-ente-patagonia-se-reunio-en-san-martin-de-los-andes","status":"publish","type":"post","link":"https:\/\/patagoniambiental.com.ar\/info\/el-ente-patagonia-se-reunio-en-san-martin-de-los-andes\/","title":{"rendered":"El Ente Patagonia se reuni\u00f3 en San Mart\u00edn de los Andes"},"content":{"rendered":"<p class=\"SemEpigrafesBold\">San Mart\u00edn de los Andes.-Con la premisa de trabajar de cara a la pr\u00f3xima temporada estival, las m\u00e1ximas autoridades de las provincias patag\u00f3nicas se reunieron en la ciudad cordillerana.<!--more--> Tambi\u00e9n se presentaron las autoridades entrantes del gobierno local.<\/p>\n<p>El \u201cEnte Patagonia\u201d se reuni\u00f3 el pasado mi\u00e9rcoles 9 de septiembre en San Mart\u00edn de los Andes, para analizar la actualidad del sector en la regi\u00f3n, y evaluar el calendario de ferias nacionales e internacionales y las pr\u00f3ximas acciones de cara a la pr\u00f3xima temporada estival.<\/p>\n<p><strong>Temario<\/strong><br \/>\nSeg\u00fan se inform\u00f3 desde la comisi\u00f3n directiva, el temario del encuentro abarc\u00f3 la presentaci\u00f3n de la situaci\u00f3n financiera, un informe sobre el funcionamiento actual y futuro del Ente, un repaso a la propuesta de Plan de Marketing con un balance de las gestiones realizadas y el calendario de Ferias Nacionales e Internacionales en las cuales se participar\u00e1 durante la \u00faltima parte del a\u00f1o. Asimismo, se trabaj\u00f3 en la conformaci\u00f3n de un plan que incluye diversas acciones de cara a la pr\u00f3xima temporada de verano.<\/p>\n<p><strong>Nuevas autoridades<\/strong><br \/>\nPor otra parte, la reuni\u00f3n fue el marco para la presentaci\u00f3n de las nuevas autoridades de la ciudad de San Mart\u00edn de los Andes quienes asumir\u00e1n su cargo el pr\u00f3ximo 10 de diciembre. \u201cEl turismo es el pasaporte a la paz\u201d, dijo la intendente electa, Brunilda Rebolledo, quien manifest\u00f3 la necesidad de que la actividad tur\u00edstica sea transversal a todas las acciones de su gobierno entendiendo que es el principal motor econ\u00f3mico y social que tiene la ciudad cordillerana. En ese marco, se present\u00f3 tambi\u00e9n al pr\u00f3ximo secretario de Turismo, Esteban Bosch.<\/p>\n<p><a href=\"http:\/\/patagoniambiental.com.ar\/wp-content\/uploads\/2015\/09\/amse-ente-san-martin.jpg\"><img fetchpriority=\"high\" decoding=\"async\" class=\"alignnone size-medium wp-image-13945\" src=\"http:\/\/patagoniambiental.com.ar\/wp-content\/uploads\/2015\/09\/amse-ente-san-martin-600x400.jpg\" alt=\"amse-ente-san-martin\" width=\"600\" height=\"400\" \/><\/a><\/p>\n<p class=\"SemEpigrafesBold\">La reuni\u00f3n estuvo presidida por Santiago Ams\u00e9, secretario de Turismo de la provincia de La Pampa, que junto a las provincias de Neuqu\u00e9n, R\u00edo Negro, Chubut, Santa Cruz y Tierra del Fuego, Ant\u00e1rtida e Islas del Atl\u00e1ntico Sur, conforman el Ente Regional Oficial de Turismo Patagonia.<\/p>\n<p><strong>Presidi\u00f3 Ams\u00e9<\/strong><br \/>\nLa reuni\u00f3n estuvo presidida por Santiago Ams\u00e9, secretario de Turismo de la provincia de La Pampa.<br \/>\nTambi\u00e9n estuvieron presente la Lic. Beatriz Villalalobos, subsecretaria de la provincia de Neuqu\u00e9n; Sergio Sciacchitano, subsecretario de San Mart\u00edn de los Andes; Silvina Arrieta, secretaria de Turismo de R\u00edo Negro; Mat\u00edas Sket, secretario de Turismo de Tierra del Fuego, Ant\u00e1rtida e Islas del Atl\u00e1ntico Sur y representantes tur\u00edsticos de Santa Cruz y Chubut.<br \/>\nEl Ente Regional Oficial de Turismo Patagonia, es desde hace m\u00e1s de 40 a\u00f1os el \u00e1mbito de trabajo para promover y coordinar la actividad tur\u00edstica de la regi\u00f3n, por lo tanto desde este \u00f3rgano se presentan las herramientas para desarrollar un plan de trabajo para la toma de decisiones de las pol\u00edticas tur\u00edsticas generales en la Patagonia. El ente comenz\u00f3 sus actividades en el a\u00f1o 1969 y se encuentra integrado por los Organismos Oficiales de Turismo de las provincias de La Pampa, Neuqu\u00e9n, R\u00edo Negro, Chubut, Santa Cruz y Tierra del Fuego, Ant\u00e1rtida e Islas del Atl\u00e1ntico Sur.<\/p>\n<p>Fuente: Regi\u00f3n<\/p>\n","protected":false},"excerpt":{"rendered":"<p>San Mart\u00edn de los Andes.-Con la premisa de trabajar de cara a la pr\u00f3xima temporada estival, las m\u00e1ximas autoridades de [&hellip;]<\/p>\n","protected":false},"author":2,"featured_media":13946,"comment_status":"closed","ping_status":"closed","sticky":false,"template":"","format":"standard","meta":{"site-sidebar-layout":"default","site-content-layout":"","ast-site-content-layout":"default","site-content-style":"default","site-sidebar-style":"default","ast-global-header-display":"","ast-banner-title-visibility":"","ast-main-header-display":"","ast-hfb-above-header-display":"","ast-hfb-below-header-display":"","ast-hfb-mobile-header-display":"","site-post-title":"","ast-breadcrumbs-content":"","ast-featured-img":"","footer-sml-layout":"","ast-disable-related-posts":"","theme-transparent-header-meta":"","adv-header-id-meta":"","stick-header-meta":"","header-above-stick-meta":"","header-main-stick-meta":"","header-below-stick-meta":"","astra-migrate-meta-layouts":"default","ast-page-background-enabled":"default","ast-page-background-meta":{"desktop":{"background-color":"var(--ast-global-color-5)","background-image":"","background-repeat":"repeat","background-position":"center center","background-size":"auto","background-attachment":"scroll","background-type":"","background-media":"","overlay-type":"","overlay-color":"","overlay-opacity":"","overlay-gradient":""},"tablet":{"background-color":"","background-image":"","background-repeat":"repeat","background-position":"center center","background-size":"auto","background-attachment":"scroll","background-type":"","background-media":"","overlay-type":"","overlay-color":"","overlay-opacity":"","overlay-gradient":""},"mobile":{"background-color":"","background-image":"","background-repeat":"repeat","background-position":"center center","background-size":"auto","background-attachment":"scroll","background-type":"","background-media":"","overlay-type":"","overlay-color":"","overlay-opacity":"","overlay-gradient":""}},"ast-content-background-meta":{"desktop":{"background-color":"var(--ast-global-color-4)","background-image":"","background-repeat":"repeat","background-position":"center center","background-size":"auto","background-attachment":"scroll","background-type":"","background-media":"","overlay-type":"","overlay-color":"","overlay-opacity":"","overlay-gradient":""},"tablet":{"background-color":"var(--ast-global-color-4)","background-image":"","background-repeat":"repeat","background-position":"center center","background-size":"auto","background-attachment":"scroll","background-type":"","background-media":"","overlay-type":"","overlay-color":"","overlay-opacity":"","overlay-gradient":""},"mobile":{"background-color":"var(--ast-global-color-4)","background-image":"","background-repeat":"repeat","background-position":"center center","background-size":"auto","background-attachment":"scroll","background-type":"","background-media":"","overlay-type":"","overlay-color":"","overlay-opacity":"","overlay-gradient":""}},"footnotes":""},"categories":[18,1,13],"tags":[],"class_list":["post-13944","post","type-post","status-publish","format-standard","has-post-thumbnail","hentry","category-neuquen","category-noticias","category-provinciales"],"yoast_head":"<!-- This site is optimized with the Yoast SEO Premium plugin v23.0 (Yoast SEO v27.4) - https:\/\/yoast.com\/product\/yoast-seo-premium-wordpress\/ -->\n<title>El Ente Patagonia se reuni\u00f3 en San Mart\u00edn de los Andes<\/title>\n<meta name=\"robots\" content=\"index, follow, max-snippet:-1, max-image-preview:large, max-video-preview:-1\" \/>\n<link rel=\"canonical\" href=\"https:\/\/patagoniambiental.com.ar\/info\/el-ente-patagonia-se-reunio-en-san-martin-de-los-andes\/\" \/>\n<meta property=\"og:locale\" content=\"es_ES\" \/>\n<meta property=\"og:type\" content=\"article\" \/>\n<meta property=\"og:title\" content=\"El Ente Patagonia se reuni\u00f3 en San Mart\u00edn de los Andes\" \/>\n<meta property=\"og:description\" content=\"San Mart\u00edn de los Andes.-Con la premisa de trabajar de cara a la pr\u00f3xima temporada estival, las m\u00e1ximas autoridades de [&hellip;]\" \/>\n<meta property=\"og:url\" content=\"https:\/\/patagoniambiental.com.ar\/info\/el-ente-patagonia-se-reunio-en-san-martin-de-los-andes\/\" \/>\n<meta property=\"og:site_name\" content=\"Patagonia Ambiental\" \/>\n<meta property=\"article:publisher\" content=\"https:\/\/www.facebook.com\/patagonia.ambiental\" \/>\n<meta property=\"article:author\" content=\"https:\/\/www.facebook.com\/share\/1C1V8Gv9BX\/?mibextid=qi2Omg\" \/>\n<meta property=\"article:published_time\" content=\"2015-09-11T12:00:28+00:00\" \/>\n<meta name=\"author\" content=\"Patagonia Ambiental\" \/>\n<meta name=\"twitter:card\" content=\"summary_large_image\" \/>\n<meta name=\"twitter:creator\" content=\"@PatAmb\" \/>\n<meta name=\"twitter:site\" content=\"@PatAmb\" \/>\n<script type=\"application\/ld+json\" class=\"yoast-schema-graph\">{\"@context\":\"https:\\\/\\\/schema.org\",\"@graph\":[{\"@type\":\"Article\",\"@id\":\"https:\\\/\\\/patagoniambiental.com.ar\\\/info\\\/el-ente-patagonia-se-reunio-en-san-martin-de-los-andes\\\/#article\",\"isPartOf\":{\"@id\":\"https:\\\/\\\/patagoniambiental.com.ar\\\/info\\\/el-ente-patagonia-se-reunio-en-san-martin-de-los-andes\\\/\"},\"author\":{\"name\":\"Patagonia Ambiental\",\"@id\":\"https:\\\/\\\/patagoniambiental.com.ar\\\/info\\\/#\\\/schema\\\/person\\\/db12bff64bbcbf6a253710bf0ea37b5d\"},\"headline\":\"El Ente Patagonia se reuni\u00f3 en San Mart\u00edn de los Andes\",\"datePublished\":\"2015-09-11T12:00:28+00:00\",\"mainEntityOfPage\":{\"@id\":\"https:\\\/\\\/patagoniambiental.com.ar\\\/info\\\/el-ente-patagonia-se-reunio-en-san-martin-de-los-andes\\\/\"},\"wordCount\":541,\"publisher\":{\"@id\":\"https:\\\/\\\/patagoniambiental.com.ar\\\/info\\\/#organization\"},\"image\":{\"@id\":\"https:\\\/\\\/patagoniambiental.com.ar\\\/info\\\/el-ente-patagonia-se-reunio-en-san-martin-de-los-andes\\\/#primaryimage\"},\"thumbnailUrl\":\"\",\"articleSection\":[\"Neuqu\u00e9n\",\"Noticias\",\"Provinciales\"],\"inLanguage\":\"es\"},{\"@type\":\"WebPage\",\"@id\":\"https:\\\/\\\/patagoniambiental.com.ar\\\/info\\\/el-ente-patagonia-se-reunio-en-san-martin-de-los-andes\\\/\",\"url\":\"https:\\\/\\\/patagoniambiental.com.ar\\\/info\\\/el-ente-patagonia-se-reunio-en-san-martin-de-los-andes\\\/\",\"name\":\"El Ente Patagonia se reuni\u00f3 en San Mart\u00edn de los Andes\",\"isPartOf\":{\"@id\":\"https:\\\/\\\/patagoniambiental.com.ar\\\/info\\\/#website\"},\"primaryImageOfPage\":{\"@id\":\"https:\\\/\\\/patagoniambiental.com.ar\\\/info\\\/el-ente-patagonia-se-reunio-en-san-martin-de-los-andes\\\/#primaryimage\"},\"image\":{\"@id\":\"https:\\\/\\\/patagoniambiental.com.ar\\\/info\\\/el-ente-patagonia-se-reunio-en-san-martin-de-los-andes\\\/#primaryimage\"},\"thumbnailUrl\":\"\",\"datePublished\":\"2015-09-11T12:00:28+00:00\",\"breadcrumb\":{\"@id\":\"https:\\\/\\\/patagoniambiental.com.ar\\\/info\\\/el-ente-patagonia-se-reunio-en-san-martin-de-los-andes\\\/#breadcrumb\"},\"inLanguage\":\"es\",\"potentialAction\":[{\"@type\":\"ReadAction\",\"target\":[\"https:\\\/\\\/patagoniambiental.com.ar\\\/info\\\/el-ente-patagonia-se-reunio-en-san-martin-de-los-andes\\\/\"]}]},{\"@type\":\"ImageObject\",\"inLanguage\":\"es\",\"@id\":\"https:\\\/\\\/patagoniambiental.com.ar\\\/info\\\/el-ente-patagonia-se-reunio-en-san-martin-de-los-andes\\\/#primaryimage\",\"url\":\"\",\"contentUrl\":\"\"},{\"@type\":\"BreadcrumbList\",\"@id\":\"https:\\\/\\\/patagoniambiental.com.ar\\\/info\\\/el-ente-patagonia-se-reunio-en-san-martin-de-los-andes\\\/#breadcrumb\",\"itemListElement\":[{\"@type\":\"ListItem\",\"position\":1,\"name\":\"Inicio\",\"item\":\"https:\\\/\\\/patagoniambiental.com.ar\\\/info\\\/\"},{\"@type\":\"ListItem\",\"position\":2,\"name\":\"El Ente Patagonia se reuni\u00f3 en San Mart\u00edn de los Andes\"}]},{\"@type\":\"WebSite\",\"@id\":\"https:\\\/\\\/patagoniambiental.com.ar\\\/info\\\/#website\",\"url\":\"https:\\\/\\\/patagoniambiental.com.ar\\\/info\\\/\",\"name\":\"Patagonia Ambiental\",\"description\":\"Monitoreo y an\u00e1lisis de la situaci\u00f3n geopol\u00edtica en el mundo y su implicancia en la Patagonia\",\"publisher\":{\"@id\":\"https:\\\/\\\/patagoniambiental.com.ar\\\/info\\\/#organization\"},\"potentialAction\":[{\"@type\":\"SearchAction\",\"target\":{\"@type\":\"EntryPoint\",\"urlTemplate\":\"https:\\\/\\\/patagoniambiental.com.ar\\\/info\\\/?s={search_term_string}\"},\"query-input\":{\"@type\":\"PropertyValueSpecification\",\"valueRequired\":true,\"valueName\":\"search_term_string\"}}],\"inLanguage\":\"es\"},{\"@type\":\"Organization\",\"@id\":\"https:\\\/\\\/patagoniambiental.com.ar\\\/info\\\/#organization\",\"name\":\"Patagonia Ambiental\",\"url\":\"https:\\\/\\\/patagoniambiental.com.ar\\\/info\\\/\",\"logo\":{\"@type\":\"ImageObject\",\"inLanguage\":\"es\",\"@id\":\"https:\\\/\\\/patagoniambiental.com.ar\\\/info\\\/#\\\/schema\\\/logo\\\/image\\\/\",\"url\":\"https:\\\/\\\/patagoniambiental.com.ar\\\/info\\\/wp-content\\\/uploads\\\/2025\\\/05\\\/LOGO-PATAGONIA-AMBIENTAL.png\",\"contentUrl\":\"https:\\\/\\\/patagoniambiental.com.ar\\\/info\\\/wp-content\\\/uploads\\\/2025\\\/05\\\/LOGO-PATAGONIA-AMBIENTAL.png\",\"width\":433,\"height\":250,\"caption\":\"Patagonia Ambiental\"},\"image\":{\"@id\":\"https:\\\/\\\/patagoniambiental.com.ar\\\/info\\\/#\\\/schema\\\/logo\\\/image\\\/\"},\"sameAs\":[\"https:\\\/\\\/www.facebook.com\\\/patagonia.ambiental\",\"https:\\\/\\\/x.com\\\/PatAmb\"]},{\"@type\":\"Person\",\"@id\":\"https:\\\/\\\/patagoniambiental.com.ar\\\/info\\\/#\\\/schema\\\/person\\\/db12bff64bbcbf6a253710bf0ea37b5d\",\"name\":\"Patagonia Ambiental\",\"description\":\"Andr\u00e9s Nievas T\u00e9cnico en manejo ambiental, consultor Ambiental y escritor para medios locales e internacionales sobre temas de geopolitica y medio ambiente.\",\"sameAs\":[\"http:\\\/\\\/www.patagoniambiental.com.ar\",\"https:\\\/\\\/www.facebook.com\\\/share\\\/1C1V8Gv9BX\\\/?mibextid=qi2Omg\",\"@patagoniambiental\",\"https:\\\/\\\/youtube.com\\\/@patagoniaambiental2023?si=BLt58t0wuXquxlYZ\"]}]}<\/script>\n<!-- \/ Yoast SEO Premium plugin. -->","yoast_head_json":{"title":"El Ente Patagonia se reuni\u00f3 en San Mart\u00edn de los Andes","robots":{"index":"index","follow":"follow","max-snippet":"max-snippet:-1","max-image-preview":"max-image-preview:large","max-video-preview":"max-video-preview:-1"},"canonical":"https:\/\/patagoniambiental.com.ar\/info\/el-ente-patagonia-se-reunio-en-san-martin-de-los-andes\/","og_locale":"es_ES","og_type":"article","og_title":"El Ente Patagonia se reuni\u00f3 en San Mart\u00edn de los Andes","og_description":"San Mart\u00edn de los Andes.-Con la premisa de trabajar de cara a la pr\u00f3xima temporada estival, las m\u00e1ximas autoridades de [&hellip;]","og_url":"https:\/\/patagoniambiental.com.ar\/info\/el-ente-patagonia-se-reunio-en-san-martin-de-los-andes\/","og_site_name":"Patagonia Ambiental","article_publisher":"https:\/\/www.facebook.com\/patagonia.ambiental","article_author":"https:\/\/www.facebook.com\/share\/1C1V8Gv9BX\/?mibextid=qi2Omg","article_published_time":"2015-09-11T12:00:28+00:00","author":"Patagonia Ambiental","twitter_card":"summary_large_image","twitter_creator":"@PatAmb","twitter_site":"@PatAmb","schema":{"@context":"https:\/\/schema.org","@graph":[{"@type":"Article","@id":"https:\/\/patagoniambiental.com.ar\/info\/el-ente-patagonia-se-reunio-en-san-martin-de-los-andes\/#article","isPartOf":{"@id":"https:\/\/patagoniambiental.com.ar\/info\/el-ente-patagonia-se-reunio-en-san-martin-de-los-andes\/"},"author":{"name":"Patagonia Ambiental","@id":"https:\/\/patagoniambiental.com.ar\/info\/#\/schema\/person\/db12bff64bbcbf6a253710bf0ea37b5d"},"headline":"El Ente Patagonia se reuni\u00f3 en San Mart\u00edn de los Andes","datePublished":"2015-09-11T12:00:28+00:00","mainEntityOfPage":{"@id":"https:\/\/patagoniambiental.com.ar\/info\/el-ente-patagonia-se-reunio-en-san-martin-de-los-andes\/"},"wordCount":541,"publisher":{"@id":"https:\/\/patagoniambiental.com.ar\/info\/#organization"},"image":{"@id":"https:\/\/patagoniambiental.com.ar\/info\/el-ente-patagonia-se-reunio-en-san-martin-de-los-andes\/#primaryimage"},"thumbnailUrl":"","articleSection":["Neuqu\u00e9n","Noticias","Provinciales"],"inLanguage":"es"},{"@type":"WebPage","@id":"https:\/\/patagoniambiental.com.ar\/info\/el-ente-patagonia-se-reunio-en-san-martin-de-los-andes\/","url":"https:\/\/patagoniambiental.com.ar\/info\/el-ente-patagonia-se-reunio-en-san-martin-de-los-andes\/","name":"El Ente Patagonia se reuni\u00f3 en San Mart\u00edn de los Andes","isPartOf":{"@id":"https:\/\/patagoniambiental.com.ar\/info\/#website"},"primaryImageOfPage":{"@id":"https:\/\/patagoniambiental.com.ar\/info\/el-ente-patagonia-se-reunio-en-san-martin-de-los-andes\/#primaryimage"},"image":{"@id":"https:\/\/patagoniambiental.com.ar\/info\/el-ente-patagonia-se-reunio-en-san-martin-de-los-andes\/#primaryimage"},"thumbnailUrl":"","datePublished":"2015-09-11T12:00:28+00:00","breadcrumb":{"@id":"https:\/\/patagoniambiental.com.ar\/info\/el-ente-patagonia-se-reunio-en-san-martin-de-los-andes\/#breadcrumb"},"inLanguage":"es","potentialAction":[{"@type":"ReadAction","target":["https:\/\/patagoniambiental.com.ar\/info\/el-ente-patagonia-se-reunio-en-san-martin-de-los-andes\/"]}]},{"@type":"ImageObject","inLanguage":"es","@id":"https:\/\/patagoniambiental.com.ar\/info\/el-ente-patagonia-se-reunio-en-san-martin-de-los-andes\/#primaryimage","url":"","contentUrl":""},{"@type":"BreadcrumbList","@id":"https:\/\/patagoniambiental.com.ar\/info\/el-ente-patagonia-se-reunio-en-san-martin-de-los-andes\/#breadcrumb","itemListElement":[{"@type":"ListItem","position":1,"name":"Inicio","item":"https:\/\/patagoniambiental.com.ar\/info\/"},{"@type":"ListItem","position":2,"name":"El Ente Patagonia se reuni\u00f3 en San Mart\u00edn de los Andes"}]},{"@type":"WebSite","@id":"https:\/\/patagoniambiental.com.ar\/info\/#website","url":"https:\/\/patagoniambiental.com.ar\/info\/","name":"Patagonia Ambiental","description":"Monitoreo y an\u00e1lisis de la situaci\u00f3n geopol\u00edtica en el mundo y su implicancia en la Patagonia","publisher":{"@id":"https:\/\/patagoniambiental.com.ar\/info\/#organization"},"potentialAction":[{"@type":"SearchAction","target":{"@type":"EntryPoint","urlTemplate":"https:\/\/patagoniambiental.com.ar\/info\/?s={search_term_string}"},"query-input":{"@type":"PropertyValueSpecification","valueRequired":true,"valueName":"search_term_string"}}],"inLanguage":"es"},{"@type":"Organization","@id":"https:\/\/patagoniambiental.com.ar\/info\/#organization","name":"Patagonia Ambiental","url":"https:\/\/patagoniambiental.com.ar\/info\/","logo":{"@type":"ImageObject","inLanguage":"es","@id":"https:\/\/patagoniambiental.com.ar\/info\/#\/schema\/logo\/image\/","url":"https:\/\/patagoniambiental.com.ar\/info\/wp-content\/uploads\/2025\/05\/LOGO-PATAGONIA-AMBIENTAL.png","contentUrl":"https:\/\/patagoniambiental.com.ar\/info\/wp-content\/uploads\/2025\/05\/LOGO-PATAGONIA-AMBIENTAL.png","width":433,"height":250,"caption":"Patagonia Ambiental"},"image":{"@id":"https:\/\/patagoniambiental.com.ar\/info\/#\/schema\/logo\/image\/"},"sameAs":["https:\/\/www.facebook.com\/patagonia.ambiental","https:\/\/x.com\/PatAmb"]},{"@type":"Person","@id":"https:\/\/patagoniambiental.com.ar\/info\/#\/schema\/person\/db12bff64bbcbf6a253710bf0ea37b5d","name":"Patagonia Ambiental","description":"Andr\u00e9s Nievas T\u00e9cnico en manejo ambiental, consultor Ambiental y escritor para medios locales e internacionales sobre temas de geopolitica y medio ambiente.","sameAs":["http:\/\/www.patagoniambiental.com.ar","https:\/\/www.facebook.com\/share\/1C1V8Gv9BX\/?mibextid=qi2Omg","@patagoniambiental","https:\/\/youtube.com\/@patagoniaambiental2023?si=BLt58t0wuXquxlYZ"]}]}},"_links":{"self":[{"href":"https:\/\/patagoniambiental.com.ar\/info\/wp-json\/wp\/v2\/posts\/13944","targetHints":{"allow":["GET"]}}],"collection":[{"href":"https:\/\/patagoniambiental.com.ar\/info\/wp-json\/wp\/v2\/posts"}],"about":[{"href":"https:\/\/patagoniambiental.com.ar\/info\/wp-json\/wp\/v2\/types\/post"}],"author":[{"embeddable":true,"href":"https:\/\/patagoniambiental.com.ar\/info\/wp-json\/wp\/v2\/users\/2"}],"replies":[{"embeddable":true,"href":"https:\/\/patagoniambiental.com.ar\/info\/wp-json\/wp\/v2\/comments?post=13944"}],"version-history":[{"count":0,"href":"https:\/\/patagoniambiental.com.ar\/info\/wp-json\/wp\/v2\/posts\/13944\/revisions"}],"wp:featuredmedia":[{"embeddable":true,"href":"https:\/\/patagoniambiental.com.ar\/info\/wp-json\/"}],"wp:attachment":[{"href":"https:\/\/patagoniambiental.com.ar\/info\/wp-json\/wp\/v2\/media?parent=13944"}],"wp:term":[{"taxonomy":"category","embeddable":true,"href":"https:\/\/patagoniambiental.com.ar\/info\/wp-json\/wp\/v2\/categories?post=13944"},{"taxonomy":"post_tag","embeddable":true,"href":"https:\/\/patagoniambiental.com.ar\/info\/wp-json\/wp\/v2\/tags?post=13944"}],"curies":[{"name":"wp","href":"https:\/\/api.w.org\/{rel}","templated":true}]}}