{"id":14025,"date":"2015-09-17T09:21:05","date_gmt":"2015-09-17T12:21:05","guid":{"rendered":"http:\/\/patagoniambiental.com.ar\/?p=14025"},"modified":"2015-09-17T09:21:05","modified_gmt":"2015-09-17T12:21:05","slug":"las-migraciones-por-el-cambio-climatico-ya-comenzaron-advierte-experto","status":"publish","type":"post","link":"https:\/\/patagoniambiental.com.ar\/info\/las-migraciones-por-el-cambio-climatico-ya-comenzaron-advierte-experto\/","title":{"rendered":"Las migraciones por el cambio clim\u00e1tico ya comenzaron, advierte experto"},"content":{"rendered":"<p>Estados Unidos.-Ninguna ciudad est\u00e1 preparada para una migraci\u00f3n imprevista como puede ser la que genera el cambio clim\u00e1tico.<!--more--><\/p>\n<p>Las migraciones como consecuencia del cambio clim\u00e1tico ya comenzaron, advirti\u00f3 el experto estadounidense John Short, quien asegur\u00f3 que el mundo no est\u00e1 preparado para los efectos del calentamiento global.<\/p>\n<p>\u00abLa migraci\u00f3n de personas por el cambio clim\u00e1tico ya inici\u00f3. En Bangladesh, por ejemplo, existen refugiados del cambio clim\u00e1tico que han abandonado sus hogares en lugares rurales debido a que ya no pueden coexistir con un entorno clim\u00e1tico tan agresivo\u201d, dijo el especialista en una entrevista con la agencia de noticias Efe. Short, doctor de la brit\u00e1nica Universidad de Bristol y experto en problemas urbanos, geograf\u00eda, asuntos medioambientales y globalizaci\u00f3n, se\u00f1al\u00f3 que los cambios en la naturaleza \u00abse convertir\u00e1n (en) la nueva normalidad para los seres en el planeta\u201d.<\/p>\n<p>\u00c9xodo hacia ciudades importantes<br \/>\nComo parte de su teor\u00eda sobre el cambio clim\u00e1tico el investigador indic\u00f3 que esta \u00abnueva normalidad\u201d traer\u00e1 consigo \u00e9xodos hacia ciudades importantes, que se muestran como una opci\u00f3n de sobrevivencia para quienes viven en las zonas m\u00e1s apartadas.<\/p>\n<p>\u00abNinguna ciudad est\u00e1 preparada para una migraci\u00f3n imprevista como puede ser la que genera el cambio clim\u00e1tico\u201d, se\u00f1al\u00f3 el experto, quien apunt\u00f3 que estos nuevos migrantes \u00abson grupos con limitaciones econ\u00f3micas\u201d, lo que complica su adaptaci\u00f3n al entorno urbano.<\/p>\n<p>Adaptaci\u00f3n y mitigaci\u00f3n<br \/>\nEl camino que se\u00f1ala este experto para enfrentar el cambio clim\u00e1tico lo componen la adaptaci\u00f3n y la mitigaci\u00f3n. El primer t\u00e9rmino alude a \u00abc\u00f3mo los seres humanos podemos habituar el entorno artificial, a la nueva normalidad\u201d, detall\u00f3 Short, quien describi\u00f3 la mitigaci\u00f3n como los \u00abactos para apaciguar los efectos del cambio clim\u00e1tico\u201d.<\/p>\n<p>Como ejemplos de mitigaci\u00f3n mencion\u00f3 las fuentes alternativas de energ\u00eda como la e\u00f3lica, usada por pa\u00edses como Espa\u00f1a y Dinamarca. No obstante \u00abestas opciones est\u00e1n siendo opacadas por la actual situaci\u00f3n del precio del petr\u00f3leo, que ha disminuido bastante\u201d, dijo.<\/p>\n<p>Tambi\u00e9n se refiri\u00f3 a los \u00abtechos verdes\u201d, como se conoce a la vegetaci\u00f3n sembrada sobre las instalaciones para reducir los residuos que van a parar a la capa de ozono. En cuanto a la adaptaci\u00f3n, Short explic\u00f3 que es un proceso m\u00e1s complicado, puesto que la \u00abnueva normalidad\u201d es diferente en cada parte del mundo y exige m\u00e1s recursos. \u00abEl problema es que no sabemos con exactitud c\u00f3mo ser\u00e1 el cambio en cada lugar del mundo\u201d, asever\u00f3.<\/p>\n<p>Fuente: Agencia EFE Verde<!--VIVO--><!--\/VIVO--><\/p>\n<p>Escrito por Tiempo Patag\u00f3nico<\/p>\n","protected":false},"excerpt":{"rendered":"<p>Estados Unidos.-Ninguna ciudad est\u00e1 preparada para una migraci\u00f3n imprevista como puede ser la que genera el cambio clim\u00e1tico.<\/p>\n","protected":false},"author":2,"featured_media":14026,"comment_status":"closed","ping_status":"closed","sticky":false,"template":"","format":"standard","meta":{"site-sidebar-layout":"default","site-content-layout":"","ast-site-content-layout":"default","site-content-style":"default","site-sidebar-style":"default","ast-global-header-display":"","ast-banner-title-visibility":"","ast-main-header-display":"","ast-hfb-above-header-display":"","ast-hfb-below-header-display":"","ast-hfb-mobile-header-display":"","site-post-title":"","ast-breadcrumbs-content":"","ast-featured-img":"","footer-sml-layout":"","ast-disable-related-posts":"","theme-transparent-header-meta":"","adv-header-id-meta":"","stick-header-meta":"","header-above-stick-meta":"","header-main-stick-meta":"","header-below-stick-meta":"","astra-migrate-meta-layouts":"default","ast-page-background-enabled":"default","ast-page-background-meta":{"desktop":{"background-color":"var(--ast-global-color-5)","background-image":"","background-repeat":"repeat","background-position":"center center","background-size":"auto","background-attachment":"scroll","background-type":"","background-media":"","overlay-type":"","overlay-color":"","overlay-opacity":"","overlay-gradient":""},"tablet":{"background-color":"","background-image":"","background-repeat":"repeat","background-position":"center center","background-size":"auto","background-attachment":"scroll","background-type":"","background-media":"","overlay-type":"","overlay-color":"","overlay-opacity":"","overlay-gradient":""},"mobile":{"background-color":"","background-image":"","background-repeat":"repeat","background-position":"center center","background-size":"auto","background-attachment":"scroll","background-type":"","background-media":"","overlay-type":"","overlay-color":"","overlay-opacity":"","overlay-gradient":""}},"ast-content-background-meta":{"desktop":{"background-color":"var(--ast-global-color-4)","background-image":"","background-repeat":"repeat","background-position":"center center","background-size":"auto","background-attachment":"scroll","background-type":"","background-media":"","overlay-type":"","overlay-color":"","overlay-opacity":"","overlay-gradient":""},"tablet":{"background-color":"var(--ast-global-color-4)","background-image":"","background-repeat":"repeat","background-position":"center center","background-size":"auto","background-attachment":"scroll","background-type":"","background-media":"","overlay-type":"","overlay-color":"","overlay-opacity":"","overlay-gradient":""},"mobile":{"background-color":"var(--ast-global-color-4)","background-image":"","background-repeat":"repeat","background-position":"center center","background-size":"auto","background-attachment":"scroll","background-type":"","background-media":"","overlay-type":"","overlay-color":"","overlay-opacity":"","overlay-gradient":""}},"footnotes":""},"categories":[23,1],"tags":[],"class_list":["post-14025","post","type-post","status-publish","format-standard","has-post-thumbnail","hentry","category-internacionales","category-noticias"],"yoast_head":"<!-- This site is optimized with the Yoast SEO Premium plugin v23.0 (Yoast SEO v27.4) - https:\/\/yoast.com\/product\/yoast-seo-premium-wordpress\/ -->\n<title>Las migraciones por el cambio clim\u00e1tico ya comenzaron, advierte experto<\/title>\n<meta name=\"robots\" content=\"index, follow, max-snippet:-1, max-image-preview:large, max-video-preview:-1\" \/>\n<link rel=\"canonical\" href=\"https:\/\/patagoniambiental.com.ar\/info\/las-migraciones-por-el-cambio-climatico-ya-comenzaron-advierte-experto\/\" \/>\n<meta property=\"og:locale\" content=\"es_ES\" \/>\n<meta property=\"og:type\" content=\"article\" \/>\n<meta property=\"og:title\" content=\"Las migraciones por el cambio clim\u00e1tico ya comenzaron, advierte experto\" \/>\n<meta property=\"og:description\" content=\"Estados Unidos.-Ninguna ciudad est\u00e1 preparada para una migraci\u00f3n imprevista como puede ser la que genera el cambio clim\u00e1tico.\" \/>\n<meta property=\"og:url\" content=\"https:\/\/patagoniambiental.com.ar\/info\/las-migraciones-por-el-cambio-climatico-ya-comenzaron-advierte-experto\/\" \/>\n<meta property=\"og:site_name\" content=\"Patagonia Ambiental\" \/>\n<meta property=\"article:publisher\" content=\"https:\/\/www.facebook.com\/patagonia.ambiental\" \/>\n<meta property=\"article:author\" content=\"https:\/\/www.facebook.com\/share\/1C1V8Gv9BX\/?mibextid=qi2Omg\" \/>\n<meta property=\"article:published_time\" content=\"2015-09-17T12:21:05+00:00\" \/>\n<meta name=\"author\" content=\"Patagonia Ambiental\" \/>\n<meta name=\"twitter:card\" content=\"summary_large_image\" \/>\n<meta name=\"twitter:creator\" content=\"@PatAmb\" \/>\n<meta name=\"twitter:site\" content=\"@PatAmb\" \/>\n<script type=\"application\/ld+json\" class=\"yoast-schema-graph\">{\"@context\":\"https:\\\/\\\/schema.org\",\"@graph\":[{\"@type\":\"Article\",\"@id\":\"https:\\\/\\\/patagoniambiental.com.ar\\\/info\\\/las-migraciones-por-el-cambio-climatico-ya-comenzaron-advierte-experto\\\/#article\",\"isPartOf\":{\"@id\":\"https:\\\/\\\/patagoniambiental.com.ar\\\/info\\\/las-migraciones-por-el-cambio-climatico-ya-comenzaron-advierte-experto\\\/\"},\"author\":{\"name\":\"Patagonia Ambiental\",\"@id\":\"https:\\\/\\\/patagoniambiental.com.ar\\\/info\\\/#\\\/schema\\\/person\\\/db12bff64bbcbf6a253710bf0ea37b5d\"},\"headline\":\"Las migraciones por el cambio clim\u00e1tico ya comenzaron, advierte experto\",\"datePublished\":\"2015-09-17T12:21:05+00:00\",\"mainEntityOfPage\":{\"@id\":\"https:\\\/\\\/patagoniambiental.com.ar\\\/info\\\/las-migraciones-por-el-cambio-climatico-ya-comenzaron-advierte-experto\\\/\"},\"wordCount\":455,\"publisher\":{\"@id\":\"https:\\\/\\\/patagoniambiental.com.ar\\\/info\\\/#organization\"},\"image\":{\"@id\":\"https:\\\/\\\/patagoniambiental.com.ar\\\/info\\\/las-migraciones-por-el-cambio-climatico-ya-comenzaron-advierte-experto\\\/#primaryimage\"},\"thumbnailUrl\":\"\",\"articleSection\":[\"Internacionales\",\"Noticias\"],\"inLanguage\":\"es\"},{\"@type\":\"WebPage\",\"@id\":\"https:\\\/\\\/patagoniambiental.com.ar\\\/info\\\/las-migraciones-por-el-cambio-climatico-ya-comenzaron-advierte-experto\\\/\",\"url\":\"https:\\\/\\\/patagoniambiental.com.ar\\\/info\\\/las-migraciones-por-el-cambio-climatico-ya-comenzaron-advierte-experto\\\/\",\"name\":\"Las migraciones por el cambio clim\u00e1tico ya comenzaron, advierte experto\",\"isPartOf\":{\"@id\":\"https:\\\/\\\/patagoniambiental.com.ar\\\/info\\\/#website\"},\"primaryImageOfPage\":{\"@id\":\"https:\\\/\\\/patagoniambiental.com.ar\\\/info\\\/las-migraciones-por-el-cambio-climatico-ya-comenzaron-advierte-experto\\\/#primaryimage\"},\"image\":{\"@id\":\"https:\\\/\\\/patagoniambiental.com.ar\\\/info\\\/las-migraciones-por-el-cambio-climatico-ya-comenzaron-advierte-experto\\\/#primaryimage\"},\"thumbnailUrl\":\"\",\"datePublished\":\"2015-09-17T12:21:05+00:00\",\"breadcrumb\":{\"@id\":\"https:\\\/\\\/patagoniambiental.com.ar\\\/info\\\/las-migraciones-por-el-cambio-climatico-ya-comenzaron-advierte-experto\\\/#breadcrumb\"},\"inLanguage\":\"es\",\"potentialAction\":[{\"@type\":\"ReadAction\",\"target\":[\"https:\\\/\\\/patagoniambiental.com.ar\\\/info\\\/las-migraciones-por-el-cambio-climatico-ya-comenzaron-advierte-experto\\\/\"]}]},{\"@type\":\"ImageObject\",\"inLanguage\":\"es\",\"@id\":\"https:\\\/\\\/patagoniambiental.com.ar\\\/info\\\/las-migraciones-por-el-cambio-climatico-ya-comenzaron-advierte-experto\\\/#primaryimage\",\"url\":\"\",\"contentUrl\":\"\"},{\"@type\":\"BreadcrumbList\",\"@id\":\"https:\\\/\\\/patagoniambiental.com.ar\\\/info\\\/las-migraciones-por-el-cambio-climatico-ya-comenzaron-advierte-experto\\\/#breadcrumb\",\"itemListElement\":[{\"@type\":\"ListItem\",\"position\":1,\"name\":\"Inicio\",\"item\":\"https:\\\/\\\/patagoniambiental.com.ar\\\/info\\\/\"},{\"@type\":\"ListItem\",\"position\":2,\"name\":\"Las migraciones por el cambio clim\u00e1tico ya comenzaron, advierte experto\"}]},{\"@type\":\"WebSite\",\"@id\":\"https:\\\/\\\/patagoniambiental.com.ar\\\/info\\\/#website\",\"url\":\"https:\\\/\\\/patagoniambiental.com.ar\\\/info\\\/\",\"name\":\"Patagonia Ambiental\",\"description\":\"Monitoreo y an\u00e1lisis de la situaci\u00f3n geopol\u00edtica en el mundo y su implicancia en la Patagonia\",\"publisher\":{\"@id\":\"https:\\\/\\\/patagoniambiental.com.ar\\\/info\\\/#organization\"},\"potentialAction\":[{\"@type\":\"SearchAction\",\"target\":{\"@type\":\"EntryPoint\",\"urlTemplate\":\"https:\\\/\\\/patagoniambiental.com.ar\\\/info\\\/?s={search_term_string}\"},\"query-input\":{\"@type\":\"PropertyValueSpecification\",\"valueRequired\":true,\"valueName\":\"search_term_string\"}}],\"inLanguage\":\"es\"},{\"@type\":\"Organization\",\"@id\":\"https:\\\/\\\/patagoniambiental.com.ar\\\/info\\\/#organization\",\"name\":\"Patagonia Ambiental\",\"url\":\"https:\\\/\\\/patagoniambiental.com.ar\\\/info\\\/\",\"logo\":{\"@type\":\"ImageObject\",\"inLanguage\":\"es\",\"@id\":\"https:\\\/\\\/patagoniambiental.com.ar\\\/info\\\/#\\\/schema\\\/logo\\\/image\\\/\",\"url\":\"https:\\\/\\\/patagoniambiental.com.ar\\\/info\\\/wp-content\\\/uploads\\\/2025\\\/05\\\/LOGO-PATAGONIA-AMBIENTAL.png\",\"contentUrl\":\"https:\\\/\\\/patagoniambiental.com.ar\\\/info\\\/wp-content\\\/uploads\\\/2025\\\/05\\\/LOGO-PATAGONIA-AMBIENTAL.png\",\"width\":433,\"height\":250,\"caption\":\"Patagonia Ambiental\"},\"image\":{\"@id\":\"https:\\\/\\\/patagoniambiental.com.ar\\\/info\\\/#\\\/schema\\\/logo\\\/image\\\/\"},\"sameAs\":[\"https:\\\/\\\/www.facebook.com\\\/patagonia.ambiental\",\"https:\\\/\\\/x.com\\\/PatAmb\"]},{\"@type\":\"Person\",\"@id\":\"https:\\\/\\\/patagoniambiental.com.ar\\\/info\\\/#\\\/schema\\\/person\\\/db12bff64bbcbf6a253710bf0ea37b5d\",\"name\":\"Patagonia Ambiental\",\"description\":\"Andr\u00e9s Nievas T\u00e9cnico en manejo ambiental, consultor Ambiental y escritor para medios locales e internacionales sobre temas de geopolitica y medio ambiente.\",\"sameAs\":[\"http:\\\/\\\/www.patagoniambiental.com.ar\",\"https:\\\/\\\/www.facebook.com\\\/share\\\/1C1V8Gv9BX\\\/?mibextid=qi2Omg\",\"@patagoniambiental\",\"https:\\\/\\\/youtube.com\\\/@patagoniaambiental2023?si=BLt58t0wuXquxlYZ\"]}]}<\/script>\n<!-- \/ Yoast SEO Premium plugin. -->","yoast_head_json":{"title":"Las migraciones por el cambio clim\u00e1tico ya comenzaron, advierte experto","robots":{"index":"index","follow":"follow","max-snippet":"max-snippet:-1","max-image-preview":"max-image-preview:large","max-video-preview":"max-video-preview:-1"},"canonical":"https:\/\/patagoniambiental.com.ar\/info\/las-migraciones-por-el-cambio-climatico-ya-comenzaron-advierte-experto\/","og_locale":"es_ES","og_type":"article","og_title":"Las migraciones por el cambio clim\u00e1tico ya comenzaron, advierte experto","og_description":"Estados Unidos.-Ninguna ciudad est\u00e1 preparada para una migraci\u00f3n imprevista como puede ser la que genera el cambio clim\u00e1tico.","og_url":"https:\/\/patagoniambiental.com.ar\/info\/las-migraciones-por-el-cambio-climatico-ya-comenzaron-advierte-experto\/","og_site_name":"Patagonia Ambiental","article_publisher":"https:\/\/www.facebook.com\/patagonia.ambiental","article_author":"https:\/\/www.facebook.com\/share\/1C1V8Gv9BX\/?mibextid=qi2Omg","article_published_time":"2015-09-17T12:21:05+00:00","author":"Patagonia Ambiental","twitter_card":"summary_large_image","twitter_creator":"@PatAmb","twitter_site":"@PatAmb","schema":{"@context":"https:\/\/schema.org","@graph":[{"@type":"Article","@id":"https:\/\/patagoniambiental.com.ar\/info\/las-migraciones-por-el-cambio-climatico-ya-comenzaron-advierte-experto\/#article","isPartOf":{"@id":"https:\/\/patagoniambiental.com.ar\/info\/las-migraciones-por-el-cambio-climatico-ya-comenzaron-advierte-experto\/"},"author":{"name":"Patagonia Ambiental","@id":"https:\/\/patagoniambiental.com.ar\/info\/#\/schema\/person\/db12bff64bbcbf6a253710bf0ea37b5d"},"headline":"Las migraciones por el cambio clim\u00e1tico ya comenzaron, advierte experto","datePublished":"2015-09-17T12:21:05+00:00","mainEntityOfPage":{"@id":"https:\/\/patagoniambiental.com.ar\/info\/las-migraciones-por-el-cambio-climatico-ya-comenzaron-advierte-experto\/"},"wordCount":455,"publisher":{"@id":"https:\/\/patagoniambiental.com.ar\/info\/#organization"},"image":{"@id":"https:\/\/patagoniambiental.com.ar\/info\/las-migraciones-por-el-cambio-climatico-ya-comenzaron-advierte-experto\/#primaryimage"},"thumbnailUrl":"","articleSection":["Internacionales","Noticias"],"inLanguage":"es"},{"@type":"WebPage","@id":"https:\/\/patagoniambiental.com.ar\/info\/las-migraciones-por-el-cambio-climatico-ya-comenzaron-advierte-experto\/","url":"https:\/\/patagoniambiental.com.ar\/info\/las-migraciones-por-el-cambio-climatico-ya-comenzaron-advierte-experto\/","name":"Las migraciones por el cambio clim\u00e1tico ya comenzaron, advierte experto","isPartOf":{"@id":"https:\/\/patagoniambiental.com.ar\/info\/#website"},"primaryImageOfPage":{"@id":"https:\/\/patagoniambiental.com.ar\/info\/las-migraciones-por-el-cambio-climatico-ya-comenzaron-advierte-experto\/#primaryimage"},"image":{"@id":"https:\/\/patagoniambiental.com.ar\/info\/las-migraciones-por-el-cambio-climatico-ya-comenzaron-advierte-experto\/#primaryimage"},"thumbnailUrl":"","datePublished":"2015-09-17T12:21:05+00:00","breadcrumb":{"@id":"https:\/\/patagoniambiental.com.ar\/info\/las-migraciones-por-el-cambio-climatico-ya-comenzaron-advierte-experto\/#breadcrumb"},"inLanguage":"es","potentialAction":[{"@type":"ReadAction","target":["https:\/\/patagoniambiental.com.ar\/info\/las-migraciones-por-el-cambio-climatico-ya-comenzaron-advierte-experto\/"]}]},{"@type":"ImageObject","inLanguage":"es","@id":"https:\/\/patagoniambiental.com.ar\/info\/las-migraciones-por-el-cambio-climatico-ya-comenzaron-advierte-experto\/#primaryimage","url":"","contentUrl":""},{"@type":"BreadcrumbList","@id":"https:\/\/patagoniambiental.com.ar\/info\/las-migraciones-por-el-cambio-climatico-ya-comenzaron-advierte-experto\/#breadcrumb","itemListElement":[{"@type":"ListItem","position":1,"name":"Inicio","item":"https:\/\/patagoniambiental.com.ar\/info\/"},{"@type":"ListItem","position":2,"name":"Las migraciones por el cambio clim\u00e1tico ya comenzaron, advierte experto"}]},{"@type":"WebSite","@id":"https:\/\/patagoniambiental.com.ar\/info\/#website","url":"https:\/\/patagoniambiental.com.ar\/info\/","name":"Patagonia Ambiental","description":"Monitoreo y an\u00e1lisis de la situaci\u00f3n geopol\u00edtica en el mundo y su implicancia en la Patagonia","publisher":{"@id":"https:\/\/patagoniambiental.com.ar\/info\/#organization"},"potentialAction":[{"@type":"SearchAction","target":{"@type":"EntryPoint","urlTemplate":"https:\/\/patagoniambiental.com.ar\/info\/?s={search_term_string}"},"query-input":{"@type":"PropertyValueSpecification","valueRequired":true,"valueName":"search_term_string"}}],"inLanguage":"es"},{"@type":"Organization","@id":"https:\/\/patagoniambiental.com.ar\/info\/#organization","name":"Patagonia Ambiental","url":"https:\/\/patagoniambiental.com.ar\/info\/","logo":{"@type":"ImageObject","inLanguage":"es","@id":"https:\/\/patagoniambiental.com.ar\/info\/#\/schema\/logo\/image\/","url":"https:\/\/patagoniambiental.com.ar\/info\/wp-content\/uploads\/2025\/05\/LOGO-PATAGONIA-AMBIENTAL.png","contentUrl":"https:\/\/patagoniambiental.com.ar\/info\/wp-content\/uploads\/2025\/05\/LOGO-PATAGONIA-AMBIENTAL.png","width":433,"height":250,"caption":"Patagonia Ambiental"},"image":{"@id":"https:\/\/patagoniambiental.com.ar\/info\/#\/schema\/logo\/image\/"},"sameAs":["https:\/\/www.facebook.com\/patagonia.ambiental","https:\/\/x.com\/PatAmb"]},{"@type":"Person","@id":"https:\/\/patagoniambiental.com.ar\/info\/#\/schema\/person\/db12bff64bbcbf6a253710bf0ea37b5d","name":"Patagonia Ambiental","description":"Andr\u00e9s Nievas T\u00e9cnico en manejo ambiental, consultor Ambiental y escritor para medios locales e internacionales sobre temas de geopolitica y medio ambiente.","sameAs":["http:\/\/www.patagoniambiental.com.ar","https:\/\/www.facebook.com\/share\/1C1V8Gv9BX\/?mibextid=qi2Omg","@patagoniambiental","https:\/\/youtube.com\/@patagoniaambiental2023?si=BLt58t0wuXquxlYZ"]}]}},"_links":{"self":[{"href":"https:\/\/patagoniambiental.com.ar\/info\/wp-json\/wp\/v2\/posts\/14025","targetHints":{"allow":["GET"]}}],"collection":[{"href":"https:\/\/patagoniambiental.com.ar\/info\/wp-json\/wp\/v2\/posts"}],"about":[{"href":"https:\/\/patagoniambiental.com.ar\/info\/wp-json\/wp\/v2\/types\/post"}],"author":[{"embeddable":true,"href":"https:\/\/patagoniambiental.com.ar\/info\/wp-json\/wp\/v2\/users\/2"}],"replies":[{"embeddable":true,"href":"https:\/\/patagoniambiental.com.ar\/info\/wp-json\/wp\/v2\/comments?post=14025"}],"version-history":[{"count":0,"href":"https:\/\/patagoniambiental.com.ar\/info\/wp-json\/wp\/v2\/posts\/14025\/revisions"}],"wp:featuredmedia":[{"embeddable":true,"href":"https:\/\/patagoniambiental.com.ar\/info\/wp-json\/"}],"wp:attachment":[{"href":"https:\/\/patagoniambiental.com.ar\/info\/wp-json\/wp\/v2\/media?parent=14025"}],"wp:term":[{"taxonomy":"category","embeddable":true,"href":"https:\/\/patagoniambiental.com.ar\/info\/wp-json\/wp\/v2\/categories?post=14025"},{"taxonomy":"post_tag","embeddable":true,"href":"https:\/\/patagoniambiental.com.ar\/info\/wp-json\/wp\/v2\/tags?post=14025"}],"curies":[{"name":"wp","href":"https:\/\/api.w.org\/{rel}","templated":true}]}}