{"id":14075,"date":"2015-09-20T09:00:34","date_gmt":"2015-09-20T12:00:34","guid":{"rendered":"http:\/\/patagoniambiental.com.ar\/?p=14075"},"modified":"2015-09-20T09:00:34","modified_gmt":"2015-09-20T12:00:34","slug":"continua-a-buen-ritmo-el-plan-anual-de-forestacion-del-ente-de-desarrollo-de-la-region-sur","status":"publish","type":"post","link":"https:\/\/patagoniambiental.com.ar\/info\/continua-a-buen-ritmo-el-plan-anual-de-forestacion-del-ente-de-desarrollo-de-la-region-sur\/","title":{"rendered":"Contin\u00faa a buen ritmo el Plan Anual de Forestaci\u00f3n del Ente de Desarrollo de la Regi\u00f3n Sur"},"content":{"rendered":"<p class=\"ecxMsoNormal\">Regi\u00f3n Sur.-Casi un millar de especies nativas y ex\u00f3ticas producidas en viveros del Programa Forestal del Ente de la Regi\u00f3n Sur est\u00e1n siendo Implantadas en parajes de la regi\u00f3n durante esta semana.<!--more--><\/p>\n<p class=\"ecxMsoNormal\">El programa Forestal del Ente de la Regi\u00f3n Sur contin\u00faa con su plan anual de forestaci\u00f3n realizando actividades en conjunto con docentes y estudiantes de la carrera T\u00e9cnico en Vivero de UNRN, radicada en la ciudad de Bariloche.<\/p>\n<p class=\"ecxMsoNormal\">Es de destacar que este grupo es la cuarta vez que se re\u00fane para trabajar en la regi\u00f3n y tanto alumnos como docentes plantean la necesidad de continuar con estas actividades que, en forma conjunta entre el Ente de la Regi\u00f3n Sur y la UNRN se vienen realizando desde el 2012.<\/p>\n<p class=\"ecxMsoNormal\">Durante los d\u00edas 17 y 18 de septiembre se realizaron plantaciones con las comunidades de Laguna Blanca y Pilquiniyeu del Limay. Las mismas actividades continuar\u00e1n en Clemente Onelli, Comallo e Ingeniero Jacobacci con plantaciones en plazas y lugares a determinar por sus comunidades, por ejemplo en Ing. Jacobacci, plantaciones con la Escuela Especial 23 en la Plaza del Sol.<\/p>\n<p class=\"ecxMsoNormal\">Desde el inicio, en las temporadas de plantaci\u00f3n del Programa Forestal, en el a\u00f1o 1999, todos los a\u00f1os se realizan actividades con escuelas de todos los niveles, clubes barriales, Instituciones, Comisiones de Fomento, Municipios para lograr una regi\u00f3n con m\u00e1s \u00e1rboles, valorizando el trabajo de los viveristas y el trabajo del t\u00e9cnico coordinador del programa que ininterrumpidamente realizan trabajos en la producci\u00f3n de plantas y forestaciones en cada lugar de la regi\u00f3n.<\/p>\n<p class=\"ecxMsoNormal\">Fuente: Gobierno de Rio Negro<\/p>\n","protected":false},"excerpt":{"rendered":"<p>Regi\u00f3n Sur.-Casi un millar de especies nativas y ex\u00f3ticas producidas en viveros del Programa Forestal del Ente de la Regi\u00f3n [&hellip;]<\/p>\n","protected":false},"author":2,"featured_media":14076,"comment_status":"closed","ping_status":"closed","sticky":false,"template":"","format":"standard","meta":{"site-sidebar-layout":"default","site-content-layout":"","ast-site-content-layout":"default","site-content-style":"default","site-sidebar-style":"default","ast-global-header-display":"","ast-banner-title-visibility":"","ast-main-header-display":"","ast-hfb-above-header-display":"","ast-hfb-below-header-display":"","ast-hfb-mobile-header-display":"","site-post-title":"","ast-breadcrumbs-content":"","ast-featured-img":"","footer-sml-layout":"","ast-disable-related-posts":"","theme-transparent-header-meta":"","adv-header-id-meta":"","stick-header-meta":"","header-above-stick-meta":"","header-main-stick-meta":"","header-below-stick-meta":"","astra-migrate-meta-layouts":"default","ast-page-background-enabled":"default","ast-page-background-meta":{"desktop":{"background-color":"var(--ast-global-color-5)","background-image":"","background-repeat":"repeat","background-position":"center center","background-size":"auto","background-attachment":"scroll","background-type":"","background-media":"","overlay-type":"","overlay-color":"","overlay-opacity":"","overlay-gradient":""},"tablet":{"background-color":"","background-image":"","background-repeat":"repeat","background-position":"center center","background-size":"auto","background-attachment":"scroll","background-type":"","background-media":"","overlay-type":"","overlay-color":"","overlay-opacity":"","overlay-gradient":""},"mobile":{"background-color":"","background-image":"","background-repeat":"repeat","background-position":"center center","background-size":"auto","background-attachment":"scroll","background-type":"","background-media":"","overlay-type":"","overlay-color":"","overlay-opacity":"","overlay-gradient":""}},"ast-content-background-meta":{"desktop":{"background-color":"var(--ast-global-color-4)","background-image":"","background-repeat":"repeat","background-position":"center center","background-size":"auto","background-attachment":"scroll","background-type":"","background-media":"","overlay-type":"","overlay-color":"","overlay-opacity":"","overlay-gradient":""},"tablet":{"background-color":"var(--ast-global-color-4)","background-image":"","background-repeat":"repeat","background-position":"center center","background-size":"auto","background-attachment":"scroll","background-type":"","background-media":"","overlay-type":"","overlay-color":"","overlay-opacity":"","overlay-gradient":""},"mobile":{"background-color":"var(--ast-global-color-4)","background-image":"","background-repeat":"repeat","background-position":"center center","background-size":"auto","background-attachment":"scroll","background-type":"","background-media":"","overlay-type":"","overlay-color":"","overlay-opacity":"","overlay-gradient":""}},"footnotes":""},"categories":[1,13,14],"tags":[],"class_list":["post-14075","post","type-post","status-publish","format-standard","has-post-thumbnail","hentry","category-noticias","category-provinciales","category-rio-negro"],"yoast_head":"<!-- This site is optimized with the Yoast SEO Premium plugin v23.0 (Yoast SEO v27.4) - https:\/\/yoast.com\/product\/yoast-seo-premium-wordpress\/ -->\n<title>Contin\u00faa a buen ritmo el Plan Anual de Forestaci\u00f3n del Ente de Desarrollo de la Regi\u00f3n Sur<\/title>\n<meta name=\"robots\" content=\"index, follow, max-snippet:-1, max-image-preview:large, max-video-preview:-1\" \/>\n<link rel=\"canonical\" href=\"https:\/\/patagoniambiental.com.ar\/info\/continua-a-buen-ritmo-el-plan-anual-de-forestacion-del-ente-de-desarrollo-de-la-region-sur\/\" \/>\n<meta property=\"og:locale\" content=\"es_ES\" \/>\n<meta property=\"og:type\" content=\"article\" \/>\n<meta property=\"og:title\" content=\"Contin\u00faa a buen ritmo el Plan Anual de Forestaci\u00f3n del Ente de Desarrollo de la Regi\u00f3n Sur\" \/>\n<meta property=\"og:description\" content=\"Regi\u00f3n Sur.-Casi un millar de especies nativas y ex\u00f3ticas producidas en viveros del Programa Forestal del Ente de la Regi\u00f3n [&hellip;]\" \/>\n<meta property=\"og:url\" content=\"https:\/\/patagoniambiental.com.ar\/info\/continua-a-buen-ritmo-el-plan-anual-de-forestacion-del-ente-de-desarrollo-de-la-region-sur\/\" \/>\n<meta property=\"og:site_name\" content=\"Patagonia Ambiental\" \/>\n<meta property=\"article:publisher\" content=\"https:\/\/www.facebook.com\/patagonia.ambiental\" \/>\n<meta property=\"article:author\" content=\"https:\/\/www.facebook.com\/share\/1C1V8Gv9BX\/?mibextid=qi2Omg\" \/>\n<meta property=\"article:published_time\" content=\"2015-09-20T12:00:34+00:00\" \/>\n<meta name=\"author\" content=\"Patagonia Ambiental\" \/>\n<meta name=\"twitter:card\" content=\"summary_large_image\" \/>\n<meta name=\"twitter:creator\" content=\"@PatAmb\" \/>\n<meta name=\"twitter:site\" content=\"@PatAmb\" \/>\n<script type=\"application\/ld+json\" class=\"yoast-schema-graph\">{\"@context\":\"https:\\\/\\\/schema.org\",\"@graph\":[{\"@type\":\"Article\",\"@id\":\"https:\\\/\\\/patagoniambiental.com.ar\\\/info\\\/continua-a-buen-ritmo-el-plan-anual-de-forestacion-del-ente-de-desarrollo-de-la-region-sur\\\/#article\",\"isPartOf\":{\"@id\":\"https:\\\/\\\/patagoniambiental.com.ar\\\/info\\\/continua-a-buen-ritmo-el-plan-anual-de-forestacion-del-ente-de-desarrollo-de-la-region-sur\\\/\"},\"author\":{\"name\":\"Patagonia Ambiental\",\"@id\":\"https:\\\/\\\/patagoniambiental.com.ar\\\/info\\\/#\\\/schema\\\/person\\\/db12bff64bbcbf6a253710bf0ea37b5d\"},\"headline\":\"Contin\u00faa a buen ritmo el Plan Anual de Forestaci\u00f3n del Ente de Desarrollo de la Regi\u00f3n Sur\",\"datePublished\":\"2015-09-20T12:00:34+00:00\",\"mainEntityOfPage\":{\"@id\":\"https:\\\/\\\/patagoniambiental.com.ar\\\/info\\\/continua-a-buen-ritmo-el-plan-anual-de-forestacion-del-ente-de-desarrollo-de-la-region-sur\\\/\"},\"wordCount\":295,\"publisher\":{\"@id\":\"https:\\\/\\\/patagoniambiental.com.ar\\\/info\\\/#organization\"},\"image\":{\"@id\":\"https:\\\/\\\/patagoniambiental.com.ar\\\/info\\\/continua-a-buen-ritmo-el-plan-anual-de-forestacion-del-ente-de-desarrollo-de-la-region-sur\\\/#primaryimage\"},\"thumbnailUrl\":\"\",\"articleSection\":[\"Noticias\",\"Provinciales\",\"R\u00edo Negro\"],\"inLanguage\":\"es\"},{\"@type\":\"WebPage\",\"@id\":\"https:\\\/\\\/patagoniambiental.com.ar\\\/info\\\/continua-a-buen-ritmo-el-plan-anual-de-forestacion-del-ente-de-desarrollo-de-la-region-sur\\\/\",\"url\":\"https:\\\/\\\/patagoniambiental.com.ar\\\/info\\\/continua-a-buen-ritmo-el-plan-anual-de-forestacion-del-ente-de-desarrollo-de-la-region-sur\\\/\",\"name\":\"Contin\u00faa a buen ritmo el Plan Anual de Forestaci\u00f3n del Ente de Desarrollo de la Regi\u00f3n Sur\",\"isPartOf\":{\"@id\":\"https:\\\/\\\/patagoniambiental.com.ar\\\/info\\\/#website\"},\"primaryImageOfPage\":{\"@id\":\"https:\\\/\\\/patagoniambiental.com.ar\\\/info\\\/continua-a-buen-ritmo-el-plan-anual-de-forestacion-del-ente-de-desarrollo-de-la-region-sur\\\/#primaryimage\"},\"image\":{\"@id\":\"https:\\\/\\\/patagoniambiental.com.ar\\\/info\\\/continua-a-buen-ritmo-el-plan-anual-de-forestacion-del-ente-de-desarrollo-de-la-region-sur\\\/#primaryimage\"},\"thumbnailUrl\":\"\",\"datePublished\":\"2015-09-20T12:00:34+00:00\",\"breadcrumb\":{\"@id\":\"https:\\\/\\\/patagoniambiental.com.ar\\\/info\\\/continua-a-buen-ritmo-el-plan-anual-de-forestacion-del-ente-de-desarrollo-de-la-region-sur\\\/#breadcrumb\"},\"inLanguage\":\"es\",\"potentialAction\":[{\"@type\":\"ReadAction\",\"target\":[\"https:\\\/\\\/patagoniambiental.com.ar\\\/info\\\/continua-a-buen-ritmo-el-plan-anual-de-forestacion-del-ente-de-desarrollo-de-la-region-sur\\\/\"]}]},{\"@type\":\"ImageObject\",\"inLanguage\":\"es\",\"@id\":\"https:\\\/\\\/patagoniambiental.com.ar\\\/info\\\/continua-a-buen-ritmo-el-plan-anual-de-forestacion-del-ente-de-desarrollo-de-la-region-sur\\\/#primaryimage\",\"url\":\"\",\"contentUrl\":\"\"},{\"@type\":\"BreadcrumbList\",\"@id\":\"https:\\\/\\\/patagoniambiental.com.ar\\\/info\\\/continua-a-buen-ritmo-el-plan-anual-de-forestacion-del-ente-de-desarrollo-de-la-region-sur\\\/#breadcrumb\",\"itemListElement\":[{\"@type\":\"ListItem\",\"position\":1,\"name\":\"Inicio\",\"item\":\"https:\\\/\\\/patagoniambiental.com.ar\\\/info\\\/\"},{\"@type\":\"ListItem\",\"position\":2,\"name\":\"Contin\u00faa a buen ritmo el Plan Anual de Forestaci\u00f3n del Ente de Desarrollo de la Regi\u00f3n Sur\"}]},{\"@type\":\"WebSite\",\"@id\":\"https:\\\/\\\/patagoniambiental.com.ar\\\/info\\\/#website\",\"url\":\"https:\\\/\\\/patagoniambiental.com.ar\\\/info\\\/\",\"name\":\"Patagonia Ambiental\",\"description\":\"Monitoreo y an\u00e1lisis de la situaci\u00f3n geopol\u00edtica en el mundo y su implicancia en la Patagonia\",\"publisher\":{\"@id\":\"https:\\\/\\\/patagoniambiental.com.ar\\\/info\\\/#organization\"},\"potentialAction\":[{\"@type\":\"SearchAction\",\"target\":{\"@type\":\"EntryPoint\",\"urlTemplate\":\"https:\\\/\\\/patagoniambiental.com.ar\\\/info\\\/?s={search_term_string}\"},\"query-input\":{\"@type\":\"PropertyValueSpecification\",\"valueRequired\":true,\"valueName\":\"search_term_string\"}}],\"inLanguage\":\"es\"},{\"@type\":\"Organization\",\"@id\":\"https:\\\/\\\/patagoniambiental.com.ar\\\/info\\\/#organization\",\"name\":\"Patagonia Ambiental\",\"url\":\"https:\\\/\\\/patagoniambiental.com.ar\\\/info\\\/\",\"logo\":{\"@type\":\"ImageObject\",\"inLanguage\":\"es\",\"@id\":\"https:\\\/\\\/patagoniambiental.com.ar\\\/info\\\/#\\\/schema\\\/logo\\\/image\\\/\",\"url\":\"https:\\\/\\\/patagoniambiental.com.ar\\\/info\\\/wp-content\\\/uploads\\\/2025\\\/05\\\/LOGO-PATAGONIA-AMBIENTAL.png\",\"contentUrl\":\"https:\\\/\\\/patagoniambiental.com.ar\\\/info\\\/wp-content\\\/uploads\\\/2025\\\/05\\\/LOGO-PATAGONIA-AMBIENTAL.png\",\"width\":433,\"height\":250,\"caption\":\"Patagonia Ambiental\"},\"image\":{\"@id\":\"https:\\\/\\\/patagoniambiental.com.ar\\\/info\\\/#\\\/schema\\\/logo\\\/image\\\/\"},\"sameAs\":[\"https:\\\/\\\/www.facebook.com\\\/patagonia.ambiental\",\"https:\\\/\\\/x.com\\\/PatAmb\"]},{\"@type\":\"Person\",\"@id\":\"https:\\\/\\\/patagoniambiental.com.ar\\\/info\\\/#\\\/schema\\\/person\\\/db12bff64bbcbf6a253710bf0ea37b5d\",\"name\":\"Patagonia Ambiental\",\"description\":\"Andr\u00e9s Nievas T\u00e9cnico en manejo ambiental, consultor Ambiental y escritor para medios locales e internacionales sobre temas de geopolitica y medio ambiente.\",\"sameAs\":[\"http:\\\/\\\/www.patagoniambiental.com.ar\",\"https:\\\/\\\/www.facebook.com\\\/share\\\/1C1V8Gv9BX\\\/?mibextid=qi2Omg\",\"@patagoniambiental\",\"https:\\\/\\\/youtube.com\\\/@patagoniaambiental2023?si=BLt58t0wuXquxlYZ\"]}]}<\/script>\n<!-- \/ Yoast SEO Premium plugin. -->","yoast_head_json":{"title":"Contin\u00faa a buen ritmo el Plan Anual de Forestaci\u00f3n del Ente de Desarrollo de la Regi\u00f3n Sur","robots":{"index":"index","follow":"follow","max-snippet":"max-snippet:-1","max-image-preview":"max-image-preview:large","max-video-preview":"max-video-preview:-1"},"canonical":"https:\/\/patagoniambiental.com.ar\/info\/continua-a-buen-ritmo-el-plan-anual-de-forestacion-del-ente-de-desarrollo-de-la-region-sur\/","og_locale":"es_ES","og_type":"article","og_title":"Contin\u00faa a buen ritmo el Plan Anual de Forestaci\u00f3n del Ente de Desarrollo de la Regi\u00f3n Sur","og_description":"Regi\u00f3n Sur.-Casi un millar de especies nativas y ex\u00f3ticas producidas en viveros del Programa Forestal del Ente de la Regi\u00f3n [&hellip;]","og_url":"https:\/\/patagoniambiental.com.ar\/info\/continua-a-buen-ritmo-el-plan-anual-de-forestacion-del-ente-de-desarrollo-de-la-region-sur\/","og_site_name":"Patagonia Ambiental","article_publisher":"https:\/\/www.facebook.com\/patagonia.ambiental","article_author":"https:\/\/www.facebook.com\/share\/1C1V8Gv9BX\/?mibextid=qi2Omg","article_published_time":"2015-09-20T12:00:34+00:00","author":"Patagonia Ambiental","twitter_card":"summary_large_image","twitter_creator":"@PatAmb","twitter_site":"@PatAmb","schema":{"@context":"https:\/\/schema.org","@graph":[{"@type":"Article","@id":"https:\/\/patagoniambiental.com.ar\/info\/continua-a-buen-ritmo-el-plan-anual-de-forestacion-del-ente-de-desarrollo-de-la-region-sur\/#article","isPartOf":{"@id":"https:\/\/patagoniambiental.com.ar\/info\/continua-a-buen-ritmo-el-plan-anual-de-forestacion-del-ente-de-desarrollo-de-la-region-sur\/"},"author":{"name":"Patagonia Ambiental","@id":"https:\/\/patagoniambiental.com.ar\/info\/#\/schema\/person\/db12bff64bbcbf6a253710bf0ea37b5d"},"headline":"Contin\u00faa a buen ritmo el Plan Anual de Forestaci\u00f3n del Ente de Desarrollo de la Regi\u00f3n Sur","datePublished":"2015-09-20T12:00:34+00:00","mainEntityOfPage":{"@id":"https:\/\/patagoniambiental.com.ar\/info\/continua-a-buen-ritmo-el-plan-anual-de-forestacion-del-ente-de-desarrollo-de-la-region-sur\/"},"wordCount":295,"publisher":{"@id":"https:\/\/patagoniambiental.com.ar\/info\/#organization"},"image":{"@id":"https:\/\/patagoniambiental.com.ar\/info\/continua-a-buen-ritmo-el-plan-anual-de-forestacion-del-ente-de-desarrollo-de-la-region-sur\/#primaryimage"},"thumbnailUrl":"","articleSection":["Noticias","Provinciales","R\u00edo Negro"],"inLanguage":"es"},{"@type":"WebPage","@id":"https:\/\/patagoniambiental.com.ar\/info\/continua-a-buen-ritmo-el-plan-anual-de-forestacion-del-ente-de-desarrollo-de-la-region-sur\/","url":"https:\/\/patagoniambiental.com.ar\/info\/continua-a-buen-ritmo-el-plan-anual-de-forestacion-del-ente-de-desarrollo-de-la-region-sur\/","name":"Contin\u00faa a buen ritmo el Plan Anual de Forestaci\u00f3n del Ente de Desarrollo de la Regi\u00f3n Sur","isPartOf":{"@id":"https:\/\/patagoniambiental.com.ar\/info\/#website"},"primaryImageOfPage":{"@id":"https:\/\/patagoniambiental.com.ar\/info\/continua-a-buen-ritmo-el-plan-anual-de-forestacion-del-ente-de-desarrollo-de-la-region-sur\/#primaryimage"},"image":{"@id":"https:\/\/patagoniambiental.com.ar\/info\/continua-a-buen-ritmo-el-plan-anual-de-forestacion-del-ente-de-desarrollo-de-la-region-sur\/#primaryimage"},"thumbnailUrl":"","datePublished":"2015-09-20T12:00:34+00:00","breadcrumb":{"@id":"https:\/\/patagoniambiental.com.ar\/info\/continua-a-buen-ritmo-el-plan-anual-de-forestacion-del-ente-de-desarrollo-de-la-region-sur\/#breadcrumb"},"inLanguage":"es","potentialAction":[{"@type":"ReadAction","target":["https:\/\/patagoniambiental.com.ar\/info\/continua-a-buen-ritmo-el-plan-anual-de-forestacion-del-ente-de-desarrollo-de-la-region-sur\/"]}]},{"@type":"ImageObject","inLanguage":"es","@id":"https:\/\/patagoniambiental.com.ar\/info\/continua-a-buen-ritmo-el-plan-anual-de-forestacion-del-ente-de-desarrollo-de-la-region-sur\/#primaryimage","url":"","contentUrl":""},{"@type":"BreadcrumbList","@id":"https:\/\/patagoniambiental.com.ar\/info\/continua-a-buen-ritmo-el-plan-anual-de-forestacion-del-ente-de-desarrollo-de-la-region-sur\/#breadcrumb","itemListElement":[{"@type":"ListItem","position":1,"name":"Inicio","item":"https:\/\/patagoniambiental.com.ar\/info\/"},{"@type":"ListItem","position":2,"name":"Contin\u00faa a buen ritmo el Plan Anual de Forestaci\u00f3n del Ente de Desarrollo de la Regi\u00f3n Sur"}]},{"@type":"WebSite","@id":"https:\/\/patagoniambiental.com.ar\/info\/#website","url":"https:\/\/patagoniambiental.com.ar\/info\/","name":"Patagonia Ambiental","description":"Monitoreo y an\u00e1lisis de la situaci\u00f3n geopol\u00edtica en el mundo y su implicancia en la Patagonia","publisher":{"@id":"https:\/\/patagoniambiental.com.ar\/info\/#organization"},"potentialAction":[{"@type":"SearchAction","target":{"@type":"EntryPoint","urlTemplate":"https:\/\/patagoniambiental.com.ar\/info\/?s={search_term_string}"},"query-input":{"@type":"PropertyValueSpecification","valueRequired":true,"valueName":"search_term_string"}}],"inLanguage":"es"},{"@type":"Organization","@id":"https:\/\/patagoniambiental.com.ar\/info\/#organization","name":"Patagonia Ambiental","url":"https:\/\/patagoniambiental.com.ar\/info\/","logo":{"@type":"ImageObject","inLanguage":"es","@id":"https:\/\/patagoniambiental.com.ar\/info\/#\/schema\/logo\/image\/","url":"https:\/\/patagoniambiental.com.ar\/info\/wp-content\/uploads\/2025\/05\/LOGO-PATAGONIA-AMBIENTAL.png","contentUrl":"https:\/\/patagoniambiental.com.ar\/info\/wp-content\/uploads\/2025\/05\/LOGO-PATAGONIA-AMBIENTAL.png","width":433,"height":250,"caption":"Patagonia Ambiental"},"image":{"@id":"https:\/\/patagoniambiental.com.ar\/info\/#\/schema\/logo\/image\/"},"sameAs":["https:\/\/www.facebook.com\/patagonia.ambiental","https:\/\/x.com\/PatAmb"]},{"@type":"Person","@id":"https:\/\/patagoniambiental.com.ar\/info\/#\/schema\/person\/db12bff64bbcbf6a253710bf0ea37b5d","name":"Patagonia Ambiental","description":"Andr\u00e9s Nievas T\u00e9cnico en manejo ambiental, consultor Ambiental y escritor para medios locales e internacionales sobre temas de geopolitica y medio ambiente.","sameAs":["http:\/\/www.patagoniambiental.com.ar","https:\/\/www.facebook.com\/share\/1C1V8Gv9BX\/?mibextid=qi2Omg","@patagoniambiental","https:\/\/youtube.com\/@patagoniaambiental2023?si=BLt58t0wuXquxlYZ"]}]}},"_links":{"self":[{"href":"https:\/\/patagoniambiental.com.ar\/info\/wp-json\/wp\/v2\/posts\/14075","targetHints":{"allow":["GET"]}}],"collection":[{"href":"https:\/\/patagoniambiental.com.ar\/info\/wp-json\/wp\/v2\/posts"}],"about":[{"href":"https:\/\/patagoniambiental.com.ar\/info\/wp-json\/wp\/v2\/types\/post"}],"author":[{"embeddable":true,"href":"https:\/\/patagoniambiental.com.ar\/info\/wp-json\/wp\/v2\/users\/2"}],"replies":[{"embeddable":true,"href":"https:\/\/patagoniambiental.com.ar\/info\/wp-json\/wp\/v2\/comments?post=14075"}],"version-history":[{"count":0,"href":"https:\/\/patagoniambiental.com.ar\/info\/wp-json\/wp\/v2\/posts\/14075\/revisions"}],"wp:featuredmedia":[{"embeddable":true,"href":"https:\/\/patagoniambiental.com.ar\/info\/wp-json\/"}],"wp:attachment":[{"href":"https:\/\/patagoniambiental.com.ar\/info\/wp-json\/wp\/v2\/media?parent=14075"}],"wp:term":[{"taxonomy":"category","embeddable":true,"href":"https:\/\/patagoniambiental.com.ar\/info\/wp-json\/wp\/v2\/categories?post=14075"},{"taxonomy":"post_tag","embeddable":true,"href":"https:\/\/patagoniambiental.com.ar\/info\/wp-json\/wp\/v2\/tags?post=14075"}],"curies":[{"name":"wp","href":"https:\/\/api.w.org\/{rel}","templated":true}]}}