{"id":14137,"date":"2015-09-22T20:31:13","date_gmt":"2015-09-22T23:31:13","guid":{"rendered":"http:\/\/patagoniambiental.com.ar\/?p=14137"},"modified":"2015-09-22T20:31:13","modified_gmt":"2015-09-22T23:31:13","slug":"por-tercera-vez-consecutiva-rio-negro-participo-en-la-carrera-desafio-eco","status":"publish","type":"post","link":"https:\/\/patagoniambiental.com.ar\/info\/por-tercera-vez-consecutiva-rio-negro-participo-en-la-carrera-desafio-eco\/","title":{"rendered":"Por tercera vez consecutiva, R\u00edo Negro particip\u00f3 en la carrera \u00abDesaf\u00edo ECO\u00bb"},"content":{"rendered":"<p>Santa Rosa.-Estudiantes de tres escuelas t\u00e9cnicas de la provincia participaron el fin de semana pasado en el Aut\u00f3dromo Provincial de La Pampa, en la ciudad de Santa Rosa, de la 3\u00ba Fecha del Campeonato Argentino de Autos Ecol\u00f3gicos \u00abDesaf\u00edo ECO\u00bb.<!--more--><\/p>\n<div>La actividad convoc\u00f3 a m\u00e1s de 1.500 personas, entre alumnos y docentes de escuelas t\u00e9cnicas de todo el pa\u00eds y de Uruguay.<\/div>\n<div>Las escuelas t\u00e9cnicas que participaron fueron el Centro de Educaci\u00f3n T\u00e9cnica N\u00ba 1 de General Roca, con el auto N\u00ba 85; el Centro de Educaci\u00f3n T\u00e9cnica N\u00ba 6 de Viedma, con el auto N\u00ba 86; y el Centro de Educaci\u00f3n T\u00e9cnica N\u00ba 21 de la localidad de Catriel, con el auto N\u00ba 83.<\/div>\n<div>El encuentro consisti\u00f3 en una primera jornada de acreditaci\u00f3n de los equipos, verificaciones t\u00e9cnicas y pruebas de clasificaci\u00f3n. Mientras que, el domingo, se llev\u00f3 adelante la carrera final en un circuito que ten\u00eda una distancia total de 2.605 metros. Se trat\u00f3 de una sola carrera de resistencia, de una hora y media, donde obligadamente cada auto deb\u00eda ingresar a boxes para cambiar una vez de piloto.<\/div>\n<div>El \u201cDesaf\u00edo ECO\u201d es organizado por el Ministerio Nacional de Educaci\u00f3n, a trav\u00e9s del INET, a partir del cual se convoca a escuelas secundarias estatales y se financia la entrega de equipamientos necesarios para el armado de los autom\u00f3viles ecol\u00f3gicos. El dise\u00f1o y armado de los autos que compiten en cada carrera se realiza en las escuelas t\u00e9cnicas como parte de las pr\u00e1cticas formativas. El programa tiene por objetivo inculcar y promover en los estudiantes el cuidado del medio ambiente, la investigaci\u00f3n y la construcci\u00f3n.<\/div>\n<div>Participan 125 escuelas t\u00e9cnicas de Argentina y de Uruguay, cada escuela conforma equipos de competici\u00f3n compuestos por ocho personas: dos coordinadores docentes y seis alumnos, entre los cuales, dos son pilotos y cuatro asisten en el soporte t\u00e9cnico durante la carrera.<\/div>\n<div>\u00c9sta es la tercera participaci\u00f3n de los equipos rionegrinos en las carreras de \u201cDesaf\u00edo ECO\u201d 2015. La primera carrera de este a\u00f1o tuvo sede en el Aut\u00f3dromo \u00abOscar y Juan G\u00e1lvez\u00bb de la Ciudad Aut\u00f3noma de Buenos Aires; mientras que la segunda se corri\u00f3 en el \u00abCircuito Termas de R\u00edo Hondo\u00bb en la provincia de Santiago del Estero. La \u00faltima fecha ser\u00e1 el 4 de octubre en el Circuito Callejero de la ciudad de Balcarce.<\/div>\n<div><\/div>\n<div>Fuente: Gobierno de Rio Negro<\/div>\n","protected":false},"excerpt":{"rendered":"<p>Santa Rosa.-Estudiantes de tres escuelas t\u00e9cnicas de la provincia participaron el fin de semana pasado en el Aut\u00f3dromo Provincial de [&hellip;]<\/p>\n","protected":false},"author":2,"featured_media":14138,"comment_status":"closed","ping_status":"closed","sticky":false,"template":"","format":"standard","meta":{"site-sidebar-layout":"default","site-content-layout":"","ast-site-content-layout":"default","site-content-style":"default","site-sidebar-style":"default","ast-global-header-display":"","ast-banner-title-visibility":"","ast-main-header-display":"","ast-hfb-above-header-display":"","ast-hfb-below-header-display":"","ast-hfb-mobile-header-display":"","site-post-title":"","ast-breadcrumbs-content":"","ast-featured-img":"","footer-sml-layout":"","ast-disable-related-posts":"","theme-transparent-header-meta":"","adv-header-id-meta":"","stick-header-meta":"","header-above-stick-meta":"","header-main-stick-meta":"","header-below-stick-meta":"","astra-migrate-meta-layouts":"default","ast-page-background-enabled":"default","ast-page-background-meta":{"desktop":{"background-color":"var(--ast-global-color-5)","background-image":"","background-repeat":"repeat","background-position":"center center","background-size":"auto","background-attachment":"scroll","background-type":"","background-media":"","overlay-type":"","overlay-color":"","overlay-opacity":"","overlay-gradient":""},"tablet":{"background-color":"","background-image":"","background-repeat":"repeat","background-position":"center center","background-size":"auto","background-attachment":"scroll","background-type":"","background-media":"","overlay-type":"","overlay-color":"","overlay-opacity":"","overlay-gradient":""},"mobile":{"background-color":"","background-image":"","background-repeat":"repeat","background-position":"center center","background-size":"auto","background-attachment":"scroll","background-type":"","background-media":"","overlay-type":"","overlay-color":"","overlay-opacity":"","overlay-gradient":""}},"ast-content-background-meta":{"desktop":{"background-color":"var(--ast-global-color-4)","background-image":"","background-repeat":"repeat","background-position":"center center","background-size":"auto","background-attachment":"scroll","background-type":"","background-media":"","overlay-type":"","overlay-color":"","overlay-opacity":"","overlay-gradient":""},"tablet":{"background-color":"var(--ast-global-color-4)","background-image":"","background-repeat":"repeat","background-position":"center center","background-size":"auto","background-attachment":"scroll","background-type":"","background-media":"","overlay-type":"","overlay-color":"","overlay-opacity":"","overlay-gradient":""},"mobile":{"background-color":"var(--ast-global-color-4)","background-image":"","background-repeat":"repeat","background-position":"center center","background-size":"auto","background-attachment":"scroll","background-type":"","background-media":"","overlay-type":"","overlay-color":"","overlay-opacity":"","overlay-gradient":""}},"footnotes":""},"categories":[59,1,13],"tags":[],"class_list":["post-14137","post","type-post","status-publish","format-standard","has-post-thumbnail","hentry","category-la-pampa","category-noticias","category-provinciales"],"yoast_head":"<!-- This site is optimized with the Yoast SEO Premium plugin v23.0 (Yoast SEO v27.5) - https:\/\/yoast.com\/product\/yoast-seo-premium-wordpress\/ -->\n<title>Por tercera vez consecutiva, R\u00edo Negro particip\u00f3 en la carrera &quot;Desaf\u00edo ECO&quot;<\/title>\n<meta name=\"robots\" content=\"index, follow, max-snippet:-1, max-image-preview:large, max-video-preview:-1\" \/>\n<link rel=\"canonical\" href=\"https:\/\/patagoniambiental.com.ar\/info\/por-tercera-vez-consecutiva-rio-negro-participo-en-la-carrera-desafio-eco\/\" \/>\n<meta property=\"og:locale\" content=\"es_ES\" \/>\n<meta property=\"og:type\" content=\"article\" \/>\n<meta property=\"og:title\" content=\"Por tercera vez consecutiva, R\u00edo Negro particip\u00f3 en la carrera &quot;Desaf\u00edo ECO&quot;\" \/>\n<meta property=\"og:description\" content=\"Santa Rosa.-Estudiantes de tres escuelas t\u00e9cnicas de la provincia participaron el fin de semana pasado en el Aut\u00f3dromo Provincial de [&hellip;]\" \/>\n<meta property=\"og:url\" content=\"https:\/\/patagoniambiental.com.ar\/info\/por-tercera-vez-consecutiva-rio-negro-participo-en-la-carrera-desafio-eco\/\" \/>\n<meta property=\"og:site_name\" content=\"Patagonia Ambiental\" \/>\n<meta property=\"article:publisher\" content=\"https:\/\/www.facebook.com\/patagonia.ambiental\" \/>\n<meta property=\"article:author\" content=\"https:\/\/www.facebook.com\/share\/1C1V8Gv9BX\/?mibextid=qi2Omg\" \/>\n<meta property=\"article:published_time\" content=\"2015-09-22T23:31:13+00:00\" \/>\n<meta name=\"author\" content=\"Patagonia Ambiental\" \/>\n<meta name=\"twitter:card\" content=\"summary_large_image\" \/>\n<meta name=\"twitter:creator\" content=\"@PatAmb\" \/>\n<meta name=\"twitter:site\" content=\"@PatAmb\" \/>\n<script type=\"application\/ld+json\" class=\"yoast-schema-graph\">{\"@context\":\"https:\\\/\\\/schema.org\",\"@graph\":[{\"@type\":\"Article\",\"@id\":\"https:\\\/\\\/patagoniambiental.com.ar\\\/info\\\/por-tercera-vez-consecutiva-rio-negro-participo-en-la-carrera-desafio-eco\\\/#article\",\"isPartOf\":{\"@id\":\"https:\\\/\\\/patagoniambiental.com.ar\\\/info\\\/por-tercera-vez-consecutiva-rio-negro-participo-en-la-carrera-desafio-eco\\\/\"},\"author\":{\"name\":\"Patagonia Ambiental\",\"@id\":\"https:\\\/\\\/patagoniambiental.com.ar\\\/info\\\/#\\\/schema\\\/person\\\/db12bff64bbcbf6a253710bf0ea37b5d\"},\"headline\":\"Por tercera vez consecutiva, R\u00edo Negro particip\u00f3 en la carrera \u00abDesaf\u00edo ECO\u00bb\",\"datePublished\":\"2015-09-22T23:31:13+00:00\",\"mainEntityOfPage\":{\"@id\":\"https:\\\/\\\/patagoniambiental.com.ar\\\/info\\\/por-tercera-vez-consecutiva-rio-negro-participo-en-la-carrera-desafio-eco\\\/\"},\"wordCount\":429,\"publisher\":{\"@id\":\"https:\\\/\\\/patagoniambiental.com.ar\\\/info\\\/#organization\"},\"image\":{\"@id\":\"https:\\\/\\\/patagoniambiental.com.ar\\\/info\\\/por-tercera-vez-consecutiva-rio-negro-participo-en-la-carrera-desafio-eco\\\/#primaryimage\"},\"thumbnailUrl\":\"\",\"articleSection\":[\"La Pampa\",\"Noticias\",\"Provinciales\"],\"inLanguage\":\"es\"},{\"@type\":\"WebPage\",\"@id\":\"https:\\\/\\\/patagoniambiental.com.ar\\\/info\\\/por-tercera-vez-consecutiva-rio-negro-participo-en-la-carrera-desafio-eco\\\/\",\"url\":\"https:\\\/\\\/patagoniambiental.com.ar\\\/info\\\/por-tercera-vez-consecutiva-rio-negro-participo-en-la-carrera-desafio-eco\\\/\",\"name\":\"Por tercera vez consecutiva, R\u00edo Negro particip\u00f3 en la carrera \\\"Desaf\u00edo ECO\\\"\",\"isPartOf\":{\"@id\":\"https:\\\/\\\/patagoniambiental.com.ar\\\/info\\\/#website\"},\"primaryImageOfPage\":{\"@id\":\"https:\\\/\\\/patagoniambiental.com.ar\\\/info\\\/por-tercera-vez-consecutiva-rio-negro-participo-en-la-carrera-desafio-eco\\\/#primaryimage\"},\"image\":{\"@id\":\"https:\\\/\\\/patagoniambiental.com.ar\\\/info\\\/por-tercera-vez-consecutiva-rio-negro-participo-en-la-carrera-desafio-eco\\\/#primaryimage\"},\"thumbnailUrl\":\"\",\"datePublished\":\"2015-09-22T23:31:13+00:00\",\"breadcrumb\":{\"@id\":\"https:\\\/\\\/patagoniambiental.com.ar\\\/info\\\/por-tercera-vez-consecutiva-rio-negro-participo-en-la-carrera-desafio-eco\\\/#breadcrumb\"},\"inLanguage\":\"es\",\"potentialAction\":[{\"@type\":\"ReadAction\",\"target\":[\"https:\\\/\\\/patagoniambiental.com.ar\\\/info\\\/por-tercera-vez-consecutiva-rio-negro-participo-en-la-carrera-desafio-eco\\\/\"]}]},{\"@type\":\"ImageObject\",\"inLanguage\":\"es\",\"@id\":\"https:\\\/\\\/patagoniambiental.com.ar\\\/info\\\/por-tercera-vez-consecutiva-rio-negro-participo-en-la-carrera-desafio-eco\\\/#primaryimage\",\"url\":\"\",\"contentUrl\":\"\"},{\"@type\":\"BreadcrumbList\",\"@id\":\"https:\\\/\\\/patagoniambiental.com.ar\\\/info\\\/por-tercera-vez-consecutiva-rio-negro-participo-en-la-carrera-desafio-eco\\\/#breadcrumb\",\"itemListElement\":[{\"@type\":\"ListItem\",\"position\":1,\"name\":\"Inicio\",\"item\":\"https:\\\/\\\/patagoniambiental.com.ar\\\/info\\\/\"},{\"@type\":\"ListItem\",\"position\":2,\"name\":\"Por tercera vez consecutiva, R\u00edo Negro particip\u00f3 en la carrera \u00abDesaf\u00edo ECO\u00bb\"}]},{\"@type\":\"WebSite\",\"@id\":\"https:\\\/\\\/patagoniambiental.com.ar\\\/info\\\/#website\",\"url\":\"https:\\\/\\\/patagoniambiental.com.ar\\\/info\\\/\",\"name\":\"Patagonia Ambiental\",\"description\":\"Monitoreo y an\u00e1lisis de la situaci\u00f3n geopol\u00edtica en el mundo y su implicancia en la Patagonia\",\"publisher\":{\"@id\":\"https:\\\/\\\/patagoniambiental.com.ar\\\/info\\\/#organization\"},\"potentialAction\":[{\"@type\":\"SearchAction\",\"target\":{\"@type\":\"EntryPoint\",\"urlTemplate\":\"https:\\\/\\\/patagoniambiental.com.ar\\\/info\\\/?s={search_term_string}\"},\"query-input\":{\"@type\":\"PropertyValueSpecification\",\"valueRequired\":true,\"valueName\":\"search_term_string\"}}],\"inLanguage\":\"es\"},{\"@type\":\"Organization\",\"@id\":\"https:\\\/\\\/patagoniambiental.com.ar\\\/info\\\/#organization\",\"name\":\"Patagonia Ambiental\",\"url\":\"https:\\\/\\\/patagoniambiental.com.ar\\\/info\\\/\",\"logo\":{\"@type\":\"ImageObject\",\"inLanguage\":\"es\",\"@id\":\"https:\\\/\\\/patagoniambiental.com.ar\\\/info\\\/#\\\/schema\\\/logo\\\/image\\\/\",\"url\":\"https:\\\/\\\/patagoniambiental.com.ar\\\/info\\\/wp-content\\\/uploads\\\/2025\\\/05\\\/LOGO-PATAGONIA-AMBIENTAL.png\",\"contentUrl\":\"https:\\\/\\\/patagoniambiental.com.ar\\\/info\\\/wp-content\\\/uploads\\\/2025\\\/05\\\/LOGO-PATAGONIA-AMBIENTAL.png\",\"width\":433,\"height\":250,\"caption\":\"Patagonia Ambiental\"},\"image\":{\"@id\":\"https:\\\/\\\/patagoniambiental.com.ar\\\/info\\\/#\\\/schema\\\/logo\\\/image\\\/\"},\"sameAs\":[\"https:\\\/\\\/www.facebook.com\\\/patagonia.ambiental\",\"https:\\\/\\\/x.com\\\/PatAmb\"]},{\"@type\":\"Person\",\"@id\":\"https:\\\/\\\/patagoniambiental.com.ar\\\/info\\\/#\\\/schema\\\/person\\\/db12bff64bbcbf6a253710bf0ea37b5d\",\"name\":\"Patagonia Ambiental\",\"description\":\"Andr\u00e9s Nievas T\u00e9cnico en manejo ambiental, consultor Ambiental y escritor para medios locales e internacionales sobre temas de geopolitica y medio ambiente.\",\"sameAs\":[\"http:\\\/\\\/www.patagoniambiental.com.ar\",\"https:\\\/\\\/www.facebook.com\\\/share\\\/1C1V8Gv9BX\\\/?mibextid=qi2Omg\",\"@patagoniambiental\",\"https:\\\/\\\/youtube.com\\\/@patagoniaambiental2023?si=BLt58t0wuXquxlYZ\"]}]}<\/script>\n<!-- \/ Yoast SEO Premium plugin. -->","yoast_head_json":{"title":"Por tercera vez consecutiva, R\u00edo Negro particip\u00f3 en la carrera \"Desaf\u00edo ECO\"","robots":{"index":"index","follow":"follow","max-snippet":"max-snippet:-1","max-image-preview":"max-image-preview:large","max-video-preview":"max-video-preview:-1"},"canonical":"https:\/\/patagoniambiental.com.ar\/info\/por-tercera-vez-consecutiva-rio-negro-participo-en-la-carrera-desafio-eco\/","og_locale":"es_ES","og_type":"article","og_title":"Por tercera vez consecutiva, R\u00edo Negro particip\u00f3 en la carrera \"Desaf\u00edo ECO\"","og_description":"Santa Rosa.-Estudiantes de tres escuelas t\u00e9cnicas de la provincia participaron el fin de semana pasado en el Aut\u00f3dromo Provincial de [&hellip;]","og_url":"https:\/\/patagoniambiental.com.ar\/info\/por-tercera-vez-consecutiva-rio-negro-participo-en-la-carrera-desafio-eco\/","og_site_name":"Patagonia Ambiental","article_publisher":"https:\/\/www.facebook.com\/patagonia.ambiental","article_author":"https:\/\/www.facebook.com\/share\/1C1V8Gv9BX\/?mibextid=qi2Omg","article_published_time":"2015-09-22T23:31:13+00:00","author":"Patagonia Ambiental","twitter_card":"summary_large_image","twitter_creator":"@PatAmb","twitter_site":"@PatAmb","schema":{"@context":"https:\/\/schema.org","@graph":[{"@type":"Article","@id":"https:\/\/patagoniambiental.com.ar\/info\/por-tercera-vez-consecutiva-rio-negro-participo-en-la-carrera-desafio-eco\/#article","isPartOf":{"@id":"https:\/\/patagoniambiental.com.ar\/info\/por-tercera-vez-consecutiva-rio-negro-participo-en-la-carrera-desafio-eco\/"},"author":{"name":"Patagonia Ambiental","@id":"https:\/\/patagoniambiental.com.ar\/info\/#\/schema\/person\/db12bff64bbcbf6a253710bf0ea37b5d"},"headline":"Por tercera vez consecutiva, R\u00edo Negro particip\u00f3 en la carrera \u00abDesaf\u00edo ECO\u00bb","datePublished":"2015-09-22T23:31:13+00:00","mainEntityOfPage":{"@id":"https:\/\/patagoniambiental.com.ar\/info\/por-tercera-vez-consecutiva-rio-negro-participo-en-la-carrera-desafio-eco\/"},"wordCount":429,"publisher":{"@id":"https:\/\/patagoniambiental.com.ar\/info\/#organization"},"image":{"@id":"https:\/\/patagoniambiental.com.ar\/info\/por-tercera-vez-consecutiva-rio-negro-participo-en-la-carrera-desafio-eco\/#primaryimage"},"thumbnailUrl":"","articleSection":["La Pampa","Noticias","Provinciales"],"inLanguage":"es"},{"@type":"WebPage","@id":"https:\/\/patagoniambiental.com.ar\/info\/por-tercera-vez-consecutiva-rio-negro-participo-en-la-carrera-desafio-eco\/","url":"https:\/\/patagoniambiental.com.ar\/info\/por-tercera-vez-consecutiva-rio-negro-participo-en-la-carrera-desafio-eco\/","name":"Por tercera vez consecutiva, R\u00edo Negro particip\u00f3 en la carrera \"Desaf\u00edo ECO\"","isPartOf":{"@id":"https:\/\/patagoniambiental.com.ar\/info\/#website"},"primaryImageOfPage":{"@id":"https:\/\/patagoniambiental.com.ar\/info\/por-tercera-vez-consecutiva-rio-negro-participo-en-la-carrera-desafio-eco\/#primaryimage"},"image":{"@id":"https:\/\/patagoniambiental.com.ar\/info\/por-tercera-vez-consecutiva-rio-negro-participo-en-la-carrera-desafio-eco\/#primaryimage"},"thumbnailUrl":"","datePublished":"2015-09-22T23:31:13+00:00","breadcrumb":{"@id":"https:\/\/patagoniambiental.com.ar\/info\/por-tercera-vez-consecutiva-rio-negro-participo-en-la-carrera-desafio-eco\/#breadcrumb"},"inLanguage":"es","potentialAction":[{"@type":"ReadAction","target":["https:\/\/patagoniambiental.com.ar\/info\/por-tercera-vez-consecutiva-rio-negro-participo-en-la-carrera-desafio-eco\/"]}]},{"@type":"ImageObject","inLanguage":"es","@id":"https:\/\/patagoniambiental.com.ar\/info\/por-tercera-vez-consecutiva-rio-negro-participo-en-la-carrera-desafio-eco\/#primaryimage","url":"","contentUrl":""},{"@type":"BreadcrumbList","@id":"https:\/\/patagoniambiental.com.ar\/info\/por-tercera-vez-consecutiva-rio-negro-participo-en-la-carrera-desafio-eco\/#breadcrumb","itemListElement":[{"@type":"ListItem","position":1,"name":"Inicio","item":"https:\/\/patagoniambiental.com.ar\/info\/"},{"@type":"ListItem","position":2,"name":"Por tercera vez consecutiva, R\u00edo Negro particip\u00f3 en la carrera \u00abDesaf\u00edo ECO\u00bb"}]},{"@type":"WebSite","@id":"https:\/\/patagoniambiental.com.ar\/info\/#website","url":"https:\/\/patagoniambiental.com.ar\/info\/","name":"Patagonia Ambiental","description":"Monitoreo y an\u00e1lisis de la situaci\u00f3n geopol\u00edtica en el mundo y su implicancia en la Patagonia","publisher":{"@id":"https:\/\/patagoniambiental.com.ar\/info\/#organization"},"potentialAction":[{"@type":"SearchAction","target":{"@type":"EntryPoint","urlTemplate":"https:\/\/patagoniambiental.com.ar\/info\/?s={search_term_string}"},"query-input":{"@type":"PropertyValueSpecification","valueRequired":true,"valueName":"search_term_string"}}],"inLanguage":"es"},{"@type":"Organization","@id":"https:\/\/patagoniambiental.com.ar\/info\/#organization","name":"Patagonia Ambiental","url":"https:\/\/patagoniambiental.com.ar\/info\/","logo":{"@type":"ImageObject","inLanguage":"es","@id":"https:\/\/patagoniambiental.com.ar\/info\/#\/schema\/logo\/image\/","url":"https:\/\/patagoniambiental.com.ar\/info\/wp-content\/uploads\/2025\/05\/LOGO-PATAGONIA-AMBIENTAL.png","contentUrl":"https:\/\/patagoniambiental.com.ar\/info\/wp-content\/uploads\/2025\/05\/LOGO-PATAGONIA-AMBIENTAL.png","width":433,"height":250,"caption":"Patagonia Ambiental"},"image":{"@id":"https:\/\/patagoniambiental.com.ar\/info\/#\/schema\/logo\/image\/"},"sameAs":["https:\/\/www.facebook.com\/patagonia.ambiental","https:\/\/x.com\/PatAmb"]},{"@type":"Person","@id":"https:\/\/patagoniambiental.com.ar\/info\/#\/schema\/person\/db12bff64bbcbf6a253710bf0ea37b5d","name":"Patagonia Ambiental","description":"Andr\u00e9s Nievas T\u00e9cnico en manejo ambiental, consultor Ambiental y escritor para medios locales e internacionales sobre temas de geopolitica y medio ambiente.","sameAs":["http:\/\/www.patagoniambiental.com.ar","https:\/\/www.facebook.com\/share\/1C1V8Gv9BX\/?mibextid=qi2Omg","@patagoniambiental","https:\/\/youtube.com\/@patagoniaambiental2023?si=BLt58t0wuXquxlYZ"]}]}},"_links":{"self":[{"href":"https:\/\/patagoniambiental.com.ar\/info\/wp-json\/wp\/v2\/posts\/14137","targetHints":{"allow":["GET"]}}],"collection":[{"href":"https:\/\/patagoniambiental.com.ar\/info\/wp-json\/wp\/v2\/posts"}],"about":[{"href":"https:\/\/patagoniambiental.com.ar\/info\/wp-json\/wp\/v2\/types\/post"}],"author":[{"embeddable":true,"href":"https:\/\/patagoniambiental.com.ar\/info\/wp-json\/wp\/v2\/users\/2"}],"replies":[{"embeddable":true,"href":"https:\/\/patagoniambiental.com.ar\/info\/wp-json\/wp\/v2\/comments?post=14137"}],"version-history":[{"count":0,"href":"https:\/\/patagoniambiental.com.ar\/info\/wp-json\/wp\/v2\/posts\/14137\/revisions"}],"wp:featuredmedia":[{"embeddable":true,"href":"https:\/\/patagoniambiental.com.ar\/info\/wp-json\/"}],"wp:attachment":[{"href":"https:\/\/patagoniambiental.com.ar\/info\/wp-json\/wp\/v2\/media?parent=14137"}],"wp:term":[{"taxonomy":"category","embeddable":true,"href":"https:\/\/patagoniambiental.com.ar\/info\/wp-json\/wp\/v2\/categories?post=14137"},{"taxonomy":"post_tag","embeddable":true,"href":"https:\/\/patagoniambiental.com.ar\/info\/wp-json\/wp\/v2\/tags?post=14137"}],"curies":[{"name":"wp","href":"https:\/\/api.w.org\/{rel}","templated":true}]}}