{"id":14140,"date":"2015-09-23T09:00:20","date_gmt":"2015-09-23T12:00:20","guid":{"rendered":"http:\/\/patagoniambiental.com.ar\/?p=14140"},"modified":"2015-09-23T09:00:20","modified_gmt":"2015-09-23T12:00:20","slug":"rabolini-bertone-y-vuoto-recorrieron-moderna-planta-de-reciclado","status":"publish","type":"post","link":"https:\/\/patagoniambiental.com.ar\/info\/rabolini-bertone-y-vuoto-recorrieron-moderna-planta-de-reciclado\/","title":{"rendered":"Rabolini, Bertone y Vuoto, recorrieron moderna planta de reciclado"},"content":{"rendered":"<p>Ushuaia.-<!-- <content> -->La Gobernadora Electa y la Presidenta de la Fundaci\u00f3n Banco Provincia (Bapro), Karina Rabolini, recorrieron en Ushuaia la moderna planta de reciclado Eco Pulpo del Grupo Newsan. <!--more--><\/p>\n<p>Lo hicieron junto a directivos de la empresa y junto al intendente electo Walter Vuoto. \u201cLa importancia de tener una segunda etapa en el proceso productivo, que tenga que ver con la posibilidad del reciclado, es algo para replicar en distintos puntos del pa\u00eds\u201d, manifest\u00f3 Rabolini. Por su parte Bertone destac\u00f3 la generaci\u00f3n de nuevos puestos de trabajo a partir de esta nueva planta de reciclado. \u201cAspiramos con Walter (Vuoto) a mejorar toda la cuesti\u00f3n ambiental de la ciudad, no s\u00f3lo en lo que tiene que ver con el residuo voluminoso sino tambi\u00e9n con el domiciliario\u201d, anticip\u00f3.<\/p>\n<div class=\"general_content\">\n<div class=\"content two_columns\">\n<div id=\"div_contenido\" class=\"left_column\">\n<div class=\"big_news\">\n<div id=\"content\" class=\"txt_big_news\">La senadora y gobernadora electa, Rosana Bertone, recorri\u00f3 junto a Karina Rabolini y el intendente electo Walter Vuoto, la moderna planta de reciclado \u201cEco Pulpo\u201d que el Grupo Newsan puso en marcha en la ex Sanyo de la ciudad de Ushuaia.<br \/>\nLas autoridades tomaron contacto con el proceso productivo que fue detallado por el director de Eco Pulpo, Nicol\u00e1s Cher\u00f1ajovsky y por el gerente de la empresa, Pablo Holmes. Los mismos pusieron al tanto de c\u00f3mo han evitado que 800 metros c\u00fabicos diarios de cart\u00f3n y residuos industriales puedan ser reciclados, evitando que los mismos lleguen al relleno sanitario.<br \/>\nAcompa\u00f1ando a Bertone, Rabolini y Vuoto, tambi\u00e9n participaron de la recorrida el candidato a diputado por el Frente para la Victoria, Mat\u00edas Rodr\u00edguez y la concejal de R\u00edo Grande, Laura Colazo.<br \/>\nTras tomar contacto directo con el proceso de reciclaje, Rabolini dijo haber quedado \u201cimpactada porque me parece fant\u00e1stico que gente joven se involucre en el cuidado del medioambiente y busque cambiar las cosas\u201d. \u201cCuando uno quiere un pa\u00eds que produzca cada vez m\u00e1s tambi\u00e9n hay que tener consciencia del cuidado del ambiente\u201d, manifest\u00f3.<br \/>\nLa esposa del candidato presidenciable y gobernador de Buenos Aires, Daniel Scioli, dijo que \u201cver que esto ya se est\u00e1 haciendo en Argentina, en una f\u00e1brica modelo, es algo que la verdad me llena de orgullo\u201d.<br \/>\nRabolini mencion\u00f3 que \u201ctodo es reciclable y aprovechable y hasta cosas que se fabrican ac\u00e1, en Tierra del Fuego, despu\u00e9s pueden volver a reciclarse. Esto te genera mucha esperanza. Es importante que se comience realmente a tomar consciencia del cuidado del ambiente\u201d.<br \/>\nEn ese sentido consider\u00f3 necesario que \u201cse tome consciencia en todo el sector industrial de la Argentina, ya que la importancia de tener una segunda etapa que tenga que ver con la posibilidad del reciclado, como en este caso con una planta modelo, es algo para replicar en distintos puntos del pa\u00eds\u201d.<br \/>\n\u201cEn el caso de Tierra del Fuego es una isla y es importante que se considere este punto. Tienen por suerte una gran gobernadora (por Rosana Bertone) y un gran intendente (por Walter Vuoto) que tambi\u00e9n tienen consciencia de lo que eso significa\u201d, sostuvo Rabolini.<\/p>\n<p><strong>Bertone destac\u00f3 la iniciativa y el compromiso empresario <\/strong><\/p>\n<p>Por su parte Bertone confront\u00f3 las menciones de algunos medios que a trav\u00e9s del lobby buscan instalar que en Tierra del Fuego no se produce nada. Al respecto sostuvo que \u201cnos llevamos un impacto muy positivo porque esto es para poder mostrar a toda la Argentina, que nosotros producimos en la matriz industrial que tenemos. A partir de ahora integramos el desecho industrial a una cuesti\u00f3n ambiental\u201d.<br \/>\n\u201cTodo este volumen de lo que se recicla actualmente, anteriormente iba al relleno sanitario. Hoy no s\u00f3lo no tenemos esa basura engrosando nuestro relleno, sino el hecho de que se recicle aqu\u00ed y se pueda reutilizar para otra cosa, es sumamente positivo\u201d, destac\u00f3 la Senadora.<br \/>\n\u201cAspiramos a que la industria de R\u00edo Grande tenga este mismo modelo y tambi\u00e9n aspiramos a que sea un ejemplo para toda la Argentina\u201d, manifest\u00f3 la Senadora, agregando que se buscar\u00e1 \u201cpromocionar este tipo de actividades, quiz\u00e1s con leyes que obliguen a que la industria tome esta iniciativa para no seguir generando m\u00e1s residuos, que siempre ha sido un problema en nuestra provincia\u201d.<br \/>\nEsta planta \u201ces un ejemplo concreto de que las cosas se pueden resolver y se pueden resolver bien\u201d asegur\u00f3, destacando que \u201cadem\u00e1s en este caso se han generado ochenta nuevos puestos de trabajo directos m\u00e1s el trabajo indirecto\u201d que se genera.<br \/>\nLa Gobernadora electa manifest\u00f3 que \u201caspiramos con Walter (Vuoto) a mejorar toda la cuesti\u00f3n ambiental de la ciudad, no s\u00f3lo en lo que tiene que ver con el residuo voluminoso sino tambi\u00e9n con el domiciliario\u201d.<br \/>\nPor \u00faltimo consider\u00f3 que hay que prestar especial atenci\u00f3n a \u201clo vinculado a nuestro paisaje, la costa, y a la cuesti\u00f3n ambiental, si es que queremos seguir vendiendo una Ushuaia tur\u00edstica. La cuesti\u00f3n ambiental es sustancial para poder mostrar esta ciudad como corresponde\u201d.<\/p><\/div>\n<\/div>\n<\/div>\n<\/div>\n<\/div>\n","protected":false},"excerpt":{"rendered":"<p>Ushuaia.-La Gobernadora Electa y la Presidenta de la Fundaci\u00f3n Banco Provincia (Bapro), Karina Rabolini, recorrieron en Ushuaia la moderna planta [&hellip;]<\/p>\n","protected":false},"author":2,"featured_media":14141,"comment_status":"closed","ping_status":"closed","sticky":false,"template":"","format":"standard","meta":{"site-sidebar-layout":"default","site-content-layout":"","ast-site-content-layout":"default","site-content-style":"default","site-sidebar-style":"default","ast-global-header-display":"","ast-banner-title-visibility":"","ast-main-header-display":"","ast-hfb-above-header-display":"","ast-hfb-below-header-display":"","ast-hfb-mobile-header-display":"","site-post-title":"","ast-breadcrumbs-content":"","ast-featured-img":"","footer-sml-layout":"","ast-disable-related-posts":"","theme-transparent-header-meta":"","adv-header-id-meta":"","stick-header-meta":"","header-above-stick-meta":"","header-main-stick-meta":"","header-below-stick-meta":"","astra-migrate-meta-layouts":"default","ast-page-background-enabled":"default","ast-page-background-meta":{"desktop":{"background-color":"var(--ast-global-color-5)","background-image":"","background-repeat":"repeat","background-position":"center center","background-size":"auto","background-attachment":"scroll","background-type":"","background-media":"","overlay-type":"","overlay-color":"","overlay-opacity":"","overlay-gradient":""},"tablet":{"background-color":"","background-image":"","background-repeat":"repeat","background-position":"center center","background-size":"auto","background-attachment":"scroll","background-type":"","background-media":"","overlay-type":"","overlay-color":"","overlay-opacity":"","overlay-gradient":""},"mobile":{"background-color":"","background-image":"","background-repeat":"repeat","background-position":"center center","background-size":"auto","background-attachment":"scroll","background-type":"","background-media":"","overlay-type":"","overlay-color":"","overlay-opacity":"","overlay-gradient":""}},"ast-content-background-meta":{"desktop":{"background-color":"var(--ast-global-color-4)","background-image":"","background-repeat":"repeat","background-position":"center center","background-size":"auto","background-attachment":"scroll","background-type":"","background-media":"","overlay-type":"","overlay-color":"","overlay-opacity":"","overlay-gradient":""},"tablet":{"background-color":"var(--ast-global-color-4)","background-image":"","background-repeat":"repeat","background-position":"center center","background-size":"auto","background-attachment":"scroll","background-type":"","background-media":"","overlay-type":"","overlay-color":"","overlay-opacity":"","overlay-gradient":""},"mobile":{"background-color":"var(--ast-global-color-4)","background-image":"","background-repeat":"repeat","background-position":"center center","background-size":"auto","background-attachment":"scroll","background-type":"","background-media":"","overlay-type":"","overlay-color":"","overlay-opacity":"","overlay-gradient":""}},"footnotes":""},"categories":[1,13,25],"tags":[],"class_list":["post-14140","post","type-post","status-publish","format-standard","has-post-thumbnail","hentry","category-noticias","category-provinciales","category-tierra-del-fuego"],"yoast_head":"<!-- This site is optimized with the Yoast SEO Premium plugin v23.0 (Yoast SEO v27.5) - https:\/\/yoast.com\/product\/yoast-seo-premium-wordpress\/ -->\n<title>Rabolini, Bertone y Vuoto, recorrieron moderna planta de reciclado<\/title>\n<meta name=\"robots\" content=\"index, follow, max-snippet:-1, max-image-preview:large, max-video-preview:-1\" \/>\n<link rel=\"canonical\" href=\"https:\/\/patagoniambiental.com.ar\/info\/rabolini-bertone-y-vuoto-recorrieron-moderna-planta-de-reciclado\/\" \/>\n<meta property=\"og:locale\" content=\"es_ES\" \/>\n<meta property=\"og:type\" content=\"article\" \/>\n<meta property=\"og:title\" content=\"Rabolini, Bertone y Vuoto, recorrieron moderna planta de reciclado\" \/>\n<meta property=\"og:description\" content=\"Ushuaia.-La Gobernadora Electa y la Presidenta de la Fundaci\u00f3n Banco Provincia (Bapro), Karina Rabolini, recorrieron en Ushuaia la moderna planta [&hellip;]\" \/>\n<meta property=\"og:url\" content=\"https:\/\/patagoniambiental.com.ar\/info\/rabolini-bertone-y-vuoto-recorrieron-moderna-planta-de-reciclado\/\" \/>\n<meta property=\"og:site_name\" content=\"Patagonia Ambiental\" \/>\n<meta property=\"article:publisher\" content=\"https:\/\/www.facebook.com\/patagonia.ambiental\" \/>\n<meta property=\"article:author\" content=\"https:\/\/www.facebook.com\/share\/1C1V8Gv9BX\/?mibextid=qi2Omg\" \/>\n<meta property=\"article:published_time\" content=\"2015-09-23T12:00:20+00:00\" \/>\n<meta name=\"author\" content=\"Patagonia Ambiental\" \/>\n<meta name=\"twitter:card\" content=\"summary_large_image\" \/>\n<meta name=\"twitter:creator\" content=\"@PatAmb\" \/>\n<meta name=\"twitter:site\" content=\"@PatAmb\" \/>\n<script type=\"application\/ld+json\" class=\"yoast-schema-graph\">{\"@context\":\"https:\\\/\\\/schema.org\",\"@graph\":[{\"@type\":\"Article\",\"@id\":\"https:\\\/\\\/patagoniambiental.com.ar\\\/info\\\/rabolini-bertone-y-vuoto-recorrieron-moderna-planta-de-reciclado\\\/#article\",\"isPartOf\":{\"@id\":\"https:\\\/\\\/patagoniambiental.com.ar\\\/info\\\/rabolini-bertone-y-vuoto-recorrieron-moderna-planta-de-reciclado\\\/\"},\"author\":{\"name\":\"Patagonia Ambiental\",\"@id\":\"https:\\\/\\\/patagoniambiental.com.ar\\\/info\\\/#\\\/schema\\\/person\\\/db12bff64bbcbf6a253710bf0ea37b5d\"},\"headline\":\"Rabolini, Bertone y Vuoto, recorrieron moderna planta de reciclado\",\"datePublished\":\"2015-09-23T12:00:20+00:00\",\"mainEntityOfPage\":{\"@id\":\"https:\\\/\\\/patagoniambiental.com.ar\\\/info\\\/rabolini-bertone-y-vuoto-recorrieron-moderna-planta-de-reciclado\\\/\"},\"wordCount\":833,\"publisher\":{\"@id\":\"https:\\\/\\\/patagoniambiental.com.ar\\\/info\\\/#organization\"},\"image\":{\"@id\":\"https:\\\/\\\/patagoniambiental.com.ar\\\/info\\\/rabolini-bertone-y-vuoto-recorrieron-moderna-planta-de-reciclado\\\/#primaryimage\"},\"thumbnailUrl\":\"\",\"articleSection\":[\"Noticias\",\"Provinciales\",\"Tierra del Fuego\"],\"inLanguage\":\"es\"},{\"@type\":\"WebPage\",\"@id\":\"https:\\\/\\\/patagoniambiental.com.ar\\\/info\\\/rabolini-bertone-y-vuoto-recorrieron-moderna-planta-de-reciclado\\\/\",\"url\":\"https:\\\/\\\/patagoniambiental.com.ar\\\/info\\\/rabolini-bertone-y-vuoto-recorrieron-moderna-planta-de-reciclado\\\/\",\"name\":\"Rabolini, Bertone y Vuoto, recorrieron moderna planta de reciclado\",\"isPartOf\":{\"@id\":\"https:\\\/\\\/patagoniambiental.com.ar\\\/info\\\/#website\"},\"primaryImageOfPage\":{\"@id\":\"https:\\\/\\\/patagoniambiental.com.ar\\\/info\\\/rabolini-bertone-y-vuoto-recorrieron-moderna-planta-de-reciclado\\\/#primaryimage\"},\"image\":{\"@id\":\"https:\\\/\\\/patagoniambiental.com.ar\\\/info\\\/rabolini-bertone-y-vuoto-recorrieron-moderna-planta-de-reciclado\\\/#primaryimage\"},\"thumbnailUrl\":\"\",\"datePublished\":\"2015-09-23T12:00:20+00:00\",\"breadcrumb\":{\"@id\":\"https:\\\/\\\/patagoniambiental.com.ar\\\/info\\\/rabolini-bertone-y-vuoto-recorrieron-moderna-planta-de-reciclado\\\/#breadcrumb\"},\"inLanguage\":\"es\",\"potentialAction\":[{\"@type\":\"ReadAction\",\"target\":[\"https:\\\/\\\/patagoniambiental.com.ar\\\/info\\\/rabolini-bertone-y-vuoto-recorrieron-moderna-planta-de-reciclado\\\/\"]}]},{\"@type\":\"ImageObject\",\"inLanguage\":\"es\",\"@id\":\"https:\\\/\\\/patagoniambiental.com.ar\\\/info\\\/rabolini-bertone-y-vuoto-recorrieron-moderna-planta-de-reciclado\\\/#primaryimage\",\"url\":\"\",\"contentUrl\":\"\"},{\"@type\":\"BreadcrumbList\",\"@id\":\"https:\\\/\\\/patagoniambiental.com.ar\\\/info\\\/rabolini-bertone-y-vuoto-recorrieron-moderna-planta-de-reciclado\\\/#breadcrumb\",\"itemListElement\":[{\"@type\":\"ListItem\",\"position\":1,\"name\":\"Inicio\",\"item\":\"https:\\\/\\\/patagoniambiental.com.ar\\\/info\\\/\"},{\"@type\":\"ListItem\",\"position\":2,\"name\":\"Rabolini, Bertone y Vuoto, recorrieron moderna planta de reciclado\"}]},{\"@type\":\"WebSite\",\"@id\":\"https:\\\/\\\/patagoniambiental.com.ar\\\/info\\\/#website\",\"url\":\"https:\\\/\\\/patagoniambiental.com.ar\\\/info\\\/\",\"name\":\"Patagonia Ambiental\",\"description\":\"Monitoreo y an\u00e1lisis de la situaci\u00f3n geopol\u00edtica en el mundo y su implicancia en la Patagonia\",\"publisher\":{\"@id\":\"https:\\\/\\\/patagoniambiental.com.ar\\\/info\\\/#organization\"},\"potentialAction\":[{\"@type\":\"SearchAction\",\"target\":{\"@type\":\"EntryPoint\",\"urlTemplate\":\"https:\\\/\\\/patagoniambiental.com.ar\\\/info\\\/?s={search_term_string}\"},\"query-input\":{\"@type\":\"PropertyValueSpecification\",\"valueRequired\":true,\"valueName\":\"search_term_string\"}}],\"inLanguage\":\"es\"},{\"@type\":\"Organization\",\"@id\":\"https:\\\/\\\/patagoniambiental.com.ar\\\/info\\\/#organization\",\"name\":\"Patagonia Ambiental\",\"url\":\"https:\\\/\\\/patagoniambiental.com.ar\\\/info\\\/\",\"logo\":{\"@type\":\"ImageObject\",\"inLanguage\":\"es\",\"@id\":\"https:\\\/\\\/patagoniambiental.com.ar\\\/info\\\/#\\\/schema\\\/logo\\\/image\\\/\",\"url\":\"https:\\\/\\\/patagoniambiental.com.ar\\\/info\\\/wp-content\\\/uploads\\\/2025\\\/05\\\/LOGO-PATAGONIA-AMBIENTAL.png\",\"contentUrl\":\"https:\\\/\\\/patagoniambiental.com.ar\\\/info\\\/wp-content\\\/uploads\\\/2025\\\/05\\\/LOGO-PATAGONIA-AMBIENTAL.png\",\"width\":433,\"height\":250,\"caption\":\"Patagonia Ambiental\"},\"image\":{\"@id\":\"https:\\\/\\\/patagoniambiental.com.ar\\\/info\\\/#\\\/schema\\\/logo\\\/image\\\/\"},\"sameAs\":[\"https:\\\/\\\/www.facebook.com\\\/patagonia.ambiental\",\"https:\\\/\\\/x.com\\\/PatAmb\"]},{\"@type\":\"Person\",\"@id\":\"https:\\\/\\\/patagoniambiental.com.ar\\\/info\\\/#\\\/schema\\\/person\\\/db12bff64bbcbf6a253710bf0ea37b5d\",\"name\":\"Patagonia Ambiental\",\"description\":\"Andr\u00e9s Nievas T\u00e9cnico en manejo ambiental, consultor Ambiental y escritor para medios locales e internacionales sobre temas de geopolitica y medio ambiente.\",\"sameAs\":[\"http:\\\/\\\/www.patagoniambiental.com.ar\",\"https:\\\/\\\/www.facebook.com\\\/share\\\/1C1V8Gv9BX\\\/?mibextid=qi2Omg\",\"@patagoniambiental\",\"https:\\\/\\\/youtube.com\\\/@patagoniaambiental2023?si=BLt58t0wuXquxlYZ\"]}]}<\/script>\n<!-- \/ Yoast SEO Premium plugin. -->","yoast_head_json":{"title":"Rabolini, Bertone y Vuoto, recorrieron moderna planta de reciclado","robots":{"index":"index","follow":"follow","max-snippet":"max-snippet:-1","max-image-preview":"max-image-preview:large","max-video-preview":"max-video-preview:-1"},"canonical":"https:\/\/patagoniambiental.com.ar\/info\/rabolini-bertone-y-vuoto-recorrieron-moderna-planta-de-reciclado\/","og_locale":"es_ES","og_type":"article","og_title":"Rabolini, Bertone y Vuoto, recorrieron moderna planta de reciclado","og_description":"Ushuaia.-La Gobernadora Electa y la Presidenta de la Fundaci\u00f3n Banco Provincia (Bapro), Karina Rabolini, recorrieron en Ushuaia la moderna planta [&hellip;]","og_url":"https:\/\/patagoniambiental.com.ar\/info\/rabolini-bertone-y-vuoto-recorrieron-moderna-planta-de-reciclado\/","og_site_name":"Patagonia Ambiental","article_publisher":"https:\/\/www.facebook.com\/patagonia.ambiental","article_author":"https:\/\/www.facebook.com\/share\/1C1V8Gv9BX\/?mibextid=qi2Omg","article_published_time":"2015-09-23T12:00:20+00:00","author":"Patagonia Ambiental","twitter_card":"summary_large_image","twitter_creator":"@PatAmb","twitter_site":"@PatAmb","schema":{"@context":"https:\/\/schema.org","@graph":[{"@type":"Article","@id":"https:\/\/patagoniambiental.com.ar\/info\/rabolini-bertone-y-vuoto-recorrieron-moderna-planta-de-reciclado\/#article","isPartOf":{"@id":"https:\/\/patagoniambiental.com.ar\/info\/rabolini-bertone-y-vuoto-recorrieron-moderna-planta-de-reciclado\/"},"author":{"name":"Patagonia Ambiental","@id":"https:\/\/patagoniambiental.com.ar\/info\/#\/schema\/person\/db12bff64bbcbf6a253710bf0ea37b5d"},"headline":"Rabolini, Bertone y Vuoto, recorrieron moderna planta de reciclado","datePublished":"2015-09-23T12:00:20+00:00","mainEntityOfPage":{"@id":"https:\/\/patagoniambiental.com.ar\/info\/rabolini-bertone-y-vuoto-recorrieron-moderna-planta-de-reciclado\/"},"wordCount":833,"publisher":{"@id":"https:\/\/patagoniambiental.com.ar\/info\/#organization"},"image":{"@id":"https:\/\/patagoniambiental.com.ar\/info\/rabolini-bertone-y-vuoto-recorrieron-moderna-planta-de-reciclado\/#primaryimage"},"thumbnailUrl":"","articleSection":["Noticias","Provinciales","Tierra del Fuego"],"inLanguage":"es"},{"@type":"WebPage","@id":"https:\/\/patagoniambiental.com.ar\/info\/rabolini-bertone-y-vuoto-recorrieron-moderna-planta-de-reciclado\/","url":"https:\/\/patagoniambiental.com.ar\/info\/rabolini-bertone-y-vuoto-recorrieron-moderna-planta-de-reciclado\/","name":"Rabolini, Bertone y Vuoto, recorrieron moderna planta de reciclado","isPartOf":{"@id":"https:\/\/patagoniambiental.com.ar\/info\/#website"},"primaryImageOfPage":{"@id":"https:\/\/patagoniambiental.com.ar\/info\/rabolini-bertone-y-vuoto-recorrieron-moderna-planta-de-reciclado\/#primaryimage"},"image":{"@id":"https:\/\/patagoniambiental.com.ar\/info\/rabolini-bertone-y-vuoto-recorrieron-moderna-planta-de-reciclado\/#primaryimage"},"thumbnailUrl":"","datePublished":"2015-09-23T12:00:20+00:00","breadcrumb":{"@id":"https:\/\/patagoniambiental.com.ar\/info\/rabolini-bertone-y-vuoto-recorrieron-moderna-planta-de-reciclado\/#breadcrumb"},"inLanguage":"es","potentialAction":[{"@type":"ReadAction","target":["https:\/\/patagoniambiental.com.ar\/info\/rabolini-bertone-y-vuoto-recorrieron-moderna-planta-de-reciclado\/"]}]},{"@type":"ImageObject","inLanguage":"es","@id":"https:\/\/patagoniambiental.com.ar\/info\/rabolini-bertone-y-vuoto-recorrieron-moderna-planta-de-reciclado\/#primaryimage","url":"","contentUrl":""},{"@type":"BreadcrumbList","@id":"https:\/\/patagoniambiental.com.ar\/info\/rabolini-bertone-y-vuoto-recorrieron-moderna-planta-de-reciclado\/#breadcrumb","itemListElement":[{"@type":"ListItem","position":1,"name":"Inicio","item":"https:\/\/patagoniambiental.com.ar\/info\/"},{"@type":"ListItem","position":2,"name":"Rabolini, Bertone y Vuoto, recorrieron moderna planta de reciclado"}]},{"@type":"WebSite","@id":"https:\/\/patagoniambiental.com.ar\/info\/#website","url":"https:\/\/patagoniambiental.com.ar\/info\/","name":"Patagonia Ambiental","description":"Monitoreo y an\u00e1lisis de la situaci\u00f3n geopol\u00edtica en el mundo y su implicancia en la Patagonia","publisher":{"@id":"https:\/\/patagoniambiental.com.ar\/info\/#organization"},"potentialAction":[{"@type":"SearchAction","target":{"@type":"EntryPoint","urlTemplate":"https:\/\/patagoniambiental.com.ar\/info\/?s={search_term_string}"},"query-input":{"@type":"PropertyValueSpecification","valueRequired":true,"valueName":"search_term_string"}}],"inLanguage":"es"},{"@type":"Organization","@id":"https:\/\/patagoniambiental.com.ar\/info\/#organization","name":"Patagonia Ambiental","url":"https:\/\/patagoniambiental.com.ar\/info\/","logo":{"@type":"ImageObject","inLanguage":"es","@id":"https:\/\/patagoniambiental.com.ar\/info\/#\/schema\/logo\/image\/","url":"https:\/\/patagoniambiental.com.ar\/info\/wp-content\/uploads\/2025\/05\/LOGO-PATAGONIA-AMBIENTAL.png","contentUrl":"https:\/\/patagoniambiental.com.ar\/info\/wp-content\/uploads\/2025\/05\/LOGO-PATAGONIA-AMBIENTAL.png","width":433,"height":250,"caption":"Patagonia Ambiental"},"image":{"@id":"https:\/\/patagoniambiental.com.ar\/info\/#\/schema\/logo\/image\/"},"sameAs":["https:\/\/www.facebook.com\/patagonia.ambiental","https:\/\/x.com\/PatAmb"]},{"@type":"Person","@id":"https:\/\/patagoniambiental.com.ar\/info\/#\/schema\/person\/db12bff64bbcbf6a253710bf0ea37b5d","name":"Patagonia Ambiental","description":"Andr\u00e9s Nievas T\u00e9cnico en manejo ambiental, consultor Ambiental y escritor para medios locales e internacionales sobre temas de geopolitica y medio ambiente.","sameAs":["http:\/\/www.patagoniambiental.com.ar","https:\/\/www.facebook.com\/share\/1C1V8Gv9BX\/?mibextid=qi2Omg","@patagoniambiental","https:\/\/youtube.com\/@patagoniaambiental2023?si=BLt58t0wuXquxlYZ"]}]}},"_links":{"self":[{"href":"https:\/\/patagoniambiental.com.ar\/info\/wp-json\/wp\/v2\/posts\/14140","targetHints":{"allow":["GET"]}}],"collection":[{"href":"https:\/\/patagoniambiental.com.ar\/info\/wp-json\/wp\/v2\/posts"}],"about":[{"href":"https:\/\/patagoniambiental.com.ar\/info\/wp-json\/wp\/v2\/types\/post"}],"author":[{"embeddable":true,"href":"https:\/\/patagoniambiental.com.ar\/info\/wp-json\/wp\/v2\/users\/2"}],"replies":[{"embeddable":true,"href":"https:\/\/patagoniambiental.com.ar\/info\/wp-json\/wp\/v2\/comments?post=14140"}],"version-history":[{"count":0,"href":"https:\/\/patagoniambiental.com.ar\/info\/wp-json\/wp\/v2\/posts\/14140\/revisions"}],"wp:featuredmedia":[{"embeddable":true,"href":"https:\/\/patagoniambiental.com.ar\/info\/wp-json\/"}],"wp:attachment":[{"href":"https:\/\/patagoniambiental.com.ar\/info\/wp-json\/wp\/v2\/media?parent=14140"}],"wp:term":[{"taxonomy":"category","embeddable":true,"href":"https:\/\/patagoniambiental.com.ar\/info\/wp-json\/wp\/v2\/categories?post=14140"},{"taxonomy":"post_tag","embeddable":true,"href":"https:\/\/patagoniambiental.com.ar\/info\/wp-json\/wp\/v2\/tags?post=14140"}],"curies":[{"name":"wp","href":"https:\/\/api.w.org\/{rel}","templated":true}]}}