{"id":14226,"date":"2015-09-25T19:22:46","date_gmt":"2015-09-25T22:22:46","guid":{"rendered":"http:\/\/patagoniambiental.com.ar\/?p=14226"},"modified":"2015-09-25T19:22:46","modified_gmt":"2015-09-25T22:22:46","slug":"papa-presenta-discurso-sobre-pobreza-y-cambio-climatico-en-la-onu","status":"publish","type":"post","link":"https:\/\/patagoniambiental.com.ar\/info\/papa-presenta-discurso-sobre-pobreza-y-cambio-climatico-en-la-onu\/","title":{"rendered":"Papa presenta discurso sobre pobreza y cambio clim\u00e1tico en la ONU"},"content":{"rendered":"<p>Nueva York.-El papa Francisco inici\u00f3 el viernes su visita a la sede de la ONU en Nueva York, donde pronuncia un esperado discurso ante la Asamblea General en el que llama a luchar contra la pobreza, el cambio clim\u00e1tico y resolver los conflictos que obligan a millones de personas a huir de sus hogares en el mundo.<!--more--><\/p>\n<div><\/div>\n<div>El Sumo Pont\u00edfice argentino fue recibido por el secretario general de la ONU Ban Ki-moon, su esposa y un grupo de ni\u00f1os que le entregaron unas flores poco antes de las 08:30 horas locales (07:30 horas locales).<\/div>\n<div><\/div>\n<div><strong>Se trata de la quinta visita de un papa a la sede de Naciones Unidas<\/strong>, luego de las de Pablo VI en 1965, Juan Pablo II en 1979 y 1995 y Benedicto XVI en 2008.<\/div>\n<div><\/div>\n<div>Francisco, que tiene previsto hablar ante la Asamblea General a las 10:20 horas locales (09:20 hora peruana), se encuentra en Nueva York desde el jueves por la tarde tras dos d\u00edas de intensa actividad en Washington, en una gira por Estados Unidos que concluir\u00e1 el domingo en Filadelfia.<\/div>\n<div><\/div>\n<div><strong>El primer papa del continente americano hablar\u00e1 en espa\u00f1ol y marcar\u00e1 el tono antes de una cumbre sobre el desarrollo<\/strong> que se abrir\u00e1 inmediatamente despu\u00e9s, <strong>con un llamado a luchar contra la pobreza, el cambio clim\u00e1tico y resolver los conflictos que obligan a millones de personas a huir de sus hogares en el mundo.<\/strong><\/div>\n<div><\/div>\n<div>M\u00e1s de 150 dirigentes mundiales adoptar\u00e1n un ambicioso plan de acci\u00f3n para los pr\u00f3ximos 15 a\u00f1os en materia de pobreza, salud, educaci\u00f3n y medio ambiente.<\/div>\n<div><\/div>\n<div>Estos temas \u00abtambi\u00e9n son las prioridades de la Iglesia cat\u00f3lica\u00bb, dijo el embajador del Vaticano ante la ONU, Bernardito Auza.<\/div>\n<div><\/div>\n<div>El mi\u00e9rcoles en Washington, el Papa coincidi\u00f3 con el presidente de Estados Unidos, Barack Obama, acerca de la preocupaci\u00f3n sobre el cambio clim\u00e1tico y la necesidad de ayudar a los excluidos.<\/div>\n<div><\/div>\n<div>En un hist\u00f3rico discurso el jueves en la Congreso, volvi\u00f3 a tocar estos temas, y tambi\u00e9n critic\u00f3 la venta de armas.<\/div>\n<div><\/div>\n<div><strong>&#8211; Contra la &#8216;globalizaci\u00f3n de la indiferencia&#8217; &#8211;<\/strong><\/div>\n<div><\/div>\n<div>La ONU, que festeja sus 70 a\u00f1os con desconcierto, se ha mostrado incapaz de poner fin a la guerra en Siria.<\/div>\n<div><\/div>\n<div>Esta guerra que lleva m\u00e1s de cuatro a\u00f1os se ha convertido en una cat\u00e1strofe humanitaria, con 250,000 muertos y el \u00e9xodo de cuatro millones de personas, muchas de los cu\u00e1les ponen en riesgo su vida para tratar de llegar a Europa en busca de un mejor destino.<\/div>\n<div><\/div>\n<div>Respecto a este tema,<strong> el Papa llam\u00f3 a \u00abque cada parroquia, cada comunidad religiosa, cada monasterio, cada santuario de Europa acoja a una familia\u00bb, en nombre de la solidaridad y contra la \u00abglobalizaci\u00f3n de la indiferencia\u00bb que denuncia desde su elecci\u00f3n en 2013.<\/strong><\/div>\n<div><\/div>\n<div>\u00c9l mismo ha dado ejemplo al abrir las puertas a una familia cristiana de refugiados sirios, la cual ha sido instalada en un apartamento cerca de la bas\u00edlica de San Pedro.<\/div>\n<div><\/div>\n<div>El papa argentino no duda en denunciar el \u00abgenocidio\u00bb de los cristianos en Oriente, v\u00edctimas de yihadistas en Irak y Siria.<\/div>\n<div><\/div>\n<div>Pero Francisco, de 78 a\u00f1os, no es un hombre pol\u00edtico y, antes que nada, hablar\u00e1 como \u00abpastor, dirigente religioso, profeta y padre\u00bb, coment\u00f3 Auza.<\/div>\n<div><\/div>\n<div>Miles de personas recibieron el jueves al Papa en la Quinta Avenida de Nueva York, antes de encabezar una misa vespertina en la Catedral de San Patricio, colmada con unas 2,500 personas.<\/div>\n<div><\/div>\n<div>Tras su visita a la ONU, el Papa ofrecer\u00e1 un servicio interreligioso en el Museo del 11 de Septiembre, visitar\u00e1 una escuela cat\u00f3lica en Harlem, encabezar\u00e1 una procesi\u00f3n en Central Park y cerrar\u00e1 su visita a Nueva York con una misa en el Madison Square Garden.<\/div>\n<div><\/div>\n<div>(FIN) AFP\/MPM<\/div>\n<p>Fuente: Andina<\/p>\n","protected":false},"excerpt":{"rendered":"<p>Nueva York.-El papa Francisco inici\u00f3 el viernes su visita a la sede de la ONU en Nueva York, donde pronuncia [&hellip;]<\/p>\n","protected":false},"author":2,"featured_media":14227,"comment_status":"closed","ping_status":"closed","sticky":false,"template":"","format":"standard","meta":{"site-sidebar-layout":"default","site-content-layout":"","ast-site-content-layout":"default","site-content-style":"default","site-sidebar-style":"default","ast-global-header-display":"","ast-banner-title-visibility":"","ast-main-header-display":"","ast-hfb-above-header-display":"","ast-hfb-below-header-display":"","ast-hfb-mobile-header-display":"","site-post-title":"","ast-breadcrumbs-content":"","ast-featured-img":"","footer-sml-layout":"","ast-disable-related-posts":"","theme-transparent-header-meta":"","adv-header-id-meta":"","stick-header-meta":"","header-above-stick-meta":"","header-main-stick-meta":"","header-below-stick-meta":"","astra-migrate-meta-layouts":"default","ast-page-background-enabled":"default","ast-page-background-meta":{"desktop":{"background-color":"var(--ast-global-color-5)","background-image":"","background-repeat":"repeat","background-position":"center center","background-size":"auto","background-attachment":"scroll","background-type":"","background-media":"","overlay-type":"","overlay-color":"","overlay-opacity":"","overlay-gradient":""},"tablet":{"background-color":"","background-image":"","background-repeat":"repeat","background-position":"center center","background-size":"auto","background-attachment":"scroll","background-type":"","background-media":"","overlay-type":"","overlay-color":"","overlay-opacity":"","overlay-gradient":""},"mobile":{"background-color":"","background-image":"","background-repeat":"repeat","background-position":"center center","background-size":"auto","background-attachment":"scroll","background-type":"","background-media":"","overlay-type":"","overlay-color":"","overlay-opacity":"","overlay-gradient":""}},"ast-content-background-meta":{"desktop":{"background-color":"var(--ast-global-color-4)","background-image":"","background-repeat":"repeat","background-position":"center center","background-size":"auto","background-attachment":"scroll","background-type":"","background-media":"","overlay-type":"","overlay-color":"","overlay-opacity":"","overlay-gradient":""},"tablet":{"background-color":"var(--ast-global-color-4)","background-image":"","background-repeat":"repeat","background-position":"center center","background-size":"auto","background-attachment":"scroll","background-type":"","background-media":"","overlay-type":"","overlay-color":"","overlay-opacity":"","overlay-gradient":""},"mobile":{"background-color":"var(--ast-global-color-4)","background-image":"","background-repeat":"repeat","background-position":"center center","background-size":"auto","background-attachment":"scroll","background-type":"","background-media":"","overlay-type":"","overlay-color":"","overlay-opacity":"","overlay-gradient":""}},"footnotes":""},"categories":[23,1],"tags":[],"class_list":["post-14226","post","type-post","status-publish","format-standard","has-post-thumbnail","hentry","category-internacionales","category-noticias"],"yoast_head":"<!-- This site is optimized with the Yoast SEO Premium plugin v23.0 (Yoast SEO v27.5) - https:\/\/yoast.com\/product\/yoast-seo-premium-wordpress\/ -->\n<title>Papa presenta discurso sobre pobreza y cambio clim\u00e1tico en la ONU<\/title>\n<meta name=\"robots\" content=\"index, follow, max-snippet:-1, max-image-preview:large, max-video-preview:-1\" \/>\n<link rel=\"canonical\" href=\"https:\/\/patagoniambiental.com.ar\/info\/papa-presenta-discurso-sobre-pobreza-y-cambio-climatico-en-la-onu\/\" \/>\n<meta property=\"og:locale\" content=\"es_ES\" \/>\n<meta property=\"og:type\" content=\"article\" \/>\n<meta property=\"og:title\" content=\"Papa presenta discurso sobre pobreza y cambio clim\u00e1tico en la ONU\" \/>\n<meta property=\"og:description\" content=\"Nueva York.-El papa Francisco inici\u00f3 el viernes su visita a la sede de la ONU en Nueva York, donde pronuncia [&hellip;]\" \/>\n<meta property=\"og:url\" content=\"https:\/\/patagoniambiental.com.ar\/info\/papa-presenta-discurso-sobre-pobreza-y-cambio-climatico-en-la-onu\/\" \/>\n<meta property=\"og:site_name\" content=\"Patagonia Ambiental\" \/>\n<meta property=\"article:publisher\" content=\"https:\/\/www.facebook.com\/patagonia.ambiental\" \/>\n<meta property=\"article:author\" content=\"https:\/\/www.facebook.com\/share\/1C1V8Gv9BX\/?mibextid=qi2Omg\" \/>\n<meta property=\"article:published_time\" content=\"2015-09-25T22:22:46+00:00\" \/>\n<meta name=\"author\" content=\"Patagonia Ambiental\" \/>\n<meta name=\"twitter:card\" content=\"summary_large_image\" \/>\n<meta name=\"twitter:creator\" content=\"@PatAmb\" \/>\n<meta name=\"twitter:site\" content=\"@PatAmb\" \/>\n<script type=\"application\/ld+json\" class=\"yoast-schema-graph\">{\"@context\":\"https:\\\/\\\/schema.org\",\"@graph\":[{\"@type\":\"Article\",\"@id\":\"https:\\\/\\\/patagoniambiental.com.ar\\\/info\\\/papa-presenta-discurso-sobre-pobreza-y-cambio-climatico-en-la-onu\\\/#article\",\"isPartOf\":{\"@id\":\"https:\\\/\\\/patagoniambiental.com.ar\\\/info\\\/papa-presenta-discurso-sobre-pobreza-y-cambio-climatico-en-la-onu\\\/\"},\"author\":{\"name\":\"Patagonia Ambiental\",\"@id\":\"https:\\\/\\\/patagoniambiental.com.ar\\\/info\\\/#\\\/schema\\\/person\\\/db12bff64bbcbf6a253710bf0ea37b5d\"},\"headline\":\"Papa presenta discurso sobre pobreza y cambio clim\u00e1tico en la ONU\",\"datePublished\":\"2015-09-25T22:22:46+00:00\",\"mainEntityOfPage\":{\"@id\":\"https:\\\/\\\/patagoniambiental.com.ar\\\/info\\\/papa-presenta-discurso-sobre-pobreza-y-cambio-climatico-en-la-onu\\\/\"},\"wordCount\":637,\"publisher\":{\"@id\":\"https:\\\/\\\/patagoniambiental.com.ar\\\/info\\\/#organization\"},\"image\":{\"@id\":\"https:\\\/\\\/patagoniambiental.com.ar\\\/info\\\/papa-presenta-discurso-sobre-pobreza-y-cambio-climatico-en-la-onu\\\/#primaryimage\"},\"thumbnailUrl\":\"\",\"articleSection\":[\"Internacionales\",\"Noticias\"],\"inLanguage\":\"es\"},{\"@type\":\"WebPage\",\"@id\":\"https:\\\/\\\/patagoniambiental.com.ar\\\/info\\\/papa-presenta-discurso-sobre-pobreza-y-cambio-climatico-en-la-onu\\\/\",\"url\":\"https:\\\/\\\/patagoniambiental.com.ar\\\/info\\\/papa-presenta-discurso-sobre-pobreza-y-cambio-climatico-en-la-onu\\\/\",\"name\":\"Papa presenta discurso sobre pobreza y cambio clim\u00e1tico en la ONU\",\"isPartOf\":{\"@id\":\"https:\\\/\\\/patagoniambiental.com.ar\\\/info\\\/#website\"},\"primaryImageOfPage\":{\"@id\":\"https:\\\/\\\/patagoniambiental.com.ar\\\/info\\\/papa-presenta-discurso-sobre-pobreza-y-cambio-climatico-en-la-onu\\\/#primaryimage\"},\"image\":{\"@id\":\"https:\\\/\\\/patagoniambiental.com.ar\\\/info\\\/papa-presenta-discurso-sobre-pobreza-y-cambio-climatico-en-la-onu\\\/#primaryimage\"},\"thumbnailUrl\":\"\",\"datePublished\":\"2015-09-25T22:22:46+00:00\",\"breadcrumb\":{\"@id\":\"https:\\\/\\\/patagoniambiental.com.ar\\\/info\\\/papa-presenta-discurso-sobre-pobreza-y-cambio-climatico-en-la-onu\\\/#breadcrumb\"},\"inLanguage\":\"es\",\"potentialAction\":[{\"@type\":\"ReadAction\",\"target\":[\"https:\\\/\\\/patagoniambiental.com.ar\\\/info\\\/papa-presenta-discurso-sobre-pobreza-y-cambio-climatico-en-la-onu\\\/\"]}]},{\"@type\":\"ImageObject\",\"inLanguage\":\"es\",\"@id\":\"https:\\\/\\\/patagoniambiental.com.ar\\\/info\\\/papa-presenta-discurso-sobre-pobreza-y-cambio-climatico-en-la-onu\\\/#primaryimage\",\"url\":\"\",\"contentUrl\":\"\"},{\"@type\":\"BreadcrumbList\",\"@id\":\"https:\\\/\\\/patagoniambiental.com.ar\\\/info\\\/papa-presenta-discurso-sobre-pobreza-y-cambio-climatico-en-la-onu\\\/#breadcrumb\",\"itemListElement\":[{\"@type\":\"ListItem\",\"position\":1,\"name\":\"Inicio\",\"item\":\"https:\\\/\\\/patagoniambiental.com.ar\\\/info\\\/\"},{\"@type\":\"ListItem\",\"position\":2,\"name\":\"Papa presenta discurso sobre pobreza y cambio clim\u00e1tico en la ONU\"}]},{\"@type\":\"WebSite\",\"@id\":\"https:\\\/\\\/patagoniambiental.com.ar\\\/info\\\/#website\",\"url\":\"https:\\\/\\\/patagoniambiental.com.ar\\\/info\\\/\",\"name\":\"Patagonia Ambiental\",\"description\":\"Monitoreo y an\u00e1lisis de la situaci\u00f3n geopol\u00edtica en el mundo y su implicancia en la Patagonia\",\"publisher\":{\"@id\":\"https:\\\/\\\/patagoniambiental.com.ar\\\/info\\\/#organization\"},\"potentialAction\":[{\"@type\":\"SearchAction\",\"target\":{\"@type\":\"EntryPoint\",\"urlTemplate\":\"https:\\\/\\\/patagoniambiental.com.ar\\\/info\\\/?s={search_term_string}\"},\"query-input\":{\"@type\":\"PropertyValueSpecification\",\"valueRequired\":true,\"valueName\":\"search_term_string\"}}],\"inLanguage\":\"es\"},{\"@type\":\"Organization\",\"@id\":\"https:\\\/\\\/patagoniambiental.com.ar\\\/info\\\/#organization\",\"name\":\"Patagonia Ambiental\",\"url\":\"https:\\\/\\\/patagoniambiental.com.ar\\\/info\\\/\",\"logo\":{\"@type\":\"ImageObject\",\"inLanguage\":\"es\",\"@id\":\"https:\\\/\\\/patagoniambiental.com.ar\\\/info\\\/#\\\/schema\\\/logo\\\/image\\\/\",\"url\":\"https:\\\/\\\/patagoniambiental.com.ar\\\/info\\\/wp-content\\\/uploads\\\/2025\\\/05\\\/LOGO-PATAGONIA-AMBIENTAL.png\",\"contentUrl\":\"https:\\\/\\\/patagoniambiental.com.ar\\\/info\\\/wp-content\\\/uploads\\\/2025\\\/05\\\/LOGO-PATAGONIA-AMBIENTAL.png\",\"width\":433,\"height\":250,\"caption\":\"Patagonia Ambiental\"},\"image\":{\"@id\":\"https:\\\/\\\/patagoniambiental.com.ar\\\/info\\\/#\\\/schema\\\/logo\\\/image\\\/\"},\"sameAs\":[\"https:\\\/\\\/www.facebook.com\\\/patagonia.ambiental\",\"https:\\\/\\\/x.com\\\/PatAmb\"]},{\"@type\":\"Person\",\"@id\":\"https:\\\/\\\/patagoniambiental.com.ar\\\/info\\\/#\\\/schema\\\/person\\\/db12bff64bbcbf6a253710bf0ea37b5d\",\"name\":\"Patagonia Ambiental\",\"description\":\"Andr\u00e9s Nievas T\u00e9cnico en manejo ambiental, consultor Ambiental y escritor para medios locales e internacionales sobre temas de geopolitica y medio ambiente.\",\"sameAs\":[\"http:\\\/\\\/www.patagoniambiental.com.ar\",\"https:\\\/\\\/www.facebook.com\\\/share\\\/1C1V8Gv9BX\\\/?mibextid=qi2Omg\",\"@patagoniambiental\",\"https:\\\/\\\/youtube.com\\\/@patagoniaambiental2023?si=BLt58t0wuXquxlYZ\"]}]}<\/script>\n<!-- \/ Yoast SEO Premium plugin. -->","yoast_head_json":{"title":"Papa presenta discurso sobre pobreza y cambio clim\u00e1tico en la ONU","robots":{"index":"index","follow":"follow","max-snippet":"max-snippet:-1","max-image-preview":"max-image-preview:large","max-video-preview":"max-video-preview:-1"},"canonical":"https:\/\/patagoniambiental.com.ar\/info\/papa-presenta-discurso-sobre-pobreza-y-cambio-climatico-en-la-onu\/","og_locale":"es_ES","og_type":"article","og_title":"Papa presenta discurso sobre pobreza y cambio clim\u00e1tico en la ONU","og_description":"Nueva York.-El papa Francisco inici\u00f3 el viernes su visita a la sede de la ONU en Nueva York, donde pronuncia [&hellip;]","og_url":"https:\/\/patagoniambiental.com.ar\/info\/papa-presenta-discurso-sobre-pobreza-y-cambio-climatico-en-la-onu\/","og_site_name":"Patagonia Ambiental","article_publisher":"https:\/\/www.facebook.com\/patagonia.ambiental","article_author":"https:\/\/www.facebook.com\/share\/1C1V8Gv9BX\/?mibextid=qi2Omg","article_published_time":"2015-09-25T22:22:46+00:00","author":"Patagonia Ambiental","twitter_card":"summary_large_image","twitter_creator":"@PatAmb","twitter_site":"@PatAmb","schema":{"@context":"https:\/\/schema.org","@graph":[{"@type":"Article","@id":"https:\/\/patagoniambiental.com.ar\/info\/papa-presenta-discurso-sobre-pobreza-y-cambio-climatico-en-la-onu\/#article","isPartOf":{"@id":"https:\/\/patagoniambiental.com.ar\/info\/papa-presenta-discurso-sobre-pobreza-y-cambio-climatico-en-la-onu\/"},"author":{"name":"Patagonia Ambiental","@id":"https:\/\/patagoniambiental.com.ar\/info\/#\/schema\/person\/db12bff64bbcbf6a253710bf0ea37b5d"},"headline":"Papa presenta discurso sobre pobreza y cambio clim\u00e1tico en la ONU","datePublished":"2015-09-25T22:22:46+00:00","mainEntityOfPage":{"@id":"https:\/\/patagoniambiental.com.ar\/info\/papa-presenta-discurso-sobre-pobreza-y-cambio-climatico-en-la-onu\/"},"wordCount":637,"publisher":{"@id":"https:\/\/patagoniambiental.com.ar\/info\/#organization"},"image":{"@id":"https:\/\/patagoniambiental.com.ar\/info\/papa-presenta-discurso-sobre-pobreza-y-cambio-climatico-en-la-onu\/#primaryimage"},"thumbnailUrl":"","articleSection":["Internacionales","Noticias"],"inLanguage":"es"},{"@type":"WebPage","@id":"https:\/\/patagoniambiental.com.ar\/info\/papa-presenta-discurso-sobre-pobreza-y-cambio-climatico-en-la-onu\/","url":"https:\/\/patagoniambiental.com.ar\/info\/papa-presenta-discurso-sobre-pobreza-y-cambio-climatico-en-la-onu\/","name":"Papa presenta discurso sobre pobreza y cambio clim\u00e1tico en la ONU","isPartOf":{"@id":"https:\/\/patagoniambiental.com.ar\/info\/#website"},"primaryImageOfPage":{"@id":"https:\/\/patagoniambiental.com.ar\/info\/papa-presenta-discurso-sobre-pobreza-y-cambio-climatico-en-la-onu\/#primaryimage"},"image":{"@id":"https:\/\/patagoniambiental.com.ar\/info\/papa-presenta-discurso-sobre-pobreza-y-cambio-climatico-en-la-onu\/#primaryimage"},"thumbnailUrl":"","datePublished":"2015-09-25T22:22:46+00:00","breadcrumb":{"@id":"https:\/\/patagoniambiental.com.ar\/info\/papa-presenta-discurso-sobre-pobreza-y-cambio-climatico-en-la-onu\/#breadcrumb"},"inLanguage":"es","potentialAction":[{"@type":"ReadAction","target":["https:\/\/patagoniambiental.com.ar\/info\/papa-presenta-discurso-sobre-pobreza-y-cambio-climatico-en-la-onu\/"]}]},{"@type":"ImageObject","inLanguage":"es","@id":"https:\/\/patagoniambiental.com.ar\/info\/papa-presenta-discurso-sobre-pobreza-y-cambio-climatico-en-la-onu\/#primaryimage","url":"","contentUrl":""},{"@type":"BreadcrumbList","@id":"https:\/\/patagoniambiental.com.ar\/info\/papa-presenta-discurso-sobre-pobreza-y-cambio-climatico-en-la-onu\/#breadcrumb","itemListElement":[{"@type":"ListItem","position":1,"name":"Inicio","item":"https:\/\/patagoniambiental.com.ar\/info\/"},{"@type":"ListItem","position":2,"name":"Papa presenta discurso sobre pobreza y cambio clim\u00e1tico en la ONU"}]},{"@type":"WebSite","@id":"https:\/\/patagoniambiental.com.ar\/info\/#website","url":"https:\/\/patagoniambiental.com.ar\/info\/","name":"Patagonia Ambiental","description":"Monitoreo y an\u00e1lisis de la situaci\u00f3n geopol\u00edtica en el mundo y su implicancia en la Patagonia","publisher":{"@id":"https:\/\/patagoniambiental.com.ar\/info\/#organization"},"potentialAction":[{"@type":"SearchAction","target":{"@type":"EntryPoint","urlTemplate":"https:\/\/patagoniambiental.com.ar\/info\/?s={search_term_string}"},"query-input":{"@type":"PropertyValueSpecification","valueRequired":true,"valueName":"search_term_string"}}],"inLanguage":"es"},{"@type":"Organization","@id":"https:\/\/patagoniambiental.com.ar\/info\/#organization","name":"Patagonia Ambiental","url":"https:\/\/patagoniambiental.com.ar\/info\/","logo":{"@type":"ImageObject","inLanguage":"es","@id":"https:\/\/patagoniambiental.com.ar\/info\/#\/schema\/logo\/image\/","url":"https:\/\/patagoniambiental.com.ar\/info\/wp-content\/uploads\/2025\/05\/LOGO-PATAGONIA-AMBIENTAL.png","contentUrl":"https:\/\/patagoniambiental.com.ar\/info\/wp-content\/uploads\/2025\/05\/LOGO-PATAGONIA-AMBIENTAL.png","width":433,"height":250,"caption":"Patagonia Ambiental"},"image":{"@id":"https:\/\/patagoniambiental.com.ar\/info\/#\/schema\/logo\/image\/"},"sameAs":["https:\/\/www.facebook.com\/patagonia.ambiental","https:\/\/x.com\/PatAmb"]},{"@type":"Person","@id":"https:\/\/patagoniambiental.com.ar\/info\/#\/schema\/person\/db12bff64bbcbf6a253710bf0ea37b5d","name":"Patagonia Ambiental","description":"Andr\u00e9s Nievas T\u00e9cnico en manejo ambiental, consultor Ambiental y escritor para medios locales e internacionales sobre temas de geopolitica y medio ambiente.","sameAs":["http:\/\/www.patagoniambiental.com.ar","https:\/\/www.facebook.com\/share\/1C1V8Gv9BX\/?mibextid=qi2Omg","@patagoniambiental","https:\/\/youtube.com\/@patagoniaambiental2023?si=BLt58t0wuXquxlYZ"]}]}},"_links":{"self":[{"href":"https:\/\/patagoniambiental.com.ar\/info\/wp-json\/wp\/v2\/posts\/14226","targetHints":{"allow":["GET"]}}],"collection":[{"href":"https:\/\/patagoniambiental.com.ar\/info\/wp-json\/wp\/v2\/posts"}],"about":[{"href":"https:\/\/patagoniambiental.com.ar\/info\/wp-json\/wp\/v2\/types\/post"}],"author":[{"embeddable":true,"href":"https:\/\/patagoniambiental.com.ar\/info\/wp-json\/wp\/v2\/users\/2"}],"replies":[{"embeddable":true,"href":"https:\/\/patagoniambiental.com.ar\/info\/wp-json\/wp\/v2\/comments?post=14226"}],"version-history":[{"count":0,"href":"https:\/\/patagoniambiental.com.ar\/info\/wp-json\/wp\/v2\/posts\/14226\/revisions"}],"wp:featuredmedia":[{"embeddable":true,"href":"https:\/\/patagoniambiental.com.ar\/info\/wp-json\/"}],"wp:attachment":[{"href":"https:\/\/patagoniambiental.com.ar\/info\/wp-json\/wp\/v2\/media?parent=14226"}],"wp:term":[{"taxonomy":"category","embeddable":true,"href":"https:\/\/patagoniambiental.com.ar\/info\/wp-json\/wp\/v2\/categories?post=14226"},{"taxonomy":"post_tag","embeddable":true,"href":"https:\/\/patagoniambiental.com.ar\/info\/wp-json\/wp\/v2\/tags?post=14226"}],"curies":[{"name":"wp","href":"https:\/\/api.w.org\/{rel}","templated":true}]}}