{"id":14243,"date":"2015-09-28T19:00:59","date_gmt":"2015-09-28T22:00:59","guid":{"rendered":"http:\/\/patagoniambiental.com.ar\/?p=14243"},"modified":"2015-09-28T19:00:59","modified_gmt":"2015-09-28T22:00:59","slug":"parte-de-prensa-ambiente-participo-de-audiencia-judicial-por-efo-280-de-allen%e2%80%8f","status":"publish","type":"post","link":"https:\/\/patagoniambiental.com.ar\/info\/parte-de-prensa-ambiente-participo-de-audiencia-judicial-por-efo-280-de-allen%e2%80%8f\/","title":{"rendered":"Parte de prensa: Ambiente particip\u00f3 de audiencia judicial por EFO 280 de Allen\u200f"},"content":{"rendered":"<p class=\"ecxMsoNormal\"><span lang=\"ES-AR\">Allen.-La Secretar\u00eda<\/span><span lang=\"ES-AR\"> de Ambiente y Desarrollo Sustentable brind\u00f3 detalles e informaci\u00f3n actualizada, en el marco de la audiencia informativa convocada por la jueza Mar\u00eda del Carmen Villalba, titular del Juzgado Civil N\u00ba1, ante una presentaci\u00f3n <\/span><!--more--><\/p>\n<p class=\"ecxMsoNormal\"><span lang=\"ES-AR\">realizada por la Defensora del Pueblo, Nadina D\u00edas por el incidente en la locaci\u00f3n del EFO 280 en Allen. La magistrada resolvi\u00f3 varias medidas a las que deber\u00e1n responder desde la Municipalidad de Allen, como as\u00ed tambi\u00e9n se solicitar\u00e1 informaci\u00f3n a la Universidad Nacional del Comahue, entre otros puntos.<\/span><span lang=\"ES-AR\">Tambi\u00e9n fueron citados y formaron parte de la audiencia representantes de la Municipalidad de Allen, de la empresa Ysur, la defensora del Pueblo Nadina D\u00edaz, Francisco L\u00f3pez Raffo como apoderado de Fiscal\u00eda de Estado, la perito Mirta Benito y vecinos de diferentes barrios aleda\u00f1os al pozo EFO 280. <\/span><\/p>\n<p class=\"ecxMsoNormal\"><span lang=\"ES-AR\">La jueza solicit\u00f3 a las partes que brinden informaci\u00f3n actualizada y sobre la evoluci\u00f3n de la situaci\u00f3n en la mencionada locaci\u00f3n, donde el pasado 21 de julio se produjo un incidente que involucr\u00f3 a una laguna cercana.<\/span><\/p>\n<p class=\"ecxMsoNormal\"><span lang=\"ES-AR\">En primer t\u00e9rmino la Defensora del Pueblo hizo una serie de planteos y consultas respecto de las funciones de la Secretar\u00eda de Ambiente, que a su turno el asesor legal y la ingeniera de la SAyDS respondieron por completo cada una de las inquietudes de la Defensora, informaci\u00f3n que adem\u00e1s forma parte del expediente. <\/span><\/p>\n<p class=\"ecxMsoNormal\"><span lang=\"ES-AR\">Los representantes de la comuna allense, asesores legales de Ysur y los vecinos tambi\u00e9n efectuaron sus informes. <\/span><\/p>\n<p class=\"ecxMsoNormal\"><span lang=\"ES-AR\">Luego de escuchar a las partes, la magistrada resolvi\u00f3: \u201clibrar oficio al municipio de Allen para que informe desde Defensa Civil cu\u00e1les son las medidas de contingencia que se han tomado; si hay un protocolo de actuaci\u00f3n y si se ha notificado a los vecinos de la zona aleda\u00f1a al EFO 280 del mismo\u201d. Tambi\u00e9n se librar\u00e1 un oficio a la Secretar\u00eda de Desarrollo Social de la Municipalidad de Allen a fin de que se eleve un informe socio-ambiental respecto de los vecinos de la zona aleda\u00f1a al citado pozo.<\/span><\/p>\n<p class=\"ecxMsoNormal\"><span lang=\"ES-AR\">La jueza Villalba adem\u00e1s resolvi\u00f3 solicitar a la Universidad Nacional de Comahue para que informen si en la Facultad de Ingenier\u00eda existe la especialidad en petr\u00f3leo, y en su caso informe el titular de la c\u00e1tedra de Ingenier\u00eda en Petr\u00f3leo con especialidad en medio ambiente, y si podr\u00eda llevar a cabo un informe sobre el \u00e1rea EFO 280. <\/span><\/p>\n<p class=\"ecxMsoNormal\"><span lang=\"ES-AR\">Desde el Juzgado Civil N\u00ba1 se solicitar\u00e1 al Poder Judicial de la Provincia Neuqu\u00e9n que libre oficio al Colegio de Ingenieros de la vecina provincia a fin de que remita listado de ingenieros con la mencionada especialidad, para que puedan realizar pericias. <\/span><\/p>\n<p class=\"ecxMsoNormal\"><span lang=\"ES-AR\">Tambi\u00e9n se requerir\u00e1 al Cuerpo de Bomberos de Allen que informe si existe un protocolo de actuaci\u00f3n respecto la actividad petrolera y si fue informado a los vecinos cercanos a la locaci\u00f3n. <\/span><\/p>\n<p class=\"ecxMsoNormal\"><span lang=\"ES-AR\">Las partes volver\u00e1n a reunirse el 30 de noviembre para una inspecci\u00f3n ocular en el lugar del incidente.<\/span><\/p>\n<div>\n<div class=\"ecxgmail_signature\">\n<div dir=\"ltr\">\n<div>\n<div dir=\"ltr\">\n<p>Prensa Secretaria de Ambiente y Desarrollo Sustentable<\/p>\n<p>Delegaci\u00f3n Alto Valle<\/p>\n<\/div>\n<\/div>\n<\/div>\n<\/div>\n<\/div>\n","protected":false},"excerpt":{"rendered":"<p>Allen.-La Secretar\u00eda de Ambiente y Desarrollo Sustentable brind\u00f3 detalles e informaci\u00f3n actualizada, en el marco de la audiencia informativa convocada [&hellip;]<\/p>\n","protected":false},"author":2,"featured_media":14244,"comment_status":"closed","ping_status":"closed","sticky":false,"template":"","format":"standard","meta":{"site-sidebar-layout":"default","site-content-layout":"","ast-site-content-layout":"default","site-content-style":"default","site-sidebar-style":"default","ast-global-header-display":"","ast-banner-title-visibility":"","ast-main-header-display":"","ast-hfb-above-header-display":"","ast-hfb-below-header-display":"","ast-hfb-mobile-header-display":"","site-post-title":"","ast-breadcrumbs-content":"","ast-featured-img":"","footer-sml-layout":"","ast-disable-related-posts":"","theme-transparent-header-meta":"","adv-header-id-meta":"","stick-header-meta":"","header-above-stick-meta":"","header-main-stick-meta":"","header-below-stick-meta":"","astra-migrate-meta-layouts":"default","ast-page-background-enabled":"default","ast-page-background-meta":{"desktop":{"background-color":"var(--ast-global-color-5)","background-image":"","background-repeat":"repeat","background-position":"center center","background-size":"auto","background-attachment":"scroll","background-type":"","background-media":"","overlay-type":"","overlay-color":"","overlay-opacity":"","overlay-gradient":""},"tablet":{"background-color":"","background-image":"","background-repeat":"repeat","background-position":"center center","background-size":"auto","background-attachment":"scroll","background-type":"","background-media":"","overlay-type":"","overlay-color":"","overlay-opacity":"","overlay-gradient":""},"mobile":{"background-color":"","background-image":"","background-repeat":"repeat","background-position":"center center","background-size":"auto","background-attachment":"scroll","background-type":"","background-media":"","overlay-type":"","overlay-color":"","overlay-opacity":"","overlay-gradient":""}},"ast-content-background-meta":{"desktop":{"background-color":"var(--ast-global-color-4)","background-image":"","background-repeat":"repeat","background-position":"center center","background-size":"auto","background-attachment":"scroll","background-type":"","background-media":"","overlay-type":"","overlay-color":"","overlay-opacity":"","overlay-gradient":""},"tablet":{"background-color":"var(--ast-global-color-4)","background-image":"","background-repeat":"repeat","background-position":"center center","background-size":"auto","background-attachment":"scroll","background-type":"","background-media":"","overlay-type":"","overlay-color":"","overlay-opacity":"","overlay-gradient":""},"mobile":{"background-color":"var(--ast-global-color-4)","background-image":"","background-repeat":"repeat","background-position":"center center","background-size":"auto","background-attachment":"scroll","background-type":"","background-media":"","overlay-type":"","overlay-color":"","overlay-opacity":"","overlay-gradient":""}},"footnotes":""},"categories":[1,13,14],"tags":[],"class_list":["post-14243","post","type-post","status-publish","format-standard","has-post-thumbnail","hentry","category-noticias","category-provinciales","category-rio-negro"],"yoast_head":"<!-- This site is optimized with the Yoast SEO Premium plugin v23.0 (Yoast SEO v27.5) - https:\/\/yoast.com\/product\/yoast-seo-premium-wordpress\/ -->\n<title>Parte de prensa: Ambiente particip\u00f3 de audiencia judicial por EFO 280 de Allen\u200f<\/title>\n<meta name=\"robots\" content=\"index, follow, max-snippet:-1, max-image-preview:large, max-video-preview:-1\" \/>\n<link rel=\"canonical\" href=\"https:\/\/patagoniambiental.com.ar\/info\/parte-de-prensa-ambiente-participo-de-audiencia-judicial-por-efo-280-de-allen\u200f\/\" \/>\n<meta property=\"og:locale\" content=\"es_ES\" \/>\n<meta property=\"og:type\" content=\"article\" \/>\n<meta property=\"og:title\" content=\"Parte de prensa: Ambiente particip\u00f3 de audiencia judicial por EFO 280 de Allen\u200f\" \/>\n<meta property=\"og:description\" content=\"Allen.-La Secretar\u00eda de Ambiente y Desarrollo Sustentable brind\u00f3 detalles e informaci\u00f3n actualizada, en el marco de la audiencia informativa convocada [&hellip;]\" \/>\n<meta property=\"og:url\" content=\"https:\/\/patagoniambiental.com.ar\/info\/parte-de-prensa-ambiente-participo-de-audiencia-judicial-por-efo-280-de-allen\u200f\/\" \/>\n<meta property=\"og:site_name\" content=\"Patagonia Ambiental\" \/>\n<meta property=\"article:publisher\" content=\"https:\/\/www.facebook.com\/patagonia.ambiental\" \/>\n<meta property=\"article:author\" content=\"https:\/\/www.facebook.com\/share\/1C1V8Gv9BX\/?mibextid=qi2Omg\" \/>\n<meta property=\"article:published_time\" content=\"2015-09-28T22:00:59+00:00\" \/>\n<meta name=\"author\" content=\"Patagonia Ambiental\" \/>\n<meta name=\"twitter:card\" content=\"summary_large_image\" \/>\n<meta name=\"twitter:creator\" content=\"@PatAmb\" \/>\n<meta name=\"twitter:site\" content=\"@PatAmb\" \/>\n<script type=\"application\/ld+json\" class=\"yoast-schema-graph\">{\"@context\":\"https:\\\/\\\/schema.org\",\"@graph\":[{\"@type\":\"Article\",\"@id\":\"https:\\\/\\\/patagoniambiental.com.ar\\\/info\\\/parte-de-prensa-ambiente-participo-de-audiencia-judicial-por-efo-280-de-allen%e2%80%8f\\\/#article\",\"isPartOf\":{\"@id\":\"https:\\\/\\\/patagoniambiental.com.ar\\\/info\\\/parte-de-prensa-ambiente-participo-de-audiencia-judicial-por-efo-280-de-allen%e2%80%8f\\\/\"},\"author\":{\"name\":\"Patagonia Ambiental\",\"@id\":\"https:\\\/\\\/patagoniambiental.com.ar\\\/info\\\/#\\\/schema\\\/person\\\/db12bff64bbcbf6a253710bf0ea37b5d\"},\"headline\":\"Parte de prensa: Ambiente particip\u00f3 de audiencia judicial por EFO 280 de Allen\u200f\",\"datePublished\":\"2015-09-28T22:00:59+00:00\",\"mainEntityOfPage\":{\"@id\":\"https:\\\/\\\/patagoniambiental.com.ar\\\/info\\\/parte-de-prensa-ambiente-participo-de-audiencia-judicial-por-efo-280-de-allen%e2%80%8f\\\/\"},\"wordCount\":540,\"publisher\":{\"@id\":\"https:\\\/\\\/patagoniambiental.com.ar\\\/info\\\/#organization\"},\"image\":{\"@id\":\"https:\\\/\\\/patagoniambiental.com.ar\\\/info\\\/parte-de-prensa-ambiente-participo-de-audiencia-judicial-por-efo-280-de-allen%e2%80%8f\\\/#primaryimage\"},\"thumbnailUrl\":\"\",\"articleSection\":[\"Noticias\",\"Provinciales\",\"R\u00edo Negro\"],\"inLanguage\":\"es\"},{\"@type\":\"WebPage\",\"@id\":\"https:\\\/\\\/patagoniambiental.com.ar\\\/info\\\/parte-de-prensa-ambiente-participo-de-audiencia-judicial-por-efo-280-de-allen%e2%80%8f\\\/\",\"url\":\"https:\\\/\\\/patagoniambiental.com.ar\\\/info\\\/parte-de-prensa-ambiente-participo-de-audiencia-judicial-por-efo-280-de-allen%e2%80%8f\\\/\",\"name\":\"Parte de prensa: Ambiente particip\u00f3 de audiencia judicial por EFO 280 de Allen\u200f\",\"isPartOf\":{\"@id\":\"https:\\\/\\\/patagoniambiental.com.ar\\\/info\\\/#website\"},\"primaryImageOfPage\":{\"@id\":\"https:\\\/\\\/patagoniambiental.com.ar\\\/info\\\/parte-de-prensa-ambiente-participo-de-audiencia-judicial-por-efo-280-de-allen%e2%80%8f\\\/#primaryimage\"},\"image\":{\"@id\":\"https:\\\/\\\/patagoniambiental.com.ar\\\/info\\\/parte-de-prensa-ambiente-participo-de-audiencia-judicial-por-efo-280-de-allen%e2%80%8f\\\/#primaryimage\"},\"thumbnailUrl\":\"\",\"datePublished\":\"2015-09-28T22:00:59+00:00\",\"breadcrumb\":{\"@id\":\"https:\\\/\\\/patagoniambiental.com.ar\\\/info\\\/parte-de-prensa-ambiente-participo-de-audiencia-judicial-por-efo-280-de-allen%e2%80%8f\\\/#breadcrumb\"},\"inLanguage\":\"es\",\"potentialAction\":[{\"@type\":\"ReadAction\",\"target\":[\"https:\\\/\\\/patagoniambiental.com.ar\\\/info\\\/parte-de-prensa-ambiente-participo-de-audiencia-judicial-por-efo-280-de-allen%e2%80%8f\\\/\"]}]},{\"@type\":\"ImageObject\",\"inLanguage\":\"es\",\"@id\":\"https:\\\/\\\/patagoniambiental.com.ar\\\/info\\\/parte-de-prensa-ambiente-participo-de-audiencia-judicial-por-efo-280-de-allen%e2%80%8f\\\/#primaryimage\",\"url\":\"\",\"contentUrl\":\"\"},{\"@type\":\"BreadcrumbList\",\"@id\":\"https:\\\/\\\/patagoniambiental.com.ar\\\/info\\\/parte-de-prensa-ambiente-participo-de-audiencia-judicial-por-efo-280-de-allen%e2%80%8f\\\/#breadcrumb\",\"itemListElement\":[{\"@type\":\"ListItem\",\"position\":1,\"name\":\"Inicio\",\"item\":\"https:\\\/\\\/patagoniambiental.com.ar\\\/info\\\/\"},{\"@type\":\"ListItem\",\"position\":2,\"name\":\"Parte de prensa: Ambiente particip\u00f3 de audiencia judicial por EFO 280 de Allen\u200f\"}]},{\"@type\":\"WebSite\",\"@id\":\"https:\\\/\\\/patagoniambiental.com.ar\\\/info\\\/#website\",\"url\":\"https:\\\/\\\/patagoniambiental.com.ar\\\/info\\\/\",\"name\":\"Patagonia Ambiental\",\"description\":\"Monitoreo y an\u00e1lisis de la situaci\u00f3n geopol\u00edtica en el mundo y su implicancia en la Patagonia\",\"publisher\":{\"@id\":\"https:\\\/\\\/patagoniambiental.com.ar\\\/info\\\/#organization\"},\"potentialAction\":[{\"@type\":\"SearchAction\",\"target\":{\"@type\":\"EntryPoint\",\"urlTemplate\":\"https:\\\/\\\/patagoniambiental.com.ar\\\/info\\\/?s={search_term_string}\"},\"query-input\":{\"@type\":\"PropertyValueSpecification\",\"valueRequired\":true,\"valueName\":\"search_term_string\"}}],\"inLanguage\":\"es\"},{\"@type\":\"Organization\",\"@id\":\"https:\\\/\\\/patagoniambiental.com.ar\\\/info\\\/#organization\",\"name\":\"Patagonia Ambiental\",\"url\":\"https:\\\/\\\/patagoniambiental.com.ar\\\/info\\\/\",\"logo\":{\"@type\":\"ImageObject\",\"inLanguage\":\"es\",\"@id\":\"https:\\\/\\\/patagoniambiental.com.ar\\\/info\\\/#\\\/schema\\\/logo\\\/image\\\/\",\"url\":\"https:\\\/\\\/patagoniambiental.com.ar\\\/info\\\/wp-content\\\/uploads\\\/2025\\\/05\\\/LOGO-PATAGONIA-AMBIENTAL.png\",\"contentUrl\":\"https:\\\/\\\/patagoniambiental.com.ar\\\/info\\\/wp-content\\\/uploads\\\/2025\\\/05\\\/LOGO-PATAGONIA-AMBIENTAL.png\",\"width\":433,\"height\":250,\"caption\":\"Patagonia Ambiental\"},\"image\":{\"@id\":\"https:\\\/\\\/patagoniambiental.com.ar\\\/info\\\/#\\\/schema\\\/logo\\\/image\\\/\"},\"sameAs\":[\"https:\\\/\\\/www.facebook.com\\\/patagonia.ambiental\",\"https:\\\/\\\/x.com\\\/PatAmb\"]},{\"@type\":\"Person\",\"@id\":\"https:\\\/\\\/patagoniambiental.com.ar\\\/info\\\/#\\\/schema\\\/person\\\/db12bff64bbcbf6a253710bf0ea37b5d\",\"name\":\"Patagonia Ambiental\",\"description\":\"Andr\u00e9s Nievas T\u00e9cnico en manejo ambiental, consultor Ambiental y escritor para medios locales e internacionales sobre temas de geopolitica y medio ambiente.\",\"sameAs\":[\"http:\\\/\\\/www.patagoniambiental.com.ar\",\"https:\\\/\\\/www.facebook.com\\\/share\\\/1C1V8Gv9BX\\\/?mibextid=qi2Omg\",\"@patagoniambiental\",\"https:\\\/\\\/youtube.com\\\/@patagoniaambiental2023?si=BLt58t0wuXquxlYZ\"]}]}<\/script>\n<!-- \/ Yoast SEO Premium plugin. -->","yoast_head_json":{"title":"Parte de prensa: Ambiente particip\u00f3 de audiencia judicial por EFO 280 de Allen\u200f","robots":{"index":"index","follow":"follow","max-snippet":"max-snippet:-1","max-image-preview":"max-image-preview:large","max-video-preview":"max-video-preview:-1"},"canonical":"https:\/\/patagoniambiental.com.ar\/info\/parte-de-prensa-ambiente-participo-de-audiencia-judicial-por-efo-280-de-allen\u200f\/","og_locale":"es_ES","og_type":"article","og_title":"Parte de prensa: Ambiente particip\u00f3 de audiencia judicial por EFO 280 de Allen\u200f","og_description":"Allen.-La Secretar\u00eda de Ambiente y Desarrollo Sustentable brind\u00f3 detalles e informaci\u00f3n actualizada, en el marco de la audiencia informativa convocada [&hellip;]","og_url":"https:\/\/patagoniambiental.com.ar\/info\/parte-de-prensa-ambiente-participo-de-audiencia-judicial-por-efo-280-de-allen\u200f\/","og_site_name":"Patagonia Ambiental","article_publisher":"https:\/\/www.facebook.com\/patagonia.ambiental","article_author":"https:\/\/www.facebook.com\/share\/1C1V8Gv9BX\/?mibextid=qi2Omg","article_published_time":"2015-09-28T22:00:59+00:00","author":"Patagonia Ambiental","twitter_card":"summary_large_image","twitter_creator":"@PatAmb","twitter_site":"@PatAmb","schema":{"@context":"https:\/\/schema.org","@graph":[{"@type":"Article","@id":"https:\/\/patagoniambiental.com.ar\/info\/parte-de-prensa-ambiente-participo-de-audiencia-judicial-por-efo-280-de-allen%e2%80%8f\/#article","isPartOf":{"@id":"https:\/\/patagoniambiental.com.ar\/info\/parte-de-prensa-ambiente-participo-de-audiencia-judicial-por-efo-280-de-allen%e2%80%8f\/"},"author":{"name":"Patagonia Ambiental","@id":"https:\/\/patagoniambiental.com.ar\/info\/#\/schema\/person\/db12bff64bbcbf6a253710bf0ea37b5d"},"headline":"Parte de prensa: Ambiente particip\u00f3 de audiencia judicial por EFO 280 de Allen\u200f","datePublished":"2015-09-28T22:00:59+00:00","mainEntityOfPage":{"@id":"https:\/\/patagoniambiental.com.ar\/info\/parte-de-prensa-ambiente-participo-de-audiencia-judicial-por-efo-280-de-allen%e2%80%8f\/"},"wordCount":540,"publisher":{"@id":"https:\/\/patagoniambiental.com.ar\/info\/#organization"},"image":{"@id":"https:\/\/patagoniambiental.com.ar\/info\/parte-de-prensa-ambiente-participo-de-audiencia-judicial-por-efo-280-de-allen%e2%80%8f\/#primaryimage"},"thumbnailUrl":"","articleSection":["Noticias","Provinciales","R\u00edo Negro"],"inLanguage":"es"},{"@type":"WebPage","@id":"https:\/\/patagoniambiental.com.ar\/info\/parte-de-prensa-ambiente-participo-de-audiencia-judicial-por-efo-280-de-allen%e2%80%8f\/","url":"https:\/\/patagoniambiental.com.ar\/info\/parte-de-prensa-ambiente-participo-de-audiencia-judicial-por-efo-280-de-allen%e2%80%8f\/","name":"Parte de prensa: Ambiente particip\u00f3 de audiencia judicial por EFO 280 de Allen\u200f","isPartOf":{"@id":"https:\/\/patagoniambiental.com.ar\/info\/#website"},"primaryImageOfPage":{"@id":"https:\/\/patagoniambiental.com.ar\/info\/parte-de-prensa-ambiente-participo-de-audiencia-judicial-por-efo-280-de-allen%e2%80%8f\/#primaryimage"},"image":{"@id":"https:\/\/patagoniambiental.com.ar\/info\/parte-de-prensa-ambiente-participo-de-audiencia-judicial-por-efo-280-de-allen%e2%80%8f\/#primaryimage"},"thumbnailUrl":"","datePublished":"2015-09-28T22:00:59+00:00","breadcrumb":{"@id":"https:\/\/patagoniambiental.com.ar\/info\/parte-de-prensa-ambiente-participo-de-audiencia-judicial-por-efo-280-de-allen%e2%80%8f\/#breadcrumb"},"inLanguage":"es","potentialAction":[{"@type":"ReadAction","target":["https:\/\/patagoniambiental.com.ar\/info\/parte-de-prensa-ambiente-participo-de-audiencia-judicial-por-efo-280-de-allen%e2%80%8f\/"]}]},{"@type":"ImageObject","inLanguage":"es","@id":"https:\/\/patagoniambiental.com.ar\/info\/parte-de-prensa-ambiente-participo-de-audiencia-judicial-por-efo-280-de-allen%e2%80%8f\/#primaryimage","url":"","contentUrl":""},{"@type":"BreadcrumbList","@id":"https:\/\/patagoniambiental.com.ar\/info\/parte-de-prensa-ambiente-participo-de-audiencia-judicial-por-efo-280-de-allen%e2%80%8f\/#breadcrumb","itemListElement":[{"@type":"ListItem","position":1,"name":"Inicio","item":"https:\/\/patagoniambiental.com.ar\/info\/"},{"@type":"ListItem","position":2,"name":"Parte de prensa: Ambiente particip\u00f3 de audiencia judicial por EFO 280 de Allen\u200f"}]},{"@type":"WebSite","@id":"https:\/\/patagoniambiental.com.ar\/info\/#website","url":"https:\/\/patagoniambiental.com.ar\/info\/","name":"Patagonia Ambiental","description":"Monitoreo y an\u00e1lisis de la situaci\u00f3n geopol\u00edtica en el mundo y su implicancia en la Patagonia","publisher":{"@id":"https:\/\/patagoniambiental.com.ar\/info\/#organization"},"potentialAction":[{"@type":"SearchAction","target":{"@type":"EntryPoint","urlTemplate":"https:\/\/patagoniambiental.com.ar\/info\/?s={search_term_string}"},"query-input":{"@type":"PropertyValueSpecification","valueRequired":true,"valueName":"search_term_string"}}],"inLanguage":"es"},{"@type":"Organization","@id":"https:\/\/patagoniambiental.com.ar\/info\/#organization","name":"Patagonia Ambiental","url":"https:\/\/patagoniambiental.com.ar\/info\/","logo":{"@type":"ImageObject","inLanguage":"es","@id":"https:\/\/patagoniambiental.com.ar\/info\/#\/schema\/logo\/image\/","url":"https:\/\/patagoniambiental.com.ar\/info\/wp-content\/uploads\/2025\/05\/LOGO-PATAGONIA-AMBIENTAL.png","contentUrl":"https:\/\/patagoniambiental.com.ar\/info\/wp-content\/uploads\/2025\/05\/LOGO-PATAGONIA-AMBIENTAL.png","width":433,"height":250,"caption":"Patagonia Ambiental"},"image":{"@id":"https:\/\/patagoniambiental.com.ar\/info\/#\/schema\/logo\/image\/"},"sameAs":["https:\/\/www.facebook.com\/patagonia.ambiental","https:\/\/x.com\/PatAmb"]},{"@type":"Person","@id":"https:\/\/patagoniambiental.com.ar\/info\/#\/schema\/person\/db12bff64bbcbf6a253710bf0ea37b5d","name":"Patagonia Ambiental","description":"Andr\u00e9s Nievas T\u00e9cnico en manejo ambiental, consultor Ambiental y escritor para medios locales e internacionales sobre temas de geopolitica y medio ambiente.","sameAs":["http:\/\/www.patagoniambiental.com.ar","https:\/\/www.facebook.com\/share\/1C1V8Gv9BX\/?mibextid=qi2Omg","@patagoniambiental","https:\/\/youtube.com\/@patagoniaambiental2023?si=BLt58t0wuXquxlYZ"]}]}},"_links":{"self":[{"href":"https:\/\/patagoniambiental.com.ar\/info\/wp-json\/wp\/v2\/posts\/14243","targetHints":{"allow":["GET"]}}],"collection":[{"href":"https:\/\/patagoniambiental.com.ar\/info\/wp-json\/wp\/v2\/posts"}],"about":[{"href":"https:\/\/patagoniambiental.com.ar\/info\/wp-json\/wp\/v2\/types\/post"}],"author":[{"embeddable":true,"href":"https:\/\/patagoniambiental.com.ar\/info\/wp-json\/wp\/v2\/users\/2"}],"replies":[{"embeddable":true,"href":"https:\/\/patagoniambiental.com.ar\/info\/wp-json\/wp\/v2\/comments?post=14243"}],"version-history":[{"count":0,"href":"https:\/\/patagoniambiental.com.ar\/info\/wp-json\/wp\/v2\/posts\/14243\/revisions"}],"wp:featuredmedia":[{"embeddable":true,"href":"https:\/\/patagoniambiental.com.ar\/info\/wp-json\/"}],"wp:attachment":[{"href":"https:\/\/patagoniambiental.com.ar\/info\/wp-json\/wp\/v2\/media?parent=14243"}],"wp:term":[{"taxonomy":"category","embeddable":true,"href":"https:\/\/patagoniambiental.com.ar\/info\/wp-json\/wp\/v2\/categories?post=14243"},{"taxonomy":"post_tag","embeddable":true,"href":"https:\/\/patagoniambiental.com.ar\/info\/wp-json\/wp\/v2\/tags?post=14243"}],"curies":[{"name":"wp","href":"https:\/\/api.w.org\/{rel}","templated":true}]}}