{"id":14251,"date":"2015-09-28T19:00:18","date_gmt":"2015-09-28T22:00:18","guid":{"rendered":"http:\/\/patagoniambiental.com.ar\/?p=14251"},"modified":"2015-09-28T19:00:18","modified_gmt":"2015-09-28T22:00:18","slug":"el-embajador-en-el-vaticano-pidio-que-los-aspectos-centrales-de-la-enciclica-laudatio-si-se-conviertan-en-normas-del-mercosur","status":"publish","type":"post","link":"https:\/\/patagoniambiental.com.ar\/info\/el-embajador-en-el-vaticano-pidio-que-los-aspectos-centrales-de-la-enciclica-laudatio-si-se-conviertan-en-normas-del-mercosur\/","title":{"rendered":"El embajador en el Vaticano pidi\u00f3 que los aspectos centrales de la enc\u00edclica \u201cLaudatio si\u201d se conviertan en normas del Mercosur"},"content":{"rendered":"<p>Vaticano.-Eduardo Vald\u00e9s, tambi\u00e9n candidato al Parlasur por el Frente para la Victoria, mencion\u00f3 en particular temas de esa enc\u00edclica como \u201cla preservaci\u00f3n del ambiente y la posibilidad de que todos tengan tierra, techo y trabajo\u201d.<!--more--><\/p>\n<p><!-- Post Meta --><\/p>\n<p>El embajador argentino en el Vaticano, Eduardo Vald\u00e9s, sugiri\u00f3 que el Parlasur podr\u00eda convertir en normas del Mercosur aspectos centrales de \u201cLaudato si\u201d, la enc\u00edclica del papa Francisco sobre el medioambiente.<\/p>\n<p>\u201cPorqu\u00e9 no trasformarlas en normas intra-Mercosur\u201d, dijo a radio T\u00e9lam el tambi\u00e9n candidato al Parlasur por el Frente para la Victoria y mencion\u00f3 en particular temas de esa enc\u00edclica como \u201cla preservaci\u00f3n del ambiente y la posibilidad de que todos tengan tierra, techo y trabajo\u201d.<\/p>\n<p>Vald\u00e9s se\u00f1al\u00f3 que en la regi\u00f3n \u201chay mucho para hacer\u201d en lo que tiene \u201cque ver con la igualdad no s\u00f3lo econ\u00f3mica sino tambi\u00e9n de vivir dignamente, porque, como dice el Papa en \u2018Laudato si\u2019, los que corrompen el ambiente no son los que lo padecen. Normalmente lo padecen los m\u00e1s humildes\u201d.<\/p>\n<p>@audio@<br \/>\n\u201cYo creo que el nuevo tiempo que se viene es dotar de mucha m\u00e1s pol\u00edtica al Mercosur\u201d, dijo adem\u00e1s el candidato al Parlasur en contraste con \u201cqui\u00e9nes critican al Mercosur\u201d, buscan dividirlo o preferir\u00edan \u201cun Mercosur manejado s\u00f3lo por t\u00e9cnicos\u201d.<\/p>\n<p>En el mismo sentido, record\u00f3 la importancia que tiene para cada pa\u00eds del Mercosur el comercio dentro del bloque regional, incluido el que mantienen entre s\u00ed Brasil y Argentina.<\/p>\n<p>Vald\u00e9s tambi\u00e9n valor\u00f3 la actividad de la Unasur, ya que, subray\u00f3, puso freno a \u201cconflictos entre pa\u00edses, golpes militares, interrupciones institucionales\u201d.<\/p>\n<p>En este orden, sostuvo que \u201cbasta ver lo que quieren hacer con (la presidenta de Brasil) Dilma Rousseff en este tiempo para darnos cuenta de d\u00f3nde vienen esas cr\u00edticas\u201d al Mercosur y la Unasur.<\/p>\n<p>\u201cHemos vivido dos siglos divididos desde que tenemos independencia y no nos fue bien a ninguno. Era la vieja pol\u00edtica de (el ministro brit\u00e1nico de Exteriores de comienzos del siglo XIX George) Canning, de dividir para reinar. Yo sigo pensando que juntos vamos a lograr m\u00e1s cosas que separados\u201d, insisti\u00f3.<\/p>\n<p>Sobre la existencia de campa\u00f1as hostiles a gobiernos como los de Brasil, Venezuela y Ecuador, Vald\u00e9s record\u00f3 que \u201chace dos a\u00f1os nos enteramos por (Edward) Snowden, aquel personaje que trabajaba para la CIA y que mostr\u00f3 documentos que espiaban a Petrobras y al tel\u00e9fono de la presidenta Rousseff\u201d, quien por esa raz\u00f3n \u201csuspendi\u00f3 una visita a los Estados Unidos\u201d.<\/p>\n<p>\u201cYo no creo que est\u00e9n muy divorciadas esas acciones\u201d, opin\u00f3 finalmente Vald\u00e9s y se\u00f1al\u00f3 que, desde \u201ctodas las instancias\u201d regionales, \u201clos pa\u00edses hermanos est\u00e1n dispuestos a defender la institucionalidad, el crecimiento, la autonom\u00eda y la lucha por la equidad\u201d.<\/p>\n<p>Fuente: Clic de Noticias<\/p>\n","protected":false},"excerpt":{"rendered":"<p>Vaticano.-Eduardo Vald\u00e9s, tambi\u00e9n candidato al Parlasur por el Frente para la Victoria, mencion\u00f3 en particular temas de esa enc\u00edclica como [&hellip;]<\/p>\n","protected":false},"author":2,"featured_media":3678,"comment_status":"closed","ping_status":"closed","sticky":false,"template":"","format":"standard","meta":{"site-sidebar-layout":"default","site-content-layout":"","ast-site-content-layout":"default","site-content-style":"default","site-sidebar-style":"default","ast-global-header-display":"","ast-banner-title-visibility":"","ast-main-header-display":"","ast-hfb-above-header-display":"","ast-hfb-below-header-display":"","ast-hfb-mobile-header-display":"","site-post-title":"","ast-breadcrumbs-content":"","ast-featured-img":"","footer-sml-layout":"","ast-disable-related-posts":"","theme-transparent-header-meta":"","adv-header-id-meta":"","stick-header-meta":"","header-above-stick-meta":"","header-main-stick-meta":"","header-below-stick-meta":"","astra-migrate-meta-layouts":"default","ast-page-background-enabled":"default","ast-page-background-meta":{"desktop":{"background-color":"var(--ast-global-color-5)","background-image":"","background-repeat":"repeat","background-position":"center center","background-size":"auto","background-attachment":"scroll","background-type":"","background-media":"","overlay-type":"","overlay-color":"","overlay-opacity":"","overlay-gradient":""},"tablet":{"background-color":"","background-image":"","background-repeat":"repeat","background-position":"center center","background-size":"auto","background-attachment":"scroll","background-type":"","background-media":"","overlay-type":"","overlay-color":"","overlay-opacity":"","overlay-gradient":""},"mobile":{"background-color":"","background-image":"","background-repeat":"repeat","background-position":"center center","background-size":"auto","background-attachment":"scroll","background-type":"","background-media":"","overlay-type":"","overlay-color":"","overlay-opacity":"","overlay-gradient":""}},"ast-content-background-meta":{"desktop":{"background-color":"var(--ast-global-color-4)","background-image":"","background-repeat":"repeat","background-position":"center center","background-size":"auto","background-attachment":"scroll","background-type":"","background-media":"","overlay-type":"","overlay-color":"","overlay-opacity":"","overlay-gradient":""},"tablet":{"background-color":"var(--ast-global-color-4)","background-image":"","background-repeat":"repeat","background-position":"center center","background-size":"auto","background-attachment":"scroll","background-type":"","background-media":"","overlay-type":"","overlay-color":"","overlay-opacity":"","overlay-gradient":""},"mobile":{"background-color":"var(--ast-global-color-4)","background-image":"","background-repeat":"repeat","background-position":"center center","background-size":"auto","background-attachment":"scroll","background-type":"","background-media":"","overlay-type":"","overlay-color":"","overlay-opacity":"","overlay-gradient":""}},"footnotes":""},"categories":[23,1],"tags":[],"class_list":["post-14251","post","type-post","status-publish","format-standard","has-post-thumbnail","hentry","category-internacionales","category-noticias"],"yoast_head":"<!-- This site is optimized with the Yoast SEO Premium plugin v23.0 (Yoast SEO v27.5) - https:\/\/yoast.com\/product\/yoast-seo-premium-wordpress\/ -->\n<title>El embajador en el Vaticano pidi\u00f3 que los aspectos centrales de la enc\u00edclica \u201cLaudatio si\u201d se conviertan en normas del Mercosur<\/title>\n<meta name=\"robots\" content=\"index, follow, max-snippet:-1, max-image-preview:large, max-video-preview:-1\" \/>\n<link rel=\"canonical\" href=\"https:\/\/patagoniambiental.com.ar\/info\/el-embajador-en-el-vaticano-pidio-que-los-aspectos-centrales-de-la-enciclica-laudatio-si-se-conviertan-en-normas-del-mercosur\/\" \/>\n<meta property=\"og:locale\" content=\"es_ES\" \/>\n<meta property=\"og:type\" content=\"article\" \/>\n<meta property=\"og:title\" content=\"El embajador en el Vaticano pidi\u00f3 que los aspectos centrales de la enc\u00edclica \u201cLaudatio si\u201d se conviertan en normas del Mercosur\" \/>\n<meta property=\"og:description\" content=\"Vaticano.-Eduardo Vald\u00e9s, tambi\u00e9n candidato al Parlasur por el Frente para la Victoria, mencion\u00f3 en particular temas de esa enc\u00edclica como [&hellip;]\" \/>\n<meta property=\"og:url\" content=\"https:\/\/patagoniambiental.com.ar\/info\/el-embajador-en-el-vaticano-pidio-que-los-aspectos-centrales-de-la-enciclica-laudatio-si-se-conviertan-en-normas-del-mercosur\/\" \/>\n<meta property=\"og:site_name\" content=\"Patagonia Ambiental\" \/>\n<meta property=\"article:publisher\" content=\"https:\/\/www.facebook.com\/patagonia.ambiental\" \/>\n<meta property=\"article:author\" content=\"https:\/\/www.facebook.com\/share\/1C1V8Gv9BX\/?mibextid=qi2Omg\" \/>\n<meta property=\"article:published_time\" content=\"2015-09-28T22:00:18+00:00\" \/>\n<meta name=\"author\" content=\"Patagonia Ambiental\" \/>\n<meta name=\"twitter:card\" content=\"summary_large_image\" \/>\n<meta name=\"twitter:creator\" content=\"@PatAmb\" \/>\n<meta name=\"twitter:site\" content=\"@PatAmb\" \/>\n<script type=\"application\/ld+json\" class=\"yoast-schema-graph\">{\"@context\":\"https:\\\/\\\/schema.org\",\"@graph\":[{\"@type\":\"Article\",\"@id\":\"https:\\\/\\\/patagoniambiental.com.ar\\\/info\\\/el-embajador-en-el-vaticano-pidio-que-los-aspectos-centrales-de-la-enciclica-laudatio-si-se-conviertan-en-normas-del-mercosur\\\/#article\",\"isPartOf\":{\"@id\":\"https:\\\/\\\/patagoniambiental.com.ar\\\/info\\\/el-embajador-en-el-vaticano-pidio-que-los-aspectos-centrales-de-la-enciclica-laudatio-si-se-conviertan-en-normas-del-mercosur\\\/\"},\"author\":{\"name\":\"Patagonia Ambiental\",\"@id\":\"https:\\\/\\\/patagoniambiental.com.ar\\\/info\\\/#\\\/schema\\\/person\\\/db12bff64bbcbf6a253710bf0ea37b5d\"},\"headline\":\"El embajador en el Vaticano pidi\u00f3 que los aspectos centrales de la enc\u00edclica \u201cLaudatio si\u201d se conviertan en normas del Mercosur\",\"datePublished\":\"2015-09-28T22:00:18+00:00\",\"mainEntityOfPage\":{\"@id\":\"https:\\\/\\\/patagoniambiental.com.ar\\\/info\\\/el-embajador-en-el-vaticano-pidio-que-los-aspectos-centrales-de-la-enciclica-laudatio-si-se-conviertan-en-normas-del-mercosur\\\/\"},\"wordCount\":508,\"publisher\":{\"@id\":\"https:\\\/\\\/patagoniambiental.com.ar\\\/info\\\/#organization\"},\"image\":{\"@id\":\"https:\\\/\\\/patagoniambiental.com.ar\\\/info\\\/el-embajador-en-el-vaticano-pidio-que-los-aspectos-centrales-de-la-enciclica-laudatio-si-se-conviertan-en-normas-del-mercosur\\\/#primaryimage\"},\"thumbnailUrl\":\"\",\"articleSection\":[\"Internacionales\",\"Noticias\"],\"inLanguage\":\"es\"},{\"@type\":\"WebPage\",\"@id\":\"https:\\\/\\\/patagoniambiental.com.ar\\\/info\\\/el-embajador-en-el-vaticano-pidio-que-los-aspectos-centrales-de-la-enciclica-laudatio-si-se-conviertan-en-normas-del-mercosur\\\/\",\"url\":\"https:\\\/\\\/patagoniambiental.com.ar\\\/info\\\/el-embajador-en-el-vaticano-pidio-que-los-aspectos-centrales-de-la-enciclica-laudatio-si-se-conviertan-en-normas-del-mercosur\\\/\",\"name\":\"El embajador en el Vaticano pidi\u00f3 que los aspectos centrales de la enc\u00edclica \u201cLaudatio si\u201d se conviertan en normas del Mercosur\",\"isPartOf\":{\"@id\":\"https:\\\/\\\/patagoniambiental.com.ar\\\/info\\\/#website\"},\"primaryImageOfPage\":{\"@id\":\"https:\\\/\\\/patagoniambiental.com.ar\\\/info\\\/el-embajador-en-el-vaticano-pidio-que-los-aspectos-centrales-de-la-enciclica-laudatio-si-se-conviertan-en-normas-del-mercosur\\\/#primaryimage\"},\"image\":{\"@id\":\"https:\\\/\\\/patagoniambiental.com.ar\\\/info\\\/el-embajador-en-el-vaticano-pidio-que-los-aspectos-centrales-de-la-enciclica-laudatio-si-se-conviertan-en-normas-del-mercosur\\\/#primaryimage\"},\"thumbnailUrl\":\"\",\"datePublished\":\"2015-09-28T22:00:18+00:00\",\"breadcrumb\":{\"@id\":\"https:\\\/\\\/patagoniambiental.com.ar\\\/info\\\/el-embajador-en-el-vaticano-pidio-que-los-aspectos-centrales-de-la-enciclica-laudatio-si-se-conviertan-en-normas-del-mercosur\\\/#breadcrumb\"},\"inLanguage\":\"es\",\"potentialAction\":[{\"@type\":\"ReadAction\",\"target\":[\"https:\\\/\\\/patagoniambiental.com.ar\\\/info\\\/el-embajador-en-el-vaticano-pidio-que-los-aspectos-centrales-de-la-enciclica-laudatio-si-se-conviertan-en-normas-del-mercosur\\\/\"]}]},{\"@type\":\"ImageObject\",\"inLanguage\":\"es\",\"@id\":\"https:\\\/\\\/patagoniambiental.com.ar\\\/info\\\/el-embajador-en-el-vaticano-pidio-que-los-aspectos-centrales-de-la-enciclica-laudatio-si-se-conviertan-en-normas-del-mercosur\\\/#primaryimage\",\"url\":\"\",\"contentUrl\":\"\"},{\"@type\":\"BreadcrumbList\",\"@id\":\"https:\\\/\\\/patagoniambiental.com.ar\\\/info\\\/el-embajador-en-el-vaticano-pidio-que-los-aspectos-centrales-de-la-enciclica-laudatio-si-se-conviertan-en-normas-del-mercosur\\\/#breadcrumb\",\"itemListElement\":[{\"@type\":\"ListItem\",\"position\":1,\"name\":\"Inicio\",\"item\":\"https:\\\/\\\/patagoniambiental.com.ar\\\/info\\\/\"},{\"@type\":\"ListItem\",\"position\":2,\"name\":\"El embajador en el Vaticano pidi\u00f3 que los aspectos centrales de la enc\u00edclica \u201cLaudatio si\u201d se conviertan en normas del Mercosur\"}]},{\"@type\":\"WebSite\",\"@id\":\"https:\\\/\\\/patagoniambiental.com.ar\\\/info\\\/#website\",\"url\":\"https:\\\/\\\/patagoniambiental.com.ar\\\/info\\\/\",\"name\":\"Patagonia Ambiental\",\"description\":\"Monitoreo y an\u00e1lisis de la situaci\u00f3n geopol\u00edtica en el mundo y su implicancia en la Patagonia\",\"publisher\":{\"@id\":\"https:\\\/\\\/patagoniambiental.com.ar\\\/info\\\/#organization\"},\"potentialAction\":[{\"@type\":\"SearchAction\",\"target\":{\"@type\":\"EntryPoint\",\"urlTemplate\":\"https:\\\/\\\/patagoniambiental.com.ar\\\/info\\\/?s={search_term_string}\"},\"query-input\":{\"@type\":\"PropertyValueSpecification\",\"valueRequired\":true,\"valueName\":\"search_term_string\"}}],\"inLanguage\":\"es\"},{\"@type\":\"Organization\",\"@id\":\"https:\\\/\\\/patagoniambiental.com.ar\\\/info\\\/#organization\",\"name\":\"Patagonia Ambiental\",\"url\":\"https:\\\/\\\/patagoniambiental.com.ar\\\/info\\\/\",\"logo\":{\"@type\":\"ImageObject\",\"inLanguage\":\"es\",\"@id\":\"https:\\\/\\\/patagoniambiental.com.ar\\\/info\\\/#\\\/schema\\\/logo\\\/image\\\/\",\"url\":\"https:\\\/\\\/patagoniambiental.com.ar\\\/info\\\/wp-content\\\/uploads\\\/2025\\\/05\\\/LOGO-PATAGONIA-AMBIENTAL.png\",\"contentUrl\":\"https:\\\/\\\/patagoniambiental.com.ar\\\/info\\\/wp-content\\\/uploads\\\/2025\\\/05\\\/LOGO-PATAGONIA-AMBIENTAL.png\",\"width\":433,\"height\":250,\"caption\":\"Patagonia Ambiental\"},\"image\":{\"@id\":\"https:\\\/\\\/patagoniambiental.com.ar\\\/info\\\/#\\\/schema\\\/logo\\\/image\\\/\"},\"sameAs\":[\"https:\\\/\\\/www.facebook.com\\\/patagonia.ambiental\",\"https:\\\/\\\/x.com\\\/PatAmb\"]},{\"@type\":\"Person\",\"@id\":\"https:\\\/\\\/patagoniambiental.com.ar\\\/info\\\/#\\\/schema\\\/person\\\/db12bff64bbcbf6a253710bf0ea37b5d\",\"name\":\"Patagonia Ambiental\",\"description\":\"Andr\u00e9s Nievas T\u00e9cnico en manejo ambiental, consultor Ambiental y escritor para medios locales e internacionales sobre temas de geopolitica y medio ambiente.\",\"sameAs\":[\"http:\\\/\\\/www.patagoniambiental.com.ar\",\"https:\\\/\\\/www.facebook.com\\\/share\\\/1C1V8Gv9BX\\\/?mibextid=qi2Omg\",\"@patagoniambiental\",\"https:\\\/\\\/youtube.com\\\/@patagoniaambiental2023?si=BLt58t0wuXquxlYZ\"]}]}<\/script>\n<!-- \/ Yoast SEO Premium plugin. -->","yoast_head_json":{"title":"El embajador en el Vaticano pidi\u00f3 que los aspectos centrales de la enc\u00edclica \u201cLaudatio si\u201d se conviertan en normas del Mercosur","robots":{"index":"index","follow":"follow","max-snippet":"max-snippet:-1","max-image-preview":"max-image-preview:large","max-video-preview":"max-video-preview:-1"},"canonical":"https:\/\/patagoniambiental.com.ar\/info\/el-embajador-en-el-vaticano-pidio-que-los-aspectos-centrales-de-la-enciclica-laudatio-si-se-conviertan-en-normas-del-mercosur\/","og_locale":"es_ES","og_type":"article","og_title":"El embajador en el Vaticano pidi\u00f3 que los aspectos centrales de la enc\u00edclica \u201cLaudatio si\u201d se conviertan en normas del Mercosur","og_description":"Vaticano.-Eduardo Vald\u00e9s, tambi\u00e9n candidato al Parlasur por el Frente para la Victoria, mencion\u00f3 en particular temas de esa enc\u00edclica como [&hellip;]","og_url":"https:\/\/patagoniambiental.com.ar\/info\/el-embajador-en-el-vaticano-pidio-que-los-aspectos-centrales-de-la-enciclica-laudatio-si-se-conviertan-en-normas-del-mercosur\/","og_site_name":"Patagonia Ambiental","article_publisher":"https:\/\/www.facebook.com\/patagonia.ambiental","article_author":"https:\/\/www.facebook.com\/share\/1C1V8Gv9BX\/?mibextid=qi2Omg","article_published_time":"2015-09-28T22:00:18+00:00","author":"Patagonia Ambiental","twitter_card":"summary_large_image","twitter_creator":"@PatAmb","twitter_site":"@PatAmb","schema":{"@context":"https:\/\/schema.org","@graph":[{"@type":"Article","@id":"https:\/\/patagoniambiental.com.ar\/info\/el-embajador-en-el-vaticano-pidio-que-los-aspectos-centrales-de-la-enciclica-laudatio-si-se-conviertan-en-normas-del-mercosur\/#article","isPartOf":{"@id":"https:\/\/patagoniambiental.com.ar\/info\/el-embajador-en-el-vaticano-pidio-que-los-aspectos-centrales-de-la-enciclica-laudatio-si-se-conviertan-en-normas-del-mercosur\/"},"author":{"name":"Patagonia Ambiental","@id":"https:\/\/patagoniambiental.com.ar\/info\/#\/schema\/person\/db12bff64bbcbf6a253710bf0ea37b5d"},"headline":"El embajador en el Vaticano pidi\u00f3 que los aspectos centrales de la enc\u00edclica \u201cLaudatio si\u201d se conviertan en normas del Mercosur","datePublished":"2015-09-28T22:00:18+00:00","mainEntityOfPage":{"@id":"https:\/\/patagoniambiental.com.ar\/info\/el-embajador-en-el-vaticano-pidio-que-los-aspectos-centrales-de-la-enciclica-laudatio-si-se-conviertan-en-normas-del-mercosur\/"},"wordCount":508,"publisher":{"@id":"https:\/\/patagoniambiental.com.ar\/info\/#organization"},"image":{"@id":"https:\/\/patagoniambiental.com.ar\/info\/el-embajador-en-el-vaticano-pidio-que-los-aspectos-centrales-de-la-enciclica-laudatio-si-se-conviertan-en-normas-del-mercosur\/#primaryimage"},"thumbnailUrl":"","articleSection":["Internacionales","Noticias"],"inLanguage":"es"},{"@type":"WebPage","@id":"https:\/\/patagoniambiental.com.ar\/info\/el-embajador-en-el-vaticano-pidio-que-los-aspectos-centrales-de-la-enciclica-laudatio-si-se-conviertan-en-normas-del-mercosur\/","url":"https:\/\/patagoniambiental.com.ar\/info\/el-embajador-en-el-vaticano-pidio-que-los-aspectos-centrales-de-la-enciclica-laudatio-si-se-conviertan-en-normas-del-mercosur\/","name":"El embajador en el Vaticano pidi\u00f3 que los aspectos centrales de la enc\u00edclica \u201cLaudatio si\u201d se conviertan en normas del Mercosur","isPartOf":{"@id":"https:\/\/patagoniambiental.com.ar\/info\/#website"},"primaryImageOfPage":{"@id":"https:\/\/patagoniambiental.com.ar\/info\/el-embajador-en-el-vaticano-pidio-que-los-aspectos-centrales-de-la-enciclica-laudatio-si-se-conviertan-en-normas-del-mercosur\/#primaryimage"},"image":{"@id":"https:\/\/patagoniambiental.com.ar\/info\/el-embajador-en-el-vaticano-pidio-que-los-aspectos-centrales-de-la-enciclica-laudatio-si-se-conviertan-en-normas-del-mercosur\/#primaryimage"},"thumbnailUrl":"","datePublished":"2015-09-28T22:00:18+00:00","breadcrumb":{"@id":"https:\/\/patagoniambiental.com.ar\/info\/el-embajador-en-el-vaticano-pidio-que-los-aspectos-centrales-de-la-enciclica-laudatio-si-se-conviertan-en-normas-del-mercosur\/#breadcrumb"},"inLanguage":"es","potentialAction":[{"@type":"ReadAction","target":["https:\/\/patagoniambiental.com.ar\/info\/el-embajador-en-el-vaticano-pidio-que-los-aspectos-centrales-de-la-enciclica-laudatio-si-se-conviertan-en-normas-del-mercosur\/"]}]},{"@type":"ImageObject","inLanguage":"es","@id":"https:\/\/patagoniambiental.com.ar\/info\/el-embajador-en-el-vaticano-pidio-que-los-aspectos-centrales-de-la-enciclica-laudatio-si-se-conviertan-en-normas-del-mercosur\/#primaryimage","url":"","contentUrl":""},{"@type":"BreadcrumbList","@id":"https:\/\/patagoniambiental.com.ar\/info\/el-embajador-en-el-vaticano-pidio-que-los-aspectos-centrales-de-la-enciclica-laudatio-si-se-conviertan-en-normas-del-mercosur\/#breadcrumb","itemListElement":[{"@type":"ListItem","position":1,"name":"Inicio","item":"https:\/\/patagoniambiental.com.ar\/info\/"},{"@type":"ListItem","position":2,"name":"El embajador en el Vaticano pidi\u00f3 que los aspectos centrales de la enc\u00edclica \u201cLaudatio si\u201d se conviertan en normas del Mercosur"}]},{"@type":"WebSite","@id":"https:\/\/patagoniambiental.com.ar\/info\/#website","url":"https:\/\/patagoniambiental.com.ar\/info\/","name":"Patagonia Ambiental","description":"Monitoreo y an\u00e1lisis de la situaci\u00f3n geopol\u00edtica en el mundo y su implicancia en la Patagonia","publisher":{"@id":"https:\/\/patagoniambiental.com.ar\/info\/#organization"},"potentialAction":[{"@type":"SearchAction","target":{"@type":"EntryPoint","urlTemplate":"https:\/\/patagoniambiental.com.ar\/info\/?s={search_term_string}"},"query-input":{"@type":"PropertyValueSpecification","valueRequired":true,"valueName":"search_term_string"}}],"inLanguage":"es"},{"@type":"Organization","@id":"https:\/\/patagoniambiental.com.ar\/info\/#organization","name":"Patagonia Ambiental","url":"https:\/\/patagoniambiental.com.ar\/info\/","logo":{"@type":"ImageObject","inLanguage":"es","@id":"https:\/\/patagoniambiental.com.ar\/info\/#\/schema\/logo\/image\/","url":"https:\/\/patagoniambiental.com.ar\/info\/wp-content\/uploads\/2025\/05\/LOGO-PATAGONIA-AMBIENTAL.png","contentUrl":"https:\/\/patagoniambiental.com.ar\/info\/wp-content\/uploads\/2025\/05\/LOGO-PATAGONIA-AMBIENTAL.png","width":433,"height":250,"caption":"Patagonia Ambiental"},"image":{"@id":"https:\/\/patagoniambiental.com.ar\/info\/#\/schema\/logo\/image\/"},"sameAs":["https:\/\/www.facebook.com\/patagonia.ambiental","https:\/\/x.com\/PatAmb"]},{"@type":"Person","@id":"https:\/\/patagoniambiental.com.ar\/info\/#\/schema\/person\/db12bff64bbcbf6a253710bf0ea37b5d","name":"Patagonia Ambiental","description":"Andr\u00e9s Nievas T\u00e9cnico en manejo ambiental, consultor Ambiental y escritor para medios locales e internacionales sobre temas de geopolitica y medio ambiente.","sameAs":["http:\/\/www.patagoniambiental.com.ar","https:\/\/www.facebook.com\/share\/1C1V8Gv9BX\/?mibextid=qi2Omg","@patagoniambiental","https:\/\/youtube.com\/@patagoniaambiental2023?si=BLt58t0wuXquxlYZ"]}]}},"_links":{"self":[{"href":"https:\/\/patagoniambiental.com.ar\/info\/wp-json\/wp\/v2\/posts\/14251","targetHints":{"allow":["GET"]}}],"collection":[{"href":"https:\/\/patagoniambiental.com.ar\/info\/wp-json\/wp\/v2\/posts"}],"about":[{"href":"https:\/\/patagoniambiental.com.ar\/info\/wp-json\/wp\/v2\/types\/post"}],"author":[{"embeddable":true,"href":"https:\/\/patagoniambiental.com.ar\/info\/wp-json\/wp\/v2\/users\/2"}],"replies":[{"embeddable":true,"href":"https:\/\/patagoniambiental.com.ar\/info\/wp-json\/wp\/v2\/comments?post=14251"}],"version-history":[{"count":0,"href":"https:\/\/patagoniambiental.com.ar\/info\/wp-json\/wp\/v2\/posts\/14251\/revisions"}],"wp:featuredmedia":[{"embeddable":true,"href":"https:\/\/patagoniambiental.com.ar\/info\/wp-json\/"}],"wp:attachment":[{"href":"https:\/\/patagoniambiental.com.ar\/info\/wp-json\/wp\/v2\/media?parent=14251"}],"wp:term":[{"taxonomy":"category","embeddable":true,"href":"https:\/\/patagoniambiental.com.ar\/info\/wp-json\/wp\/v2\/categories?post=14251"},{"taxonomy":"post_tag","embeddable":true,"href":"https:\/\/patagoniambiental.com.ar\/info\/wp-json\/wp\/v2\/tags?post=14251"}],"curies":[{"name":"wp","href":"https:\/\/api.w.org\/{rel}","templated":true}]}}