{"id":14260,"date":"2015-09-29T09:21:44","date_gmt":"2015-09-29T12:21:44","guid":{"rendered":"http:\/\/patagoniambiental.com.ar\/?p=14260"},"modified":"2015-09-29T09:21:44","modified_gmt":"2015-09-29T12:21:44","slug":"estudiantes-en-parque-luro-educacion-ambiental","status":"publish","type":"post","link":"https:\/\/patagoniambiental.com.ar\/info\/estudiantes-en-parque-luro-educacion-ambiental\/","title":{"rendered":"ESTUDIANTES EN PARQUE LURO: Educaci\u00f3n Ambiental"},"content":{"rendered":"<p>La Pampa.-Unos 400 alumnos de colegios secundarios de distintas localidades de la provincia participan de un Campamento de Educaci\u00f3n Ambiental en la Reserva Parque Luro, una actividad que se realiza en el marco de los Centros<!--more--><\/p>\n<p>de Actividades Juveniles (CAJ), que depende de la Direcci\u00f3n Nacional de Pol\u00edticas Socioeducativas.<br \/>\nLa acci\u00f3n comenz\u00f3 la semana pasada y se extender\u00e1 hasta el mes de octubre. Los campamentos se organizan con grupos de 60 participantes que pernoctan durante dos noches en el Parque Luro.<br \/>\nLa realizaci\u00f3n de estos Campamentos Ambientales, seg\u00fan inform\u00f3 prensa del gobierno, tiene el prop\u00f3sito de revalorizar ese espacio natural de la provincia, que ofrece una amplia posibilidad de actividades para promover aprendizajes sociales significativos, considerando el encuentro con uno mismo, la interacci\u00f3n con el otro y con el ambiente como sistema complejo.<br \/>\nOfrece tambi\u00e9n la posibilidad abordar contenidos comprendidos dentro del curriculum provincial, inherentes al abordaje del ambiente bio-geogr\u00e1fico, permitiendo la interrelaci\u00f3n de problem\u00e1ticas sociales y naturales de la zona, de donde provienen los contingentes de estudiantes.<br \/>\nAdem\u00e1s, \u00abse pretende facilitar la construcci\u00f3n de un pensamiento cr\u00edtico frente a la situaci\u00f3n ambiental de la provincia, del pa\u00eds y del mundo, acercando herramientas a los j\u00f3venes sobre la gesti\u00f3n ambiental, el uso adecuado y responsable del potencial natural presente en la provincia. Tambi\u00e9n se busca fortalecer una participaci\u00f3n activa en los estudiantes, frente a diversas situaciones ambientales de la regi\u00f3n, mejorar la integraci\u00f3n y relaciones interpersonales por medio de experiencias en la naturaleza que requieran confianza, solidaridad, cooperaci\u00f3n, compromiso y tolerancia\u00bb.<br \/>\nDurante el encuentro se hacen caminatas, charlas y actividades pedag\u00f3gicas sobre los recursos naturales y condiciones de la Reserva, espacios de cine-debate, momentos de intercambio de experiencias entre escuelas, talleres sobre temas ambientales, trabajo con la propuesta de promotores ambientales.<br \/>\nLas actividades se enmarcan en tres ejes tem\u00e1ticos: Biodiversidad Patrimonio Natural y Cultural, Uso y gesti\u00f3n del agua, Suelo y agroecolog\u00eda.<\/p>\n<p>Fuente: Diario La Arena<\/p>\n","protected":false},"excerpt":{"rendered":"<p>La Pampa.-Unos 400 alumnos de colegios secundarios de distintas localidades de la provincia participan de un Campamento de Educaci\u00f3n Ambiental [&hellip;]<\/p>\n","protected":false},"author":2,"featured_media":14261,"comment_status":"closed","ping_status":"closed","sticky":false,"template":"","format":"standard","meta":{"site-sidebar-layout":"default","site-content-layout":"","ast-site-content-layout":"default","site-content-style":"default","site-sidebar-style":"default","ast-global-header-display":"","ast-banner-title-visibility":"","ast-main-header-display":"","ast-hfb-above-header-display":"","ast-hfb-below-header-display":"","ast-hfb-mobile-header-display":"","site-post-title":"","ast-breadcrumbs-content":"","ast-featured-img":"","footer-sml-layout":"","ast-disable-related-posts":"","theme-transparent-header-meta":"","adv-header-id-meta":"","stick-header-meta":"","header-above-stick-meta":"","header-main-stick-meta":"","header-below-stick-meta":"","astra-migrate-meta-layouts":"default","ast-page-background-enabled":"default","ast-page-background-meta":{"desktop":{"background-color":"var(--ast-global-color-5)","background-image":"","background-repeat":"repeat","background-position":"center center","background-size":"auto","background-attachment":"scroll","background-type":"","background-media":"","overlay-type":"","overlay-color":"","overlay-opacity":"","overlay-gradient":""},"tablet":{"background-color":"","background-image":"","background-repeat":"repeat","background-position":"center center","background-size":"auto","background-attachment":"scroll","background-type":"","background-media":"","overlay-type":"","overlay-color":"","overlay-opacity":"","overlay-gradient":""},"mobile":{"background-color":"","background-image":"","background-repeat":"repeat","background-position":"center center","background-size":"auto","background-attachment":"scroll","background-type":"","background-media":"","overlay-type":"","overlay-color":"","overlay-opacity":"","overlay-gradient":""}},"ast-content-background-meta":{"desktop":{"background-color":"var(--ast-global-color-4)","background-image":"","background-repeat":"repeat","background-position":"center center","background-size":"auto","background-attachment":"scroll","background-type":"","background-media":"","overlay-type":"","overlay-color":"","overlay-opacity":"","overlay-gradient":""},"tablet":{"background-color":"var(--ast-global-color-4)","background-image":"","background-repeat":"repeat","background-position":"center center","background-size":"auto","background-attachment":"scroll","background-type":"","background-media":"","overlay-type":"","overlay-color":"","overlay-opacity":"","overlay-gradient":""},"mobile":{"background-color":"var(--ast-global-color-4)","background-image":"","background-repeat":"repeat","background-position":"center center","background-size":"auto","background-attachment":"scroll","background-type":"","background-media":"","overlay-type":"","overlay-color":"","overlay-opacity":"","overlay-gradient":""}},"footnotes":""},"categories":[59,1,13],"tags":[],"class_list":["post-14260","post","type-post","status-publish","format-standard","has-post-thumbnail","hentry","category-la-pampa","category-noticias","category-provinciales"],"yoast_head":"<!-- This site is optimized with the Yoast SEO Premium plugin v23.0 (Yoast SEO v27.5) - https:\/\/yoast.com\/product\/yoast-seo-premium-wordpress\/ -->\n<title>ESTUDIANTES EN PARQUE LURO: Educaci\u00f3n Ambiental<\/title>\n<meta name=\"robots\" content=\"index, follow, max-snippet:-1, max-image-preview:large, max-video-preview:-1\" \/>\n<link rel=\"canonical\" href=\"https:\/\/patagoniambiental.com.ar\/info\/estudiantes-en-parque-luro-educacion-ambiental\/\" \/>\n<meta property=\"og:locale\" content=\"es_ES\" \/>\n<meta property=\"og:type\" content=\"article\" \/>\n<meta property=\"og:title\" content=\"ESTUDIANTES EN PARQUE LURO: Educaci\u00f3n Ambiental\" \/>\n<meta property=\"og:description\" content=\"La Pampa.-Unos 400 alumnos de colegios secundarios de distintas localidades de la provincia participan de un Campamento de Educaci\u00f3n Ambiental [&hellip;]\" \/>\n<meta property=\"og:url\" content=\"https:\/\/patagoniambiental.com.ar\/info\/estudiantes-en-parque-luro-educacion-ambiental\/\" \/>\n<meta property=\"og:site_name\" content=\"Patagonia Ambiental\" \/>\n<meta property=\"article:publisher\" content=\"https:\/\/www.facebook.com\/patagonia.ambiental\" \/>\n<meta property=\"article:author\" content=\"https:\/\/www.facebook.com\/share\/1C1V8Gv9BX\/?mibextid=qi2Omg\" \/>\n<meta property=\"article:published_time\" content=\"2015-09-29T12:21:44+00:00\" \/>\n<meta name=\"author\" content=\"Patagonia Ambiental\" \/>\n<meta name=\"twitter:card\" content=\"summary_large_image\" \/>\n<meta name=\"twitter:creator\" content=\"@PatAmb\" \/>\n<meta name=\"twitter:site\" content=\"@PatAmb\" \/>\n<script type=\"application\/ld+json\" class=\"yoast-schema-graph\">{\"@context\":\"https:\\\/\\\/schema.org\",\"@graph\":[{\"@type\":\"Article\",\"@id\":\"https:\\\/\\\/patagoniambiental.com.ar\\\/info\\\/estudiantes-en-parque-luro-educacion-ambiental\\\/#article\",\"isPartOf\":{\"@id\":\"https:\\\/\\\/patagoniambiental.com.ar\\\/info\\\/estudiantes-en-parque-luro-educacion-ambiental\\\/\"},\"author\":{\"name\":\"Patagonia Ambiental\",\"@id\":\"https:\\\/\\\/patagoniambiental.com.ar\\\/info\\\/#\\\/schema\\\/person\\\/db12bff64bbcbf6a253710bf0ea37b5d\"},\"headline\":\"ESTUDIANTES EN PARQUE LURO: Educaci\u00f3n Ambiental\",\"datePublished\":\"2015-09-29T12:21:44+00:00\",\"mainEntityOfPage\":{\"@id\":\"https:\\\/\\\/patagoniambiental.com.ar\\\/info\\\/estudiantes-en-parque-luro-educacion-ambiental\\\/\"},\"wordCount\":350,\"publisher\":{\"@id\":\"https:\\\/\\\/patagoniambiental.com.ar\\\/info\\\/#organization\"},\"image\":{\"@id\":\"https:\\\/\\\/patagoniambiental.com.ar\\\/info\\\/estudiantes-en-parque-luro-educacion-ambiental\\\/#primaryimage\"},\"thumbnailUrl\":\"\",\"articleSection\":[\"La Pampa\",\"Noticias\",\"Provinciales\"],\"inLanguage\":\"es\"},{\"@type\":\"WebPage\",\"@id\":\"https:\\\/\\\/patagoniambiental.com.ar\\\/info\\\/estudiantes-en-parque-luro-educacion-ambiental\\\/\",\"url\":\"https:\\\/\\\/patagoniambiental.com.ar\\\/info\\\/estudiantes-en-parque-luro-educacion-ambiental\\\/\",\"name\":\"ESTUDIANTES EN PARQUE LURO: Educaci\u00f3n Ambiental\",\"isPartOf\":{\"@id\":\"https:\\\/\\\/patagoniambiental.com.ar\\\/info\\\/#website\"},\"primaryImageOfPage\":{\"@id\":\"https:\\\/\\\/patagoniambiental.com.ar\\\/info\\\/estudiantes-en-parque-luro-educacion-ambiental\\\/#primaryimage\"},\"image\":{\"@id\":\"https:\\\/\\\/patagoniambiental.com.ar\\\/info\\\/estudiantes-en-parque-luro-educacion-ambiental\\\/#primaryimage\"},\"thumbnailUrl\":\"\",\"datePublished\":\"2015-09-29T12:21:44+00:00\",\"breadcrumb\":{\"@id\":\"https:\\\/\\\/patagoniambiental.com.ar\\\/info\\\/estudiantes-en-parque-luro-educacion-ambiental\\\/#breadcrumb\"},\"inLanguage\":\"es\",\"potentialAction\":[{\"@type\":\"ReadAction\",\"target\":[\"https:\\\/\\\/patagoniambiental.com.ar\\\/info\\\/estudiantes-en-parque-luro-educacion-ambiental\\\/\"]}]},{\"@type\":\"ImageObject\",\"inLanguage\":\"es\",\"@id\":\"https:\\\/\\\/patagoniambiental.com.ar\\\/info\\\/estudiantes-en-parque-luro-educacion-ambiental\\\/#primaryimage\",\"url\":\"\",\"contentUrl\":\"\"},{\"@type\":\"BreadcrumbList\",\"@id\":\"https:\\\/\\\/patagoniambiental.com.ar\\\/info\\\/estudiantes-en-parque-luro-educacion-ambiental\\\/#breadcrumb\",\"itemListElement\":[{\"@type\":\"ListItem\",\"position\":1,\"name\":\"Inicio\",\"item\":\"https:\\\/\\\/patagoniambiental.com.ar\\\/info\\\/\"},{\"@type\":\"ListItem\",\"position\":2,\"name\":\"ESTUDIANTES EN PARQUE LURO: Educaci\u00f3n Ambiental\"}]},{\"@type\":\"WebSite\",\"@id\":\"https:\\\/\\\/patagoniambiental.com.ar\\\/info\\\/#website\",\"url\":\"https:\\\/\\\/patagoniambiental.com.ar\\\/info\\\/\",\"name\":\"Patagonia Ambiental\",\"description\":\"Monitoreo y an\u00e1lisis de la situaci\u00f3n geopol\u00edtica en el mundo y su implicancia en la Patagonia\",\"publisher\":{\"@id\":\"https:\\\/\\\/patagoniambiental.com.ar\\\/info\\\/#organization\"},\"potentialAction\":[{\"@type\":\"SearchAction\",\"target\":{\"@type\":\"EntryPoint\",\"urlTemplate\":\"https:\\\/\\\/patagoniambiental.com.ar\\\/info\\\/?s={search_term_string}\"},\"query-input\":{\"@type\":\"PropertyValueSpecification\",\"valueRequired\":true,\"valueName\":\"search_term_string\"}}],\"inLanguage\":\"es\"},{\"@type\":\"Organization\",\"@id\":\"https:\\\/\\\/patagoniambiental.com.ar\\\/info\\\/#organization\",\"name\":\"Patagonia Ambiental\",\"url\":\"https:\\\/\\\/patagoniambiental.com.ar\\\/info\\\/\",\"logo\":{\"@type\":\"ImageObject\",\"inLanguage\":\"es\",\"@id\":\"https:\\\/\\\/patagoniambiental.com.ar\\\/info\\\/#\\\/schema\\\/logo\\\/image\\\/\",\"url\":\"https:\\\/\\\/patagoniambiental.com.ar\\\/info\\\/wp-content\\\/uploads\\\/2025\\\/05\\\/LOGO-PATAGONIA-AMBIENTAL.png\",\"contentUrl\":\"https:\\\/\\\/patagoniambiental.com.ar\\\/info\\\/wp-content\\\/uploads\\\/2025\\\/05\\\/LOGO-PATAGONIA-AMBIENTAL.png\",\"width\":433,\"height\":250,\"caption\":\"Patagonia Ambiental\"},\"image\":{\"@id\":\"https:\\\/\\\/patagoniambiental.com.ar\\\/info\\\/#\\\/schema\\\/logo\\\/image\\\/\"},\"sameAs\":[\"https:\\\/\\\/www.facebook.com\\\/patagonia.ambiental\",\"https:\\\/\\\/x.com\\\/PatAmb\"]},{\"@type\":\"Person\",\"@id\":\"https:\\\/\\\/patagoniambiental.com.ar\\\/info\\\/#\\\/schema\\\/person\\\/db12bff64bbcbf6a253710bf0ea37b5d\",\"name\":\"Patagonia Ambiental\",\"description\":\"Andr\u00e9s Nievas T\u00e9cnico en manejo ambiental, consultor Ambiental y escritor para medios locales e internacionales sobre temas de geopolitica y medio ambiente.\",\"sameAs\":[\"http:\\\/\\\/www.patagoniambiental.com.ar\",\"https:\\\/\\\/www.facebook.com\\\/share\\\/1C1V8Gv9BX\\\/?mibextid=qi2Omg\",\"@patagoniambiental\",\"https:\\\/\\\/youtube.com\\\/@patagoniaambiental2023?si=BLt58t0wuXquxlYZ\"]}]}<\/script>\n<!-- \/ Yoast SEO Premium plugin. -->","yoast_head_json":{"title":"ESTUDIANTES EN PARQUE LURO: Educaci\u00f3n Ambiental","robots":{"index":"index","follow":"follow","max-snippet":"max-snippet:-1","max-image-preview":"max-image-preview:large","max-video-preview":"max-video-preview:-1"},"canonical":"https:\/\/patagoniambiental.com.ar\/info\/estudiantes-en-parque-luro-educacion-ambiental\/","og_locale":"es_ES","og_type":"article","og_title":"ESTUDIANTES EN PARQUE LURO: Educaci\u00f3n Ambiental","og_description":"La Pampa.-Unos 400 alumnos de colegios secundarios de distintas localidades de la provincia participan de un Campamento de Educaci\u00f3n Ambiental [&hellip;]","og_url":"https:\/\/patagoniambiental.com.ar\/info\/estudiantes-en-parque-luro-educacion-ambiental\/","og_site_name":"Patagonia Ambiental","article_publisher":"https:\/\/www.facebook.com\/patagonia.ambiental","article_author":"https:\/\/www.facebook.com\/share\/1C1V8Gv9BX\/?mibextid=qi2Omg","article_published_time":"2015-09-29T12:21:44+00:00","author":"Patagonia Ambiental","twitter_card":"summary_large_image","twitter_creator":"@PatAmb","twitter_site":"@PatAmb","schema":{"@context":"https:\/\/schema.org","@graph":[{"@type":"Article","@id":"https:\/\/patagoniambiental.com.ar\/info\/estudiantes-en-parque-luro-educacion-ambiental\/#article","isPartOf":{"@id":"https:\/\/patagoniambiental.com.ar\/info\/estudiantes-en-parque-luro-educacion-ambiental\/"},"author":{"name":"Patagonia Ambiental","@id":"https:\/\/patagoniambiental.com.ar\/info\/#\/schema\/person\/db12bff64bbcbf6a253710bf0ea37b5d"},"headline":"ESTUDIANTES EN PARQUE LURO: Educaci\u00f3n Ambiental","datePublished":"2015-09-29T12:21:44+00:00","mainEntityOfPage":{"@id":"https:\/\/patagoniambiental.com.ar\/info\/estudiantes-en-parque-luro-educacion-ambiental\/"},"wordCount":350,"publisher":{"@id":"https:\/\/patagoniambiental.com.ar\/info\/#organization"},"image":{"@id":"https:\/\/patagoniambiental.com.ar\/info\/estudiantes-en-parque-luro-educacion-ambiental\/#primaryimage"},"thumbnailUrl":"","articleSection":["La Pampa","Noticias","Provinciales"],"inLanguage":"es"},{"@type":"WebPage","@id":"https:\/\/patagoniambiental.com.ar\/info\/estudiantes-en-parque-luro-educacion-ambiental\/","url":"https:\/\/patagoniambiental.com.ar\/info\/estudiantes-en-parque-luro-educacion-ambiental\/","name":"ESTUDIANTES EN PARQUE LURO: Educaci\u00f3n Ambiental","isPartOf":{"@id":"https:\/\/patagoniambiental.com.ar\/info\/#website"},"primaryImageOfPage":{"@id":"https:\/\/patagoniambiental.com.ar\/info\/estudiantes-en-parque-luro-educacion-ambiental\/#primaryimage"},"image":{"@id":"https:\/\/patagoniambiental.com.ar\/info\/estudiantes-en-parque-luro-educacion-ambiental\/#primaryimage"},"thumbnailUrl":"","datePublished":"2015-09-29T12:21:44+00:00","breadcrumb":{"@id":"https:\/\/patagoniambiental.com.ar\/info\/estudiantes-en-parque-luro-educacion-ambiental\/#breadcrumb"},"inLanguage":"es","potentialAction":[{"@type":"ReadAction","target":["https:\/\/patagoniambiental.com.ar\/info\/estudiantes-en-parque-luro-educacion-ambiental\/"]}]},{"@type":"ImageObject","inLanguage":"es","@id":"https:\/\/patagoniambiental.com.ar\/info\/estudiantes-en-parque-luro-educacion-ambiental\/#primaryimage","url":"","contentUrl":""},{"@type":"BreadcrumbList","@id":"https:\/\/patagoniambiental.com.ar\/info\/estudiantes-en-parque-luro-educacion-ambiental\/#breadcrumb","itemListElement":[{"@type":"ListItem","position":1,"name":"Inicio","item":"https:\/\/patagoniambiental.com.ar\/info\/"},{"@type":"ListItem","position":2,"name":"ESTUDIANTES EN PARQUE LURO: Educaci\u00f3n Ambiental"}]},{"@type":"WebSite","@id":"https:\/\/patagoniambiental.com.ar\/info\/#website","url":"https:\/\/patagoniambiental.com.ar\/info\/","name":"Patagonia Ambiental","description":"Monitoreo y an\u00e1lisis de la situaci\u00f3n geopol\u00edtica en el mundo y su implicancia en la Patagonia","publisher":{"@id":"https:\/\/patagoniambiental.com.ar\/info\/#organization"},"potentialAction":[{"@type":"SearchAction","target":{"@type":"EntryPoint","urlTemplate":"https:\/\/patagoniambiental.com.ar\/info\/?s={search_term_string}"},"query-input":{"@type":"PropertyValueSpecification","valueRequired":true,"valueName":"search_term_string"}}],"inLanguage":"es"},{"@type":"Organization","@id":"https:\/\/patagoniambiental.com.ar\/info\/#organization","name":"Patagonia Ambiental","url":"https:\/\/patagoniambiental.com.ar\/info\/","logo":{"@type":"ImageObject","inLanguage":"es","@id":"https:\/\/patagoniambiental.com.ar\/info\/#\/schema\/logo\/image\/","url":"https:\/\/patagoniambiental.com.ar\/info\/wp-content\/uploads\/2025\/05\/LOGO-PATAGONIA-AMBIENTAL.png","contentUrl":"https:\/\/patagoniambiental.com.ar\/info\/wp-content\/uploads\/2025\/05\/LOGO-PATAGONIA-AMBIENTAL.png","width":433,"height":250,"caption":"Patagonia Ambiental"},"image":{"@id":"https:\/\/patagoniambiental.com.ar\/info\/#\/schema\/logo\/image\/"},"sameAs":["https:\/\/www.facebook.com\/patagonia.ambiental","https:\/\/x.com\/PatAmb"]},{"@type":"Person","@id":"https:\/\/patagoniambiental.com.ar\/info\/#\/schema\/person\/db12bff64bbcbf6a253710bf0ea37b5d","name":"Patagonia Ambiental","description":"Andr\u00e9s Nievas T\u00e9cnico en manejo ambiental, consultor Ambiental y escritor para medios locales e internacionales sobre temas de geopolitica y medio ambiente.","sameAs":["http:\/\/www.patagoniambiental.com.ar","https:\/\/www.facebook.com\/share\/1C1V8Gv9BX\/?mibextid=qi2Omg","@patagoniambiental","https:\/\/youtube.com\/@patagoniaambiental2023?si=BLt58t0wuXquxlYZ"]}]}},"_links":{"self":[{"href":"https:\/\/patagoniambiental.com.ar\/info\/wp-json\/wp\/v2\/posts\/14260","targetHints":{"allow":["GET"]}}],"collection":[{"href":"https:\/\/patagoniambiental.com.ar\/info\/wp-json\/wp\/v2\/posts"}],"about":[{"href":"https:\/\/patagoniambiental.com.ar\/info\/wp-json\/wp\/v2\/types\/post"}],"author":[{"embeddable":true,"href":"https:\/\/patagoniambiental.com.ar\/info\/wp-json\/wp\/v2\/users\/2"}],"replies":[{"embeddable":true,"href":"https:\/\/patagoniambiental.com.ar\/info\/wp-json\/wp\/v2\/comments?post=14260"}],"version-history":[{"count":0,"href":"https:\/\/patagoniambiental.com.ar\/info\/wp-json\/wp\/v2\/posts\/14260\/revisions"}],"wp:featuredmedia":[{"embeddable":true,"href":"https:\/\/patagoniambiental.com.ar\/info\/wp-json\/"}],"wp:attachment":[{"href":"https:\/\/patagoniambiental.com.ar\/info\/wp-json\/wp\/v2\/media?parent=14260"}],"wp:term":[{"taxonomy":"category","embeddable":true,"href":"https:\/\/patagoniambiental.com.ar\/info\/wp-json\/wp\/v2\/categories?post=14260"},{"taxonomy":"post_tag","embeddable":true,"href":"https:\/\/patagoniambiental.com.ar\/info\/wp-json\/wp\/v2\/tags?post=14260"}],"curies":[{"name":"wp","href":"https:\/\/api.w.org\/{rel}","templated":true}]}}