{"id":14266,"date":"2015-09-29T19:00:37","date_gmt":"2015-09-29T22:00:37","guid":{"rendered":"http:\/\/patagoniambiental.com.ar\/?p=14266"},"modified":"2015-09-29T19:00:37","modified_gmt":"2015-09-29T22:00:37","slug":"los-dispositivos-satelitales-en-ballenas-ya-muestran-datos-de-localizacion","status":"publish","type":"post","link":"https:\/\/patagoniambiental.com.ar\/info\/los-dispositivos-satelitales-en-ballenas-ya-muestran-datos-de-localizacion\/","title":{"rendered":"Los dispositivos satelitales en ballenas ya muestran datos de localizaci\u00f3n"},"content":{"rendered":"<p>Puerto Madryn.-<!-- Plugins: AfterDisplayTitle --><!-- K2 Plugins: K2AfterDisplayTitle --><strong>Se culmin\u00f3 con el marcado de cet\u00e1ceos que busca recabar m\u00e1s informaci\u00f3n sobre rutas migratorias y \u00e1reas de alimentaci\u00f3n. <\/strong><!--more--><\/p>\n<p><strong>Siete dispositivos ya env\u00eden se\u00f1al al sat\u00e9lite y permiten el seguimiento. Uno de los ejemplares de Ballena Franca Austral ya sali\u00f3 de Pen\u00ednsula Vald\u00e9s rumbo al sudeste. <\/strong><\/p>\n<div class=\"itemBody\">\n<div class=\"itemIntroText\">\n<p>As\u00ed lo inform\u00f3 Guillermo Harris de WCS (Widlife Conservation Society) director del proyecto, quien detall\u00f3 las caracter\u00edstica de cada ejemplar marcado, el apodo colocado por el equipo de cient\u00edficos a cada cet\u00e1ceo y revel\u00f3 que ahora comienza la etapa m\u00e1s rica para la recolecci\u00f3n de informaci\u00f3n, puesto que por segundo a\u00f1o consecutivo, podr\u00e1 conocerse la ruta que estos mam\u00edferos marinos recorren una vez que abandonen Pen\u00ednsula Vald\u00e9s.<\/p>\n<p>El 20 de septiembre se colocaron dos dispositivos satelitales: a un ejemplar hembra solitaria que fue apodada \u201cBorboleta\u201d (Mariposa) y a una madre con cr\u00eda bautizada como \u00ab\u00c1ngeles\u00bb. Al d\u00eda siguiente fueron marcadas \u201cPrimavera\u201d un juvenil del que no se pudo determinar sexo y \u201cAntenita\u201d otra madre acompa\u00f1ada de su ballenato. Esta es la \u00fanica cuyo dispositivo a\u00fan no transmite, presumiblemente por sus acciones de evasi\u00f3n de gaviotas que la lleva a emerger del agua sin mostrar la espalda.<\/p>\n<p>El 24 de septiembre fueron marcadas una hembra adulta grande, que se encontraba en un grupo de c\u00f3pula y que fue apodada \u201cSeductora\u201d y una madre con cr\u00eda apodada \u201cAtrevida\u201d. Finalmente el 25 de septiembre se coloc\u00f3 dispositivo a otra madre con cr\u00eda llamada \u201cZarpazo\u201d y a una hembra en un grupo de c\u00f3pula apodada por los cient\u00edficos como \u201cEclipse\u201d.<\/p>\n<p>Todos los ejemplares marcados permanecen a\u00fan en aguas del Golfo Nuevo, salvo \u201cPrimavera\u201d que ya se encuentra en mar abierto, alej\u00e1ndose de Pen\u00ednsula Vald\u00e9s hacia el sudeste (ver Mapa).<\/p>\n<p>Se espera que los datos de localizaci\u00f3n de las ballenas marcadas permitan determinar rutas migratorias y las posibles \u00e1reas de alimentaci\u00f3n; evaluar como las ballenas utilizan el ambiente y se relacionan con actividades humanas en el oc\u00e9ano; contribuir con el Plan de Manejo para la Conservaci\u00f3n (CMP) de la ballena franca austral acordado por la Comisi\u00f3n Ballenera Internacional (CBI) y contribuir al esclarecimiento de las causas de mortalidad ballenas francas en la Pen\u00ednsula Vald\u00e9s.<\/p>\n<p>El proyecto es desarrollado conjuntamente por WCS (Wildlife Conservation Society), el Instituto Aqualie de Brasil, el NOAA (National Oceanic And Atmospheric Agency) y la Fundaci\u00f3n Patagonia Natural, con la colaboraci\u00f3n del Instituto de Conservaci\u00f3n de Ballenas, Ocean Alliance y, la Universidad de California Davies. Las operaciones n\u00e1utica fueron realizadas por capitanes\/timoneles locales autorizados, que realizan los avistajes de ballenas francas desde Puerto Pir\u00e1mides, mientras que la Prefectura Naval Argentina prest\u00f3 nuevamente apoyo para garantizar la seguridad en el agua.<\/p>\n<p>El proyecto cuenta con la autorizaci\u00f3n y apoyo del Gobierno de la Provincia de Chubut a trav\u00e9s de la Direcci\u00f3n de Flora y Fauna Silvestre, (Ministerio de Desarrollo Territorial y Sectores Productivos) que participa activamente del mismo, la Secretar\u00eda de Turismo y \u00c1reas Protegidas y el Ministerio de Ambiente y Control del Desarrollo Sustentable.<\/p>\n<p>Fuente: Fundacion Patagonia Natural<\/p>\n<\/div>\n<\/div>\n","protected":false},"excerpt":{"rendered":"<p>Puerto Madryn.-Se culmin\u00f3 con el marcado de cet\u00e1ceos que busca recabar m\u00e1s informaci\u00f3n sobre rutas migratorias y \u00e1reas de alimentaci\u00f3n.<\/p>\n","protected":false},"author":2,"featured_media":14267,"comment_status":"closed","ping_status":"closed","sticky":false,"template":"","format":"standard","meta":{"site-sidebar-layout":"default","site-content-layout":"","ast-site-content-layout":"default","site-content-style":"default","site-sidebar-style":"default","ast-global-header-display":"","ast-banner-title-visibility":"","ast-main-header-display":"","ast-hfb-above-header-display":"","ast-hfb-below-header-display":"","ast-hfb-mobile-header-display":"","site-post-title":"","ast-breadcrumbs-content":"","ast-featured-img":"","footer-sml-layout":"","ast-disable-related-posts":"","theme-transparent-header-meta":"","adv-header-id-meta":"","stick-header-meta":"","header-above-stick-meta":"","header-main-stick-meta":"","header-below-stick-meta":"","astra-migrate-meta-layouts":"default","ast-page-background-enabled":"default","ast-page-background-meta":{"desktop":{"background-color":"var(--ast-global-color-5)","background-image":"","background-repeat":"repeat","background-position":"center center","background-size":"auto","background-attachment":"scroll","background-type":"","background-media":"","overlay-type":"","overlay-color":"","overlay-opacity":"","overlay-gradient":""},"tablet":{"background-color":"","background-image":"","background-repeat":"repeat","background-position":"center center","background-size":"auto","background-attachment":"scroll","background-type":"","background-media":"","overlay-type":"","overlay-color":"","overlay-opacity":"","overlay-gradient":""},"mobile":{"background-color":"","background-image":"","background-repeat":"repeat","background-position":"center center","background-size":"auto","background-attachment":"scroll","background-type":"","background-media":"","overlay-type":"","overlay-color":"","overlay-opacity":"","overlay-gradient":""}},"ast-content-background-meta":{"desktop":{"background-color":"var(--ast-global-color-4)","background-image":"","background-repeat":"repeat","background-position":"center center","background-size":"auto","background-attachment":"scroll","background-type":"","background-media":"","overlay-type":"","overlay-color":"","overlay-opacity":"","overlay-gradient":""},"tablet":{"background-color":"var(--ast-global-color-4)","background-image":"","background-repeat":"repeat","background-position":"center center","background-size":"auto","background-attachment":"scroll","background-type":"","background-media":"","overlay-type":"","overlay-color":"","overlay-opacity":"","overlay-gradient":""},"mobile":{"background-color":"var(--ast-global-color-4)","background-image":"","background-repeat":"repeat","background-position":"center center","background-size":"auto","background-attachment":"scroll","background-type":"","background-media":"","overlay-type":"","overlay-color":"","overlay-opacity":"","overlay-gradient":""}},"footnotes":""},"categories":[1,3],"tags":[],"class_list":["post-14266","post","type-post","status-publish","format-standard","has-post-thumbnail","hentry","category-noticias","category-ong"],"yoast_head":"<!-- This site is optimized with the Yoast SEO Premium plugin v23.0 (Yoast SEO v27.5) - https:\/\/yoast.com\/product\/yoast-seo-premium-wordpress\/ -->\n<title>Los dispositivos satelitales en ballenas ya muestran datos de localizaci\u00f3n<\/title>\n<meta name=\"robots\" content=\"index, follow, max-snippet:-1, max-image-preview:large, max-video-preview:-1\" \/>\n<link rel=\"canonical\" href=\"https:\/\/patagoniambiental.com.ar\/info\/los-dispositivos-satelitales-en-ballenas-ya-muestran-datos-de-localizacion\/\" \/>\n<meta property=\"og:locale\" content=\"es_ES\" \/>\n<meta property=\"og:type\" content=\"article\" \/>\n<meta property=\"og:title\" content=\"Los dispositivos satelitales en ballenas ya muestran datos de localizaci\u00f3n\" \/>\n<meta property=\"og:description\" content=\"Puerto Madryn.-Se culmin\u00f3 con el marcado de cet\u00e1ceos que busca recabar m\u00e1s informaci\u00f3n sobre rutas migratorias y \u00e1reas de alimentaci\u00f3n.\" \/>\n<meta property=\"og:url\" content=\"https:\/\/patagoniambiental.com.ar\/info\/los-dispositivos-satelitales-en-ballenas-ya-muestran-datos-de-localizacion\/\" \/>\n<meta property=\"og:site_name\" content=\"Patagonia Ambiental\" \/>\n<meta property=\"article:publisher\" content=\"https:\/\/www.facebook.com\/patagonia.ambiental\" \/>\n<meta property=\"article:author\" content=\"https:\/\/www.facebook.com\/share\/1C1V8Gv9BX\/?mibextid=qi2Omg\" \/>\n<meta property=\"article:published_time\" content=\"2015-09-29T22:00:37+00:00\" \/>\n<meta name=\"author\" content=\"Patagonia Ambiental\" \/>\n<meta name=\"twitter:card\" content=\"summary_large_image\" \/>\n<meta name=\"twitter:creator\" content=\"@PatAmb\" \/>\n<meta name=\"twitter:site\" content=\"@PatAmb\" \/>\n<script type=\"application\/ld+json\" class=\"yoast-schema-graph\">{\"@context\":\"https:\\\/\\\/schema.org\",\"@graph\":[{\"@type\":\"Article\",\"@id\":\"https:\\\/\\\/patagoniambiental.com.ar\\\/info\\\/los-dispositivos-satelitales-en-ballenas-ya-muestran-datos-de-localizacion\\\/#article\",\"isPartOf\":{\"@id\":\"https:\\\/\\\/patagoniambiental.com.ar\\\/info\\\/los-dispositivos-satelitales-en-ballenas-ya-muestran-datos-de-localizacion\\\/\"},\"author\":{\"name\":\"Patagonia Ambiental\",\"@id\":\"https:\\\/\\\/patagoniambiental.com.ar\\\/info\\\/#\\\/schema\\\/person\\\/db12bff64bbcbf6a253710bf0ea37b5d\"},\"headline\":\"Los dispositivos satelitales en ballenas ya muestran datos de localizaci\u00f3n\",\"datePublished\":\"2015-09-29T22:00:37+00:00\",\"mainEntityOfPage\":{\"@id\":\"https:\\\/\\\/patagoniambiental.com.ar\\\/info\\\/los-dispositivos-satelitales-en-ballenas-ya-muestran-datos-de-localizacion\\\/\"},\"wordCount\":553,\"publisher\":{\"@id\":\"https:\\\/\\\/patagoniambiental.com.ar\\\/info\\\/#organization\"},\"image\":{\"@id\":\"https:\\\/\\\/patagoniambiental.com.ar\\\/info\\\/los-dispositivos-satelitales-en-ballenas-ya-muestran-datos-de-localizacion\\\/#primaryimage\"},\"thumbnailUrl\":\"\",\"articleSection\":[\"Noticias\",\"ONG\"],\"inLanguage\":\"es\"},{\"@type\":\"WebPage\",\"@id\":\"https:\\\/\\\/patagoniambiental.com.ar\\\/info\\\/los-dispositivos-satelitales-en-ballenas-ya-muestran-datos-de-localizacion\\\/\",\"url\":\"https:\\\/\\\/patagoniambiental.com.ar\\\/info\\\/los-dispositivos-satelitales-en-ballenas-ya-muestran-datos-de-localizacion\\\/\",\"name\":\"Los dispositivos satelitales en ballenas ya muestran datos de localizaci\u00f3n\",\"isPartOf\":{\"@id\":\"https:\\\/\\\/patagoniambiental.com.ar\\\/info\\\/#website\"},\"primaryImageOfPage\":{\"@id\":\"https:\\\/\\\/patagoniambiental.com.ar\\\/info\\\/los-dispositivos-satelitales-en-ballenas-ya-muestran-datos-de-localizacion\\\/#primaryimage\"},\"image\":{\"@id\":\"https:\\\/\\\/patagoniambiental.com.ar\\\/info\\\/los-dispositivos-satelitales-en-ballenas-ya-muestran-datos-de-localizacion\\\/#primaryimage\"},\"thumbnailUrl\":\"\",\"datePublished\":\"2015-09-29T22:00:37+00:00\",\"breadcrumb\":{\"@id\":\"https:\\\/\\\/patagoniambiental.com.ar\\\/info\\\/los-dispositivos-satelitales-en-ballenas-ya-muestran-datos-de-localizacion\\\/#breadcrumb\"},\"inLanguage\":\"es\",\"potentialAction\":[{\"@type\":\"ReadAction\",\"target\":[\"https:\\\/\\\/patagoniambiental.com.ar\\\/info\\\/los-dispositivos-satelitales-en-ballenas-ya-muestran-datos-de-localizacion\\\/\"]}]},{\"@type\":\"ImageObject\",\"inLanguage\":\"es\",\"@id\":\"https:\\\/\\\/patagoniambiental.com.ar\\\/info\\\/los-dispositivos-satelitales-en-ballenas-ya-muestran-datos-de-localizacion\\\/#primaryimage\",\"url\":\"\",\"contentUrl\":\"\"},{\"@type\":\"BreadcrumbList\",\"@id\":\"https:\\\/\\\/patagoniambiental.com.ar\\\/info\\\/los-dispositivos-satelitales-en-ballenas-ya-muestran-datos-de-localizacion\\\/#breadcrumb\",\"itemListElement\":[{\"@type\":\"ListItem\",\"position\":1,\"name\":\"Inicio\",\"item\":\"https:\\\/\\\/patagoniambiental.com.ar\\\/info\\\/\"},{\"@type\":\"ListItem\",\"position\":2,\"name\":\"Los dispositivos satelitales en ballenas ya muestran datos de localizaci\u00f3n\"}]},{\"@type\":\"WebSite\",\"@id\":\"https:\\\/\\\/patagoniambiental.com.ar\\\/info\\\/#website\",\"url\":\"https:\\\/\\\/patagoniambiental.com.ar\\\/info\\\/\",\"name\":\"Patagonia Ambiental\",\"description\":\"Monitoreo y an\u00e1lisis de la situaci\u00f3n geopol\u00edtica en el mundo y su implicancia en la Patagonia\",\"publisher\":{\"@id\":\"https:\\\/\\\/patagoniambiental.com.ar\\\/info\\\/#organization\"},\"potentialAction\":[{\"@type\":\"SearchAction\",\"target\":{\"@type\":\"EntryPoint\",\"urlTemplate\":\"https:\\\/\\\/patagoniambiental.com.ar\\\/info\\\/?s={search_term_string}\"},\"query-input\":{\"@type\":\"PropertyValueSpecification\",\"valueRequired\":true,\"valueName\":\"search_term_string\"}}],\"inLanguage\":\"es\"},{\"@type\":\"Organization\",\"@id\":\"https:\\\/\\\/patagoniambiental.com.ar\\\/info\\\/#organization\",\"name\":\"Patagonia Ambiental\",\"url\":\"https:\\\/\\\/patagoniambiental.com.ar\\\/info\\\/\",\"logo\":{\"@type\":\"ImageObject\",\"inLanguage\":\"es\",\"@id\":\"https:\\\/\\\/patagoniambiental.com.ar\\\/info\\\/#\\\/schema\\\/logo\\\/image\\\/\",\"url\":\"https:\\\/\\\/patagoniambiental.com.ar\\\/info\\\/wp-content\\\/uploads\\\/2025\\\/05\\\/LOGO-PATAGONIA-AMBIENTAL.png\",\"contentUrl\":\"https:\\\/\\\/patagoniambiental.com.ar\\\/info\\\/wp-content\\\/uploads\\\/2025\\\/05\\\/LOGO-PATAGONIA-AMBIENTAL.png\",\"width\":433,\"height\":250,\"caption\":\"Patagonia Ambiental\"},\"image\":{\"@id\":\"https:\\\/\\\/patagoniambiental.com.ar\\\/info\\\/#\\\/schema\\\/logo\\\/image\\\/\"},\"sameAs\":[\"https:\\\/\\\/www.facebook.com\\\/patagonia.ambiental\",\"https:\\\/\\\/x.com\\\/PatAmb\"]},{\"@type\":\"Person\",\"@id\":\"https:\\\/\\\/patagoniambiental.com.ar\\\/info\\\/#\\\/schema\\\/person\\\/db12bff64bbcbf6a253710bf0ea37b5d\",\"name\":\"Patagonia Ambiental\",\"description\":\"Andr\u00e9s Nievas T\u00e9cnico en manejo ambiental, consultor Ambiental y escritor para medios locales e internacionales sobre temas de geopolitica y medio ambiente.\",\"sameAs\":[\"http:\\\/\\\/www.patagoniambiental.com.ar\",\"https:\\\/\\\/www.facebook.com\\\/share\\\/1C1V8Gv9BX\\\/?mibextid=qi2Omg\",\"@patagoniambiental\",\"https:\\\/\\\/youtube.com\\\/@patagoniaambiental2023?si=BLt58t0wuXquxlYZ\"]}]}<\/script>\n<!-- \/ Yoast SEO Premium plugin. -->","yoast_head_json":{"title":"Los dispositivos satelitales en ballenas ya muestran datos de localizaci\u00f3n","robots":{"index":"index","follow":"follow","max-snippet":"max-snippet:-1","max-image-preview":"max-image-preview:large","max-video-preview":"max-video-preview:-1"},"canonical":"https:\/\/patagoniambiental.com.ar\/info\/los-dispositivos-satelitales-en-ballenas-ya-muestran-datos-de-localizacion\/","og_locale":"es_ES","og_type":"article","og_title":"Los dispositivos satelitales en ballenas ya muestran datos de localizaci\u00f3n","og_description":"Puerto Madryn.-Se culmin\u00f3 con el marcado de cet\u00e1ceos que busca recabar m\u00e1s informaci\u00f3n sobre rutas migratorias y \u00e1reas de alimentaci\u00f3n.","og_url":"https:\/\/patagoniambiental.com.ar\/info\/los-dispositivos-satelitales-en-ballenas-ya-muestran-datos-de-localizacion\/","og_site_name":"Patagonia Ambiental","article_publisher":"https:\/\/www.facebook.com\/patagonia.ambiental","article_author":"https:\/\/www.facebook.com\/share\/1C1V8Gv9BX\/?mibextid=qi2Omg","article_published_time":"2015-09-29T22:00:37+00:00","author":"Patagonia Ambiental","twitter_card":"summary_large_image","twitter_creator":"@PatAmb","twitter_site":"@PatAmb","schema":{"@context":"https:\/\/schema.org","@graph":[{"@type":"Article","@id":"https:\/\/patagoniambiental.com.ar\/info\/los-dispositivos-satelitales-en-ballenas-ya-muestran-datos-de-localizacion\/#article","isPartOf":{"@id":"https:\/\/patagoniambiental.com.ar\/info\/los-dispositivos-satelitales-en-ballenas-ya-muestran-datos-de-localizacion\/"},"author":{"name":"Patagonia Ambiental","@id":"https:\/\/patagoniambiental.com.ar\/info\/#\/schema\/person\/db12bff64bbcbf6a253710bf0ea37b5d"},"headline":"Los dispositivos satelitales en ballenas ya muestran datos de localizaci\u00f3n","datePublished":"2015-09-29T22:00:37+00:00","mainEntityOfPage":{"@id":"https:\/\/patagoniambiental.com.ar\/info\/los-dispositivos-satelitales-en-ballenas-ya-muestran-datos-de-localizacion\/"},"wordCount":553,"publisher":{"@id":"https:\/\/patagoniambiental.com.ar\/info\/#organization"},"image":{"@id":"https:\/\/patagoniambiental.com.ar\/info\/los-dispositivos-satelitales-en-ballenas-ya-muestran-datos-de-localizacion\/#primaryimage"},"thumbnailUrl":"","articleSection":["Noticias","ONG"],"inLanguage":"es"},{"@type":"WebPage","@id":"https:\/\/patagoniambiental.com.ar\/info\/los-dispositivos-satelitales-en-ballenas-ya-muestran-datos-de-localizacion\/","url":"https:\/\/patagoniambiental.com.ar\/info\/los-dispositivos-satelitales-en-ballenas-ya-muestran-datos-de-localizacion\/","name":"Los dispositivos satelitales en ballenas ya muestran datos de localizaci\u00f3n","isPartOf":{"@id":"https:\/\/patagoniambiental.com.ar\/info\/#website"},"primaryImageOfPage":{"@id":"https:\/\/patagoniambiental.com.ar\/info\/los-dispositivos-satelitales-en-ballenas-ya-muestran-datos-de-localizacion\/#primaryimage"},"image":{"@id":"https:\/\/patagoniambiental.com.ar\/info\/los-dispositivos-satelitales-en-ballenas-ya-muestran-datos-de-localizacion\/#primaryimage"},"thumbnailUrl":"","datePublished":"2015-09-29T22:00:37+00:00","breadcrumb":{"@id":"https:\/\/patagoniambiental.com.ar\/info\/los-dispositivos-satelitales-en-ballenas-ya-muestran-datos-de-localizacion\/#breadcrumb"},"inLanguage":"es","potentialAction":[{"@type":"ReadAction","target":["https:\/\/patagoniambiental.com.ar\/info\/los-dispositivos-satelitales-en-ballenas-ya-muestran-datos-de-localizacion\/"]}]},{"@type":"ImageObject","inLanguage":"es","@id":"https:\/\/patagoniambiental.com.ar\/info\/los-dispositivos-satelitales-en-ballenas-ya-muestran-datos-de-localizacion\/#primaryimage","url":"","contentUrl":""},{"@type":"BreadcrumbList","@id":"https:\/\/patagoniambiental.com.ar\/info\/los-dispositivos-satelitales-en-ballenas-ya-muestran-datos-de-localizacion\/#breadcrumb","itemListElement":[{"@type":"ListItem","position":1,"name":"Inicio","item":"https:\/\/patagoniambiental.com.ar\/info\/"},{"@type":"ListItem","position":2,"name":"Los dispositivos satelitales en ballenas ya muestran datos de localizaci\u00f3n"}]},{"@type":"WebSite","@id":"https:\/\/patagoniambiental.com.ar\/info\/#website","url":"https:\/\/patagoniambiental.com.ar\/info\/","name":"Patagonia Ambiental","description":"Monitoreo y an\u00e1lisis de la situaci\u00f3n geopol\u00edtica en el mundo y su implicancia en la Patagonia","publisher":{"@id":"https:\/\/patagoniambiental.com.ar\/info\/#organization"},"potentialAction":[{"@type":"SearchAction","target":{"@type":"EntryPoint","urlTemplate":"https:\/\/patagoniambiental.com.ar\/info\/?s={search_term_string}"},"query-input":{"@type":"PropertyValueSpecification","valueRequired":true,"valueName":"search_term_string"}}],"inLanguage":"es"},{"@type":"Organization","@id":"https:\/\/patagoniambiental.com.ar\/info\/#organization","name":"Patagonia Ambiental","url":"https:\/\/patagoniambiental.com.ar\/info\/","logo":{"@type":"ImageObject","inLanguage":"es","@id":"https:\/\/patagoniambiental.com.ar\/info\/#\/schema\/logo\/image\/","url":"https:\/\/patagoniambiental.com.ar\/info\/wp-content\/uploads\/2025\/05\/LOGO-PATAGONIA-AMBIENTAL.png","contentUrl":"https:\/\/patagoniambiental.com.ar\/info\/wp-content\/uploads\/2025\/05\/LOGO-PATAGONIA-AMBIENTAL.png","width":433,"height":250,"caption":"Patagonia Ambiental"},"image":{"@id":"https:\/\/patagoniambiental.com.ar\/info\/#\/schema\/logo\/image\/"},"sameAs":["https:\/\/www.facebook.com\/patagonia.ambiental","https:\/\/x.com\/PatAmb"]},{"@type":"Person","@id":"https:\/\/patagoniambiental.com.ar\/info\/#\/schema\/person\/db12bff64bbcbf6a253710bf0ea37b5d","name":"Patagonia Ambiental","description":"Andr\u00e9s Nievas T\u00e9cnico en manejo ambiental, consultor Ambiental y escritor para medios locales e internacionales sobre temas de geopolitica y medio ambiente.","sameAs":["http:\/\/www.patagoniambiental.com.ar","https:\/\/www.facebook.com\/share\/1C1V8Gv9BX\/?mibextid=qi2Omg","@patagoniambiental","https:\/\/youtube.com\/@patagoniaambiental2023?si=BLt58t0wuXquxlYZ"]}]}},"_links":{"self":[{"href":"https:\/\/patagoniambiental.com.ar\/info\/wp-json\/wp\/v2\/posts\/14266","targetHints":{"allow":["GET"]}}],"collection":[{"href":"https:\/\/patagoniambiental.com.ar\/info\/wp-json\/wp\/v2\/posts"}],"about":[{"href":"https:\/\/patagoniambiental.com.ar\/info\/wp-json\/wp\/v2\/types\/post"}],"author":[{"embeddable":true,"href":"https:\/\/patagoniambiental.com.ar\/info\/wp-json\/wp\/v2\/users\/2"}],"replies":[{"embeddable":true,"href":"https:\/\/patagoniambiental.com.ar\/info\/wp-json\/wp\/v2\/comments?post=14266"}],"version-history":[{"count":0,"href":"https:\/\/patagoniambiental.com.ar\/info\/wp-json\/wp\/v2\/posts\/14266\/revisions"}],"wp:featuredmedia":[{"embeddable":true,"href":"https:\/\/patagoniambiental.com.ar\/info\/wp-json\/"}],"wp:attachment":[{"href":"https:\/\/patagoniambiental.com.ar\/info\/wp-json\/wp\/v2\/media?parent=14266"}],"wp:term":[{"taxonomy":"category","embeddable":true,"href":"https:\/\/patagoniambiental.com.ar\/info\/wp-json\/wp\/v2\/categories?post=14266"},{"taxonomy":"post_tag","embeddable":true,"href":"https:\/\/patagoniambiental.com.ar\/info\/wp-json\/wp\/v2\/tags?post=14266"}],"curies":[{"name":"wp","href":"https:\/\/api.w.org\/{rel}","templated":true}]}}