{"id":14289,"date":"2015-09-30T19:00:42","date_gmt":"2015-09-30T22:00:42","guid":{"rendered":"http:\/\/patagoniambiental.com.ar\/?p=14289"},"modified":"2015-09-30T19:00:42","modified_gmt":"2015-09-30T22:00:42","slug":"china-reitero-su-apoyo-a-la-argentina-por-malvinas","status":"publish","type":"post","link":"https:\/\/patagoniambiental.com.ar\/info\/china-reitero-su-apoyo-a-la-argentina-por-malvinas\/","title":{"rendered":"China reiter\u00f3 su apoyo a la Argentina por Malvinas"},"content":{"rendered":"<p>Buenos Aires.-Adem\u00e1s, el pa\u00eds asi\u00e1tico celebr\u00f3 la reestructuraci\u00f3n de las deudas soberanas. Lo hizo a trav\u00e9s del embajador de China en la Argentina, Yang Wanming<!--more--><\/p>\n<p>El embajador de China en la Argentina, Yang Wanming, celebr\u00f3\u00a0ayer los nuevos avances de las relaciones bilaterales sino-argentinas y dio un amplio apoyo a la soberan\u00eda en las Islas Malvinas y la reestructuraci\u00f3n de las deudas soberanas, en ocasi\u00f3n de la recepci\u00f3n ofrecida con motivo del 66 aniversario de la fundaci\u00f3n de la Rep\u00fablica Popular China.<\/p>\n<p>\u00abSiendo Argentina una relevante econom\u00eda emergente, miembro del G20 y una potencia de peso en la regi\u00f3n, la parte china siempre otorga gran prioridad al desarrollo de las relaciones sino-argentinas desde una altura estrat\u00e9gica y con una visi\u00f3n de largo plazo\u00bb, destac\u00f3 el diplom\u00e1tico.<\/p>\n<p>Y no dud\u00f3 en reiterar el apoyo de su pa\u00eds a \u00abla posici\u00f3n argentina respecto a la soberan\u00eda de las Islas Malvinas y la reestructuraci\u00f3n de las deudas soberanas\u00bb. Yang destac\u00f3 las visitas mutuas del presidente Xi Jinping y la presidenta Cristina Fern\u00e1ndez de Kirchner, as\u00ed como el encuentro que ambo mantuvieron durante la Cumbre Mundial de L\u00edderes sobre la Igualdad de G\u00e9nero y el Empoderamiento de las Mujeres celebrada en Nueva York\u00bb, destac\u00f3 el diplom\u00e1tico.<\/p>\n<p>El evento cont\u00f3, entre otros, con la presencia funcionarios del gobierno argentino como el ministro de Agricultura, Ganader\u00eda y Pesca, Carlos Casamiquela; el presidente del Banco Central, Alejandro Vanoli; el titular de la AFIP, Ricardo Echegaray; el secretario de Miner\u00eda, Jorge Mayoral; y el secretario de Ciencia, Tecnolog\u00eda y Desarrollo para la Defensa, Santiago Rodr\u00edguez.<\/p>\n<p>Yang hizo especial hincapi\u00e9 en que a pesar de la desaceleraci\u00f3n del crecimiento del comercio mundial, el comercio bilateral \u00abse multiplica y China ha pasado a ser el mayor importador de la carne vacuna argentina\u00bb.<\/p>\n<p>Y no dud\u00f3 en remarcar que se hicieron \u00abprogresos sustanciales los proyectos emblem\u00e1ticos en los sectores hidroel\u00e9ctrico, ferroviario y nucleoel\u00e9ctrico\u00bb.<\/p>\n<p>Asimismo, sostuvo la disposici\u00f3n para trabajar de la mano con los distintos sectores argentinos, para promover la Asociaci\u00f3n Estrat\u00e9gica Integral entre los dos pa\u00edses avanzar en forma continua y hacia una mayor profundidad.<\/p>\n<p>Y en ese sentido anticip\u00f3 la intenci\u00f3n de \u00abampliar la cooperaci\u00f3n sustancial\u00bb, ya que China posee \u00abventajas en la tecnolog\u00eda, maquinaria e inversi\u00f3n, mientras Argentina demanda un desarrollo de nivel superior y una mayor reindustrializaci\u00f3n\u00bb.<\/p>\n<p>Fuente: La Ma\u00f1ana C\u00f3rdoba<\/p>\n<div class=\"publi margBot25 publi\"><!-- Secciones y noticias 468x60 --><\/div>\n","protected":false},"excerpt":{"rendered":"<p>Buenos Aires.-Adem\u00e1s, el pa\u00eds asi\u00e1tico celebr\u00f3 la reestructuraci\u00f3n de las deudas soberanas. Lo hizo a trav\u00e9s del embajador de China [&hellip;]<\/p>\n","protected":false},"author":2,"featured_media":14290,"comment_status":"closed","ping_status":"closed","sticky":false,"template":"","format":"standard","meta":{"site-sidebar-layout":"default","site-content-layout":"","ast-site-content-layout":"default","site-content-style":"default","site-sidebar-style":"default","ast-global-header-display":"","ast-banner-title-visibility":"","ast-main-header-display":"","ast-hfb-above-header-display":"","ast-hfb-below-header-display":"","ast-hfb-mobile-header-display":"","site-post-title":"","ast-breadcrumbs-content":"","ast-featured-img":"","footer-sml-layout":"","ast-disable-related-posts":"","theme-transparent-header-meta":"","adv-header-id-meta":"","stick-header-meta":"","header-above-stick-meta":"","header-main-stick-meta":"","header-below-stick-meta":"","astra-migrate-meta-layouts":"default","ast-page-background-enabled":"default","ast-page-background-meta":{"desktop":{"background-color":"var(--ast-global-color-5)","background-image":"","background-repeat":"repeat","background-position":"center center","background-size":"auto","background-attachment":"scroll","background-type":"","background-media":"","overlay-type":"","overlay-color":"","overlay-opacity":"","overlay-gradient":""},"tablet":{"background-color":"","background-image":"","background-repeat":"repeat","background-position":"center center","background-size":"auto","background-attachment":"scroll","background-type":"","background-media":"","overlay-type":"","overlay-color":"","overlay-opacity":"","overlay-gradient":""},"mobile":{"background-color":"","background-image":"","background-repeat":"repeat","background-position":"center center","background-size":"auto","background-attachment":"scroll","background-type":"","background-media":"","overlay-type":"","overlay-color":"","overlay-opacity":"","overlay-gradient":""}},"ast-content-background-meta":{"desktop":{"background-color":"var(--ast-global-color-4)","background-image":"","background-repeat":"repeat","background-position":"center center","background-size":"auto","background-attachment":"scroll","background-type":"","background-media":"","overlay-type":"","overlay-color":"","overlay-opacity":"","overlay-gradient":""},"tablet":{"background-color":"var(--ast-global-color-4)","background-image":"","background-repeat":"repeat","background-position":"center center","background-size":"auto","background-attachment":"scroll","background-type":"","background-media":"","overlay-type":"","overlay-color":"","overlay-opacity":"","overlay-gradient":""},"mobile":{"background-color":"var(--ast-global-color-4)","background-image":"","background-repeat":"repeat","background-position":"center center","background-size":"auto","background-attachment":"scroll","background-type":"","background-media":"","overlay-type":"","overlay-color":"","overlay-opacity":"","overlay-gradient":""}},"footnotes":""},"categories":[23,1],"tags":[],"class_list":["post-14289","post","type-post","status-publish","format-standard","has-post-thumbnail","hentry","category-internacionales","category-noticias"],"yoast_head":"<!-- This site is optimized with the Yoast SEO Premium plugin v23.0 (Yoast SEO v27.5) - https:\/\/yoast.com\/product\/yoast-seo-premium-wordpress\/ -->\n<title>China reiter\u00f3 su apoyo a la Argentina por Malvinas<\/title>\n<meta name=\"robots\" content=\"index, follow, max-snippet:-1, max-image-preview:large, max-video-preview:-1\" \/>\n<link rel=\"canonical\" href=\"https:\/\/patagoniambiental.com.ar\/info\/china-reitero-su-apoyo-a-la-argentina-por-malvinas\/\" \/>\n<meta property=\"og:locale\" content=\"es_ES\" \/>\n<meta property=\"og:type\" content=\"article\" \/>\n<meta property=\"og:title\" content=\"China reiter\u00f3 su apoyo a la Argentina por Malvinas\" \/>\n<meta property=\"og:description\" content=\"Buenos Aires.-Adem\u00e1s, el pa\u00eds asi\u00e1tico celebr\u00f3 la reestructuraci\u00f3n de las deudas soberanas. Lo hizo a trav\u00e9s del embajador de China [&hellip;]\" \/>\n<meta property=\"og:url\" content=\"https:\/\/patagoniambiental.com.ar\/info\/china-reitero-su-apoyo-a-la-argentina-por-malvinas\/\" \/>\n<meta property=\"og:site_name\" content=\"Patagonia Ambiental\" \/>\n<meta property=\"article:publisher\" content=\"https:\/\/www.facebook.com\/patagonia.ambiental\" \/>\n<meta property=\"article:author\" content=\"https:\/\/www.facebook.com\/share\/1C1V8Gv9BX\/?mibextid=qi2Omg\" \/>\n<meta property=\"article:published_time\" content=\"2015-09-30T22:00:42+00:00\" \/>\n<meta name=\"author\" content=\"Patagonia Ambiental\" \/>\n<meta name=\"twitter:card\" content=\"summary_large_image\" \/>\n<meta name=\"twitter:creator\" content=\"@PatAmb\" \/>\n<meta name=\"twitter:site\" content=\"@PatAmb\" \/>\n<script type=\"application\/ld+json\" class=\"yoast-schema-graph\">{\"@context\":\"https:\\\/\\\/schema.org\",\"@graph\":[{\"@type\":\"Article\",\"@id\":\"https:\\\/\\\/patagoniambiental.com.ar\\\/info\\\/china-reitero-su-apoyo-a-la-argentina-por-malvinas\\\/#article\",\"isPartOf\":{\"@id\":\"https:\\\/\\\/patagoniambiental.com.ar\\\/info\\\/china-reitero-su-apoyo-a-la-argentina-por-malvinas\\\/\"},\"author\":{\"name\":\"Patagonia Ambiental\",\"@id\":\"https:\\\/\\\/patagoniambiental.com.ar\\\/info\\\/#\\\/schema\\\/person\\\/db12bff64bbcbf6a253710bf0ea37b5d\"},\"headline\":\"China reiter\u00f3 su apoyo a la Argentina por Malvinas\",\"datePublished\":\"2015-09-30T22:00:42+00:00\",\"mainEntityOfPage\":{\"@id\":\"https:\\\/\\\/patagoniambiental.com.ar\\\/info\\\/china-reitero-su-apoyo-a-la-argentina-por-malvinas\\\/\"},\"wordCount\":436,\"publisher\":{\"@id\":\"https:\\\/\\\/patagoniambiental.com.ar\\\/info\\\/#organization\"},\"image\":{\"@id\":\"https:\\\/\\\/patagoniambiental.com.ar\\\/info\\\/china-reitero-su-apoyo-a-la-argentina-por-malvinas\\\/#primaryimage\"},\"thumbnailUrl\":\"\",\"articleSection\":[\"Internacionales\",\"Noticias\"],\"inLanguage\":\"es\"},{\"@type\":\"WebPage\",\"@id\":\"https:\\\/\\\/patagoniambiental.com.ar\\\/info\\\/china-reitero-su-apoyo-a-la-argentina-por-malvinas\\\/\",\"url\":\"https:\\\/\\\/patagoniambiental.com.ar\\\/info\\\/china-reitero-su-apoyo-a-la-argentina-por-malvinas\\\/\",\"name\":\"China reiter\u00f3 su apoyo a la Argentina por Malvinas\",\"isPartOf\":{\"@id\":\"https:\\\/\\\/patagoniambiental.com.ar\\\/info\\\/#website\"},\"primaryImageOfPage\":{\"@id\":\"https:\\\/\\\/patagoniambiental.com.ar\\\/info\\\/china-reitero-su-apoyo-a-la-argentina-por-malvinas\\\/#primaryimage\"},\"image\":{\"@id\":\"https:\\\/\\\/patagoniambiental.com.ar\\\/info\\\/china-reitero-su-apoyo-a-la-argentina-por-malvinas\\\/#primaryimage\"},\"thumbnailUrl\":\"\",\"datePublished\":\"2015-09-30T22:00:42+00:00\",\"breadcrumb\":{\"@id\":\"https:\\\/\\\/patagoniambiental.com.ar\\\/info\\\/china-reitero-su-apoyo-a-la-argentina-por-malvinas\\\/#breadcrumb\"},\"inLanguage\":\"es\",\"potentialAction\":[{\"@type\":\"ReadAction\",\"target\":[\"https:\\\/\\\/patagoniambiental.com.ar\\\/info\\\/china-reitero-su-apoyo-a-la-argentina-por-malvinas\\\/\"]}]},{\"@type\":\"ImageObject\",\"inLanguage\":\"es\",\"@id\":\"https:\\\/\\\/patagoniambiental.com.ar\\\/info\\\/china-reitero-su-apoyo-a-la-argentina-por-malvinas\\\/#primaryimage\",\"url\":\"\",\"contentUrl\":\"\"},{\"@type\":\"BreadcrumbList\",\"@id\":\"https:\\\/\\\/patagoniambiental.com.ar\\\/info\\\/china-reitero-su-apoyo-a-la-argentina-por-malvinas\\\/#breadcrumb\",\"itemListElement\":[{\"@type\":\"ListItem\",\"position\":1,\"name\":\"Inicio\",\"item\":\"https:\\\/\\\/patagoniambiental.com.ar\\\/info\\\/\"},{\"@type\":\"ListItem\",\"position\":2,\"name\":\"China reiter\u00f3 su apoyo a la Argentina por Malvinas\"}]},{\"@type\":\"WebSite\",\"@id\":\"https:\\\/\\\/patagoniambiental.com.ar\\\/info\\\/#website\",\"url\":\"https:\\\/\\\/patagoniambiental.com.ar\\\/info\\\/\",\"name\":\"Patagonia Ambiental\",\"description\":\"Monitoreo y an\u00e1lisis de la situaci\u00f3n geopol\u00edtica en el mundo y su implicancia en la Patagonia\",\"publisher\":{\"@id\":\"https:\\\/\\\/patagoniambiental.com.ar\\\/info\\\/#organization\"},\"potentialAction\":[{\"@type\":\"SearchAction\",\"target\":{\"@type\":\"EntryPoint\",\"urlTemplate\":\"https:\\\/\\\/patagoniambiental.com.ar\\\/info\\\/?s={search_term_string}\"},\"query-input\":{\"@type\":\"PropertyValueSpecification\",\"valueRequired\":true,\"valueName\":\"search_term_string\"}}],\"inLanguage\":\"es\"},{\"@type\":\"Organization\",\"@id\":\"https:\\\/\\\/patagoniambiental.com.ar\\\/info\\\/#organization\",\"name\":\"Patagonia Ambiental\",\"url\":\"https:\\\/\\\/patagoniambiental.com.ar\\\/info\\\/\",\"logo\":{\"@type\":\"ImageObject\",\"inLanguage\":\"es\",\"@id\":\"https:\\\/\\\/patagoniambiental.com.ar\\\/info\\\/#\\\/schema\\\/logo\\\/image\\\/\",\"url\":\"https:\\\/\\\/patagoniambiental.com.ar\\\/info\\\/wp-content\\\/uploads\\\/2025\\\/05\\\/LOGO-PATAGONIA-AMBIENTAL.png\",\"contentUrl\":\"https:\\\/\\\/patagoniambiental.com.ar\\\/info\\\/wp-content\\\/uploads\\\/2025\\\/05\\\/LOGO-PATAGONIA-AMBIENTAL.png\",\"width\":433,\"height\":250,\"caption\":\"Patagonia Ambiental\"},\"image\":{\"@id\":\"https:\\\/\\\/patagoniambiental.com.ar\\\/info\\\/#\\\/schema\\\/logo\\\/image\\\/\"},\"sameAs\":[\"https:\\\/\\\/www.facebook.com\\\/patagonia.ambiental\",\"https:\\\/\\\/x.com\\\/PatAmb\"]},{\"@type\":\"Person\",\"@id\":\"https:\\\/\\\/patagoniambiental.com.ar\\\/info\\\/#\\\/schema\\\/person\\\/db12bff64bbcbf6a253710bf0ea37b5d\",\"name\":\"Patagonia Ambiental\",\"description\":\"Andr\u00e9s Nievas T\u00e9cnico en manejo ambiental, consultor Ambiental y escritor para medios locales e internacionales sobre temas de geopolitica y medio ambiente.\",\"sameAs\":[\"http:\\\/\\\/www.patagoniambiental.com.ar\",\"https:\\\/\\\/www.facebook.com\\\/share\\\/1C1V8Gv9BX\\\/?mibextid=qi2Omg\",\"@patagoniambiental\",\"https:\\\/\\\/youtube.com\\\/@patagoniaambiental2023?si=BLt58t0wuXquxlYZ\"]}]}<\/script>\n<!-- \/ Yoast SEO Premium plugin. -->","yoast_head_json":{"title":"China reiter\u00f3 su apoyo a la Argentina por Malvinas","robots":{"index":"index","follow":"follow","max-snippet":"max-snippet:-1","max-image-preview":"max-image-preview:large","max-video-preview":"max-video-preview:-1"},"canonical":"https:\/\/patagoniambiental.com.ar\/info\/china-reitero-su-apoyo-a-la-argentina-por-malvinas\/","og_locale":"es_ES","og_type":"article","og_title":"China reiter\u00f3 su apoyo a la Argentina por Malvinas","og_description":"Buenos Aires.-Adem\u00e1s, el pa\u00eds asi\u00e1tico celebr\u00f3 la reestructuraci\u00f3n de las deudas soberanas. Lo hizo a trav\u00e9s del embajador de China [&hellip;]","og_url":"https:\/\/patagoniambiental.com.ar\/info\/china-reitero-su-apoyo-a-la-argentina-por-malvinas\/","og_site_name":"Patagonia Ambiental","article_publisher":"https:\/\/www.facebook.com\/patagonia.ambiental","article_author":"https:\/\/www.facebook.com\/share\/1C1V8Gv9BX\/?mibextid=qi2Omg","article_published_time":"2015-09-30T22:00:42+00:00","author":"Patagonia Ambiental","twitter_card":"summary_large_image","twitter_creator":"@PatAmb","twitter_site":"@PatAmb","schema":{"@context":"https:\/\/schema.org","@graph":[{"@type":"Article","@id":"https:\/\/patagoniambiental.com.ar\/info\/china-reitero-su-apoyo-a-la-argentina-por-malvinas\/#article","isPartOf":{"@id":"https:\/\/patagoniambiental.com.ar\/info\/china-reitero-su-apoyo-a-la-argentina-por-malvinas\/"},"author":{"name":"Patagonia Ambiental","@id":"https:\/\/patagoniambiental.com.ar\/info\/#\/schema\/person\/db12bff64bbcbf6a253710bf0ea37b5d"},"headline":"China reiter\u00f3 su apoyo a la Argentina por Malvinas","datePublished":"2015-09-30T22:00:42+00:00","mainEntityOfPage":{"@id":"https:\/\/patagoniambiental.com.ar\/info\/china-reitero-su-apoyo-a-la-argentina-por-malvinas\/"},"wordCount":436,"publisher":{"@id":"https:\/\/patagoniambiental.com.ar\/info\/#organization"},"image":{"@id":"https:\/\/patagoniambiental.com.ar\/info\/china-reitero-su-apoyo-a-la-argentina-por-malvinas\/#primaryimage"},"thumbnailUrl":"","articleSection":["Internacionales","Noticias"],"inLanguage":"es"},{"@type":"WebPage","@id":"https:\/\/patagoniambiental.com.ar\/info\/china-reitero-su-apoyo-a-la-argentina-por-malvinas\/","url":"https:\/\/patagoniambiental.com.ar\/info\/china-reitero-su-apoyo-a-la-argentina-por-malvinas\/","name":"China reiter\u00f3 su apoyo a la Argentina por Malvinas","isPartOf":{"@id":"https:\/\/patagoniambiental.com.ar\/info\/#website"},"primaryImageOfPage":{"@id":"https:\/\/patagoniambiental.com.ar\/info\/china-reitero-su-apoyo-a-la-argentina-por-malvinas\/#primaryimage"},"image":{"@id":"https:\/\/patagoniambiental.com.ar\/info\/china-reitero-su-apoyo-a-la-argentina-por-malvinas\/#primaryimage"},"thumbnailUrl":"","datePublished":"2015-09-30T22:00:42+00:00","breadcrumb":{"@id":"https:\/\/patagoniambiental.com.ar\/info\/china-reitero-su-apoyo-a-la-argentina-por-malvinas\/#breadcrumb"},"inLanguage":"es","potentialAction":[{"@type":"ReadAction","target":["https:\/\/patagoniambiental.com.ar\/info\/china-reitero-su-apoyo-a-la-argentina-por-malvinas\/"]}]},{"@type":"ImageObject","inLanguage":"es","@id":"https:\/\/patagoniambiental.com.ar\/info\/china-reitero-su-apoyo-a-la-argentina-por-malvinas\/#primaryimage","url":"","contentUrl":""},{"@type":"BreadcrumbList","@id":"https:\/\/patagoniambiental.com.ar\/info\/china-reitero-su-apoyo-a-la-argentina-por-malvinas\/#breadcrumb","itemListElement":[{"@type":"ListItem","position":1,"name":"Inicio","item":"https:\/\/patagoniambiental.com.ar\/info\/"},{"@type":"ListItem","position":2,"name":"China reiter\u00f3 su apoyo a la Argentina por Malvinas"}]},{"@type":"WebSite","@id":"https:\/\/patagoniambiental.com.ar\/info\/#website","url":"https:\/\/patagoniambiental.com.ar\/info\/","name":"Patagonia Ambiental","description":"Monitoreo y an\u00e1lisis de la situaci\u00f3n geopol\u00edtica en el mundo y su implicancia en la Patagonia","publisher":{"@id":"https:\/\/patagoniambiental.com.ar\/info\/#organization"},"potentialAction":[{"@type":"SearchAction","target":{"@type":"EntryPoint","urlTemplate":"https:\/\/patagoniambiental.com.ar\/info\/?s={search_term_string}"},"query-input":{"@type":"PropertyValueSpecification","valueRequired":true,"valueName":"search_term_string"}}],"inLanguage":"es"},{"@type":"Organization","@id":"https:\/\/patagoniambiental.com.ar\/info\/#organization","name":"Patagonia Ambiental","url":"https:\/\/patagoniambiental.com.ar\/info\/","logo":{"@type":"ImageObject","inLanguage":"es","@id":"https:\/\/patagoniambiental.com.ar\/info\/#\/schema\/logo\/image\/","url":"https:\/\/patagoniambiental.com.ar\/info\/wp-content\/uploads\/2025\/05\/LOGO-PATAGONIA-AMBIENTAL.png","contentUrl":"https:\/\/patagoniambiental.com.ar\/info\/wp-content\/uploads\/2025\/05\/LOGO-PATAGONIA-AMBIENTAL.png","width":433,"height":250,"caption":"Patagonia Ambiental"},"image":{"@id":"https:\/\/patagoniambiental.com.ar\/info\/#\/schema\/logo\/image\/"},"sameAs":["https:\/\/www.facebook.com\/patagonia.ambiental","https:\/\/x.com\/PatAmb"]},{"@type":"Person","@id":"https:\/\/patagoniambiental.com.ar\/info\/#\/schema\/person\/db12bff64bbcbf6a253710bf0ea37b5d","name":"Patagonia Ambiental","description":"Andr\u00e9s Nievas T\u00e9cnico en manejo ambiental, consultor Ambiental y escritor para medios locales e internacionales sobre temas de geopolitica y medio ambiente.","sameAs":["http:\/\/www.patagoniambiental.com.ar","https:\/\/www.facebook.com\/share\/1C1V8Gv9BX\/?mibextid=qi2Omg","@patagoniambiental","https:\/\/youtube.com\/@patagoniaambiental2023?si=BLt58t0wuXquxlYZ"]}]}},"_links":{"self":[{"href":"https:\/\/patagoniambiental.com.ar\/info\/wp-json\/wp\/v2\/posts\/14289","targetHints":{"allow":["GET"]}}],"collection":[{"href":"https:\/\/patagoniambiental.com.ar\/info\/wp-json\/wp\/v2\/posts"}],"about":[{"href":"https:\/\/patagoniambiental.com.ar\/info\/wp-json\/wp\/v2\/types\/post"}],"author":[{"embeddable":true,"href":"https:\/\/patagoniambiental.com.ar\/info\/wp-json\/wp\/v2\/users\/2"}],"replies":[{"embeddable":true,"href":"https:\/\/patagoniambiental.com.ar\/info\/wp-json\/wp\/v2\/comments?post=14289"}],"version-history":[{"count":0,"href":"https:\/\/patagoniambiental.com.ar\/info\/wp-json\/wp\/v2\/posts\/14289\/revisions"}],"wp:featuredmedia":[{"embeddable":true,"href":"https:\/\/patagoniambiental.com.ar\/info\/wp-json\/"}],"wp:attachment":[{"href":"https:\/\/patagoniambiental.com.ar\/info\/wp-json\/wp\/v2\/media?parent=14289"}],"wp:term":[{"taxonomy":"category","embeddable":true,"href":"https:\/\/patagoniambiental.com.ar\/info\/wp-json\/wp\/v2\/categories?post=14289"},{"taxonomy":"post_tag","embeddable":true,"href":"https:\/\/patagoniambiental.com.ar\/info\/wp-json\/wp\/v2\/tags?post=14289"}],"curies":[{"name":"wp","href":"https:\/\/api.w.org\/{rel}","templated":true}]}}