{"id":14299,"date":"2015-10-01T11:14:33","date_gmt":"2015-10-01T14:14:33","guid":{"rendered":"http:\/\/patagoniambiental.com.ar\/?p=14299"},"modified":"2015-10-01T11:14:33","modified_gmt":"2015-10-01T14:14:33","slug":"a-partir-del-monitoreo-satelital-de-imagenes-rio-negro-trabajara-en-la-sustentabilidad-de-los-recursos-naturales","status":"publish","type":"post","link":"https:\/\/patagoniambiental.com.ar\/info\/a-partir-del-monitoreo-satelital-de-imagenes-rio-negro-trabajara-en-la-sustentabilidad-de-los-recursos-naturales\/","title":{"rendered":"A partir del monitoreo satelital de im\u00e1genes, R\u00edo Negro trabajar\u00e1 en la sustentabilidad de los recursos naturales"},"content":{"rendered":"<p lang=\"es-ES\" align=\"JUSTIFY\"><span style=\"font-family: Asap;\"><span style=\"font-size: large;\">Viedma.-El subsecretario de Ganader\u00eda de R\u00edo Negro, Tabar\u00e9 Bassi, inform\u00f3 que con el objetivo de profundizar la pol\u00edtica que lleva adelante la Provincia sobre la sustentabilidad de los recursos naturales, se trabaja en el dise\u00f1o<\/span><\/span><!--more--><\/p>\n<p lang=\"es-ES\" align=\"JUSTIFY\"><span style=\"font-family: Asap;\"><span style=\"font-size: large;\"> de una metodolog\u00eda que permita monitorear, a trav\u00e9s de im\u00e1genes satelitales, la evoluci\u00f3n del pastizal natural. Para ello se formar\u00e1 y capacitar\u00e1 a equipos t\u00e9cnicos p\u00fablicos.<\/span><\/span><\/p>\n<p lang=\"es-ES\" align=\"JUSTIFY\"><span style=\"font-family: Asap;\"><span style=\"font-size: large;\">Con este avance, desde el Ministerio de Agricultura, Ganader\u00eda y Pesca (MAGyP), tambi\u00e9n se pretende confluir en un sistema de alertas tempranas que ayuden a predecir eventos como las sequ\u00edas, contribuyendo a reducir sus efectos adversos, y los incendios, anticipando su evoluci\u00f3n.<\/span><\/span><\/p>\n<p lang=\"es-ES\" align=\"JUSTIFY\"><span style=\"font-family: Asap;\"><span style=\"font-size: large;\">La iniciativa persigue el objetivo de dise\u00f1ar una metodolog\u00eda que permita ir monitoreando la evoluci\u00f3n del forraje natural, a partir de la evaluaci\u00f3n peri\u00f3dica de las im\u00e1genes satelitales que se tomen. <\/span><\/span><\/p>\n<p lang=\"es-ES\" align=\"JUSTIFY\"><span style=\"font-family: Asap;\"><span style=\"font-size: large;\">\u00abTenemos la fuerte preocupaci\u00f3n de evitar que nos ocurra lo que ha acontecido ya en a\u00f1os anteriores en la provincia, que es una sobrepoblaci\u00f3n en los campos que genera una afecci\u00f3n al recurso natural, que luego resulta en grandes p\u00e9rdidas en momentos de sequ\u00eda\u00bb, explic\u00f3 subsecretario de Ganader\u00eda, Tabar\u00e9 Bassi. <\/span><\/span><\/p>\n<p lang=\"es-ES\" align=\"JUSTIFY\"><span style=\"font-family: Asap;\"><span style=\"font-size: large;\">Detall\u00f3 que \u00abhoy estamos en un proceso de recuperaci\u00f3n del stock, los pastizales se han recuperado y el stock va en el mismo sentido, lo que queremos tener es un monitoreo permanente de c\u00f3mo est\u00e1 la receptividad de los establecimientos y la carga a nivel provincia\u00bb.<\/span><\/span><\/p>\n<p lang=\"es-ES\" align=\"JUSTIFY\"><span style=\"font-family: Asap;\"><span style=\"font-size: large;\">\u00abPara ello hemos generado un \u00e1rea dentro de la Subsecretar\u00eda, el \u00e1rea de Recursos Naturales, con profesionales trabajando para tal fin e interactuando con el resto de las instituciones, para poder, en conjunto, tener una metodolog\u00eda de supervisi\u00f3n de c\u00f3mo es la evoluci\u00f3n de los recursos naturales\u00bb, refiri\u00f3.<\/span><\/span><\/p>\n<p lang=\"es-ES\" align=\"JUSTIFY\"><span style=\"font-family: Asap;\"><span style=\"font-size: large;\">En este contexto, d\u00edas atr\u00e1s se present\u00f3 en Viedma, la propuesta \u201cCapacitaci\u00f3n y formaci\u00f3n en procesamiento de im\u00e1genes satelitales\u201d, orientada a t\u00e9cnicos de organismos p\u00fablicos que vienen trabajando en relaci\u00f3n con los recursos naturales de la provincia.<\/span><\/span><\/p>\n<p lang=\"es-ES\" align=\"JUSTIFY\"><span style=\"font-family: Asap;\"><span style=\"font-size: large;\">A partir de esta oferta pedag\u00f3gica se proyecta en R\u00edo Negro un curso, que se pondr\u00e1 en marcha antes de fin a\u00f1o, con una duraci\u00f3n de 18 meses. \u00abLa intenci\u00f3n es formar equipos t\u00e9cnicos p\u00fablicos para el procesamiento de im\u00e1genes satelitales\u00bb, se\u00f1al\u00f3 Bassi.<\/span><\/span><\/p>\n<p lang=\"es-ES\" align=\"JUSTIFY\"><span style=\"font-family: Asap;\"><span style=\"font-size: large;\">El proyecto abarca la capacitaci\u00f3n espec\u00edfica e individual y la formaci\u00f3n de equipos t\u00e9cnicos en los organismos involucrados en el seguimiento, la investigaci\u00f3n, el desarrollo y la innovaci\u00f3n en aplicaciones espaciales. <\/span><\/span><\/p>\n<p lang=\"es-ES\" align=\"JUSTIFY\"><span style=\"font-family: Asap;\"><span style=\"font-size: large;\">De esta manera, los t\u00e9cnicos que participen tendr\u00e1n la capacidad de procesar informaci\u00f3n de sat\u00e9lite para la extracci\u00f3n de par\u00e1metros biof\u00edsicos de superficie (temperatura y cobertura vegetal por ejemplo). Adem\u00e1s, uno de los objetivos es facilitar la generaci\u00f3n de mapas de receptividad y disponibilidad forrajera existente en los campos de R\u00edo Negro. <\/span><\/span><\/p>\n<p lang=\"es-ES\" align=\"JUSTIFY\"><span style=\"font-family: Asap;\"><span style=\"font-size: large;\">\u00abEn esta instancia vamos a priorizar que las capacitaciones se destinen a las instituciones p\u00fablicas\u00bb, indic\u00f3 el subsecretario y agreg\u00f3 que \u00aben el caso de R\u00edo Negro estamos invitando a participar al INTA, DPA, la Secretar\u00eda de Ambiente y Desarrollo Sustentable, las universidades de R\u00edo Negro y del Comahue, y tambi\u00e9n a los actores privados que se interesen en la metodolog\u00eda\u00bb. <\/span><\/span><\/p>\n<p lang=\"es-ES\" align=\"JUSTIFY\"><span style=\"font-family: Asap;\"><span style=\"font-size: large;\">Manifest\u00f3 m\u00e1s adelante que se pretende generar un marco de trabajo entre todas las instituciones p\u00fablicas \u00abpara poder tener un monitoreo permanente y continuo en el tiempo de la evoluci\u00f3n del pastizal natural\u00bb. <\/span><\/span><\/p>\n<p lang=\"es-ES\" align=\"JUSTIFY\"><span style=\"font-family: Asap;\"><span style=\"font-size: large;\">El proyecto de capacitaci\u00f3n se enmarca en la solicitud de financiamiento requerida al CFI, y ser\u00e1 complementado con la compra de tres estaciones meteorol\u00f3gicas de alta tecnolog\u00eda que aportar\u00e1 el Ministerio de Agricultura, Ganader\u00eda y Pesca (MAGyP) a trav\u00e9s del Post Emergencia.<\/span><\/span><\/p>\n<p lang=\"es-ES\" align=\"JUSTIFY\">Fuente: Gobierno de Rio Negro<\/p>\n","protected":false},"excerpt":{"rendered":"<p>Viedma.-El subsecretario de Ganader\u00eda de R\u00edo Negro, Tabar\u00e9 Bassi, inform\u00f3 que con el objetivo de profundizar la pol\u00edtica que lleva [&hellip;]<\/p>\n","protected":false},"author":2,"featured_media":14300,"comment_status":"closed","ping_status":"closed","sticky":false,"template":"","format":"standard","meta":{"site-sidebar-layout":"default","site-content-layout":"","ast-site-content-layout":"default","site-content-style":"default","site-sidebar-style":"default","ast-global-header-display":"","ast-banner-title-visibility":"","ast-main-header-display":"","ast-hfb-above-header-display":"","ast-hfb-below-header-display":"","ast-hfb-mobile-header-display":"","site-post-title":"","ast-breadcrumbs-content":"","ast-featured-img":"","footer-sml-layout":"","ast-disable-related-posts":"","theme-transparent-header-meta":"","adv-header-id-meta":"","stick-header-meta":"","header-above-stick-meta":"","header-main-stick-meta":"","header-below-stick-meta":"","astra-migrate-meta-layouts":"default","ast-page-background-enabled":"default","ast-page-background-meta":{"desktop":{"background-color":"var(--ast-global-color-5)","background-image":"","background-repeat":"repeat","background-position":"center center","background-size":"auto","background-attachment":"scroll","background-type":"","background-media":"","overlay-type":"","overlay-color":"","overlay-opacity":"","overlay-gradient":""},"tablet":{"background-color":"","background-image":"","background-repeat":"repeat","background-position":"center center","background-size":"auto","background-attachment":"scroll","background-type":"","background-media":"","overlay-type":"","overlay-color":"","overlay-opacity":"","overlay-gradient":""},"mobile":{"background-color":"","background-image":"","background-repeat":"repeat","background-position":"center center","background-size":"auto","background-attachment":"scroll","background-type":"","background-media":"","overlay-type":"","overlay-color":"","overlay-opacity":"","overlay-gradient":""}},"ast-content-background-meta":{"desktop":{"background-color":"var(--ast-global-color-4)","background-image":"","background-repeat":"repeat","background-position":"center center","background-size":"auto","background-attachment":"scroll","background-type":"","background-media":"","overlay-type":"","overlay-color":"","overlay-opacity":"","overlay-gradient":""},"tablet":{"background-color":"var(--ast-global-color-4)","background-image":"","background-repeat":"repeat","background-position":"center center","background-size":"auto","background-attachment":"scroll","background-type":"","background-media":"","overlay-type":"","overlay-color":"","overlay-opacity":"","overlay-gradient":""},"mobile":{"background-color":"var(--ast-global-color-4)","background-image":"","background-repeat":"repeat","background-position":"center center","background-size":"auto","background-attachment":"scroll","background-type":"","background-media":"","overlay-type":"","overlay-color":"","overlay-opacity":"","overlay-gradient":""}},"footnotes":""},"categories":[1,13,14],"tags":[],"class_list":["post-14299","post","type-post","status-publish","format-standard","has-post-thumbnail","hentry","category-noticias","category-provinciales","category-rio-negro"],"yoast_head":"<!-- This site is optimized with the Yoast SEO Premium plugin v23.0 (Yoast SEO v27.5) - https:\/\/yoast.com\/product\/yoast-seo-premium-wordpress\/ -->\n<title>A partir del monitoreo satelital de im\u00e1genes, R\u00edo Negro trabajar\u00e1 en la sustentabilidad de los recursos naturales<\/title>\n<meta name=\"robots\" content=\"index, follow, max-snippet:-1, max-image-preview:large, max-video-preview:-1\" \/>\n<link rel=\"canonical\" href=\"https:\/\/patagoniambiental.com.ar\/info\/a-partir-del-monitoreo-satelital-de-imagenes-rio-negro-trabajara-en-la-sustentabilidad-de-los-recursos-naturales\/\" \/>\n<meta property=\"og:locale\" content=\"es_ES\" \/>\n<meta property=\"og:type\" content=\"article\" \/>\n<meta property=\"og:title\" content=\"A partir del monitoreo satelital de im\u00e1genes, R\u00edo Negro trabajar\u00e1 en la sustentabilidad de los recursos naturales\" \/>\n<meta property=\"og:description\" content=\"Viedma.-El subsecretario de Ganader\u00eda de R\u00edo Negro, Tabar\u00e9 Bassi, inform\u00f3 que con el objetivo de profundizar la pol\u00edtica que lleva [&hellip;]\" \/>\n<meta property=\"og:url\" content=\"https:\/\/patagoniambiental.com.ar\/info\/a-partir-del-monitoreo-satelital-de-imagenes-rio-negro-trabajara-en-la-sustentabilidad-de-los-recursos-naturales\/\" \/>\n<meta property=\"og:site_name\" content=\"Patagonia Ambiental\" \/>\n<meta property=\"article:publisher\" content=\"https:\/\/www.facebook.com\/patagonia.ambiental\" \/>\n<meta property=\"article:author\" content=\"https:\/\/www.facebook.com\/share\/1C1V8Gv9BX\/?mibextid=qi2Omg\" \/>\n<meta property=\"article:published_time\" content=\"2015-10-01T14:14:33+00:00\" \/>\n<meta name=\"author\" content=\"Patagonia Ambiental\" \/>\n<meta name=\"twitter:card\" content=\"summary_large_image\" \/>\n<meta name=\"twitter:creator\" content=\"@PatAmb\" \/>\n<meta name=\"twitter:site\" content=\"@PatAmb\" \/>\n<script type=\"application\/ld+json\" class=\"yoast-schema-graph\">{\"@context\":\"https:\\\/\\\/schema.org\",\"@graph\":[{\"@type\":\"Article\",\"@id\":\"https:\\\/\\\/patagoniambiental.com.ar\\\/info\\\/a-partir-del-monitoreo-satelital-de-imagenes-rio-negro-trabajara-en-la-sustentabilidad-de-los-recursos-naturales\\\/#article\",\"isPartOf\":{\"@id\":\"https:\\\/\\\/patagoniambiental.com.ar\\\/info\\\/a-partir-del-monitoreo-satelital-de-imagenes-rio-negro-trabajara-en-la-sustentabilidad-de-los-recursos-naturales\\\/\"},\"author\":{\"name\":\"Patagonia Ambiental\",\"@id\":\"https:\\\/\\\/patagoniambiental.com.ar\\\/info\\\/#\\\/schema\\\/person\\\/db12bff64bbcbf6a253710bf0ea37b5d\"},\"headline\":\"A partir del monitoreo satelital de im\u00e1genes, R\u00edo Negro trabajar\u00e1 en la sustentabilidad de los recursos naturales\",\"datePublished\":\"2015-10-01T14:14:33+00:00\",\"mainEntityOfPage\":{\"@id\":\"https:\\\/\\\/patagoniambiental.com.ar\\\/info\\\/a-partir-del-monitoreo-satelital-de-imagenes-rio-negro-trabajara-en-la-sustentabilidad-de-los-recursos-naturales\\\/\"},\"wordCount\":682,\"publisher\":{\"@id\":\"https:\\\/\\\/patagoniambiental.com.ar\\\/info\\\/#organization\"},\"image\":{\"@id\":\"https:\\\/\\\/patagoniambiental.com.ar\\\/info\\\/a-partir-del-monitoreo-satelital-de-imagenes-rio-negro-trabajara-en-la-sustentabilidad-de-los-recursos-naturales\\\/#primaryimage\"},\"thumbnailUrl\":\"\",\"articleSection\":[\"Noticias\",\"Provinciales\",\"R\u00edo Negro\"],\"inLanguage\":\"es\"},{\"@type\":\"WebPage\",\"@id\":\"https:\\\/\\\/patagoniambiental.com.ar\\\/info\\\/a-partir-del-monitoreo-satelital-de-imagenes-rio-negro-trabajara-en-la-sustentabilidad-de-los-recursos-naturales\\\/\",\"url\":\"https:\\\/\\\/patagoniambiental.com.ar\\\/info\\\/a-partir-del-monitoreo-satelital-de-imagenes-rio-negro-trabajara-en-la-sustentabilidad-de-los-recursos-naturales\\\/\",\"name\":\"A partir del monitoreo satelital de im\u00e1genes, R\u00edo Negro trabajar\u00e1 en la sustentabilidad de los recursos naturales\",\"isPartOf\":{\"@id\":\"https:\\\/\\\/patagoniambiental.com.ar\\\/info\\\/#website\"},\"primaryImageOfPage\":{\"@id\":\"https:\\\/\\\/patagoniambiental.com.ar\\\/info\\\/a-partir-del-monitoreo-satelital-de-imagenes-rio-negro-trabajara-en-la-sustentabilidad-de-los-recursos-naturales\\\/#primaryimage\"},\"image\":{\"@id\":\"https:\\\/\\\/patagoniambiental.com.ar\\\/info\\\/a-partir-del-monitoreo-satelital-de-imagenes-rio-negro-trabajara-en-la-sustentabilidad-de-los-recursos-naturales\\\/#primaryimage\"},\"thumbnailUrl\":\"\",\"datePublished\":\"2015-10-01T14:14:33+00:00\",\"breadcrumb\":{\"@id\":\"https:\\\/\\\/patagoniambiental.com.ar\\\/info\\\/a-partir-del-monitoreo-satelital-de-imagenes-rio-negro-trabajara-en-la-sustentabilidad-de-los-recursos-naturales\\\/#breadcrumb\"},\"inLanguage\":\"es\",\"potentialAction\":[{\"@type\":\"ReadAction\",\"target\":[\"https:\\\/\\\/patagoniambiental.com.ar\\\/info\\\/a-partir-del-monitoreo-satelital-de-imagenes-rio-negro-trabajara-en-la-sustentabilidad-de-los-recursos-naturales\\\/\"]}]},{\"@type\":\"ImageObject\",\"inLanguage\":\"es\",\"@id\":\"https:\\\/\\\/patagoniambiental.com.ar\\\/info\\\/a-partir-del-monitoreo-satelital-de-imagenes-rio-negro-trabajara-en-la-sustentabilidad-de-los-recursos-naturales\\\/#primaryimage\",\"url\":\"\",\"contentUrl\":\"\"},{\"@type\":\"BreadcrumbList\",\"@id\":\"https:\\\/\\\/patagoniambiental.com.ar\\\/info\\\/a-partir-del-monitoreo-satelital-de-imagenes-rio-negro-trabajara-en-la-sustentabilidad-de-los-recursos-naturales\\\/#breadcrumb\",\"itemListElement\":[{\"@type\":\"ListItem\",\"position\":1,\"name\":\"Inicio\",\"item\":\"https:\\\/\\\/patagoniambiental.com.ar\\\/info\\\/\"},{\"@type\":\"ListItem\",\"position\":2,\"name\":\"A partir del monitoreo satelital de im\u00e1genes, R\u00edo Negro trabajar\u00e1 en la sustentabilidad de los recursos naturales\"}]},{\"@type\":\"WebSite\",\"@id\":\"https:\\\/\\\/patagoniambiental.com.ar\\\/info\\\/#website\",\"url\":\"https:\\\/\\\/patagoniambiental.com.ar\\\/info\\\/\",\"name\":\"Patagonia Ambiental\",\"description\":\"Monitoreo y an\u00e1lisis de la situaci\u00f3n geopol\u00edtica en el mundo y su implicancia en la Patagonia\",\"publisher\":{\"@id\":\"https:\\\/\\\/patagoniambiental.com.ar\\\/info\\\/#organization\"},\"potentialAction\":[{\"@type\":\"SearchAction\",\"target\":{\"@type\":\"EntryPoint\",\"urlTemplate\":\"https:\\\/\\\/patagoniambiental.com.ar\\\/info\\\/?s={search_term_string}\"},\"query-input\":{\"@type\":\"PropertyValueSpecification\",\"valueRequired\":true,\"valueName\":\"search_term_string\"}}],\"inLanguage\":\"es\"},{\"@type\":\"Organization\",\"@id\":\"https:\\\/\\\/patagoniambiental.com.ar\\\/info\\\/#organization\",\"name\":\"Patagonia Ambiental\",\"url\":\"https:\\\/\\\/patagoniambiental.com.ar\\\/info\\\/\",\"logo\":{\"@type\":\"ImageObject\",\"inLanguage\":\"es\",\"@id\":\"https:\\\/\\\/patagoniambiental.com.ar\\\/info\\\/#\\\/schema\\\/logo\\\/image\\\/\",\"url\":\"https:\\\/\\\/patagoniambiental.com.ar\\\/info\\\/wp-content\\\/uploads\\\/2025\\\/05\\\/LOGO-PATAGONIA-AMBIENTAL.png\",\"contentUrl\":\"https:\\\/\\\/patagoniambiental.com.ar\\\/info\\\/wp-content\\\/uploads\\\/2025\\\/05\\\/LOGO-PATAGONIA-AMBIENTAL.png\",\"width\":433,\"height\":250,\"caption\":\"Patagonia Ambiental\"},\"image\":{\"@id\":\"https:\\\/\\\/patagoniambiental.com.ar\\\/info\\\/#\\\/schema\\\/logo\\\/image\\\/\"},\"sameAs\":[\"https:\\\/\\\/www.facebook.com\\\/patagonia.ambiental\",\"https:\\\/\\\/x.com\\\/PatAmb\"]},{\"@type\":\"Person\",\"@id\":\"https:\\\/\\\/patagoniambiental.com.ar\\\/info\\\/#\\\/schema\\\/person\\\/db12bff64bbcbf6a253710bf0ea37b5d\",\"name\":\"Patagonia Ambiental\",\"description\":\"Andr\u00e9s Nievas T\u00e9cnico en manejo ambiental, consultor Ambiental y escritor para medios locales e internacionales sobre temas de geopolitica y medio ambiente.\",\"sameAs\":[\"http:\\\/\\\/www.patagoniambiental.com.ar\",\"https:\\\/\\\/www.facebook.com\\\/share\\\/1C1V8Gv9BX\\\/?mibextid=qi2Omg\",\"@patagoniambiental\",\"https:\\\/\\\/youtube.com\\\/@patagoniaambiental2023?si=BLt58t0wuXquxlYZ\"]}]}<\/script>\n<!-- \/ Yoast SEO Premium plugin. -->","yoast_head_json":{"title":"A partir del monitoreo satelital de im\u00e1genes, R\u00edo Negro trabajar\u00e1 en la sustentabilidad de los recursos naturales","robots":{"index":"index","follow":"follow","max-snippet":"max-snippet:-1","max-image-preview":"max-image-preview:large","max-video-preview":"max-video-preview:-1"},"canonical":"https:\/\/patagoniambiental.com.ar\/info\/a-partir-del-monitoreo-satelital-de-imagenes-rio-negro-trabajara-en-la-sustentabilidad-de-los-recursos-naturales\/","og_locale":"es_ES","og_type":"article","og_title":"A partir del monitoreo satelital de im\u00e1genes, R\u00edo Negro trabajar\u00e1 en la sustentabilidad de los recursos naturales","og_description":"Viedma.-El subsecretario de Ganader\u00eda de R\u00edo Negro, Tabar\u00e9 Bassi, inform\u00f3 que con el objetivo de profundizar la pol\u00edtica que lleva [&hellip;]","og_url":"https:\/\/patagoniambiental.com.ar\/info\/a-partir-del-monitoreo-satelital-de-imagenes-rio-negro-trabajara-en-la-sustentabilidad-de-los-recursos-naturales\/","og_site_name":"Patagonia Ambiental","article_publisher":"https:\/\/www.facebook.com\/patagonia.ambiental","article_author":"https:\/\/www.facebook.com\/share\/1C1V8Gv9BX\/?mibextid=qi2Omg","article_published_time":"2015-10-01T14:14:33+00:00","author":"Patagonia Ambiental","twitter_card":"summary_large_image","twitter_creator":"@PatAmb","twitter_site":"@PatAmb","schema":{"@context":"https:\/\/schema.org","@graph":[{"@type":"Article","@id":"https:\/\/patagoniambiental.com.ar\/info\/a-partir-del-monitoreo-satelital-de-imagenes-rio-negro-trabajara-en-la-sustentabilidad-de-los-recursos-naturales\/#article","isPartOf":{"@id":"https:\/\/patagoniambiental.com.ar\/info\/a-partir-del-monitoreo-satelital-de-imagenes-rio-negro-trabajara-en-la-sustentabilidad-de-los-recursos-naturales\/"},"author":{"name":"Patagonia Ambiental","@id":"https:\/\/patagoniambiental.com.ar\/info\/#\/schema\/person\/db12bff64bbcbf6a253710bf0ea37b5d"},"headline":"A partir del monitoreo satelital de im\u00e1genes, R\u00edo Negro trabajar\u00e1 en la sustentabilidad de los recursos naturales","datePublished":"2015-10-01T14:14:33+00:00","mainEntityOfPage":{"@id":"https:\/\/patagoniambiental.com.ar\/info\/a-partir-del-monitoreo-satelital-de-imagenes-rio-negro-trabajara-en-la-sustentabilidad-de-los-recursos-naturales\/"},"wordCount":682,"publisher":{"@id":"https:\/\/patagoniambiental.com.ar\/info\/#organization"},"image":{"@id":"https:\/\/patagoniambiental.com.ar\/info\/a-partir-del-monitoreo-satelital-de-imagenes-rio-negro-trabajara-en-la-sustentabilidad-de-los-recursos-naturales\/#primaryimage"},"thumbnailUrl":"","articleSection":["Noticias","Provinciales","R\u00edo Negro"],"inLanguage":"es"},{"@type":"WebPage","@id":"https:\/\/patagoniambiental.com.ar\/info\/a-partir-del-monitoreo-satelital-de-imagenes-rio-negro-trabajara-en-la-sustentabilidad-de-los-recursos-naturales\/","url":"https:\/\/patagoniambiental.com.ar\/info\/a-partir-del-monitoreo-satelital-de-imagenes-rio-negro-trabajara-en-la-sustentabilidad-de-los-recursos-naturales\/","name":"A partir del monitoreo satelital de im\u00e1genes, R\u00edo Negro trabajar\u00e1 en la sustentabilidad de los recursos naturales","isPartOf":{"@id":"https:\/\/patagoniambiental.com.ar\/info\/#website"},"primaryImageOfPage":{"@id":"https:\/\/patagoniambiental.com.ar\/info\/a-partir-del-monitoreo-satelital-de-imagenes-rio-negro-trabajara-en-la-sustentabilidad-de-los-recursos-naturales\/#primaryimage"},"image":{"@id":"https:\/\/patagoniambiental.com.ar\/info\/a-partir-del-monitoreo-satelital-de-imagenes-rio-negro-trabajara-en-la-sustentabilidad-de-los-recursos-naturales\/#primaryimage"},"thumbnailUrl":"","datePublished":"2015-10-01T14:14:33+00:00","breadcrumb":{"@id":"https:\/\/patagoniambiental.com.ar\/info\/a-partir-del-monitoreo-satelital-de-imagenes-rio-negro-trabajara-en-la-sustentabilidad-de-los-recursos-naturales\/#breadcrumb"},"inLanguage":"es","potentialAction":[{"@type":"ReadAction","target":["https:\/\/patagoniambiental.com.ar\/info\/a-partir-del-monitoreo-satelital-de-imagenes-rio-negro-trabajara-en-la-sustentabilidad-de-los-recursos-naturales\/"]}]},{"@type":"ImageObject","inLanguage":"es","@id":"https:\/\/patagoniambiental.com.ar\/info\/a-partir-del-monitoreo-satelital-de-imagenes-rio-negro-trabajara-en-la-sustentabilidad-de-los-recursos-naturales\/#primaryimage","url":"","contentUrl":""},{"@type":"BreadcrumbList","@id":"https:\/\/patagoniambiental.com.ar\/info\/a-partir-del-monitoreo-satelital-de-imagenes-rio-negro-trabajara-en-la-sustentabilidad-de-los-recursos-naturales\/#breadcrumb","itemListElement":[{"@type":"ListItem","position":1,"name":"Inicio","item":"https:\/\/patagoniambiental.com.ar\/info\/"},{"@type":"ListItem","position":2,"name":"A partir del monitoreo satelital de im\u00e1genes, R\u00edo Negro trabajar\u00e1 en la sustentabilidad de los recursos naturales"}]},{"@type":"WebSite","@id":"https:\/\/patagoniambiental.com.ar\/info\/#website","url":"https:\/\/patagoniambiental.com.ar\/info\/","name":"Patagonia Ambiental","description":"Monitoreo y an\u00e1lisis de la situaci\u00f3n geopol\u00edtica en el mundo y su implicancia en la Patagonia","publisher":{"@id":"https:\/\/patagoniambiental.com.ar\/info\/#organization"},"potentialAction":[{"@type":"SearchAction","target":{"@type":"EntryPoint","urlTemplate":"https:\/\/patagoniambiental.com.ar\/info\/?s={search_term_string}"},"query-input":{"@type":"PropertyValueSpecification","valueRequired":true,"valueName":"search_term_string"}}],"inLanguage":"es"},{"@type":"Organization","@id":"https:\/\/patagoniambiental.com.ar\/info\/#organization","name":"Patagonia Ambiental","url":"https:\/\/patagoniambiental.com.ar\/info\/","logo":{"@type":"ImageObject","inLanguage":"es","@id":"https:\/\/patagoniambiental.com.ar\/info\/#\/schema\/logo\/image\/","url":"https:\/\/patagoniambiental.com.ar\/info\/wp-content\/uploads\/2025\/05\/LOGO-PATAGONIA-AMBIENTAL.png","contentUrl":"https:\/\/patagoniambiental.com.ar\/info\/wp-content\/uploads\/2025\/05\/LOGO-PATAGONIA-AMBIENTAL.png","width":433,"height":250,"caption":"Patagonia Ambiental"},"image":{"@id":"https:\/\/patagoniambiental.com.ar\/info\/#\/schema\/logo\/image\/"},"sameAs":["https:\/\/www.facebook.com\/patagonia.ambiental","https:\/\/x.com\/PatAmb"]},{"@type":"Person","@id":"https:\/\/patagoniambiental.com.ar\/info\/#\/schema\/person\/db12bff64bbcbf6a253710bf0ea37b5d","name":"Patagonia Ambiental","description":"Andr\u00e9s Nievas T\u00e9cnico en manejo ambiental, consultor Ambiental y escritor para medios locales e internacionales sobre temas de geopolitica y medio ambiente.","sameAs":["http:\/\/www.patagoniambiental.com.ar","https:\/\/www.facebook.com\/share\/1C1V8Gv9BX\/?mibextid=qi2Omg","@patagoniambiental","https:\/\/youtube.com\/@patagoniaambiental2023?si=BLt58t0wuXquxlYZ"]}]}},"_links":{"self":[{"href":"https:\/\/patagoniambiental.com.ar\/info\/wp-json\/wp\/v2\/posts\/14299","targetHints":{"allow":["GET"]}}],"collection":[{"href":"https:\/\/patagoniambiental.com.ar\/info\/wp-json\/wp\/v2\/posts"}],"about":[{"href":"https:\/\/patagoniambiental.com.ar\/info\/wp-json\/wp\/v2\/types\/post"}],"author":[{"embeddable":true,"href":"https:\/\/patagoniambiental.com.ar\/info\/wp-json\/wp\/v2\/users\/2"}],"replies":[{"embeddable":true,"href":"https:\/\/patagoniambiental.com.ar\/info\/wp-json\/wp\/v2\/comments?post=14299"}],"version-history":[{"count":0,"href":"https:\/\/patagoniambiental.com.ar\/info\/wp-json\/wp\/v2\/posts\/14299\/revisions"}],"wp:featuredmedia":[{"embeddable":true,"href":"https:\/\/patagoniambiental.com.ar\/info\/wp-json\/"}],"wp:attachment":[{"href":"https:\/\/patagoniambiental.com.ar\/info\/wp-json\/wp\/v2\/media?parent=14299"}],"wp:term":[{"taxonomy":"category","embeddable":true,"href":"https:\/\/patagoniambiental.com.ar\/info\/wp-json\/wp\/v2\/categories?post=14299"},{"taxonomy":"post_tag","embeddable":true,"href":"https:\/\/patagoniambiental.com.ar\/info\/wp-json\/wp\/v2\/tags?post=14299"}],"curies":[{"name":"wp","href":"https:\/\/api.w.org\/{rel}","templated":true}]}}