{"id":14323,"date":"2015-10-01T12:03:01","date_gmt":"2015-10-01T15:03:01","guid":{"rendered":"http:\/\/patagoniambiental.com.ar\/?p=14323"},"modified":"2015-10-01T12:03:01","modified_gmt":"2015-10-01T15:03:01","slug":"desde-la-guayana-francesa-weretilneck-expreso-su-orgullo-por-el-nuevo-logro-alcanzado-por-invap","status":"publish","type":"post","link":"https:\/\/patagoniambiental.com.ar\/info\/desde-la-guayana-francesa-weretilneck-expreso-su-orgullo-por-el-nuevo-logro-alcanzado-por-invap\/","title":{"rendered":"Desde la Guayana Francesa, Weretilneck expres\u00f3 su orgullo por el nuevo logro alcanzado por INVAP"},"content":{"rendered":"<p>Guayana Francesa.-El gobernador Alberto Weretilneck presenci\u00f3 esta tarde el lanzamiento del sat\u00e9lite ARSAT-2 en el Centro Espacial de Guayana Francesa.<!--more--><\/p>\n<p>Desde el lugar, el Gobernador transmiti\u00f3 sentir orgullo por el hecho que la empresa rionegrina INVAP \u201chaya sido gran protagonista de este importante logro para el pa\u00eds\u201d.<br \/>\nEl Mandatario rionegrino integra la comitiva oficial rionegrina que ayer lleg\u00f3 a la Guayana Francesa para participar de este trascendental suceso, junto al ministro de Planificaci\u00f3n Federal, Inversi\u00f3n P\u00fablica y Servicios, Julio De Vido; el embajador de Francia en Argentina, Jean Michel Casa; el senador nacional, Miguel Pichetto; el presidente de ARSAT, Mat\u00edas Bianchi Vinelli; y el presidente del Directorio de INVAP, Horacio Osuna, entre otros.<br \/>\nEn este marco, el Gobernador Weretilneck se\u00f1al\u00f3 que \u201cafortunadamente el clima acompa\u00f1\u00f3 y el lanzamiento del sat\u00e9lite construido por nuestra empresa provincial INVAP fue exitoso.\u201d Destac\u00f3 adem\u00e1s que \u201crealmente es una satisfacci\u00f3n enorme como rionegrino el hecho de sentirnos tan bien representados por nuestra empresa de investigaciones aplicadas, pero tambi\u00e9n como Gobernador poder estar aqu\u00ed hoy compartiendo con el mundo este logro argentino que tiene una gran participaci\u00f3n rionegrina\u201d.<br \/>\nAgreg\u00f3 que \u201cesta realidad del ARSAT-2 no solamente representar\u00e1 un salto de calidad a partir de sus prestaciones, sobre todo en comunicaciones, sino que tambi\u00e9n vuelve a poner a INVAP en el centro de atenci\u00f3n del mundo entero como una de las mejores empresas en la materia, lo que sin dudas abre un gran abanico de posibilidades a futuro, para seguir avanzando en este tipo de tecnolog\u00eda\u201d.<br \/>\nWeretilneck sostuvo finalmente: \u201cOrgullo. Esa palabra es la que resume lo que siento en este momento tan especial. Un sentimiento que sin dudas comparten todos y cada uno de los rionegrinos al ver que seguimos trascendiendo las fronteras de nuestra provincia\u201d.<\/p>\n<p>Fuente: Gobierno de Rio Negro<\/p>\n","protected":false},"excerpt":{"rendered":"<p>Guayana Francesa.-El gobernador Alberto Weretilneck presenci\u00f3 esta tarde el lanzamiento del sat\u00e9lite ARSAT-2 en el Centro Espacial de Guayana Francesa.<\/p>\n","protected":false},"author":2,"featured_media":14324,"comment_status":"closed","ping_status":"closed","sticky":false,"template":"","format":"standard","meta":{"site-sidebar-layout":"default","site-content-layout":"","ast-site-content-layout":"default","site-content-style":"default","site-sidebar-style":"default","ast-global-header-display":"","ast-banner-title-visibility":"","ast-main-header-display":"","ast-hfb-above-header-display":"","ast-hfb-below-header-display":"","ast-hfb-mobile-header-display":"","site-post-title":"","ast-breadcrumbs-content":"","ast-featured-img":"","footer-sml-layout":"","ast-disable-related-posts":"","theme-transparent-header-meta":"","adv-header-id-meta":"","stick-header-meta":"","header-above-stick-meta":"","header-main-stick-meta":"","header-below-stick-meta":"","astra-migrate-meta-layouts":"default","ast-page-background-enabled":"default","ast-page-background-meta":{"desktop":{"background-color":"var(--ast-global-color-5)","background-image":"","background-repeat":"repeat","background-position":"center center","background-size":"auto","background-attachment":"scroll","background-type":"","background-media":"","overlay-type":"","overlay-color":"","overlay-opacity":"","overlay-gradient":""},"tablet":{"background-color":"","background-image":"","background-repeat":"repeat","background-position":"center center","background-size":"auto","background-attachment":"scroll","background-type":"","background-media":"","overlay-type":"","overlay-color":"","overlay-opacity":"","overlay-gradient":""},"mobile":{"background-color":"","background-image":"","background-repeat":"repeat","background-position":"center center","background-size":"auto","background-attachment":"scroll","background-type":"","background-media":"","overlay-type":"","overlay-color":"","overlay-opacity":"","overlay-gradient":""}},"ast-content-background-meta":{"desktop":{"background-color":"var(--ast-global-color-4)","background-image":"","background-repeat":"repeat","background-position":"center center","background-size":"auto","background-attachment":"scroll","background-type":"","background-media":"","overlay-type":"","overlay-color":"","overlay-opacity":"","overlay-gradient":""},"tablet":{"background-color":"var(--ast-global-color-4)","background-image":"","background-repeat":"repeat","background-position":"center center","background-size":"auto","background-attachment":"scroll","background-type":"","background-media":"","overlay-type":"","overlay-color":"","overlay-opacity":"","overlay-gradient":""},"mobile":{"background-color":"var(--ast-global-color-4)","background-image":"","background-repeat":"repeat","background-position":"center center","background-size":"auto","background-attachment":"scroll","background-type":"","background-media":"","overlay-type":"","overlay-color":"","overlay-opacity":"","overlay-gradient":""}},"footnotes":""},"categories":[23,1],"tags":[],"class_list":["post-14323","post","type-post","status-publish","format-standard","has-post-thumbnail","hentry","category-internacionales","category-noticias"],"yoast_head":"<!-- This site is optimized with the Yoast SEO Premium plugin v23.0 (Yoast SEO v27.5) - https:\/\/yoast.com\/product\/yoast-seo-premium-wordpress\/ -->\n<title>Desde la Guayana Francesa, Weretilneck expres\u00f3 su orgullo por el nuevo logro alcanzado por INVAP<\/title>\n<meta name=\"robots\" content=\"index, follow, max-snippet:-1, max-image-preview:large, max-video-preview:-1\" \/>\n<link rel=\"canonical\" href=\"https:\/\/patagoniambiental.com.ar\/info\/desde-la-guayana-francesa-weretilneck-expreso-su-orgullo-por-el-nuevo-logro-alcanzado-por-invap\/\" \/>\n<meta property=\"og:locale\" content=\"es_ES\" \/>\n<meta property=\"og:type\" content=\"article\" \/>\n<meta property=\"og:title\" content=\"Desde la Guayana Francesa, Weretilneck expres\u00f3 su orgullo por el nuevo logro alcanzado por INVAP\" \/>\n<meta property=\"og:description\" content=\"Guayana Francesa.-El gobernador Alberto Weretilneck presenci\u00f3 esta tarde el lanzamiento del sat\u00e9lite ARSAT-2 en el Centro Espacial de Guayana Francesa.\" \/>\n<meta property=\"og:url\" content=\"https:\/\/patagoniambiental.com.ar\/info\/desde-la-guayana-francesa-weretilneck-expreso-su-orgullo-por-el-nuevo-logro-alcanzado-por-invap\/\" \/>\n<meta property=\"og:site_name\" content=\"Patagonia Ambiental\" \/>\n<meta property=\"article:publisher\" content=\"https:\/\/www.facebook.com\/patagonia.ambiental\" \/>\n<meta property=\"article:author\" content=\"https:\/\/www.facebook.com\/share\/1C1V8Gv9BX\/?mibextid=qi2Omg\" \/>\n<meta property=\"article:published_time\" content=\"2015-10-01T15:03:01+00:00\" \/>\n<meta name=\"author\" content=\"Patagonia Ambiental\" \/>\n<meta name=\"twitter:card\" content=\"summary_large_image\" \/>\n<meta name=\"twitter:creator\" content=\"@PatAmb\" \/>\n<meta name=\"twitter:site\" content=\"@PatAmb\" \/>\n<script type=\"application\/ld+json\" class=\"yoast-schema-graph\">{\"@context\":\"https:\\\/\\\/schema.org\",\"@graph\":[{\"@type\":\"Article\",\"@id\":\"https:\\\/\\\/patagoniambiental.com.ar\\\/info\\\/desde-la-guayana-francesa-weretilneck-expreso-su-orgullo-por-el-nuevo-logro-alcanzado-por-invap\\\/#article\",\"isPartOf\":{\"@id\":\"https:\\\/\\\/patagoniambiental.com.ar\\\/info\\\/desde-la-guayana-francesa-weretilneck-expreso-su-orgullo-por-el-nuevo-logro-alcanzado-por-invap\\\/\"},\"author\":{\"name\":\"Patagonia Ambiental\",\"@id\":\"https:\\\/\\\/patagoniambiental.com.ar\\\/info\\\/#\\\/schema\\\/person\\\/db12bff64bbcbf6a253710bf0ea37b5d\"},\"headline\":\"Desde la Guayana Francesa, Weretilneck expres\u00f3 su orgullo por el nuevo logro alcanzado por INVAP\",\"datePublished\":\"2015-10-01T15:03:01+00:00\",\"mainEntityOfPage\":{\"@id\":\"https:\\\/\\\/patagoniambiental.com.ar\\\/info\\\/desde-la-guayana-francesa-weretilneck-expreso-su-orgullo-por-el-nuevo-logro-alcanzado-por-invap\\\/\"},\"wordCount\":326,\"publisher\":{\"@id\":\"https:\\\/\\\/patagoniambiental.com.ar\\\/info\\\/#organization\"},\"image\":{\"@id\":\"https:\\\/\\\/patagoniambiental.com.ar\\\/info\\\/desde-la-guayana-francesa-weretilneck-expreso-su-orgullo-por-el-nuevo-logro-alcanzado-por-invap\\\/#primaryimage\"},\"thumbnailUrl\":\"\",\"articleSection\":[\"Internacionales\",\"Noticias\"],\"inLanguage\":\"es\"},{\"@type\":\"WebPage\",\"@id\":\"https:\\\/\\\/patagoniambiental.com.ar\\\/info\\\/desde-la-guayana-francesa-weretilneck-expreso-su-orgullo-por-el-nuevo-logro-alcanzado-por-invap\\\/\",\"url\":\"https:\\\/\\\/patagoniambiental.com.ar\\\/info\\\/desde-la-guayana-francesa-weretilneck-expreso-su-orgullo-por-el-nuevo-logro-alcanzado-por-invap\\\/\",\"name\":\"Desde la Guayana Francesa, Weretilneck expres\u00f3 su orgullo por el nuevo logro alcanzado por INVAP\",\"isPartOf\":{\"@id\":\"https:\\\/\\\/patagoniambiental.com.ar\\\/info\\\/#website\"},\"primaryImageOfPage\":{\"@id\":\"https:\\\/\\\/patagoniambiental.com.ar\\\/info\\\/desde-la-guayana-francesa-weretilneck-expreso-su-orgullo-por-el-nuevo-logro-alcanzado-por-invap\\\/#primaryimage\"},\"image\":{\"@id\":\"https:\\\/\\\/patagoniambiental.com.ar\\\/info\\\/desde-la-guayana-francesa-weretilneck-expreso-su-orgullo-por-el-nuevo-logro-alcanzado-por-invap\\\/#primaryimage\"},\"thumbnailUrl\":\"\",\"datePublished\":\"2015-10-01T15:03:01+00:00\",\"breadcrumb\":{\"@id\":\"https:\\\/\\\/patagoniambiental.com.ar\\\/info\\\/desde-la-guayana-francesa-weretilneck-expreso-su-orgullo-por-el-nuevo-logro-alcanzado-por-invap\\\/#breadcrumb\"},\"inLanguage\":\"es\",\"potentialAction\":[{\"@type\":\"ReadAction\",\"target\":[\"https:\\\/\\\/patagoniambiental.com.ar\\\/info\\\/desde-la-guayana-francesa-weretilneck-expreso-su-orgullo-por-el-nuevo-logro-alcanzado-por-invap\\\/\"]}]},{\"@type\":\"ImageObject\",\"inLanguage\":\"es\",\"@id\":\"https:\\\/\\\/patagoniambiental.com.ar\\\/info\\\/desde-la-guayana-francesa-weretilneck-expreso-su-orgullo-por-el-nuevo-logro-alcanzado-por-invap\\\/#primaryimage\",\"url\":\"\",\"contentUrl\":\"\"},{\"@type\":\"BreadcrumbList\",\"@id\":\"https:\\\/\\\/patagoniambiental.com.ar\\\/info\\\/desde-la-guayana-francesa-weretilneck-expreso-su-orgullo-por-el-nuevo-logro-alcanzado-por-invap\\\/#breadcrumb\",\"itemListElement\":[{\"@type\":\"ListItem\",\"position\":1,\"name\":\"Inicio\",\"item\":\"https:\\\/\\\/patagoniambiental.com.ar\\\/info\\\/\"},{\"@type\":\"ListItem\",\"position\":2,\"name\":\"Desde la Guayana Francesa, Weretilneck expres\u00f3 su orgullo por el nuevo logro alcanzado por INVAP\"}]},{\"@type\":\"WebSite\",\"@id\":\"https:\\\/\\\/patagoniambiental.com.ar\\\/info\\\/#website\",\"url\":\"https:\\\/\\\/patagoniambiental.com.ar\\\/info\\\/\",\"name\":\"Patagonia Ambiental\",\"description\":\"Monitoreo y an\u00e1lisis de la situaci\u00f3n geopol\u00edtica en el mundo y su implicancia en la Patagonia\",\"publisher\":{\"@id\":\"https:\\\/\\\/patagoniambiental.com.ar\\\/info\\\/#organization\"},\"potentialAction\":[{\"@type\":\"SearchAction\",\"target\":{\"@type\":\"EntryPoint\",\"urlTemplate\":\"https:\\\/\\\/patagoniambiental.com.ar\\\/info\\\/?s={search_term_string}\"},\"query-input\":{\"@type\":\"PropertyValueSpecification\",\"valueRequired\":true,\"valueName\":\"search_term_string\"}}],\"inLanguage\":\"es\"},{\"@type\":\"Organization\",\"@id\":\"https:\\\/\\\/patagoniambiental.com.ar\\\/info\\\/#organization\",\"name\":\"Patagonia Ambiental\",\"url\":\"https:\\\/\\\/patagoniambiental.com.ar\\\/info\\\/\",\"logo\":{\"@type\":\"ImageObject\",\"inLanguage\":\"es\",\"@id\":\"https:\\\/\\\/patagoniambiental.com.ar\\\/info\\\/#\\\/schema\\\/logo\\\/image\\\/\",\"url\":\"https:\\\/\\\/patagoniambiental.com.ar\\\/info\\\/wp-content\\\/uploads\\\/2025\\\/05\\\/LOGO-PATAGONIA-AMBIENTAL.png\",\"contentUrl\":\"https:\\\/\\\/patagoniambiental.com.ar\\\/info\\\/wp-content\\\/uploads\\\/2025\\\/05\\\/LOGO-PATAGONIA-AMBIENTAL.png\",\"width\":433,\"height\":250,\"caption\":\"Patagonia Ambiental\"},\"image\":{\"@id\":\"https:\\\/\\\/patagoniambiental.com.ar\\\/info\\\/#\\\/schema\\\/logo\\\/image\\\/\"},\"sameAs\":[\"https:\\\/\\\/www.facebook.com\\\/patagonia.ambiental\",\"https:\\\/\\\/x.com\\\/PatAmb\"]},{\"@type\":\"Person\",\"@id\":\"https:\\\/\\\/patagoniambiental.com.ar\\\/info\\\/#\\\/schema\\\/person\\\/db12bff64bbcbf6a253710bf0ea37b5d\",\"name\":\"Patagonia Ambiental\",\"description\":\"Andr\u00e9s Nievas T\u00e9cnico en manejo ambiental, consultor Ambiental y escritor para medios locales e internacionales sobre temas de geopolitica y medio ambiente.\",\"sameAs\":[\"http:\\\/\\\/www.patagoniambiental.com.ar\",\"https:\\\/\\\/www.facebook.com\\\/share\\\/1C1V8Gv9BX\\\/?mibextid=qi2Omg\",\"@patagoniambiental\",\"https:\\\/\\\/youtube.com\\\/@patagoniaambiental2023?si=BLt58t0wuXquxlYZ\"]}]}<\/script>\n<!-- \/ Yoast SEO Premium plugin. -->","yoast_head_json":{"title":"Desde la Guayana Francesa, Weretilneck expres\u00f3 su orgullo por el nuevo logro alcanzado por INVAP","robots":{"index":"index","follow":"follow","max-snippet":"max-snippet:-1","max-image-preview":"max-image-preview:large","max-video-preview":"max-video-preview:-1"},"canonical":"https:\/\/patagoniambiental.com.ar\/info\/desde-la-guayana-francesa-weretilneck-expreso-su-orgullo-por-el-nuevo-logro-alcanzado-por-invap\/","og_locale":"es_ES","og_type":"article","og_title":"Desde la Guayana Francesa, Weretilneck expres\u00f3 su orgullo por el nuevo logro alcanzado por INVAP","og_description":"Guayana Francesa.-El gobernador Alberto Weretilneck presenci\u00f3 esta tarde el lanzamiento del sat\u00e9lite ARSAT-2 en el Centro Espacial de Guayana Francesa.","og_url":"https:\/\/patagoniambiental.com.ar\/info\/desde-la-guayana-francesa-weretilneck-expreso-su-orgullo-por-el-nuevo-logro-alcanzado-por-invap\/","og_site_name":"Patagonia Ambiental","article_publisher":"https:\/\/www.facebook.com\/patagonia.ambiental","article_author":"https:\/\/www.facebook.com\/share\/1C1V8Gv9BX\/?mibextid=qi2Omg","article_published_time":"2015-10-01T15:03:01+00:00","author":"Patagonia Ambiental","twitter_card":"summary_large_image","twitter_creator":"@PatAmb","twitter_site":"@PatAmb","schema":{"@context":"https:\/\/schema.org","@graph":[{"@type":"Article","@id":"https:\/\/patagoniambiental.com.ar\/info\/desde-la-guayana-francesa-weretilneck-expreso-su-orgullo-por-el-nuevo-logro-alcanzado-por-invap\/#article","isPartOf":{"@id":"https:\/\/patagoniambiental.com.ar\/info\/desde-la-guayana-francesa-weretilneck-expreso-su-orgullo-por-el-nuevo-logro-alcanzado-por-invap\/"},"author":{"name":"Patagonia Ambiental","@id":"https:\/\/patagoniambiental.com.ar\/info\/#\/schema\/person\/db12bff64bbcbf6a253710bf0ea37b5d"},"headline":"Desde la Guayana Francesa, Weretilneck expres\u00f3 su orgullo por el nuevo logro alcanzado por INVAP","datePublished":"2015-10-01T15:03:01+00:00","mainEntityOfPage":{"@id":"https:\/\/patagoniambiental.com.ar\/info\/desde-la-guayana-francesa-weretilneck-expreso-su-orgullo-por-el-nuevo-logro-alcanzado-por-invap\/"},"wordCount":326,"publisher":{"@id":"https:\/\/patagoniambiental.com.ar\/info\/#organization"},"image":{"@id":"https:\/\/patagoniambiental.com.ar\/info\/desde-la-guayana-francesa-weretilneck-expreso-su-orgullo-por-el-nuevo-logro-alcanzado-por-invap\/#primaryimage"},"thumbnailUrl":"","articleSection":["Internacionales","Noticias"],"inLanguage":"es"},{"@type":"WebPage","@id":"https:\/\/patagoniambiental.com.ar\/info\/desde-la-guayana-francesa-weretilneck-expreso-su-orgullo-por-el-nuevo-logro-alcanzado-por-invap\/","url":"https:\/\/patagoniambiental.com.ar\/info\/desde-la-guayana-francesa-weretilneck-expreso-su-orgullo-por-el-nuevo-logro-alcanzado-por-invap\/","name":"Desde la Guayana Francesa, Weretilneck expres\u00f3 su orgullo por el nuevo logro alcanzado por INVAP","isPartOf":{"@id":"https:\/\/patagoniambiental.com.ar\/info\/#website"},"primaryImageOfPage":{"@id":"https:\/\/patagoniambiental.com.ar\/info\/desde-la-guayana-francesa-weretilneck-expreso-su-orgullo-por-el-nuevo-logro-alcanzado-por-invap\/#primaryimage"},"image":{"@id":"https:\/\/patagoniambiental.com.ar\/info\/desde-la-guayana-francesa-weretilneck-expreso-su-orgullo-por-el-nuevo-logro-alcanzado-por-invap\/#primaryimage"},"thumbnailUrl":"","datePublished":"2015-10-01T15:03:01+00:00","breadcrumb":{"@id":"https:\/\/patagoniambiental.com.ar\/info\/desde-la-guayana-francesa-weretilneck-expreso-su-orgullo-por-el-nuevo-logro-alcanzado-por-invap\/#breadcrumb"},"inLanguage":"es","potentialAction":[{"@type":"ReadAction","target":["https:\/\/patagoniambiental.com.ar\/info\/desde-la-guayana-francesa-weretilneck-expreso-su-orgullo-por-el-nuevo-logro-alcanzado-por-invap\/"]}]},{"@type":"ImageObject","inLanguage":"es","@id":"https:\/\/patagoniambiental.com.ar\/info\/desde-la-guayana-francesa-weretilneck-expreso-su-orgullo-por-el-nuevo-logro-alcanzado-por-invap\/#primaryimage","url":"","contentUrl":""},{"@type":"BreadcrumbList","@id":"https:\/\/patagoniambiental.com.ar\/info\/desde-la-guayana-francesa-weretilneck-expreso-su-orgullo-por-el-nuevo-logro-alcanzado-por-invap\/#breadcrumb","itemListElement":[{"@type":"ListItem","position":1,"name":"Inicio","item":"https:\/\/patagoniambiental.com.ar\/info\/"},{"@type":"ListItem","position":2,"name":"Desde la Guayana Francesa, Weretilneck expres\u00f3 su orgullo por el nuevo logro alcanzado por INVAP"}]},{"@type":"WebSite","@id":"https:\/\/patagoniambiental.com.ar\/info\/#website","url":"https:\/\/patagoniambiental.com.ar\/info\/","name":"Patagonia Ambiental","description":"Monitoreo y an\u00e1lisis de la situaci\u00f3n geopol\u00edtica en el mundo y su implicancia en la Patagonia","publisher":{"@id":"https:\/\/patagoniambiental.com.ar\/info\/#organization"},"potentialAction":[{"@type":"SearchAction","target":{"@type":"EntryPoint","urlTemplate":"https:\/\/patagoniambiental.com.ar\/info\/?s={search_term_string}"},"query-input":{"@type":"PropertyValueSpecification","valueRequired":true,"valueName":"search_term_string"}}],"inLanguage":"es"},{"@type":"Organization","@id":"https:\/\/patagoniambiental.com.ar\/info\/#organization","name":"Patagonia Ambiental","url":"https:\/\/patagoniambiental.com.ar\/info\/","logo":{"@type":"ImageObject","inLanguage":"es","@id":"https:\/\/patagoniambiental.com.ar\/info\/#\/schema\/logo\/image\/","url":"https:\/\/patagoniambiental.com.ar\/info\/wp-content\/uploads\/2025\/05\/LOGO-PATAGONIA-AMBIENTAL.png","contentUrl":"https:\/\/patagoniambiental.com.ar\/info\/wp-content\/uploads\/2025\/05\/LOGO-PATAGONIA-AMBIENTAL.png","width":433,"height":250,"caption":"Patagonia Ambiental"},"image":{"@id":"https:\/\/patagoniambiental.com.ar\/info\/#\/schema\/logo\/image\/"},"sameAs":["https:\/\/www.facebook.com\/patagonia.ambiental","https:\/\/x.com\/PatAmb"]},{"@type":"Person","@id":"https:\/\/patagoniambiental.com.ar\/info\/#\/schema\/person\/db12bff64bbcbf6a253710bf0ea37b5d","name":"Patagonia Ambiental","description":"Andr\u00e9s Nievas T\u00e9cnico en manejo ambiental, consultor Ambiental y escritor para medios locales e internacionales sobre temas de geopolitica y medio ambiente.","sameAs":["http:\/\/www.patagoniambiental.com.ar","https:\/\/www.facebook.com\/share\/1C1V8Gv9BX\/?mibextid=qi2Omg","@patagoniambiental","https:\/\/youtube.com\/@patagoniaambiental2023?si=BLt58t0wuXquxlYZ"]}]}},"_links":{"self":[{"href":"https:\/\/patagoniambiental.com.ar\/info\/wp-json\/wp\/v2\/posts\/14323","targetHints":{"allow":["GET"]}}],"collection":[{"href":"https:\/\/patagoniambiental.com.ar\/info\/wp-json\/wp\/v2\/posts"}],"about":[{"href":"https:\/\/patagoniambiental.com.ar\/info\/wp-json\/wp\/v2\/types\/post"}],"author":[{"embeddable":true,"href":"https:\/\/patagoniambiental.com.ar\/info\/wp-json\/wp\/v2\/users\/2"}],"replies":[{"embeddable":true,"href":"https:\/\/patagoniambiental.com.ar\/info\/wp-json\/wp\/v2\/comments?post=14323"}],"version-history":[{"count":0,"href":"https:\/\/patagoniambiental.com.ar\/info\/wp-json\/wp\/v2\/posts\/14323\/revisions"}],"wp:featuredmedia":[{"embeddable":true,"href":"https:\/\/patagoniambiental.com.ar\/info\/wp-json\/"}],"wp:attachment":[{"href":"https:\/\/patagoniambiental.com.ar\/info\/wp-json\/wp\/v2\/media?parent=14323"}],"wp:term":[{"taxonomy":"category","embeddable":true,"href":"https:\/\/patagoniambiental.com.ar\/info\/wp-json\/wp\/v2\/categories?post=14323"},{"taxonomy":"post_tag","embeddable":true,"href":"https:\/\/patagoniambiental.com.ar\/info\/wp-json\/wp\/v2\/tags?post=14323"}],"curies":[{"name":"wp","href":"https:\/\/api.w.org\/{rel}","templated":true}]}}