{"id":14328,"date":"2015-10-01T19:00:12","date_gmt":"2015-10-01T22:00:12","guid":{"rendered":"http:\/\/patagoniambiental.com.ar\/?p=14328"},"modified":"2015-10-01T19:00:12","modified_gmt":"2015-10-01T22:00:12","slug":"comenzo-en-bariloche-el-xxxiiio-encuentro-del-comite-de-integracion-region-de-los-lagos","status":"publish","type":"post","link":"https:\/\/patagoniambiental.com.ar\/info\/comenzo-en-bariloche-el-xxxiiio-encuentro-del-comite-de-integracion-region-de-los-lagos\/","title":{"rendered":"Comenz\u00f3 en Bariloche el XXXIII\u00ba Encuentro del Comit\u00e9 de Integraci\u00f3n Regi\u00f3n de los Lagos"},"content":{"rendered":"<p>San Carlos de Bariloche.-El Gobierno Provincial fue anfitri\u00f3n en la apertura del XXXIIII\u00ba Encuentro del Comit\u00e9 de Integraci\u00f3n \u00abRegi\u00f3n de los Lagos\u00bb, que se desarrolla en Bariloche entre hoy y ma\u00f1ana reuniendo a autoridades de Chile y Argentina para el abordaje de la tem\u00e1tica <a href=\"https:\/\/www.flickr.com\/photos\/comunicacionrionegro\/sets\/72157659346093375\" target=\"_blank\"><strong>[Ver im\u00e1genes]<\/strong><\/a><\/p>\n<p><!--more--><\/p>\n<p>Presidi\u00f3 el acto, el vicegobernador Pedro Pesatti, junto al embajador de la Rep\u00fablica Argentina en Chile, Gines Gonz\u00e1lez Garc\u00eda; y al embajador de Chile en Argentina, Jos\u00e9 Antonio Viera Gallo. Asimismo se encontraban presentes los ministros de Obras y Servicios P\u00fablicos, Carlos Valeri, y de Turismo, Cultura y Deportes, Mariana Giachino; el secretario General de la Gobernaci\u00f3n, Mat\u00edas Rulli; la gobernadora provincial de Valdivia, Patricia Morano Buchner; el gobernador provincial de Llanquihue, Juan Carlos Gallardo; el gobernador de Osorno, Gustavo Salvo; el intendente de la regi\u00f3n de B\u00edo B\u00edo, Rodrigo D\u00edaz Worner; la intendenta de Bariloche, Mar\u00eda Eugenia Martini; el subsecretario del Consejo de Planificaci\u00f3n y Acci\u00f3n para el Desarrollo (COPADE) de Neuqu\u00e9n, Sebasti\u00e1n Gonz\u00e1lez; las legisladoras Arabela Carreras, Silvia Paz y Beatriz Contreras; y funcionarios locales, provinciales y regionales.<\/p>\n<p>En ese marco, el Vicegobernador Pesatti mencion\u00f3 que \u201ces importante estudiar la historia de la palabra integraci\u00f3n, ya que presupone que algo antes form\u00f3 un todo que por distintas circunstancias se fue desintegrando y que luego se fue reconstruyendo. Es ese el proceso que hoy nos une aqu\u00ed\u201d.<\/p>\n<p>Se\u00f1al\u00f3 que \u201clos procesos de integraci\u00f3n son lentos si medimos los tiempos de la historia en los tiempos personales. Pero si uno compara, ha sido veloz desde el punto de vista de la construcci\u00f3n que se ha dado en los \u00faltimos a\u00f1os. Hemos construido m\u00e1s integraci\u00f3n entre argentinos y chilenos y hemos fortalecido ese proceso\u201d.<\/p>\n<p>Respecto al encuentro, dijo que \u201cen estos \u00e1mbitos tenemos que pensar en las infraestructuras y las grandes oportunidades que nos presenta el mundo actual. Oportunidades que nos da la enorme potencialidad de la regi\u00f3n como son la energ\u00eda y el turismo\u201d.<\/p>\n<p>Por \u00faltimo, sostuvo que \u201cdebemos garantizar la independencia de las patrias en estos tiempos y la ciencia la tecnolog\u00eda y el conocimiento tienen que ser fundamentales en nuestra integraci\u00f3n\u201d.<\/p>\n<p>Por su parte, Gines Gonz\u00e1lez Garc\u00eda, indic\u00f3 que \u201cno puede dejar de mirar el camino transitado, siempre estas reuniones traen avances, adem\u00e1s es tan importante escuchar a las regiones, c\u00f3mo piensan, qu\u00e9 podemos mejorar, construyendo, reunirnos y ver qu\u00e9 podemos hacer. Esta es la intensi\u00f3n, una diplomacia nacional formidable e integral como la de Argentina y Chile\u201d.<\/p>\n<p>A su turno, Jos\u00e9 Antonio Viera Gallo, expres\u00f3 sobre el encuentro que \u201clo importante es poner una \u00f3ptica para mirar a Argentina y Chile como dos realidades complementarias, que en la medida que se estrechan son una unidad de equilibrio para Latinoam\u00e9rica\u201d.<br \/>\n\u201cEn definitiva se trata de abrir perspectivas para que ambos pa\u00edses vivan mucho mejor\u201d, concluy\u00f3.<\/p>\n<p><strong>Comisiones de trabajo<\/strong><\/p>\n<p>El Encuentro se organiza en las siguientes comisiones de trabajo: Comisi\u00f3n de Facilitaci\u00f3n Fronteriza; Comisi\u00f3n de Infraestructura y Transporte; Comisi\u00f3n de Comercio, Producci\u00f3n y Turismo; Comisi\u00f3n de Medio Ambiente y Recursos Naturales; Comisi\u00f3n de Ciencia y Tecnolog\u00eda; Mesa de Universidades; Comisi\u00f3n de Asuntos Sociales; Comisi\u00f3n de Cooperaci\u00f3n Policial; Comisi\u00f3n de G\u00e9nero y Pol\u00edticas P\u00fablicas; Comisi\u00f3n de Di\u00e1logo Pol\u00edtico.<\/p>\n<p>La comisi\u00f3n de facilitaci\u00f3n fronteriza, cuenta con la subcomisi\u00f3n fitozoosanitaria, la subcomisi\u00f3n de temas aduaneros, la subcomisi\u00f3n de temas migratorios, la subcomisi\u00f3n de Coordinaci\u00f3n y Cooperaci\u00f3n Policial y la subcomisi\u00f3n de temas Mar\u00edtimos y Portuarios.<\/p>\n<p>Por su parte la comisi\u00f3n de Infraestructura y Transporte se abordar\u00e1 el estado de avance de la conectividad vial en el paso internacional El Manso \u2013 El Le\u00f3n y el Paso Puelo. Informaci\u00f3n sobre los avances y alcance del Plan Maestro de Pasos Fronterizos horizonte 2030. Y el Plan de conectividad a\u00e9rea que vincule los aeropuertos m\u00e1s importantes de toda la regi\u00f3n binacional del Eje Sur, entre otros temas.<\/p>\n<p>En la comisi\u00f3n de Comercio, Producci\u00f3n y Turismo, se abordar\u00e1n temas tales como la vinculaci\u00f3n con organismos de apoyo a Pymes, tanto de las provincias argentina que conforman el Eje Sur de Integraci\u00f3n como de las diferentes Regiones Chilenas para la realizaci\u00f3n de una agenda de trabajo en conjunto. Y detectar sectores con potencial y realizar encuentros binacional para informar los requisitos espec\u00edficos para exportar-importar y poner en contacto a las partes interesadas. Gestionar ante las autoridades de transporte la facilitaci\u00f3n de la operaci\u00f3n de transportistas privados de turistas en la macro regi\u00f3n en las distintas modalidades de acuerdo a la Ley 26902 (modificatoria de la Ley 26654) sobre transporte tur\u00edstico en el Corredor de Los Lagos. Potenciar el desarrollo tur\u00edstico de la Comarca Andina del Paralelo 42 que ser\u00e1 impulsada por la apertura de los Pasos Manso y paso Puelo conformando de esta forma un circuito tur\u00edstico integrado, entre otros.<\/p>\n<p>En la comisi\u00f3n de Medio Ambiente y Recursos Naturales, los temas en agenda ser\u00e1n el estado actual de los Planes de Gesti\u00f3n de la Reserva de Bi\u00f3sfera Binacional, el manejo de especies ex\u00f3ticas invasoras. Elaborar mapas georeferenciados binacionales de presencia del alga didymo, entre otros.<br \/>\nEn tanto, la comisi\u00f3n de Asuntos Sociales, se encuentra integrada por la subcomisi\u00f3n de Salud y Emergencia, la subcomisi\u00f3n de Deportes, y la subcomisi\u00f3n de Educaci\u00f3n y Cultura.<\/p>\n<p>A su vez la comisi\u00f3n de Ciencia y Tecnolog\u00eda trabajar\u00e1 sobre la posibilidad de ejecutar convenios entre Universidades, Centros de Investigaci\u00f3n de ambos pa\u00edses a efectos de generar nuevas oportunidades educativas y de investigaci\u00f3n.<\/p>\n<p>A su vez la comisi\u00f3n de G\u00e9nero y Pol\u00edticas P\u00fablicas abordar\u00e1 la elaboraci\u00f3n de protocolos de actuaci\u00f3n conjunta sobre la trata de personas y pol\u00edticas de migraci\u00f3n y fronteras. La comisi\u00f3n de Di\u00e1logo Pol\u00edtico, formular\u00e1 una agenda com\u00fan de trabajo con el Parlamento Patag\u00f3nico a fin de dar tratamiento a temas inherentes a la integraci\u00f3n binacional. Y por \u00faltimo la comisi\u00f3n de Cooperaci\u00f3n Judicial, abordar\u00e1 temas relacionados a la trata de personas.<\/p>\n<p>El acto de clausura del XXXIIII\u00ba Encuentro del Comit\u00e9 de Integraci\u00f3n \u201cRegi\u00f3n de los Lagos\u201d est\u00e1 previsto para ma\u00f1ana 2 -a las 12-, momento en que se leer\u00e1 el Acta Final.<\/p>\n<p>Fuente: Gobierno de Rio Negro<\/p>\n","protected":false},"excerpt":{"rendered":"<p>San Carlos de Bariloche.-El Gobierno Provincial fue anfitri\u00f3n en la apertura del XXXIIII\u00ba Encuentro del Comit\u00e9 de Integraci\u00f3n \u00abRegi\u00f3n de [&hellip;]<\/p>\n","protected":false},"author":2,"featured_media":14329,"comment_status":"closed","ping_status":"closed","sticky":false,"template":"","format":"standard","meta":{"site-sidebar-layout":"default","site-content-layout":"","ast-site-content-layout":"default","site-content-style":"default","site-sidebar-style":"default","ast-global-header-display":"","ast-banner-title-visibility":"","ast-main-header-display":"","ast-hfb-above-header-display":"","ast-hfb-below-header-display":"","ast-hfb-mobile-header-display":"","site-post-title":"","ast-breadcrumbs-content":"","ast-featured-img":"","footer-sml-layout":"","ast-disable-related-posts":"","theme-transparent-header-meta":"","adv-header-id-meta":"","stick-header-meta":"","header-above-stick-meta":"","header-main-stick-meta":"","header-below-stick-meta":"","astra-migrate-meta-layouts":"default","ast-page-background-enabled":"default","ast-page-background-meta":{"desktop":{"background-color":"var(--ast-global-color-5)","background-image":"","background-repeat":"repeat","background-position":"center center","background-size":"auto","background-attachment":"scroll","background-type":"","background-media":"","overlay-type":"","overlay-color":"","overlay-opacity":"","overlay-gradient":""},"tablet":{"background-color":"","background-image":"","background-repeat":"repeat","background-position":"center center","background-size":"auto","background-attachment":"scroll","background-type":"","background-media":"","overlay-type":"","overlay-color":"","overlay-opacity":"","overlay-gradient":""},"mobile":{"background-color":"","background-image":"","background-repeat":"repeat","background-position":"center center","background-size":"auto","background-attachment":"scroll","background-type":"","background-media":"","overlay-type":"","overlay-color":"","overlay-opacity":"","overlay-gradient":""}},"ast-content-background-meta":{"desktop":{"background-color":"var(--ast-global-color-4)","background-image":"","background-repeat":"repeat","background-position":"center center","background-size":"auto","background-attachment":"scroll","background-type":"","background-media":"","overlay-type":"","overlay-color":"","overlay-opacity":"","overlay-gradient":""},"tablet":{"background-color":"var(--ast-global-color-4)","background-image":"","background-repeat":"repeat","background-position":"center center","background-size":"auto","background-attachment":"scroll","background-type":"","background-media":"","overlay-type":"","overlay-color":"","overlay-opacity":"","overlay-gradient":""},"mobile":{"background-color":"var(--ast-global-color-4)","background-image":"","background-repeat":"repeat","background-position":"center center","background-size":"auto","background-attachment":"scroll","background-type":"","background-media":"","overlay-type":"","overlay-color":"","overlay-opacity":"","overlay-gradient":""}},"footnotes":""},"categories":[12,1],"tags":[],"class_list":["post-14328","post","type-post","status-publish","format-standard","has-post-thumbnail","hentry","category-agenda-ambiental","category-noticias"],"yoast_head":"<!-- This site is optimized with the Yoast SEO Premium plugin v23.0 (Yoast SEO v27.5) - https:\/\/yoast.com\/product\/yoast-seo-premium-wordpress\/ -->\n<title>Comenz\u00f3 en Bariloche el XXXIII\u00ba Encuentro del Comit\u00e9 de Integraci\u00f3n Regi\u00f3n de los Lagos<\/title>\n<meta name=\"robots\" content=\"index, follow, max-snippet:-1, max-image-preview:large, max-video-preview:-1\" \/>\n<link rel=\"canonical\" href=\"https:\/\/patagoniambiental.com.ar\/info\/comenzo-en-bariloche-el-xxxiiio-encuentro-del-comite-de-integracion-region-de-los-lagos\/\" \/>\n<meta property=\"og:locale\" content=\"es_ES\" \/>\n<meta property=\"og:type\" content=\"article\" \/>\n<meta property=\"og:title\" content=\"Comenz\u00f3 en Bariloche el XXXIII\u00ba Encuentro del Comit\u00e9 de Integraci\u00f3n Regi\u00f3n de los Lagos\" \/>\n<meta property=\"og:description\" content=\"San Carlos de Bariloche.-El Gobierno Provincial fue anfitri\u00f3n en la apertura del XXXIIII\u00ba Encuentro del Comit\u00e9 de Integraci\u00f3n \u00abRegi\u00f3n de [&hellip;]\" \/>\n<meta property=\"og:url\" content=\"https:\/\/patagoniambiental.com.ar\/info\/comenzo-en-bariloche-el-xxxiiio-encuentro-del-comite-de-integracion-region-de-los-lagos\/\" \/>\n<meta property=\"og:site_name\" content=\"Patagonia Ambiental\" \/>\n<meta property=\"article:publisher\" content=\"https:\/\/www.facebook.com\/patagonia.ambiental\" \/>\n<meta property=\"article:author\" content=\"https:\/\/www.facebook.com\/share\/1C1V8Gv9BX\/?mibextid=qi2Omg\" \/>\n<meta property=\"article:published_time\" content=\"2015-10-01T22:00:12+00:00\" \/>\n<meta name=\"author\" content=\"Patagonia Ambiental\" \/>\n<meta name=\"twitter:card\" content=\"summary_large_image\" \/>\n<meta name=\"twitter:creator\" content=\"@PatAmb\" \/>\n<meta name=\"twitter:site\" content=\"@PatAmb\" \/>\n<script type=\"application\/ld+json\" class=\"yoast-schema-graph\">{\"@context\":\"https:\\\/\\\/schema.org\",\"@graph\":[{\"@type\":\"Article\",\"@id\":\"https:\\\/\\\/patagoniambiental.com.ar\\\/info\\\/comenzo-en-bariloche-el-xxxiiio-encuentro-del-comite-de-integracion-region-de-los-lagos\\\/#article\",\"isPartOf\":{\"@id\":\"https:\\\/\\\/patagoniambiental.com.ar\\\/info\\\/comenzo-en-bariloche-el-xxxiiio-encuentro-del-comite-de-integracion-region-de-los-lagos\\\/\"},\"author\":{\"name\":\"Patagonia Ambiental\",\"@id\":\"https:\\\/\\\/patagoniambiental.com.ar\\\/info\\\/#\\\/schema\\\/person\\\/db12bff64bbcbf6a253710bf0ea37b5d\"},\"headline\":\"Comenz\u00f3 en Bariloche el XXXIII\u00ba Encuentro del Comit\u00e9 de Integraci\u00f3n Regi\u00f3n de los Lagos\",\"datePublished\":\"2015-10-01T22:00:12+00:00\",\"mainEntityOfPage\":{\"@id\":\"https:\\\/\\\/patagoniambiental.com.ar\\\/info\\\/comenzo-en-bariloche-el-xxxiiio-encuentro-del-comite-de-integracion-region-de-los-lagos\\\/\"},\"wordCount\":1126,\"publisher\":{\"@id\":\"https:\\\/\\\/patagoniambiental.com.ar\\\/info\\\/#organization\"},\"image\":{\"@id\":\"https:\\\/\\\/patagoniambiental.com.ar\\\/info\\\/comenzo-en-bariloche-el-xxxiiio-encuentro-del-comite-de-integracion-region-de-los-lagos\\\/#primaryimage\"},\"thumbnailUrl\":\"\",\"articleSection\":[\"Agenda Ambiental\",\"Noticias\"],\"inLanguage\":\"es\"},{\"@type\":\"WebPage\",\"@id\":\"https:\\\/\\\/patagoniambiental.com.ar\\\/info\\\/comenzo-en-bariloche-el-xxxiiio-encuentro-del-comite-de-integracion-region-de-los-lagos\\\/\",\"url\":\"https:\\\/\\\/patagoniambiental.com.ar\\\/info\\\/comenzo-en-bariloche-el-xxxiiio-encuentro-del-comite-de-integracion-region-de-los-lagos\\\/\",\"name\":\"Comenz\u00f3 en Bariloche el XXXIII\u00ba Encuentro del Comit\u00e9 de Integraci\u00f3n Regi\u00f3n de los Lagos\",\"isPartOf\":{\"@id\":\"https:\\\/\\\/patagoniambiental.com.ar\\\/info\\\/#website\"},\"primaryImageOfPage\":{\"@id\":\"https:\\\/\\\/patagoniambiental.com.ar\\\/info\\\/comenzo-en-bariloche-el-xxxiiio-encuentro-del-comite-de-integracion-region-de-los-lagos\\\/#primaryimage\"},\"image\":{\"@id\":\"https:\\\/\\\/patagoniambiental.com.ar\\\/info\\\/comenzo-en-bariloche-el-xxxiiio-encuentro-del-comite-de-integracion-region-de-los-lagos\\\/#primaryimage\"},\"thumbnailUrl\":\"\",\"datePublished\":\"2015-10-01T22:00:12+00:00\",\"breadcrumb\":{\"@id\":\"https:\\\/\\\/patagoniambiental.com.ar\\\/info\\\/comenzo-en-bariloche-el-xxxiiio-encuentro-del-comite-de-integracion-region-de-los-lagos\\\/#breadcrumb\"},\"inLanguage\":\"es\",\"potentialAction\":[{\"@type\":\"ReadAction\",\"target\":[\"https:\\\/\\\/patagoniambiental.com.ar\\\/info\\\/comenzo-en-bariloche-el-xxxiiio-encuentro-del-comite-de-integracion-region-de-los-lagos\\\/\"]}]},{\"@type\":\"ImageObject\",\"inLanguage\":\"es\",\"@id\":\"https:\\\/\\\/patagoniambiental.com.ar\\\/info\\\/comenzo-en-bariloche-el-xxxiiio-encuentro-del-comite-de-integracion-region-de-los-lagos\\\/#primaryimage\",\"url\":\"\",\"contentUrl\":\"\"},{\"@type\":\"BreadcrumbList\",\"@id\":\"https:\\\/\\\/patagoniambiental.com.ar\\\/info\\\/comenzo-en-bariloche-el-xxxiiio-encuentro-del-comite-de-integracion-region-de-los-lagos\\\/#breadcrumb\",\"itemListElement\":[{\"@type\":\"ListItem\",\"position\":1,\"name\":\"Inicio\",\"item\":\"https:\\\/\\\/patagoniambiental.com.ar\\\/info\\\/\"},{\"@type\":\"ListItem\",\"position\":2,\"name\":\"Comenz\u00f3 en Bariloche el XXXIII\u00ba Encuentro del Comit\u00e9 de Integraci\u00f3n Regi\u00f3n de los Lagos\"}]},{\"@type\":\"WebSite\",\"@id\":\"https:\\\/\\\/patagoniambiental.com.ar\\\/info\\\/#website\",\"url\":\"https:\\\/\\\/patagoniambiental.com.ar\\\/info\\\/\",\"name\":\"Patagonia Ambiental\",\"description\":\"Monitoreo y an\u00e1lisis de la situaci\u00f3n geopol\u00edtica en el mundo y su implicancia en la Patagonia\",\"publisher\":{\"@id\":\"https:\\\/\\\/patagoniambiental.com.ar\\\/info\\\/#organization\"},\"potentialAction\":[{\"@type\":\"SearchAction\",\"target\":{\"@type\":\"EntryPoint\",\"urlTemplate\":\"https:\\\/\\\/patagoniambiental.com.ar\\\/info\\\/?s={search_term_string}\"},\"query-input\":{\"@type\":\"PropertyValueSpecification\",\"valueRequired\":true,\"valueName\":\"search_term_string\"}}],\"inLanguage\":\"es\"},{\"@type\":\"Organization\",\"@id\":\"https:\\\/\\\/patagoniambiental.com.ar\\\/info\\\/#organization\",\"name\":\"Patagonia Ambiental\",\"url\":\"https:\\\/\\\/patagoniambiental.com.ar\\\/info\\\/\",\"logo\":{\"@type\":\"ImageObject\",\"inLanguage\":\"es\",\"@id\":\"https:\\\/\\\/patagoniambiental.com.ar\\\/info\\\/#\\\/schema\\\/logo\\\/image\\\/\",\"url\":\"https:\\\/\\\/patagoniambiental.com.ar\\\/info\\\/wp-content\\\/uploads\\\/2025\\\/05\\\/LOGO-PATAGONIA-AMBIENTAL.png\",\"contentUrl\":\"https:\\\/\\\/patagoniambiental.com.ar\\\/info\\\/wp-content\\\/uploads\\\/2025\\\/05\\\/LOGO-PATAGONIA-AMBIENTAL.png\",\"width\":433,\"height\":250,\"caption\":\"Patagonia Ambiental\"},\"image\":{\"@id\":\"https:\\\/\\\/patagoniambiental.com.ar\\\/info\\\/#\\\/schema\\\/logo\\\/image\\\/\"},\"sameAs\":[\"https:\\\/\\\/www.facebook.com\\\/patagonia.ambiental\",\"https:\\\/\\\/x.com\\\/PatAmb\"]},{\"@type\":\"Person\",\"@id\":\"https:\\\/\\\/patagoniambiental.com.ar\\\/info\\\/#\\\/schema\\\/person\\\/db12bff64bbcbf6a253710bf0ea37b5d\",\"name\":\"Patagonia Ambiental\",\"description\":\"Andr\u00e9s Nievas T\u00e9cnico en manejo ambiental, consultor Ambiental y escritor para medios locales e internacionales sobre temas de geopolitica y medio ambiente.\",\"sameAs\":[\"http:\\\/\\\/www.patagoniambiental.com.ar\",\"https:\\\/\\\/www.facebook.com\\\/share\\\/1C1V8Gv9BX\\\/?mibextid=qi2Omg\",\"@patagoniambiental\",\"https:\\\/\\\/youtube.com\\\/@patagoniaambiental2023?si=BLt58t0wuXquxlYZ\"]}]}<\/script>\n<!-- \/ Yoast SEO Premium plugin. -->","yoast_head_json":{"title":"Comenz\u00f3 en Bariloche el XXXIII\u00ba Encuentro del Comit\u00e9 de Integraci\u00f3n Regi\u00f3n de los Lagos","robots":{"index":"index","follow":"follow","max-snippet":"max-snippet:-1","max-image-preview":"max-image-preview:large","max-video-preview":"max-video-preview:-1"},"canonical":"https:\/\/patagoniambiental.com.ar\/info\/comenzo-en-bariloche-el-xxxiiio-encuentro-del-comite-de-integracion-region-de-los-lagos\/","og_locale":"es_ES","og_type":"article","og_title":"Comenz\u00f3 en Bariloche el XXXIII\u00ba Encuentro del Comit\u00e9 de Integraci\u00f3n Regi\u00f3n de los Lagos","og_description":"San Carlos de Bariloche.-El Gobierno Provincial fue anfitri\u00f3n en la apertura del XXXIIII\u00ba Encuentro del Comit\u00e9 de Integraci\u00f3n \u00abRegi\u00f3n de [&hellip;]","og_url":"https:\/\/patagoniambiental.com.ar\/info\/comenzo-en-bariloche-el-xxxiiio-encuentro-del-comite-de-integracion-region-de-los-lagos\/","og_site_name":"Patagonia Ambiental","article_publisher":"https:\/\/www.facebook.com\/patagonia.ambiental","article_author":"https:\/\/www.facebook.com\/share\/1C1V8Gv9BX\/?mibextid=qi2Omg","article_published_time":"2015-10-01T22:00:12+00:00","author":"Patagonia Ambiental","twitter_card":"summary_large_image","twitter_creator":"@PatAmb","twitter_site":"@PatAmb","schema":{"@context":"https:\/\/schema.org","@graph":[{"@type":"Article","@id":"https:\/\/patagoniambiental.com.ar\/info\/comenzo-en-bariloche-el-xxxiiio-encuentro-del-comite-de-integracion-region-de-los-lagos\/#article","isPartOf":{"@id":"https:\/\/patagoniambiental.com.ar\/info\/comenzo-en-bariloche-el-xxxiiio-encuentro-del-comite-de-integracion-region-de-los-lagos\/"},"author":{"name":"Patagonia Ambiental","@id":"https:\/\/patagoniambiental.com.ar\/info\/#\/schema\/person\/db12bff64bbcbf6a253710bf0ea37b5d"},"headline":"Comenz\u00f3 en Bariloche el XXXIII\u00ba Encuentro del Comit\u00e9 de Integraci\u00f3n Regi\u00f3n de los Lagos","datePublished":"2015-10-01T22:00:12+00:00","mainEntityOfPage":{"@id":"https:\/\/patagoniambiental.com.ar\/info\/comenzo-en-bariloche-el-xxxiiio-encuentro-del-comite-de-integracion-region-de-los-lagos\/"},"wordCount":1126,"publisher":{"@id":"https:\/\/patagoniambiental.com.ar\/info\/#organization"},"image":{"@id":"https:\/\/patagoniambiental.com.ar\/info\/comenzo-en-bariloche-el-xxxiiio-encuentro-del-comite-de-integracion-region-de-los-lagos\/#primaryimage"},"thumbnailUrl":"","articleSection":["Agenda Ambiental","Noticias"],"inLanguage":"es"},{"@type":"WebPage","@id":"https:\/\/patagoniambiental.com.ar\/info\/comenzo-en-bariloche-el-xxxiiio-encuentro-del-comite-de-integracion-region-de-los-lagos\/","url":"https:\/\/patagoniambiental.com.ar\/info\/comenzo-en-bariloche-el-xxxiiio-encuentro-del-comite-de-integracion-region-de-los-lagos\/","name":"Comenz\u00f3 en Bariloche el XXXIII\u00ba Encuentro del Comit\u00e9 de Integraci\u00f3n Regi\u00f3n de los Lagos","isPartOf":{"@id":"https:\/\/patagoniambiental.com.ar\/info\/#website"},"primaryImageOfPage":{"@id":"https:\/\/patagoniambiental.com.ar\/info\/comenzo-en-bariloche-el-xxxiiio-encuentro-del-comite-de-integracion-region-de-los-lagos\/#primaryimage"},"image":{"@id":"https:\/\/patagoniambiental.com.ar\/info\/comenzo-en-bariloche-el-xxxiiio-encuentro-del-comite-de-integracion-region-de-los-lagos\/#primaryimage"},"thumbnailUrl":"","datePublished":"2015-10-01T22:00:12+00:00","breadcrumb":{"@id":"https:\/\/patagoniambiental.com.ar\/info\/comenzo-en-bariloche-el-xxxiiio-encuentro-del-comite-de-integracion-region-de-los-lagos\/#breadcrumb"},"inLanguage":"es","potentialAction":[{"@type":"ReadAction","target":["https:\/\/patagoniambiental.com.ar\/info\/comenzo-en-bariloche-el-xxxiiio-encuentro-del-comite-de-integracion-region-de-los-lagos\/"]}]},{"@type":"ImageObject","inLanguage":"es","@id":"https:\/\/patagoniambiental.com.ar\/info\/comenzo-en-bariloche-el-xxxiiio-encuentro-del-comite-de-integracion-region-de-los-lagos\/#primaryimage","url":"","contentUrl":""},{"@type":"BreadcrumbList","@id":"https:\/\/patagoniambiental.com.ar\/info\/comenzo-en-bariloche-el-xxxiiio-encuentro-del-comite-de-integracion-region-de-los-lagos\/#breadcrumb","itemListElement":[{"@type":"ListItem","position":1,"name":"Inicio","item":"https:\/\/patagoniambiental.com.ar\/info\/"},{"@type":"ListItem","position":2,"name":"Comenz\u00f3 en Bariloche el XXXIII\u00ba Encuentro del Comit\u00e9 de Integraci\u00f3n Regi\u00f3n de los Lagos"}]},{"@type":"WebSite","@id":"https:\/\/patagoniambiental.com.ar\/info\/#website","url":"https:\/\/patagoniambiental.com.ar\/info\/","name":"Patagonia Ambiental","description":"Monitoreo y an\u00e1lisis de la situaci\u00f3n geopol\u00edtica en el mundo y su implicancia en la Patagonia","publisher":{"@id":"https:\/\/patagoniambiental.com.ar\/info\/#organization"},"potentialAction":[{"@type":"SearchAction","target":{"@type":"EntryPoint","urlTemplate":"https:\/\/patagoniambiental.com.ar\/info\/?s={search_term_string}"},"query-input":{"@type":"PropertyValueSpecification","valueRequired":true,"valueName":"search_term_string"}}],"inLanguage":"es"},{"@type":"Organization","@id":"https:\/\/patagoniambiental.com.ar\/info\/#organization","name":"Patagonia Ambiental","url":"https:\/\/patagoniambiental.com.ar\/info\/","logo":{"@type":"ImageObject","inLanguage":"es","@id":"https:\/\/patagoniambiental.com.ar\/info\/#\/schema\/logo\/image\/","url":"https:\/\/patagoniambiental.com.ar\/info\/wp-content\/uploads\/2025\/05\/LOGO-PATAGONIA-AMBIENTAL.png","contentUrl":"https:\/\/patagoniambiental.com.ar\/info\/wp-content\/uploads\/2025\/05\/LOGO-PATAGONIA-AMBIENTAL.png","width":433,"height":250,"caption":"Patagonia Ambiental"},"image":{"@id":"https:\/\/patagoniambiental.com.ar\/info\/#\/schema\/logo\/image\/"},"sameAs":["https:\/\/www.facebook.com\/patagonia.ambiental","https:\/\/x.com\/PatAmb"]},{"@type":"Person","@id":"https:\/\/patagoniambiental.com.ar\/info\/#\/schema\/person\/db12bff64bbcbf6a253710bf0ea37b5d","name":"Patagonia Ambiental","description":"Andr\u00e9s Nievas T\u00e9cnico en manejo ambiental, consultor Ambiental y escritor para medios locales e internacionales sobre temas de geopolitica y medio ambiente.","sameAs":["http:\/\/www.patagoniambiental.com.ar","https:\/\/www.facebook.com\/share\/1C1V8Gv9BX\/?mibextid=qi2Omg","@patagoniambiental","https:\/\/youtube.com\/@patagoniaambiental2023?si=BLt58t0wuXquxlYZ"]}]}},"_links":{"self":[{"href":"https:\/\/patagoniambiental.com.ar\/info\/wp-json\/wp\/v2\/posts\/14328","targetHints":{"allow":["GET"]}}],"collection":[{"href":"https:\/\/patagoniambiental.com.ar\/info\/wp-json\/wp\/v2\/posts"}],"about":[{"href":"https:\/\/patagoniambiental.com.ar\/info\/wp-json\/wp\/v2\/types\/post"}],"author":[{"embeddable":true,"href":"https:\/\/patagoniambiental.com.ar\/info\/wp-json\/wp\/v2\/users\/2"}],"replies":[{"embeddable":true,"href":"https:\/\/patagoniambiental.com.ar\/info\/wp-json\/wp\/v2\/comments?post=14328"}],"version-history":[{"count":0,"href":"https:\/\/patagoniambiental.com.ar\/info\/wp-json\/wp\/v2\/posts\/14328\/revisions"}],"wp:featuredmedia":[{"embeddable":true,"href":"https:\/\/patagoniambiental.com.ar\/info\/wp-json\/"}],"wp:attachment":[{"href":"https:\/\/patagoniambiental.com.ar\/info\/wp-json\/wp\/v2\/media?parent=14328"}],"wp:term":[{"taxonomy":"category","embeddable":true,"href":"https:\/\/patagoniambiental.com.ar\/info\/wp-json\/wp\/v2\/categories?post=14328"},{"taxonomy":"post_tag","embeddable":true,"href":"https:\/\/patagoniambiental.com.ar\/info\/wp-json\/wp\/v2\/tags?post=14328"}],"curies":[{"name":"wp","href":"https:\/\/api.w.org\/{rel}","templated":true}]}}