{"id":14331,"date":"2015-10-01T19:00:24","date_gmt":"2015-10-01T22:00:24","guid":{"rendered":"http:\/\/patagoniambiental.com.ar\/?p=14331"},"modified":"2015-10-01T19:00:24","modified_gmt":"2015-10-01T22:00:24","slug":"la-sayds-se-reunio-con-referentes-de-iapg-para-delinear-tareas-en-conjunto","status":"publish","type":"post","link":"https:\/\/patagoniambiental.com.ar\/info\/la-sayds-se-reunio-con-referentes-de-iapg-para-delinear-tareas-en-conjunto\/","title":{"rendered":"La SAyDS se reuni\u00f3 con referentes de IAPG para delinear tareas en conjunto"},"content":{"rendered":"<p>Viedma.-Personal de la Secretar\u00eda de Ambiente y Desarrollo Sustentable (SAyDS) se reuni\u00f3 con referentes de distintas \u00e1reas del Instituto Argentino del Petr\u00f3leo y Gas (IAPG), con quienes en pocos d\u00edas m\u00e1s firmar\u00e1n<!--more--><\/p>\n<p>un convenio marco de trabajo interno para el desarrollo de diferentes propuestas, en el \u00e1mbito de educaci\u00f3n ambiental y de capacitaciones tanto para el personal t\u00e9cnico de SAyDS como de la comunidad en general.<\/p>\n<p>El encuentro se desarroll\u00f3 en la ma\u00f1ana del jueves con el Coordinador del Grupo de Comunicaci\u00f3n de Hidrocarburos No Convencionales, Fernando Halperin y con Carina Oliveto, referente del \u00e1rea de Programas Educativos del mencionado Instituto.<\/p>\n<p>IAPG es una asociaci\u00f3n civil sin fines de lucro que organiza en todo el pa\u00eds congresos, talleres, capacitaciones para diferentes sectores de la comunidad, favorece el intercambio, como as\u00ed tambi\u00e9n planifica y desarrolla estudios de todas las ramas relacionadas con la actividad hidrocarbur\u00edferas. Est\u00e1 considerado el referente t\u00e9cnico en la Argentina de la industria del petr\u00f3leo y del gas en particular, y de la energ\u00eda en general.<\/p>\n<p>El Instituto est\u00e1 integrado por diferentes comisiones, en esta oportunidad visitaron el Alto Valle para efectuar un intercambio de informaci\u00f3n con la Secretar\u00eda de Ambiente, con miras al desarrollo de diferentes propuestas en educaci\u00f3n ambiental y de capacitaci\u00f3n, tanto para la comunidad en general como para las \u00e1reas t\u00e9cnicas de la SAyDS, en las tem\u00e1ticas de energ\u00edas renovables, el aprovechamiento de las mismas y la relaci\u00f3n con la poblaci\u00f3n.<\/p>\n<p>En los pr\u00f3ximos d\u00edas m\u00e1s, la Secretar\u00eda de Ambiente elevar\u00e1 al IAPG el convenio marco de trabajo interno, para que tras la firma de las partes se comience a trabajar en algunos de los proyectos planteados durante este primer encuentro y que podr\u00edan concretarse a mediados de noviembre.<\/p>\n<p>Fuente: SA y DS de Rio Negro<\/p>\n<p>&nbsp;<\/p>\n","protected":false},"excerpt":{"rendered":"<p>Viedma.-Personal de la Secretar\u00eda de Ambiente y Desarrollo Sustentable (SAyDS) se reuni\u00f3 con referentes de distintas \u00e1reas del Instituto Argentino [&hellip;]<\/p>\n","protected":false},"author":2,"featured_media":14332,"comment_status":"closed","ping_status":"closed","sticky":false,"template":"","format":"standard","meta":{"site-sidebar-layout":"default","site-content-layout":"","ast-site-content-layout":"default","site-content-style":"default","site-sidebar-style":"default","ast-global-header-display":"","ast-banner-title-visibility":"","ast-main-header-display":"","ast-hfb-above-header-display":"","ast-hfb-below-header-display":"","ast-hfb-mobile-header-display":"","site-post-title":"","ast-breadcrumbs-content":"","ast-featured-img":"","footer-sml-layout":"","ast-disable-related-posts":"","theme-transparent-header-meta":"","adv-header-id-meta":"","stick-header-meta":"","header-above-stick-meta":"","header-main-stick-meta":"","header-below-stick-meta":"","astra-migrate-meta-layouts":"default","ast-page-background-enabled":"default","ast-page-background-meta":{"desktop":{"background-color":"var(--ast-global-color-5)","background-image":"","background-repeat":"repeat","background-position":"center center","background-size":"auto","background-attachment":"scroll","background-type":"","background-media":"","overlay-type":"","overlay-color":"","overlay-opacity":"","overlay-gradient":""},"tablet":{"background-color":"","background-image":"","background-repeat":"repeat","background-position":"center center","background-size":"auto","background-attachment":"scroll","background-type":"","background-media":"","overlay-type":"","overlay-color":"","overlay-opacity":"","overlay-gradient":""},"mobile":{"background-color":"","background-image":"","background-repeat":"repeat","background-position":"center center","background-size":"auto","background-attachment":"scroll","background-type":"","background-media":"","overlay-type":"","overlay-color":"","overlay-opacity":"","overlay-gradient":""}},"ast-content-background-meta":{"desktop":{"background-color":"var(--ast-global-color-4)","background-image":"","background-repeat":"repeat","background-position":"center center","background-size":"auto","background-attachment":"scroll","background-type":"","background-media":"","overlay-type":"","overlay-color":"","overlay-opacity":"","overlay-gradient":""},"tablet":{"background-color":"var(--ast-global-color-4)","background-image":"","background-repeat":"repeat","background-position":"center center","background-size":"auto","background-attachment":"scroll","background-type":"","background-media":"","overlay-type":"","overlay-color":"","overlay-opacity":"","overlay-gradient":""},"mobile":{"background-color":"var(--ast-global-color-4)","background-image":"","background-repeat":"repeat","background-position":"center center","background-size":"auto","background-attachment":"scroll","background-type":"","background-media":"","overlay-type":"","overlay-color":"","overlay-opacity":"","overlay-gradient":""}},"footnotes":""},"categories":[1,13,14],"tags":[],"class_list":["post-14331","post","type-post","status-publish","format-standard","has-post-thumbnail","hentry","category-noticias","category-provinciales","category-rio-negro"],"yoast_head":"<!-- This site is optimized with the Yoast SEO Premium plugin v23.0 (Yoast SEO v27.5) - https:\/\/yoast.com\/product\/yoast-seo-premium-wordpress\/ -->\n<title>La SAyDS se reuni\u00f3 con referentes de IAPG para delinear tareas en conjunto<\/title>\n<meta name=\"robots\" content=\"index, follow, max-snippet:-1, max-image-preview:large, max-video-preview:-1\" \/>\n<link rel=\"canonical\" href=\"https:\/\/patagoniambiental.com.ar\/info\/la-sayds-se-reunio-con-referentes-de-iapg-para-delinear-tareas-en-conjunto\/\" \/>\n<meta property=\"og:locale\" content=\"es_ES\" \/>\n<meta property=\"og:type\" content=\"article\" \/>\n<meta property=\"og:title\" content=\"La SAyDS se reuni\u00f3 con referentes de IAPG para delinear tareas en conjunto\" \/>\n<meta property=\"og:description\" content=\"Viedma.-Personal de la Secretar\u00eda de Ambiente y Desarrollo Sustentable (SAyDS) se reuni\u00f3 con referentes de distintas \u00e1reas del Instituto Argentino [&hellip;]\" \/>\n<meta property=\"og:url\" content=\"https:\/\/patagoniambiental.com.ar\/info\/la-sayds-se-reunio-con-referentes-de-iapg-para-delinear-tareas-en-conjunto\/\" \/>\n<meta property=\"og:site_name\" content=\"Patagonia Ambiental\" \/>\n<meta property=\"article:publisher\" content=\"https:\/\/www.facebook.com\/patagonia.ambiental\" \/>\n<meta property=\"article:author\" content=\"https:\/\/www.facebook.com\/share\/1C1V8Gv9BX\/?mibextid=qi2Omg\" \/>\n<meta property=\"article:published_time\" content=\"2015-10-01T22:00:24+00:00\" \/>\n<meta name=\"author\" content=\"Patagonia Ambiental\" \/>\n<meta name=\"twitter:card\" content=\"summary_large_image\" \/>\n<meta name=\"twitter:creator\" content=\"@PatAmb\" \/>\n<meta name=\"twitter:site\" content=\"@PatAmb\" \/>\n<script type=\"application\/ld+json\" class=\"yoast-schema-graph\">{\"@context\":\"https:\\\/\\\/schema.org\",\"@graph\":[{\"@type\":\"Article\",\"@id\":\"https:\\\/\\\/patagoniambiental.com.ar\\\/info\\\/la-sayds-se-reunio-con-referentes-de-iapg-para-delinear-tareas-en-conjunto\\\/#article\",\"isPartOf\":{\"@id\":\"https:\\\/\\\/patagoniambiental.com.ar\\\/info\\\/la-sayds-se-reunio-con-referentes-de-iapg-para-delinear-tareas-en-conjunto\\\/\"},\"author\":{\"name\":\"Patagonia Ambiental\",\"@id\":\"https:\\\/\\\/patagoniambiental.com.ar\\\/info\\\/#\\\/schema\\\/person\\\/db12bff64bbcbf6a253710bf0ea37b5d\"},\"headline\":\"La SAyDS se reuni\u00f3 con referentes de IAPG para delinear tareas en conjunto\",\"datePublished\":\"2015-10-01T22:00:24+00:00\",\"mainEntityOfPage\":{\"@id\":\"https:\\\/\\\/patagoniambiental.com.ar\\\/info\\\/la-sayds-se-reunio-con-referentes-de-iapg-para-delinear-tareas-en-conjunto\\\/\"},\"wordCount\":337,\"publisher\":{\"@id\":\"https:\\\/\\\/patagoniambiental.com.ar\\\/info\\\/#organization\"},\"image\":{\"@id\":\"https:\\\/\\\/patagoniambiental.com.ar\\\/info\\\/la-sayds-se-reunio-con-referentes-de-iapg-para-delinear-tareas-en-conjunto\\\/#primaryimage\"},\"thumbnailUrl\":\"\",\"articleSection\":[\"Noticias\",\"Provinciales\",\"R\u00edo Negro\"],\"inLanguage\":\"es\"},{\"@type\":\"WebPage\",\"@id\":\"https:\\\/\\\/patagoniambiental.com.ar\\\/info\\\/la-sayds-se-reunio-con-referentes-de-iapg-para-delinear-tareas-en-conjunto\\\/\",\"url\":\"https:\\\/\\\/patagoniambiental.com.ar\\\/info\\\/la-sayds-se-reunio-con-referentes-de-iapg-para-delinear-tareas-en-conjunto\\\/\",\"name\":\"La SAyDS se reuni\u00f3 con referentes de IAPG para delinear tareas en conjunto\",\"isPartOf\":{\"@id\":\"https:\\\/\\\/patagoniambiental.com.ar\\\/info\\\/#website\"},\"primaryImageOfPage\":{\"@id\":\"https:\\\/\\\/patagoniambiental.com.ar\\\/info\\\/la-sayds-se-reunio-con-referentes-de-iapg-para-delinear-tareas-en-conjunto\\\/#primaryimage\"},\"image\":{\"@id\":\"https:\\\/\\\/patagoniambiental.com.ar\\\/info\\\/la-sayds-se-reunio-con-referentes-de-iapg-para-delinear-tareas-en-conjunto\\\/#primaryimage\"},\"thumbnailUrl\":\"\",\"datePublished\":\"2015-10-01T22:00:24+00:00\",\"breadcrumb\":{\"@id\":\"https:\\\/\\\/patagoniambiental.com.ar\\\/info\\\/la-sayds-se-reunio-con-referentes-de-iapg-para-delinear-tareas-en-conjunto\\\/#breadcrumb\"},\"inLanguage\":\"es\",\"potentialAction\":[{\"@type\":\"ReadAction\",\"target\":[\"https:\\\/\\\/patagoniambiental.com.ar\\\/info\\\/la-sayds-se-reunio-con-referentes-de-iapg-para-delinear-tareas-en-conjunto\\\/\"]}]},{\"@type\":\"ImageObject\",\"inLanguage\":\"es\",\"@id\":\"https:\\\/\\\/patagoniambiental.com.ar\\\/info\\\/la-sayds-se-reunio-con-referentes-de-iapg-para-delinear-tareas-en-conjunto\\\/#primaryimage\",\"url\":\"\",\"contentUrl\":\"\"},{\"@type\":\"BreadcrumbList\",\"@id\":\"https:\\\/\\\/patagoniambiental.com.ar\\\/info\\\/la-sayds-se-reunio-con-referentes-de-iapg-para-delinear-tareas-en-conjunto\\\/#breadcrumb\",\"itemListElement\":[{\"@type\":\"ListItem\",\"position\":1,\"name\":\"Inicio\",\"item\":\"https:\\\/\\\/patagoniambiental.com.ar\\\/info\\\/\"},{\"@type\":\"ListItem\",\"position\":2,\"name\":\"La SAyDS se reuni\u00f3 con referentes de IAPG para delinear tareas en conjunto\"}]},{\"@type\":\"WebSite\",\"@id\":\"https:\\\/\\\/patagoniambiental.com.ar\\\/info\\\/#website\",\"url\":\"https:\\\/\\\/patagoniambiental.com.ar\\\/info\\\/\",\"name\":\"Patagonia Ambiental\",\"description\":\"Monitoreo y an\u00e1lisis de la situaci\u00f3n geopol\u00edtica en el mundo y su implicancia en la Patagonia\",\"publisher\":{\"@id\":\"https:\\\/\\\/patagoniambiental.com.ar\\\/info\\\/#organization\"},\"potentialAction\":[{\"@type\":\"SearchAction\",\"target\":{\"@type\":\"EntryPoint\",\"urlTemplate\":\"https:\\\/\\\/patagoniambiental.com.ar\\\/info\\\/?s={search_term_string}\"},\"query-input\":{\"@type\":\"PropertyValueSpecification\",\"valueRequired\":true,\"valueName\":\"search_term_string\"}}],\"inLanguage\":\"es\"},{\"@type\":\"Organization\",\"@id\":\"https:\\\/\\\/patagoniambiental.com.ar\\\/info\\\/#organization\",\"name\":\"Patagonia Ambiental\",\"url\":\"https:\\\/\\\/patagoniambiental.com.ar\\\/info\\\/\",\"logo\":{\"@type\":\"ImageObject\",\"inLanguage\":\"es\",\"@id\":\"https:\\\/\\\/patagoniambiental.com.ar\\\/info\\\/#\\\/schema\\\/logo\\\/image\\\/\",\"url\":\"https:\\\/\\\/patagoniambiental.com.ar\\\/info\\\/wp-content\\\/uploads\\\/2025\\\/05\\\/LOGO-PATAGONIA-AMBIENTAL.png\",\"contentUrl\":\"https:\\\/\\\/patagoniambiental.com.ar\\\/info\\\/wp-content\\\/uploads\\\/2025\\\/05\\\/LOGO-PATAGONIA-AMBIENTAL.png\",\"width\":433,\"height\":250,\"caption\":\"Patagonia Ambiental\"},\"image\":{\"@id\":\"https:\\\/\\\/patagoniambiental.com.ar\\\/info\\\/#\\\/schema\\\/logo\\\/image\\\/\"},\"sameAs\":[\"https:\\\/\\\/www.facebook.com\\\/patagonia.ambiental\",\"https:\\\/\\\/x.com\\\/PatAmb\"]},{\"@type\":\"Person\",\"@id\":\"https:\\\/\\\/patagoniambiental.com.ar\\\/info\\\/#\\\/schema\\\/person\\\/db12bff64bbcbf6a253710bf0ea37b5d\",\"name\":\"Patagonia Ambiental\",\"description\":\"Andr\u00e9s Nievas T\u00e9cnico en manejo ambiental, consultor Ambiental y escritor para medios locales e internacionales sobre temas de geopolitica y medio ambiente.\",\"sameAs\":[\"http:\\\/\\\/www.patagoniambiental.com.ar\",\"https:\\\/\\\/www.facebook.com\\\/share\\\/1C1V8Gv9BX\\\/?mibextid=qi2Omg\",\"@patagoniambiental\",\"https:\\\/\\\/youtube.com\\\/@patagoniaambiental2023?si=BLt58t0wuXquxlYZ\"]}]}<\/script>\n<!-- \/ Yoast SEO Premium plugin. -->","yoast_head_json":{"title":"La SAyDS se reuni\u00f3 con referentes de IAPG para delinear tareas en conjunto","robots":{"index":"index","follow":"follow","max-snippet":"max-snippet:-1","max-image-preview":"max-image-preview:large","max-video-preview":"max-video-preview:-1"},"canonical":"https:\/\/patagoniambiental.com.ar\/info\/la-sayds-se-reunio-con-referentes-de-iapg-para-delinear-tareas-en-conjunto\/","og_locale":"es_ES","og_type":"article","og_title":"La SAyDS se reuni\u00f3 con referentes de IAPG para delinear tareas en conjunto","og_description":"Viedma.-Personal de la Secretar\u00eda de Ambiente y Desarrollo Sustentable (SAyDS) se reuni\u00f3 con referentes de distintas \u00e1reas del Instituto Argentino [&hellip;]","og_url":"https:\/\/patagoniambiental.com.ar\/info\/la-sayds-se-reunio-con-referentes-de-iapg-para-delinear-tareas-en-conjunto\/","og_site_name":"Patagonia Ambiental","article_publisher":"https:\/\/www.facebook.com\/patagonia.ambiental","article_author":"https:\/\/www.facebook.com\/share\/1C1V8Gv9BX\/?mibextid=qi2Omg","article_published_time":"2015-10-01T22:00:24+00:00","author":"Patagonia Ambiental","twitter_card":"summary_large_image","twitter_creator":"@PatAmb","twitter_site":"@PatAmb","schema":{"@context":"https:\/\/schema.org","@graph":[{"@type":"Article","@id":"https:\/\/patagoniambiental.com.ar\/info\/la-sayds-se-reunio-con-referentes-de-iapg-para-delinear-tareas-en-conjunto\/#article","isPartOf":{"@id":"https:\/\/patagoniambiental.com.ar\/info\/la-sayds-se-reunio-con-referentes-de-iapg-para-delinear-tareas-en-conjunto\/"},"author":{"name":"Patagonia Ambiental","@id":"https:\/\/patagoniambiental.com.ar\/info\/#\/schema\/person\/db12bff64bbcbf6a253710bf0ea37b5d"},"headline":"La SAyDS se reuni\u00f3 con referentes de IAPG para delinear tareas en conjunto","datePublished":"2015-10-01T22:00:24+00:00","mainEntityOfPage":{"@id":"https:\/\/patagoniambiental.com.ar\/info\/la-sayds-se-reunio-con-referentes-de-iapg-para-delinear-tareas-en-conjunto\/"},"wordCount":337,"publisher":{"@id":"https:\/\/patagoniambiental.com.ar\/info\/#organization"},"image":{"@id":"https:\/\/patagoniambiental.com.ar\/info\/la-sayds-se-reunio-con-referentes-de-iapg-para-delinear-tareas-en-conjunto\/#primaryimage"},"thumbnailUrl":"","articleSection":["Noticias","Provinciales","R\u00edo Negro"],"inLanguage":"es"},{"@type":"WebPage","@id":"https:\/\/patagoniambiental.com.ar\/info\/la-sayds-se-reunio-con-referentes-de-iapg-para-delinear-tareas-en-conjunto\/","url":"https:\/\/patagoniambiental.com.ar\/info\/la-sayds-se-reunio-con-referentes-de-iapg-para-delinear-tareas-en-conjunto\/","name":"La SAyDS se reuni\u00f3 con referentes de IAPG para delinear tareas en conjunto","isPartOf":{"@id":"https:\/\/patagoniambiental.com.ar\/info\/#website"},"primaryImageOfPage":{"@id":"https:\/\/patagoniambiental.com.ar\/info\/la-sayds-se-reunio-con-referentes-de-iapg-para-delinear-tareas-en-conjunto\/#primaryimage"},"image":{"@id":"https:\/\/patagoniambiental.com.ar\/info\/la-sayds-se-reunio-con-referentes-de-iapg-para-delinear-tareas-en-conjunto\/#primaryimage"},"thumbnailUrl":"","datePublished":"2015-10-01T22:00:24+00:00","breadcrumb":{"@id":"https:\/\/patagoniambiental.com.ar\/info\/la-sayds-se-reunio-con-referentes-de-iapg-para-delinear-tareas-en-conjunto\/#breadcrumb"},"inLanguage":"es","potentialAction":[{"@type":"ReadAction","target":["https:\/\/patagoniambiental.com.ar\/info\/la-sayds-se-reunio-con-referentes-de-iapg-para-delinear-tareas-en-conjunto\/"]}]},{"@type":"ImageObject","inLanguage":"es","@id":"https:\/\/patagoniambiental.com.ar\/info\/la-sayds-se-reunio-con-referentes-de-iapg-para-delinear-tareas-en-conjunto\/#primaryimage","url":"","contentUrl":""},{"@type":"BreadcrumbList","@id":"https:\/\/patagoniambiental.com.ar\/info\/la-sayds-se-reunio-con-referentes-de-iapg-para-delinear-tareas-en-conjunto\/#breadcrumb","itemListElement":[{"@type":"ListItem","position":1,"name":"Inicio","item":"https:\/\/patagoniambiental.com.ar\/info\/"},{"@type":"ListItem","position":2,"name":"La SAyDS se reuni\u00f3 con referentes de IAPG para delinear tareas en conjunto"}]},{"@type":"WebSite","@id":"https:\/\/patagoniambiental.com.ar\/info\/#website","url":"https:\/\/patagoniambiental.com.ar\/info\/","name":"Patagonia Ambiental","description":"Monitoreo y an\u00e1lisis de la situaci\u00f3n geopol\u00edtica en el mundo y su implicancia en la Patagonia","publisher":{"@id":"https:\/\/patagoniambiental.com.ar\/info\/#organization"},"potentialAction":[{"@type":"SearchAction","target":{"@type":"EntryPoint","urlTemplate":"https:\/\/patagoniambiental.com.ar\/info\/?s={search_term_string}"},"query-input":{"@type":"PropertyValueSpecification","valueRequired":true,"valueName":"search_term_string"}}],"inLanguage":"es"},{"@type":"Organization","@id":"https:\/\/patagoniambiental.com.ar\/info\/#organization","name":"Patagonia Ambiental","url":"https:\/\/patagoniambiental.com.ar\/info\/","logo":{"@type":"ImageObject","inLanguage":"es","@id":"https:\/\/patagoniambiental.com.ar\/info\/#\/schema\/logo\/image\/","url":"https:\/\/patagoniambiental.com.ar\/info\/wp-content\/uploads\/2025\/05\/LOGO-PATAGONIA-AMBIENTAL.png","contentUrl":"https:\/\/patagoniambiental.com.ar\/info\/wp-content\/uploads\/2025\/05\/LOGO-PATAGONIA-AMBIENTAL.png","width":433,"height":250,"caption":"Patagonia Ambiental"},"image":{"@id":"https:\/\/patagoniambiental.com.ar\/info\/#\/schema\/logo\/image\/"},"sameAs":["https:\/\/www.facebook.com\/patagonia.ambiental","https:\/\/x.com\/PatAmb"]},{"@type":"Person","@id":"https:\/\/patagoniambiental.com.ar\/info\/#\/schema\/person\/db12bff64bbcbf6a253710bf0ea37b5d","name":"Patagonia Ambiental","description":"Andr\u00e9s Nievas T\u00e9cnico en manejo ambiental, consultor Ambiental y escritor para medios locales e internacionales sobre temas de geopolitica y medio ambiente.","sameAs":["http:\/\/www.patagoniambiental.com.ar","https:\/\/www.facebook.com\/share\/1C1V8Gv9BX\/?mibextid=qi2Omg","@patagoniambiental","https:\/\/youtube.com\/@patagoniaambiental2023?si=BLt58t0wuXquxlYZ"]}]}},"_links":{"self":[{"href":"https:\/\/patagoniambiental.com.ar\/info\/wp-json\/wp\/v2\/posts\/14331","targetHints":{"allow":["GET"]}}],"collection":[{"href":"https:\/\/patagoniambiental.com.ar\/info\/wp-json\/wp\/v2\/posts"}],"about":[{"href":"https:\/\/patagoniambiental.com.ar\/info\/wp-json\/wp\/v2\/types\/post"}],"author":[{"embeddable":true,"href":"https:\/\/patagoniambiental.com.ar\/info\/wp-json\/wp\/v2\/users\/2"}],"replies":[{"embeddable":true,"href":"https:\/\/patagoniambiental.com.ar\/info\/wp-json\/wp\/v2\/comments?post=14331"}],"version-history":[{"count":0,"href":"https:\/\/patagoniambiental.com.ar\/info\/wp-json\/wp\/v2\/posts\/14331\/revisions"}],"wp:featuredmedia":[{"embeddable":true,"href":"https:\/\/patagoniambiental.com.ar\/info\/wp-json\/"}],"wp:attachment":[{"href":"https:\/\/patagoniambiental.com.ar\/info\/wp-json\/wp\/v2\/media?parent=14331"}],"wp:term":[{"taxonomy":"category","embeddable":true,"href":"https:\/\/patagoniambiental.com.ar\/info\/wp-json\/wp\/v2\/categories?post=14331"},{"taxonomy":"post_tag","embeddable":true,"href":"https:\/\/patagoniambiental.com.ar\/info\/wp-json\/wp\/v2\/tags?post=14331"}],"curies":[{"name":"wp","href":"https:\/\/api.w.org\/{rel}","templated":true}]}}