{"id":14348,"date":"2015-10-02T19:00:10","date_gmt":"2015-10-02T22:00:10","guid":{"rendered":"http:\/\/patagoniambiental.com.ar\/?p=14348"},"modified":"2015-10-02T19:00:10","modified_gmt":"2015-10-02T22:00:10","slug":"rige-la-prohibicion-para-el-uso-de-fuego-en-el-sector-rural","status":"publish","type":"post","link":"https:\/\/patagoniambiental.com.ar\/info\/rige-la-prohibicion-para-el-uso-de-fuego-en-el-sector-rural\/","title":{"rendered":"Rige la prohibici\u00f3n para el uso de fuego en el sector rural"},"content":{"rendered":"<p class=\"entry-title\">USHUAIA.- Desde ayer est\u00e1 prohibido utilizar fuego en el sector rural de la Provincia, medida que se extiende hasta el 31 de marzo de 2016.<!--more--><\/p>\n<p class=\"entry-title\">El \u00edndice de peligrosidad de incendios forestales, as\u00ed como los campings y zonas de acampe habilitados, se podr\u00e1 consultar a trav\u00e9s de la p\u00e1gina web del Gobierno.<span id=\"more-20582\"><\/span><br \/>\nLa Secretar\u00eda de Desarrollo Sustentable y Ambiente de la provincia, informa a toda la poblaci\u00f3n en general que desde el 1\u00ba de octubre del corriente, al 31 de marzo del 2016 inclusive, entran en vigencia las restricciones para la utilizaci\u00f3n de fuego en todos los ambientes rurales de la provincia.<\/p>\n<div class=\"entry-content\">\n<p>En virtud de que inicia el per\u00edodo de peligrosidad de incendios forestales, y con el objetivo de prevenir la destrucci\u00f3n accidental de bosque nativo a causa de incendios forestales; desde la Direcci\u00f3n General de Bosques se detall\u00f3 la aplicaci\u00f3n del \u00cdndice de Peligrosidad de Incendios Forestales.<\/p>\n<p>Mediante este indicador se define una escala de riesgo, as\u00ed como la habilitaci\u00f3n o prohibici\u00f3n para hacer fuego en lugares especialmente establecidos para esa finalidad (campings agrestes y zonas de acampe).<\/p>\n<p>Cuando la escala indique riesgo bajo o moderado, estar\u00e1 permitido realizar fuego s\u00f3lo en los lugares habilitados.<\/p>\n<p>Es importante tener en cuenta que, de acuerdo a las caracter\u00edsticas clim\u00e1ticas de nuestra provincia, este \u00edndice puede variar de un d\u00eda al otro.<\/p>\n<p>Es por ello que se recomienda a la comunidad chequear de manera anticipada sobre el estado del mismo, a trav\u00e9s del sitio oficial de la Secretar\u00eda de Desarrollo Sustentable o en la p\u00e1gina de Facebook de \u00cdndice de Peligrosidad De Incendios Forestales Sdsya y de la Secretar\u00eda de Desarrollo Sustentable y Ambiente de Tierra del Fuego.<\/p>\n<p>Adem\u00e1s, sobre la ruta nacional N\u00ba 3 se podr\u00e1n observar los carteles indicadores, los cuales se encuentran dispuestos a la salida de Ushuaia, Tolhuin y R\u00edo Grande. De esta forma se evitar\u00e1 adem\u00e1s la aplicaci\u00f3n de multas.<\/p>\n<p>Por otro lado, se recomienda prestar atenci\u00f3n a las indicaciones que realizar\u00e1n los brigadistas que realizan patrullajes preventivos.<br \/>\nLa p\u00e1gina web para conocer el \u00cdndice de Peligrosidad de Incendios Forestales es: http:\/\/desarrollosustentable.tierradelfuego.gov.ar\/<\/p>\n<p>Fuente: El Sure\u00f1o<\/p>\n<\/div>\n","protected":false},"excerpt":{"rendered":"<p>USHUAIA.- Desde ayer est\u00e1 prohibido utilizar fuego en el sector rural de la Provincia, medida que se extiende hasta el [&hellip;]<\/p>\n","protected":false},"author":2,"featured_media":10079,"comment_status":"closed","ping_status":"closed","sticky":false,"template":"","format":"standard","meta":{"site-sidebar-layout":"default","site-content-layout":"","ast-site-content-layout":"default","site-content-style":"default","site-sidebar-style":"default","ast-global-header-display":"","ast-banner-title-visibility":"","ast-main-header-display":"","ast-hfb-above-header-display":"","ast-hfb-below-header-display":"","ast-hfb-mobile-header-display":"","site-post-title":"","ast-breadcrumbs-content":"","ast-featured-img":"","footer-sml-layout":"","ast-disable-related-posts":"","theme-transparent-header-meta":"","adv-header-id-meta":"","stick-header-meta":"","header-above-stick-meta":"","header-main-stick-meta":"","header-below-stick-meta":"","astra-migrate-meta-layouts":"default","ast-page-background-enabled":"default","ast-page-background-meta":{"desktop":{"background-color":"var(--ast-global-color-5)","background-image":"","background-repeat":"repeat","background-position":"center center","background-size":"auto","background-attachment":"scroll","background-type":"","background-media":"","overlay-type":"","overlay-color":"","overlay-opacity":"","overlay-gradient":""},"tablet":{"background-color":"","background-image":"","background-repeat":"repeat","background-position":"center center","background-size":"auto","background-attachment":"scroll","background-type":"","background-media":"","overlay-type":"","overlay-color":"","overlay-opacity":"","overlay-gradient":""},"mobile":{"background-color":"","background-image":"","background-repeat":"repeat","background-position":"center center","background-size":"auto","background-attachment":"scroll","background-type":"","background-media":"","overlay-type":"","overlay-color":"","overlay-opacity":"","overlay-gradient":""}},"ast-content-background-meta":{"desktop":{"background-color":"var(--ast-global-color-4)","background-image":"","background-repeat":"repeat","background-position":"center center","background-size":"auto","background-attachment":"scroll","background-type":"","background-media":"","overlay-type":"","overlay-color":"","overlay-opacity":"","overlay-gradient":""},"tablet":{"background-color":"var(--ast-global-color-4)","background-image":"","background-repeat":"repeat","background-position":"center center","background-size":"auto","background-attachment":"scroll","background-type":"","background-media":"","overlay-type":"","overlay-color":"","overlay-opacity":"","overlay-gradient":""},"mobile":{"background-color":"var(--ast-global-color-4)","background-image":"","background-repeat":"repeat","background-position":"center center","background-size":"auto","background-attachment":"scroll","background-type":"","background-media":"","overlay-type":"","overlay-color":"","overlay-opacity":"","overlay-gradient":""}},"footnotes":""},"categories":[1,13,25],"tags":[],"class_list":["post-14348","post","type-post","status-publish","format-standard","has-post-thumbnail","hentry","category-noticias","category-provinciales","category-tierra-del-fuego"],"yoast_head":"<!-- This site is optimized with the Yoast SEO Premium plugin v23.0 (Yoast SEO v27.5) - https:\/\/yoast.com\/product\/yoast-seo-premium-wordpress\/ -->\n<title>Rige la prohibici\u00f3n para el uso de fuego en el sector rural<\/title>\n<meta name=\"robots\" content=\"index, follow, max-snippet:-1, max-image-preview:large, max-video-preview:-1\" \/>\n<link rel=\"canonical\" href=\"https:\/\/patagoniambiental.com.ar\/info\/rige-la-prohibicion-para-el-uso-de-fuego-en-el-sector-rural\/\" \/>\n<meta property=\"og:locale\" content=\"es_ES\" \/>\n<meta property=\"og:type\" content=\"article\" \/>\n<meta property=\"og:title\" content=\"Rige la prohibici\u00f3n para el uso de fuego en el sector rural\" \/>\n<meta property=\"og:description\" content=\"USHUAIA.- Desde ayer est\u00e1 prohibido utilizar fuego en el sector rural de la Provincia, medida que se extiende hasta el [&hellip;]\" \/>\n<meta property=\"og:url\" content=\"https:\/\/patagoniambiental.com.ar\/info\/rige-la-prohibicion-para-el-uso-de-fuego-en-el-sector-rural\/\" \/>\n<meta property=\"og:site_name\" content=\"Patagonia Ambiental\" \/>\n<meta property=\"article:publisher\" content=\"https:\/\/www.facebook.com\/patagonia.ambiental\" \/>\n<meta property=\"article:author\" content=\"https:\/\/www.facebook.com\/share\/1C1V8Gv9BX\/?mibextid=qi2Omg\" \/>\n<meta property=\"article:published_time\" content=\"2015-10-02T22:00:10+00:00\" \/>\n<meta name=\"author\" content=\"Patagonia Ambiental\" \/>\n<meta name=\"twitter:card\" content=\"summary_large_image\" \/>\n<meta name=\"twitter:creator\" content=\"@PatAmb\" \/>\n<meta name=\"twitter:site\" content=\"@PatAmb\" \/>\n<script type=\"application\/ld+json\" class=\"yoast-schema-graph\">{\"@context\":\"https:\\\/\\\/schema.org\",\"@graph\":[{\"@type\":\"Article\",\"@id\":\"https:\\\/\\\/patagoniambiental.com.ar\\\/info\\\/rige-la-prohibicion-para-el-uso-de-fuego-en-el-sector-rural\\\/#article\",\"isPartOf\":{\"@id\":\"https:\\\/\\\/patagoniambiental.com.ar\\\/info\\\/rige-la-prohibicion-para-el-uso-de-fuego-en-el-sector-rural\\\/\"},\"author\":{\"name\":\"Patagonia Ambiental\",\"@id\":\"https:\\\/\\\/patagoniambiental.com.ar\\\/info\\\/#\\\/schema\\\/person\\\/db12bff64bbcbf6a253710bf0ea37b5d\"},\"headline\":\"Rige la prohibici\u00f3n para el uso de fuego en el sector rural\",\"datePublished\":\"2015-10-02T22:00:10+00:00\",\"mainEntityOfPage\":{\"@id\":\"https:\\\/\\\/patagoniambiental.com.ar\\\/info\\\/rige-la-prohibicion-para-el-uso-de-fuego-en-el-sector-rural\\\/\"},\"wordCount\":388,\"publisher\":{\"@id\":\"https:\\\/\\\/patagoniambiental.com.ar\\\/info\\\/#organization\"},\"image\":{\"@id\":\"https:\\\/\\\/patagoniambiental.com.ar\\\/info\\\/rige-la-prohibicion-para-el-uso-de-fuego-en-el-sector-rural\\\/#primaryimage\"},\"thumbnailUrl\":\"\",\"articleSection\":[\"Noticias\",\"Provinciales\",\"Tierra del Fuego\"],\"inLanguage\":\"es\"},{\"@type\":\"WebPage\",\"@id\":\"https:\\\/\\\/patagoniambiental.com.ar\\\/info\\\/rige-la-prohibicion-para-el-uso-de-fuego-en-el-sector-rural\\\/\",\"url\":\"https:\\\/\\\/patagoniambiental.com.ar\\\/info\\\/rige-la-prohibicion-para-el-uso-de-fuego-en-el-sector-rural\\\/\",\"name\":\"Rige la prohibici\u00f3n para el uso de fuego en el sector rural\",\"isPartOf\":{\"@id\":\"https:\\\/\\\/patagoniambiental.com.ar\\\/info\\\/#website\"},\"primaryImageOfPage\":{\"@id\":\"https:\\\/\\\/patagoniambiental.com.ar\\\/info\\\/rige-la-prohibicion-para-el-uso-de-fuego-en-el-sector-rural\\\/#primaryimage\"},\"image\":{\"@id\":\"https:\\\/\\\/patagoniambiental.com.ar\\\/info\\\/rige-la-prohibicion-para-el-uso-de-fuego-en-el-sector-rural\\\/#primaryimage\"},\"thumbnailUrl\":\"\",\"datePublished\":\"2015-10-02T22:00:10+00:00\",\"breadcrumb\":{\"@id\":\"https:\\\/\\\/patagoniambiental.com.ar\\\/info\\\/rige-la-prohibicion-para-el-uso-de-fuego-en-el-sector-rural\\\/#breadcrumb\"},\"inLanguage\":\"es\",\"potentialAction\":[{\"@type\":\"ReadAction\",\"target\":[\"https:\\\/\\\/patagoniambiental.com.ar\\\/info\\\/rige-la-prohibicion-para-el-uso-de-fuego-en-el-sector-rural\\\/\"]}]},{\"@type\":\"ImageObject\",\"inLanguage\":\"es\",\"@id\":\"https:\\\/\\\/patagoniambiental.com.ar\\\/info\\\/rige-la-prohibicion-para-el-uso-de-fuego-en-el-sector-rural\\\/#primaryimage\",\"url\":\"\",\"contentUrl\":\"\"},{\"@type\":\"BreadcrumbList\",\"@id\":\"https:\\\/\\\/patagoniambiental.com.ar\\\/info\\\/rige-la-prohibicion-para-el-uso-de-fuego-en-el-sector-rural\\\/#breadcrumb\",\"itemListElement\":[{\"@type\":\"ListItem\",\"position\":1,\"name\":\"Inicio\",\"item\":\"https:\\\/\\\/patagoniambiental.com.ar\\\/info\\\/\"},{\"@type\":\"ListItem\",\"position\":2,\"name\":\"Rige la prohibici\u00f3n para el uso de fuego en el sector rural\"}]},{\"@type\":\"WebSite\",\"@id\":\"https:\\\/\\\/patagoniambiental.com.ar\\\/info\\\/#website\",\"url\":\"https:\\\/\\\/patagoniambiental.com.ar\\\/info\\\/\",\"name\":\"Patagonia Ambiental\",\"description\":\"Monitoreo y an\u00e1lisis de la situaci\u00f3n geopol\u00edtica en el mundo y su implicancia en la Patagonia\",\"publisher\":{\"@id\":\"https:\\\/\\\/patagoniambiental.com.ar\\\/info\\\/#organization\"},\"potentialAction\":[{\"@type\":\"SearchAction\",\"target\":{\"@type\":\"EntryPoint\",\"urlTemplate\":\"https:\\\/\\\/patagoniambiental.com.ar\\\/info\\\/?s={search_term_string}\"},\"query-input\":{\"@type\":\"PropertyValueSpecification\",\"valueRequired\":true,\"valueName\":\"search_term_string\"}}],\"inLanguage\":\"es\"},{\"@type\":\"Organization\",\"@id\":\"https:\\\/\\\/patagoniambiental.com.ar\\\/info\\\/#organization\",\"name\":\"Patagonia Ambiental\",\"url\":\"https:\\\/\\\/patagoniambiental.com.ar\\\/info\\\/\",\"logo\":{\"@type\":\"ImageObject\",\"inLanguage\":\"es\",\"@id\":\"https:\\\/\\\/patagoniambiental.com.ar\\\/info\\\/#\\\/schema\\\/logo\\\/image\\\/\",\"url\":\"https:\\\/\\\/patagoniambiental.com.ar\\\/info\\\/wp-content\\\/uploads\\\/2025\\\/05\\\/LOGO-PATAGONIA-AMBIENTAL.png\",\"contentUrl\":\"https:\\\/\\\/patagoniambiental.com.ar\\\/info\\\/wp-content\\\/uploads\\\/2025\\\/05\\\/LOGO-PATAGONIA-AMBIENTAL.png\",\"width\":433,\"height\":250,\"caption\":\"Patagonia Ambiental\"},\"image\":{\"@id\":\"https:\\\/\\\/patagoniambiental.com.ar\\\/info\\\/#\\\/schema\\\/logo\\\/image\\\/\"},\"sameAs\":[\"https:\\\/\\\/www.facebook.com\\\/patagonia.ambiental\",\"https:\\\/\\\/x.com\\\/PatAmb\"]},{\"@type\":\"Person\",\"@id\":\"https:\\\/\\\/patagoniambiental.com.ar\\\/info\\\/#\\\/schema\\\/person\\\/db12bff64bbcbf6a253710bf0ea37b5d\",\"name\":\"Patagonia Ambiental\",\"description\":\"Andr\u00e9s Nievas T\u00e9cnico en manejo ambiental, consultor Ambiental y escritor para medios locales e internacionales sobre temas de geopolitica y medio ambiente.\",\"sameAs\":[\"http:\\\/\\\/www.patagoniambiental.com.ar\",\"https:\\\/\\\/www.facebook.com\\\/share\\\/1C1V8Gv9BX\\\/?mibextid=qi2Omg\",\"@patagoniambiental\",\"https:\\\/\\\/youtube.com\\\/@patagoniaambiental2023?si=BLt58t0wuXquxlYZ\"]}]}<\/script>\n<!-- \/ Yoast SEO Premium plugin. -->","yoast_head_json":{"title":"Rige la prohibici\u00f3n para el uso de fuego en el sector rural","robots":{"index":"index","follow":"follow","max-snippet":"max-snippet:-1","max-image-preview":"max-image-preview:large","max-video-preview":"max-video-preview:-1"},"canonical":"https:\/\/patagoniambiental.com.ar\/info\/rige-la-prohibicion-para-el-uso-de-fuego-en-el-sector-rural\/","og_locale":"es_ES","og_type":"article","og_title":"Rige la prohibici\u00f3n para el uso de fuego en el sector rural","og_description":"USHUAIA.- Desde ayer est\u00e1 prohibido utilizar fuego en el sector rural de la Provincia, medida que se extiende hasta el [&hellip;]","og_url":"https:\/\/patagoniambiental.com.ar\/info\/rige-la-prohibicion-para-el-uso-de-fuego-en-el-sector-rural\/","og_site_name":"Patagonia Ambiental","article_publisher":"https:\/\/www.facebook.com\/patagonia.ambiental","article_author":"https:\/\/www.facebook.com\/share\/1C1V8Gv9BX\/?mibextid=qi2Omg","article_published_time":"2015-10-02T22:00:10+00:00","author":"Patagonia Ambiental","twitter_card":"summary_large_image","twitter_creator":"@PatAmb","twitter_site":"@PatAmb","schema":{"@context":"https:\/\/schema.org","@graph":[{"@type":"Article","@id":"https:\/\/patagoniambiental.com.ar\/info\/rige-la-prohibicion-para-el-uso-de-fuego-en-el-sector-rural\/#article","isPartOf":{"@id":"https:\/\/patagoniambiental.com.ar\/info\/rige-la-prohibicion-para-el-uso-de-fuego-en-el-sector-rural\/"},"author":{"name":"Patagonia Ambiental","@id":"https:\/\/patagoniambiental.com.ar\/info\/#\/schema\/person\/db12bff64bbcbf6a253710bf0ea37b5d"},"headline":"Rige la prohibici\u00f3n para el uso de fuego en el sector rural","datePublished":"2015-10-02T22:00:10+00:00","mainEntityOfPage":{"@id":"https:\/\/patagoniambiental.com.ar\/info\/rige-la-prohibicion-para-el-uso-de-fuego-en-el-sector-rural\/"},"wordCount":388,"publisher":{"@id":"https:\/\/patagoniambiental.com.ar\/info\/#organization"},"image":{"@id":"https:\/\/patagoniambiental.com.ar\/info\/rige-la-prohibicion-para-el-uso-de-fuego-en-el-sector-rural\/#primaryimage"},"thumbnailUrl":"","articleSection":["Noticias","Provinciales","Tierra del Fuego"],"inLanguage":"es"},{"@type":"WebPage","@id":"https:\/\/patagoniambiental.com.ar\/info\/rige-la-prohibicion-para-el-uso-de-fuego-en-el-sector-rural\/","url":"https:\/\/patagoniambiental.com.ar\/info\/rige-la-prohibicion-para-el-uso-de-fuego-en-el-sector-rural\/","name":"Rige la prohibici\u00f3n para el uso de fuego en el sector rural","isPartOf":{"@id":"https:\/\/patagoniambiental.com.ar\/info\/#website"},"primaryImageOfPage":{"@id":"https:\/\/patagoniambiental.com.ar\/info\/rige-la-prohibicion-para-el-uso-de-fuego-en-el-sector-rural\/#primaryimage"},"image":{"@id":"https:\/\/patagoniambiental.com.ar\/info\/rige-la-prohibicion-para-el-uso-de-fuego-en-el-sector-rural\/#primaryimage"},"thumbnailUrl":"","datePublished":"2015-10-02T22:00:10+00:00","breadcrumb":{"@id":"https:\/\/patagoniambiental.com.ar\/info\/rige-la-prohibicion-para-el-uso-de-fuego-en-el-sector-rural\/#breadcrumb"},"inLanguage":"es","potentialAction":[{"@type":"ReadAction","target":["https:\/\/patagoniambiental.com.ar\/info\/rige-la-prohibicion-para-el-uso-de-fuego-en-el-sector-rural\/"]}]},{"@type":"ImageObject","inLanguage":"es","@id":"https:\/\/patagoniambiental.com.ar\/info\/rige-la-prohibicion-para-el-uso-de-fuego-en-el-sector-rural\/#primaryimage","url":"","contentUrl":""},{"@type":"BreadcrumbList","@id":"https:\/\/patagoniambiental.com.ar\/info\/rige-la-prohibicion-para-el-uso-de-fuego-en-el-sector-rural\/#breadcrumb","itemListElement":[{"@type":"ListItem","position":1,"name":"Inicio","item":"https:\/\/patagoniambiental.com.ar\/info\/"},{"@type":"ListItem","position":2,"name":"Rige la prohibici\u00f3n para el uso de fuego en el sector rural"}]},{"@type":"WebSite","@id":"https:\/\/patagoniambiental.com.ar\/info\/#website","url":"https:\/\/patagoniambiental.com.ar\/info\/","name":"Patagonia Ambiental","description":"Monitoreo y an\u00e1lisis de la situaci\u00f3n geopol\u00edtica en el mundo y su implicancia en la Patagonia","publisher":{"@id":"https:\/\/patagoniambiental.com.ar\/info\/#organization"},"potentialAction":[{"@type":"SearchAction","target":{"@type":"EntryPoint","urlTemplate":"https:\/\/patagoniambiental.com.ar\/info\/?s={search_term_string}"},"query-input":{"@type":"PropertyValueSpecification","valueRequired":true,"valueName":"search_term_string"}}],"inLanguage":"es"},{"@type":"Organization","@id":"https:\/\/patagoniambiental.com.ar\/info\/#organization","name":"Patagonia Ambiental","url":"https:\/\/patagoniambiental.com.ar\/info\/","logo":{"@type":"ImageObject","inLanguage":"es","@id":"https:\/\/patagoniambiental.com.ar\/info\/#\/schema\/logo\/image\/","url":"https:\/\/patagoniambiental.com.ar\/info\/wp-content\/uploads\/2025\/05\/LOGO-PATAGONIA-AMBIENTAL.png","contentUrl":"https:\/\/patagoniambiental.com.ar\/info\/wp-content\/uploads\/2025\/05\/LOGO-PATAGONIA-AMBIENTAL.png","width":433,"height":250,"caption":"Patagonia Ambiental"},"image":{"@id":"https:\/\/patagoniambiental.com.ar\/info\/#\/schema\/logo\/image\/"},"sameAs":["https:\/\/www.facebook.com\/patagonia.ambiental","https:\/\/x.com\/PatAmb"]},{"@type":"Person","@id":"https:\/\/patagoniambiental.com.ar\/info\/#\/schema\/person\/db12bff64bbcbf6a253710bf0ea37b5d","name":"Patagonia Ambiental","description":"Andr\u00e9s Nievas T\u00e9cnico en manejo ambiental, consultor Ambiental y escritor para medios locales e internacionales sobre temas de geopolitica y medio ambiente.","sameAs":["http:\/\/www.patagoniambiental.com.ar","https:\/\/www.facebook.com\/share\/1C1V8Gv9BX\/?mibextid=qi2Omg","@patagoniambiental","https:\/\/youtube.com\/@patagoniaambiental2023?si=BLt58t0wuXquxlYZ"]}]}},"_links":{"self":[{"href":"https:\/\/patagoniambiental.com.ar\/info\/wp-json\/wp\/v2\/posts\/14348","targetHints":{"allow":["GET"]}}],"collection":[{"href":"https:\/\/patagoniambiental.com.ar\/info\/wp-json\/wp\/v2\/posts"}],"about":[{"href":"https:\/\/patagoniambiental.com.ar\/info\/wp-json\/wp\/v2\/types\/post"}],"author":[{"embeddable":true,"href":"https:\/\/patagoniambiental.com.ar\/info\/wp-json\/wp\/v2\/users\/2"}],"replies":[{"embeddable":true,"href":"https:\/\/patagoniambiental.com.ar\/info\/wp-json\/wp\/v2\/comments?post=14348"}],"version-history":[{"count":0,"href":"https:\/\/patagoniambiental.com.ar\/info\/wp-json\/wp\/v2\/posts\/14348\/revisions"}],"wp:featuredmedia":[{"embeddable":true,"href":"https:\/\/patagoniambiental.com.ar\/info\/wp-json\/"}],"wp:attachment":[{"href":"https:\/\/patagoniambiental.com.ar\/info\/wp-json\/wp\/v2\/media?parent=14348"}],"wp:term":[{"taxonomy":"category","embeddable":true,"href":"https:\/\/patagoniambiental.com.ar\/info\/wp-json\/wp\/v2\/categories?post=14348"},{"taxonomy":"post_tag","embeddable":true,"href":"https:\/\/patagoniambiental.com.ar\/info\/wp-json\/wp\/v2\/tags?post=14348"}],"curies":[{"name":"wp","href":"https:\/\/api.w.org\/{rel}","templated":true}]}}