{"id":14350,"date":"2015-10-02T19:00:36","date_gmt":"2015-10-02T22:00:36","guid":{"rendered":"http:\/\/patagoniambiental.com.ar\/?p=14350"},"modified":"2015-10-02T19:00:36","modified_gmt":"2015-10-02T22:00:36","slug":"universidad-nacional-de-tierra-del-fuego-impulsan-el-proyecto-parque-nacional-tierra-del-fuego-aula-al-aire-libre","status":"publish","type":"post","link":"https:\/\/patagoniambiental.com.ar\/info\/universidad-nacional-de-tierra-del-fuego-impulsan-el-proyecto-parque-nacional-tierra-del-fuego-aula-al-aire-libre\/","title":{"rendered":"UNIVERSIDAD NACIONAL DE TIERRA DEL FUEGO: Impulsan el proyecto \u201cParque Nacional Tierra del Fuego: Aula al aire libre\u201d"},"content":{"rendered":"<p>Tierra del Fuego.-La UNTDF y el Ministerio de Educaci\u00f3n de la Provincia promueven un espacio de capacitaci\u00f3n para docentes de nivel primario, con vistas a poner en valor el Parque Nacional fueguino.<!--more--> El espacio de trabajo se desarrollar\u00e1 durante un mes a partir del 13 de octubre, abarcando contenidos conceptuales, procedimentales y actitudinales referidos al bosque fueguino, desde la biolog\u00eda, la geolog\u00eda, la hidrolog\u00eda, la historia y la geograf\u00eda.<\/p>\n<div class=\"general_content\">\n<div class=\"content two_columns\">\n<div id=\"div_contenido\" class=\"left_column\">\n<div class=\"big_news\">\n<div id=\"content\" class=\"txt_big_news\">La Universidad Nacional de Tierra del Fuego (UNTDF), a trav\u00e9s de su Instituto de Ciencias Polares, Recursos Naturales y Ambiente (ICPA) dictar\u00e1 el curso-taller \u201cParque Nacional Tierra del Fuego: Aula al aire libre\u201d, organizado en conjunto con el Ministerio de Educaci\u00f3n de la provincia para docentes de nivel primario.<br \/>\nEl espacio de trabajo se desarrollar\u00e1 durante un mes a partir del 13 de octubre, abarcando contenidos conceptuales, procedimentales y actitudinales referidos al bosque fueguino, desde la biolog\u00eda, la geolog\u00eda, la hidrolog\u00eda, la historia y la geograf\u00eda. La capacitaci\u00f3n, que cuenta con aval ministerial, estar\u00e1 a cargo de la doctora Alicia Moretto, la profesora de biolog\u00eda Sandra Amuch\u00e1stegui y destacados referentes locales vinculados a las ciencias naturales y sociales.<br \/>\nEl taller se dictar\u00e1 en la sede de calle Yrigoyen 879 de la UNTDF en Ushuaia y en el Museo del Fin del Mundo, y con una carga horaria de 60 horas c\u00e1tedras. Cabe destacar que para Informes e inscripci\u00f3n, los interesados podr\u00e1n dirigirse a la sede del ICPA, sita en Alem 1036, o bien enviar un mail al contacto: icpa@untdf.edu.ar o llamar al tel\u00e9fono (02901) 421-241 de lunes a viernes de 9 a 16. La fecha l\u00edmite de inscripci\u00f3n es el 6 de octubre y los cupos son limitados.<\/div>\n<div class=\"txt_big_news\">Fuente: El Diario del Fin del Mundo<\/div>\n<\/div>\n<\/div>\n<div class=\"right_column\">\n<div class=\"section_box3\">\n<div class=\"section_box_body\">\n<div class=\"fb-like fb_iframe_widget\" data-send=\"false\" data-href=\"http:\/\/www.eldiariodelfindelmundo.com\/noticias\/leer\/60993\/impulsan-el-proyecto-parque-nacional-tierra-del-fuego-aula-al-aire-libre.html\" data-font=\"arial\" data-width=\"90\" data-action=\"like\" data-share=\"false\" data-show_faces=\"false\" data-layout=\"button_count\" data-ref=\".Vg7xIxUamKM.like\"><\/div>\n<div class=\"atclear\"><\/div>\n<\/div>\n<\/div>\n<\/div>\n<\/div>\n<\/div>\n<div id=\"_atssh\"><iframe id=\"_atssh430\" title=\"AddThis utility frame\" src=\"http:\/\/s7.addthis.com\/static\/sh.43700ac9.html#rand=0.7116578464798191&amp;iit=1443819813364&amp;tmr=load%3D1443819811172%26core%3D1443819812710%26main%3D1443819813358%26ifr%3D1443819813292%26ifr%3D1443819813365&amp;cb=0&amp;cdn=0&amp;kw=diario%2Cfin%2Cmundo%2Cdiariodelfindelmundo%2Cushuaia%2Ctierra%2Cfuego%2Cinformacion%2Cnoticias%2Cclasificados%2Cprofesionales%2Cclima%2Ctiempo%2Cfarmacias%2Cdfm%2Cdiario%2Cfin%2Cmundo%2Cdiariodelfindelmundo%2Cushuaia%2Ctierra%2Cfuego%2Cinformacion%2Cnoticias%2Cclasificados%2Cprofesionales%2Cclima%2Ctiempo%2Cfarmacias%2Cdfm&amp;ab=-&amp;dh=www.eldiariodelfindelmundo.com&amp;dr=&amp;du=http%3A%2F%2Fwww.eldiariodelfindelmundo.com%2Fnoticias%2Fleer%2F60993%2Fimpulsan-el-proyecto-parque-nacional-tierra-del-fuego-aula-al-aire-libre.html&amp;href=http%3A%2F%2Fwww.eldiariodelfindelmundo.com%2Fnoticias%2Fleer%2F60993%2Fimpulsan-el-proyecto-parque-nacional-tierra-del-fuego-aula-al-aire-libre.html&amp;dt=El%20Diario%20del%20Fin%20del%20Mundo%20-%20Impulsan%20el%20proyecto%20%E2%80%9CParque%20Nacional%20Tierra%20del%20Fuego%3A%20Aula%20al%20aire%20libre%E2%80%9D&amp;dbg=0&amp;cap=tc%3D0%26ab%3D0&amp;inst=2&amp;jsl=161&amp;prod=undefined&amp;lng=es-ar&amp;ogt=&amp;pc=men%2Ctbx&amp;pub=noticiastdf&amp;ssl=0&amp;sid=560ef123a76e55ce&amp;srpl=1&amp;srcs=1&amp;srd=1&amp;srf=0.01&amp;srx=1&amp;ver=300&amp;xck=0&amp;xtr=0&amp;og=&amp;csi=undefined&amp;toLoJson=&amp;rev=v2.6.0m-wp&amp;ct=1&amp;xld=1&amp;xd=1\" name=\"_atssh430\" width=\"1\" height=\"1\">&lt;\/body&gt;<\/iframe><\/div>\n<p><!-- <\/content> --><\/p>\n<div id=\"cboxOverlay\"><\/div>\n<div id=\"colorbox\" tabindex=\"-1\"><\/div>\n<div id=\"fb-root\" class=\" fb_reset\">\n<div>\n<div><\/div>\n<\/div>\n<div>\n<div><\/div>\n<\/div>\n<\/div>\n","protected":false},"excerpt":{"rendered":"<p>Tierra del Fuego.-La UNTDF y el Ministerio de Educaci\u00f3n de la Provincia promueven un espacio de capacitaci\u00f3n para docentes de [&hellip;]<\/p>\n","protected":false},"author":2,"featured_media":3650,"comment_status":"closed","ping_status":"closed","sticky":false,"template":"","format":"standard","meta":{"site-sidebar-layout":"default","site-content-layout":"","ast-site-content-layout":"default","site-content-style":"default","site-sidebar-style":"default","ast-global-header-display":"","ast-banner-title-visibility":"","ast-main-header-display":"","ast-hfb-above-header-display":"","ast-hfb-below-header-display":"","ast-hfb-mobile-header-display":"","site-post-title":"","ast-breadcrumbs-content":"","ast-featured-img":"","footer-sml-layout":"","ast-disable-related-posts":"","theme-transparent-header-meta":"","adv-header-id-meta":"","stick-header-meta":"","header-above-stick-meta":"","header-main-stick-meta":"","header-below-stick-meta":"","astra-migrate-meta-layouts":"default","ast-page-background-enabled":"default","ast-page-background-meta":{"desktop":{"background-color":"var(--ast-global-color-5)","background-image":"","background-repeat":"repeat","background-position":"center center","background-size":"auto","background-attachment":"scroll","background-type":"","background-media":"","overlay-type":"","overlay-color":"","overlay-opacity":"","overlay-gradient":""},"tablet":{"background-color":"","background-image":"","background-repeat":"repeat","background-position":"center center","background-size":"auto","background-attachment":"scroll","background-type":"","background-media":"","overlay-type":"","overlay-color":"","overlay-opacity":"","overlay-gradient":""},"mobile":{"background-color":"","background-image":"","background-repeat":"repeat","background-position":"center center","background-size":"auto","background-attachment":"scroll","background-type":"","background-media":"","overlay-type":"","overlay-color":"","overlay-opacity":"","overlay-gradient":""}},"ast-content-background-meta":{"desktop":{"background-color":"var(--ast-global-color-4)","background-image":"","background-repeat":"repeat","background-position":"center center","background-size":"auto","background-attachment":"scroll","background-type":"","background-media":"","overlay-type":"","overlay-color":"","overlay-opacity":"","overlay-gradient":""},"tablet":{"background-color":"var(--ast-global-color-4)","background-image":"","background-repeat":"repeat","background-position":"center center","background-size":"auto","background-attachment":"scroll","background-type":"","background-media":"","overlay-type":"","overlay-color":"","overlay-opacity":"","overlay-gradient":""},"mobile":{"background-color":"var(--ast-global-color-4)","background-image":"","background-repeat":"repeat","background-position":"center center","background-size":"auto","background-attachment":"scroll","background-type":"","background-media":"","overlay-type":"","overlay-color":"","overlay-opacity":"","overlay-gradient":""}},"footnotes":""},"categories":[1,13,25],"tags":[],"class_list":["post-14350","post","type-post","status-publish","format-standard","has-post-thumbnail","hentry","category-noticias","category-provinciales","category-tierra-del-fuego"],"yoast_head":"<!-- This site is optimized with the Yoast SEO Premium plugin v23.0 (Yoast SEO v27.5) - https:\/\/yoast.com\/product\/yoast-seo-premium-wordpress\/ -->\n<title>UNIVERSIDAD NACIONAL DE TIERRA DEL FUEGO: Impulsan el proyecto \u201cParque Nacional Tierra del Fuego: Aula al aire libre\u201d<\/title>\n<meta name=\"robots\" content=\"index, follow, max-snippet:-1, max-image-preview:large, max-video-preview:-1\" \/>\n<link rel=\"canonical\" href=\"https:\/\/patagoniambiental.com.ar\/info\/universidad-nacional-de-tierra-del-fuego-impulsan-el-proyecto-parque-nacional-tierra-del-fuego-aula-al-aire-libre\/\" \/>\n<meta property=\"og:locale\" content=\"es_ES\" \/>\n<meta property=\"og:type\" content=\"article\" \/>\n<meta property=\"og:title\" content=\"UNIVERSIDAD NACIONAL DE TIERRA DEL FUEGO: Impulsan el proyecto \u201cParque Nacional Tierra del Fuego: Aula al aire libre\u201d\" \/>\n<meta property=\"og:description\" content=\"Tierra del Fuego.-La UNTDF y el Ministerio de Educaci\u00f3n de la Provincia promueven un espacio de capacitaci\u00f3n para docentes de [&hellip;]\" \/>\n<meta property=\"og:url\" content=\"https:\/\/patagoniambiental.com.ar\/info\/universidad-nacional-de-tierra-del-fuego-impulsan-el-proyecto-parque-nacional-tierra-del-fuego-aula-al-aire-libre\/\" \/>\n<meta property=\"og:site_name\" content=\"Patagonia Ambiental\" \/>\n<meta property=\"article:publisher\" content=\"https:\/\/www.facebook.com\/patagonia.ambiental\" \/>\n<meta property=\"article:author\" content=\"https:\/\/www.facebook.com\/share\/1C1V8Gv9BX\/?mibextid=qi2Omg\" \/>\n<meta property=\"article:published_time\" content=\"2015-10-02T22:00:36+00:00\" \/>\n<meta name=\"author\" content=\"Patagonia Ambiental\" \/>\n<meta name=\"twitter:card\" content=\"summary_large_image\" \/>\n<meta name=\"twitter:creator\" content=\"@PatAmb\" \/>\n<meta name=\"twitter:site\" content=\"@PatAmb\" \/>\n<script type=\"application\/ld+json\" class=\"yoast-schema-graph\">{\"@context\":\"https:\\\/\\\/schema.org\",\"@graph\":[{\"@type\":\"Article\",\"@id\":\"https:\\\/\\\/patagoniambiental.com.ar\\\/info\\\/universidad-nacional-de-tierra-del-fuego-impulsan-el-proyecto-parque-nacional-tierra-del-fuego-aula-al-aire-libre\\\/#article\",\"isPartOf\":{\"@id\":\"https:\\\/\\\/patagoniambiental.com.ar\\\/info\\\/universidad-nacional-de-tierra-del-fuego-impulsan-el-proyecto-parque-nacional-tierra-del-fuego-aula-al-aire-libre\\\/\"},\"author\":{\"name\":\"Patagonia Ambiental\",\"@id\":\"https:\\\/\\\/patagoniambiental.com.ar\\\/info\\\/#\\\/schema\\\/person\\\/db12bff64bbcbf6a253710bf0ea37b5d\"},\"headline\":\"UNIVERSIDAD NACIONAL DE TIERRA DEL FUEGO: Impulsan el proyecto \u201cParque Nacional Tierra del Fuego: Aula al aire libre\u201d\",\"datePublished\":\"2015-10-02T22:00:36+00:00\",\"mainEntityOfPage\":{\"@id\":\"https:\\\/\\\/patagoniambiental.com.ar\\\/info\\\/universidad-nacional-de-tierra-del-fuego-impulsan-el-proyecto-parque-nacional-tierra-del-fuego-aula-al-aire-libre\\\/\"},\"wordCount\":321,\"publisher\":{\"@id\":\"https:\\\/\\\/patagoniambiental.com.ar\\\/info\\\/#organization\"},\"image\":{\"@id\":\"https:\\\/\\\/patagoniambiental.com.ar\\\/info\\\/universidad-nacional-de-tierra-del-fuego-impulsan-el-proyecto-parque-nacional-tierra-del-fuego-aula-al-aire-libre\\\/#primaryimage\"},\"thumbnailUrl\":\"\",\"articleSection\":[\"Noticias\",\"Provinciales\",\"Tierra del Fuego\"],\"inLanguage\":\"es\"},{\"@type\":\"WebPage\",\"@id\":\"https:\\\/\\\/patagoniambiental.com.ar\\\/info\\\/universidad-nacional-de-tierra-del-fuego-impulsan-el-proyecto-parque-nacional-tierra-del-fuego-aula-al-aire-libre\\\/\",\"url\":\"https:\\\/\\\/patagoniambiental.com.ar\\\/info\\\/universidad-nacional-de-tierra-del-fuego-impulsan-el-proyecto-parque-nacional-tierra-del-fuego-aula-al-aire-libre\\\/\",\"name\":\"UNIVERSIDAD NACIONAL DE TIERRA DEL FUEGO: Impulsan el proyecto \u201cParque Nacional Tierra del Fuego: Aula al aire libre\u201d\",\"isPartOf\":{\"@id\":\"https:\\\/\\\/patagoniambiental.com.ar\\\/info\\\/#website\"},\"primaryImageOfPage\":{\"@id\":\"https:\\\/\\\/patagoniambiental.com.ar\\\/info\\\/universidad-nacional-de-tierra-del-fuego-impulsan-el-proyecto-parque-nacional-tierra-del-fuego-aula-al-aire-libre\\\/#primaryimage\"},\"image\":{\"@id\":\"https:\\\/\\\/patagoniambiental.com.ar\\\/info\\\/universidad-nacional-de-tierra-del-fuego-impulsan-el-proyecto-parque-nacional-tierra-del-fuego-aula-al-aire-libre\\\/#primaryimage\"},\"thumbnailUrl\":\"\",\"datePublished\":\"2015-10-02T22:00:36+00:00\",\"breadcrumb\":{\"@id\":\"https:\\\/\\\/patagoniambiental.com.ar\\\/info\\\/universidad-nacional-de-tierra-del-fuego-impulsan-el-proyecto-parque-nacional-tierra-del-fuego-aula-al-aire-libre\\\/#breadcrumb\"},\"inLanguage\":\"es\",\"potentialAction\":[{\"@type\":\"ReadAction\",\"target\":[\"https:\\\/\\\/patagoniambiental.com.ar\\\/info\\\/universidad-nacional-de-tierra-del-fuego-impulsan-el-proyecto-parque-nacional-tierra-del-fuego-aula-al-aire-libre\\\/\"]}]},{\"@type\":\"ImageObject\",\"inLanguage\":\"es\",\"@id\":\"https:\\\/\\\/patagoniambiental.com.ar\\\/info\\\/universidad-nacional-de-tierra-del-fuego-impulsan-el-proyecto-parque-nacional-tierra-del-fuego-aula-al-aire-libre\\\/#primaryimage\",\"url\":\"\",\"contentUrl\":\"\"},{\"@type\":\"BreadcrumbList\",\"@id\":\"https:\\\/\\\/patagoniambiental.com.ar\\\/info\\\/universidad-nacional-de-tierra-del-fuego-impulsan-el-proyecto-parque-nacional-tierra-del-fuego-aula-al-aire-libre\\\/#breadcrumb\",\"itemListElement\":[{\"@type\":\"ListItem\",\"position\":1,\"name\":\"Inicio\",\"item\":\"https:\\\/\\\/patagoniambiental.com.ar\\\/info\\\/\"},{\"@type\":\"ListItem\",\"position\":2,\"name\":\"UNIVERSIDAD NACIONAL DE TIERRA DEL FUEGO: Impulsan el proyecto \u201cParque Nacional Tierra del Fuego: Aula al aire libre\u201d\"}]},{\"@type\":\"WebSite\",\"@id\":\"https:\\\/\\\/patagoniambiental.com.ar\\\/info\\\/#website\",\"url\":\"https:\\\/\\\/patagoniambiental.com.ar\\\/info\\\/\",\"name\":\"Patagonia Ambiental\",\"description\":\"Monitoreo y an\u00e1lisis de la situaci\u00f3n geopol\u00edtica en el mundo y su implicancia en la Patagonia\",\"publisher\":{\"@id\":\"https:\\\/\\\/patagoniambiental.com.ar\\\/info\\\/#organization\"},\"potentialAction\":[{\"@type\":\"SearchAction\",\"target\":{\"@type\":\"EntryPoint\",\"urlTemplate\":\"https:\\\/\\\/patagoniambiental.com.ar\\\/info\\\/?s={search_term_string}\"},\"query-input\":{\"@type\":\"PropertyValueSpecification\",\"valueRequired\":true,\"valueName\":\"search_term_string\"}}],\"inLanguage\":\"es\"},{\"@type\":\"Organization\",\"@id\":\"https:\\\/\\\/patagoniambiental.com.ar\\\/info\\\/#organization\",\"name\":\"Patagonia Ambiental\",\"url\":\"https:\\\/\\\/patagoniambiental.com.ar\\\/info\\\/\",\"logo\":{\"@type\":\"ImageObject\",\"inLanguage\":\"es\",\"@id\":\"https:\\\/\\\/patagoniambiental.com.ar\\\/info\\\/#\\\/schema\\\/logo\\\/image\\\/\",\"url\":\"https:\\\/\\\/patagoniambiental.com.ar\\\/info\\\/wp-content\\\/uploads\\\/2025\\\/05\\\/LOGO-PATAGONIA-AMBIENTAL.png\",\"contentUrl\":\"https:\\\/\\\/patagoniambiental.com.ar\\\/info\\\/wp-content\\\/uploads\\\/2025\\\/05\\\/LOGO-PATAGONIA-AMBIENTAL.png\",\"width\":433,\"height\":250,\"caption\":\"Patagonia Ambiental\"},\"image\":{\"@id\":\"https:\\\/\\\/patagoniambiental.com.ar\\\/info\\\/#\\\/schema\\\/logo\\\/image\\\/\"},\"sameAs\":[\"https:\\\/\\\/www.facebook.com\\\/patagonia.ambiental\",\"https:\\\/\\\/x.com\\\/PatAmb\"]},{\"@type\":\"Person\",\"@id\":\"https:\\\/\\\/patagoniambiental.com.ar\\\/info\\\/#\\\/schema\\\/person\\\/db12bff64bbcbf6a253710bf0ea37b5d\",\"name\":\"Patagonia Ambiental\",\"description\":\"Andr\u00e9s Nievas T\u00e9cnico en manejo ambiental, consultor Ambiental y escritor para medios locales e internacionales sobre temas de geopolitica y medio ambiente.\",\"sameAs\":[\"http:\\\/\\\/www.patagoniambiental.com.ar\",\"https:\\\/\\\/www.facebook.com\\\/share\\\/1C1V8Gv9BX\\\/?mibextid=qi2Omg\",\"@patagoniambiental\",\"https:\\\/\\\/youtube.com\\\/@patagoniaambiental2023?si=BLt58t0wuXquxlYZ\"]}]}<\/script>\n<!-- \/ Yoast SEO Premium plugin. -->","yoast_head_json":{"title":"UNIVERSIDAD NACIONAL DE TIERRA DEL FUEGO: Impulsan el proyecto \u201cParque Nacional Tierra del Fuego: Aula al aire libre\u201d","robots":{"index":"index","follow":"follow","max-snippet":"max-snippet:-1","max-image-preview":"max-image-preview:large","max-video-preview":"max-video-preview:-1"},"canonical":"https:\/\/patagoniambiental.com.ar\/info\/universidad-nacional-de-tierra-del-fuego-impulsan-el-proyecto-parque-nacional-tierra-del-fuego-aula-al-aire-libre\/","og_locale":"es_ES","og_type":"article","og_title":"UNIVERSIDAD NACIONAL DE TIERRA DEL FUEGO: Impulsan el proyecto \u201cParque Nacional Tierra del Fuego: Aula al aire libre\u201d","og_description":"Tierra del Fuego.-La UNTDF y el Ministerio de Educaci\u00f3n de la Provincia promueven un espacio de capacitaci\u00f3n para docentes de [&hellip;]","og_url":"https:\/\/patagoniambiental.com.ar\/info\/universidad-nacional-de-tierra-del-fuego-impulsan-el-proyecto-parque-nacional-tierra-del-fuego-aula-al-aire-libre\/","og_site_name":"Patagonia Ambiental","article_publisher":"https:\/\/www.facebook.com\/patagonia.ambiental","article_author":"https:\/\/www.facebook.com\/share\/1C1V8Gv9BX\/?mibextid=qi2Omg","article_published_time":"2015-10-02T22:00:36+00:00","author":"Patagonia Ambiental","twitter_card":"summary_large_image","twitter_creator":"@PatAmb","twitter_site":"@PatAmb","schema":{"@context":"https:\/\/schema.org","@graph":[{"@type":"Article","@id":"https:\/\/patagoniambiental.com.ar\/info\/universidad-nacional-de-tierra-del-fuego-impulsan-el-proyecto-parque-nacional-tierra-del-fuego-aula-al-aire-libre\/#article","isPartOf":{"@id":"https:\/\/patagoniambiental.com.ar\/info\/universidad-nacional-de-tierra-del-fuego-impulsan-el-proyecto-parque-nacional-tierra-del-fuego-aula-al-aire-libre\/"},"author":{"name":"Patagonia Ambiental","@id":"https:\/\/patagoniambiental.com.ar\/info\/#\/schema\/person\/db12bff64bbcbf6a253710bf0ea37b5d"},"headline":"UNIVERSIDAD NACIONAL DE TIERRA DEL FUEGO: Impulsan el proyecto \u201cParque Nacional Tierra del Fuego: Aula al aire libre\u201d","datePublished":"2015-10-02T22:00:36+00:00","mainEntityOfPage":{"@id":"https:\/\/patagoniambiental.com.ar\/info\/universidad-nacional-de-tierra-del-fuego-impulsan-el-proyecto-parque-nacional-tierra-del-fuego-aula-al-aire-libre\/"},"wordCount":321,"publisher":{"@id":"https:\/\/patagoniambiental.com.ar\/info\/#organization"},"image":{"@id":"https:\/\/patagoniambiental.com.ar\/info\/universidad-nacional-de-tierra-del-fuego-impulsan-el-proyecto-parque-nacional-tierra-del-fuego-aula-al-aire-libre\/#primaryimage"},"thumbnailUrl":"","articleSection":["Noticias","Provinciales","Tierra del Fuego"],"inLanguage":"es"},{"@type":"WebPage","@id":"https:\/\/patagoniambiental.com.ar\/info\/universidad-nacional-de-tierra-del-fuego-impulsan-el-proyecto-parque-nacional-tierra-del-fuego-aula-al-aire-libre\/","url":"https:\/\/patagoniambiental.com.ar\/info\/universidad-nacional-de-tierra-del-fuego-impulsan-el-proyecto-parque-nacional-tierra-del-fuego-aula-al-aire-libre\/","name":"UNIVERSIDAD NACIONAL DE TIERRA DEL FUEGO: Impulsan el proyecto \u201cParque Nacional Tierra del Fuego: Aula al aire libre\u201d","isPartOf":{"@id":"https:\/\/patagoniambiental.com.ar\/info\/#website"},"primaryImageOfPage":{"@id":"https:\/\/patagoniambiental.com.ar\/info\/universidad-nacional-de-tierra-del-fuego-impulsan-el-proyecto-parque-nacional-tierra-del-fuego-aula-al-aire-libre\/#primaryimage"},"image":{"@id":"https:\/\/patagoniambiental.com.ar\/info\/universidad-nacional-de-tierra-del-fuego-impulsan-el-proyecto-parque-nacional-tierra-del-fuego-aula-al-aire-libre\/#primaryimage"},"thumbnailUrl":"","datePublished":"2015-10-02T22:00:36+00:00","breadcrumb":{"@id":"https:\/\/patagoniambiental.com.ar\/info\/universidad-nacional-de-tierra-del-fuego-impulsan-el-proyecto-parque-nacional-tierra-del-fuego-aula-al-aire-libre\/#breadcrumb"},"inLanguage":"es","potentialAction":[{"@type":"ReadAction","target":["https:\/\/patagoniambiental.com.ar\/info\/universidad-nacional-de-tierra-del-fuego-impulsan-el-proyecto-parque-nacional-tierra-del-fuego-aula-al-aire-libre\/"]}]},{"@type":"ImageObject","inLanguage":"es","@id":"https:\/\/patagoniambiental.com.ar\/info\/universidad-nacional-de-tierra-del-fuego-impulsan-el-proyecto-parque-nacional-tierra-del-fuego-aula-al-aire-libre\/#primaryimage","url":"","contentUrl":""},{"@type":"BreadcrumbList","@id":"https:\/\/patagoniambiental.com.ar\/info\/universidad-nacional-de-tierra-del-fuego-impulsan-el-proyecto-parque-nacional-tierra-del-fuego-aula-al-aire-libre\/#breadcrumb","itemListElement":[{"@type":"ListItem","position":1,"name":"Inicio","item":"https:\/\/patagoniambiental.com.ar\/info\/"},{"@type":"ListItem","position":2,"name":"UNIVERSIDAD NACIONAL DE TIERRA DEL FUEGO: Impulsan el proyecto \u201cParque Nacional Tierra del Fuego: Aula al aire libre\u201d"}]},{"@type":"WebSite","@id":"https:\/\/patagoniambiental.com.ar\/info\/#website","url":"https:\/\/patagoniambiental.com.ar\/info\/","name":"Patagonia Ambiental","description":"Monitoreo y an\u00e1lisis de la situaci\u00f3n geopol\u00edtica en el mundo y su implicancia en la Patagonia","publisher":{"@id":"https:\/\/patagoniambiental.com.ar\/info\/#organization"},"potentialAction":[{"@type":"SearchAction","target":{"@type":"EntryPoint","urlTemplate":"https:\/\/patagoniambiental.com.ar\/info\/?s={search_term_string}"},"query-input":{"@type":"PropertyValueSpecification","valueRequired":true,"valueName":"search_term_string"}}],"inLanguage":"es"},{"@type":"Organization","@id":"https:\/\/patagoniambiental.com.ar\/info\/#organization","name":"Patagonia Ambiental","url":"https:\/\/patagoniambiental.com.ar\/info\/","logo":{"@type":"ImageObject","inLanguage":"es","@id":"https:\/\/patagoniambiental.com.ar\/info\/#\/schema\/logo\/image\/","url":"https:\/\/patagoniambiental.com.ar\/info\/wp-content\/uploads\/2025\/05\/LOGO-PATAGONIA-AMBIENTAL.png","contentUrl":"https:\/\/patagoniambiental.com.ar\/info\/wp-content\/uploads\/2025\/05\/LOGO-PATAGONIA-AMBIENTAL.png","width":433,"height":250,"caption":"Patagonia Ambiental"},"image":{"@id":"https:\/\/patagoniambiental.com.ar\/info\/#\/schema\/logo\/image\/"},"sameAs":["https:\/\/www.facebook.com\/patagonia.ambiental","https:\/\/x.com\/PatAmb"]},{"@type":"Person","@id":"https:\/\/patagoniambiental.com.ar\/info\/#\/schema\/person\/db12bff64bbcbf6a253710bf0ea37b5d","name":"Patagonia Ambiental","description":"Andr\u00e9s Nievas T\u00e9cnico en manejo ambiental, consultor Ambiental y escritor para medios locales e internacionales sobre temas de geopolitica y medio ambiente.","sameAs":["http:\/\/www.patagoniambiental.com.ar","https:\/\/www.facebook.com\/share\/1C1V8Gv9BX\/?mibextid=qi2Omg","@patagoniambiental","https:\/\/youtube.com\/@patagoniaambiental2023?si=BLt58t0wuXquxlYZ"]}]}},"_links":{"self":[{"href":"https:\/\/patagoniambiental.com.ar\/info\/wp-json\/wp\/v2\/posts\/14350","targetHints":{"allow":["GET"]}}],"collection":[{"href":"https:\/\/patagoniambiental.com.ar\/info\/wp-json\/wp\/v2\/posts"}],"about":[{"href":"https:\/\/patagoniambiental.com.ar\/info\/wp-json\/wp\/v2\/types\/post"}],"author":[{"embeddable":true,"href":"https:\/\/patagoniambiental.com.ar\/info\/wp-json\/wp\/v2\/users\/2"}],"replies":[{"embeddable":true,"href":"https:\/\/patagoniambiental.com.ar\/info\/wp-json\/wp\/v2\/comments?post=14350"}],"version-history":[{"count":0,"href":"https:\/\/patagoniambiental.com.ar\/info\/wp-json\/wp\/v2\/posts\/14350\/revisions"}],"wp:featuredmedia":[{"embeddable":true,"href":"https:\/\/patagoniambiental.com.ar\/info\/wp-json\/"}],"wp:attachment":[{"href":"https:\/\/patagoniambiental.com.ar\/info\/wp-json\/wp\/v2\/media?parent=14350"}],"wp:term":[{"taxonomy":"category","embeddable":true,"href":"https:\/\/patagoniambiental.com.ar\/info\/wp-json\/wp\/v2\/categories?post=14350"},{"taxonomy":"post_tag","embeddable":true,"href":"https:\/\/patagoniambiental.com.ar\/info\/wp-json\/wp\/v2\/tags?post=14350"}],"curies":[{"name":"wp","href":"https:\/\/api.w.org\/{rel}","templated":true}]}}