{"id":14376,"date":"2015-10-06T09:00:09","date_gmt":"2015-10-06T12:00:09","guid":{"rendered":"http:\/\/patagoniambiental.com.ar\/?p=14376"},"modified":"2015-10-06T09:00:09","modified_gmt":"2015-10-06T12:00:09","slug":"medio-ambiente-con-jornada-de-limpieza-abrio-el-6o-festival-de-aves","status":"publish","type":"post","link":"https:\/\/patagoniambiental.com.ar\/info\/medio-ambiente-con-jornada-de-limpieza-abrio-el-6o-festival-de-aves\/","title":{"rendered":"MEDIO AMBIENTE: Con jornada de limpieza abri\u00f3 el 6\u00ba Festival de Aves"},"content":{"rendered":"<p>R\u00edo Grande.-Una gran campa\u00f1a de limpieza de la playa, que abarc\u00f3 desde la costanera de la ciudad hasta el cabo Domingo, el Municipio de R\u00edo Grande dio inicio al 6\u00ba Festival de Aves de la Reserva Costa Atl\u00e1ntica<!--more--><\/p>\n<p>y asimismo fue el marco propicio para brindar un fuerte mensaje sobre la protecci\u00f3n de los ecosistemas costeros y la biodiversidad ya que justamente el 1 de octubre se celebra el \u2018D\u00eda de las Costas Limpias\u2019.<\/p>\n<p>Desde la Direcci\u00f3n de Ecolog\u00eda y Medio Ambiente dependiente de la Secretar\u00eda de la Producci\u00f3n, recordaron que \u201cse vienen promocionando eventos que tengan que ver con llevar adelante trabajos de limpieza y embellecimiento de la ciudad\u201d.<\/p>\n<p>En ese sentido la directora a cargo del \u00e1rea, ingeniera Marcela Arg\u00fcello, coment\u00f3 que \u201cen la fecha se realiz\u00f3 una jornada de limpieza en la costa que ba\u00f1a la ciudad. La actividad se hab\u00eda planificado en el marco del \u2018D\u00eda de las Costas Limpias\u2019, que se hab\u00eda decretado desde el Municipio como estrategia para mantener una mejor calidad de vida\u201d.<\/p>\n<p>Por ese motivo fueron invitados a participar de la jornada varias escuelas de la ciudad, instituciones como Gendarmer\u00eda Nacional, Prefectura, Escuela de Polic\u00eda con la participaci\u00f3n de los cadetes que all\u00ed estudian, e inclusive organizaciones como los centros de estudiantes de la UNTEF Y CENT 35.<\/p>\n<p>La Direcci\u00f3n de Ecolog\u00eda y Medio Ambiente planific\u00f3 la limpieza junto a su personal, dividiendo la extensi\u00f3n de las costas en cuatro grandes grupos de limpieza. Uno de ellos comenz\u00f3 desde la playa situada frente a la sede municipal, hacia el norte de la ciudad, sector en el que participaron alumnos de las escuelas N\u00b0 2 y \u2018Cono Sur\u2019. El segundo se realiz\u00f3 sus labores por sector de la Rotonda del Avi\u00f3n, ubicada en proximidades al \u00e1rbol de Navidad. El tercero de ellos, a la altura de \u2018El Cristo\u2019, donde participaron los alumnos de colegio Soberan\u00eda Nacional del primer a\u00f1o de E.S.O. (Educaci\u00f3n Secundaria Obligatoria) acompa\u00f1ados de los integrantes del centro de estudiantes del CENT 35 Y UNTDF, y el \u00faltimo grupo, en el sector del cabo domingo en el que trabajaron los alumnos de la misi\u00f3n salesiana acompa\u00f1ados de los cadetes de la Escuela Superior de Polic\u00eda, personal de Prefectura Naval y Gendarmer\u00eda.<\/p>\n<p>\u201cDurante la jornada se pudo sentir el fr\u00edo viento, caracter\u00edstico de nuestras latitudes, que soplaba desde el mar, sin embargo se vivieron momentos de alegr\u00eda, compromiso y solidaridad, que cargaron de calor humano junto a las instituciones y j\u00f3venes que participaron de la actividad\u201d, comparti\u00f3 la ingeniera Marcela Arg\u00fcello.<\/p>\n<p>Finalmente los residuos fueron recolectados por un cami\u00f3n del municipio, el que al fin de su recorrido se vio colmado de bolsas de residuos, producto de la limpieza en las costas de R\u00edo Grande.<\/p>\n<p><strong>El cronograma contin\u00faa de la siguiente manera:<\/strong><\/p>\n<p>Lunes 5 de octubre:<br \/>\nActividad: \u201cD\u00eda Nacional del Ave\u201d inauguraci\u00f3n nuevo mirador Laguna de los Patos.<br \/>\nLUGAR: RNU Laguna de los Patos<br \/>\nHORA: 11.<\/p>\n<p>Actividad: Salida de Observaci\u00f3n de Aves con Colegios<br \/>\nLUGAR: Centro de Interpretaci\u00f3n de la RCA<br \/>\nHORA: A confirmar.<\/p>\n<p>Viernes 9 de octubre:<br \/>\nActividad: Limpieza en la Reserva Natural Urbana \u201cLaguna de los Patos\u201d.<br \/>\nLUGAR: Laguna de los Patos.<br \/>\nHORA: De 10 a 12.<\/p>\n<p>Domingo 11 de octubre:<br \/>\nActividad: Salida de Campo<br \/>\nLUGAR: Bah\u00eda San Sebasti\u00e1n y los Chorrillos<br \/>\nHORA: 6.30.<\/p>\n<p>Martes 13 de octubre:<br \/>\nActividad: Avistaje de Aves<br \/>\nLUGAR: Laguna de los Patos<br \/>\nHORA: De 10 a 12 y de 14 a 16.<\/p>\n<p>Mi\u00e9rcoles 14 de octubre:<br \/>\nActividad: Avistaje de Aves<br \/>\nLUGAR: Punta Popper<br \/>\nHORA: De 10 a 12 y de 14 a 16.<\/p>\n<p>Jueves 15 de octubre:<br \/>\nActividad: Avistaje de Aves<br \/>\nLUGAR: Laguna de los Patos<br \/>\nHORA: De 10 a 12 y de 14 a 16.<\/p>\n<p>Viernes 16 de octubre:<br \/>\nActividad: Avistaje de Aves<br \/>\nLUGAR: Punta Popper<br \/>\nHORA: De 10 a 12 y de 14 a 16.<\/p>\n<p>S\u00e1bado 17 de octubre:<br \/>\nActividad: Salida de Campo<br \/>\nLUGAR: Cabo Auricosta y Viamonte Viejo<br \/>\nHORA: 9.<\/p>\n<p>Lunes 19 de octubre:<br \/>\nActividad: Limpieza en la Reserva Natural Urbana \u201cPunta Popper\u201d.<br \/>\nLUGAR: Punta Popper<br \/>\nHORA: De 10 a 12.<\/p>\n<p>Del Martes 20 al viernes 23 de octubre:<br \/>\nActividad: Talleres l\u00fadicos y art\u00edsticos con presencia de colegios.<br \/>\nLUGAR: Museo Municipal \u201cVirginia Choquintel\u201d.<br \/>\nHORA: De 9 a 12y de 14 a 17.<\/p>\n<p>S\u00e1bado 24 de octubre:<br \/>\nActividades: Talleres abiertos.<br \/>\nLUGAR: Museo Municipal \u201cVirginia Choquintel\u201d.<br \/>\nHORA: De 16 a 18.<\/p>\n<p>S\u00e1bado 31 de octubre:<br \/>\nActividad: Cierre del \u201cVI Festival de Aves de la Reserva Costa Atl\u00e1ntica\u201d<br \/>\nLUGAR: Centro de Interpretaci\u00f3n de la RCA<br \/>\nHORA: 14.30.<\/p>\n<p>Fuente: Ushuaia Noticias<\/p>\n","protected":false},"excerpt":{"rendered":"<p>R\u00edo Grande.-Una gran campa\u00f1a de limpieza de la playa, que abarc\u00f3 desde la costanera de la ciudad hasta el cabo [&hellip;]<\/p>\n","protected":false},"author":2,"featured_media":14377,"comment_status":"closed","ping_status":"closed","sticky":false,"template":"","format":"standard","meta":{"site-sidebar-layout":"default","site-content-layout":"","ast-site-content-layout":"default","site-content-style":"default","site-sidebar-style":"default","ast-global-header-display":"","ast-banner-title-visibility":"","ast-main-header-display":"","ast-hfb-above-header-display":"","ast-hfb-below-header-display":"","ast-hfb-mobile-header-display":"","site-post-title":"","ast-breadcrumbs-content":"","ast-featured-img":"","footer-sml-layout":"","ast-disable-related-posts":"","theme-transparent-header-meta":"","adv-header-id-meta":"","stick-header-meta":"","header-above-stick-meta":"","header-main-stick-meta":"","header-below-stick-meta":"","astra-migrate-meta-layouts":"default","ast-page-background-enabled":"default","ast-page-background-meta":{"desktop":{"background-color":"var(--ast-global-color-5)","background-image":"","background-repeat":"repeat","background-position":"center center","background-size":"auto","background-attachment":"scroll","background-type":"","background-media":"","overlay-type":"","overlay-color":"","overlay-opacity":"","overlay-gradient":""},"tablet":{"background-color":"","background-image":"","background-repeat":"repeat","background-position":"center center","background-size":"auto","background-attachment":"scroll","background-type":"","background-media":"","overlay-type":"","overlay-color":"","overlay-opacity":"","overlay-gradient":""},"mobile":{"background-color":"","background-image":"","background-repeat":"repeat","background-position":"center center","background-size":"auto","background-attachment":"scroll","background-type":"","background-media":"","overlay-type":"","overlay-color":"","overlay-opacity":"","overlay-gradient":""}},"ast-content-background-meta":{"desktop":{"background-color":"var(--ast-global-color-4)","background-image":"","background-repeat":"repeat","background-position":"center center","background-size":"auto","background-attachment":"scroll","background-type":"","background-media":"","overlay-type":"","overlay-color":"","overlay-opacity":"","overlay-gradient":""},"tablet":{"background-color":"var(--ast-global-color-4)","background-image":"","background-repeat":"repeat","background-position":"center center","background-size":"auto","background-attachment":"scroll","background-type":"","background-media":"","overlay-type":"","overlay-color":"","overlay-opacity":"","overlay-gradient":""},"mobile":{"background-color":"var(--ast-global-color-4)","background-image":"","background-repeat":"repeat","background-position":"center center","background-size":"auto","background-attachment":"scroll","background-type":"","background-media":"","overlay-type":"","overlay-color":"","overlay-opacity":"","overlay-gradient":""}},"footnotes":""},"categories":[1,13,25],"tags":[],"class_list":["post-14376","post","type-post","status-publish","format-standard","has-post-thumbnail","hentry","category-noticias","category-provinciales","category-tierra-del-fuego"],"yoast_head":"<!-- This site is optimized with the Yoast SEO Premium plugin v23.0 (Yoast SEO v27.5) - https:\/\/yoast.com\/product\/yoast-seo-premium-wordpress\/ -->\n<title>MEDIO AMBIENTE: Con jornada de limpieza abri\u00f3 el 6\u00ba Festival de Aves<\/title>\n<meta name=\"robots\" content=\"index, follow, max-snippet:-1, max-image-preview:large, max-video-preview:-1\" \/>\n<link rel=\"canonical\" href=\"https:\/\/patagoniambiental.com.ar\/info\/medio-ambiente-con-jornada-de-limpieza-abrio-el-6o-festival-de-aves\/\" \/>\n<meta property=\"og:locale\" content=\"es_ES\" \/>\n<meta property=\"og:type\" content=\"article\" \/>\n<meta property=\"og:title\" content=\"MEDIO AMBIENTE: Con jornada de limpieza abri\u00f3 el 6\u00ba Festival de Aves\" \/>\n<meta property=\"og:description\" content=\"R\u00edo Grande.-Una gran campa\u00f1a de limpieza de la playa, que abarc\u00f3 desde la costanera de la ciudad hasta el cabo [&hellip;]\" \/>\n<meta property=\"og:url\" content=\"https:\/\/patagoniambiental.com.ar\/info\/medio-ambiente-con-jornada-de-limpieza-abrio-el-6o-festival-de-aves\/\" \/>\n<meta property=\"og:site_name\" content=\"Patagonia Ambiental\" \/>\n<meta property=\"article:publisher\" content=\"https:\/\/www.facebook.com\/patagonia.ambiental\" \/>\n<meta property=\"article:author\" content=\"https:\/\/www.facebook.com\/share\/1C1V8Gv9BX\/?mibextid=qi2Omg\" \/>\n<meta property=\"article:published_time\" content=\"2015-10-06T12:00:09+00:00\" \/>\n<meta name=\"author\" content=\"Patagonia Ambiental\" \/>\n<meta name=\"twitter:card\" content=\"summary_large_image\" \/>\n<meta name=\"twitter:creator\" content=\"@PatAmb\" \/>\n<meta name=\"twitter:site\" content=\"@PatAmb\" \/>\n<script type=\"application\/ld+json\" class=\"yoast-schema-graph\">{\"@context\":\"https:\\\/\\\/schema.org\",\"@graph\":[{\"@type\":\"Article\",\"@id\":\"https:\\\/\\\/patagoniambiental.com.ar\\\/info\\\/medio-ambiente-con-jornada-de-limpieza-abrio-el-6o-festival-de-aves\\\/#article\",\"isPartOf\":{\"@id\":\"https:\\\/\\\/patagoniambiental.com.ar\\\/info\\\/medio-ambiente-con-jornada-de-limpieza-abrio-el-6o-festival-de-aves\\\/\"},\"author\":{\"name\":\"Patagonia Ambiental\",\"@id\":\"https:\\\/\\\/patagoniambiental.com.ar\\\/info\\\/#\\\/schema\\\/person\\\/db12bff64bbcbf6a253710bf0ea37b5d\"},\"headline\":\"MEDIO AMBIENTE: Con jornada de limpieza abri\u00f3 el 6\u00ba Festival de Aves\",\"datePublished\":\"2015-10-06T12:00:09+00:00\",\"mainEntityOfPage\":{\"@id\":\"https:\\\/\\\/patagoniambiental.com.ar\\\/info\\\/medio-ambiente-con-jornada-de-limpieza-abrio-el-6o-festival-de-aves\\\/\"},\"wordCount\":764,\"publisher\":{\"@id\":\"https:\\\/\\\/patagoniambiental.com.ar\\\/info\\\/#organization\"},\"image\":{\"@id\":\"https:\\\/\\\/patagoniambiental.com.ar\\\/info\\\/medio-ambiente-con-jornada-de-limpieza-abrio-el-6o-festival-de-aves\\\/#primaryimage\"},\"thumbnailUrl\":\"\",\"articleSection\":[\"Noticias\",\"Provinciales\",\"Tierra del Fuego\"],\"inLanguage\":\"es\"},{\"@type\":\"WebPage\",\"@id\":\"https:\\\/\\\/patagoniambiental.com.ar\\\/info\\\/medio-ambiente-con-jornada-de-limpieza-abrio-el-6o-festival-de-aves\\\/\",\"url\":\"https:\\\/\\\/patagoniambiental.com.ar\\\/info\\\/medio-ambiente-con-jornada-de-limpieza-abrio-el-6o-festival-de-aves\\\/\",\"name\":\"MEDIO AMBIENTE: Con jornada de limpieza abri\u00f3 el 6\u00ba Festival de Aves\",\"isPartOf\":{\"@id\":\"https:\\\/\\\/patagoniambiental.com.ar\\\/info\\\/#website\"},\"primaryImageOfPage\":{\"@id\":\"https:\\\/\\\/patagoniambiental.com.ar\\\/info\\\/medio-ambiente-con-jornada-de-limpieza-abrio-el-6o-festival-de-aves\\\/#primaryimage\"},\"image\":{\"@id\":\"https:\\\/\\\/patagoniambiental.com.ar\\\/info\\\/medio-ambiente-con-jornada-de-limpieza-abrio-el-6o-festival-de-aves\\\/#primaryimage\"},\"thumbnailUrl\":\"\",\"datePublished\":\"2015-10-06T12:00:09+00:00\",\"breadcrumb\":{\"@id\":\"https:\\\/\\\/patagoniambiental.com.ar\\\/info\\\/medio-ambiente-con-jornada-de-limpieza-abrio-el-6o-festival-de-aves\\\/#breadcrumb\"},\"inLanguage\":\"es\",\"potentialAction\":[{\"@type\":\"ReadAction\",\"target\":[\"https:\\\/\\\/patagoniambiental.com.ar\\\/info\\\/medio-ambiente-con-jornada-de-limpieza-abrio-el-6o-festival-de-aves\\\/\"]}]},{\"@type\":\"ImageObject\",\"inLanguage\":\"es\",\"@id\":\"https:\\\/\\\/patagoniambiental.com.ar\\\/info\\\/medio-ambiente-con-jornada-de-limpieza-abrio-el-6o-festival-de-aves\\\/#primaryimage\",\"url\":\"\",\"contentUrl\":\"\"},{\"@type\":\"BreadcrumbList\",\"@id\":\"https:\\\/\\\/patagoniambiental.com.ar\\\/info\\\/medio-ambiente-con-jornada-de-limpieza-abrio-el-6o-festival-de-aves\\\/#breadcrumb\",\"itemListElement\":[{\"@type\":\"ListItem\",\"position\":1,\"name\":\"Inicio\",\"item\":\"https:\\\/\\\/patagoniambiental.com.ar\\\/info\\\/\"},{\"@type\":\"ListItem\",\"position\":2,\"name\":\"MEDIO AMBIENTE: Con jornada de limpieza abri\u00f3 el 6\u00ba Festival de Aves\"}]},{\"@type\":\"WebSite\",\"@id\":\"https:\\\/\\\/patagoniambiental.com.ar\\\/info\\\/#website\",\"url\":\"https:\\\/\\\/patagoniambiental.com.ar\\\/info\\\/\",\"name\":\"Patagonia Ambiental\",\"description\":\"Monitoreo y an\u00e1lisis de la situaci\u00f3n geopol\u00edtica en el mundo y su implicancia en la Patagonia\",\"publisher\":{\"@id\":\"https:\\\/\\\/patagoniambiental.com.ar\\\/info\\\/#organization\"},\"potentialAction\":[{\"@type\":\"SearchAction\",\"target\":{\"@type\":\"EntryPoint\",\"urlTemplate\":\"https:\\\/\\\/patagoniambiental.com.ar\\\/info\\\/?s={search_term_string}\"},\"query-input\":{\"@type\":\"PropertyValueSpecification\",\"valueRequired\":true,\"valueName\":\"search_term_string\"}}],\"inLanguage\":\"es\"},{\"@type\":\"Organization\",\"@id\":\"https:\\\/\\\/patagoniambiental.com.ar\\\/info\\\/#organization\",\"name\":\"Patagonia Ambiental\",\"url\":\"https:\\\/\\\/patagoniambiental.com.ar\\\/info\\\/\",\"logo\":{\"@type\":\"ImageObject\",\"inLanguage\":\"es\",\"@id\":\"https:\\\/\\\/patagoniambiental.com.ar\\\/info\\\/#\\\/schema\\\/logo\\\/image\\\/\",\"url\":\"https:\\\/\\\/patagoniambiental.com.ar\\\/info\\\/wp-content\\\/uploads\\\/2025\\\/05\\\/LOGO-PATAGONIA-AMBIENTAL.png\",\"contentUrl\":\"https:\\\/\\\/patagoniambiental.com.ar\\\/info\\\/wp-content\\\/uploads\\\/2025\\\/05\\\/LOGO-PATAGONIA-AMBIENTAL.png\",\"width\":433,\"height\":250,\"caption\":\"Patagonia Ambiental\"},\"image\":{\"@id\":\"https:\\\/\\\/patagoniambiental.com.ar\\\/info\\\/#\\\/schema\\\/logo\\\/image\\\/\"},\"sameAs\":[\"https:\\\/\\\/www.facebook.com\\\/patagonia.ambiental\",\"https:\\\/\\\/x.com\\\/PatAmb\"]},{\"@type\":\"Person\",\"@id\":\"https:\\\/\\\/patagoniambiental.com.ar\\\/info\\\/#\\\/schema\\\/person\\\/db12bff64bbcbf6a253710bf0ea37b5d\",\"name\":\"Patagonia Ambiental\",\"description\":\"Andr\u00e9s Nievas T\u00e9cnico en manejo ambiental, consultor Ambiental y escritor para medios locales e internacionales sobre temas de geopolitica y medio ambiente.\",\"sameAs\":[\"http:\\\/\\\/www.patagoniambiental.com.ar\",\"https:\\\/\\\/www.facebook.com\\\/share\\\/1C1V8Gv9BX\\\/?mibextid=qi2Omg\",\"@patagoniambiental\",\"https:\\\/\\\/youtube.com\\\/@patagoniaambiental2023?si=BLt58t0wuXquxlYZ\"]}]}<\/script>\n<!-- \/ Yoast SEO Premium plugin. -->","yoast_head_json":{"title":"MEDIO AMBIENTE: Con jornada de limpieza abri\u00f3 el 6\u00ba Festival de Aves","robots":{"index":"index","follow":"follow","max-snippet":"max-snippet:-1","max-image-preview":"max-image-preview:large","max-video-preview":"max-video-preview:-1"},"canonical":"https:\/\/patagoniambiental.com.ar\/info\/medio-ambiente-con-jornada-de-limpieza-abrio-el-6o-festival-de-aves\/","og_locale":"es_ES","og_type":"article","og_title":"MEDIO AMBIENTE: Con jornada de limpieza abri\u00f3 el 6\u00ba Festival de Aves","og_description":"R\u00edo Grande.-Una gran campa\u00f1a de limpieza de la playa, que abarc\u00f3 desde la costanera de la ciudad hasta el cabo [&hellip;]","og_url":"https:\/\/patagoniambiental.com.ar\/info\/medio-ambiente-con-jornada-de-limpieza-abrio-el-6o-festival-de-aves\/","og_site_name":"Patagonia Ambiental","article_publisher":"https:\/\/www.facebook.com\/patagonia.ambiental","article_author":"https:\/\/www.facebook.com\/share\/1C1V8Gv9BX\/?mibextid=qi2Omg","article_published_time":"2015-10-06T12:00:09+00:00","author":"Patagonia Ambiental","twitter_card":"summary_large_image","twitter_creator":"@PatAmb","twitter_site":"@PatAmb","schema":{"@context":"https:\/\/schema.org","@graph":[{"@type":"Article","@id":"https:\/\/patagoniambiental.com.ar\/info\/medio-ambiente-con-jornada-de-limpieza-abrio-el-6o-festival-de-aves\/#article","isPartOf":{"@id":"https:\/\/patagoniambiental.com.ar\/info\/medio-ambiente-con-jornada-de-limpieza-abrio-el-6o-festival-de-aves\/"},"author":{"name":"Patagonia Ambiental","@id":"https:\/\/patagoniambiental.com.ar\/info\/#\/schema\/person\/db12bff64bbcbf6a253710bf0ea37b5d"},"headline":"MEDIO AMBIENTE: Con jornada de limpieza abri\u00f3 el 6\u00ba Festival de Aves","datePublished":"2015-10-06T12:00:09+00:00","mainEntityOfPage":{"@id":"https:\/\/patagoniambiental.com.ar\/info\/medio-ambiente-con-jornada-de-limpieza-abrio-el-6o-festival-de-aves\/"},"wordCount":764,"publisher":{"@id":"https:\/\/patagoniambiental.com.ar\/info\/#organization"},"image":{"@id":"https:\/\/patagoniambiental.com.ar\/info\/medio-ambiente-con-jornada-de-limpieza-abrio-el-6o-festival-de-aves\/#primaryimage"},"thumbnailUrl":"","articleSection":["Noticias","Provinciales","Tierra del Fuego"],"inLanguage":"es"},{"@type":"WebPage","@id":"https:\/\/patagoniambiental.com.ar\/info\/medio-ambiente-con-jornada-de-limpieza-abrio-el-6o-festival-de-aves\/","url":"https:\/\/patagoniambiental.com.ar\/info\/medio-ambiente-con-jornada-de-limpieza-abrio-el-6o-festival-de-aves\/","name":"MEDIO AMBIENTE: Con jornada de limpieza abri\u00f3 el 6\u00ba Festival de Aves","isPartOf":{"@id":"https:\/\/patagoniambiental.com.ar\/info\/#website"},"primaryImageOfPage":{"@id":"https:\/\/patagoniambiental.com.ar\/info\/medio-ambiente-con-jornada-de-limpieza-abrio-el-6o-festival-de-aves\/#primaryimage"},"image":{"@id":"https:\/\/patagoniambiental.com.ar\/info\/medio-ambiente-con-jornada-de-limpieza-abrio-el-6o-festival-de-aves\/#primaryimage"},"thumbnailUrl":"","datePublished":"2015-10-06T12:00:09+00:00","breadcrumb":{"@id":"https:\/\/patagoniambiental.com.ar\/info\/medio-ambiente-con-jornada-de-limpieza-abrio-el-6o-festival-de-aves\/#breadcrumb"},"inLanguage":"es","potentialAction":[{"@type":"ReadAction","target":["https:\/\/patagoniambiental.com.ar\/info\/medio-ambiente-con-jornada-de-limpieza-abrio-el-6o-festival-de-aves\/"]}]},{"@type":"ImageObject","inLanguage":"es","@id":"https:\/\/patagoniambiental.com.ar\/info\/medio-ambiente-con-jornada-de-limpieza-abrio-el-6o-festival-de-aves\/#primaryimage","url":"","contentUrl":""},{"@type":"BreadcrumbList","@id":"https:\/\/patagoniambiental.com.ar\/info\/medio-ambiente-con-jornada-de-limpieza-abrio-el-6o-festival-de-aves\/#breadcrumb","itemListElement":[{"@type":"ListItem","position":1,"name":"Inicio","item":"https:\/\/patagoniambiental.com.ar\/info\/"},{"@type":"ListItem","position":2,"name":"MEDIO AMBIENTE: Con jornada de limpieza abri\u00f3 el 6\u00ba Festival de Aves"}]},{"@type":"WebSite","@id":"https:\/\/patagoniambiental.com.ar\/info\/#website","url":"https:\/\/patagoniambiental.com.ar\/info\/","name":"Patagonia Ambiental","description":"Monitoreo y an\u00e1lisis de la situaci\u00f3n geopol\u00edtica en el mundo y su implicancia en la Patagonia","publisher":{"@id":"https:\/\/patagoniambiental.com.ar\/info\/#organization"},"potentialAction":[{"@type":"SearchAction","target":{"@type":"EntryPoint","urlTemplate":"https:\/\/patagoniambiental.com.ar\/info\/?s={search_term_string}"},"query-input":{"@type":"PropertyValueSpecification","valueRequired":true,"valueName":"search_term_string"}}],"inLanguage":"es"},{"@type":"Organization","@id":"https:\/\/patagoniambiental.com.ar\/info\/#organization","name":"Patagonia Ambiental","url":"https:\/\/patagoniambiental.com.ar\/info\/","logo":{"@type":"ImageObject","inLanguage":"es","@id":"https:\/\/patagoniambiental.com.ar\/info\/#\/schema\/logo\/image\/","url":"https:\/\/patagoniambiental.com.ar\/info\/wp-content\/uploads\/2025\/05\/LOGO-PATAGONIA-AMBIENTAL.png","contentUrl":"https:\/\/patagoniambiental.com.ar\/info\/wp-content\/uploads\/2025\/05\/LOGO-PATAGONIA-AMBIENTAL.png","width":433,"height":250,"caption":"Patagonia Ambiental"},"image":{"@id":"https:\/\/patagoniambiental.com.ar\/info\/#\/schema\/logo\/image\/"},"sameAs":["https:\/\/www.facebook.com\/patagonia.ambiental","https:\/\/x.com\/PatAmb"]},{"@type":"Person","@id":"https:\/\/patagoniambiental.com.ar\/info\/#\/schema\/person\/db12bff64bbcbf6a253710bf0ea37b5d","name":"Patagonia Ambiental","description":"Andr\u00e9s Nievas T\u00e9cnico en manejo ambiental, consultor Ambiental y escritor para medios locales e internacionales sobre temas de geopolitica y medio ambiente.","sameAs":["http:\/\/www.patagoniambiental.com.ar","https:\/\/www.facebook.com\/share\/1C1V8Gv9BX\/?mibextid=qi2Omg","@patagoniambiental","https:\/\/youtube.com\/@patagoniaambiental2023?si=BLt58t0wuXquxlYZ"]}]}},"_links":{"self":[{"href":"https:\/\/patagoniambiental.com.ar\/info\/wp-json\/wp\/v2\/posts\/14376","targetHints":{"allow":["GET"]}}],"collection":[{"href":"https:\/\/patagoniambiental.com.ar\/info\/wp-json\/wp\/v2\/posts"}],"about":[{"href":"https:\/\/patagoniambiental.com.ar\/info\/wp-json\/wp\/v2\/types\/post"}],"author":[{"embeddable":true,"href":"https:\/\/patagoniambiental.com.ar\/info\/wp-json\/wp\/v2\/users\/2"}],"replies":[{"embeddable":true,"href":"https:\/\/patagoniambiental.com.ar\/info\/wp-json\/wp\/v2\/comments?post=14376"}],"version-history":[{"count":0,"href":"https:\/\/patagoniambiental.com.ar\/info\/wp-json\/wp\/v2\/posts\/14376\/revisions"}],"wp:featuredmedia":[{"embeddable":true,"href":"https:\/\/patagoniambiental.com.ar\/info\/wp-json\/"}],"wp:attachment":[{"href":"https:\/\/patagoniambiental.com.ar\/info\/wp-json\/wp\/v2\/media?parent=14376"}],"wp:term":[{"taxonomy":"category","embeddable":true,"href":"https:\/\/patagoniambiental.com.ar\/info\/wp-json\/wp\/v2\/categories?post=14376"},{"taxonomy":"post_tag","embeddable":true,"href":"https:\/\/patagoniambiental.com.ar\/info\/wp-json\/wp\/v2\/tags?post=14376"}],"curies":[{"name":"wp","href":"https:\/\/api.w.org\/{rel}","templated":true}]}}