{"id":14408,"date":"2015-10-08T09:02:42","date_gmt":"2015-10-08T12:02:42","guid":{"rendered":"http:\/\/patagoniambiental.com.ar\/?p=14408"},"modified":"2015-10-08T09:02:42","modified_gmt":"2015-10-08T12:02:42","slug":"cruceros-australis-y-el-cuidado-del-medio-ambiente-patagonico","status":"publish","type":"post","link":"https:\/\/patagoniambiental.com.ar\/info\/cruceros-australis-y-el-cuidado-del-medio-ambiente-patagonico\/","title":{"rendered":"Cruceros Australis y el cuidado del medio ambiente patag\u00f3nico"},"content":{"rendered":"<p>Tierra del Fuego.-La compa\u00f1\u00eda de cruceros de expedici\u00f3n m\u00e1s austral de Am\u00e9rica celebrar\u00e1 esta temporada su 25\u00ba aniversario, llevando viajeros de todos los continentes a recorrer y disfrutar los principales atractivos de Tierra del Fuego, el Canal Beagle, el Estrecho de Magallanes y Cabo de Hornos.<!--more--><\/p>\n<p>Para el lanzamiento de su pr\u00f3xima temporada 2015-2016, Australis anunci\u00f3 que reafirmando su compromiso con el cuidado del medio ambiente, mantendr\u00e1 su plan de eliminar las botellas pl\u00e1sticas de agua que diariamente consumen los pasajeros. \u201cCuando nuestros pasajeros viven la maravillosa experiencia de explorar una de las regiones m\u00e1s hermosas y v\u00edrgenes del mundo, se convierten en nuestros principales promotores del cuidado del medio ambiente, y como tal aprecian la cantimplora reutilizable que reciben en sus cabinas, la que pueden rellenar cuantas veces necesiten durante el viaje, en cualquiera de los dispensadores de agua purificada ubicados dentro del barco. Con esta medida, evitaremos que m\u00e1s de 75.000 botellas vayan a la basura esta temporada\u201d, agreg\u00f3 Pedro del R\u00edo, Gerente General de la compa\u00f1\u00eda.<\/p>\n<p>Australis (<a href=\"http:\/\/www.australis.com\/\">www.australis.com<\/a>) es una compa\u00f1\u00eda de cruceros de expedici\u00f3n especializada en la navegaci\u00f3n por los canales y fiordos m\u00e1s australes de la Patagonia, en programas de 3, 4 y 7 noches que exploran el Canal del Beagle y el Estrecho de Magallanes, alcanzando el Cabo de Hornos, y recorriendo diferentes rutas con inicio y t\u00e9rmino en las australes ciudades de Ushuaia y Punta Arenas.<\/p>\n<p>Fuente: latamnoticias<\/p>\n","protected":false},"excerpt":{"rendered":"<p>Tierra del Fuego.-La compa\u00f1\u00eda de cruceros de expedici\u00f3n m\u00e1s austral de Am\u00e9rica celebrar\u00e1 esta temporada su 25\u00ba aniversario, llevando viajeros [&hellip;]<\/p>\n","protected":false},"author":2,"featured_media":14409,"comment_status":"closed","ping_status":"closed","sticky":false,"template":"","format":"standard","meta":{"site-sidebar-layout":"default","site-content-layout":"","ast-site-content-layout":"default","site-content-style":"default","site-sidebar-style":"default","ast-global-header-display":"","ast-banner-title-visibility":"","ast-main-header-display":"","ast-hfb-above-header-display":"","ast-hfb-below-header-display":"","ast-hfb-mobile-header-display":"","site-post-title":"","ast-breadcrumbs-content":"","ast-featured-img":"","footer-sml-layout":"","ast-disable-related-posts":"","theme-transparent-header-meta":"","adv-header-id-meta":"","stick-header-meta":"","header-above-stick-meta":"","header-main-stick-meta":"","header-below-stick-meta":"","astra-migrate-meta-layouts":"default","ast-page-background-enabled":"default","ast-page-background-meta":{"desktop":{"background-color":"var(--ast-global-color-5)","background-image":"","background-repeat":"repeat","background-position":"center center","background-size":"auto","background-attachment":"scroll","background-type":"","background-media":"","overlay-type":"","overlay-color":"","overlay-opacity":"","overlay-gradient":""},"tablet":{"background-color":"","background-image":"","background-repeat":"repeat","background-position":"center center","background-size":"auto","background-attachment":"scroll","background-type":"","background-media":"","overlay-type":"","overlay-color":"","overlay-opacity":"","overlay-gradient":""},"mobile":{"background-color":"","background-image":"","background-repeat":"repeat","background-position":"center center","background-size":"auto","background-attachment":"scroll","background-type":"","background-media":"","overlay-type":"","overlay-color":"","overlay-opacity":"","overlay-gradient":""}},"ast-content-background-meta":{"desktop":{"background-color":"var(--ast-global-color-4)","background-image":"","background-repeat":"repeat","background-position":"center center","background-size":"auto","background-attachment":"scroll","background-type":"","background-media":"","overlay-type":"","overlay-color":"","overlay-opacity":"","overlay-gradient":""},"tablet":{"background-color":"var(--ast-global-color-4)","background-image":"","background-repeat":"repeat","background-position":"center center","background-size":"auto","background-attachment":"scroll","background-type":"","background-media":"","overlay-type":"","overlay-color":"","overlay-opacity":"","overlay-gradient":""},"mobile":{"background-color":"var(--ast-global-color-4)","background-image":"","background-repeat":"repeat","background-position":"center center","background-size":"auto","background-attachment":"scroll","background-type":"","background-media":"","overlay-type":"","overlay-color":"","overlay-opacity":"","overlay-gradient":""}},"footnotes":""},"categories":[53,1],"tags":[],"class_list":["post-14408","post","type-post","status-publish","format-standard","has-post-thumbnail","hentry","category-general","category-noticias"],"yoast_head":"<!-- This site is optimized with the Yoast SEO Premium plugin v23.0 (Yoast SEO v27.5) - https:\/\/yoast.com\/product\/yoast-seo-premium-wordpress\/ -->\n<title>Cruceros Australis y el cuidado del medio ambiente patag\u00f3nico<\/title>\n<meta name=\"robots\" content=\"index, follow, max-snippet:-1, max-image-preview:large, max-video-preview:-1\" \/>\n<link rel=\"canonical\" href=\"https:\/\/patagoniambiental.com.ar\/info\/cruceros-australis-y-el-cuidado-del-medio-ambiente-patagonico\/\" \/>\n<meta property=\"og:locale\" content=\"es_ES\" \/>\n<meta property=\"og:type\" content=\"article\" \/>\n<meta property=\"og:title\" content=\"Cruceros Australis y el cuidado del medio ambiente patag\u00f3nico\" \/>\n<meta property=\"og:description\" content=\"Tierra del Fuego.-La compa\u00f1\u00eda de cruceros de expedici\u00f3n m\u00e1s austral de Am\u00e9rica celebrar\u00e1 esta temporada su 25\u00ba aniversario, llevando viajeros [&hellip;]\" \/>\n<meta property=\"og:url\" content=\"https:\/\/patagoniambiental.com.ar\/info\/cruceros-australis-y-el-cuidado-del-medio-ambiente-patagonico\/\" \/>\n<meta property=\"og:site_name\" content=\"Patagonia Ambiental\" \/>\n<meta property=\"article:publisher\" content=\"https:\/\/www.facebook.com\/patagonia.ambiental\" \/>\n<meta property=\"article:author\" content=\"https:\/\/www.facebook.com\/share\/1C1V8Gv9BX\/?mibextid=qi2Omg\" \/>\n<meta property=\"article:published_time\" content=\"2015-10-08T12:02:42+00:00\" \/>\n<meta name=\"author\" content=\"Patagonia Ambiental\" \/>\n<meta name=\"twitter:card\" content=\"summary_large_image\" \/>\n<meta name=\"twitter:creator\" content=\"@PatAmb\" \/>\n<meta name=\"twitter:site\" content=\"@PatAmb\" \/>\n<script type=\"application\/ld+json\" class=\"yoast-schema-graph\">{\"@context\":\"https:\\\/\\\/schema.org\",\"@graph\":[{\"@type\":\"Article\",\"@id\":\"https:\\\/\\\/patagoniambiental.com.ar\\\/info\\\/cruceros-australis-y-el-cuidado-del-medio-ambiente-patagonico\\\/#article\",\"isPartOf\":{\"@id\":\"https:\\\/\\\/patagoniambiental.com.ar\\\/info\\\/cruceros-australis-y-el-cuidado-del-medio-ambiente-patagonico\\\/\"},\"author\":{\"name\":\"Patagonia Ambiental\",\"@id\":\"https:\\\/\\\/patagoniambiental.com.ar\\\/info\\\/#\\\/schema\\\/person\\\/db12bff64bbcbf6a253710bf0ea37b5d\"},\"headline\":\"Cruceros Australis y el cuidado del medio ambiente patag\u00f3nico\",\"datePublished\":\"2015-10-08T12:02:42+00:00\",\"mainEntityOfPage\":{\"@id\":\"https:\\\/\\\/patagoniambiental.com.ar\\\/info\\\/cruceros-australis-y-el-cuidado-del-medio-ambiente-patagonico\\\/\"},\"wordCount\":259,\"publisher\":{\"@id\":\"https:\\\/\\\/patagoniambiental.com.ar\\\/info\\\/#organization\"},\"image\":{\"@id\":\"https:\\\/\\\/patagoniambiental.com.ar\\\/info\\\/cruceros-australis-y-el-cuidado-del-medio-ambiente-patagonico\\\/#primaryimage\"},\"thumbnailUrl\":\"\",\"articleSection\":[\"General\",\"Noticias\"],\"inLanguage\":\"es\"},{\"@type\":\"WebPage\",\"@id\":\"https:\\\/\\\/patagoniambiental.com.ar\\\/info\\\/cruceros-australis-y-el-cuidado-del-medio-ambiente-patagonico\\\/\",\"url\":\"https:\\\/\\\/patagoniambiental.com.ar\\\/info\\\/cruceros-australis-y-el-cuidado-del-medio-ambiente-patagonico\\\/\",\"name\":\"Cruceros Australis y el cuidado del medio ambiente patag\u00f3nico\",\"isPartOf\":{\"@id\":\"https:\\\/\\\/patagoniambiental.com.ar\\\/info\\\/#website\"},\"primaryImageOfPage\":{\"@id\":\"https:\\\/\\\/patagoniambiental.com.ar\\\/info\\\/cruceros-australis-y-el-cuidado-del-medio-ambiente-patagonico\\\/#primaryimage\"},\"image\":{\"@id\":\"https:\\\/\\\/patagoniambiental.com.ar\\\/info\\\/cruceros-australis-y-el-cuidado-del-medio-ambiente-patagonico\\\/#primaryimage\"},\"thumbnailUrl\":\"\",\"datePublished\":\"2015-10-08T12:02:42+00:00\",\"breadcrumb\":{\"@id\":\"https:\\\/\\\/patagoniambiental.com.ar\\\/info\\\/cruceros-australis-y-el-cuidado-del-medio-ambiente-patagonico\\\/#breadcrumb\"},\"inLanguage\":\"es\",\"potentialAction\":[{\"@type\":\"ReadAction\",\"target\":[\"https:\\\/\\\/patagoniambiental.com.ar\\\/info\\\/cruceros-australis-y-el-cuidado-del-medio-ambiente-patagonico\\\/\"]}]},{\"@type\":\"ImageObject\",\"inLanguage\":\"es\",\"@id\":\"https:\\\/\\\/patagoniambiental.com.ar\\\/info\\\/cruceros-australis-y-el-cuidado-del-medio-ambiente-patagonico\\\/#primaryimage\",\"url\":\"\",\"contentUrl\":\"\"},{\"@type\":\"BreadcrumbList\",\"@id\":\"https:\\\/\\\/patagoniambiental.com.ar\\\/info\\\/cruceros-australis-y-el-cuidado-del-medio-ambiente-patagonico\\\/#breadcrumb\",\"itemListElement\":[{\"@type\":\"ListItem\",\"position\":1,\"name\":\"Inicio\",\"item\":\"https:\\\/\\\/patagoniambiental.com.ar\\\/info\\\/\"},{\"@type\":\"ListItem\",\"position\":2,\"name\":\"Cruceros Australis y el cuidado del medio ambiente patag\u00f3nico\"}]},{\"@type\":\"WebSite\",\"@id\":\"https:\\\/\\\/patagoniambiental.com.ar\\\/info\\\/#website\",\"url\":\"https:\\\/\\\/patagoniambiental.com.ar\\\/info\\\/\",\"name\":\"Patagonia Ambiental\",\"description\":\"Monitoreo y an\u00e1lisis de la situaci\u00f3n geopol\u00edtica en el mundo y su implicancia en la Patagonia\",\"publisher\":{\"@id\":\"https:\\\/\\\/patagoniambiental.com.ar\\\/info\\\/#organization\"},\"potentialAction\":[{\"@type\":\"SearchAction\",\"target\":{\"@type\":\"EntryPoint\",\"urlTemplate\":\"https:\\\/\\\/patagoniambiental.com.ar\\\/info\\\/?s={search_term_string}\"},\"query-input\":{\"@type\":\"PropertyValueSpecification\",\"valueRequired\":true,\"valueName\":\"search_term_string\"}}],\"inLanguage\":\"es\"},{\"@type\":\"Organization\",\"@id\":\"https:\\\/\\\/patagoniambiental.com.ar\\\/info\\\/#organization\",\"name\":\"Patagonia Ambiental\",\"url\":\"https:\\\/\\\/patagoniambiental.com.ar\\\/info\\\/\",\"logo\":{\"@type\":\"ImageObject\",\"inLanguage\":\"es\",\"@id\":\"https:\\\/\\\/patagoniambiental.com.ar\\\/info\\\/#\\\/schema\\\/logo\\\/image\\\/\",\"url\":\"https:\\\/\\\/patagoniambiental.com.ar\\\/info\\\/wp-content\\\/uploads\\\/2025\\\/05\\\/LOGO-PATAGONIA-AMBIENTAL.png\",\"contentUrl\":\"https:\\\/\\\/patagoniambiental.com.ar\\\/info\\\/wp-content\\\/uploads\\\/2025\\\/05\\\/LOGO-PATAGONIA-AMBIENTAL.png\",\"width\":433,\"height\":250,\"caption\":\"Patagonia Ambiental\"},\"image\":{\"@id\":\"https:\\\/\\\/patagoniambiental.com.ar\\\/info\\\/#\\\/schema\\\/logo\\\/image\\\/\"},\"sameAs\":[\"https:\\\/\\\/www.facebook.com\\\/patagonia.ambiental\",\"https:\\\/\\\/x.com\\\/PatAmb\"]},{\"@type\":\"Person\",\"@id\":\"https:\\\/\\\/patagoniambiental.com.ar\\\/info\\\/#\\\/schema\\\/person\\\/db12bff64bbcbf6a253710bf0ea37b5d\",\"name\":\"Patagonia Ambiental\",\"description\":\"Andr\u00e9s Nievas T\u00e9cnico en manejo ambiental, consultor Ambiental y escritor para medios locales e internacionales sobre temas de geopolitica y medio ambiente.\",\"sameAs\":[\"http:\\\/\\\/www.patagoniambiental.com.ar\",\"https:\\\/\\\/www.facebook.com\\\/share\\\/1C1V8Gv9BX\\\/?mibextid=qi2Omg\",\"@patagoniambiental\",\"https:\\\/\\\/youtube.com\\\/@patagoniaambiental2023?si=BLt58t0wuXquxlYZ\"]}]}<\/script>\n<!-- \/ Yoast SEO Premium plugin. -->","yoast_head_json":{"title":"Cruceros Australis y el cuidado del medio ambiente patag\u00f3nico","robots":{"index":"index","follow":"follow","max-snippet":"max-snippet:-1","max-image-preview":"max-image-preview:large","max-video-preview":"max-video-preview:-1"},"canonical":"https:\/\/patagoniambiental.com.ar\/info\/cruceros-australis-y-el-cuidado-del-medio-ambiente-patagonico\/","og_locale":"es_ES","og_type":"article","og_title":"Cruceros Australis y el cuidado del medio ambiente patag\u00f3nico","og_description":"Tierra del Fuego.-La compa\u00f1\u00eda de cruceros de expedici\u00f3n m\u00e1s austral de Am\u00e9rica celebrar\u00e1 esta temporada su 25\u00ba aniversario, llevando viajeros [&hellip;]","og_url":"https:\/\/patagoniambiental.com.ar\/info\/cruceros-australis-y-el-cuidado-del-medio-ambiente-patagonico\/","og_site_name":"Patagonia Ambiental","article_publisher":"https:\/\/www.facebook.com\/patagonia.ambiental","article_author":"https:\/\/www.facebook.com\/share\/1C1V8Gv9BX\/?mibextid=qi2Omg","article_published_time":"2015-10-08T12:02:42+00:00","author":"Patagonia Ambiental","twitter_card":"summary_large_image","twitter_creator":"@PatAmb","twitter_site":"@PatAmb","schema":{"@context":"https:\/\/schema.org","@graph":[{"@type":"Article","@id":"https:\/\/patagoniambiental.com.ar\/info\/cruceros-australis-y-el-cuidado-del-medio-ambiente-patagonico\/#article","isPartOf":{"@id":"https:\/\/patagoniambiental.com.ar\/info\/cruceros-australis-y-el-cuidado-del-medio-ambiente-patagonico\/"},"author":{"name":"Patagonia Ambiental","@id":"https:\/\/patagoniambiental.com.ar\/info\/#\/schema\/person\/db12bff64bbcbf6a253710bf0ea37b5d"},"headline":"Cruceros Australis y el cuidado del medio ambiente patag\u00f3nico","datePublished":"2015-10-08T12:02:42+00:00","mainEntityOfPage":{"@id":"https:\/\/patagoniambiental.com.ar\/info\/cruceros-australis-y-el-cuidado-del-medio-ambiente-patagonico\/"},"wordCount":259,"publisher":{"@id":"https:\/\/patagoniambiental.com.ar\/info\/#organization"},"image":{"@id":"https:\/\/patagoniambiental.com.ar\/info\/cruceros-australis-y-el-cuidado-del-medio-ambiente-patagonico\/#primaryimage"},"thumbnailUrl":"","articleSection":["General","Noticias"],"inLanguage":"es"},{"@type":"WebPage","@id":"https:\/\/patagoniambiental.com.ar\/info\/cruceros-australis-y-el-cuidado-del-medio-ambiente-patagonico\/","url":"https:\/\/patagoniambiental.com.ar\/info\/cruceros-australis-y-el-cuidado-del-medio-ambiente-patagonico\/","name":"Cruceros Australis y el cuidado del medio ambiente patag\u00f3nico","isPartOf":{"@id":"https:\/\/patagoniambiental.com.ar\/info\/#website"},"primaryImageOfPage":{"@id":"https:\/\/patagoniambiental.com.ar\/info\/cruceros-australis-y-el-cuidado-del-medio-ambiente-patagonico\/#primaryimage"},"image":{"@id":"https:\/\/patagoniambiental.com.ar\/info\/cruceros-australis-y-el-cuidado-del-medio-ambiente-patagonico\/#primaryimage"},"thumbnailUrl":"","datePublished":"2015-10-08T12:02:42+00:00","breadcrumb":{"@id":"https:\/\/patagoniambiental.com.ar\/info\/cruceros-australis-y-el-cuidado-del-medio-ambiente-patagonico\/#breadcrumb"},"inLanguage":"es","potentialAction":[{"@type":"ReadAction","target":["https:\/\/patagoniambiental.com.ar\/info\/cruceros-australis-y-el-cuidado-del-medio-ambiente-patagonico\/"]}]},{"@type":"ImageObject","inLanguage":"es","@id":"https:\/\/patagoniambiental.com.ar\/info\/cruceros-australis-y-el-cuidado-del-medio-ambiente-patagonico\/#primaryimage","url":"","contentUrl":""},{"@type":"BreadcrumbList","@id":"https:\/\/patagoniambiental.com.ar\/info\/cruceros-australis-y-el-cuidado-del-medio-ambiente-patagonico\/#breadcrumb","itemListElement":[{"@type":"ListItem","position":1,"name":"Inicio","item":"https:\/\/patagoniambiental.com.ar\/info\/"},{"@type":"ListItem","position":2,"name":"Cruceros Australis y el cuidado del medio ambiente patag\u00f3nico"}]},{"@type":"WebSite","@id":"https:\/\/patagoniambiental.com.ar\/info\/#website","url":"https:\/\/patagoniambiental.com.ar\/info\/","name":"Patagonia Ambiental","description":"Monitoreo y an\u00e1lisis de la situaci\u00f3n geopol\u00edtica en el mundo y su implicancia en la Patagonia","publisher":{"@id":"https:\/\/patagoniambiental.com.ar\/info\/#organization"},"potentialAction":[{"@type":"SearchAction","target":{"@type":"EntryPoint","urlTemplate":"https:\/\/patagoniambiental.com.ar\/info\/?s={search_term_string}"},"query-input":{"@type":"PropertyValueSpecification","valueRequired":true,"valueName":"search_term_string"}}],"inLanguage":"es"},{"@type":"Organization","@id":"https:\/\/patagoniambiental.com.ar\/info\/#organization","name":"Patagonia Ambiental","url":"https:\/\/patagoniambiental.com.ar\/info\/","logo":{"@type":"ImageObject","inLanguage":"es","@id":"https:\/\/patagoniambiental.com.ar\/info\/#\/schema\/logo\/image\/","url":"https:\/\/patagoniambiental.com.ar\/info\/wp-content\/uploads\/2025\/05\/LOGO-PATAGONIA-AMBIENTAL.png","contentUrl":"https:\/\/patagoniambiental.com.ar\/info\/wp-content\/uploads\/2025\/05\/LOGO-PATAGONIA-AMBIENTAL.png","width":433,"height":250,"caption":"Patagonia Ambiental"},"image":{"@id":"https:\/\/patagoniambiental.com.ar\/info\/#\/schema\/logo\/image\/"},"sameAs":["https:\/\/www.facebook.com\/patagonia.ambiental","https:\/\/x.com\/PatAmb"]},{"@type":"Person","@id":"https:\/\/patagoniambiental.com.ar\/info\/#\/schema\/person\/db12bff64bbcbf6a253710bf0ea37b5d","name":"Patagonia Ambiental","description":"Andr\u00e9s Nievas T\u00e9cnico en manejo ambiental, consultor Ambiental y escritor para medios locales e internacionales sobre temas de geopolitica y medio ambiente.","sameAs":["http:\/\/www.patagoniambiental.com.ar","https:\/\/www.facebook.com\/share\/1C1V8Gv9BX\/?mibextid=qi2Omg","@patagoniambiental","https:\/\/youtube.com\/@patagoniaambiental2023?si=BLt58t0wuXquxlYZ"]}]}},"_links":{"self":[{"href":"https:\/\/patagoniambiental.com.ar\/info\/wp-json\/wp\/v2\/posts\/14408","targetHints":{"allow":["GET"]}}],"collection":[{"href":"https:\/\/patagoniambiental.com.ar\/info\/wp-json\/wp\/v2\/posts"}],"about":[{"href":"https:\/\/patagoniambiental.com.ar\/info\/wp-json\/wp\/v2\/types\/post"}],"author":[{"embeddable":true,"href":"https:\/\/patagoniambiental.com.ar\/info\/wp-json\/wp\/v2\/users\/2"}],"replies":[{"embeddable":true,"href":"https:\/\/patagoniambiental.com.ar\/info\/wp-json\/wp\/v2\/comments?post=14408"}],"version-history":[{"count":0,"href":"https:\/\/patagoniambiental.com.ar\/info\/wp-json\/wp\/v2\/posts\/14408\/revisions"}],"wp:featuredmedia":[{"embeddable":true,"href":"https:\/\/patagoniambiental.com.ar\/info\/wp-json\/"}],"wp:attachment":[{"href":"https:\/\/patagoniambiental.com.ar\/info\/wp-json\/wp\/v2\/media?parent=14408"}],"wp:term":[{"taxonomy":"category","embeddable":true,"href":"https:\/\/patagoniambiental.com.ar\/info\/wp-json\/wp\/v2\/categories?post=14408"},{"taxonomy":"post_tag","embeddable":true,"href":"https:\/\/patagoniambiental.com.ar\/info\/wp-json\/wp\/v2\/tags?post=14408"}],"curies":[{"name":"wp","href":"https:\/\/api.w.org\/{rel}","templated":true}]}}