{"id":14420,"date":"2015-10-09T09:00:13","date_gmt":"2015-10-09T12:00:13","guid":{"rendered":"http:\/\/patagoniambiental.com.ar\/?p=14420"},"modified":"2015-10-09T09:00:13","modified_gmt":"2015-10-09T12:00:13","slug":"cuidado-del-medio-ambiente-limpieza-de-la-laguna-de-los-patos-y-salida-de-campo","status":"publish","type":"post","link":"https:\/\/patagoniambiental.com.ar\/info\/cuidado-del-medio-ambiente-limpieza-de-la-laguna-de-los-patos-y-salida-de-campo\/","title":{"rendered":"CUIDADO DEL MEDIO AMBIENTE: Limpieza de la \u201cLaguna de los patos\u201d y salida de campo"},"content":{"rendered":"<p>R\u00edo Grande.-En el marco del 6\u00b0 Festival de Aves de la Reserva Costa Atl\u00e1ntica que lleva adelante el Municipio de R\u00edo Grande se continuar\u00e1, en los pr\u00f3ximos d\u00edas, con la agenda de eventos dispuestos para compartir con la comunidad.<!--more--><\/p>\n<p>La directora de Turismo, Estela Alazard, se\u00f1al\u00f3 que para ma\u00f1ana viernes est\u00e1 planificado hacer una limpieza en las inmediaciones del flamante mirador de aves de la \u201cLaguna de los Patos, que se inaugur\u00f3 el d\u00eda lunes\u201d.<\/p>\n<p>En relaci\u00f3n a la actividad programada para este d\u00eda, la referente del \u00e1rea mencion\u00f3 que \u201cestar\u00e1n participando de esta actividad las dem\u00e1s \u00e1reas del municipio, como el Museo municipal, Ecolog\u00eda y Medio Ambiente. Y tambi\u00e9n invitamos a los colegios que deseen sumarse a esta iniciativa que promueve a mejorar la zona, y poder tener as\u00ed un lugar m\u00e1s sano y limpio del que podamos disfrutar todos\u201d.<\/p>\n<p>En tal sentido, la funcionaria detall\u00f3 que la jornada de limpieza es abierta a la comunidad, y comenzar\u00e1 a las 10, se proveer\u00e1n guantes y bolsas de residuos. El objetivo es concientizar sobre el cuidado del medio ambiente y la importancia mantener la limpieza de estos lugares\u201d.<\/p>\n<p>Adem\u00e1s para el domingo 11, en la que se planific\u00f3 una salida de campo a la zona de la bah\u00eda de San Sebasti\u00e1n. \u201cVamos a estar visitando un lugar que se llama Tres Chorrillos, un lugar donde confluyen tres cursos de agua y se forma una peque\u00f1a cascada. Contaremos con el acompa\u00f1amiento de unos gu\u00edas especializados que brindar\u00e1n detalles de ese ambiente geol\u00f3gico tan interesante\u201d.<\/p>\n<p>En tal sentido la Directora puntualizo que \u201ces una actividad de d\u00eda completo, saldremos a las 6.30 de la ma\u00f1ana y estaremos regresando a las 17:00. Aquellos que quieran participar deber\u00e1n inscribirse por una cuesti\u00f3n de organizaci\u00f3n y es muy importante que lleven vestimenta acorde a la actividad, es decir un calzado fuerte e impermeable del tipo trekking, ropa de abrigo y recordamos que lleven una vianda para almorzar al medio d\u00eda\u201d. Adem\u00e1s detall\u00f3 \u201cque es una caminata en la cual para poder participar deben ser mayores de doce a\u00f1os\u201d y se\u00f1al\u00f3 que se adopt\u00f3 esta medida porque no es recomendable que vayan ni\u00f1os menores de esa edad.<\/p>\n<p>Finalmente la Directora de Turismo refiri\u00f3 que \u201ces un lugar al que no se pude acceder sin autorizaci\u00f3n del due\u00f1o de la estancia\u201d, por lo que la directora invit\u00f3 a la comunidad a sumarse a esta actividad que sale de lo com\u00fanmente los vecinos de nuestra ciudad est\u00e1n acostumbrados a realizar.<\/p>\n<p>Fuente: Ushuaia Noticias<\/p>\n","protected":false},"excerpt":{"rendered":"<p>R\u00edo Grande.-En el marco del 6\u00b0 Festival de Aves de la Reserva Costa Atl\u00e1ntica que lleva adelante el Municipio de [&hellip;]<\/p>\n","protected":false},"author":2,"featured_media":14421,"comment_status":"closed","ping_status":"closed","sticky":false,"template":"","format":"standard","meta":{"site-sidebar-layout":"default","site-content-layout":"","ast-site-content-layout":"default","site-content-style":"default","site-sidebar-style":"default","ast-global-header-display":"","ast-banner-title-visibility":"","ast-main-header-display":"","ast-hfb-above-header-display":"","ast-hfb-below-header-display":"","ast-hfb-mobile-header-display":"","site-post-title":"","ast-breadcrumbs-content":"","ast-featured-img":"","footer-sml-layout":"","ast-disable-related-posts":"","theme-transparent-header-meta":"","adv-header-id-meta":"","stick-header-meta":"","header-above-stick-meta":"","header-main-stick-meta":"","header-below-stick-meta":"","astra-migrate-meta-layouts":"default","ast-page-background-enabled":"default","ast-page-background-meta":{"desktop":{"background-color":"var(--ast-global-color-5)","background-image":"","background-repeat":"repeat","background-position":"center center","background-size":"auto","background-attachment":"scroll","background-type":"","background-media":"","overlay-type":"","overlay-color":"","overlay-opacity":"","overlay-gradient":""},"tablet":{"background-color":"","background-image":"","background-repeat":"repeat","background-position":"center center","background-size":"auto","background-attachment":"scroll","background-type":"","background-media":"","overlay-type":"","overlay-color":"","overlay-opacity":"","overlay-gradient":""},"mobile":{"background-color":"","background-image":"","background-repeat":"repeat","background-position":"center center","background-size":"auto","background-attachment":"scroll","background-type":"","background-media":"","overlay-type":"","overlay-color":"","overlay-opacity":"","overlay-gradient":""}},"ast-content-background-meta":{"desktop":{"background-color":"var(--ast-global-color-4)","background-image":"","background-repeat":"repeat","background-position":"center center","background-size":"auto","background-attachment":"scroll","background-type":"","background-media":"","overlay-type":"","overlay-color":"","overlay-opacity":"","overlay-gradient":""},"tablet":{"background-color":"var(--ast-global-color-4)","background-image":"","background-repeat":"repeat","background-position":"center center","background-size":"auto","background-attachment":"scroll","background-type":"","background-media":"","overlay-type":"","overlay-color":"","overlay-opacity":"","overlay-gradient":""},"mobile":{"background-color":"var(--ast-global-color-4)","background-image":"","background-repeat":"repeat","background-position":"center center","background-size":"auto","background-attachment":"scroll","background-type":"","background-media":"","overlay-type":"","overlay-color":"","overlay-opacity":"","overlay-gradient":""}},"footnotes":""},"categories":[53,1],"tags":[],"class_list":["post-14420","post","type-post","status-publish","format-standard","has-post-thumbnail","hentry","category-general","category-noticias"],"yoast_head":"<!-- This site is optimized with the Yoast SEO Premium plugin v23.0 (Yoast SEO v27.5) - https:\/\/yoast.com\/product\/yoast-seo-premium-wordpress\/ -->\n<title>CUIDADO DEL MEDIO AMBIENTE: Limpieza de la \u201cLaguna de los patos\u201d y salida de campo<\/title>\n<meta name=\"robots\" content=\"index, follow, max-snippet:-1, max-image-preview:large, max-video-preview:-1\" \/>\n<link rel=\"canonical\" href=\"https:\/\/patagoniambiental.com.ar\/info\/cuidado-del-medio-ambiente-limpieza-de-la-laguna-de-los-patos-y-salida-de-campo\/\" \/>\n<meta property=\"og:locale\" content=\"es_ES\" \/>\n<meta property=\"og:type\" content=\"article\" \/>\n<meta property=\"og:title\" content=\"CUIDADO DEL MEDIO AMBIENTE: Limpieza de la \u201cLaguna de los patos\u201d y salida de campo\" \/>\n<meta property=\"og:description\" content=\"R\u00edo Grande.-En el marco del 6\u00b0 Festival de Aves de la Reserva Costa Atl\u00e1ntica que lleva adelante el Municipio de [&hellip;]\" \/>\n<meta property=\"og:url\" content=\"https:\/\/patagoniambiental.com.ar\/info\/cuidado-del-medio-ambiente-limpieza-de-la-laguna-de-los-patos-y-salida-de-campo\/\" \/>\n<meta property=\"og:site_name\" content=\"Patagonia Ambiental\" \/>\n<meta property=\"article:publisher\" content=\"https:\/\/www.facebook.com\/patagonia.ambiental\" \/>\n<meta property=\"article:author\" content=\"https:\/\/www.facebook.com\/share\/1C1V8Gv9BX\/?mibextid=qi2Omg\" \/>\n<meta property=\"article:published_time\" content=\"2015-10-09T12:00:13+00:00\" \/>\n<meta name=\"author\" content=\"Patagonia Ambiental\" \/>\n<meta name=\"twitter:card\" content=\"summary_large_image\" \/>\n<meta name=\"twitter:creator\" content=\"@PatAmb\" \/>\n<meta name=\"twitter:site\" content=\"@PatAmb\" \/>\n<script type=\"application\/ld+json\" class=\"yoast-schema-graph\">{\"@context\":\"https:\\\/\\\/schema.org\",\"@graph\":[{\"@type\":\"Article\",\"@id\":\"https:\\\/\\\/patagoniambiental.com.ar\\\/info\\\/cuidado-del-medio-ambiente-limpieza-de-la-laguna-de-los-patos-y-salida-de-campo\\\/#article\",\"isPartOf\":{\"@id\":\"https:\\\/\\\/patagoniambiental.com.ar\\\/info\\\/cuidado-del-medio-ambiente-limpieza-de-la-laguna-de-los-patos-y-salida-de-campo\\\/\"},\"author\":{\"name\":\"Patagonia Ambiental\",\"@id\":\"https:\\\/\\\/patagoniambiental.com.ar\\\/info\\\/#\\\/schema\\\/person\\\/db12bff64bbcbf6a253710bf0ea37b5d\"},\"headline\":\"CUIDADO DEL MEDIO AMBIENTE: Limpieza de la \u201cLaguna de los patos\u201d y salida de campo\",\"datePublished\":\"2015-10-09T12:00:13+00:00\",\"mainEntityOfPage\":{\"@id\":\"https:\\\/\\\/patagoniambiental.com.ar\\\/info\\\/cuidado-del-medio-ambiente-limpieza-de-la-laguna-de-los-patos-y-salida-de-campo\\\/\"},\"wordCount\":464,\"publisher\":{\"@id\":\"https:\\\/\\\/patagoniambiental.com.ar\\\/info\\\/#organization\"},\"image\":{\"@id\":\"https:\\\/\\\/patagoniambiental.com.ar\\\/info\\\/cuidado-del-medio-ambiente-limpieza-de-la-laguna-de-los-patos-y-salida-de-campo\\\/#primaryimage\"},\"thumbnailUrl\":\"\",\"articleSection\":[\"General\",\"Noticias\"],\"inLanguage\":\"es\"},{\"@type\":\"WebPage\",\"@id\":\"https:\\\/\\\/patagoniambiental.com.ar\\\/info\\\/cuidado-del-medio-ambiente-limpieza-de-la-laguna-de-los-patos-y-salida-de-campo\\\/\",\"url\":\"https:\\\/\\\/patagoniambiental.com.ar\\\/info\\\/cuidado-del-medio-ambiente-limpieza-de-la-laguna-de-los-patos-y-salida-de-campo\\\/\",\"name\":\"CUIDADO DEL MEDIO AMBIENTE: Limpieza de la \u201cLaguna de los patos\u201d y salida de campo\",\"isPartOf\":{\"@id\":\"https:\\\/\\\/patagoniambiental.com.ar\\\/info\\\/#website\"},\"primaryImageOfPage\":{\"@id\":\"https:\\\/\\\/patagoniambiental.com.ar\\\/info\\\/cuidado-del-medio-ambiente-limpieza-de-la-laguna-de-los-patos-y-salida-de-campo\\\/#primaryimage\"},\"image\":{\"@id\":\"https:\\\/\\\/patagoniambiental.com.ar\\\/info\\\/cuidado-del-medio-ambiente-limpieza-de-la-laguna-de-los-patos-y-salida-de-campo\\\/#primaryimage\"},\"thumbnailUrl\":\"\",\"datePublished\":\"2015-10-09T12:00:13+00:00\",\"breadcrumb\":{\"@id\":\"https:\\\/\\\/patagoniambiental.com.ar\\\/info\\\/cuidado-del-medio-ambiente-limpieza-de-la-laguna-de-los-patos-y-salida-de-campo\\\/#breadcrumb\"},\"inLanguage\":\"es\",\"potentialAction\":[{\"@type\":\"ReadAction\",\"target\":[\"https:\\\/\\\/patagoniambiental.com.ar\\\/info\\\/cuidado-del-medio-ambiente-limpieza-de-la-laguna-de-los-patos-y-salida-de-campo\\\/\"]}]},{\"@type\":\"ImageObject\",\"inLanguage\":\"es\",\"@id\":\"https:\\\/\\\/patagoniambiental.com.ar\\\/info\\\/cuidado-del-medio-ambiente-limpieza-de-la-laguna-de-los-patos-y-salida-de-campo\\\/#primaryimage\",\"url\":\"\",\"contentUrl\":\"\"},{\"@type\":\"BreadcrumbList\",\"@id\":\"https:\\\/\\\/patagoniambiental.com.ar\\\/info\\\/cuidado-del-medio-ambiente-limpieza-de-la-laguna-de-los-patos-y-salida-de-campo\\\/#breadcrumb\",\"itemListElement\":[{\"@type\":\"ListItem\",\"position\":1,\"name\":\"Inicio\",\"item\":\"https:\\\/\\\/patagoniambiental.com.ar\\\/info\\\/\"},{\"@type\":\"ListItem\",\"position\":2,\"name\":\"CUIDADO DEL MEDIO AMBIENTE: Limpieza de la \u201cLaguna de los patos\u201d y salida de campo\"}]},{\"@type\":\"WebSite\",\"@id\":\"https:\\\/\\\/patagoniambiental.com.ar\\\/info\\\/#website\",\"url\":\"https:\\\/\\\/patagoniambiental.com.ar\\\/info\\\/\",\"name\":\"Patagonia Ambiental\",\"description\":\"Monitoreo y an\u00e1lisis de la situaci\u00f3n geopol\u00edtica en el mundo y su implicancia en la Patagonia\",\"publisher\":{\"@id\":\"https:\\\/\\\/patagoniambiental.com.ar\\\/info\\\/#organization\"},\"potentialAction\":[{\"@type\":\"SearchAction\",\"target\":{\"@type\":\"EntryPoint\",\"urlTemplate\":\"https:\\\/\\\/patagoniambiental.com.ar\\\/info\\\/?s={search_term_string}\"},\"query-input\":{\"@type\":\"PropertyValueSpecification\",\"valueRequired\":true,\"valueName\":\"search_term_string\"}}],\"inLanguage\":\"es\"},{\"@type\":\"Organization\",\"@id\":\"https:\\\/\\\/patagoniambiental.com.ar\\\/info\\\/#organization\",\"name\":\"Patagonia Ambiental\",\"url\":\"https:\\\/\\\/patagoniambiental.com.ar\\\/info\\\/\",\"logo\":{\"@type\":\"ImageObject\",\"inLanguage\":\"es\",\"@id\":\"https:\\\/\\\/patagoniambiental.com.ar\\\/info\\\/#\\\/schema\\\/logo\\\/image\\\/\",\"url\":\"https:\\\/\\\/patagoniambiental.com.ar\\\/info\\\/wp-content\\\/uploads\\\/2025\\\/05\\\/LOGO-PATAGONIA-AMBIENTAL.png\",\"contentUrl\":\"https:\\\/\\\/patagoniambiental.com.ar\\\/info\\\/wp-content\\\/uploads\\\/2025\\\/05\\\/LOGO-PATAGONIA-AMBIENTAL.png\",\"width\":433,\"height\":250,\"caption\":\"Patagonia Ambiental\"},\"image\":{\"@id\":\"https:\\\/\\\/patagoniambiental.com.ar\\\/info\\\/#\\\/schema\\\/logo\\\/image\\\/\"},\"sameAs\":[\"https:\\\/\\\/www.facebook.com\\\/patagonia.ambiental\",\"https:\\\/\\\/x.com\\\/PatAmb\"]},{\"@type\":\"Person\",\"@id\":\"https:\\\/\\\/patagoniambiental.com.ar\\\/info\\\/#\\\/schema\\\/person\\\/db12bff64bbcbf6a253710bf0ea37b5d\",\"name\":\"Patagonia Ambiental\",\"description\":\"Andr\u00e9s Nievas T\u00e9cnico en manejo ambiental, consultor Ambiental y escritor para medios locales e internacionales sobre temas de geopolitica y medio ambiente.\",\"sameAs\":[\"http:\\\/\\\/www.patagoniambiental.com.ar\",\"https:\\\/\\\/www.facebook.com\\\/share\\\/1C1V8Gv9BX\\\/?mibextid=qi2Omg\",\"@patagoniambiental\",\"https:\\\/\\\/youtube.com\\\/@patagoniaambiental2023?si=BLt58t0wuXquxlYZ\"]}]}<\/script>\n<!-- \/ Yoast SEO Premium plugin. -->","yoast_head_json":{"title":"CUIDADO DEL MEDIO AMBIENTE: Limpieza de la \u201cLaguna de los patos\u201d y salida de campo","robots":{"index":"index","follow":"follow","max-snippet":"max-snippet:-1","max-image-preview":"max-image-preview:large","max-video-preview":"max-video-preview:-1"},"canonical":"https:\/\/patagoniambiental.com.ar\/info\/cuidado-del-medio-ambiente-limpieza-de-la-laguna-de-los-patos-y-salida-de-campo\/","og_locale":"es_ES","og_type":"article","og_title":"CUIDADO DEL MEDIO AMBIENTE: Limpieza de la \u201cLaguna de los patos\u201d y salida de campo","og_description":"R\u00edo Grande.-En el marco del 6\u00b0 Festival de Aves de la Reserva Costa Atl\u00e1ntica que lleva adelante el Municipio de [&hellip;]","og_url":"https:\/\/patagoniambiental.com.ar\/info\/cuidado-del-medio-ambiente-limpieza-de-la-laguna-de-los-patos-y-salida-de-campo\/","og_site_name":"Patagonia Ambiental","article_publisher":"https:\/\/www.facebook.com\/patagonia.ambiental","article_author":"https:\/\/www.facebook.com\/share\/1C1V8Gv9BX\/?mibextid=qi2Omg","article_published_time":"2015-10-09T12:00:13+00:00","author":"Patagonia Ambiental","twitter_card":"summary_large_image","twitter_creator":"@PatAmb","twitter_site":"@PatAmb","schema":{"@context":"https:\/\/schema.org","@graph":[{"@type":"Article","@id":"https:\/\/patagoniambiental.com.ar\/info\/cuidado-del-medio-ambiente-limpieza-de-la-laguna-de-los-patos-y-salida-de-campo\/#article","isPartOf":{"@id":"https:\/\/patagoniambiental.com.ar\/info\/cuidado-del-medio-ambiente-limpieza-de-la-laguna-de-los-patos-y-salida-de-campo\/"},"author":{"name":"Patagonia Ambiental","@id":"https:\/\/patagoniambiental.com.ar\/info\/#\/schema\/person\/db12bff64bbcbf6a253710bf0ea37b5d"},"headline":"CUIDADO DEL MEDIO AMBIENTE: Limpieza de la \u201cLaguna de los patos\u201d y salida de campo","datePublished":"2015-10-09T12:00:13+00:00","mainEntityOfPage":{"@id":"https:\/\/patagoniambiental.com.ar\/info\/cuidado-del-medio-ambiente-limpieza-de-la-laguna-de-los-patos-y-salida-de-campo\/"},"wordCount":464,"publisher":{"@id":"https:\/\/patagoniambiental.com.ar\/info\/#organization"},"image":{"@id":"https:\/\/patagoniambiental.com.ar\/info\/cuidado-del-medio-ambiente-limpieza-de-la-laguna-de-los-patos-y-salida-de-campo\/#primaryimage"},"thumbnailUrl":"","articleSection":["General","Noticias"],"inLanguage":"es"},{"@type":"WebPage","@id":"https:\/\/patagoniambiental.com.ar\/info\/cuidado-del-medio-ambiente-limpieza-de-la-laguna-de-los-patos-y-salida-de-campo\/","url":"https:\/\/patagoniambiental.com.ar\/info\/cuidado-del-medio-ambiente-limpieza-de-la-laguna-de-los-patos-y-salida-de-campo\/","name":"CUIDADO DEL MEDIO AMBIENTE: Limpieza de la \u201cLaguna de los patos\u201d y salida de campo","isPartOf":{"@id":"https:\/\/patagoniambiental.com.ar\/info\/#website"},"primaryImageOfPage":{"@id":"https:\/\/patagoniambiental.com.ar\/info\/cuidado-del-medio-ambiente-limpieza-de-la-laguna-de-los-patos-y-salida-de-campo\/#primaryimage"},"image":{"@id":"https:\/\/patagoniambiental.com.ar\/info\/cuidado-del-medio-ambiente-limpieza-de-la-laguna-de-los-patos-y-salida-de-campo\/#primaryimage"},"thumbnailUrl":"","datePublished":"2015-10-09T12:00:13+00:00","breadcrumb":{"@id":"https:\/\/patagoniambiental.com.ar\/info\/cuidado-del-medio-ambiente-limpieza-de-la-laguna-de-los-patos-y-salida-de-campo\/#breadcrumb"},"inLanguage":"es","potentialAction":[{"@type":"ReadAction","target":["https:\/\/patagoniambiental.com.ar\/info\/cuidado-del-medio-ambiente-limpieza-de-la-laguna-de-los-patos-y-salida-de-campo\/"]}]},{"@type":"ImageObject","inLanguage":"es","@id":"https:\/\/patagoniambiental.com.ar\/info\/cuidado-del-medio-ambiente-limpieza-de-la-laguna-de-los-patos-y-salida-de-campo\/#primaryimage","url":"","contentUrl":""},{"@type":"BreadcrumbList","@id":"https:\/\/patagoniambiental.com.ar\/info\/cuidado-del-medio-ambiente-limpieza-de-la-laguna-de-los-patos-y-salida-de-campo\/#breadcrumb","itemListElement":[{"@type":"ListItem","position":1,"name":"Inicio","item":"https:\/\/patagoniambiental.com.ar\/info\/"},{"@type":"ListItem","position":2,"name":"CUIDADO DEL MEDIO AMBIENTE: Limpieza de la \u201cLaguna de los patos\u201d y salida de campo"}]},{"@type":"WebSite","@id":"https:\/\/patagoniambiental.com.ar\/info\/#website","url":"https:\/\/patagoniambiental.com.ar\/info\/","name":"Patagonia Ambiental","description":"Monitoreo y an\u00e1lisis de la situaci\u00f3n geopol\u00edtica en el mundo y su implicancia en la Patagonia","publisher":{"@id":"https:\/\/patagoniambiental.com.ar\/info\/#organization"},"potentialAction":[{"@type":"SearchAction","target":{"@type":"EntryPoint","urlTemplate":"https:\/\/patagoniambiental.com.ar\/info\/?s={search_term_string}"},"query-input":{"@type":"PropertyValueSpecification","valueRequired":true,"valueName":"search_term_string"}}],"inLanguage":"es"},{"@type":"Organization","@id":"https:\/\/patagoniambiental.com.ar\/info\/#organization","name":"Patagonia Ambiental","url":"https:\/\/patagoniambiental.com.ar\/info\/","logo":{"@type":"ImageObject","inLanguage":"es","@id":"https:\/\/patagoniambiental.com.ar\/info\/#\/schema\/logo\/image\/","url":"https:\/\/patagoniambiental.com.ar\/info\/wp-content\/uploads\/2025\/05\/LOGO-PATAGONIA-AMBIENTAL.png","contentUrl":"https:\/\/patagoniambiental.com.ar\/info\/wp-content\/uploads\/2025\/05\/LOGO-PATAGONIA-AMBIENTAL.png","width":433,"height":250,"caption":"Patagonia Ambiental"},"image":{"@id":"https:\/\/patagoniambiental.com.ar\/info\/#\/schema\/logo\/image\/"},"sameAs":["https:\/\/www.facebook.com\/patagonia.ambiental","https:\/\/x.com\/PatAmb"]},{"@type":"Person","@id":"https:\/\/patagoniambiental.com.ar\/info\/#\/schema\/person\/db12bff64bbcbf6a253710bf0ea37b5d","name":"Patagonia Ambiental","description":"Andr\u00e9s Nievas T\u00e9cnico en manejo ambiental, consultor Ambiental y escritor para medios locales e internacionales sobre temas de geopolitica y medio ambiente.","sameAs":["http:\/\/www.patagoniambiental.com.ar","https:\/\/www.facebook.com\/share\/1C1V8Gv9BX\/?mibextid=qi2Omg","@patagoniambiental","https:\/\/youtube.com\/@patagoniaambiental2023?si=BLt58t0wuXquxlYZ"]}]}},"_links":{"self":[{"href":"https:\/\/patagoniambiental.com.ar\/info\/wp-json\/wp\/v2\/posts\/14420","targetHints":{"allow":["GET"]}}],"collection":[{"href":"https:\/\/patagoniambiental.com.ar\/info\/wp-json\/wp\/v2\/posts"}],"about":[{"href":"https:\/\/patagoniambiental.com.ar\/info\/wp-json\/wp\/v2\/types\/post"}],"author":[{"embeddable":true,"href":"https:\/\/patagoniambiental.com.ar\/info\/wp-json\/wp\/v2\/users\/2"}],"replies":[{"embeddable":true,"href":"https:\/\/patagoniambiental.com.ar\/info\/wp-json\/wp\/v2\/comments?post=14420"}],"version-history":[{"count":0,"href":"https:\/\/patagoniambiental.com.ar\/info\/wp-json\/wp\/v2\/posts\/14420\/revisions"}],"wp:featuredmedia":[{"embeddable":true,"href":"https:\/\/patagoniambiental.com.ar\/info\/wp-json\/"}],"wp:attachment":[{"href":"https:\/\/patagoniambiental.com.ar\/info\/wp-json\/wp\/v2\/media?parent=14420"}],"wp:term":[{"taxonomy":"category","embeddable":true,"href":"https:\/\/patagoniambiental.com.ar\/info\/wp-json\/wp\/v2\/categories?post=14420"},{"taxonomy":"post_tag","embeddable":true,"href":"https:\/\/patagoniambiental.com.ar\/info\/wp-json\/wp\/v2\/tags?post=14420"}],"curies":[{"name":"wp","href":"https:\/\/api.w.org\/{rel}","templated":true}]}}