{"id":14429,"date":"2015-10-09T19:00:52","date_gmt":"2015-10-09T22:00:52","guid":{"rendered":"http:\/\/patagoniambiental.com.ar\/?p=14429"},"modified":"2015-10-09T19:00:52","modified_gmt":"2015-10-09T22:00:52","slug":"esquivel-el-proyecto-de-exploracion-minera-en-las-coloradas-no-avanzara-hasta-que-se-logre-aceptacion-y-consenso-social","status":"publish","type":"post","link":"https:\/\/patagoniambiental.com.ar\/info\/esquivel-el-proyecto-de-exploracion-minera-en-las-coloradas-no-avanzara-hasta-que-se-logre-aceptacion-y-consenso-social\/","title":{"rendered":"ESQUIVEL: EL PROYECTO DE EXPLORACI\u00d3N MINERA EN LAS COLORADAS \u00abNO AVANZAR\u00c1 HASTA QUE SE LOGRE ACEPTACION Y CONSENSO SOCIAL\u00bb"},"content":{"rendered":"<p style=\"text-align: justify;\" align=\"center\"><b><strong>NEUQU\u00c9N.-<\/strong>El titular de la Secretar\u00eda de Estado de Ambiente y Desarrollo Sostenible, Ricardo Esquivel, reafirm\u00f3 que \u00abel proyecto exploratorio minero est\u00e1 suspendido.<\/b><!--more--><\/p>\n<p style=\"text-align: justify;\" align=\"center\"><b> No se avanzar\u00e1 en las etapas administrativas preparatorias de la audiencia p\u00fablica, si el proyecto no es aceptado por la comunidad.<\/b><\/p>\n<p style=\"text-align: justify;\" align=\"center\"><b>Para el Gobierno Provincial, en primer lugar, es imprescindible que para atraer inversiones, que desarrollen e incorporen oportunidades de generaci\u00f3n de empleo, y la econom\u00eda de la regi\u00f3n, deben garantizarse metodolog\u00edas y tecnolog\u00edas modernas, tambi\u00e9n, la aplicaci\u00f3n de buenas pr\u00e1cticas de protecci\u00f3n a los recursos naturales, priorizando en principal lugar a las personas y el ambiente,<\/b><b><span lang=\"ES\"> en particular, requiriendo elevados est\u00e1ndares ambientales, de salud y de seguridad laboral<\/span><\/b><b>. <\/b><\/p>\n<p style=\"text-align: justify;\" align=\"center\"><b>Es requisito fundamental, la aceptaci\u00f3n del proyecto por la comunidad, y la convivencia de las instituciones y sectores sociales involucrados, tanto de la localidad y de la regi\u00f3n comprendida en el proyecto. Para ello la Secretaria de ambiente esta dispuesta a ampliar a las partes interesadas, el suministro de informaci\u00f3n t\u00e9cnica y legal correspondiente\u00bb.<\/b><b><\/b><\/p>\n<p>\u00a0El secretario de Estado de Ambiente y Desarrollo Sostenible, Ricardo Esquivel, manifest\u00f3 hoy que los proyectos de exploraci\u00f3n minera del \u00e1rea Las Nenas y La Voluntad, ubicados en cercan\u00edas del municipio de Las Coloradas \u00abno avanzar\u00e1 mientras no exista aceptaci\u00f3n y consenso social. dado de que debe tomarse en consideraci\u00f3n, la complejidad de las distintas posiciones y opiniones, las que deben desarrollarse, en un \u00e1mbito de mucha comprensi\u00f3n y en un contexto de solidaridad, que persigan el bien com\u00fan de todas las partes involucradas\u00bb. Mientras que asever\u00f3, que si bien se trata una etapa preliminar de un proyecto de exploraci\u00f3n minera, que prev\u00e9 la construcci\u00f3n de 10 pozos de estudio y relevamiento de los potenciales y recursos mineros del lugar, las opiniones y preocupaciones se establecen en el supuesto avance y progreso a la etapa de explotaci\u00f3n del proyecto minero.<\/p>\n<p>Esquivel congruente con las explicaciones expresadas en la Legislatura provincial, el 30 de septiembre, sostuvo que \u00abla Secretar\u00eda de Estado no avanzar\u00e1 en las etapas administrativas preparatorias de la convocatoria a audiencia p\u00fablica, en tanto no exista aceptaci\u00f3n y consenso social, de la comunidad\u00bb. Describi\u00f3 que la actividad <strong>minera, en este tipo de circunstancias, \u00abrequiere de un alto grado de acuerdos y desarrollo social\u00bb<\/strong><strong>,<\/strong> explicando que \u00aben parte est\u00e1n sustentados por malos ejemplos y causas de malas pr\u00e1cticas preexistentes\u00bb.<\/p>\n<p>R<span lang=\"ES\">esalt\u00f3 que esta Secretaria de ambiente, a trav\u00e9s de las \u00e1reas legales y t\u00e9cnicas, \u00absiempre act\u00faa imponiendo la prevalencia de la pol\u00edtica Provincial ambiental y el marco legal de la ley de ambiente provincial 1875, que adem\u00e1s de establecer la protecci\u00f3n y resguardo de los recursos naturales, antepone la <\/span>responsabilidad de cuidado y protecci\u00f3n ante el ser humano y el ambiente\u00bb.<br \/>\nAgreg\u00f3 que \u00absi bien la actividad minera<b>,<\/b><strong>tiene un potencial indiscutible con efectos<\/strong> multiplicadores en la generaci\u00f3n de otras actividades complementarias y como creador de empleo y puestos de trabajo, que resultan de gran impacto en la econom\u00eda del lugar de ejecuci\u00f3n de los trabajos y de la regi\u00f3n circundante, las mismas deben realizarse con la responsabilidad de su implementaci\u00f3n y control por parte del estado provincial y de la empresa actuante, a trav\u00e9s de una pr\u00e1ctica minera responsable y sustentable\u00bb.<\/p>\n<p>Explico que si bien \u00abHay voluntad pol\u00edtica de que el desarrollo del proyecto minero pueda ejecutarse, dado de que no tiene objeciones t\u00e9cnicas ni legales en el marco del ordenamiento legal minero y ambiental \u2013expres\u00f3 el funcionario-,en este tipo de circunstancias, tenemos que incrementar los esfuerzos, para fortalecer el dialogo y los procesos de aceptaci\u00f3n y consentimiento social\u00bb.<\/p>\n<p>\u00abHay gente \u2013afirm\u00f3 Esquivel-que quiere que se lleve adelante el proyecto, y hay gente que no. En la medida en que no se vayan flexibilizando las posturas no se van a poder llevar adelante los procesos que requieren etapas de evoluci\u00f3n, comprensi\u00f3n y respeto mutuo entre las partes involucradas en una escenario de armon\u00eda y paz\u00bb.<\/p>\n<p><b>ANTECEDENTES: Exposici\u00f3n ante la comisi\u00f3n de energ\u00eda e hidrocarburos de la Legislatura Provincial<\/b><\/p>\n<p>El pasado 30 de septiembre el titular de la Secretar\u00eda de Ambiente expuso ante los diputados de la comisi\u00f3n de Hidrocarburos de la Legislatura provincial, dando respuesta a un pedido de informes sobre el tema.<\/p>\n<p>En la ocasi\u00f3n en la que tambi\u00e9n se expuso el estudio de impacto ambiental presentado por la empresa Southern Copper, para explorar el \u00e1rea en la b\u00fasqueda de cobre y metales asociados, Esquivel manifest\u00f3 que \u00abeste proyecto por s\u00ed mismo que implica la perforaci\u00f3n de diez pozos no entra\u00f1a ning\u00fan tipo de afectaci\u00f3n ni menoscabo del caudal de los arroyos afluentes al Catan Lil. Bajo ning\u00fan punto de vista hay afectaci\u00f3n al agua, la vida o la vegetaci\u00f3n\u00bb.<\/p>\n<p><b>ANTECEDENTES LEGALES DEL PROYECTO<\/b><\/p>\n<p>El proyecto minero, habiendo cumplido con la etapa de evaluaci\u00f3n minera, t\u00e9cnica, legal y ambiental, se encontraba en etapa de proceso a convocatoria a audiencia p\u00fablica, en el marco de la ley de ambiente provincial 1875, cuando fue objeto de un recurso de amparo, en el que el Juzgado de Primera Instancia Civil, Comercial y de Miner\u00eda de Zapala orden\u00f3 la suspensi\u00f3n del acto. Ante esta decisi\u00f3n la Provincia present\u00f3 un recurso que permiti\u00f3 el restablecimiento del llamado a Audiencia P\u00fablica.<\/p>\n<p>Posteriormente los proponentes del proyecto la empresa Southern Copper, solicitaron la suspensi\u00f3n de la audiencia p\u00fablica, porque en esta confusi\u00f3n de decisiones, se hab\u00eda agotado el tiempo para cumplir con cuestiones operativas indispensables para asegurar las condiciones exigidas por la provincia para llevar a cabo la Audiencia.<\/p>\n<p>En ese punto la Secretar\u00eda emiti\u00f3 una resoluci\u00f3n suspendiendo la audiencia p\u00fablica, hasta tanto se encuentren aseguradas las condiciones para llevarla a cabo. Paralelamente, la Provincia a trav\u00e9s de la Fiscal\u00eda de estado, present\u00f3 esta resoluci\u00f3n al Juez de Primera Instancia, desistiendo del recurso interpuesto y solicitando que se declare la cuesti\u00f3n abstracta. El Juzgado entonces considera el desistimiento del recurso, y ordena correr traslado al proponente del amparo, de la declaraci\u00f3n en abstracto. Al d\u00eda de la fecha, se encuentra pendiente de resoluci\u00f3n y con la firme decisi\u00f3n del Gobierno Provincial a trav\u00e9s de esta Secretaria de Estado de ambiente, hasta que no se establezcan condiciones de aceptaci\u00f3n social, respecto de este proyecto de desarrollo exploratorio minero.<\/p>\n<p>Fuente: Secretaria de Estado de Ambiente y Desarrollo Sostenible de Neuqu\u00e9n<\/p>\n","protected":false},"excerpt":{"rendered":"<p>NEUQU\u00c9N.-El titular de la Secretar\u00eda de Estado de Ambiente y Desarrollo Sostenible, Ricardo Esquivel, reafirm\u00f3 que \u00abel proyecto exploratorio minero [&hellip;]<\/p>\n","protected":false},"author":2,"featured_media":4695,"comment_status":"closed","ping_status":"closed","sticky":false,"template":"","format":"standard","meta":{"site-sidebar-layout":"default","site-content-layout":"","ast-site-content-layout":"default","site-content-style":"default","site-sidebar-style":"default","ast-global-header-display":"","ast-banner-title-visibility":"","ast-main-header-display":"","ast-hfb-above-header-display":"","ast-hfb-below-header-display":"","ast-hfb-mobile-header-display":"","site-post-title":"","ast-breadcrumbs-content":"","ast-featured-img":"","footer-sml-layout":"","ast-disable-related-posts":"","theme-transparent-header-meta":"","adv-header-id-meta":"","stick-header-meta":"","header-above-stick-meta":"","header-main-stick-meta":"","header-below-stick-meta":"","astra-migrate-meta-layouts":"default","ast-page-background-enabled":"default","ast-page-background-meta":{"desktop":{"background-color":"var(--ast-global-color-5)","background-image":"","background-repeat":"repeat","background-position":"center center","background-size":"auto","background-attachment":"scroll","background-type":"","background-media":"","overlay-type":"","overlay-color":"","overlay-opacity":"","overlay-gradient":""},"tablet":{"background-color":"","background-image":"","background-repeat":"repeat","background-position":"center center","background-size":"auto","background-attachment":"scroll","background-type":"","background-media":"","overlay-type":"","overlay-color":"","overlay-opacity":"","overlay-gradient":""},"mobile":{"background-color":"","background-image":"","background-repeat":"repeat","background-position":"center center","background-size":"auto","background-attachment":"scroll","background-type":"","background-media":"","overlay-type":"","overlay-color":"","overlay-opacity":"","overlay-gradient":""}},"ast-content-background-meta":{"desktop":{"background-color":"var(--ast-global-color-4)","background-image":"","background-repeat":"repeat","background-position":"center center","background-size":"auto","background-attachment":"scroll","background-type":"","background-media":"","overlay-type":"","overlay-color":"","overlay-opacity":"","overlay-gradient":""},"tablet":{"background-color":"var(--ast-global-color-4)","background-image":"","background-repeat":"repeat","background-position":"center center","background-size":"auto","background-attachment":"scroll","background-type":"","background-media":"","overlay-type":"","overlay-color":"","overlay-opacity":"","overlay-gradient":""},"mobile":{"background-color":"var(--ast-global-color-4)","background-image":"","background-repeat":"repeat","background-position":"center center","background-size":"auto","background-attachment":"scroll","background-type":"","background-media":"","overlay-type":"","overlay-color":"","overlay-opacity":"","overlay-gradient":""}},"footnotes":""},"categories":[18,1,13],"tags":[],"class_list":["post-14429","post","type-post","status-publish","format-standard","has-post-thumbnail","hentry","category-neuquen","category-noticias","category-provinciales"],"yoast_head":"<!-- This site is optimized with the Yoast SEO Premium plugin v23.0 (Yoast SEO v27.5) - https:\/\/yoast.com\/product\/yoast-seo-premium-wordpress\/ -->\n<title>ESQUIVEL: EL PROYECTO DE EXPLORACI\u00d3N MINERA EN LAS COLORADAS &quot;NO AVANZAR\u00c1 HASTA QUE SE LOGRE ACEPTACION Y CONSENSO SOCIAL&quot;<\/title>\n<meta name=\"robots\" content=\"index, follow, max-snippet:-1, max-image-preview:large, max-video-preview:-1\" \/>\n<link rel=\"canonical\" href=\"https:\/\/patagoniambiental.com.ar\/info\/esquivel-el-proyecto-de-exploracion-minera-en-las-coloradas-no-avanzara-hasta-que-se-logre-aceptacion-y-consenso-social\/\" \/>\n<meta property=\"og:locale\" content=\"es_ES\" \/>\n<meta property=\"og:type\" content=\"article\" \/>\n<meta property=\"og:title\" content=\"ESQUIVEL: EL PROYECTO DE EXPLORACI\u00d3N MINERA EN LAS COLORADAS &quot;NO AVANZAR\u00c1 HASTA QUE SE LOGRE ACEPTACION Y CONSENSO SOCIAL&quot;\" \/>\n<meta property=\"og:description\" content=\"NEUQU\u00c9N.-El titular de la Secretar\u00eda de Estado de Ambiente y Desarrollo Sostenible, Ricardo Esquivel, reafirm\u00f3 que \u00abel proyecto exploratorio minero [&hellip;]\" \/>\n<meta property=\"og:url\" content=\"https:\/\/patagoniambiental.com.ar\/info\/esquivel-el-proyecto-de-exploracion-minera-en-las-coloradas-no-avanzara-hasta-que-se-logre-aceptacion-y-consenso-social\/\" \/>\n<meta property=\"og:site_name\" content=\"Patagonia Ambiental\" \/>\n<meta property=\"article:publisher\" content=\"https:\/\/www.facebook.com\/patagonia.ambiental\" \/>\n<meta property=\"article:author\" content=\"https:\/\/www.facebook.com\/share\/1C1V8Gv9BX\/?mibextid=qi2Omg\" \/>\n<meta property=\"article:published_time\" content=\"2015-10-09T22:00:52+00:00\" \/>\n<meta name=\"author\" content=\"Patagonia Ambiental\" \/>\n<meta name=\"twitter:card\" content=\"summary_large_image\" \/>\n<meta name=\"twitter:creator\" content=\"@PatAmb\" \/>\n<meta name=\"twitter:site\" content=\"@PatAmb\" \/>\n<script type=\"application\/ld+json\" class=\"yoast-schema-graph\">{\"@context\":\"https:\\\/\\\/schema.org\",\"@graph\":[{\"@type\":\"Article\",\"@id\":\"https:\\\/\\\/patagoniambiental.com.ar\\\/info\\\/esquivel-el-proyecto-de-exploracion-minera-en-las-coloradas-no-avanzara-hasta-que-se-logre-aceptacion-y-consenso-social\\\/#article\",\"isPartOf\":{\"@id\":\"https:\\\/\\\/patagoniambiental.com.ar\\\/info\\\/esquivel-el-proyecto-de-exploracion-minera-en-las-coloradas-no-avanzara-hasta-que-se-logre-aceptacion-y-consenso-social\\\/\"},\"author\":{\"name\":\"Patagonia Ambiental\",\"@id\":\"https:\\\/\\\/patagoniambiental.com.ar\\\/info\\\/#\\\/schema\\\/person\\\/db12bff64bbcbf6a253710bf0ea37b5d\"},\"headline\":\"ESQUIVEL: EL PROYECTO DE EXPLORACI\u00d3N MINERA EN LAS COLORADAS \u00abNO AVANZAR\u00c1 HASTA QUE SE LOGRE ACEPTACION Y CONSENSO SOCIAL\u00bb\",\"datePublished\":\"2015-10-09T22:00:52+00:00\",\"mainEntityOfPage\":{\"@id\":\"https:\\\/\\\/patagoniambiental.com.ar\\\/info\\\/esquivel-el-proyecto-de-exploracion-minera-en-las-coloradas-no-avanzara-hasta-que-se-logre-aceptacion-y-consenso-social\\\/\"},\"wordCount\":1135,\"publisher\":{\"@id\":\"https:\\\/\\\/patagoniambiental.com.ar\\\/info\\\/#organization\"},\"image\":{\"@id\":\"https:\\\/\\\/patagoniambiental.com.ar\\\/info\\\/esquivel-el-proyecto-de-exploracion-minera-en-las-coloradas-no-avanzara-hasta-que-se-logre-aceptacion-y-consenso-social\\\/#primaryimage\"},\"thumbnailUrl\":\"\",\"articleSection\":[\"Neuqu\u00e9n\",\"Noticias\",\"Provinciales\"],\"inLanguage\":\"es\"},{\"@type\":\"WebPage\",\"@id\":\"https:\\\/\\\/patagoniambiental.com.ar\\\/info\\\/esquivel-el-proyecto-de-exploracion-minera-en-las-coloradas-no-avanzara-hasta-que-se-logre-aceptacion-y-consenso-social\\\/\",\"url\":\"https:\\\/\\\/patagoniambiental.com.ar\\\/info\\\/esquivel-el-proyecto-de-exploracion-minera-en-las-coloradas-no-avanzara-hasta-que-se-logre-aceptacion-y-consenso-social\\\/\",\"name\":\"ESQUIVEL: EL PROYECTO DE EXPLORACI\u00d3N MINERA EN LAS COLORADAS \\\"NO AVANZAR\u00c1 HASTA QUE SE LOGRE ACEPTACION Y CONSENSO SOCIAL\\\"\",\"isPartOf\":{\"@id\":\"https:\\\/\\\/patagoniambiental.com.ar\\\/info\\\/#website\"},\"primaryImageOfPage\":{\"@id\":\"https:\\\/\\\/patagoniambiental.com.ar\\\/info\\\/esquivel-el-proyecto-de-exploracion-minera-en-las-coloradas-no-avanzara-hasta-que-se-logre-aceptacion-y-consenso-social\\\/#primaryimage\"},\"image\":{\"@id\":\"https:\\\/\\\/patagoniambiental.com.ar\\\/info\\\/esquivel-el-proyecto-de-exploracion-minera-en-las-coloradas-no-avanzara-hasta-que-se-logre-aceptacion-y-consenso-social\\\/#primaryimage\"},\"thumbnailUrl\":\"\",\"datePublished\":\"2015-10-09T22:00:52+00:00\",\"breadcrumb\":{\"@id\":\"https:\\\/\\\/patagoniambiental.com.ar\\\/info\\\/esquivel-el-proyecto-de-exploracion-minera-en-las-coloradas-no-avanzara-hasta-que-se-logre-aceptacion-y-consenso-social\\\/#breadcrumb\"},\"inLanguage\":\"es\",\"potentialAction\":[{\"@type\":\"ReadAction\",\"target\":[\"https:\\\/\\\/patagoniambiental.com.ar\\\/info\\\/esquivel-el-proyecto-de-exploracion-minera-en-las-coloradas-no-avanzara-hasta-que-se-logre-aceptacion-y-consenso-social\\\/\"]}]},{\"@type\":\"ImageObject\",\"inLanguage\":\"es\",\"@id\":\"https:\\\/\\\/patagoniambiental.com.ar\\\/info\\\/esquivel-el-proyecto-de-exploracion-minera-en-las-coloradas-no-avanzara-hasta-que-se-logre-aceptacion-y-consenso-social\\\/#primaryimage\",\"url\":\"\",\"contentUrl\":\"\"},{\"@type\":\"BreadcrumbList\",\"@id\":\"https:\\\/\\\/patagoniambiental.com.ar\\\/info\\\/esquivel-el-proyecto-de-exploracion-minera-en-las-coloradas-no-avanzara-hasta-que-se-logre-aceptacion-y-consenso-social\\\/#breadcrumb\",\"itemListElement\":[{\"@type\":\"ListItem\",\"position\":1,\"name\":\"Inicio\",\"item\":\"https:\\\/\\\/patagoniambiental.com.ar\\\/info\\\/\"},{\"@type\":\"ListItem\",\"position\":2,\"name\":\"ESQUIVEL: EL PROYECTO DE EXPLORACI\u00d3N MINERA EN LAS COLORADAS \u00abNO AVANZAR\u00c1 HASTA QUE SE LOGRE ACEPTACION Y CONSENSO SOCIAL\u00bb\"}]},{\"@type\":\"WebSite\",\"@id\":\"https:\\\/\\\/patagoniambiental.com.ar\\\/info\\\/#website\",\"url\":\"https:\\\/\\\/patagoniambiental.com.ar\\\/info\\\/\",\"name\":\"Patagonia Ambiental\",\"description\":\"Monitoreo y an\u00e1lisis de la situaci\u00f3n geopol\u00edtica en el mundo y su implicancia en la Patagonia\",\"publisher\":{\"@id\":\"https:\\\/\\\/patagoniambiental.com.ar\\\/info\\\/#organization\"},\"potentialAction\":[{\"@type\":\"SearchAction\",\"target\":{\"@type\":\"EntryPoint\",\"urlTemplate\":\"https:\\\/\\\/patagoniambiental.com.ar\\\/info\\\/?s={search_term_string}\"},\"query-input\":{\"@type\":\"PropertyValueSpecification\",\"valueRequired\":true,\"valueName\":\"search_term_string\"}}],\"inLanguage\":\"es\"},{\"@type\":\"Organization\",\"@id\":\"https:\\\/\\\/patagoniambiental.com.ar\\\/info\\\/#organization\",\"name\":\"Patagonia Ambiental\",\"url\":\"https:\\\/\\\/patagoniambiental.com.ar\\\/info\\\/\",\"logo\":{\"@type\":\"ImageObject\",\"inLanguage\":\"es\",\"@id\":\"https:\\\/\\\/patagoniambiental.com.ar\\\/info\\\/#\\\/schema\\\/logo\\\/image\\\/\",\"url\":\"https:\\\/\\\/patagoniambiental.com.ar\\\/info\\\/wp-content\\\/uploads\\\/2025\\\/05\\\/LOGO-PATAGONIA-AMBIENTAL.png\",\"contentUrl\":\"https:\\\/\\\/patagoniambiental.com.ar\\\/info\\\/wp-content\\\/uploads\\\/2025\\\/05\\\/LOGO-PATAGONIA-AMBIENTAL.png\",\"width\":433,\"height\":250,\"caption\":\"Patagonia Ambiental\"},\"image\":{\"@id\":\"https:\\\/\\\/patagoniambiental.com.ar\\\/info\\\/#\\\/schema\\\/logo\\\/image\\\/\"},\"sameAs\":[\"https:\\\/\\\/www.facebook.com\\\/patagonia.ambiental\",\"https:\\\/\\\/x.com\\\/PatAmb\"]},{\"@type\":\"Person\",\"@id\":\"https:\\\/\\\/patagoniambiental.com.ar\\\/info\\\/#\\\/schema\\\/person\\\/db12bff64bbcbf6a253710bf0ea37b5d\",\"name\":\"Patagonia Ambiental\",\"description\":\"Andr\u00e9s Nievas T\u00e9cnico en manejo ambiental, consultor Ambiental y escritor para medios locales e internacionales sobre temas de geopolitica y medio ambiente.\",\"sameAs\":[\"http:\\\/\\\/www.patagoniambiental.com.ar\",\"https:\\\/\\\/www.facebook.com\\\/share\\\/1C1V8Gv9BX\\\/?mibextid=qi2Omg\",\"@patagoniambiental\",\"https:\\\/\\\/youtube.com\\\/@patagoniaambiental2023?si=BLt58t0wuXquxlYZ\"]}]}<\/script>\n<!-- \/ Yoast SEO Premium plugin. -->","yoast_head_json":{"title":"ESQUIVEL: EL PROYECTO DE EXPLORACI\u00d3N MINERA EN LAS COLORADAS \"NO AVANZAR\u00c1 HASTA QUE SE LOGRE ACEPTACION Y CONSENSO SOCIAL\"","robots":{"index":"index","follow":"follow","max-snippet":"max-snippet:-1","max-image-preview":"max-image-preview:large","max-video-preview":"max-video-preview:-1"},"canonical":"https:\/\/patagoniambiental.com.ar\/info\/esquivel-el-proyecto-de-exploracion-minera-en-las-coloradas-no-avanzara-hasta-que-se-logre-aceptacion-y-consenso-social\/","og_locale":"es_ES","og_type":"article","og_title":"ESQUIVEL: EL PROYECTO DE EXPLORACI\u00d3N MINERA EN LAS COLORADAS \"NO AVANZAR\u00c1 HASTA QUE SE LOGRE ACEPTACION Y CONSENSO SOCIAL\"","og_description":"NEUQU\u00c9N.-El titular de la Secretar\u00eda de Estado de Ambiente y Desarrollo Sostenible, Ricardo Esquivel, reafirm\u00f3 que \u00abel proyecto exploratorio minero [&hellip;]","og_url":"https:\/\/patagoniambiental.com.ar\/info\/esquivel-el-proyecto-de-exploracion-minera-en-las-coloradas-no-avanzara-hasta-que-se-logre-aceptacion-y-consenso-social\/","og_site_name":"Patagonia Ambiental","article_publisher":"https:\/\/www.facebook.com\/patagonia.ambiental","article_author":"https:\/\/www.facebook.com\/share\/1C1V8Gv9BX\/?mibextid=qi2Omg","article_published_time":"2015-10-09T22:00:52+00:00","author":"Patagonia Ambiental","twitter_card":"summary_large_image","twitter_creator":"@PatAmb","twitter_site":"@PatAmb","schema":{"@context":"https:\/\/schema.org","@graph":[{"@type":"Article","@id":"https:\/\/patagoniambiental.com.ar\/info\/esquivel-el-proyecto-de-exploracion-minera-en-las-coloradas-no-avanzara-hasta-que-se-logre-aceptacion-y-consenso-social\/#article","isPartOf":{"@id":"https:\/\/patagoniambiental.com.ar\/info\/esquivel-el-proyecto-de-exploracion-minera-en-las-coloradas-no-avanzara-hasta-que-se-logre-aceptacion-y-consenso-social\/"},"author":{"name":"Patagonia Ambiental","@id":"https:\/\/patagoniambiental.com.ar\/info\/#\/schema\/person\/db12bff64bbcbf6a253710bf0ea37b5d"},"headline":"ESQUIVEL: EL PROYECTO DE EXPLORACI\u00d3N MINERA EN LAS COLORADAS \u00abNO AVANZAR\u00c1 HASTA QUE SE LOGRE ACEPTACION Y CONSENSO SOCIAL\u00bb","datePublished":"2015-10-09T22:00:52+00:00","mainEntityOfPage":{"@id":"https:\/\/patagoniambiental.com.ar\/info\/esquivel-el-proyecto-de-exploracion-minera-en-las-coloradas-no-avanzara-hasta-que-se-logre-aceptacion-y-consenso-social\/"},"wordCount":1135,"publisher":{"@id":"https:\/\/patagoniambiental.com.ar\/info\/#organization"},"image":{"@id":"https:\/\/patagoniambiental.com.ar\/info\/esquivel-el-proyecto-de-exploracion-minera-en-las-coloradas-no-avanzara-hasta-que-se-logre-aceptacion-y-consenso-social\/#primaryimage"},"thumbnailUrl":"","articleSection":["Neuqu\u00e9n","Noticias","Provinciales"],"inLanguage":"es"},{"@type":"WebPage","@id":"https:\/\/patagoniambiental.com.ar\/info\/esquivel-el-proyecto-de-exploracion-minera-en-las-coloradas-no-avanzara-hasta-que-se-logre-aceptacion-y-consenso-social\/","url":"https:\/\/patagoniambiental.com.ar\/info\/esquivel-el-proyecto-de-exploracion-minera-en-las-coloradas-no-avanzara-hasta-que-se-logre-aceptacion-y-consenso-social\/","name":"ESQUIVEL: EL PROYECTO DE EXPLORACI\u00d3N MINERA EN LAS COLORADAS \"NO AVANZAR\u00c1 HASTA QUE SE LOGRE ACEPTACION Y CONSENSO SOCIAL\"","isPartOf":{"@id":"https:\/\/patagoniambiental.com.ar\/info\/#website"},"primaryImageOfPage":{"@id":"https:\/\/patagoniambiental.com.ar\/info\/esquivel-el-proyecto-de-exploracion-minera-en-las-coloradas-no-avanzara-hasta-que-se-logre-aceptacion-y-consenso-social\/#primaryimage"},"image":{"@id":"https:\/\/patagoniambiental.com.ar\/info\/esquivel-el-proyecto-de-exploracion-minera-en-las-coloradas-no-avanzara-hasta-que-se-logre-aceptacion-y-consenso-social\/#primaryimage"},"thumbnailUrl":"","datePublished":"2015-10-09T22:00:52+00:00","breadcrumb":{"@id":"https:\/\/patagoniambiental.com.ar\/info\/esquivel-el-proyecto-de-exploracion-minera-en-las-coloradas-no-avanzara-hasta-que-se-logre-aceptacion-y-consenso-social\/#breadcrumb"},"inLanguage":"es","potentialAction":[{"@type":"ReadAction","target":["https:\/\/patagoniambiental.com.ar\/info\/esquivel-el-proyecto-de-exploracion-minera-en-las-coloradas-no-avanzara-hasta-que-se-logre-aceptacion-y-consenso-social\/"]}]},{"@type":"ImageObject","inLanguage":"es","@id":"https:\/\/patagoniambiental.com.ar\/info\/esquivel-el-proyecto-de-exploracion-minera-en-las-coloradas-no-avanzara-hasta-que-se-logre-aceptacion-y-consenso-social\/#primaryimage","url":"","contentUrl":""},{"@type":"BreadcrumbList","@id":"https:\/\/patagoniambiental.com.ar\/info\/esquivel-el-proyecto-de-exploracion-minera-en-las-coloradas-no-avanzara-hasta-que-se-logre-aceptacion-y-consenso-social\/#breadcrumb","itemListElement":[{"@type":"ListItem","position":1,"name":"Inicio","item":"https:\/\/patagoniambiental.com.ar\/info\/"},{"@type":"ListItem","position":2,"name":"ESQUIVEL: EL PROYECTO DE EXPLORACI\u00d3N MINERA EN LAS COLORADAS \u00abNO AVANZAR\u00c1 HASTA QUE SE LOGRE ACEPTACION Y CONSENSO SOCIAL\u00bb"}]},{"@type":"WebSite","@id":"https:\/\/patagoniambiental.com.ar\/info\/#website","url":"https:\/\/patagoniambiental.com.ar\/info\/","name":"Patagonia Ambiental","description":"Monitoreo y an\u00e1lisis de la situaci\u00f3n geopol\u00edtica en el mundo y su implicancia en la Patagonia","publisher":{"@id":"https:\/\/patagoniambiental.com.ar\/info\/#organization"},"potentialAction":[{"@type":"SearchAction","target":{"@type":"EntryPoint","urlTemplate":"https:\/\/patagoniambiental.com.ar\/info\/?s={search_term_string}"},"query-input":{"@type":"PropertyValueSpecification","valueRequired":true,"valueName":"search_term_string"}}],"inLanguage":"es"},{"@type":"Organization","@id":"https:\/\/patagoniambiental.com.ar\/info\/#organization","name":"Patagonia Ambiental","url":"https:\/\/patagoniambiental.com.ar\/info\/","logo":{"@type":"ImageObject","inLanguage":"es","@id":"https:\/\/patagoniambiental.com.ar\/info\/#\/schema\/logo\/image\/","url":"https:\/\/patagoniambiental.com.ar\/info\/wp-content\/uploads\/2025\/05\/LOGO-PATAGONIA-AMBIENTAL.png","contentUrl":"https:\/\/patagoniambiental.com.ar\/info\/wp-content\/uploads\/2025\/05\/LOGO-PATAGONIA-AMBIENTAL.png","width":433,"height":250,"caption":"Patagonia Ambiental"},"image":{"@id":"https:\/\/patagoniambiental.com.ar\/info\/#\/schema\/logo\/image\/"},"sameAs":["https:\/\/www.facebook.com\/patagonia.ambiental","https:\/\/x.com\/PatAmb"]},{"@type":"Person","@id":"https:\/\/patagoniambiental.com.ar\/info\/#\/schema\/person\/db12bff64bbcbf6a253710bf0ea37b5d","name":"Patagonia Ambiental","description":"Andr\u00e9s Nievas T\u00e9cnico en manejo ambiental, consultor Ambiental y escritor para medios locales e internacionales sobre temas de geopolitica y medio ambiente.","sameAs":["http:\/\/www.patagoniambiental.com.ar","https:\/\/www.facebook.com\/share\/1C1V8Gv9BX\/?mibextid=qi2Omg","@patagoniambiental","https:\/\/youtube.com\/@patagoniaambiental2023?si=BLt58t0wuXquxlYZ"]}]}},"_links":{"self":[{"href":"https:\/\/patagoniambiental.com.ar\/info\/wp-json\/wp\/v2\/posts\/14429","targetHints":{"allow":["GET"]}}],"collection":[{"href":"https:\/\/patagoniambiental.com.ar\/info\/wp-json\/wp\/v2\/posts"}],"about":[{"href":"https:\/\/patagoniambiental.com.ar\/info\/wp-json\/wp\/v2\/types\/post"}],"author":[{"embeddable":true,"href":"https:\/\/patagoniambiental.com.ar\/info\/wp-json\/wp\/v2\/users\/2"}],"replies":[{"embeddable":true,"href":"https:\/\/patagoniambiental.com.ar\/info\/wp-json\/wp\/v2\/comments?post=14429"}],"version-history":[{"count":0,"href":"https:\/\/patagoniambiental.com.ar\/info\/wp-json\/wp\/v2\/posts\/14429\/revisions"}],"wp:featuredmedia":[{"embeddable":true,"href":"https:\/\/patagoniambiental.com.ar\/info\/wp-json\/"}],"wp:attachment":[{"href":"https:\/\/patagoniambiental.com.ar\/info\/wp-json\/wp\/v2\/media?parent=14429"}],"wp:term":[{"taxonomy":"category","embeddable":true,"href":"https:\/\/patagoniambiental.com.ar\/info\/wp-json\/wp\/v2\/categories?post=14429"},{"taxonomy":"post_tag","embeddable":true,"href":"https:\/\/patagoniambiental.com.ar\/info\/wp-json\/wp\/v2\/tags?post=14429"}],"curies":[{"name":"wp","href":"https:\/\/api.w.org\/{rel}","templated":true}]}}